{"id":28769,"date":"2021-06-05T12:37:43","date_gmt":"2021-06-05T11:37:43","guid":{"rendered":"https:\/\/radioljubuski.ba\/?p=28769"},"modified":"2021-06-05T12:37:44","modified_gmt":"2021-06-05T11:37:44","slug":"uefa-smanjila-nagradi-fond-na-euru","status":"publish","type":"post","link":"https:\/\/radioljubuski.ba\/index.php\/2021\/06\/05\/uefa-smanjila-nagradi-fond-na-euru\/","title":{"rendered":"UEFA smanjila nagradi fond na EURU"},"content":{"rendered":"\n<p>Europski nogometni savez (UEFA) smanjio je nagradni fond za ovogodi\u0161nji EURO, koji po\u010dinje za \u0161est dana sa 371 na 331 milijun eura, ali i takav fond je najve\u0107i u povijesti natjecanja.<\/p>\n\n\n\n<p>Dosada\u0161nji rekord bio je 301 milijun eura koliko je podijelilo 24 sudionika EURA 2016. u Francuskoj.&nbsp;<\/p>\n\n\n\n<p>Za samo sudjelovanje na euru svaka reprezentacija zaradila je 9.25 milijuna eura, sudionici osmine finala dobit \u0107e dodatnih 1.5 milijuna umjesto prvotno predvi\u0111ena dva milijuna, \u010detvrfinale vrijedi 2.5 milijuna (ranije 3.25 milijuna), polufinale \u010detiri milijuna (ranije pet), finale pet milijuna (ranije sedam), a naslov osam milijuna (ranije 10).<\/p>\n\n\n\n<p>Tako budu\u0107i prvaci mogu najvi\u0161e zaraditi 28.25 milijuna eura.<\/p>\n\n\n\n<p>Razvoj nov\u010danih nagrada na EURU:<br>godina &nbsp;broj zemalja &nbsp;nagradni fond<br>1996 &nbsp; &nbsp; 16 &nbsp; &nbsp; &nbsp; &nbsp; &nbsp; &nbsp;57,05 milijuna eura<br>2000 &nbsp; &nbsp; 16 &nbsp; &nbsp; &nbsp; &nbsp; &nbsp; &nbsp;74,42<br>2004 &nbsp; &nbsp; 16 &nbsp; &nbsp; &nbsp; &nbsp; &nbsp; 127,80<br>2008 &nbsp; &nbsp; 16 &nbsp; &nbsp; &nbsp; &nbsp; &nbsp; 184,00<br>2012 &nbsp; &nbsp; 16 &nbsp; &nbsp; &nbsp; &nbsp; &nbsp; 196,00<br>2016 &nbsp; &nbsp; 24 &nbsp; &nbsp; &nbsp; &nbsp; &nbsp; 301,00<br>2021 &nbsp; &nbsp; 24 &nbsp; &nbsp; &nbsp; &nbsp; &nbsp; 331,00<\/p>\n\n\n\n<p>Izvor:pogled.ba<\/p>\n","protected":false},"excerpt":{"rendered":"<p>Europski nogometni savez (UEFA) smanjio je nagradni fond za ovogodi\u0161nji EURO, koji po\u010dinje za \u0161est dana sa 371 na 331 milijun eura, ali i takav fond je najve\u0107i u povijesti natjecanja. Dosada\u0161nji rekord bio je 301 milijun eura koliko je podijelilo 24 sudionika EURA 2016. u Francuskoj.&nbsp; Za samo sudjelovanje na euru svaka reprezentacija zaradila [&hellip;]<\/p>\n","protected":false},"author":2,"featured_media":28770,"comment_status":"closed","ping_status":"closed","sticky":false,"template":"","format":"standard","meta":{"h5ap_radio_sources":[],"footnotes":""},"categories":[7],"tags":[],"class_list":["post-28769","post","type-post","status-publish","format-standard","has-post-thumbnail","hentry","category-sport"],"yoast_head":"<!-- This site is optimized with the Yoast SEO plugin v27.5 - https:\/\/yoast.com\/product\/yoast-seo-wordpress\/ -->\n<title>UEFA smanjila nagradi fond na EURU - RADIO LJUBU\u0160KI<\/title>\n<meta name=\"robots\" content=\"index, follow, max-snippet:-1, max-image-preview:large, max-video-preview:-1\" \/>\n<link rel=\"canonical\" href=\"https:\/\/radioljubuski.ba\/index.php\/2021\/06\/05\/uefa-smanjila-nagradi-fond-na-euru\/\" \/>\n<meta property=\"og:locale\" content=\"hr_HR\" \/>\n<meta property=\"og:type\" content=\"article\" \/>\n<meta property=\"og:title\" content=\"UEFA smanjila nagradi fond na EURU - RADIO LJUBU\u0160KI\" \/>\n<meta property=\"og:description\" content=\"Europski nogometni savez (UEFA) smanjio je nagradni fond za ovogodi\u0161nji EURO, koji po\u010dinje za \u0161est dana sa 371 na 331 milijun eura, ali i takav fond je najve\u0107i u povijesti natjecanja. Dosada\u0161nji rekord bio je 301 milijun eura koliko je podijelilo 24 sudionika EURA 2016. u Francuskoj.&nbsp; Za samo sudjelovanje na euru svaka reprezentacija zaradila [&hellip;]\" \/>\n<meta property=\"og:url\" content=\"https:\/\/radioljubuski.ba\/index.php\/2021\/06\/05\/uefa-smanjila-nagradi-fond-na-euru\/\" \/>\n<meta property=\"og:site_name\" content=\"RADIO LJUBU\u0160KI\" \/>\n<meta property=\"article:publisher\" content=\"https:\/\/www.facebook.com\/Radiio-Ljubuski-1490835324566332\" \/>\n<meta property=\"article:published_time\" content=\"2021-06-05T11:37:43+00:00\" \/>\n<meta property=\"article:modified_time\" content=\"2021-06-05T11:37:44+00:00\" \/>\n<meta property=\"og:image\" content=\"https:\/\/radioljubuski.ba\/wp-content\/uploads\/2021\/06\/9-2021-04-19-15-16-18-uefas.jpeg\" \/>\n\t<meta property=\"og:image:width\" content=\"1000\" \/>\n\t<meta property=\"og:image:height\" content=\"625\" \/>\n\t<meta property=\"og:image:type\" content=\"image\/jpeg\" \/>\n<meta name=\"author\" content=\"Radio Ljubu\u0161ki\" \/>\n<meta name=\"twitter:card\" content=\"summary_large_image\" \/>\n<meta name=\"twitter:creator\" content=\"@radioljubuski\" \/>\n<meta name=\"twitter:site\" content=\"@radioljubuski\" \/>\n<meta name=\"twitter:label1\" content=\"Napisao\/la\" \/>\n\t<meta name=\"twitter:data1\" content=\"Radio Ljubu\u0161ki\" \/>\n\t<meta name=\"twitter:label2\" content=\"Procijenjeno vrijeme \u010ditanja\" \/>\n\t<meta name=\"twitter:data2\" content=\"1 minuta\" \/>\n<script type=\"application\/ld+json\" class=\"yoast-schema-graph\">{\"@context\":\"https:\\\/\\\/schema.org\",\"@graph\":[{\"@type\":\"Article\",\"@id\":\"https:\\\/\\\/radioljubuski.ba\\\/index.php\\\/2021\\\/06\\\/05\\\/uefa-smanjila-nagradi-fond-na-euru\\\/#article\",\"isPartOf\":{\"@id\":\"https:\\\/\\\/radioljubuski.ba\\\/index.php\\\/2021\\\/06\\\/05\\\/uefa-smanjila-nagradi-fond-na-euru\\\/\"},\"author\":{\"name\":\"Radio Ljubu\u0161ki\",\"@id\":\"https:\\\/\\\/radioljubuski.ba\\\/#\\\/schema\\\/person\\\/19fc700381a780f69665d7956c469e3b\"},\"headline\":\"UEFA smanjila nagradi fond na EURU\",\"datePublished\":\"2021-06-05T11:37:43+00:00\",\"dateModified\":\"2021-06-05T11:37:44+00:00\",\"mainEntityOfPage\":{\"@id\":\"https:\\\/\\\/radioljubuski.ba\\\/index.php\\\/2021\\\/06\\\/05\\\/uefa-smanjila-nagradi-fond-na-euru\\\/\"},\"wordCount\":176,\"publisher\":{\"@id\":\"https:\\\/\\\/radioljubuski.ba\\\/#organization\"},\"image\":{\"@id\":\"https:\\\/\\\/radioljubuski.ba\\\/index.php\\\/2021\\\/06\\\/05\\\/uefa-smanjila-nagradi-fond-na-euru\\\/#primaryimage\"},\"thumbnailUrl\":\"https:\\\/\\\/radioljubuski.ba\\\/wp-content\\\/uploads\\\/2021\\\/06\\\/9-2021-04-19-15-16-18-uefas.jpeg\",\"articleSection\":[\"\u0160port\"],\"inLanguage\":\"hr\"},{\"@type\":\"WebPage\",\"@id\":\"https:\\\/\\\/radioljubuski.ba\\\/index.php\\\/2021\\\/06\\\/05\\\/uefa-smanjila-nagradi-fond-na-euru\\\/\",\"url\":\"https:\\\/\\\/radioljubuski.ba\\\/index.php\\\/2021\\\/06\\\/05\\\/uefa-smanjila-nagradi-fond-na-euru\\\/\",\"name\":\"UEFA smanjila nagradi fond na EURU - RADIO LJUBU\u0160KI\",\"isPartOf\":{\"@id\":\"https:\\\/\\\/radioljubuski.ba\\\/#website\"},\"primaryImageOfPage\":{\"@id\":\"https:\\\/\\\/radioljubuski.ba\\\/index.php\\\/2021\\\/06\\\/05\\\/uefa-smanjila-nagradi-fond-na-euru\\\/#primaryimage\"},\"image\":{\"@id\":\"https:\\\/\\\/radioljubuski.ba\\\/index.php\\\/2021\\\/06\\\/05\\\/uefa-smanjila-nagradi-fond-na-euru\\\/#primaryimage\"},\"thumbnailUrl\":\"https:\\\/\\\/radioljubuski.ba\\\/wp-content\\\/uploads\\\/2021\\\/06\\\/9-2021-04-19-15-16-18-uefas.jpeg\",\"datePublished\":\"2021-06-05T11:37:43+00:00\",\"dateModified\":\"2021-06-05T11:37:44+00:00\",\"breadcrumb\":{\"@id\":\"https:\\\/\\\/radioljubuski.ba\\\/index.php\\\/2021\\\/06\\\/05\\\/uefa-smanjila-nagradi-fond-na-euru\\\/#breadcrumb\"},\"inLanguage\":\"hr\",\"potentialAction\":[{\"@type\":\"ReadAction\",\"target\":[\"https:\\\/\\\/radioljubuski.ba\\\/index.php\\\/2021\\\/06\\\/05\\\/uefa-smanjila-nagradi-fond-na-euru\\\/\"]}]},{\"@type\":\"ImageObject\",\"inLanguage\":\"hr\",\"@id\":\"https:\\\/\\\/radioljubuski.ba\\\/index.php\\\/2021\\\/06\\\/05\\\/uefa-smanjila-nagradi-fond-na-euru\\\/#primaryimage\",\"url\":\"https:\\\/\\\/radioljubuski.ba\\\/wp-content\\\/uploads\\\/2021\\\/06\\\/9-2021-04-19-15-16-18-uefas.jpeg\",\"contentUrl\":\"https:\\\/\\\/radioljubuski.ba\\\/wp-content\\\/uploads\\\/2021\\\/06\\\/9-2021-04-19-15-16-18-uefas.jpeg\",\"width\":1000,\"height\":625},{\"@type\":\"BreadcrumbList\",\"@id\":\"https:\\\/\\\/radioljubuski.ba\\\/index.php\\\/2021\\\/06\\\/05\\\/uefa-smanjila-nagradi-fond-na-euru\\\/#breadcrumb\",\"itemListElement\":[{\"@type\":\"ListItem\",\"position\":1,\"name\":\"Po\u010detna stranica\",\"item\":\"https:\\\/\\\/radioljubuski.ba\\\/\"},{\"@type\":\"ListItem\",\"position\":2,\"name\":\"UEFA smanjila nagradi fond na EURU\"}]},{\"@type\":\"WebSite\",\"@id\":\"https:\\\/\\\/radioljubuski.ba\\\/#website\",\"url\":\"https:\\\/\\\/radioljubuski.ba\\\/\",\"name\":\"Radio Ljubu\u0161ki\",\"description\":\"Sun\u010dana frekvencija Hercegovine\",\"publisher\":{\"@id\":\"https:\\\/\\\/radioljubuski.ba\\\/#organization\"},\"potentialAction\":[{\"@type\":\"SearchAction\",\"target\":{\"@type\":\"EntryPoint\",\"urlTemplate\":\"https:\\\/\\\/radioljubuski.ba\\\/?s={search_term_string}\"},\"query-input\":{\"@type\":\"PropertyValueSpecification\",\"valueRequired\":true,\"valueName\":\"search_term_string\"}}],\"inLanguage\":\"hr\"},{\"@type\":\"Organization\",\"@id\":\"https:\\\/\\\/radioljubuski.ba\\\/#organization\",\"name\":\"Radio Ljubu\u0161ki\",\"url\":\"https:\\\/\\\/radioljubuski.ba\\\/\",\"logo\":{\"@type\":\"ImageObject\",\"inLanguage\":\"hr\",\"@id\":\"https:\\\/\\\/radioljubuski.ba\\\/#\\\/schema\\\/logo\\\/image\\\/\",\"url\":\"https:\\\/\\\/radioljubuski.ba\\\/wp-content\\\/uploads\\\/2021\\\/02\\\/cropped-Radio_Ljubuski_logo1.jpg\",\"contentUrl\":\"https:\\\/\\\/radioljubuski.ba\\\/wp-content\\\/uploads\\\/2021\\\/02\\\/cropped-Radio_Ljubuski_logo1.jpg\",\"width\":512,\"height\":512,\"caption\":\"Radio Ljubu\u0161ki\"},\"image\":{\"@id\":\"https:\\\/\\\/radioljubuski.ba\\\/#\\\/schema\\\/logo\\\/image\\\/\"},\"sameAs\":[\"https:\\\/\\\/www.facebook.com\\\/Radiio-Ljubuski-1490835324566332\",\"https:\\\/\\\/x.com\\\/radioljubuski\",\"https:\\\/\\\/hr.linkedin.com\\\/company\\\/radio-ljubuski\",\"https:\\\/\\\/www.youtube.com\\\/channel\\\/UCHYaeO_n0Db3tjNGudGpXyw\"]},{\"@type\":\"Person\",\"@id\":\"https:\\\/\\\/radioljubuski.ba\\\/#\\\/schema\\\/person\\\/19fc700381a780f69665d7956c469e3b\",\"name\":\"Radio Ljubu\u0161ki\"}]}<\/script>\n<!-- \/ Yoast SEO plugin. -->","yoast_head_json":{"title":"UEFA smanjila nagradi fond na EURU - RADIO LJUBU\u0160KI","robots":{"index":"index","follow":"follow","max-snippet":"max-snippet:-1","max-image-preview":"max-image-preview:large","max-video-preview":"max-video-preview:-1"},"canonical":"https:\/\/radioljubuski.ba\/index.php\/2021\/06\/05\/uefa-smanjila-nagradi-fond-na-euru\/","og_locale":"hr_HR","og_type":"article","og_title":"UEFA smanjila nagradi fond na EURU - RADIO LJUBU\u0160KI","og_description":"Europski nogometni savez (UEFA) smanjio je nagradni fond za ovogodi\u0161nji EURO, koji po\u010dinje za \u0161est dana sa 371 na 331 milijun eura, ali i takav fond je najve\u0107i u povijesti natjecanja. Dosada\u0161nji rekord bio je 301 milijun eura koliko je podijelilo 24 sudionika EURA 2016. u Francuskoj.&nbsp; Za samo sudjelovanje na euru svaka reprezentacija zaradila [&hellip;]","og_url":"https:\/\/radioljubuski.ba\/index.php\/2021\/06\/05\/uefa-smanjila-nagradi-fond-na-euru\/","og_site_name":"RADIO LJUBU\u0160KI","article_publisher":"https:\/\/www.facebook.com\/Radiio-Ljubuski-1490835324566332","article_published_time":"2021-06-05T11:37:43+00:00","article_modified_time":"2021-06-05T11:37:44+00:00","og_image":[{"width":1000,"height":625,"url":"https:\/\/radioljubuski.ba\/wp-content\/uploads\/2021\/06\/9-2021-04-19-15-16-18-uefas.jpeg","type":"image\/jpeg"}],"author":"Radio Ljubu\u0161ki","twitter_card":"summary_large_image","twitter_creator":"@radioljubuski","twitter_site":"@radioljubuski","twitter_misc":{"Napisao\/la":"Radio Ljubu\u0161ki","Procijenjeno vrijeme \u010ditanja":"1 minuta"},"schema":{"@context":"https:\/\/schema.org","@graph":[{"@type":"Article","@id":"https:\/\/radioljubuski.ba\/index.php\/2021\/06\/05\/uefa-smanjila-nagradi-fond-na-euru\/#article","isPartOf":{"@id":"https:\/\/radioljubuski.ba\/index.php\/2021\/06\/05\/uefa-smanjila-nagradi-fond-na-euru\/"},"author":{"name":"Radio Ljubu\u0161ki","@id":"https:\/\/radioljubuski.ba\/#\/schema\/person\/19fc700381a780f69665d7956c469e3b"},"headline":"UEFA smanjila nagradi fond na EURU","datePublished":"2021-06-05T11:37:43+00:00","dateModified":"2021-06-05T11:37:44+00:00","mainEntityOfPage":{"@id":"https:\/\/radioljubuski.ba\/index.php\/2021\/06\/05\/uefa-smanjila-nagradi-fond-na-euru\/"},"wordCount":176,"publisher":{"@id":"https:\/\/radioljubuski.ba\/#organization"},"image":{"@id":"https:\/\/radioljubuski.ba\/index.php\/2021\/06\/05\/uefa-smanjila-nagradi-fond-na-euru\/#primaryimage"},"thumbnailUrl":"https:\/\/radioljubuski.ba\/wp-content\/uploads\/2021\/06\/9-2021-04-19-15-16-18-uefas.jpeg","articleSection":["\u0160port"],"inLanguage":"hr"},{"@type":"WebPage","@id":"https:\/\/radioljubuski.ba\/index.php\/2021\/06\/05\/uefa-smanjila-nagradi-fond-na-euru\/","url":"https:\/\/radioljubuski.ba\/index.php\/2021\/06\/05\/uefa-smanjila-nagradi-fond-na-euru\/","name":"UEFA smanjila nagradi fond na EURU - RADIO LJUBU\u0160KI","isPartOf":{"@id":"https:\/\/radioljubuski.ba\/#website"},"primaryImageOfPage":{"@id":"https:\/\/radioljubuski.ba\/index.php\/2021\/06\/05\/uefa-smanjila-nagradi-fond-na-euru\/#primaryimage"},"image":{"@id":"https:\/\/radioljubuski.ba\/index.php\/2021\/06\/05\/uefa-smanjila-nagradi-fond-na-euru\/#primaryimage"},"thumbnailUrl":"https:\/\/radioljubuski.ba\/wp-content\/uploads\/2021\/06\/9-2021-04-19-15-16-18-uefas.jpeg","datePublished":"2021-06-05T11:37:43+00:00","dateModified":"2021-06-05T11:37:44+00:00","breadcrumb":{"@id":"https:\/\/radioljubuski.ba\/index.php\/2021\/06\/05\/uefa-smanjila-nagradi-fond-na-euru\/#breadcrumb"},"inLanguage":"hr","potentialAction":[{"@type":"ReadAction","target":["https:\/\/radioljubuski.ba\/index.php\/2021\/06\/05\/uefa-smanjila-nagradi-fond-na-euru\/"]}]},{"@type":"ImageObject","inLanguage":"hr","@id":"https:\/\/radioljubuski.ba\/index.php\/2021\/06\/05\/uefa-smanjila-nagradi-fond-na-euru\/#primaryimage","url":"https:\/\/radioljubuski.ba\/wp-content\/uploads\/2021\/06\/9-2021-04-19-15-16-18-uefas.jpeg","contentUrl":"https:\/\/radioljubuski.ba\/wp-content\/uploads\/2021\/06\/9-2021-04-19-15-16-18-uefas.jpeg","width":1000,"height":625},{"@type":"BreadcrumbList","@id":"https:\/\/radioljubuski.ba\/index.php\/2021\/06\/05\/uefa-smanjila-nagradi-fond-na-euru\/#breadcrumb","itemListElement":[{"@type":"ListItem","position":1,"name":"Po\u010detna stranica","item":"https:\/\/radioljubuski.ba\/"},{"@type":"ListItem","position":2,"name":"UEFA smanjila nagradi fond na EURU"}]},{"@type":"WebSite","@id":"https:\/\/radioljubuski.ba\/#website","url":"https:\/\/radioljubuski.ba\/","name":"Radio Ljubu\u0161ki","description":"Sun\u010dana frekvencija Hercegovine","publisher":{"@id":"https:\/\/radioljubuski.ba\/#organization"},"potentialAction":[{"@type":"SearchAction","target":{"@type":"EntryPoint","urlTemplate":"https:\/\/radioljubuski.ba\/?s={search_term_string}"},"query-input":{"@type":"PropertyValueSpecification","valueRequired":true,"valueName":"search_term_string"}}],"inLanguage":"hr"},{"@type":"Organization","@id":"https:\/\/radioljubuski.ba\/#organization","name":"Radio Ljubu\u0161ki","url":"https:\/\/radioljubuski.ba\/","logo":{"@type":"ImageObject","inLanguage":"hr","@id":"https:\/\/radioljubuski.ba\/#\/schema\/logo\/image\/","url":"https:\/\/radioljubuski.ba\/wp-content\/uploads\/2021\/02\/cropped-Radio_Ljubuski_logo1.jpg","contentUrl":"https:\/\/radioljubuski.ba\/wp-content\/uploads\/2021\/02\/cropped-Radio_Ljubuski_logo1.jpg","width":512,"height":512,"caption":"Radio Ljubu\u0161ki"},"image":{"@id":"https:\/\/radioljubuski.ba\/#\/schema\/logo\/image\/"},"sameAs":["https:\/\/www.facebook.com\/Radiio-Ljubuski-1490835324566332","https:\/\/x.com\/radioljubuski","https:\/\/hr.linkedin.com\/company\/radio-ljubuski","https:\/\/www.youtube.com\/channel\/UCHYaeO_n0Db3tjNGudGpXyw"]},{"@type":"Person","@id":"https:\/\/radioljubuski.ba\/#\/schema\/person\/19fc700381a780f69665d7956c469e3b","name":"Radio Ljubu\u0161ki"}]}},"_links":{"self":[{"href":"https:\/\/radioljubuski.ba\/index.php\/wp-json\/wp\/v2\/posts\/28769","targetHints":{"allow":["GET"]}}],"collection":[{"href":"https:\/\/radioljubuski.ba\/index.php\/wp-json\/wp\/v2\/posts"}],"about":[{"href":"https:\/\/radioljubuski.ba\/index.php\/wp-json\/wp\/v2\/types\/post"}],"author":[{"embeddable":true,"href":"https:\/\/radioljubuski.ba\/index.php\/wp-json\/wp\/v2\/users\/2"}],"replies":[{"embeddable":true,"href":"https:\/\/radioljubuski.ba\/index.php\/wp-json\/wp\/v2\/comments?post=28769"}],"version-history":[{"count":1,"href":"https:\/\/radioljubuski.ba\/index.php\/wp-json\/wp\/v2\/posts\/28769\/revisions"}],"predecessor-version":[{"id":28771,"href":"https:\/\/radioljubuski.ba\/index.php\/wp-json\/wp\/v2\/posts\/28769\/revisions\/28771"}],"wp:featuredmedia":[{"embeddable":true,"href":"https:\/\/radioljubuski.ba\/index.php\/wp-json\/wp\/v2\/media\/28770"}],"wp:attachment":[{"href":"https:\/\/radioljubuski.ba\/index.php\/wp-json\/wp\/v2\/media?parent=28769"}],"wp:term":[{"taxonomy":"category","embeddable":true,"href":"https:\/\/radioljubuski.ba\/index.php\/wp-json\/wp\/v2\/categories?post=28769"},{"taxonomy":"post_tag","embeddable":true,"href":"https:\/\/radioljubuski.ba\/index.php\/wp-json\/wp\/v2\/tags?post=28769"}],"curies":[{"name":"wp","href":"https:\/\/api.w.org\/{rel}","templated":true}]}}