{"id":28790,"date":"2021-06-05T12:50:48","date_gmt":"2021-06-05T11:50:48","guid":{"rendered":"https:\/\/radioljubuski.ba\/?p=28790"},"modified":"2021-06-05T12:50:50","modified_gmt":"2021-06-05T11:50:50","slug":"protivnik-hrvatske-na-euru-uvjerljivo-porazen-od-italije","status":"publish","type":"post","link":"https:\/\/radioljubuski.ba\/index.php\/2021\/06\/05\/protivnik-hrvatske-na-euru-uvjerljivo-porazen-od-italije\/","title":{"rendered":"Protivnik Hrvatske na Euru uvjerljivo pora\u017een od Italije"},"content":{"rendered":"\n<p>Suparnik hrvatske nogometne reprezentacije u skupini D na skora\u0161njem EURU \u010ce\u0161ka u petak je u pripremnoj prijateljskoj utakmici pretrpjela te\u017eak 0-4 (0-2) poraz na gostovanju od Italije u Bologni.<\/p>\n\n\n\n<blockquote class=\"twitter-tweet\"><p lang=\"en\" dir=\"ltr\"><a href=\"https:\/\/twitter.com\/hashtag\/Azzurri?src=hash&amp;ref_src=twsrc%5Etfw\">#Azzurri<\/a> \ud83c\uddee\ud83c\uddf9<br><br>\u23f1\ufe0f FT &#8211; Test: passed with flying colours \u2705<a href=\"https:\/\/twitter.com\/hashtag\/ITACZE?src=hash&amp;ref_src=twsrc%5Etfw\">#ITACZE<\/a> 4\ufe0f\u20e3-0\ufe0f\u20e3<a href=\"https:\/\/twitter.com\/hashtag\/VivoAzzurro?src=hash&amp;ref_src=twsrc%5Etfw\">#VivoAzzurro<\/a> <a href=\"https:\/\/t.co\/ufT6rjpTu5\">pic.twitter.com\/ufT6rjpTu5<\/a><\/p>&mdash; Italy \u2b50\ufe0f\u2b50\ufe0f\u2b50\ufe0f\u2b50\ufe0f (@azzurri) <a href=\"https:\/\/twitter.com\/azzurri\/status\/1400914520604872709?ref_src=twsrc%5Etfw\">June 4, 2021<\/a><\/blockquote> <script async src=\"https:\/\/platform.twitter.com\/widgets.js\" charset=\"utf-8\"><\/script> \n\n\n\n<p>Sjajno je raspolo\u017een bio talijanski napada\u010dki dvojac Immobile-Insigne, svaki je postigao po pogodak uz po jo\u0161 jednu asistenciju. Immobile je doveo Italiju u vodstvo u 23.minuti nakon \u0161to je njegov udarac pogodio u blok \u010de\u0161kog brani\u010da \u010celustke, promijenio smjer i prevario Pavlenku, na 2-0 povisio je Barella u 42. minuti, a i njegov udarac s 20-ak metara pogodio je \u010de\u0161kog brani\u010da Borila te promijenio smjer.<br><br>U nastavku je Italija postigla jo\u0161 dva gola, oba nakon sjajnih proigravanja, prvo je Immobile u 66. minuti odli\u010dno proigrao Insignea koji je rutinski svladao Pavlenku, da bi u 73. minuti Insigne vrhunskom loptom prona\u0161ao Berardija koji je &#8220;la\u017enjakom&#8221; poslao \u010de\u0161kog vratara na travu te zatim pogodio mre\u017eu.<br><br>Hrvatska i \u010ce\u0161ka igrat \u0107e u 2. kolu skupine D 18. lipnja u Glasgowu, prethodno \u0107e Hrvatska 13. lipnja igrati protiv Engleske u Londonu, a \u010ce\u0161ka 14. lipnja protiv \u0160kotske u Glasgowu. U posljednjem kolu, 22. lipnja Hrvatska \u0107e igrati u Glasgowu sa \u0160kotskom, a \u010ce\u0161ka u Londonu s Engleskom.<br><br>\u010ce\u0161koj do po\u010detka EURA ostaje za odigrati jo\u0161 jedan dvoboj, u utorak protiv Albanije u Pragu.<br><br>Italiji je, pak, ovo bila posljednja provjera pred EURO. &#8220;Azzurri&#8221; \u0107e sve svoje tri utakmice u skupini A igrati u Rimu, na otvaranju 11. lipnja protiv Turske, zatim 16. lipnja protiv \u0160vicarske te 20. lipnja protiv Walesa.<br><br>Suparnik Hrvatske u kvalifikacijama za Svjetsko prvenstvo 2022. u Kataru Slovenija u petak je kao doma\u0107in u Koperu svladala Gibraltar sa 6-0 (4-0). Dvostruki strijelci bili su \u0160porar (11, 34) i Ili\u010di\u0107 (17, 57), a po jedan gol su dodali Mlakar (38) i Stankovi\u0107 (61).<\/p>\n\n\n\n<p>Izvor:hrt.hr<\/p>\n","protected":false},"excerpt":{"rendered":"<p>Suparnik hrvatske nogometne reprezentacije u skupini D na skora\u0161njem EURU \u010ce\u0161ka u petak je u pripremnoj prijateljskoj utakmici pretrpjela te\u017eak 0-4 (0-2) poraz na gostovanju od Italije u Bologni. #Azzurri \ud83c\uddee\ud83c\uddf9 \u23f1\ufe0f FT &#8211; Test: passed with flying colours \u2705#ITACZE 4\ufe0f\u20e3-0\ufe0f\u20e3#VivoAzzurro pic.twitter.com\/ufT6rjpTu5 &mdash; Italy \u2b50\ufe0f\u2b50\ufe0f\u2b50\ufe0f\u2b50\ufe0f (@azzurri) June 4, 2021 Sjajno je raspolo\u017een bio talijanski napada\u010dki [&hellip;]<\/p>\n","protected":false},"author":2,"featured_media":28791,"comment_status":"closed","ping_status":"closed","sticky":false,"template":"","format":"standard","meta":{"h5ap_radio_sources":[],"footnotes":""},"categories":[7],"tags":[],"class_list":["post-28790","post","type-post","status-publish","format-standard","has-post-thumbnail","hentry","category-sport"],"yoast_head":"<!-- This site is optimized with the Yoast SEO plugin v27.5 - https:\/\/yoast.com\/product\/yoast-seo-wordpress\/ -->\n<title>Protivnik Hrvatske na Euru uvjerljivo pora\u017een od Italije - RADIO LJUBU\u0160KI<\/title>\n<meta name=\"robots\" content=\"index, follow, max-snippet:-1, max-image-preview:large, max-video-preview:-1\" \/>\n<link rel=\"canonical\" href=\"https:\/\/radioljubuski.ba\/index.php\/2021\/06\/05\/protivnik-hrvatske-na-euru-uvjerljivo-porazen-od-italije\/\" \/>\n<meta property=\"og:locale\" content=\"hr_HR\" \/>\n<meta property=\"og:type\" content=\"article\" \/>\n<meta property=\"og:title\" content=\"Protivnik Hrvatske na Euru uvjerljivo pora\u017een od Italije - RADIO LJUBU\u0160KI\" \/>\n<meta property=\"og:description\" content=\"Suparnik hrvatske nogometne reprezentacije u skupini D na skora\u0161njem EURU \u010ce\u0161ka u petak je u pripremnoj prijateljskoj utakmici pretrpjela te\u017eak 0-4 (0-2) poraz na gostovanju od Italije u Bologni. #Azzurri \ud83c\uddee\ud83c\uddf9 \u23f1\ufe0f FT &#8211; Test: passed with flying colours \u2705#ITACZE 4\ufe0f\u20e3-0\ufe0f\u20e3#VivoAzzurro pic.twitter.com\/ufT6rjpTu5 &mdash; Italy \u2b50\ufe0f\u2b50\ufe0f\u2b50\ufe0f\u2b50\ufe0f (@azzurri) June 4, 2021 Sjajno je raspolo\u017een bio talijanski napada\u010dki [&hellip;]\" \/>\n<meta property=\"og:url\" content=\"https:\/\/radioljubuski.ba\/index.php\/2021\/06\/05\/protivnik-hrvatske-na-euru-uvjerljivo-porazen-od-italije\/\" \/>\n<meta property=\"og:site_name\" content=\"RADIO LJUBU\u0160KI\" \/>\n<meta property=\"article:publisher\" content=\"https:\/\/www.facebook.com\/Radiio-Ljubuski-1490835324566332\" \/>\n<meta property=\"article:published_time\" content=\"2021-06-05T11:50:48+00:00\" \/>\n<meta property=\"article:modified_time\" content=\"2021-06-05T11:50:50+00:00\" \/>\n<meta property=\"og:image\" content=\"https:\/\/radioljubuski.ba\/wp-content\/uploads\/2021\/06\/1003005087-750x650-1.jpg\" \/>\n\t<meta property=\"og:image:width\" content=\"750\" \/>\n\t<meta property=\"og:image:height\" content=\"650\" \/>\n\t<meta property=\"og:image:type\" content=\"image\/jpeg\" \/>\n<meta name=\"author\" content=\"Radio Ljubu\u0161ki\" \/>\n<meta name=\"twitter:card\" content=\"summary_large_image\" \/>\n<meta name=\"twitter:creator\" content=\"@radioljubuski\" \/>\n<meta name=\"twitter:site\" content=\"@radioljubuski\" \/>\n<meta name=\"twitter:label1\" content=\"Napisao\/la\" \/>\n\t<meta name=\"twitter:data1\" content=\"Radio Ljubu\u0161ki\" \/>\n\t<meta name=\"twitter:label2\" content=\"Procijenjeno vrijeme \u010ditanja\" \/>\n\t<meta name=\"twitter:data2\" content=\"2 minute\" \/>\n<script type=\"application\/ld+json\" class=\"yoast-schema-graph\">{\"@context\":\"https:\\\/\\\/schema.org\",\"@graph\":[{\"@type\":\"Article\",\"@id\":\"https:\\\/\\\/radioljubuski.ba\\\/index.php\\\/2021\\\/06\\\/05\\\/protivnik-hrvatske-na-euru-uvjerljivo-porazen-od-italije\\\/#article\",\"isPartOf\":{\"@id\":\"https:\\\/\\\/radioljubuski.ba\\\/index.php\\\/2021\\\/06\\\/05\\\/protivnik-hrvatske-na-euru-uvjerljivo-porazen-od-italije\\\/\"},\"author\":{\"name\":\"Radio Ljubu\u0161ki\",\"@id\":\"https:\\\/\\\/radioljubuski.ba\\\/#\\\/schema\\\/person\\\/19fc700381a780f69665d7956c469e3b\"},\"headline\":\"Protivnik Hrvatske na Euru uvjerljivo pora\u017een od Italije\",\"datePublished\":\"2021-06-05T11:50:48+00:00\",\"dateModified\":\"2021-06-05T11:50:50+00:00\",\"mainEntityOfPage\":{\"@id\":\"https:\\\/\\\/radioljubuski.ba\\\/index.php\\\/2021\\\/06\\\/05\\\/protivnik-hrvatske-na-euru-uvjerljivo-porazen-od-italije\\\/\"},\"wordCount\":325,\"publisher\":{\"@id\":\"https:\\\/\\\/radioljubuski.ba\\\/#organization\"},\"image\":{\"@id\":\"https:\\\/\\\/radioljubuski.ba\\\/index.php\\\/2021\\\/06\\\/05\\\/protivnik-hrvatske-na-euru-uvjerljivo-porazen-od-italije\\\/#primaryimage\"},\"thumbnailUrl\":\"https:\\\/\\\/radioljubuski.ba\\\/wp-content\\\/uploads\\\/2021\\\/06\\\/1003005087-750x650-1.jpg\",\"articleSection\":[\"\u0160port\"],\"inLanguage\":\"hr\"},{\"@type\":\"WebPage\",\"@id\":\"https:\\\/\\\/radioljubuski.ba\\\/index.php\\\/2021\\\/06\\\/05\\\/protivnik-hrvatske-na-euru-uvjerljivo-porazen-od-italije\\\/\",\"url\":\"https:\\\/\\\/radioljubuski.ba\\\/index.php\\\/2021\\\/06\\\/05\\\/protivnik-hrvatske-na-euru-uvjerljivo-porazen-od-italije\\\/\",\"name\":\"Protivnik Hrvatske na Euru uvjerljivo pora\u017een od Italije - RADIO LJUBU\u0160KI\",\"isPartOf\":{\"@id\":\"https:\\\/\\\/radioljubuski.ba\\\/#website\"},\"primaryImageOfPage\":{\"@id\":\"https:\\\/\\\/radioljubuski.ba\\\/index.php\\\/2021\\\/06\\\/05\\\/protivnik-hrvatske-na-euru-uvjerljivo-porazen-od-italije\\\/#primaryimage\"},\"image\":{\"@id\":\"https:\\\/\\\/radioljubuski.ba\\\/index.php\\\/2021\\\/06\\\/05\\\/protivnik-hrvatske-na-euru-uvjerljivo-porazen-od-italije\\\/#primaryimage\"},\"thumbnailUrl\":\"https:\\\/\\\/radioljubuski.ba\\\/wp-content\\\/uploads\\\/2021\\\/06\\\/1003005087-750x650-1.jpg\",\"datePublished\":\"2021-06-05T11:50:48+00:00\",\"dateModified\":\"2021-06-05T11:50:50+00:00\",\"breadcrumb\":{\"@id\":\"https:\\\/\\\/radioljubuski.ba\\\/index.php\\\/2021\\\/06\\\/05\\\/protivnik-hrvatske-na-euru-uvjerljivo-porazen-od-italije\\\/#breadcrumb\"},\"inLanguage\":\"hr\",\"potentialAction\":[{\"@type\":\"ReadAction\",\"target\":[\"https:\\\/\\\/radioljubuski.ba\\\/index.php\\\/2021\\\/06\\\/05\\\/protivnik-hrvatske-na-euru-uvjerljivo-porazen-od-italije\\\/\"]}]},{\"@type\":\"ImageObject\",\"inLanguage\":\"hr\",\"@id\":\"https:\\\/\\\/radioljubuski.ba\\\/index.php\\\/2021\\\/06\\\/05\\\/protivnik-hrvatske-na-euru-uvjerljivo-porazen-od-italije\\\/#primaryimage\",\"url\":\"https:\\\/\\\/radioljubuski.ba\\\/wp-content\\\/uploads\\\/2021\\\/06\\\/1003005087-750x650-1.jpg\",\"contentUrl\":\"https:\\\/\\\/radioljubuski.ba\\\/wp-content\\\/uploads\\\/2021\\\/06\\\/1003005087-750x650-1.jpg\",\"width\":750,\"height\":650},{\"@type\":\"BreadcrumbList\",\"@id\":\"https:\\\/\\\/radioljubuski.ba\\\/index.php\\\/2021\\\/06\\\/05\\\/protivnik-hrvatske-na-euru-uvjerljivo-porazen-od-italije\\\/#breadcrumb\",\"itemListElement\":[{\"@type\":\"ListItem\",\"position\":1,\"name\":\"Po\u010detna stranica\",\"item\":\"https:\\\/\\\/radioljubuski.ba\\\/\"},{\"@type\":\"ListItem\",\"position\":2,\"name\":\"Protivnik Hrvatske na Euru uvjerljivo pora\u017een od Italije\"}]},{\"@type\":\"WebSite\",\"@id\":\"https:\\\/\\\/radioljubuski.ba\\\/#website\",\"url\":\"https:\\\/\\\/radioljubuski.ba\\\/\",\"name\":\"Radio Ljubu\u0161ki\",\"description\":\"Sun\u010dana frekvencija Hercegovine\",\"publisher\":{\"@id\":\"https:\\\/\\\/radioljubuski.ba\\\/#organization\"},\"potentialAction\":[{\"@type\":\"SearchAction\",\"target\":{\"@type\":\"EntryPoint\",\"urlTemplate\":\"https:\\\/\\\/radioljubuski.ba\\\/?s={search_term_string}\"},\"query-input\":{\"@type\":\"PropertyValueSpecification\",\"valueRequired\":true,\"valueName\":\"search_term_string\"}}],\"inLanguage\":\"hr\"},{\"@type\":\"Organization\",\"@id\":\"https:\\\/\\\/radioljubuski.ba\\\/#organization\",\"name\":\"Radio Ljubu\u0161ki\",\"url\":\"https:\\\/\\\/radioljubuski.ba\\\/\",\"logo\":{\"@type\":\"ImageObject\",\"inLanguage\":\"hr\",\"@id\":\"https:\\\/\\\/radioljubuski.ba\\\/#\\\/schema\\\/logo\\\/image\\\/\",\"url\":\"https:\\\/\\\/radioljubuski.ba\\\/wp-content\\\/uploads\\\/2021\\\/02\\\/cropped-Radio_Ljubuski_logo1.jpg\",\"contentUrl\":\"https:\\\/\\\/radioljubuski.ba\\\/wp-content\\\/uploads\\\/2021\\\/02\\\/cropped-Radio_Ljubuski_logo1.jpg\",\"width\":512,\"height\":512,\"caption\":\"Radio Ljubu\u0161ki\"},\"image\":{\"@id\":\"https:\\\/\\\/radioljubuski.ba\\\/#\\\/schema\\\/logo\\\/image\\\/\"},\"sameAs\":[\"https:\\\/\\\/www.facebook.com\\\/Radiio-Ljubuski-1490835324566332\",\"https:\\\/\\\/x.com\\\/radioljubuski\",\"https:\\\/\\\/hr.linkedin.com\\\/company\\\/radio-ljubuski\",\"https:\\\/\\\/www.youtube.com\\\/channel\\\/UCHYaeO_n0Db3tjNGudGpXyw\"]},{\"@type\":\"Person\",\"@id\":\"https:\\\/\\\/radioljubuski.ba\\\/#\\\/schema\\\/person\\\/19fc700381a780f69665d7956c469e3b\",\"name\":\"Radio Ljubu\u0161ki\"}]}<\/script>\n<!-- \/ Yoast SEO plugin. -->","yoast_head_json":{"title":"Protivnik Hrvatske na Euru uvjerljivo pora\u017een od Italije - RADIO LJUBU\u0160KI","robots":{"index":"index","follow":"follow","max-snippet":"max-snippet:-1","max-image-preview":"max-image-preview:large","max-video-preview":"max-video-preview:-1"},"canonical":"https:\/\/radioljubuski.ba\/index.php\/2021\/06\/05\/protivnik-hrvatske-na-euru-uvjerljivo-porazen-od-italije\/","og_locale":"hr_HR","og_type":"article","og_title":"Protivnik Hrvatske na Euru uvjerljivo pora\u017een od Italije - RADIO LJUBU\u0160KI","og_description":"Suparnik hrvatske nogometne reprezentacije u skupini D na skora\u0161njem EURU \u010ce\u0161ka u petak je u pripremnoj prijateljskoj utakmici pretrpjela te\u017eak 0-4 (0-2) poraz na gostovanju od Italije u Bologni. #Azzurri \ud83c\uddee\ud83c\uddf9 \u23f1\ufe0f FT &#8211; Test: passed with flying colours \u2705#ITACZE 4\ufe0f\u20e3-0\ufe0f\u20e3#VivoAzzurro pic.twitter.com\/ufT6rjpTu5 &mdash; Italy \u2b50\ufe0f\u2b50\ufe0f\u2b50\ufe0f\u2b50\ufe0f (@azzurri) June 4, 2021 Sjajno je raspolo\u017een bio talijanski napada\u010dki [&hellip;]","og_url":"https:\/\/radioljubuski.ba\/index.php\/2021\/06\/05\/protivnik-hrvatske-na-euru-uvjerljivo-porazen-od-italije\/","og_site_name":"RADIO LJUBU\u0160KI","article_publisher":"https:\/\/www.facebook.com\/Radiio-Ljubuski-1490835324566332","article_published_time":"2021-06-05T11:50:48+00:00","article_modified_time":"2021-06-05T11:50:50+00:00","og_image":[{"width":750,"height":650,"url":"https:\/\/radioljubuski.ba\/wp-content\/uploads\/2021\/06\/1003005087-750x650-1.jpg","type":"image\/jpeg"}],"author":"Radio Ljubu\u0161ki","twitter_card":"summary_large_image","twitter_creator":"@radioljubuski","twitter_site":"@radioljubuski","twitter_misc":{"Napisao\/la":"Radio Ljubu\u0161ki","Procijenjeno vrijeme \u010ditanja":"2 minute"},"schema":{"@context":"https:\/\/schema.org","@graph":[{"@type":"Article","@id":"https:\/\/radioljubuski.ba\/index.php\/2021\/06\/05\/protivnik-hrvatske-na-euru-uvjerljivo-porazen-od-italije\/#article","isPartOf":{"@id":"https:\/\/radioljubuski.ba\/index.php\/2021\/06\/05\/protivnik-hrvatske-na-euru-uvjerljivo-porazen-od-italije\/"},"author":{"name":"Radio Ljubu\u0161ki","@id":"https:\/\/radioljubuski.ba\/#\/schema\/person\/19fc700381a780f69665d7956c469e3b"},"headline":"Protivnik Hrvatske na Euru uvjerljivo pora\u017een od Italije","datePublished":"2021-06-05T11:50:48+00:00","dateModified":"2021-06-05T11:50:50+00:00","mainEntityOfPage":{"@id":"https:\/\/radioljubuski.ba\/index.php\/2021\/06\/05\/protivnik-hrvatske-na-euru-uvjerljivo-porazen-od-italije\/"},"wordCount":325,"publisher":{"@id":"https:\/\/radioljubuski.ba\/#organization"},"image":{"@id":"https:\/\/radioljubuski.ba\/index.php\/2021\/06\/05\/protivnik-hrvatske-na-euru-uvjerljivo-porazen-od-italije\/#primaryimage"},"thumbnailUrl":"https:\/\/radioljubuski.ba\/wp-content\/uploads\/2021\/06\/1003005087-750x650-1.jpg","articleSection":["\u0160port"],"inLanguage":"hr"},{"@type":"WebPage","@id":"https:\/\/radioljubuski.ba\/index.php\/2021\/06\/05\/protivnik-hrvatske-na-euru-uvjerljivo-porazen-od-italije\/","url":"https:\/\/radioljubuski.ba\/index.php\/2021\/06\/05\/protivnik-hrvatske-na-euru-uvjerljivo-porazen-od-italije\/","name":"Protivnik Hrvatske na Euru uvjerljivo pora\u017een od Italije - RADIO LJUBU\u0160KI","isPartOf":{"@id":"https:\/\/radioljubuski.ba\/#website"},"primaryImageOfPage":{"@id":"https:\/\/radioljubuski.ba\/index.php\/2021\/06\/05\/protivnik-hrvatske-na-euru-uvjerljivo-porazen-od-italije\/#primaryimage"},"image":{"@id":"https:\/\/radioljubuski.ba\/index.php\/2021\/06\/05\/protivnik-hrvatske-na-euru-uvjerljivo-porazen-od-italije\/#primaryimage"},"thumbnailUrl":"https:\/\/radioljubuski.ba\/wp-content\/uploads\/2021\/06\/1003005087-750x650-1.jpg","datePublished":"2021-06-05T11:50:48+00:00","dateModified":"2021-06-05T11:50:50+00:00","breadcrumb":{"@id":"https:\/\/radioljubuski.ba\/index.php\/2021\/06\/05\/protivnik-hrvatske-na-euru-uvjerljivo-porazen-od-italije\/#breadcrumb"},"inLanguage":"hr","potentialAction":[{"@type":"ReadAction","target":["https:\/\/radioljubuski.ba\/index.php\/2021\/06\/05\/protivnik-hrvatske-na-euru-uvjerljivo-porazen-od-italije\/"]}]},{"@type":"ImageObject","inLanguage":"hr","@id":"https:\/\/radioljubuski.ba\/index.php\/2021\/06\/05\/protivnik-hrvatske-na-euru-uvjerljivo-porazen-od-italije\/#primaryimage","url":"https:\/\/radioljubuski.ba\/wp-content\/uploads\/2021\/06\/1003005087-750x650-1.jpg","contentUrl":"https:\/\/radioljubuski.ba\/wp-content\/uploads\/2021\/06\/1003005087-750x650-1.jpg","width":750,"height":650},{"@type":"BreadcrumbList","@id":"https:\/\/radioljubuski.ba\/index.php\/2021\/06\/05\/protivnik-hrvatske-na-euru-uvjerljivo-porazen-od-italije\/#breadcrumb","itemListElement":[{"@type":"ListItem","position":1,"name":"Po\u010detna stranica","item":"https:\/\/radioljubuski.ba\/"},{"@type":"ListItem","position":2,"name":"Protivnik Hrvatske na Euru uvjerljivo pora\u017een od Italije"}]},{"@type":"WebSite","@id":"https:\/\/radioljubuski.ba\/#website","url":"https:\/\/radioljubuski.ba\/","name":"Radio Ljubu\u0161ki","description":"Sun\u010dana frekvencija Hercegovine","publisher":{"@id":"https:\/\/radioljubuski.ba\/#organization"},"potentialAction":[{"@type":"SearchAction","target":{"@type":"EntryPoint","urlTemplate":"https:\/\/radioljubuski.ba\/?s={search_term_string}"},"query-input":{"@type":"PropertyValueSpecification","valueRequired":true,"valueName":"search_term_string"}}],"inLanguage":"hr"},{"@type":"Organization","@id":"https:\/\/radioljubuski.ba\/#organization","name":"Radio Ljubu\u0161ki","url":"https:\/\/radioljubuski.ba\/","logo":{"@type":"ImageObject","inLanguage":"hr","@id":"https:\/\/radioljubuski.ba\/#\/schema\/logo\/image\/","url":"https:\/\/radioljubuski.ba\/wp-content\/uploads\/2021\/02\/cropped-Radio_Ljubuski_logo1.jpg","contentUrl":"https:\/\/radioljubuski.ba\/wp-content\/uploads\/2021\/02\/cropped-Radio_Ljubuski_logo1.jpg","width":512,"height":512,"caption":"Radio Ljubu\u0161ki"},"image":{"@id":"https:\/\/radioljubuski.ba\/#\/schema\/logo\/image\/"},"sameAs":["https:\/\/www.facebook.com\/Radiio-Ljubuski-1490835324566332","https:\/\/x.com\/radioljubuski","https:\/\/hr.linkedin.com\/company\/radio-ljubuski","https:\/\/www.youtube.com\/channel\/UCHYaeO_n0Db3tjNGudGpXyw"]},{"@type":"Person","@id":"https:\/\/radioljubuski.ba\/#\/schema\/person\/19fc700381a780f69665d7956c469e3b","name":"Radio Ljubu\u0161ki"}]}},"_links":{"self":[{"href":"https:\/\/radioljubuski.ba\/index.php\/wp-json\/wp\/v2\/posts\/28790","targetHints":{"allow":["GET"]}}],"collection":[{"href":"https:\/\/radioljubuski.ba\/index.php\/wp-json\/wp\/v2\/posts"}],"about":[{"href":"https:\/\/radioljubuski.ba\/index.php\/wp-json\/wp\/v2\/types\/post"}],"author":[{"embeddable":true,"href":"https:\/\/radioljubuski.ba\/index.php\/wp-json\/wp\/v2\/users\/2"}],"replies":[{"embeddable":true,"href":"https:\/\/radioljubuski.ba\/index.php\/wp-json\/wp\/v2\/comments?post=28790"}],"version-history":[{"count":1,"href":"https:\/\/radioljubuski.ba\/index.php\/wp-json\/wp\/v2\/posts\/28790\/revisions"}],"predecessor-version":[{"id":28792,"href":"https:\/\/radioljubuski.ba\/index.php\/wp-json\/wp\/v2\/posts\/28790\/revisions\/28792"}],"wp:featuredmedia":[{"embeddable":true,"href":"https:\/\/radioljubuski.ba\/index.php\/wp-json\/wp\/v2\/media\/28791"}],"wp:attachment":[{"href":"https:\/\/radioljubuski.ba\/index.php\/wp-json\/wp\/v2\/media?parent=28790"}],"wp:term":[{"taxonomy":"category","embeddable":true,"href":"https:\/\/radioljubuski.ba\/index.php\/wp-json\/wp\/v2\/categories?post=28790"},{"taxonomy":"post_tag","embeddable":true,"href":"https:\/\/radioljubuski.ba\/index.php\/wp-json\/wp\/v2\/tags?post=28790"}],"curies":[{"name":"wp","href":"https:\/\/api.w.org\/{rel}","templated":true}]}}