{"id":28793,"date":"2021-06-05T12:52:18","date_gmt":"2021-06-05T11:52:18","guid":{"rendered":"https:\/\/radioljubuski.ba\/?p=28793"},"modified":"2021-06-05T12:52:19","modified_gmt":"2021-06-05T11:52:19","slug":"zoran-sprajc-letio-autom-preko-stepenica-molio-sam-boga-da-me-nitko-nije-vidio","status":"publish","type":"post","link":"https:\/\/radioljubuski.ba\/index.php\/2021\/06\/05\/zoran-sprajc-letio-autom-preko-stepenica-molio-sam-boga-da-me-nitko-nije-vidio\/","title":{"rendered":"Zoran \u0160prajc letio autom preko stepenica: &#8220;Molio sam Boga da me nitko nije vidio&#8221;"},"content":{"rendered":"\n<p>U Ovotjednoj epizodi RTL-ovog showa Ma la\u017ee\u0161! pojavio se voditelj Zoran \u0160prajc. S chefom Tomislavom \u0160pi\u010dekom bio je u timu Luke Buli\u0107a, a natjecali su se protiv Jana Kereke\u0161a, Marijane Batini\u0107 i Alke Vuice.&nbsp;<\/p>\n\n\n\n<p>Pred kamerama je podijelio neobi\u010dnu pri\u010du.&nbsp;<\/p>\n\n\n\n<p>&#8220;Jednom prilikom sam filmski preletio automobilom preko stepenica usred Zagreba i molio boga da me netko nije prepoznao&#8221;, rekao je Zoran \u0160prajc.<\/p>\n\n\n\n<p>Objasnio je da se to dogodilo kod Doma sportova.<\/p>\n\n\n\n<p>&#8220;Izlazio sam s jednog doga\u0111anja i zaboravio sam iz kojeg smjera sam do\u0161ao\u2026 Vidim tamo je cesta do koje moram do\u0107i, ne znam \u0161to me \u010deka sad na putu do te ceste. U drugoj vidim da to nije taj put jer su tu neke stepenice ispred mene. I gotovo je, ne mo\u017ee\u0161 vi\u0161e stati ni zako\u010diti\u2026 \u0160to bude, bude! Kao Jackie Chan sam letio autom preko stepenica&#8221;, ispri\u010dao je voditelj.<\/p>\n\n\n\n<p>Nakon \u0161to je ispri\u010dao ovu zgodu, protivni\u010dki tim trebao je pogoditi govori li istinu ili la\u017ee. Naposljetku su zaklju\u010dili da \u0160prajc ne la\u017ee i pogodili.&nbsp;<\/p>\n\n\n\n<p>Izvor:index.hr<\/p>\n","protected":false},"excerpt":{"rendered":"<p>U Ovotjednoj epizodi RTL-ovog showa Ma la\u017ee\u0161! pojavio se voditelj Zoran \u0160prajc. S chefom Tomislavom \u0160pi\u010dekom bio je u timu Luke Buli\u0107a, a natjecali su se protiv Jana Kereke\u0161a, Marijane Batini\u0107 i Alke Vuice.&nbsp; Pred kamerama je podijelio neobi\u010dnu pri\u010du.&nbsp; &#8220;Jednom prilikom sam filmski preletio automobilom preko stepenica usred Zagreba i molio boga da me [&hellip;]<\/p>\n","protected":false},"author":2,"featured_media":28794,"comment_status":"closed","ping_status":"closed","sticky":false,"template":"","format":"standard","meta":{"h5ap_radio_sources":[],"footnotes":""},"categories":[1],"tags":[],"class_list":["post-28793","post","type-post","status-publish","format-standard","has-post-thumbnail","hentry","category-bihiregija"],"yoast_head":"<!-- This site is optimized with the Yoast SEO plugin v27.5 - https:\/\/yoast.com\/product\/yoast-seo-wordpress\/ -->\n<title>Zoran \u0160prajc letio autom preko stepenica: &quot;Molio sam Boga da me nitko nije vidio&quot; - RADIO LJUBU\u0160KI<\/title>\n<meta name=\"robots\" content=\"index, follow, max-snippet:-1, max-image-preview:large, max-video-preview:-1\" \/>\n<link rel=\"canonical\" href=\"https:\/\/radioljubuski.ba\/index.php\/2021\/06\/05\/zoran-sprajc-letio-autom-preko-stepenica-molio-sam-boga-da-me-nitko-nije-vidio\/\" \/>\n<meta property=\"og:locale\" content=\"hr_HR\" \/>\n<meta property=\"og:type\" content=\"article\" \/>\n<meta property=\"og:title\" content=\"Zoran \u0160prajc letio autom preko stepenica: &quot;Molio sam Boga da me nitko nije vidio&quot; - RADIO LJUBU\u0160KI\" \/>\n<meta property=\"og:description\" content=\"U Ovotjednoj epizodi RTL-ovog showa Ma la\u017ee\u0161! pojavio se voditelj Zoran \u0160prajc. S chefom Tomislavom \u0160pi\u010dekom bio je u timu Luke Buli\u0107a, a natjecali su se protiv Jana Kereke\u0161a, Marijane Batini\u0107 i Alke Vuice.&nbsp; Pred kamerama je podijelio neobi\u010dnu pri\u010du.&nbsp; &#8220;Jednom prilikom sam filmski preletio automobilom preko stepenica usred Zagreba i molio boga da me [&hellip;]\" \/>\n<meta property=\"og:url\" content=\"https:\/\/radioljubuski.ba\/index.php\/2021\/06\/05\/zoran-sprajc-letio-autom-preko-stepenica-molio-sam-boga-da-me-nitko-nije-vidio\/\" \/>\n<meta property=\"og:site_name\" content=\"RADIO LJUBU\u0160KI\" \/>\n<meta property=\"article:publisher\" content=\"https:\/\/www.facebook.com\/Radiio-Ljubuski-1490835324566332\" \/>\n<meta property=\"article:published_time\" content=\"2021-06-05T11:52:18+00:00\" \/>\n<meta property=\"article:modified_time\" content=\"2021-06-05T11:52:19+00:00\" \/>\n<meta property=\"og:image\" content=\"https:\/\/radioljubuski.ba\/wp-content\/uploads\/2021\/06\/2-2021-06-05-11-52-33-sprajc.jpg\" \/>\n\t<meta property=\"og:image:width\" content=\"1000\" \/>\n\t<meta property=\"og:image:height\" content=\"625\" \/>\n\t<meta property=\"og:image:type\" content=\"image\/jpeg\" \/>\n<meta name=\"author\" content=\"Radio Ljubu\u0161ki\" \/>\n<meta name=\"twitter:card\" content=\"summary_large_image\" \/>\n<meta name=\"twitter:creator\" content=\"@radioljubuski\" \/>\n<meta name=\"twitter:site\" content=\"@radioljubuski\" \/>\n<meta name=\"twitter:label1\" content=\"Napisao\/la\" \/>\n\t<meta name=\"twitter:data1\" content=\"Radio Ljubu\u0161ki\" \/>\n\t<meta name=\"twitter:label2\" content=\"Procijenjeno vrijeme \u010ditanja\" \/>\n\t<meta name=\"twitter:data2\" content=\"1 minuta\" \/>\n<script type=\"application\/ld+json\" class=\"yoast-schema-graph\">{\"@context\":\"https:\\\/\\\/schema.org\",\"@graph\":[{\"@type\":\"Article\",\"@id\":\"https:\\\/\\\/radioljubuski.ba\\\/index.php\\\/2021\\\/06\\\/05\\\/zoran-sprajc-letio-autom-preko-stepenica-molio-sam-boga-da-me-nitko-nije-vidio\\\/#article\",\"isPartOf\":{\"@id\":\"https:\\\/\\\/radioljubuski.ba\\\/index.php\\\/2021\\\/06\\\/05\\\/zoran-sprajc-letio-autom-preko-stepenica-molio-sam-boga-da-me-nitko-nije-vidio\\\/\"},\"author\":{\"name\":\"Radio Ljubu\u0161ki\",\"@id\":\"https:\\\/\\\/radioljubuski.ba\\\/#\\\/schema\\\/person\\\/19fc700381a780f69665d7956c469e3b\"},\"headline\":\"Zoran \u0160prajc letio autom preko stepenica: &#8220;Molio sam Boga da me nitko nije vidio&#8221;\",\"datePublished\":\"2021-06-05T11:52:18+00:00\",\"dateModified\":\"2021-06-05T11:52:19+00:00\",\"mainEntityOfPage\":{\"@id\":\"https:\\\/\\\/radioljubuski.ba\\\/index.php\\\/2021\\\/06\\\/05\\\/zoran-sprajc-letio-autom-preko-stepenica-molio-sam-boga-da-me-nitko-nije-vidio\\\/\"},\"wordCount\":204,\"publisher\":{\"@id\":\"https:\\\/\\\/radioljubuski.ba\\\/#organization\"},\"image\":{\"@id\":\"https:\\\/\\\/radioljubuski.ba\\\/index.php\\\/2021\\\/06\\\/05\\\/zoran-sprajc-letio-autom-preko-stepenica-molio-sam-boga-da-me-nitko-nije-vidio\\\/#primaryimage\"},\"thumbnailUrl\":\"https:\\\/\\\/radioljubuski.ba\\\/wp-content\\\/uploads\\\/2021\\\/06\\\/2-2021-06-05-11-52-33-sprajc.jpg\",\"articleSection\":[\"BIH i regija\"],\"inLanguage\":\"hr\"},{\"@type\":\"WebPage\",\"@id\":\"https:\\\/\\\/radioljubuski.ba\\\/index.php\\\/2021\\\/06\\\/05\\\/zoran-sprajc-letio-autom-preko-stepenica-molio-sam-boga-da-me-nitko-nije-vidio\\\/\",\"url\":\"https:\\\/\\\/radioljubuski.ba\\\/index.php\\\/2021\\\/06\\\/05\\\/zoran-sprajc-letio-autom-preko-stepenica-molio-sam-boga-da-me-nitko-nije-vidio\\\/\",\"name\":\"Zoran \u0160prajc letio autom preko stepenica: \\\"Molio sam Boga da me nitko nije vidio\\\" - RADIO LJUBU\u0160KI\",\"isPartOf\":{\"@id\":\"https:\\\/\\\/radioljubuski.ba\\\/#website\"},\"primaryImageOfPage\":{\"@id\":\"https:\\\/\\\/radioljubuski.ba\\\/index.php\\\/2021\\\/06\\\/05\\\/zoran-sprajc-letio-autom-preko-stepenica-molio-sam-boga-da-me-nitko-nije-vidio\\\/#primaryimage\"},\"image\":{\"@id\":\"https:\\\/\\\/radioljubuski.ba\\\/index.php\\\/2021\\\/06\\\/05\\\/zoran-sprajc-letio-autom-preko-stepenica-molio-sam-boga-da-me-nitko-nije-vidio\\\/#primaryimage\"},\"thumbnailUrl\":\"https:\\\/\\\/radioljubuski.ba\\\/wp-content\\\/uploads\\\/2021\\\/06\\\/2-2021-06-05-11-52-33-sprajc.jpg\",\"datePublished\":\"2021-06-05T11:52:18+00:00\",\"dateModified\":\"2021-06-05T11:52:19+00:00\",\"breadcrumb\":{\"@id\":\"https:\\\/\\\/radioljubuski.ba\\\/index.php\\\/2021\\\/06\\\/05\\\/zoran-sprajc-letio-autom-preko-stepenica-molio-sam-boga-da-me-nitko-nije-vidio\\\/#breadcrumb\"},\"inLanguage\":\"hr\",\"potentialAction\":[{\"@type\":\"ReadAction\",\"target\":[\"https:\\\/\\\/radioljubuski.ba\\\/index.php\\\/2021\\\/06\\\/05\\\/zoran-sprajc-letio-autom-preko-stepenica-molio-sam-boga-da-me-nitko-nije-vidio\\\/\"]}]},{\"@type\":\"ImageObject\",\"inLanguage\":\"hr\",\"@id\":\"https:\\\/\\\/radioljubuski.ba\\\/index.php\\\/2021\\\/06\\\/05\\\/zoran-sprajc-letio-autom-preko-stepenica-molio-sam-boga-da-me-nitko-nije-vidio\\\/#primaryimage\",\"url\":\"https:\\\/\\\/radioljubuski.ba\\\/wp-content\\\/uploads\\\/2021\\\/06\\\/2-2021-06-05-11-52-33-sprajc.jpg\",\"contentUrl\":\"https:\\\/\\\/radioljubuski.ba\\\/wp-content\\\/uploads\\\/2021\\\/06\\\/2-2021-06-05-11-52-33-sprajc.jpg\",\"width\":1000,\"height\":625},{\"@type\":\"BreadcrumbList\",\"@id\":\"https:\\\/\\\/radioljubuski.ba\\\/index.php\\\/2021\\\/06\\\/05\\\/zoran-sprajc-letio-autom-preko-stepenica-molio-sam-boga-da-me-nitko-nije-vidio\\\/#breadcrumb\",\"itemListElement\":[{\"@type\":\"ListItem\",\"position\":1,\"name\":\"Po\u010detna stranica\",\"item\":\"https:\\\/\\\/radioljubuski.ba\\\/\"},{\"@type\":\"ListItem\",\"position\":2,\"name\":\"Zoran \u0160prajc letio autom preko stepenica: &#8220;Molio sam Boga da me nitko nije vidio&#8221;\"}]},{\"@type\":\"WebSite\",\"@id\":\"https:\\\/\\\/radioljubuski.ba\\\/#website\",\"url\":\"https:\\\/\\\/radioljubuski.ba\\\/\",\"name\":\"Radio Ljubu\u0161ki\",\"description\":\"Sun\u010dana frekvencija Hercegovine\",\"publisher\":{\"@id\":\"https:\\\/\\\/radioljubuski.ba\\\/#organization\"},\"potentialAction\":[{\"@type\":\"SearchAction\",\"target\":{\"@type\":\"EntryPoint\",\"urlTemplate\":\"https:\\\/\\\/radioljubuski.ba\\\/?s={search_term_string}\"},\"query-input\":{\"@type\":\"PropertyValueSpecification\",\"valueRequired\":true,\"valueName\":\"search_term_string\"}}],\"inLanguage\":\"hr\"},{\"@type\":\"Organization\",\"@id\":\"https:\\\/\\\/radioljubuski.ba\\\/#organization\",\"name\":\"Radio Ljubu\u0161ki\",\"url\":\"https:\\\/\\\/radioljubuski.ba\\\/\",\"logo\":{\"@type\":\"ImageObject\",\"inLanguage\":\"hr\",\"@id\":\"https:\\\/\\\/radioljubuski.ba\\\/#\\\/schema\\\/logo\\\/image\\\/\",\"url\":\"https:\\\/\\\/radioljubuski.ba\\\/wp-content\\\/uploads\\\/2021\\\/02\\\/cropped-Radio_Ljubuski_logo1.jpg\",\"contentUrl\":\"https:\\\/\\\/radioljubuski.ba\\\/wp-content\\\/uploads\\\/2021\\\/02\\\/cropped-Radio_Ljubuski_logo1.jpg\",\"width\":512,\"height\":512,\"caption\":\"Radio Ljubu\u0161ki\"},\"image\":{\"@id\":\"https:\\\/\\\/radioljubuski.ba\\\/#\\\/schema\\\/logo\\\/image\\\/\"},\"sameAs\":[\"https:\\\/\\\/www.facebook.com\\\/Radiio-Ljubuski-1490835324566332\",\"https:\\\/\\\/x.com\\\/radioljubuski\",\"https:\\\/\\\/hr.linkedin.com\\\/company\\\/radio-ljubuski\",\"https:\\\/\\\/www.youtube.com\\\/channel\\\/UCHYaeO_n0Db3tjNGudGpXyw\"]},{\"@type\":\"Person\",\"@id\":\"https:\\\/\\\/radioljubuski.ba\\\/#\\\/schema\\\/person\\\/19fc700381a780f69665d7956c469e3b\",\"name\":\"Radio Ljubu\u0161ki\"}]}<\/script>\n<!-- \/ Yoast SEO plugin. -->","yoast_head_json":{"title":"Zoran \u0160prajc letio autom preko stepenica: \"Molio sam Boga da me nitko nije vidio\" - RADIO LJUBU\u0160KI","robots":{"index":"index","follow":"follow","max-snippet":"max-snippet:-1","max-image-preview":"max-image-preview:large","max-video-preview":"max-video-preview:-1"},"canonical":"https:\/\/radioljubuski.ba\/index.php\/2021\/06\/05\/zoran-sprajc-letio-autom-preko-stepenica-molio-sam-boga-da-me-nitko-nije-vidio\/","og_locale":"hr_HR","og_type":"article","og_title":"Zoran \u0160prajc letio autom preko stepenica: \"Molio sam Boga da me nitko nije vidio\" - RADIO LJUBU\u0160KI","og_description":"U Ovotjednoj epizodi RTL-ovog showa Ma la\u017ee\u0161! pojavio se voditelj Zoran \u0160prajc. S chefom Tomislavom \u0160pi\u010dekom bio je u timu Luke Buli\u0107a, a natjecali su se protiv Jana Kereke\u0161a, Marijane Batini\u0107 i Alke Vuice.&nbsp; Pred kamerama je podijelio neobi\u010dnu pri\u010du.&nbsp; &#8220;Jednom prilikom sam filmski preletio automobilom preko stepenica usred Zagreba i molio boga da me [&hellip;]","og_url":"https:\/\/radioljubuski.ba\/index.php\/2021\/06\/05\/zoran-sprajc-letio-autom-preko-stepenica-molio-sam-boga-da-me-nitko-nije-vidio\/","og_site_name":"RADIO LJUBU\u0160KI","article_publisher":"https:\/\/www.facebook.com\/Radiio-Ljubuski-1490835324566332","article_published_time":"2021-06-05T11:52:18+00:00","article_modified_time":"2021-06-05T11:52:19+00:00","og_image":[{"width":1000,"height":625,"url":"https:\/\/radioljubuski.ba\/wp-content\/uploads\/2021\/06\/2-2021-06-05-11-52-33-sprajc.jpg","type":"image\/jpeg"}],"author":"Radio Ljubu\u0161ki","twitter_card":"summary_large_image","twitter_creator":"@radioljubuski","twitter_site":"@radioljubuski","twitter_misc":{"Napisao\/la":"Radio Ljubu\u0161ki","Procijenjeno vrijeme \u010ditanja":"1 minuta"},"schema":{"@context":"https:\/\/schema.org","@graph":[{"@type":"Article","@id":"https:\/\/radioljubuski.ba\/index.php\/2021\/06\/05\/zoran-sprajc-letio-autom-preko-stepenica-molio-sam-boga-da-me-nitko-nije-vidio\/#article","isPartOf":{"@id":"https:\/\/radioljubuski.ba\/index.php\/2021\/06\/05\/zoran-sprajc-letio-autom-preko-stepenica-molio-sam-boga-da-me-nitko-nije-vidio\/"},"author":{"name":"Radio Ljubu\u0161ki","@id":"https:\/\/radioljubuski.ba\/#\/schema\/person\/19fc700381a780f69665d7956c469e3b"},"headline":"Zoran \u0160prajc letio autom preko stepenica: &#8220;Molio sam Boga da me nitko nije vidio&#8221;","datePublished":"2021-06-05T11:52:18+00:00","dateModified":"2021-06-05T11:52:19+00:00","mainEntityOfPage":{"@id":"https:\/\/radioljubuski.ba\/index.php\/2021\/06\/05\/zoran-sprajc-letio-autom-preko-stepenica-molio-sam-boga-da-me-nitko-nije-vidio\/"},"wordCount":204,"publisher":{"@id":"https:\/\/radioljubuski.ba\/#organization"},"image":{"@id":"https:\/\/radioljubuski.ba\/index.php\/2021\/06\/05\/zoran-sprajc-letio-autom-preko-stepenica-molio-sam-boga-da-me-nitko-nije-vidio\/#primaryimage"},"thumbnailUrl":"https:\/\/radioljubuski.ba\/wp-content\/uploads\/2021\/06\/2-2021-06-05-11-52-33-sprajc.jpg","articleSection":["BIH i regija"],"inLanguage":"hr"},{"@type":"WebPage","@id":"https:\/\/radioljubuski.ba\/index.php\/2021\/06\/05\/zoran-sprajc-letio-autom-preko-stepenica-molio-sam-boga-da-me-nitko-nije-vidio\/","url":"https:\/\/radioljubuski.ba\/index.php\/2021\/06\/05\/zoran-sprajc-letio-autom-preko-stepenica-molio-sam-boga-da-me-nitko-nije-vidio\/","name":"Zoran \u0160prajc letio autom preko stepenica: \"Molio sam Boga da me nitko nije vidio\" - RADIO LJUBU\u0160KI","isPartOf":{"@id":"https:\/\/radioljubuski.ba\/#website"},"primaryImageOfPage":{"@id":"https:\/\/radioljubuski.ba\/index.php\/2021\/06\/05\/zoran-sprajc-letio-autom-preko-stepenica-molio-sam-boga-da-me-nitko-nije-vidio\/#primaryimage"},"image":{"@id":"https:\/\/radioljubuski.ba\/index.php\/2021\/06\/05\/zoran-sprajc-letio-autom-preko-stepenica-molio-sam-boga-da-me-nitko-nije-vidio\/#primaryimage"},"thumbnailUrl":"https:\/\/radioljubuski.ba\/wp-content\/uploads\/2021\/06\/2-2021-06-05-11-52-33-sprajc.jpg","datePublished":"2021-06-05T11:52:18+00:00","dateModified":"2021-06-05T11:52:19+00:00","breadcrumb":{"@id":"https:\/\/radioljubuski.ba\/index.php\/2021\/06\/05\/zoran-sprajc-letio-autom-preko-stepenica-molio-sam-boga-da-me-nitko-nije-vidio\/#breadcrumb"},"inLanguage":"hr","potentialAction":[{"@type":"ReadAction","target":["https:\/\/radioljubuski.ba\/index.php\/2021\/06\/05\/zoran-sprajc-letio-autom-preko-stepenica-molio-sam-boga-da-me-nitko-nije-vidio\/"]}]},{"@type":"ImageObject","inLanguage":"hr","@id":"https:\/\/radioljubuski.ba\/index.php\/2021\/06\/05\/zoran-sprajc-letio-autom-preko-stepenica-molio-sam-boga-da-me-nitko-nije-vidio\/#primaryimage","url":"https:\/\/radioljubuski.ba\/wp-content\/uploads\/2021\/06\/2-2021-06-05-11-52-33-sprajc.jpg","contentUrl":"https:\/\/radioljubuski.ba\/wp-content\/uploads\/2021\/06\/2-2021-06-05-11-52-33-sprajc.jpg","width":1000,"height":625},{"@type":"BreadcrumbList","@id":"https:\/\/radioljubuski.ba\/index.php\/2021\/06\/05\/zoran-sprajc-letio-autom-preko-stepenica-molio-sam-boga-da-me-nitko-nije-vidio\/#breadcrumb","itemListElement":[{"@type":"ListItem","position":1,"name":"Po\u010detna stranica","item":"https:\/\/radioljubuski.ba\/"},{"@type":"ListItem","position":2,"name":"Zoran \u0160prajc letio autom preko stepenica: &#8220;Molio sam Boga da me nitko nije vidio&#8221;"}]},{"@type":"WebSite","@id":"https:\/\/radioljubuski.ba\/#website","url":"https:\/\/radioljubuski.ba\/","name":"Radio Ljubu\u0161ki","description":"Sun\u010dana frekvencija Hercegovine","publisher":{"@id":"https:\/\/radioljubuski.ba\/#organization"},"potentialAction":[{"@type":"SearchAction","target":{"@type":"EntryPoint","urlTemplate":"https:\/\/radioljubuski.ba\/?s={search_term_string}"},"query-input":{"@type":"PropertyValueSpecification","valueRequired":true,"valueName":"search_term_string"}}],"inLanguage":"hr"},{"@type":"Organization","@id":"https:\/\/radioljubuski.ba\/#organization","name":"Radio Ljubu\u0161ki","url":"https:\/\/radioljubuski.ba\/","logo":{"@type":"ImageObject","inLanguage":"hr","@id":"https:\/\/radioljubuski.ba\/#\/schema\/logo\/image\/","url":"https:\/\/radioljubuski.ba\/wp-content\/uploads\/2021\/02\/cropped-Radio_Ljubuski_logo1.jpg","contentUrl":"https:\/\/radioljubuski.ba\/wp-content\/uploads\/2021\/02\/cropped-Radio_Ljubuski_logo1.jpg","width":512,"height":512,"caption":"Radio Ljubu\u0161ki"},"image":{"@id":"https:\/\/radioljubuski.ba\/#\/schema\/logo\/image\/"},"sameAs":["https:\/\/www.facebook.com\/Radiio-Ljubuski-1490835324566332","https:\/\/x.com\/radioljubuski","https:\/\/hr.linkedin.com\/company\/radio-ljubuski","https:\/\/www.youtube.com\/channel\/UCHYaeO_n0Db3tjNGudGpXyw"]},{"@type":"Person","@id":"https:\/\/radioljubuski.ba\/#\/schema\/person\/19fc700381a780f69665d7956c469e3b","name":"Radio Ljubu\u0161ki"}]}},"_links":{"self":[{"href":"https:\/\/radioljubuski.ba\/index.php\/wp-json\/wp\/v2\/posts\/28793","targetHints":{"allow":["GET"]}}],"collection":[{"href":"https:\/\/radioljubuski.ba\/index.php\/wp-json\/wp\/v2\/posts"}],"about":[{"href":"https:\/\/radioljubuski.ba\/index.php\/wp-json\/wp\/v2\/types\/post"}],"author":[{"embeddable":true,"href":"https:\/\/radioljubuski.ba\/index.php\/wp-json\/wp\/v2\/users\/2"}],"replies":[{"embeddable":true,"href":"https:\/\/radioljubuski.ba\/index.php\/wp-json\/wp\/v2\/comments?post=28793"}],"version-history":[{"count":1,"href":"https:\/\/radioljubuski.ba\/index.php\/wp-json\/wp\/v2\/posts\/28793\/revisions"}],"predecessor-version":[{"id":28795,"href":"https:\/\/radioljubuski.ba\/index.php\/wp-json\/wp\/v2\/posts\/28793\/revisions\/28795"}],"wp:featuredmedia":[{"embeddable":true,"href":"https:\/\/radioljubuski.ba\/index.php\/wp-json\/wp\/v2\/media\/28794"}],"wp:attachment":[{"href":"https:\/\/radioljubuski.ba\/index.php\/wp-json\/wp\/v2\/media?parent=28793"}],"wp:term":[{"taxonomy":"category","embeddable":true,"href":"https:\/\/radioljubuski.ba\/index.php\/wp-json\/wp\/v2\/categories?post=28793"},{"taxonomy":"post_tag","embeddable":true,"href":"https:\/\/radioljubuski.ba\/index.php\/wp-json\/wp\/v2\/tags?post=28793"}],"curies":[{"name":"wp","href":"https:\/\/api.w.org\/{rel}","templated":true}]}}