{"id":28933,"date":"2021-06-05T21:33:33","date_gmt":"2021-06-05T20:33:33","guid":{"rendered":"https:\/\/radioljubuski.ba\/?p=28933"},"modified":"2021-06-05T21:33:34","modified_gmt":"2021-06-05T20:33:34","slug":"sto-su-smede-beretke-radile-u-bih","status":"publish","type":"post","link":"https:\/\/radioljubuski.ba\/index.php\/2021\/06\/05\/sto-su-smede-beretke-radile-u-bih\/","title":{"rendered":"\u0160to su \u2019sme\u0111e beretke\u2019 radile u BiH"},"content":{"rendered":"\n<p>Udrugom planu tijekom nedavno odr\u017eane vojne vje\u017ebe \u201eBranitelj Europe 21\u201c ostali su pripadnici specijalne postrojbe ameri\u010dke vojske SFAB (Security Force Assistance Brigade), poznati i kao \u201esme\u0111e beretke\u201c.<\/p>\n\n\n\n<p>Prema pisanju portala Balkanska bezbjedonosna mre\u017ea, njihovi timovi bili su prisutni tijekom vje\u017ebe \u201eBrzi odgovor 21\u201c na Manja\u010di kod Banje Luke, na poligonima Krivolak i Biza kod Tirane u Albaniji te u selu Babaj Boks kod \u0110akovice na Kosovu.<\/p>\n\n\n\n<p>&#8211; Za Balkan su novi timovi va\u017eni jer se poja\u010dava potencijalni zna\u010daj savjetni\u010dke uloge. U skorijoj pro\u0161losti, nakon Daytonskog sporazuma, Amerikanci su tada\u0161njoj Vojsci FBiH pru\u017eili obimnu podr\u0161ku u obuci i savjetima, ali i naoru\u017eanje &#8211; od automatske pu\u0161ke do tenka. U novim globalnim okolnostima oni se mogu smatrati dijelom politike SAD na suzbijanju utjecaja Kine i Rusije &#8211; navodi Balkanska bezbjedonosna mre\u017ea.<\/p>\n\n\n\n<p>Prisustvo \u201esme\u0111ih beretki\u201c bh. analiti\u010dari ne smatraju vojnom tajnom, jer se radi o relativno novoj postrojbi Oru\u017eanih snaga SAD-a zadu\u017eenoj za obuku, savjetovanje, ali i potporu doma\u0107im snagama. Profesor me\u0111unarodnih odnosa i biv\u0161i vojni predstavnik BiH pri NATO-u Alija Ko\u017eljak poja\u0161njava da SAD, nakon brojnih operacija u svijetu, kroz nau\u010dene lekcije usavr\u0161avaju vlastitu vojsku. SFAB predstavlja podr\u0161ku borbenim jedinicama i djeluje kroz timove razli\u010ditih specijalnosti. Koji tim \u0107e biti anga\u017eiran zavisi od problema na odre\u0111enom prostoru.<\/p>\n\n\n\n<p>&#8211; Njihov zna\u010daj nije uop\u0107e zanemariv, jer se radi o novom pristupu suvremenim sigurnosnim izazovima. A suvremeni sigurnosni izazovi vi\u0161e nisu vidljivi kao ranije, prijetnje nisu vidljive, sada su puno kompleksnije i upravo su oni tu da ih prepoznaju na odre\u0111enoj teritoriji i da pomognu u njihovom eliminiranju &#8211; ka\u017ee Ko\u017eljak.<\/p>\n\n\n\n<p>Ekspert za sigurnost Ned\u017ead Ahatovi\u0107 tvrdi kako je SFAB formiran u vrijeme Trumpove administracije kako bi se br\u017ee odgovorilo na eventualne izazove. On isti\u010de da NATO ima kompleksan na\u010din odlu\u010divanja, a stvari su se u geopoliti\u010dkom smislu radikalno ubrzale &#8211; aneksija Krima okon\u010dana je za 16 sati pa je ekstremna mobilnost vojske u slu\u010daju potrebe ocijenjena nu\u017enom.<\/p>\n\n\n\n<p>&#8211; Prema novom ameri\u010dkom vi\u0111enju geostrate\u0161kih kretanja, protivnik broj jedan je Kina, broj dva Rusija, te Sjeverna Koreja i Iran, a tek iza njih su razne teroristi\u010dke skupine. Akcent je stavljen na tri strategijska modela &#8211; kako uspostaviti novi koncept odvra\u0107anja, kako se efikasno natjecati u vojno-tehnolo\u0161kom smislu i kako pobijediti u eventualnom ratu.<\/p>\n\n\n\n<p>Nova arhitektura ameri\u010dke vojne mo\u0107i po\u010diva na mogu\u0107nosti da se na du\u017ee staze prati strate\u0161ko nadmetanje sa suparnicima, da se odr\u017eava balans vojne mo\u0107i i da se uspostavi ekstremna agilnost u disperziji i koncentraciji dovoljne sile tamo gdje je to potrebno. On ka\u017ee da vojna sila mora biti adekvatno obu\u010dena i opremljena da se mo\u017ee dinami\u010dno dislocirati bilo gdje na planeti i logisti\u010dki pripremiti za sve uvjete.<\/p>\n\n\n\n<p>&#8211; U tom kontekstu je va\u017ena brigada SFAB. Ta formacija priprema zemlju \u010dlanicu NATO-a, ili zemlju partnera u na\u0161em slu\u010daju, za prihvat adekvatnih ameri\u010dkih snaga u skladu s prijetnjom. BiH i Kosovo imaju ulogu u ostvarivanju ameri\u010dkih interesa u ovom dijelu Europe, a to je i poruka vje\u017ebe \u201eBrzi odgovor\u201c &#8211; ka\u017ee Ahatovi\u0107. Vojnopoliti\u010dki analiti\u010dar, prof. dr. Berko Ze\u010devi\u0107 ka\u017ee kako su pripadnici SFAB-a tokom vje\u017ebe pratili stupanj obu\u010denosti ameri\u010dkih vojnika i suradnju s OSBiH, kao i prednosti i mane bh. vojske. Ze\u010devi\u0107 nagla\u0161ava da njihovo prisustvo nema veze s ruskim utjecajem niti s pristupom BiH NATO-u kojem treba prethoditi unutra\u0161nji sporazum i modernizacija vojske.<\/p>\n\n\n\n<p>&#8211; Dok se ne ostvari suradnja poput one iz programa \u201eOpremi i obu\u010di\u201c, kada su Amerikanci izravno financirali stvaranje mobilnih i multifunkcionalnih brigada Vojske FBiH, o daljnjim procesima ne mo\u017eemo govoriti. Za razliku od onog \u0161to se sada nalazi u OSBiH, te brigade su \u010desto izvodile vje\u017ebe, borbena djelovanja. Sada mi imamo dilemu ho\u0107e li se stanovni\u0161tvo uznemiriti \u0161to \u0107e Oru\u017eane snage ga\u0111ati iz artiljerije i minobaca\u010da ili \u0107e helikopteri nadlijetati. Takva logika ne postoji nigdje u svijetu &#8211; ka\u017ee Ze\u010devi\u0107. Osim obuke, Oru\u017eanim snagama BiH nedostaju mobilne jedinice, sistemi za prijevoz trupa, oklopni transporteri, radarski sistemi i protuzra\u010dna sredstva, jer BiH nema branjeno nebo i bez modernizacije vojske nema ni pristupa NATO-u.<\/p>\n\n\n\n<p>&#8211; Onog trenutka kada oni odlu\u010de da OSBiH treba ja\u010di pristup, do\u0107i \u0107e predstavnik ameri\u010dkog ministarstva obrane, sklopit \u0107e se sporazum i ljudi \u0107e do\u0107i ovdje raditi. Za to treba novac planiran u prora\u010dunu BiH, a vidite i \u010dvrst stav predstavnika RS-a da oni ne\u0107e podr\u017eati nikakvu rekonstrukciju ili modernizaciju OSBiH. Dobili smo pomo\u0107 od Turske, a modernizaciju OSBiH mo\u017eemo o\u010dekivati onog trenutka kad Amerika odlu\u010di da nam je pokloni &#8211; dodaje profesor Ze\u010devi\u0107. Za potporu saveznicima i partnerima u svijetu Oru\u017eane snage SAD formirale su \u0161est brigada SFAB-a, od kojih je \u010detvrta zadu\u017eena za Europu.<\/p>\n\n\n\n<p>&#8211; Na osnovu iskustva u Afganistanu i Iraku, gdje su vidjeli kako veliki broj trupa i novca gube dr\u017ee\u0107i trupe da rade posao koji bi trebale raditi doma\u0107e sigurnosne i vojne slu\u017ebe, SAD su stvorile nove sigurnosne snage. Brigade SFAB-a, s po 800 ljudi, formirane su 2018. godine, sastavljene su od vrhunskih stru\u010dnjaka koji imaju dugogodi\u0161nji sta\u017e i ratna iskustva &#8211; ka\u017ee Ze\u010devi\u0107.<\/p>\n\n\n\n<p>Izvor:avaz.ba<\/p>\n","protected":false},"excerpt":{"rendered":"<p>Udrugom planu tijekom nedavno odr\u017eane vojne vje\u017ebe \u201eBranitelj Europe 21\u201c ostali su pripadnici specijalne postrojbe ameri\u010dke vojske SFAB (Security Force Assistance Brigade), poznati i kao \u201esme\u0111e beretke\u201c. Prema pisanju portala Balkanska bezbjedonosna mre\u017ea, njihovi timovi bili su prisutni tijekom vje\u017ebe \u201eBrzi odgovor 21\u201c na Manja\u010di kod Banje Luke, na poligonima Krivolak i Biza kod Tirane [&hellip;]<\/p>\n","protected":false},"author":2,"featured_media":28934,"comment_status":"closed","ping_status":"closed","sticky":false,"template":"","format":"standard","meta":{"h5ap_radio_sources":[],"footnotes":""},"categories":[1],"tags":[],"class_list":["post-28933","post","type-post","status-publish","format-standard","has-post-thumbnail","hentry","category-bihiregija"],"yoast_head":"<!-- This site is optimized with the Yoast SEO plugin v27.5 - https:\/\/yoast.com\/product\/yoast-seo-wordpress\/ -->\n<title>\u0160to su \u2019sme\u0111e beretke\u2019 radile u BiH - RADIO LJUBU\u0160KI<\/title>\n<meta name=\"robots\" content=\"index, follow, max-snippet:-1, max-image-preview:large, max-video-preview:-1\" \/>\n<link rel=\"canonical\" href=\"https:\/\/radioljubuski.ba\/index.php\/2021\/06\/05\/sto-su-smede-beretke-radile-u-bih\/\" \/>\n<meta property=\"og:locale\" content=\"hr_HR\" \/>\n<meta property=\"og:type\" content=\"article\" \/>\n<meta property=\"og:title\" content=\"\u0160to su \u2019sme\u0111e beretke\u2019 radile u BiH - RADIO LJUBU\u0160KI\" \/>\n<meta property=\"og:description\" content=\"Udrugom planu tijekom nedavno odr\u017eane vojne vje\u017ebe \u201eBranitelj Europe 21\u201c ostali su pripadnici specijalne postrojbe ameri\u010dke vojske SFAB (Security Force Assistance Brigade), poznati i kao \u201esme\u0111e beretke\u201c. Prema pisanju portala Balkanska bezbjedonosna mre\u017ea, njihovi timovi bili su prisutni tijekom vje\u017ebe \u201eBrzi odgovor 21\u201c na Manja\u010di kod Banje Luke, na poligonima Krivolak i Biza kod Tirane [&hellip;]\" \/>\n<meta property=\"og:url\" content=\"https:\/\/radioljubuski.ba\/index.php\/2021\/06\/05\/sto-su-smede-beretke-radile-u-bih\/\" \/>\n<meta property=\"og:site_name\" content=\"RADIO LJUBU\u0160KI\" \/>\n<meta property=\"article:publisher\" content=\"https:\/\/www.facebook.com\/Radiio-Ljubuski-1490835324566332\" \/>\n<meta property=\"article:published_time\" content=\"2021-06-05T20:33:33+00:00\" \/>\n<meta property=\"article:modified_time\" content=\"2021-06-05T20:33:34+00:00\" \/>\n<meta property=\"og:image\" content=\"https:\/\/radioljubuski.ba\/wp-content\/uploads\/2021\/06\/9-2021-06-05-21-10-54-vojjna-vjezba.png\" \/>\n\t<meta property=\"og:image:width\" content=\"1000\" \/>\n\t<meta property=\"og:image:height\" content=\"625\" \/>\n\t<meta property=\"og:image:type\" content=\"image\/png\" \/>\n<meta name=\"author\" content=\"Radio Ljubu\u0161ki\" \/>\n<meta name=\"twitter:card\" content=\"summary_large_image\" \/>\n<meta name=\"twitter:creator\" content=\"@radioljubuski\" \/>\n<meta name=\"twitter:site\" content=\"@radioljubuski\" \/>\n<meta name=\"twitter:label1\" content=\"Napisao\/la\" \/>\n\t<meta name=\"twitter:data1\" content=\"Radio Ljubu\u0161ki\" \/>\n\t<meta name=\"twitter:label2\" content=\"Procijenjeno vrijeme \u010ditanja\" \/>\n\t<meta name=\"twitter:data2\" content=\"4 minute\" \/>\n<script type=\"application\/ld+json\" class=\"yoast-schema-graph\">{\"@context\":\"https:\\\/\\\/schema.org\",\"@graph\":[{\"@type\":\"Article\",\"@id\":\"https:\\\/\\\/radioljubuski.ba\\\/index.php\\\/2021\\\/06\\\/05\\\/sto-su-smede-beretke-radile-u-bih\\\/#article\",\"isPartOf\":{\"@id\":\"https:\\\/\\\/radioljubuski.ba\\\/index.php\\\/2021\\\/06\\\/05\\\/sto-su-smede-beretke-radile-u-bih\\\/\"},\"author\":{\"name\":\"Radio Ljubu\u0161ki\",\"@id\":\"https:\\\/\\\/radioljubuski.ba\\\/#\\\/schema\\\/person\\\/19fc700381a780f69665d7956c469e3b\"},\"headline\":\"\u0160to su \u2019sme\u0111e beretke\u2019 radile u BiH\",\"datePublished\":\"2021-06-05T20:33:33+00:00\",\"dateModified\":\"2021-06-05T20:33:34+00:00\",\"mainEntityOfPage\":{\"@id\":\"https:\\\/\\\/radioljubuski.ba\\\/index.php\\\/2021\\\/06\\\/05\\\/sto-su-smede-beretke-radile-u-bih\\\/\"},\"wordCount\":935,\"publisher\":{\"@id\":\"https:\\\/\\\/radioljubuski.ba\\\/#organization\"},\"image\":{\"@id\":\"https:\\\/\\\/radioljubuski.ba\\\/index.php\\\/2021\\\/06\\\/05\\\/sto-su-smede-beretke-radile-u-bih\\\/#primaryimage\"},\"thumbnailUrl\":\"https:\\\/\\\/radioljubuski.ba\\\/wp-content\\\/uploads\\\/2021\\\/06\\\/9-2021-06-05-21-10-54-vojjna-vjezba.png\",\"articleSection\":[\"BIH i regija\"],\"inLanguage\":\"hr\"},{\"@type\":\"WebPage\",\"@id\":\"https:\\\/\\\/radioljubuski.ba\\\/index.php\\\/2021\\\/06\\\/05\\\/sto-su-smede-beretke-radile-u-bih\\\/\",\"url\":\"https:\\\/\\\/radioljubuski.ba\\\/index.php\\\/2021\\\/06\\\/05\\\/sto-su-smede-beretke-radile-u-bih\\\/\",\"name\":\"\u0160to su \u2019sme\u0111e beretke\u2019 radile u BiH - RADIO LJUBU\u0160KI\",\"isPartOf\":{\"@id\":\"https:\\\/\\\/radioljubuski.ba\\\/#website\"},\"primaryImageOfPage\":{\"@id\":\"https:\\\/\\\/radioljubuski.ba\\\/index.php\\\/2021\\\/06\\\/05\\\/sto-su-smede-beretke-radile-u-bih\\\/#primaryimage\"},\"image\":{\"@id\":\"https:\\\/\\\/radioljubuski.ba\\\/index.php\\\/2021\\\/06\\\/05\\\/sto-su-smede-beretke-radile-u-bih\\\/#primaryimage\"},\"thumbnailUrl\":\"https:\\\/\\\/radioljubuski.ba\\\/wp-content\\\/uploads\\\/2021\\\/06\\\/9-2021-06-05-21-10-54-vojjna-vjezba.png\",\"datePublished\":\"2021-06-05T20:33:33+00:00\",\"dateModified\":\"2021-06-05T20:33:34+00:00\",\"breadcrumb\":{\"@id\":\"https:\\\/\\\/radioljubuski.ba\\\/index.php\\\/2021\\\/06\\\/05\\\/sto-su-smede-beretke-radile-u-bih\\\/#breadcrumb\"},\"inLanguage\":\"hr\",\"potentialAction\":[{\"@type\":\"ReadAction\",\"target\":[\"https:\\\/\\\/radioljubuski.ba\\\/index.php\\\/2021\\\/06\\\/05\\\/sto-su-smede-beretke-radile-u-bih\\\/\"]}]},{\"@type\":\"ImageObject\",\"inLanguage\":\"hr\",\"@id\":\"https:\\\/\\\/radioljubuski.ba\\\/index.php\\\/2021\\\/06\\\/05\\\/sto-su-smede-beretke-radile-u-bih\\\/#primaryimage\",\"url\":\"https:\\\/\\\/radioljubuski.ba\\\/wp-content\\\/uploads\\\/2021\\\/06\\\/9-2021-06-05-21-10-54-vojjna-vjezba.png\",\"contentUrl\":\"https:\\\/\\\/radioljubuski.ba\\\/wp-content\\\/uploads\\\/2021\\\/06\\\/9-2021-06-05-21-10-54-vojjna-vjezba.png\",\"width\":1000,\"height\":625},{\"@type\":\"BreadcrumbList\",\"@id\":\"https:\\\/\\\/radioljubuski.ba\\\/index.php\\\/2021\\\/06\\\/05\\\/sto-su-smede-beretke-radile-u-bih\\\/#breadcrumb\",\"itemListElement\":[{\"@type\":\"ListItem\",\"position\":1,\"name\":\"Po\u010detna stranica\",\"item\":\"https:\\\/\\\/radioljubuski.ba\\\/\"},{\"@type\":\"ListItem\",\"position\":2,\"name\":\"\u0160to su \u2019sme\u0111e beretke\u2019 radile u BiH\"}]},{\"@type\":\"WebSite\",\"@id\":\"https:\\\/\\\/radioljubuski.ba\\\/#website\",\"url\":\"https:\\\/\\\/radioljubuski.ba\\\/\",\"name\":\"Radio Ljubu\u0161ki\",\"description\":\"Sun\u010dana frekvencija Hercegovine\",\"publisher\":{\"@id\":\"https:\\\/\\\/radioljubuski.ba\\\/#organization\"},\"potentialAction\":[{\"@type\":\"SearchAction\",\"target\":{\"@type\":\"EntryPoint\",\"urlTemplate\":\"https:\\\/\\\/radioljubuski.ba\\\/?s={search_term_string}\"},\"query-input\":{\"@type\":\"PropertyValueSpecification\",\"valueRequired\":true,\"valueName\":\"search_term_string\"}}],\"inLanguage\":\"hr\"},{\"@type\":\"Organization\",\"@id\":\"https:\\\/\\\/radioljubuski.ba\\\/#organization\",\"name\":\"Radio Ljubu\u0161ki\",\"url\":\"https:\\\/\\\/radioljubuski.ba\\\/\",\"logo\":{\"@type\":\"ImageObject\",\"inLanguage\":\"hr\",\"@id\":\"https:\\\/\\\/radioljubuski.ba\\\/#\\\/schema\\\/logo\\\/image\\\/\",\"url\":\"https:\\\/\\\/radioljubuski.ba\\\/wp-content\\\/uploads\\\/2021\\\/02\\\/cropped-Radio_Ljubuski_logo1.jpg\",\"contentUrl\":\"https:\\\/\\\/radioljubuski.ba\\\/wp-content\\\/uploads\\\/2021\\\/02\\\/cropped-Radio_Ljubuski_logo1.jpg\",\"width\":512,\"height\":512,\"caption\":\"Radio Ljubu\u0161ki\"},\"image\":{\"@id\":\"https:\\\/\\\/radioljubuski.ba\\\/#\\\/schema\\\/logo\\\/image\\\/\"},\"sameAs\":[\"https:\\\/\\\/www.facebook.com\\\/Radiio-Ljubuski-1490835324566332\",\"https:\\\/\\\/x.com\\\/radioljubuski\",\"https:\\\/\\\/hr.linkedin.com\\\/company\\\/radio-ljubuski\",\"https:\\\/\\\/www.youtube.com\\\/channel\\\/UCHYaeO_n0Db3tjNGudGpXyw\"]},{\"@type\":\"Person\",\"@id\":\"https:\\\/\\\/radioljubuski.ba\\\/#\\\/schema\\\/person\\\/19fc700381a780f69665d7956c469e3b\",\"name\":\"Radio Ljubu\u0161ki\"}]}<\/script>\n<!-- \/ Yoast SEO plugin. -->","yoast_head_json":{"title":"\u0160to su \u2019sme\u0111e beretke\u2019 radile u BiH - RADIO LJUBU\u0160KI","robots":{"index":"index","follow":"follow","max-snippet":"max-snippet:-1","max-image-preview":"max-image-preview:large","max-video-preview":"max-video-preview:-1"},"canonical":"https:\/\/radioljubuski.ba\/index.php\/2021\/06\/05\/sto-su-smede-beretke-radile-u-bih\/","og_locale":"hr_HR","og_type":"article","og_title":"\u0160to su \u2019sme\u0111e beretke\u2019 radile u BiH - RADIO LJUBU\u0160KI","og_description":"Udrugom planu tijekom nedavno odr\u017eane vojne vje\u017ebe \u201eBranitelj Europe 21\u201c ostali su pripadnici specijalne postrojbe ameri\u010dke vojske SFAB (Security Force Assistance Brigade), poznati i kao \u201esme\u0111e beretke\u201c. Prema pisanju portala Balkanska bezbjedonosna mre\u017ea, njihovi timovi bili su prisutni tijekom vje\u017ebe \u201eBrzi odgovor 21\u201c na Manja\u010di kod Banje Luke, na poligonima Krivolak i Biza kod Tirane [&hellip;]","og_url":"https:\/\/radioljubuski.ba\/index.php\/2021\/06\/05\/sto-su-smede-beretke-radile-u-bih\/","og_site_name":"RADIO LJUBU\u0160KI","article_publisher":"https:\/\/www.facebook.com\/Radiio-Ljubuski-1490835324566332","article_published_time":"2021-06-05T20:33:33+00:00","article_modified_time":"2021-06-05T20:33:34+00:00","og_image":[{"width":1000,"height":625,"url":"https:\/\/radioljubuski.ba\/wp-content\/uploads\/2021\/06\/9-2021-06-05-21-10-54-vojjna-vjezba.png","type":"image\/png"}],"author":"Radio Ljubu\u0161ki","twitter_card":"summary_large_image","twitter_creator":"@radioljubuski","twitter_site":"@radioljubuski","twitter_misc":{"Napisao\/la":"Radio Ljubu\u0161ki","Procijenjeno vrijeme \u010ditanja":"4 minute"},"schema":{"@context":"https:\/\/schema.org","@graph":[{"@type":"Article","@id":"https:\/\/radioljubuski.ba\/index.php\/2021\/06\/05\/sto-su-smede-beretke-radile-u-bih\/#article","isPartOf":{"@id":"https:\/\/radioljubuski.ba\/index.php\/2021\/06\/05\/sto-su-smede-beretke-radile-u-bih\/"},"author":{"name":"Radio Ljubu\u0161ki","@id":"https:\/\/radioljubuski.ba\/#\/schema\/person\/19fc700381a780f69665d7956c469e3b"},"headline":"\u0160to su \u2019sme\u0111e beretke\u2019 radile u BiH","datePublished":"2021-06-05T20:33:33+00:00","dateModified":"2021-06-05T20:33:34+00:00","mainEntityOfPage":{"@id":"https:\/\/radioljubuski.ba\/index.php\/2021\/06\/05\/sto-su-smede-beretke-radile-u-bih\/"},"wordCount":935,"publisher":{"@id":"https:\/\/radioljubuski.ba\/#organization"},"image":{"@id":"https:\/\/radioljubuski.ba\/index.php\/2021\/06\/05\/sto-su-smede-beretke-radile-u-bih\/#primaryimage"},"thumbnailUrl":"https:\/\/radioljubuski.ba\/wp-content\/uploads\/2021\/06\/9-2021-06-05-21-10-54-vojjna-vjezba.png","articleSection":["BIH i regija"],"inLanguage":"hr"},{"@type":"WebPage","@id":"https:\/\/radioljubuski.ba\/index.php\/2021\/06\/05\/sto-su-smede-beretke-radile-u-bih\/","url":"https:\/\/radioljubuski.ba\/index.php\/2021\/06\/05\/sto-su-smede-beretke-radile-u-bih\/","name":"\u0160to su \u2019sme\u0111e beretke\u2019 radile u BiH - RADIO LJUBU\u0160KI","isPartOf":{"@id":"https:\/\/radioljubuski.ba\/#website"},"primaryImageOfPage":{"@id":"https:\/\/radioljubuski.ba\/index.php\/2021\/06\/05\/sto-su-smede-beretke-radile-u-bih\/#primaryimage"},"image":{"@id":"https:\/\/radioljubuski.ba\/index.php\/2021\/06\/05\/sto-su-smede-beretke-radile-u-bih\/#primaryimage"},"thumbnailUrl":"https:\/\/radioljubuski.ba\/wp-content\/uploads\/2021\/06\/9-2021-06-05-21-10-54-vojjna-vjezba.png","datePublished":"2021-06-05T20:33:33+00:00","dateModified":"2021-06-05T20:33:34+00:00","breadcrumb":{"@id":"https:\/\/radioljubuski.ba\/index.php\/2021\/06\/05\/sto-su-smede-beretke-radile-u-bih\/#breadcrumb"},"inLanguage":"hr","potentialAction":[{"@type":"ReadAction","target":["https:\/\/radioljubuski.ba\/index.php\/2021\/06\/05\/sto-su-smede-beretke-radile-u-bih\/"]}]},{"@type":"ImageObject","inLanguage":"hr","@id":"https:\/\/radioljubuski.ba\/index.php\/2021\/06\/05\/sto-su-smede-beretke-radile-u-bih\/#primaryimage","url":"https:\/\/radioljubuski.ba\/wp-content\/uploads\/2021\/06\/9-2021-06-05-21-10-54-vojjna-vjezba.png","contentUrl":"https:\/\/radioljubuski.ba\/wp-content\/uploads\/2021\/06\/9-2021-06-05-21-10-54-vojjna-vjezba.png","width":1000,"height":625},{"@type":"BreadcrumbList","@id":"https:\/\/radioljubuski.ba\/index.php\/2021\/06\/05\/sto-su-smede-beretke-radile-u-bih\/#breadcrumb","itemListElement":[{"@type":"ListItem","position":1,"name":"Po\u010detna stranica","item":"https:\/\/radioljubuski.ba\/"},{"@type":"ListItem","position":2,"name":"\u0160to su \u2019sme\u0111e beretke\u2019 radile u BiH"}]},{"@type":"WebSite","@id":"https:\/\/radioljubuski.ba\/#website","url":"https:\/\/radioljubuski.ba\/","name":"Radio Ljubu\u0161ki","description":"Sun\u010dana frekvencija Hercegovine","publisher":{"@id":"https:\/\/radioljubuski.ba\/#organization"},"potentialAction":[{"@type":"SearchAction","target":{"@type":"EntryPoint","urlTemplate":"https:\/\/radioljubuski.ba\/?s={search_term_string}"},"query-input":{"@type":"PropertyValueSpecification","valueRequired":true,"valueName":"search_term_string"}}],"inLanguage":"hr"},{"@type":"Organization","@id":"https:\/\/radioljubuski.ba\/#organization","name":"Radio Ljubu\u0161ki","url":"https:\/\/radioljubuski.ba\/","logo":{"@type":"ImageObject","inLanguage":"hr","@id":"https:\/\/radioljubuski.ba\/#\/schema\/logo\/image\/","url":"https:\/\/radioljubuski.ba\/wp-content\/uploads\/2021\/02\/cropped-Radio_Ljubuski_logo1.jpg","contentUrl":"https:\/\/radioljubuski.ba\/wp-content\/uploads\/2021\/02\/cropped-Radio_Ljubuski_logo1.jpg","width":512,"height":512,"caption":"Radio Ljubu\u0161ki"},"image":{"@id":"https:\/\/radioljubuski.ba\/#\/schema\/logo\/image\/"},"sameAs":["https:\/\/www.facebook.com\/Radiio-Ljubuski-1490835324566332","https:\/\/x.com\/radioljubuski","https:\/\/hr.linkedin.com\/company\/radio-ljubuski","https:\/\/www.youtube.com\/channel\/UCHYaeO_n0Db3tjNGudGpXyw"]},{"@type":"Person","@id":"https:\/\/radioljubuski.ba\/#\/schema\/person\/19fc700381a780f69665d7956c469e3b","name":"Radio Ljubu\u0161ki"}]}},"_links":{"self":[{"href":"https:\/\/radioljubuski.ba\/index.php\/wp-json\/wp\/v2\/posts\/28933","targetHints":{"allow":["GET"]}}],"collection":[{"href":"https:\/\/radioljubuski.ba\/index.php\/wp-json\/wp\/v2\/posts"}],"about":[{"href":"https:\/\/radioljubuski.ba\/index.php\/wp-json\/wp\/v2\/types\/post"}],"author":[{"embeddable":true,"href":"https:\/\/radioljubuski.ba\/index.php\/wp-json\/wp\/v2\/users\/2"}],"replies":[{"embeddable":true,"href":"https:\/\/radioljubuski.ba\/index.php\/wp-json\/wp\/v2\/comments?post=28933"}],"version-history":[{"count":1,"href":"https:\/\/radioljubuski.ba\/index.php\/wp-json\/wp\/v2\/posts\/28933\/revisions"}],"predecessor-version":[{"id":28935,"href":"https:\/\/radioljubuski.ba\/index.php\/wp-json\/wp\/v2\/posts\/28933\/revisions\/28935"}],"wp:featuredmedia":[{"embeddable":true,"href":"https:\/\/radioljubuski.ba\/index.php\/wp-json\/wp\/v2\/media\/28934"}],"wp:attachment":[{"href":"https:\/\/radioljubuski.ba\/index.php\/wp-json\/wp\/v2\/media?parent=28933"}],"wp:term":[{"taxonomy":"category","embeddable":true,"href":"https:\/\/radioljubuski.ba\/index.php\/wp-json\/wp\/v2\/categories?post=28933"},{"taxonomy":"post_tag","embeddable":true,"href":"https:\/\/radioljubuski.ba\/index.php\/wp-json\/wp\/v2\/tags?post=28933"}],"curies":[{"name":"wp","href":"https:\/\/api.w.org\/{rel}","templated":true}]}}