{"id":29446,"date":"2021-06-07T08:44:11","date_gmt":"2021-06-07T07:44:11","guid":{"rendered":"https:\/\/radioljubuski.ba\/?p=29446"},"modified":"2021-06-07T08:44:12","modified_gmt":"2021-06-07T07:44:12","slug":"cetvrta-vecer-devetnice-u-studencima","status":"publish","type":"post","link":"https:\/\/radioljubuski.ba\/index.php\/2021\/06\/07\/cetvrta-vecer-devetnice-u-studencima\/","title":{"rendered":"\u010cetvrta ve\u010der Devetnice u Studencima"},"content":{"rendered":"\n<p>U subotu, 5.lipnja, u sveti\u0161tu Srca Isusova u Studencima nastavljena je duhovna priprava za proslavu patrona \u017eupe Presvetog Srca Isusova. Nakon pobo\u017enosti Srcu Isusovu koju su molili i pjevali mladi iz \u017eupe misno slavlje predvodio je fra Mladen Vuk\u0161i\u0107, \u017eupnik u Posu\u0161ju, a pjevala je \u017eenska pjeva\u010dka skupina \u201eIzvor\u201c.<\/p>\n\n\n\n<p>U propovijedi je fra Mladen govorio o skromnosti i poniznosti koju bi svi vjernici trebali prakticirati po uzoru na Krista Spasitelja koji je cijeli svoj ovozemaljski \u017eivot bio poslu\u0161an i ponizan do smrti na Kri\u017eu<\/p>\n\n\n\n<p>Na kraju svete Mise \u017eupnik don Ante je zahvalio predvoditelju misnog slavlja, \u017eupljanima i hodo\u010dasnicima, te ih pozvao da i slijede\u0107ih dana dolaze na pobo\u017enost i svetu Misu. Kao i svake ve\u010deri ispovijedalo je nekoliko sve\u0107enika koji su na raspolaganju cijelo vrijeme Devetnice.<\/p>\n\n\n\n<figure class=\"wp-block-gallery columns-3 is-cropped wp-block-gallery-1 is-layout-flex wp-block-gallery-is-layout-flex\"><ul class=\"blocks-gallery-grid\"><li class=\"blocks-gallery-item\"><figure><img loading=\"lazy\" decoding=\"async\" width=\"1024\" height=\"683\" src=\"https:\/\/radioljubuski.ba\/wp-content\/uploads\/2021\/06\/IMG_0006.jpg\" alt=\"\" data-id=\"29447\" data-full-url=\"https:\/\/radioljubuski.ba\/wp-content\/uploads\/2021\/06\/IMG_0006.jpg\" data-link=\"https:\/\/radioljubuski.ba\/?attachment_id=29447\" class=\"wp-image-29447\" srcset=\"https:\/\/radioljubuski.ba\/wp-content\/uploads\/2021\/06\/IMG_0006.jpg 1024w, https:\/\/radioljubuski.ba\/wp-content\/uploads\/2021\/06\/IMG_0006-300x200.jpg 300w, https:\/\/radioljubuski.ba\/wp-content\/uploads\/2021\/06\/IMG_0006-768x512.jpg 768w, https:\/\/radioljubuski.ba\/wp-content\/uploads\/2021\/06\/IMG_0006-16x12.jpg 16w\" sizes=\"auto, (max-width: 1024px) 100vw, 1024px\" \/><\/figure><\/li><li class=\"blocks-gallery-item\"><figure><img loading=\"lazy\" decoding=\"async\" width=\"1024\" height=\"683\" src=\"https:\/\/radioljubuski.ba\/wp-content\/uploads\/2021\/06\/IMG_0009.jpg\" alt=\"\" data-id=\"29448\" data-full-url=\"https:\/\/radioljubuski.ba\/wp-content\/uploads\/2021\/06\/IMG_0009.jpg\" data-link=\"https:\/\/radioljubuski.ba\/?attachment_id=29448\" class=\"wp-image-29448\" srcset=\"https:\/\/radioljubuski.ba\/wp-content\/uploads\/2021\/06\/IMG_0009.jpg 1024w, https:\/\/radioljubuski.ba\/wp-content\/uploads\/2021\/06\/IMG_0009-300x200.jpg 300w, https:\/\/radioljubuski.ba\/wp-content\/uploads\/2021\/06\/IMG_0009-768x512.jpg 768w, https:\/\/radioljubuski.ba\/wp-content\/uploads\/2021\/06\/IMG_0009-16x12.jpg 16w\" sizes=\"auto, (max-width: 1024px) 100vw, 1024px\" \/><\/figure><\/li><li class=\"blocks-gallery-item\"><figure><img loading=\"lazy\" decoding=\"async\" width=\"1024\" height=\"683\" src=\"https:\/\/radioljubuski.ba\/wp-content\/uploads\/2021\/06\/IMG_0012-2.jpg\" alt=\"\" data-id=\"29449\" data-full-url=\"https:\/\/radioljubuski.ba\/wp-content\/uploads\/2021\/06\/IMG_0012-2.jpg\" data-link=\"https:\/\/radioljubuski.ba\/?attachment_id=29449\" class=\"wp-image-29449\" srcset=\"https:\/\/radioljubuski.ba\/wp-content\/uploads\/2021\/06\/IMG_0012-2.jpg 1024w, https:\/\/radioljubuski.ba\/wp-content\/uploads\/2021\/06\/IMG_0012-2-300x200.jpg 300w, https:\/\/radioljubuski.ba\/wp-content\/uploads\/2021\/06\/IMG_0012-2-768x512.jpg 768w, https:\/\/radioljubuski.ba\/wp-content\/uploads\/2021\/06\/IMG_0012-2-16x12.jpg 16w\" sizes=\"auto, (max-width: 1024px) 100vw, 1024px\" \/><\/figure><\/li><li class=\"blocks-gallery-item\"><figure><img loading=\"lazy\" decoding=\"async\" width=\"968\" height=\"768\" src=\"https:\/\/radioljubuski.ba\/wp-content\/uploads\/2021\/06\/IMG_0013.jpg\" alt=\"\" data-id=\"29450\" data-full-url=\"https:\/\/radioljubuski.ba\/wp-content\/uploads\/2021\/06\/IMG_0013.jpg\" data-link=\"https:\/\/radioljubuski.ba\/?attachment_id=29450\" class=\"wp-image-29450\" srcset=\"https:\/\/radioljubuski.ba\/wp-content\/uploads\/2021\/06\/IMG_0013.jpg 968w, https:\/\/radioljubuski.ba\/wp-content\/uploads\/2021\/06\/IMG_0013-300x238.jpg 300w, https:\/\/radioljubuski.ba\/wp-content\/uploads\/2021\/06\/IMG_0013-768x609.jpg 768w, https:\/\/radioljubuski.ba\/wp-content\/uploads\/2021\/06\/IMG_0013-16x12.jpg 16w\" sizes=\"auto, (max-width: 968px) 100vw, 968px\" \/><\/figure><\/li><li class=\"blocks-gallery-item\"><figure><img loading=\"lazy\" decoding=\"async\" width=\"1024\" height=\"683\" src=\"https:\/\/radioljubuski.ba\/wp-content\/uploads\/2021\/06\/IMG_0016-2.jpg\" alt=\"\" data-id=\"29451\" data-full-url=\"https:\/\/radioljubuski.ba\/wp-content\/uploads\/2021\/06\/IMG_0016-2.jpg\" data-link=\"https:\/\/radioljubuski.ba\/?attachment_id=29451\" class=\"wp-image-29451\" srcset=\"https:\/\/radioljubuski.ba\/wp-content\/uploads\/2021\/06\/IMG_0016-2.jpg 1024w, https:\/\/radioljubuski.ba\/wp-content\/uploads\/2021\/06\/IMG_0016-2-300x200.jpg 300w, https:\/\/radioljubuski.ba\/wp-content\/uploads\/2021\/06\/IMG_0016-2-768x512.jpg 768w, https:\/\/radioljubuski.ba\/wp-content\/uploads\/2021\/06\/IMG_0016-2-16x12.jpg 16w\" sizes=\"auto, (max-width: 1024px) 100vw, 1024px\" \/><\/figure><\/li><li class=\"blocks-gallery-item\"><figure><img loading=\"lazy\" decoding=\"async\" width=\"1024\" height=\"683\" src=\"https:\/\/radioljubuski.ba\/wp-content\/uploads\/2021\/06\/IMG_0018.jpg\" alt=\"\" data-id=\"29452\" data-full-url=\"https:\/\/radioljubuski.ba\/wp-content\/uploads\/2021\/06\/IMG_0018.jpg\" data-link=\"https:\/\/radioljubuski.ba\/?attachment_id=29452\" class=\"wp-image-29452\" srcset=\"https:\/\/radioljubuski.ba\/wp-content\/uploads\/2021\/06\/IMG_0018.jpg 1024w, https:\/\/radioljubuski.ba\/wp-content\/uploads\/2021\/06\/IMG_0018-300x200.jpg 300w, https:\/\/radioljubuski.ba\/wp-content\/uploads\/2021\/06\/IMG_0018-768x512.jpg 768w, https:\/\/radioljubuski.ba\/wp-content\/uploads\/2021\/06\/IMG_0018-16x12.jpg 16w\" sizes=\"auto, (max-width: 1024px) 100vw, 1024px\" \/><\/figure><\/li><\/ul><\/figure>\n\n\n\n<p>M.Kraljevi\u0107\/Radio Ljubu\u0161ki<\/p>\n","protected":false},"excerpt":{"rendered":"<p>U subotu, 5.lipnja, u sveti\u0161tu Srca Isusova u Studencima nastavljena je duhovna priprava za proslavu patrona \u017eupe Presvetog Srca Isusova. Nakon pobo\u017enosti Srcu Isusovu koju su molili i pjevali mladi iz \u017eupe misno slavlje predvodio je fra Mladen Vuk\u0161i\u0107, \u017eupnik u Posu\u0161ju, a pjevala je \u017eenska pjeva\u010dka skupina \u201eIzvor\u201c. U propovijedi je fra Mladen govorio [&hellip;]<\/p>\n","protected":false},"author":2,"featured_media":29453,"comment_status":"closed","ping_status":"closed","sticky":false,"template":"","format":"standard","meta":{"h5ap_radio_sources":[],"footnotes":""},"categories":[3],"tags":[],"class_list":["post-29446","post","type-post","status-publish","format-standard","has-post-thumbnail","hentry","category-ljubuski"],"yoast_head":"<!-- This site is optimized with the Yoast SEO plugin v27.5 - https:\/\/yoast.com\/product\/yoast-seo-wordpress\/ -->\n<title>\u010cetvrta ve\u010der Devetnice u Studencima - RADIO LJUBU\u0160KI<\/title>\n<meta name=\"robots\" content=\"index, follow, max-snippet:-1, max-image-preview:large, max-video-preview:-1\" \/>\n<link rel=\"canonical\" href=\"https:\/\/radioljubuski.ba\/index.php\/2021\/06\/07\/cetvrta-vecer-devetnice-u-studencima\/\" \/>\n<meta property=\"og:locale\" content=\"hr_HR\" \/>\n<meta property=\"og:type\" content=\"article\" \/>\n<meta property=\"og:title\" content=\"\u010cetvrta ve\u010der Devetnice u Studencima - RADIO LJUBU\u0160KI\" \/>\n<meta property=\"og:description\" content=\"U subotu, 5.lipnja, u sveti\u0161tu Srca Isusova u Studencima nastavljena je duhovna priprava za proslavu patrona \u017eupe Presvetog Srca Isusova. Nakon pobo\u017enosti Srcu Isusovu koju su molili i pjevali mladi iz \u017eupe misno slavlje predvodio je fra Mladen Vuk\u0161i\u0107, \u017eupnik u Posu\u0161ju, a pjevala je \u017eenska pjeva\u010dka skupina \u201eIzvor\u201c. U propovijedi je fra Mladen govorio [&hellip;]\" \/>\n<meta property=\"og:url\" content=\"https:\/\/radioljubuski.ba\/index.php\/2021\/06\/07\/cetvrta-vecer-devetnice-u-studencima\/\" \/>\n<meta property=\"og:site_name\" content=\"RADIO LJUBU\u0160KI\" \/>\n<meta property=\"article:publisher\" content=\"https:\/\/www.facebook.com\/Radiio-Ljubuski-1490835324566332\" \/>\n<meta property=\"article:published_time\" content=\"2021-06-07T07:44:11+00:00\" \/>\n<meta property=\"article:modified_time\" content=\"2021-06-07T07:44:12+00:00\" \/>\n<meta property=\"og:image\" content=\"https:\/\/radioljubuski.ba\/wp-content\/uploads\/2021\/06\/IMG_0016-3.jpg\" \/>\n\t<meta property=\"og:image:width\" content=\"1024\" \/>\n\t<meta property=\"og:image:height\" content=\"683\" \/>\n\t<meta property=\"og:image:type\" content=\"image\/jpeg\" \/>\n<meta name=\"author\" content=\"Radio Ljubu\u0161ki\" \/>\n<meta name=\"twitter:card\" content=\"summary_large_image\" \/>\n<meta name=\"twitter:creator\" content=\"@radioljubuski\" \/>\n<meta name=\"twitter:site\" content=\"@radioljubuski\" \/>\n<meta name=\"twitter:label1\" content=\"Napisao\/la\" \/>\n\t<meta name=\"twitter:data1\" content=\"Radio Ljubu\u0161ki\" \/>\n\t<meta name=\"twitter:label2\" content=\"Procijenjeno vrijeme \u010ditanja\" \/>\n\t<meta name=\"twitter:data2\" content=\"2 minute\" \/>\n<script type=\"application\/ld+json\" class=\"yoast-schema-graph\">{\"@context\":\"https:\\\/\\\/schema.org\",\"@graph\":[{\"@type\":\"Article\",\"@id\":\"https:\\\/\\\/radioljubuski.ba\\\/index.php\\\/2021\\\/06\\\/07\\\/cetvrta-vecer-devetnice-u-studencima\\\/#article\",\"isPartOf\":{\"@id\":\"https:\\\/\\\/radioljubuski.ba\\\/index.php\\\/2021\\\/06\\\/07\\\/cetvrta-vecer-devetnice-u-studencima\\\/\"},\"author\":{\"name\":\"Radio Ljubu\u0161ki\",\"@id\":\"https:\\\/\\\/radioljubuski.ba\\\/#\\\/schema\\\/person\\\/19fc700381a780f69665d7956c469e3b\"},\"headline\":\"\u010cetvrta ve\u010der Devetnice u Studencima\",\"datePublished\":\"2021-06-07T07:44:11+00:00\",\"dateModified\":\"2021-06-07T07:44:12+00:00\",\"mainEntityOfPage\":{\"@id\":\"https:\\\/\\\/radioljubuski.ba\\\/index.php\\\/2021\\\/06\\\/07\\\/cetvrta-vecer-devetnice-u-studencima\\\/\"},\"wordCount\":150,\"publisher\":{\"@id\":\"https:\\\/\\\/radioljubuski.ba\\\/#organization\"},\"image\":{\"@id\":\"https:\\\/\\\/radioljubuski.ba\\\/index.php\\\/2021\\\/06\\\/07\\\/cetvrta-vecer-devetnice-u-studencima\\\/#primaryimage\"},\"thumbnailUrl\":\"https:\\\/\\\/radioljubuski.ba\\\/wp-content\\\/uploads\\\/2021\\\/06\\\/IMG_0016-3.jpg\",\"articleSection\":[\"Ljubu\u0161ki\"],\"inLanguage\":\"hr\"},{\"@type\":\"WebPage\",\"@id\":\"https:\\\/\\\/radioljubuski.ba\\\/index.php\\\/2021\\\/06\\\/07\\\/cetvrta-vecer-devetnice-u-studencima\\\/\",\"url\":\"https:\\\/\\\/radioljubuski.ba\\\/index.php\\\/2021\\\/06\\\/07\\\/cetvrta-vecer-devetnice-u-studencima\\\/\",\"name\":\"\u010cetvrta ve\u010der Devetnice u Studencima - RADIO LJUBU\u0160KI\",\"isPartOf\":{\"@id\":\"https:\\\/\\\/radioljubuski.ba\\\/#website\"},\"primaryImageOfPage\":{\"@id\":\"https:\\\/\\\/radioljubuski.ba\\\/index.php\\\/2021\\\/06\\\/07\\\/cetvrta-vecer-devetnice-u-studencima\\\/#primaryimage\"},\"image\":{\"@id\":\"https:\\\/\\\/radioljubuski.ba\\\/index.php\\\/2021\\\/06\\\/07\\\/cetvrta-vecer-devetnice-u-studencima\\\/#primaryimage\"},\"thumbnailUrl\":\"https:\\\/\\\/radioljubuski.ba\\\/wp-content\\\/uploads\\\/2021\\\/06\\\/IMG_0016-3.jpg\",\"datePublished\":\"2021-06-07T07:44:11+00:00\",\"dateModified\":\"2021-06-07T07:44:12+00:00\",\"breadcrumb\":{\"@id\":\"https:\\\/\\\/radioljubuski.ba\\\/index.php\\\/2021\\\/06\\\/07\\\/cetvrta-vecer-devetnice-u-studencima\\\/#breadcrumb\"},\"inLanguage\":\"hr\",\"potentialAction\":[{\"@type\":\"ReadAction\",\"target\":[\"https:\\\/\\\/radioljubuski.ba\\\/index.php\\\/2021\\\/06\\\/07\\\/cetvrta-vecer-devetnice-u-studencima\\\/\"]}]},{\"@type\":\"ImageObject\",\"inLanguage\":\"hr\",\"@id\":\"https:\\\/\\\/radioljubuski.ba\\\/index.php\\\/2021\\\/06\\\/07\\\/cetvrta-vecer-devetnice-u-studencima\\\/#primaryimage\",\"url\":\"https:\\\/\\\/radioljubuski.ba\\\/wp-content\\\/uploads\\\/2021\\\/06\\\/IMG_0016-3.jpg\",\"contentUrl\":\"https:\\\/\\\/radioljubuski.ba\\\/wp-content\\\/uploads\\\/2021\\\/06\\\/IMG_0016-3.jpg\",\"width\":1024,\"height\":683},{\"@type\":\"BreadcrumbList\",\"@id\":\"https:\\\/\\\/radioljubuski.ba\\\/index.php\\\/2021\\\/06\\\/07\\\/cetvrta-vecer-devetnice-u-studencima\\\/#breadcrumb\",\"itemListElement\":[{\"@type\":\"ListItem\",\"position\":1,\"name\":\"Po\u010detna stranica\",\"item\":\"https:\\\/\\\/radioljubuski.ba\\\/\"},{\"@type\":\"ListItem\",\"position\":2,\"name\":\"\u010cetvrta ve\u010der Devetnice u Studencima\"}]},{\"@type\":\"WebSite\",\"@id\":\"https:\\\/\\\/radioljubuski.ba\\\/#website\",\"url\":\"https:\\\/\\\/radioljubuski.ba\\\/\",\"name\":\"Radio Ljubu\u0161ki\",\"description\":\"Sun\u010dana frekvencija Hercegovine\",\"publisher\":{\"@id\":\"https:\\\/\\\/radioljubuski.ba\\\/#organization\"},\"potentialAction\":[{\"@type\":\"SearchAction\",\"target\":{\"@type\":\"EntryPoint\",\"urlTemplate\":\"https:\\\/\\\/radioljubuski.ba\\\/?s={search_term_string}\"},\"query-input\":{\"@type\":\"PropertyValueSpecification\",\"valueRequired\":true,\"valueName\":\"search_term_string\"}}],\"inLanguage\":\"hr\"},{\"@type\":\"Organization\",\"@id\":\"https:\\\/\\\/radioljubuski.ba\\\/#organization\",\"name\":\"Radio Ljubu\u0161ki\",\"url\":\"https:\\\/\\\/radioljubuski.ba\\\/\",\"logo\":{\"@type\":\"ImageObject\",\"inLanguage\":\"hr\",\"@id\":\"https:\\\/\\\/radioljubuski.ba\\\/#\\\/schema\\\/logo\\\/image\\\/\",\"url\":\"https:\\\/\\\/radioljubuski.ba\\\/wp-content\\\/uploads\\\/2021\\\/02\\\/cropped-Radio_Ljubuski_logo1.jpg\",\"contentUrl\":\"https:\\\/\\\/radioljubuski.ba\\\/wp-content\\\/uploads\\\/2021\\\/02\\\/cropped-Radio_Ljubuski_logo1.jpg\",\"width\":512,\"height\":512,\"caption\":\"Radio Ljubu\u0161ki\"},\"image\":{\"@id\":\"https:\\\/\\\/radioljubuski.ba\\\/#\\\/schema\\\/logo\\\/image\\\/\"},\"sameAs\":[\"https:\\\/\\\/www.facebook.com\\\/Radiio-Ljubuski-1490835324566332\",\"https:\\\/\\\/x.com\\\/radioljubuski\",\"https:\\\/\\\/hr.linkedin.com\\\/company\\\/radio-ljubuski\",\"https:\\\/\\\/www.youtube.com\\\/channel\\\/UCHYaeO_n0Db3tjNGudGpXyw\"]},{\"@type\":\"Person\",\"@id\":\"https:\\\/\\\/radioljubuski.ba\\\/#\\\/schema\\\/person\\\/19fc700381a780f69665d7956c469e3b\",\"name\":\"Radio Ljubu\u0161ki\"}]}<\/script>\n<!-- \/ Yoast SEO plugin. -->","yoast_head_json":{"title":"\u010cetvrta ve\u010der Devetnice u Studencima - RADIO LJUBU\u0160KI","robots":{"index":"index","follow":"follow","max-snippet":"max-snippet:-1","max-image-preview":"max-image-preview:large","max-video-preview":"max-video-preview:-1"},"canonical":"https:\/\/radioljubuski.ba\/index.php\/2021\/06\/07\/cetvrta-vecer-devetnice-u-studencima\/","og_locale":"hr_HR","og_type":"article","og_title":"\u010cetvrta ve\u010der Devetnice u Studencima - RADIO LJUBU\u0160KI","og_description":"U subotu, 5.lipnja, u sveti\u0161tu Srca Isusova u Studencima nastavljena je duhovna priprava za proslavu patrona \u017eupe Presvetog Srca Isusova. Nakon pobo\u017enosti Srcu Isusovu koju su molili i pjevali mladi iz \u017eupe misno slavlje predvodio je fra Mladen Vuk\u0161i\u0107, \u017eupnik u Posu\u0161ju, a pjevala je \u017eenska pjeva\u010dka skupina \u201eIzvor\u201c. U propovijedi je fra Mladen govorio [&hellip;]","og_url":"https:\/\/radioljubuski.ba\/index.php\/2021\/06\/07\/cetvrta-vecer-devetnice-u-studencima\/","og_site_name":"RADIO LJUBU\u0160KI","article_publisher":"https:\/\/www.facebook.com\/Radiio-Ljubuski-1490835324566332","article_published_time":"2021-06-07T07:44:11+00:00","article_modified_time":"2021-06-07T07:44:12+00:00","og_image":[{"width":1024,"height":683,"url":"https:\/\/radioljubuski.ba\/wp-content\/uploads\/2021\/06\/IMG_0016-3.jpg","type":"image\/jpeg"}],"author":"Radio Ljubu\u0161ki","twitter_card":"summary_large_image","twitter_creator":"@radioljubuski","twitter_site":"@radioljubuski","twitter_misc":{"Napisao\/la":"Radio Ljubu\u0161ki","Procijenjeno vrijeme \u010ditanja":"2 minute"},"schema":{"@context":"https:\/\/schema.org","@graph":[{"@type":"Article","@id":"https:\/\/radioljubuski.ba\/index.php\/2021\/06\/07\/cetvrta-vecer-devetnice-u-studencima\/#article","isPartOf":{"@id":"https:\/\/radioljubuski.ba\/index.php\/2021\/06\/07\/cetvrta-vecer-devetnice-u-studencima\/"},"author":{"name":"Radio Ljubu\u0161ki","@id":"https:\/\/radioljubuski.ba\/#\/schema\/person\/19fc700381a780f69665d7956c469e3b"},"headline":"\u010cetvrta ve\u010der Devetnice u Studencima","datePublished":"2021-06-07T07:44:11+00:00","dateModified":"2021-06-07T07:44:12+00:00","mainEntityOfPage":{"@id":"https:\/\/radioljubuski.ba\/index.php\/2021\/06\/07\/cetvrta-vecer-devetnice-u-studencima\/"},"wordCount":150,"publisher":{"@id":"https:\/\/radioljubuski.ba\/#organization"},"image":{"@id":"https:\/\/radioljubuski.ba\/index.php\/2021\/06\/07\/cetvrta-vecer-devetnice-u-studencima\/#primaryimage"},"thumbnailUrl":"https:\/\/radioljubuski.ba\/wp-content\/uploads\/2021\/06\/IMG_0016-3.jpg","articleSection":["Ljubu\u0161ki"],"inLanguage":"hr"},{"@type":"WebPage","@id":"https:\/\/radioljubuski.ba\/index.php\/2021\/06\/07\/cetvrta-vecer-devetnice-u-studencima\/","url":"https:\/\/radioljubuski.ba\/index.php\/2021\/06\/07\/cetvrta-vecer-devetnice-u-studencima\/","name":"\u010cetvrta ve\u010der Devetnice u Studencima - RADIO LJUBU\u0160KI","isPartOf":{"@id":"https:\/\/radioljubuski.ba\/#website"},"primaryImageOfPage":{"@id":"https:\/\/radioljubuski.ba\/index.php\/2021\/06\/07\/cetvrta-vecer-devetnice-u-studencima\/#primaryimage"},"image":{"@id":"https:\/\/radioljubuski.ba\/index.php\/2021\/06\/07\/cetvrta-vecer-devetnice-u-studencima\/#primaryimage"},"thumbnailUrl":"https:\/\/radioljubuski.ba\/wp-content\/uploads\/2021\/06\/IMG_0016-3.jpg","datePublished":"2021-06-07T07:44:11+00:00","dateModified":"2021-06-07T07:44:12+00:00","breadcrumb":{"@id":"https:\/\/radioljubuski.ba\/index.php\/2021\/06\/07\/cetvrta-vecer-devetnice-u-studencima\/#breadcrumb"},"inLanguage":"hr","potentialAction":[{"@type":"ReadAction","target":["https:\/\/radioljubuski.ba\/index.php\/2021\/06\/07\/cetvrta-vecer-devetnice-u-studencima\/"]}]},{"@type":"ImageObject","inLanguage":"hr","@id":"https:\/\/radioljubuski.ba\/index.php\/2021\/06\/07\/cetvrta-vecer-devetnice-u-studencima\/#primaryimage","url":"https:\/\/radioljubuski.ba\/wp-content\/uploads\/2021\/06\/IMG_0016-3.jpg","contentUrl":"https:\/\/radioljubuski.ba\/wp-content\/uploads\/2021\/06\/IMG_0016-3.jpg","width":1024,"height":683},{"@type":"BreadcrumbList","@id":"https:\/\/radioljubuski.ba\/index.php\/2021\/06\/07\/cetvrta-vecer-devetnice-u-studencima\/#breadcrumb","itemListElement":[{"@type":"ListItem","position":1,"name":"Po\u010detna stranica","item":"https:\/\/radioljubuski.ba\/"},{"@type":"ListItem","position":2,"name":"\u010cetvrta ve\u010der Devetnice u Studencima"}]},{"@type":"WebSite","@id":"https:\/\/radioljubuski.ba\/#website","url":"https:\/\/radioljubuski.ba\/","name":"Radio Ljubu\u0161ki","description":"Sun\u010dana frekvencija Hercegovine","publisher":{"@id":"https:\/\/radioljubuski.ba\/#organization"},"potentialAction":[{"@type":"SearchAction","target":{"@type":"EntryPoint","urlTemplate":"https:\/\/radioljubuski.ba\/?s={search_term_string}"},"query-input":{"@type":"PropertyValueSpecification","valueRequired":true,"valueName":"search_term_string"}}],"inLanguage":"hr"},{"@type":"Organization","@id":"https:\/\/radioljubuski.ba\/#organization","name":"Radio Ljubu\u0161ki","url":"https:\/\/radioljubuski.ba\/","logo":{"@type":"ImageObject","inLanguage":"hr","@id":"https:\/\/radioljubuski.ba\/#\/schema\/logo\/image\/","url":"https:\/\/radioljubuski.ba\/wp-content\/uploads\/2021\/02\/cropped-Radio_Ljubuski_logo1.jpg","contentUrl":"https:\/\/radioljubuski.ba\/wp-content\/uploads\/2021\/02\/cropped-Radio_Ljubuski_logo1.jpg","width":512,"height":512,"caption":"Radio Ljubu\u0161ki"},"image":{"@id":"https:\/\/radioljubuski.ba\/#\/schema\/logo\/image\/"},"sameAs":["https:\/\/www.facebook.com\/Radiio-Ljubuski-1490835324566332","https:\/\/x.com\/radioljubuski","https:\/\/hr.linkedin.com\/company\/radio-ljubuski","https:\/\/www.youtube.com\/channel\/UCHYaeO_n0Db3tjNGudGpXyw"]},{"@type":"Person","@id":"https:\/\/radioljubuski.ba\/#\/schema\/person\/19fc700381a780f69665d7956c469e3b","name":"Radio Ljubu\u0161ki"}]}},"_links":{"self":[{"href":"https:\/\/radioljubuski.ba\/index.php\/wp-json\/wp\/v2\/posts\/29446","targetHints":{"allow":["GET"]}}],"collection":[{"href":"https:\/\/radioljubuski.ba\/index.php\/wp-json\/wp\/v2\/posts"}],"about":[{"href":"https:\/\/radioljubuski.ba\/index.php\/wp-json\/wp\/v2\/types\/post"}],"author":[{"embeddable":true,"href":"https:\/\/radioljubuski.ba\/index.php\/wp-json\/wp\/v2\/users\/2"}],"replies":[{"embeddable":true,"href":"https:\/\/radioljubuski.ba\/index.php\/wp-json\/wp\/v2\/comments?post=29446"}],"version-history":[{"count":1,"href":"https:\/\/radioljubuski.ba\/index.php\/wp-json\/wp\/v2\/posts\/29446\/revisions"}],"predecessor-version":[{"id":29454,"href":"https:\/\/radioljubuski.ba\/index.php\/wp-json\/wp\/v2\/posts\/29446\/revisions\/29454"}],"wp:featuredmedia":[{"embeddable":true,"href":"https:\/\/radioljubuski.ba\/index.php\/wp-json\/wp\/v2\/media\/29453"}],"wp:attachment":[{"href":"https:\/\/radioljubuski.ba\/index.php\/wp-json\/wp\/v2\/media?parent=29446"}],"wp:term":[{"taxonomy":"category","embeddable":true,"href":"https:\/\/radioljubuski.ba\/index.php\/wp-json\/wp\/v2\/categories?post=29446"},{"taxonomy":"post_tag","embeddable":true,"href":"https:\/\/radioljubuski.ba\/index.php\/wp-json\/wp\/v2\/tags?post=29446"}],"curies":[{"name":"wp","href":"https:\/\/api.w.org\/{rel}","templated":true}]}}