{"id":30396,"date":"2021-06-09T14:04:30","date_gmt":"2021-06-09T13:04:30","guid":{"rendered":"https:\/\/radioljubuski.ba\/?p=30396"},"modified":"2021-06-09T14:04:30","modified_gmt":"2021-06-09T13:04:30","slug":"rebic-svatko-ce-igrati-ono-sto-mu-izbornik-kaze-nemamo-se-sto-zaliti","status":"publish","type":"post","link":"https:\/\/radioljubuski.ba\/index.php\/2021\/06\/09\/rebic-svatko-ce-igrati-ono-sto-mu-izbornik-kaze-nemamo-se-sto-zaliti\/","title":{"rendered":"Rebi\u0107: Svatko \u0107e igrati ono \u0161to mu izbornik ka\u017ee, nemamo se \u0161to \u017ealiti"},"content":{"rendered":"\n<p>Hrvatski nogometni reprezentativci Ante Rebi\u0107 i Domagoj Bradari\u0107 govore o stanju u reprezentaciji i pripremama uo\u010di po\u010detka Europskog nogometnog prvenstva.<\/p>\n\n\n\n<p>Hrvatska prvu utakmicu igra u nedjelju protiv Engleske.<\/p>\n\n\n\n<p>&#8211; Pripremamo se dobro za prvu utakmicu, analizirali smo utakmicu s Belgijom. Vidjeli smo koji su nam bili nedostatci, svaki dan analiziramo Engleze i mislim da \u0107emo biti spremni, rekao je Rebi\u0107.<\/p>\n\n\n\n<p>Kalkulacije? Lak\u0161i put mogao bi \u010dekati Vatrene ako \u0107emo u osminu finala s drugog mjesta, a ne s prvog.<\/p>\n\n\n\n<p>&#8211; Iskreno, nismo previ\u0161e tro\u0161ili rije\u010di oko toga, sigurno je da, ako \u017eelimo daleko dogurati, morat \u0107emo kad tad igrati s jakim reprezetacijama. Kod nas, kao i na Svjetskom prvenstvu, nema kalkuliranja. \u017delimo svaku utakmicu pobijediti i dogurati \u0161to dalje.<\/p>\n\n\n\n<figure class=\"wp-block-embed is-type-video is-provider-youtube wp-block-embed-youtube wp-embed-aspect-16-9 wp-has-aspect-ratio\"><div class=\"wp-block-embed__wrapper\">\n<iframe loading=\"lazy\" title=\"Konferencija za medije (Rebi\u0107, Bradari\u0107) 09.06.2021. 14:00 Rovinj\" width=\"640\" height=\"360\" src=\"https:\/\/www.youtube.com\/embed\/xRhapyhrFpc?feature=oembed\" frameborder=\"0\" allow=\"accelerometer; autoplay; clipboard-write; encrypted-media; gyroscope; picture-in-picture; web-share\" referrerpolicy=\"strict-origin-when-cross-origin\" allowfullscreen><\/iframe>\n<\/div><\/figure>\n\n\n\n<p>&#8211; Engleska je jedan od favorita za osvajanje Eura, nemaju neke slabe to\u010dke, imali su stopere u finalu Lige prvaka. Mi \u0107emo se pripremiti najbolje \u0161to mo\u017eemo i poku\u0161ati pobijediti. Prva utakmica je va\u017ena, ali nije presudna, nama je cilj pro\u0107i skupinu. Ako i ne pobijedimo prvu utakmicu, imamo i dalje \u0161anse, rekao je Rebi\u0107.<br><br>Na treningu izbornik<strong> Zlatko Dali\u0107 <\/strong>poku\u0161ao je i formaciju s njime u samoj \u0161pici.<br><br>&#8211; Svatko \u0107e igrati ono \u0161to mu izbornik ka\u017ee, nemamo se \u0161to \u017ealiti oko toga, to je pitanje za izbornika, ja sam spreman. Imao sam problema s listom, ali sada je sve u redu.<br><br>&#8211; U klubu sam igrao i \u010distu \u0161picu kad nije bilo Ibrahimovi\u0107a, ako budem tu igrao, to mi ne\u0107e predstavljati nikakav problem.<\/p>\n\n\n\n<p>Zanimalo je novinare i \u0161to misli o kapetanu <strong>Luki Modri\u0107u<\/strong>, koji s 35 godina mo\u017ee igrati na vrhunskoj razini, nakon naporne sezone.<\/p>\n\n\n\n<p>&#8211; Ula\u017ee vjerojatno dosta u sebe, ne znam tajnu, to morate pitati njega, ali ima jo\u0161 dosta igra\u010da koji igraju na vrhunskom nivou s vi\u0161e od 35 godina.<\/p>\n\n\n\n<p>&#8211; \u0160teta je \u0161to ne\u0107e biti navija\u010da, ali ve\u0107 godinu dana igramo pred praznim tribinama. Mo\u017eda \u0107e nam biti \u010dudno kad se vrate, zaklju\u010dio je hrvatski krilni napada\u010d.<\/p>\n\n\n\n<p>Izvor:hrt.hr<\/p>\n","protected":false},"excerpt":{"rendered":"<p>Hrvatski nogometni reprezentativci Ante Rebi\u0107 i Domagoj Bradari\u0107 govore o stanju u reprezentaciji i pripremama uo\u010di po\u010detka Europskog nogometnog prvenstva. Hrvatska prvu utakmicu igra u nedjelju protiv Engleske. &#8211; Pripremamo se dobro za prvu utakmicu, analizirali smo utakmicu s Belgijom. Vidjeli smo koji su nam bili nedostatci, svaki dan analiziramo Engleze i mislim da \u0107emo [&hellip;]<\/p>\n","protected":false},"author":2,"featured_media":0,"comment_status":"closed","ping_status":"closed","sticky":false,"template":"","format":"standard","meta":{"h5ap_radio_sources":[],"footnotes":""},"categories":[7],"tags":[],"class_list":["post-30396","post","type-post","status-publish","format-standard","hentry","category-sport"],"yoast_head":"<!-- This site is optimized with the Yoast SEO plugin v27.5 - https:\/\/yoast.com\/product\/yoast-seo-wordpress\/ -->\n<title>Rebi\u0107: Svatko \u0107e igrati ono \u0161to mu izbornik ka\u017ee, nemamo se \u0161to \u017ealiti - RADIO LJUBU\u0160KI<\/title>\n<meta name=\"robots\" content=\"index, follow, max-snippet:-1, max-image-preview:large, max-video-preview:-1\" \/>\n<link rel=\"canonical\" href=\"https:\/\/radioljubuski.ba\/index.php\/2021\/06\/09\/rebic-svatko-ce-igrati-ono-sto-mu-izbornik-kaze-nemamo-se-sto-zaliti\/\" \/>\n<meta property=\"og:locale\" content=\"hr_HR\" \/>\n<meta property=\"og:type\" content=\"article\" \/>\n<meta property=\"og:title\" content=\"Rebi\u0107: Svatko \u0107e igrati ono \u0161to mu izbornik ka\u017ee, nemamo se \u0161to \u017ealiti - RADIO LJUBU\u0160KI\" \/>\n<meta property=\"og:description\" content=\"Hrvatski nogometni reprezentativci Ante Rebi\u0107 i Domagoj Bradari\u0107 govore o stanju u reprezentaciji i pripremama uo\u010di po\u010detka Europskog nogometnog prvenstva. Hrvatska prvu utakmicu igra u nedjelju protiv Engleske. &#8211; Pripremamo se dobro za prvu utakmicu, analizirali smo utakmicu s Belgijom. Vidjeli smo koji su nam bili nedostatci, svaki dan analiziramo Engleze i mislim da \u0107emo [&hellip;]\" \/>\n<meta property=\"og:url\" content=\"https:\/\/radioljubuski.ba\/index.php\/2021\/06\/09\/rebic-svatko-ce-igrati-ono-sto-mu-izbornik-kaze-nemamo-se-sto-zaliti\/\" \/>\n<meta property=\"og:site_name\" content=\"RADIO LJUBU\u0160KI\" \/>\n<meta property=\"article:publisher\" content=\"https:\/\/www.facebook.com\/Radiio-Ljubuski-1490835324566332\" \/>\n<meta property=\"article:published_time\" content=\"2021-06-09T13:04:30+00:00\" \/>\n<meta property=\"og:image\" content=\"https:\/\/radioljubuski.ba\/wp-content\/uploads\/2021\/06\/0000000000474534.jpg\" \/>\n\t<meta property=\"og:image:width\" content=\"1600\" \/>\n\t<meta property=\"og:image:height\" content=\"901\" \/>\n\t<meta property=\"og:image:type\" content=\"image\/jpeg\" \/>\n<meta name=\"author\" content=\"Radio Ljubu\u0161ki\" \/>\n<meta name=\"twitter:card\" content=\"summary_large_image\" \/>\n<meta name=\"twitter:creator\" content=\"@radioljubuski\" \/>\n<meta name=\"twitter:site\" content=\"@radioljubuski\" \/>\n<meta name=\"twitter:label1\" content=\"Napisao\/la\" \/>\n\t<meta name=\"twitter:data1\" content=\"Radio Ljubu\u0161ki\" \/>\n\t<meta name=\"twitter:label2\" content=\"Procijenjeno vrijeme \u010ditanja\" \/>\n\t<meta name=\"twitter:data2\" content=\"2 minute\" \/>\n<script type=\"application\/ld+json\" class=\"yoast-schema-graph\">{\"@context\":\"https:\\\/\\\/schema.org\",\"@graph\":[{\"@type\":\"Article\",\"@id\":\"https:\\\/\\\/radioljubuski.ba\\\/index.php\\\/2021\\\/06\\\/09\\\/rebic-svatko-ce-igrati-ono-sto-mu-izbornik-kaze-nemamo-se-sto-zaliti\\\/#article\",\"isPartOf\":{\"@id\":\"https:\\\/\\\/radioljubuski.ba\\\/index.php\\\/2021\\\/06\\\/09\\\/rebic-svatko-ce-igrati-ono-sto-mu-izbornik-kaze-nemamo-se-sto-zaliti\\\/\"},\"author\":{\"name\":\"Radio Ljubu\u0161ki\",\"@id\":\"https:\\\/\\\/radioljubuski.ba\\\/#\\\/schema\\\/person\\\/19fc700381a780f69665d7956c469e3b\"},\"headline\":\"Rebi\u0107: Svatko \u0107e igrati ono \u0161to mu izbornik ka\u017ee, nemamo se \u0161to \u017ealiti\",\"datePublished\":\"2021-06-09T13:04:30+00:00\",\"mainEntityOfPage\":{\"@id\":\"https:\\\/\\\/radioljubuski.ba\\\/index.php\\\/2021\\\/06\\\/09\\\/rebic-svatko-ce-igrati-ono-sto-mu-izbornik-kaze-nemamo-se-sto-zaliti\\\/\"},\"wordCount\":368,\"publisher\":{\"@id\":\"https:\\\/\\\/radioljubuski.ba\\\/#organization\"},\"articleSection\":[\"\u0160port\"],\"inLanguage\":\"hr\"},{\"@type\":\"WebPage\",\"@id\":\"https:\\\/\\\/radioljubuski.ba\\\/index.php\\\/2021\\\/06\\\/09\\\/rebic-svatko-ce-igrati-ono-sto-mu-izbornik-kaze-nemamo-se-sto-zaliti\\\/\",\"url\":\"https:\\\/\\\/radioljubuski.ba\\\/index.php\\\/2021\\\/06\\\/09\\\/rebic-svatko-ce-igrati-ono-sto-mu-izbornik-kaze-nemamo-se-sto-zaliti\\\/\",\"name\":\"Rebi\u0107: Svatko \u0107e igrati ono \u0161to mu izbornik ka\u017ee, nemamo se \u0161to \u017ealiti - RADIO LJUBU\u0160KI\",\"isPartOf\":{\"@id\":\"https:\\\/\\\/radioljubuski.ba\\\/#website\"},\"datePublished\":\"2021-06-09T13:04:30+00:00\",\"breadcrumb\":{\"@id\":\"https:\\\/\\\/radioljubuski.ba\\\/index.php\\\/2021\\\/06\\\/09\\\/rebic-svatko-ce-igrati-ono-sto-mu-izbornik-kaze-nemamo-se-sto-zaliti\\\/#breadcrumb\"},\"inLanguage\":\"hr\",\"potentialAction\":[{\"@type\":\"ReadAction\",\"target\":[\"https:\\\/\\\/radioljubuski.ba\\\/index.php\\\/2021\\\/06\\\/09\\\/rebic-svatko-ce-igrati-ono-sto-mu-izbornik-kaze-nemamo-se-sto-zaliti\\\/\"]}]},{\"@type\":\"BreadcrumbList\",\"@id\":\"https:\\\/\\\/radioljubuski.ba\\\/index.php\\\/2021\\\/06\\\/09\\\/rebic-svatko-ce-igrati-ono-sto-mu-izbornik-kaze-nemamo-se-sto-zaliti\\\/#breadcrumb\",\"itemListElement\":[{\"@type\":\"ListItem\",\"position\":1,\"name\":\"Po\u010detna stranica\",\"item\":\"https:\\\/\\\/radioljubuski.ba\\\/\"},{\"@type\":\"ListItem\",\"position\":2,\"name\":\"Rebi\u0107: Svatko \u0107e igrati ono \u0161to mu izbornik ka\u017ee, nemamo se \u0161to \u017ealiti\"}]},{\"@type\":\"WebSite\",\"@id\":\"https:\\\/\\\/radioljubuski.ba\\\/#website\",\"url\":\"https:\\\/\\\/radioljubuski.ba\\\/\",\"name\":\"Radio Ljubu\u0161ki\",\"description\":\"Sun\u010dana frekvencija Hercegovine\",\"publisher\":{\"@id\":\"https:\\\/\\\/radioljubuski.ba\\\/#organization\"},\"potentialAction\":[{\"@type\":\"SearchAction\",\"target\":{\"@type\":\"EntryPoint\",\"urlTemplate\":\"https:\\\/\\\/radioljubuski.ba\\\/?s={search_term_string}\"},\"query-input\":{\"@type\":\"PropertyValueSpecification\",\"valueRequired\":true,\"valueName\":\"search_term_string\"}}],\"inLanguage\":\"hr\"},{\"@type\":\"Organization\",\"@id\":\"https:\\\/\\\/radioljubuski.ba\\\/#organization\",\"name\":\"Radio Ljubu\u0161ki\",\"url\":\"https:\\\/\\\/radioljubuski.ba\\\/\",\"logo\":{\"@type\":\"ImageObject\",\"inLanguage\":\"hr\",\"@id\":\"https:\\\/\\\/radioljubuski.ba\\\/#\\\/schema\\\/logo\\\/image\\\/\",\"url\":\"https:\\\/\\\/radioljubuski.ba\\\/wp-content\\\/uploads\\\/2021\\\/02\\\/cropped-Radio_Ljubuski_logo1.jpg\",\"contentUrl\":\"https:\\\/\\\/radioljubuski.ba\\\/wp-content\\\/uploads\\\/2021\\\/02\\\/cropped-Radio_Ljubuski_logo1.jpg\",\"width\":512,\"height\":512,\"caption\":\"Radio Ljubu\u0161ki\"},\"image\":{\"@id\":\"https:\\\/\\\/radioljubuski.ba\\\/#\\\/schema\\\/logo\\\/image\\\/\"},\"sameAs\":[\"https:\\\/\\\/www.facebook.com\\\/Radiio-Ljubuski-1490835324566332\",\"https:\\\/\\\/x.com\\\/radioljubuski\",\"https:\\\/\\\/hr.linkedin.com\\\/company\\\/radio-ljubuski\",\"https:\\\/\\\/www.youtube.com\\\/channel\\\/UCHYaeO_n0Db3tjNGudGpXyw\"]},{\"@type\":\"Person\",\"@id\":\"https:\\\/\\\/radioljubuski.ba\\\/#\\\/schema\\\/person\\\/19fc700381a780f69665d7956c469e3b\",\"name\":\"Radio Ljubu\u0161ki\"}]}<\/script>\n<!-- \/ Yoast SEO plugin. -->","yoast_head_json":{"title":"Rebi\u0107: Svatko \u0107e igrati ono \u0161to mu izbornik ka\u017ee, nemamo se \u0161to \u017ealiti - RADIO LJUBU\u0160KI","robots":{"index":"index","follow":"follow","max-snippet":"max-snippet:-1","max-image-preview":"max-image-preview:large","max-video-preview":"max-video-preview:-1"},"canonical":"https:\/\/radioljubuski.ba\/index.php\/2021\/06\/09\/rebic-svatko-ce-igrati-ono-sto-mu-izbornik-kaze-nemamo-se-sto-zaliti\/","og_locale":"hr_HR","og_type":"article","og_title":"Rebi\u0107: Svatko \u0107e igrati ono \u0161to mu izbornik ka\u017ee, nemamo se \u0161to \u017ealiti - RADIO LJUBU\u0160KI","og_description":"Hrvatski nogometni reprezentativci Ante Rebi\u0107 i Domagoj Bradari\u0107 govore o stanju u reprezentaciji i pripremama uo\u010di po\u010detka Europskog nogometnog prvenstva. Hrvatska prvu utakmicu igra u nedjelju protiv Engleske. &#8211; Pripremamo se dobro za prvu utakmicu, analizirali smo utakmicu s Belgijom. Vidjeli smo koji su nam bili nedostatci, svaki dan analiziramo Engleze i mislim da \u0107emo [&hellip;]","og_url":"https:\/\/radioljubuski.ba\/index.php\/2021\/06\/09\/rebic-svatko-ce-igrati-ono-sto-mu-izbornik-kaze-nemamo-se-sto-zaliti\/","og_site_name":"RADIO LJUBU\u0160KI","article_publisher":"https:\/\/www.facebook.com\/Radiio-Ljubuski-1490835324566332","article_published_time":"2021-06-09T13:04:30+00:00","og_image":[{"width":1600,"height":901,"url":"https:\/\/radioljubuski.ba\/wp-content\/uploads\/2021\/06\/0000000000474534.jpg","type":"image\/jpeg"}],"author":"Radio Ljubu\u0161ki","twitter_card":"summary_large_image","twitter_creator":"@radioljubuski","twitter_site":"@radioljubuski","twitter_misc":{"Napisao\/la":"Radio Ljubu\u0161ki","Procijenjeno vrijeme \u010ditanja":"2 minute"},"schema":{"@context":"https:\/\/schema.org","@graph":[{"@type":"Article","@id":"https:\/\/radioljubuski.ba\/index.php\/2021\/06\/09\/rebic-svatko-ce-igrati-ono-sto-mu-izbornik-kaze-nemamo-se-sto-zaliti\/#article","isPartOf":{"@id":"https:\/\/radioljubuski.ba\/index.php\/2021\/06\/09\/rebic-svatko-ce-igrati-ono-sto-mu-izbornik-kaze-nemamo-se-sto-zaliti\/"},"author":{"name":"Radio Ljubu\u0161ki","@id":"https:\/\/radioljubuski.ba\/#\/schema\/person\/19fc700381a780f69665d7956c469e3b"},"headline":"Rebi\u0107: Svatko \u0107e igrati ono \u0161to mu izbornik ka\u017ee, nemamo se \u0161to \u017ealiti","datePublished":"2021-06-09T13:04:30+00:00","mainEntityOfPage":{"@id":"https:\/\/radioljubuski.ba\/index.php\/2021\/06\/09\/rebic-svatko-ce-igrati-ono-sto-mu-izbornik-kaze-nemamo-se-sto-zaliti\/"},"wordCount":368,"publisher":{"@id":"https:\/\/radioljubuski.ba\/#organization"},"articleSection":["\u0160port"],"inLanguage":"hr"},{"@type":"WebPage","@id":"https:\/\/radioljubuski.ba\/index.php\/2021\/06\/09\/rebic-svatko-ce-igrati-ono-sto-mu-izbornik-kaze-nemamo-se-sto-zaliti\/","url":"https:\/\/radioljubuski.ba\/index.php\/2021\/06\/09\/rebic-svatko-ce-igrati-ono-sto-mu-izbornik-kaze-nemamo-se-sto-zaliti\/","name":"Rebi\u0107: Svatko \u0107e igrati ono \u0161to mu izbornik ka\u017ee, nemamo se \u0161to \u017ealiti - RADIO LJUBU\u0160KI","isPartOf":{"@id":"https:\/\/radioljubuski.ba\/#website"},"datePublished":"2021-06-09T13:04:30+00:00","breadcrumb":{"@id":"https:\/\/radioljubuski.ba\/index.php\/2021\/06\/09\/rebic-svatko-ce-igrati-ono-sto-mu-izbornik-kaze-nemamo-se-sto-zaliti\/#breadcrumb"},"inLanguage":"hr","potentialAction":[{"@type":"ReadAction","target":["https:\/\/radioljubuski.ba\/index.php\/2021\/06\/09\/rebic-svatko-ce-igrati-ono-sto-mu-izbornik-kaze-nemamo-se-sto-zaliti\/"]}]},{"@type":"BreadcrumbList","@id":"https:\/\/radioljubuski.ba\/index.php\/2021\/06\/09\/rebic-svatko-ce-igrati-ono-sto-mu-izbornik-kaze-nemamo-se-sto-zaliti\/#breadcrumb","itemListElement":[{"@type":"ListItem","position":1,"name":"Po\u010detna stranica","item":"https:\/\/radioljubuski.ba\/"},{"@type":"ListItem","position":2,"name":"Rebi\u0107: Svatko \u0107e igrati ono \u0161to mu izbornik ka\u017ee, nemamo se \u0161to \u017ealiti"}]},{"@type":"WebSite","@id":"https:\/\/radioljubuski.ba\/#website","url":"https:\/\/radioljubuski.ba\/","name":"Radio Ljubu\u0161ki","description":"Sun\u010dana frekvencija Hercegovine","publisher":{"@id":"https:\/\/radioljubuski.ba\/#organization"},"potentialAction":[{"@type":"SearchAction","target":{"@type":"EntryPoint","urlTemplate":"https:\/\/radioljubuski.ba\/?s={search_term_string}"},"query-input":{"@type":"PropertyValueSpecification","valueRequired":true,"valueName":"search_term_string"}}],"inLanguage":"hr"},{"@type":"Organization","@id":"https:\/\/radioljubuski.ba\/#organization","name":"Radio Ljubu\u0161ki","url":"https:\/\/radioljubuski.ba\/","logo":{"@type":"ImageObject","inLanguage":"hr","@id":"https:\/\/radioljubuski.ba\/#\/schema\/logo\/image\/","url":"https:\/\/radioljubuski.ba\/wp-content\/uploads\/2021\/02\/cropped-Radio_Ljubuski_logo1.jpg","contentUrl":"https:\/\/radioljubuski.ba\/wp-content\/uploads\/2021\/02\/cropped-Radio_Ljubuski_logo1.jpg","width":512,"height":512,"caption":"Radio Ljubu\u0161ki"},"image":{"@id":"https:\/\/radioljubuski.ba\/#\/schema\/logo\/image\/"},"sameAs":["https:\/\/www.facebook.com\/Radiio-Ljubuski-1490835324566332","https:\/\/x.com\/radioljubuski","https:\/\/hr.linkedin.com\/company\/radio-ljubuski","https:\/\/www.youtube.com\/channel\/UCHYaeO_n0Db3tjNGudGpXyw"]},{"@type":"Person","@id":"https:\/\/radioljubuski.ba\/#\/schema\/person\/19fc700381a780f69665d7956c469e3b","name":"Radio Ljubu\u0161ki"}]}},"_links":{"self":[{"href":"https:\/\/radioljubuski.ba\/index.php\/wp-json\/wp\/v2\/posts\/30396","targetHints":{"allow":["GET"]}}],"collection":[{"href":"https:\/\/radioljubuski.ba\/index.php\/wp-json\/wp\/v2\/posts"}],"about":[{"href":"https:\/\/radioljubuski.ba\/index.php\/wp-json\/wp\/v2\/types\/post"}],"author":[{"embeddable":true,"href":"https:\/\/radioljubuski.ba\/index.php\/wp-json\/wp\/v2\/users\/2"}],"replies":[{"embeddable":true,"href":"https:\/\/radioljubuski.ba\/index.php\/wp-json\/wp\/v2\/comments?post=30396"}],"version-history":[{"count":1,"href":"https:\/\/radioljubuski.ba\/index.php\/wp-json\/wp\/v2\/posts\/30396\/revisions"}],"predecessor-version":[{"id":30398,"href":"https:\/\/radioljubuski.ba\/index.php\/wp-json\/wp\/v2\/posts\/30396\/revisions\/30398"}],"wp:attachment":[{"href":"https:\/\/radioljubuski.ba\/index.php\/wp-json\/wp\/v2\/media?parent=30396"}],"wp:term":[{"taxonomy":"category","embeddable":true,"href":"https:\/\/radioljubuski.ba\/index.php\/wp-json\/wp\/v2\/categories?post=30396"},{"taxonomy":"post_tag","embeddable":true,"href":"https:\/\/radioljubuski.ba\/index.php\/wp-json\/wp\/v2\/tags?post=30396"}],"curies":[{"name":"wp","href":"https:\/\/api.w.org\/{rel}","templated":true}]}}