{"id":3049,"date":"2021-03-12T11:03:34","date_gmt":"2021-03-12T10:03:34","guid":{"rendered":"https:\/\/radioljubuski.ba\/?p=3049"},"modified":"2021-03-12T11:03:36","modified_gmt":"2021-03-12T10:03:36","slug":"u-reformu-obrazovanja-trebaju-krenuti-sve-zupanije","status":"publish","type":"post","link":"https:\/\/radioljubuski.ba\/index.php\/2021\/03\/12\/u-reformu-obrazovanja-trebaju-krenuti-sve-zupanije\/","title":{"rendered":"U reformu obrazovanja trebaju krenuti sve \u017eupanije"},"content":{"rendered":"\n<p><strong>Radni sastanak na temu \u201dKurikularna reforma\u201d odr\u017ean je 10. o\u017eujka 2021. godine u Vitezu.<\/strong><\/p>\n\n\n\n<p>Sastanku su nazo\u010dili: Ivan Vukadin, predsjednik Vlade Hercegbosanske \u017eupanije, Zdenko \u0106osi\u0107, predsjednik Vlade \u017dupanije Zapadnohercegova\u010dke, Gordana Naki\u0107, ministrica znanosti, prosvjete, kulture i \u0161porta HB\u017d, Ru\u017eica Mikuli\u0107, ministrica obrazovanja, znanosti, kulture i \u0161porta \u017dZH, Ana Andri\u0107, ministrica znanosti, prosvjete, kulture i \u0161porta \u017dP, Zoran Mate\u0161evi\u0107, pomo\u0107nik ministra obrazovanja, znanosti, kulture i \u0161porta SB\u017d, Katarina Velte, tajnica ministarstva obrazovanja, znanosti, kulture i \u0161porta SB\u017d, Jadranka Bo\u0161njak, ravnateljica Zavoda za odgoj i obrazovanje \u017dZH i HB\u017d, \u017deljko \u0106ori\u0107, ravnatelj Zavoda za \u0161kolstvo HN\u017d, Tomislav Volari\u0107, voditelj IT centra Sveu\u010dili\u0161ta u Mostaru i Franjo Vu\u010di\u0107, pravnik istoimenog IT centra.<\/p>\n\n\n\n<p>Iako je svima dobro poznato da su postoje\u0107i nastavni planovi i programi zastarjeli i da ih treba mijenjati, rezultati programa PISA 2018 (program za me\u0111unarodno ocjenjivanje u\u010denika u dobi od 15 godina u oblastima matematike, \u010ditanja i prirodnih znanosti) i TIMSS-a (me\u0111unarodno ocjenjivanje i istra\u017eivanje trendova u znanju matematike i prirodoslovlja za u\u010denike \u010detvrtih razreda) potvrdili su potrebu za \u017eurnim revidiranjem postoje\u0107ih nastavnih planova i programa prelaskom na ishode u\u010denja, jednako kao i potrebu za usvajanjem novih pristupa pou\u010davanju i vrednovanju.<\/p>\n\n\n\n<p>Nastavni plan i program je jo\u0161 uvijek usmjeren na sadr\u017eaj, a trebao bi biti fleksibilan i usmjeren na dijete. Ovakav na\u010din u\u010denja djece, fokusiran na pam\u0107enje, postavlja pitanje: \u010cemu u\u010diti djecu? Pamtiti ili misliti? Cilj je razvijanje kriti\u010dkog mi\u0161ljenja kod djece. Pandemija i prelazak na nove oblike izvo\u0111enja nastave stavile su na ispit ne samo metode pou\u010davanja i tehnolo\u0161ke pretpostavke ve\u0107 i posjedovanje klju\u010dnih kompetencija i funkcionalnih znanja kod nastavnika i u\u010denika.<\/p>\n\n\n\n<p>Iz toga je jasno kako je krajnji trenutak za poduzimanje nu\u017enih mjera koje obrazovanje trebaju u\u010diniti kvalitetnijim i svrsishodnijim.<\/p>\n\n\n\n<p>Na sastanku je dogovoreno da u reformu obrazovanja trebaju krenuti sve \u017eupanije koje rade po nastavnom planu i programu na hrvatskom jeziku. Nositelj ovog procesa bit \u0107e Zavod za odgoj i obrazovanje koji \u0107e imati ulogu koordinatora u procesu izrade prijedloga novog kurikuluma u suradnji s resornim \u017eupanijskim ministarstvima obrazovanja, Zavodom za \u0161kolstvo i Sveu\u010dili\u0161tem u Mostaru.<\/p>\n\n\n\n<p>Nakon usugla\u0161avanja svih detalja oko izbora radnih skupina koje \u0107e biti zadu\u017eene za izradu predmetnih kurikuluma, raspisat \u0107e se Javni poziv za izbor \u010dlanova radnih skupina koji \u0107e nakon metodolo\u0161ke obuke za izradu kurikuluma pristupiti izradi predmetnih kurikuluma, objavljeno je na Facebook stranici Zavoda za odgoj i obrazovanje.<\/p>\n\n\n\n<p><strong>Izvor: Iks-portal.info<\/strong><\/p>\n","protected":false},"excerpt":{"rendered":"<p>Radni sastanak na temu \u201dKurikularna reforma\u201d odr\u017ean je 10. o\u017eujka 2021. godine u Vitezu. Sastanku su nazo\u010dili: Ivan Vukadin, predsjednik Vlade Hercegbosanske \u017eupanije, Zdenko \u0106osi\u0107, predsjednik Vlade \u017dupanije Zapadnohercegova\u010dke, Gordana Naki\u0107, ministrica znanosti, prosvjete, kulture i \u0161porta HB\u017d, Ru\u017eica Mikuli\u0107, ministrica obrazovanja, znanosti, kulture i \u0161porta \u017dZH, Ana Andri\u0107, ministrica znanosti, prosvjete, kulture i \u0161porta [&hellip;]<\/p>\n","protected":false},"author":2,"featured_media":3050,"comment_status":"closed","ping_status":"closed","sticky":false,"template":"","format":"standard","meta":{"h5ap_radio_sources":[],"footnotes":""},"categories":[1],"tags":[],"class_list":["post-3049","post","type-post","status-publish","format-standard","has-post-thumbnail","hentry","category-bihiregija"],"yoast_head":"<!-- This site is optimized with the Yoast SEO plugin v27.5 - https:\/\/yoast.com\/product\/yoast-seo-wordpress\/ -->\n<title>U reformu obrazovanja trebaju krenuti sve \u017eupanije - RADIO LJUBU\u0160KI<\/title>\n<meta name=\"robots\" content=\"index, follow, max-snippet:-1, max-image-preview:large, max-video-preview:-1\" \/>\n<link rel=\"canonical\" href=\"https:\/\/radioljubuski.ba\/index.php\/2021\/03\/12\/u-reformu-obrazovanja-trebaju-krenuti-sve-zupanije\/\" \/>\n<meta property=\"og:locale\" content=\"hr_HR\" \/>\n<meta property=\"og:type\" content=\"article\" \/>\n<meta property=\"og:title\" content=\"U reformu obrazovanja trebaju krenuti sve \u017eupanije - RADIO LJUBU\u0160KI\" \/>\n<meta property=\"og:description\" content=\"Radni sastanak na temu \u201dKurikularna reforma\u201d odr\u017ean je 10. o\u017eujka 2021. godine u Vitezu. Sastanku su nazo\u010dili: Ivan Vukadin, predsjednik Vlade Hercegbosanske \u017eupanije, Zdenko \u0106osi\u0107, predsjednik Vlade \u017dupanije Zapadnohercegova\u010dke, Gordana Naki\u0107, ministrica znanosti, prosvjete, kulture i \u0161porta HB\u017d, Ru\u017eica Mikuli\u0107, ministrica obrazovanja, znanosti, kulture i \u0161porta \u017dZH, Ana Andri\u0107, ministrica znanosti, prosvjete, kulture i \u0161porta [&hellip;]\" \/>\n<meta property=\"og:url\" content=\"https:\/\/radioljubuski.ba\/index.php\/2021\/03\/12\/u-reformu-obrazovanja-trebaju-krenuti-sve-zupanije\/\" \/>\n<meta property=\"og:site_name\" content=\"RADIO LJUBU\u0160KI\" \/>\n<meta property=\"article:publisher\" content=\"https:\/\/www.facebook.com\/Radiio-Ljubuski-1490835324566332\" \/>\n<meta property=\"article:published_time\" content=\"2021-03-12T10:03:34+00:00\" \/>\n<meta property=\"article:modified_time\" content=\"2021-03-12T10:03:36+00:00\" \/>\n<meta property=\"og:image\" content=\"https:\/\/radioljubuski.ba\/wp-content\/uploads\/2021\/03\/sastanak-reforma.jpg\" \/>\n\t<meta property=\"og:image:width\" content=\"1024\" \/>\n\t<meta property=\"og:image:height\" content=\"729\" \/>\n\t<meta property=\"og:image:type\" content=\"image\/jpeg\" \/>\n<meta name=\"author\" content=\"Radio Ljubu\u0161ki\" \/>\n<meta name=\"twitter:card\" content=\"summary_large_image\" \/>\n<meta name=\"twitter:creator\" content=\"@radioljubuski\" \/>\n<meta name=\"twitter:site\" content=\"@radioljubuski\" \/>\n<meta name=\"twitter:label1\" content=\"Napisao\/la\" \/>\n\t<meta name=\"twitter:data1\" content=\"Radio Ljubu\u0161ki\" \/>\n\t<meta name=\"twitter:label2\" content=\"Procijenjeno vrijeme \u010ditanja\" \/>\n\t<meta name=\"twitter:data2\" content=\"2 minute\" \/>\n<script type=\"application\/ld+json\" class=\"yoast-schema-graph\">{\"@context\":\"https:\\\/\\\/schema.org\",\"@graph\":[{\"@type\":\"Article\",\"@id\":\"https:\\\/\\\/radioljubuski.ba\\\/index.php\\\/2021\\\/03\\\/12\\\/u-reformu-obrazovanja-trebaju-krenuti-sve-zupanije\\\/#article\",\"isPartOf\":{\"@id\":\"https:\\\/\\\/radioljubuski.ba\\\/index.php\\\/2021\\\/03\\\/12\\\/u-reformu-obrazovanja-trebaju-krenuti-sve-zupanije\\\/\"},\"author\":{\"name\":\"Radio Ljubu\u0161ki\",\"@id\":\"https:\\\/\\\/radioljubuski.ba\\\/#\\\/schema\\\/person\\\/19fc700381a780f69665d7956c469e3b\"},\"headline\":\"U reformu obrazovanja trebaju krenuti sve \u017eupanije\",\"datePublished\":\"2021-03-12T10:03:34+00:00\",\"dateModified\":\"2021-03-12T10:03:36+00:00\",\"mainEntityOfPage\":{\"@id\":\"https:\\\/\\\/radioljubuski.ba\\\/index.php\\\/2021\\\/03\\\/12\\\/u-reformu-obrazovanja-trebaju-krenuti-sve-zupanije\\\/\"},\"wordCount\":431,\"publisher\":{\"@id\":\"https:\\\/\\\/radioljubuski.ba\\\/#organization\"},\"image\":{\"@id\":\"https:\\\/\\\/radioljubuski.ba\\\/index.php\\\/2021\\\/03\\\/12\\\/u-reformu-obrazovanja-trebaju-krenuti-sve-zupanije\\\/#primaryimage\"},\"thumbnailUrl\":\"https:\\\/\\\/radioljubuski.ba\\\/wp-content\\\/uploads\\\/2021\\\/03\\\/sastanak-reforma.jpg\",\"articleSection\":[\"BIH i regija\"],\"inLanguage\":\"hr\"},{\"@type\":\"WebPage\",\"@id\":\"https:\\\/\\\/radioljubuski.ba\\\/index.php\\\/2021\\\/03\\\/12\\\/u-reformu-obrazovanja-trebaju-krenuti-sve-zupanije\\\/\",\"url\":\"https:\\\/\\\/radioljubuski.ba\\\/index.php\\\/2021\\\/03\\\/12\\\/u-reformu-obrazovanja-trebaju-krenuti-sve-zupanije\\\/\",\"name\":\"U reformu obrazovanja trebaju krenuti sve \u017eupanije - RADIO LJUBU\u0160KI\",\"isPartOf\":{\"@id\":\"https:\\\/\\\/radioljubuski.ba\\\/#website\"},\"primaryImageOfPage\":{\"@id\":\"https:\\\/\\\/radioljubuski.ba\\\/index.php\\\/2021\\\/03\\\/12\\\/u-reformu-obrazovanja-trebaju-krenuti-sve-zupanije\\\/#primaryimage\"},\"image\":{\"@id\":\"https:\\\/\\\/radioljubuski.ba\\\/index.php\\\/2021\\\/03\\\/12\\\/u-reformu-obrazovanja-trebaju-krenuti-sve-zupanije\\\/#primaryimage\"},\"thumbnailUrl\":\"https:\\\/\\\/radioljubuski.ba\\\/wp-content\\\/uploads\\\/2021\\\/03\\\/sastanak-reforma.jpg\",\"datePublished\":\"2021-03-12T10:03:34+00:00\",\"dateModified\":\"2021-03-12T10:03:36+00:00\",\"breadcrumb\":{\"@id\":\"https:\\\/\\\/radioljubuski.ba\\\/index.php\\\/2021\\\/03\\\/12\\\/u-reformu-obrazovanja-trebaju-krenuti-sve-zupanije\\\/#breadcrumb\"},\"inLanguage\":\"hr\",\"potentialAction\":[{\"@type\":\"ReadAction\",\"target\":[\"https:\\\/\\\/radioljubuski.ba\\\/index.php\\\/2021\\\/03\\\/12\\\/u-reformu-obrazovanja-trebaju-krenuti-sve-zupanije\\\/\"]}]},{\"@type\":\"ImageObject\",\"inLanguage\":\"hr\",\"@id\":\"https:\\\/\\\/radioljubuski.ba\\\/index.php\\\/2021\\\/03\\\/12\\\/u-reformu-obrazovanja-trebaju-krenuti-sve-zupanije\\\/#primaryimage\",\"url\":\"https:\\\/\\\/radioljubuski.ba\\\/wp-content\\\/uploads\\\/2021\\\/03\\\/sastanak-reforma.jpg\",\"contentUrl\":\"https:\\\/\\\/radioljubuski.ba\\\/wp-content\\\/uploads\\\/2021\\\/03\\\/sastanak-reforma.jpg\",\"width\":1024,\"height\":729},{\"@type\":\"BreadcrumbList\",\"@id\":\"https:\\\/\\\/radioljubuski.ba\\\/index.php\\\/2021\\\/03\\\/12\\\/u-reformu-obrazovanja-trebaju-krenuti-sve-zupanije\\\/#breadcrumb\",\"itemListElement\":[{\"@type\":\"ListItem\",\"position\":1,\"name\":\"Po\u010detna stranica\",\"item\":\"https:\\\/\\\/radioljubuski.ba\\\/\"},{\"@type\":\"ListItem\",\"position\":2,\"name\":\"U reformu obrazovanja trebaju krenuti sve \u017eupanije\"}]},{\"@type\":\"WebSite\",\"@id\":\"https:\\\/\\\/radioljubuski.ba\\\/#website\",\"url\":\"https:\\\/\\\/radioljubuski.ba\\\/\",\"name\":\"Radio Ljubu\u0161ki\",\"description\":\"Sun\u010dana frekvencija Hercegovine\",\"publisher\":{\"@id\":\"https:\\\/\\\/radioljubuski.ba\\\/#organization\"},\"potentialAction\":[{\"@type\":\"SearchAction\",\"target\":{\"@type\":\"EntryPoint\",\"urlTemplate\":\"https:\\\/\\\/radioljubuski.ba\\\/?s={search_term_string}\"},\"query-input\":{\"@type\":\"PropertyValueSpecification\",\"valueRequired\":true,\"valueName\":\"search_term_string\"}}],\"inLanguage\":\"hr\"},{\"@type\":\"Organization\",\"@id\":\"https:\\\/\\\/radioljubuski.ba\\\/#organization\",\"name\":\"Radio Ljubu\u0161ki\",\"url\":\"https:\\\/\\\/radioljubuski.ba\\\/\",\"logo\":{\"@type\":\"ImageObject\",\"inLanguage\":\"hr\",\"@id\":\"https:\\\/\\\/radioljubuski.ba\\\/#\\\/schema\\\/logo\\\/image\\\/\",\"url\":\"https:\\\/\\\/radioljubuski.ba\\\/wp-content\\\/uploads\\\/2021\\\/02\\\/cropped-Radio_Ljubuski_logo1.jpg\",\"contentUrl\":\"https:\\\/\\\/radioljubuski.ba\\\/wp-content\\\/uploads\\\/2021\\\/02\\\/cropped-Radio_Ljubuski_logo1.jpg\",\"width\":512,\"height\":512,\"caption\":\"Radio Ljubu\u0161ki\"},\"image\":{\"@id\":\"https:\\\/\\\/radioljubuski.ba\\\/#\\\/schema\\\/logo\\\/image\\\/\"},\"sameAs\":[\"https:\\\/\\\/www.facebook.com\\\/Radiio-Ljubuski-1490835324566332\",\"https:\\\/\\\/x.com\\\/radioljubuski\",\"https:\\\/\\\/hr.linkedin.com\\\/company\\\/radio-ljubuski\",\"https:\\\/\\\/www.youtube.com\\\/channel\\\/UCHYaeO_n0Db3tjNGudGpXyw\"]},{\"@type\":\"Person\",\"@id\":\"https:\\\/\\\/radioljubuski.ba\\\/#\\\/schema\\\/person\\\/19fc700381a780f69665d7956c469e3b\",\"name\":\"Radio Ljubu\u0161ki\"}]}<\/script>\n<!-- \/ Yoast SEO plugin. -->","yoast_head_json":{"title":"U reformu obrazovanja trebaju krenuti sve \u017eupanije - RADIO LJUBU\u0160KI","robots":{"index":"index","follow":"follow","max-snippet":"max-snippet:-1","max-image-preview":"max-image-preview:large","max-video-preview":"max-video-preview:-1"},"canonical":"https:\/\/radioljubuski.ba\/index.php\/2021\/03\/12\/u-reformu-obrazovanja-trebaju-krenuti-sve-zupanije\/","og_locale":"hr_HR","og_type":"article","og_title":"U reformu obrazovanja trebaju krenuti sve \u017eupanije - RADIO LJUBU\u0160KI","og_description":"Radni sastanak na temu \u201dKurikularna reforma\u201d odr\u017ean je 10. o\u017eujka 2021. godine u Vitezu. Sastanku su nazo\u010dili: Ivan Vukadin, predsjednik Vlade Hercegbosanske \u017eupanije, Zdenko \u0106osi\u0107, predsjednik Vlade \u017dupanije Zapadnohercegova\u010dke, Gordana Naki\u0107, ministrica znanosti, prosvjete, kulture i \u0161porta HB\u017d, Ru\u017eica Mikuli\u0107, ministrica obrazovanja, znanosti, kulture i \u0161porta \u017dZH, Ana Andri\u0107, ministrica znanosti, prosvjete, kulture i \u0161porta [&hellip;]","og_url":"https:\/\/radioljubuski.ba\/index.php\/2021\/03\/12\/u-reformu-obrazovanja-trebaju-krenuti-sve-zupanije\/","og_site_name":"RADIO LJUBU\u0160KI","article_publisher":"https:\/\/www.facebook.com\/Radiio-Ljubuski-1490835324566332","article_published_time":"2021-03-12T10:03:34+00:00","article_modified_time":"2021-03-12T10:03:36+00:00","og_image":[{"width":1024,"height":729,"url":"https:\/\/radioljubuski.ba\/wp-content\/uploads\/2021\/03\/sastanak-reforma.jpg","type":"image\/jpeg"}],"author":"Radio Ljubu\u0161ki","twitter_card":"summary_large_image","twitter_creator":"@radioljubuski","twitter_site":"@radioljubuski","twitter_misc":{"Napisao\/la":"Radio Ljubu\u0161ki","Procijenjeno vrijeme \u010ditanja":"2 minute"},"schema":{"@context":"https:\/\/schema.org","@graph":[{"@type":"Article","@id":"https:\/\/radioljubuski.ba\/index.php\/2021\/03\/12\/u-reformu-obrazovanja-trebaju-krenuti-sve-zupanije\/#article","isPartOf":{"@id":"https:\/\/radioljubuski.ba\/index.php\/2021\/03\/12\/u-reformu-obrazovanja-trebaju-krenuti-sve-zupanije\/"},"author":{"name":"Radio Ljubu\u0161ki","@id":"https:\/\/radioljubuski.ba\/#\/schema\/person\/19fc700381a780f69665d7956c469e3b"},"headline":"U reformu obrazovanja trebaju krenuti sve \u017eupanije","datePublished":"2021-03-12T10:03:34+00:00","dateModified":"2021-03-12T10:03:36+00:00","mainEntityOfPage":{"@id":"https:\/\/radioljubuski.ba\/index.php\/2021\/03\/12\/u-reformu-obrazovanja-trebaju-krenuti-sve-zupanije\/"},"wordCount":431,"publisher":{"@id":"https:\/\/radioljubuski.ba\/#organization"},"image":{"@id":"https:\/\/radioljubuski.ba\/index.php\/2021\/03\/12\/u-reformu-obrazovanja-trebaju-krenuti-sve-zupanije\/#primaryimage"},"thumbnailUrl":"https:\/\/radioljubuski.ba\/wp-content\/uploads\/2021\/03\/sastanak-reforma.jpg","articleSection":["BIH i regija"],"inLanguage":"hr"},{"@type":"WebPage","@id":"https:\/\/radioljubuski.ba\/index.php\/2021\/03\/12\/u-reformu-obrazovanja-trebaju-krenuti-sve-zupanije\/","url":"https:\/\/radioljubuski.ba\/index.php\/2021\/03\/12\/u-reformu-obrazovanja-trebaju-krenuti-sve-zupanije\/","name":"U reformu obrazovanja trebaju krenuti sve \u017eupanije - RADIO LJUBU\u0160KI","isPartOf":{"@id":"https:\/\/radioljubuski.ba\/#website"},"primaryImageOfPage":{"@id":"https:\/\/radioljubuski.ba\/index.php\/2021\/03\/12\/u-reformu-obrazovanja-trebaju-krenuti-sve-zupanije\/#primaryimage"},"image":{"@id":"https:\/\/radioljubuski.ba\/index.php\/2021\/03\/12\/u-reformu-obrazovanja-trebaju-krenuti-sve-zupanije\/#primaryimage"},"thumbnailUrl":"https:\/\/radioljubuski.ba\/wp-content\/uploads\/2021\/03\/sastanak-reforma.jpg","datePublished":"2021-03-12T10:03:34+00:00","dateModified":"2021-03-12T10:03:36+00:00","breadcrumb":{"@id":"https:\/\/radioljubuski.ba\/index.php\/2021\/03\/12\/u-reformu-obrazovanja-trebaju-krenuti-sve-zupanije\/#breadcrumb"},"inLanguage":"hr","potentialAction":[{"@type":"ReadAction","target":["https:\/\/radioljubuski.ba\/index.php\/2021\/03\/12\/u-reformu-obrazovanja-trebaju-krenuti-sve-zupanije\/"]}]},{"@type":"ImageObject","inLanguage":"hr","@id":"https:\/\/radioljubuski.ba\/index.php\/2021\/03\/12\/u-reformu-obrazovanja-trebaju-krenuti-sve-zupanije\/#primaryimage","url":"https:\/\/radioljubuski.ba\/wp-content\/uploads\/2021\/03\/sastanak-reforma.jpg","contentUrl":"https:\/\/radioljubuski.ba\/wp-content\/uploads\/2021\/03\/sastanak-reforma.jpg","width":1024,"height":729},{"@type":"BreadcrumbList","@id":"https:\/\/radioljubuski.ba\/index.php\/2021\/03\/12\/u-reformu-obrazovanja-trebaju-krenuti-sve-zupanije\/#breadcrumb","itemListElement":[{"@type":"ListItem","position":1,"name":"Po\u010detna stranica","item":"https:\/\/radioljubuski.ba\/"},{"@type":"ListItem","position":2,"name":"U reformu obrazovanja trebaju krenuti sve \u017eupanije"}]},{"@type":"WebSite","@id":"https:\/\/radioljubuski.ba\/#website","url":"https:\/\/radioljubuski.ba\/","name":"Radio Ljubu\u0161ki","description":"Sun\u010dana frekvencija Hercegovine","publisher":{"@id":"https:\/\/radioljubuski.ba\/#organization"},"potentialAction":[{"@type":"SearchAction","target":{"@type":"EntryPoint","urlTemplate":"https:\/\/radioljubuski.ba\/?s={search_term_string}"},"query-input":{"@type":"PropertyValueSpecification","valueRequired":true,"valueName":"search_term_string"}}],"inLanguage":"hr"},{"@type":"Organization","@id":"https:\/\/radioljubuski.ba\/#organization","name":"Radio Ljubu\u0161ki","url":"https:\/\/radioljubuski.ba\/","logo":{"@type":"ImageObject","inLanguage":"hr","@id":"https:\/\/radioljubuski.ba\/#\/schema\/logo\/image\/","url":"https:\/\/radioljubuski.ba\/wp-content\/uploads\/2021\/02\/cropped-Radio_Ljubuski_logo1.jpg","contentUrl":"https:\/\/radioljubuski.ba\/wp-content\/uploads\/2021\/02\/cropped-Radio_Ljubuski_logo1.jpg","width":512,"height":512,"caption":"Radio Ljubu\u0161ki"},"image":{"@id":"https:\/\/radioljubuski.ba\/#\/schema\/logo\/image\/"},"sameAs":["https:\/\/www.facebook.com\/Radiio-Ljubuski-1490835324566332","https:\/\/x.com\/radioljubuski","https:\/\/hr.linkedin.com\/company\/radio-ljubuski","https:\/\/www.youtube.com\/channel\/UCHYaeO_n0Db3tjNGudGpXyw"]},{"@type":"Person","@id":"https:\/\/radioljubuski.ba\/#\/schema\/person\/19fc700381a780f69665d7956c469e3b","name":"Radio Ljubu\u0161ki"}]}},"_links":{"self":[{"href":"https:\/\/radioljubuski.ba\/index.php\/wp-json\/wp\/v2\/posts\/3049","targetHints":{"allow":["GET"]}}],"collection":[{"href":"https:\/\/radioljubuski.ba\/index.php\/wp-json\/wp\/v2\/posts"}],"about":[{"href":"https:\/\/radioljubuski.ba\/index.php\/wp-json\/wp\/v2\/types\/post"}],"author":[{"embeddable":true,"href":"https:\/\/radioljubuski.ba\/index.php\/wp-json\/wp\/v2\/users\/2"}],"replies":[{"embeddable":true,"href":"https:\/\/radioljubuski.ba\/index.php\/wp-json\/wp\/v2\/comments?post=3049"}],"version-history":[{"count":1,"href":"https:\/\/radioljubuski.ba\/index.php\/wp-json\/wp\/v2\/posts\/3049\/revisions"}],"predecessor-version":[{"id":3051,"href":"https:\/\/radioljubuski.ba\/index.php\/wp-json\/wp\/v2\/posts\/3049\/revisions\/3051"}],"wp:featuredmedia":[{"embeddable":true,"href":"https:\/\/radioljubuski.ba\/index.php\/wp-json\/wp\/v2\/media\/3050"}],"wp:attachment":[{"href":"https:\/\/radioljubuski.ba\/index.php\/wp-json\/wp\/v2\/media?parent=3049"}],"wp:term":[{"taxonomy":"category","embeddable":true,"href":"https:\/\/radioljubuski.ba\/index.php\/wp-json\/wp\/v2\/categories?post=3049"},{"taxonomy":"post_tag","embeddable":true,"href":"https:\/\/radioljubuski.ba\/index.php\/wp-json\/wp\/v2\/tags?post=3049"}],"curies":[{"name":"wp","href":"https:\/\/api.w.org\/{rel}","templated":true}]}}