{"id":312,"date":"2021-01-16T12:16:50","date_gmt":"2021-01-16T12:16:50","guid":{"rendered":"https:\/\/radioljubuski.ba\/?p=312"},"modified":"2021-02-25T12:17:25","modified_gmt":"2021-02-25T12:17:25","slug":"fra-ljubo-kurtovic-rijecju-bozjom-kroz-zivot","status":"publish","type":"post","link":"https:\/\/radioljubuski.ba\/index.php\/2021\/01\/16\/fra-ljubo-kurtovic-rijecju-bozjom-kroz-zivot\/","title":{"rendered":"Fra Ljubo Kurtovi\u0107: \u201eRije\u010dju Bo\u017ejom kroz \u017eivot\u201c"},"content":{"rendered":"\n<p><em>Kroz<\/em>&nbsp;ovotjednu emisiju \u201e<em>Rije\u010dju Bo\u017ejom kroz \u017eivot<\/em>\u201c&nbsp;<em>vodio<\/em>&nbsp;nas je huma\u010dki \u017eupnik&nbsp;<em>fra<\/em>&nbsp;Ljubo Kurtovi\u0107.<\/p>\n\n\n\n<p>\u201eLiturgijski ciklus slavlja Bo\u017ei\u0107nog otajstva zavr\u0161io je pro\u0161le nedjelje, Nedjelje Kr\u0161tenja Gospodinova, kada se spominjemo po\u010detka Isusovog javnog djelovanja, Isus nam pokazuje da je postao \u010dovjekom poput nas i nama po svemu jednak osim u grijehu. Zato Otajstva Kr\u0161tenja Gospodinova sjedne strane postaju kruna cjelokupnog Gospodinovog \u017eivota koji je prethodio doga\u0111aju kr\u0161tenja na Jordanu, a s druge strane ozna\u010dava prekretnicu na kojoj se na\u0161ao Isus jer je tada svome \u017eivotu dao ono kona\u010dno usmjerenje, to jest uputio se putem ostvarenja Bo\u017ejeg nauma na zemlji. Nakon slavlja Bo\u017ei\u0107nog Otajstva na\u0161li smo se u vremenu kroz godinu, gdje smo pozvani staviti u praksu i \u017eivot u otajstvu&nbsp; kojeg smo slavili i kojima je Bog ispunio na\u0161 \u017eivot da bi \u017eivjeli u svakodnevnici za sebe i za sve one s kojima se susre\u0107emo, od nedjelje do nedjelje, od evan\u0111enja do evan\u0111elja, Krist nas okuplja, nas sada\u0161nje vjernike da mu budemo pa\u017eljivi i vjerni u\u010denici&#8230;\u201c, rekao je u uvodu fra Ljubo.<\/p>\n\n\n\n<p>Poslu\u0161ajte \u010ditavu emisiju<\/p>\n\n\n\n<iframe src=\"https:\/\/drive.google.com\/file\/d\/18fg4cwF0oJVeQ-13ICkGd4Ej9le8w7KU\/preview\" style=\"width: 100%; height: 100px;\"><\/iframe>\n","protected":false},"excerpt":{"rendered":"<p>Kroz&nbsp;ovotjednu emisiju \u201eRije\u010dju Bo\u017ejom kroz \u017eivot\u201c&nbsp;vodio&nbsp;nas je huma\u010dki \u017eupnik&nbsp;fra&nbsp;Ljubo Kurtovi\u0107. \u201eLiturgijski ciklus slavlja Bo\u017ei\u0107nog otajstva zavr\u0161io je pro\u0161le nedjelje, Nedjelje Kr\u0161tenja Gospodinova, kada se spominjemo po\u010detka Isusovog javnog djelovanja, Isus nam pokazuje da je postao \u010dovjekom poput nas i nama po svemu jednak osim u grijehu. Zato Otajstva Kr\u0161tenja Gospodinova sjedne strane postaju kruna cjelokupnog [&hellip;]<\/p>\n","protected":false},"author":2,"featured_media":0,"comment_status":"closed","ping_status":"closed","sticky":false,"template":"","format":"standard","meta":{"h5ap_radio_sources":[],"footnotes":""},"categories":[8],"tags":[],"class_list":["post-312","post","type-post","status-publish","format-standard","hentry","category-rlj-audio"],"yoast_head":"<!-- This site is optimized with the Yoast SEO plugin v27.5 - https:\/\/yoast.com\/product\/yoast-seo-wordpress\/ -->\n<title>Fra Ljubo Kurtovi\u0107: \u201eRije\u010dju Bo\u017ejom kroz \u017eivot\u201c - RADIO LJUBU\u0160KI<\/title>\n<meta name=\"robots\" content=\"index, follow, max-snippet:-1, max-image-preview:large, max-video-preview:-1\" \/>\n<link rel=\"canonical\" href=\"https:\/\/radioljubuski.ba\/index.php\/2021\/01\/16\/fra-ljubo-kurtovic-rijecju-bozjom-kroz-zivot\/\" \/>\n<meta property=\"og:locale\" content=\"hr_HR\" \/>\n<meta property=\"og:type\" content=\"article\" \/>\n<meta property=\"og:title\" content=\"Fra Ljubo Kurtovi\u0107: \u201eRije\u010dju Bo\u017ejom kroz \u017eivot\u201c - RADIO LJUBU\u0160KI\" \/>\n<meta property=\"og:description\" content=\"Kroz&nbsp;ovotjednu emisiju \u201eRije\u010dju Bo\u017ejom kroz \u017eivot\u201c&nbsp;vodio&nbsp;nas je huma\u010dki \u017eupnik&nbsp;fra&nbsp;Ljubo Kurtovi\u0107. \u201eLiturgijski ciklus slavlja Bo\u017ei\u0107nog otajstva zavr\u0161io je pro\u0161le nedjelje, Nedjelje Kr\u0161tenja Gospodinova, kada se spominjemo po\u010detka Isusovog javnog djelovanja, Isus nam pokazuje da je postao \u010dovjekom poput nas i nama po svemu jednak osim u grijehu. Zato Otajstva Kr\u0161tenja Gospodinova sjedne strane postaju kruna cjelokupnog [&hellip;]\" \/>\n<meta property=\"og:url\" content=\"https:\/\/radioljubuski.ba\/index.php\/2021\/01\/16\/fra-ljubo-kurtovic-rijecju-bozjom-kroz-zivot\/\" \/>\n<meta property=\"og:site_name\" content=\"RADIO LJUBU\u0160KI\" \/>\n<meta property=\"article:publisher\" content=\"https:\/\/www.facebook.com\/Radiio-Ljubuski-1490835324566332\" \/>\n<meta property=\"article:published_time\" content=\"2021-01-16T12:16:50+00:00\" \/>\n<meta property=\"article:modified_time\" content=\"2021-02-25T12:17:25+00:00\" \/>\n<meta property=\"og:image\" content=\"https:\/\/radioljubuski.ba\/wp-content\/uploads\/2021\/02\/fra-ljubo-kurtovic.jpg\" \/>\n\t<meta property=\"og:image:width\" content=\"600\" \/>\n\t<meta property=\"og:image:height\" content=\"400\" \/>\n\t<meta property=\"og:image:type\" content=\"image\/jpeg\" \/>\n<meta name=\"author\" content=\"Radio Ljubu\u0161ki\" \/>\n<meta name=\"twitter:card\" content=\"summary_large_image\" \/>\n<meta name=\"twitter:creator\" content=\"@radioljubuski\" \/>\n<meta name=\"twitter:site\" content=\"@radioljubuski\" \/>\n<meta name=\"twitter:label1\" content=\"Napisao\/la\" \/>\n\t<meta name=\"twitter:data1\" content=\"Radio Ljubu\u0161ki\" \/>\n\t<meta name=\"twitter:label2\" content=\"Procijenjeno vrijeme \u010ditanja\" \/>\n\t<meta name=\"twitter:data2\" content=\"1 minuta\" \/>\n<script type=\"application\/ld+json\" class=\"yoast-schema-graph\">{\"@context\":\"https:\\\/\\\/schema.org\",\"@graph\":[{\"@type\":\"Article\",\"@id\":\"https:\\\/\\\/radioljubuski.ba\\\/index.php\\\/2021\\\/01\\\/16\\\/fra-ljubo-kurtovic-rijecju-bozjom-kroz-zivot\\\/#article\",\"isPartOf\":{\"@id\":\"https:\\\/\\\/radioljubuski.ba\\\/index.php\\\/2021\\\/01\\\/16\\\/fra-ljubo-kurtovic-rijecju-bozjom-kroz-zivot\\\/\"},\"author\":{\"name\":\"Radio Ljubu\u0161ki\",\"@id\":\"https:\\\/\\\/radioljubuski.ba\\\/#\\\/schema\\\/person\\\/19fc700381a780f69665d7956c469e3b\"},\"headline\":\"Fra Ljubo Kurtovi\u0107: \u201eRije\u010dju Bo\u017ejom kroz \u017eivot\u201c\",\"datePublished\":\"2021-01-16T12:16:50+00:00\",\"dateModified\":\"2021-02-25T12:17:25+00:00\",\"mainEntityOfPage\":{\"@id\":\"https:\\\/\\\/radioljubuski.ba\\\/index.php\\\/2021\\\/01\\\/16\\\/fra-ljubo-kurtovic-rijecju-bozjom-kroz-zivot\\\/\"},\"wordCount\":216,\"publisher\":{\"@id\":\"https:\\\/\\\/radioljubuski.ba\\\/#organization\"},\"articleSection\":[\"RLJ Audio\"],\"inLanguage\":\"hr\"},{\"@type\":\"WebPage\",\"@id\":\"https:\\\/\\\/radioljubuski.ba\\\/index.php\\\/2021\\\/01\\\/16\\\/fra-ljubo-kurtovic-rijecju-bozjom-kroz-zivot\\\/\",\"url\":\"https:\\\/\\\/radioljubuski.ba\\\/index.php\\\/2021\\\/01\\\/16\\\/fra-ljubo-kurtovic-rijecju-bozjom-kroz-zivot\\\/\",\"name\":\"Fra Ljubo Kurtovi\u0107: \u201eRije\u010dju Bo\u017ejom kroz \u017eivot\u201c - RADIO LJUBU\u0160KI\",\"isPartOf\":{\"@id\":\"https:\\\/\\\/radioljubuski.ba\\\/#website\"},\"datePublished\":\"2021-01-16T12:16:50+00:00\",\"dateModified\":\"2021-02-25T12:17:25+00:00\",\"breadcrumb\":{\"@id\":\"https:\\\/\\\/radioljubuski.ba\\\/index.php\\\/2021\\\/01\\\/16\\\/fra-ljubo-kurtovic-rijecju-bozjom-kroz-zivot\\\/#breadcrumb\"},\"inLanguage\":\"hr\",\"potentialAction\":[{\"@type\":\"ReadAction\",\"target\":[\"https:\\\/\\\/radioljubuski.ba\\\/index.php\\\/2021\\\/01\\\/16\\\/fra-ljubo-kurtovic-rijecju-bozjom-kroz-zivot\\\/\"]}]},{\"@type\":\"BreadcrumbList\",\"@id\":\"https:\\\/\\\/radioljubuski.ba\\\/index.php\\\/2021\\\/01\\\/16\\\/fra-ljubo-kurtovic-rijecju-bozjom-kroz-zivot\\\/#breadcrumb\",\"itemListElement\":[{\"@type\":\"ListItem\",\"position\":1,\"name\":\"Po\u010detna stranica\",\"item\":\"https:\\\/\\\/radioljubuski.ba\\\/\"},{\"@type\":\"ListItem\",\"position\":2,\"name\":\"Fra Ljubo Kurtovi\u0107: \u201eRije\u010dju Bo\u017ejom kroz \u017eivot\u201c\"}]},{\"@type\":\"WebSite\",\"@id\":\"https:\\\/\\\/radioljubuski.ba\\\/#website\",\"url\":\"https:\\\/\\\/radioljubuski.ba\\\/\",\"name\":\"Radio Ljubu\u0161ki\",\"description\":\"Sun\u010dana frekvencija Hercegovine\",\"publisher\":{\"@id\":\"https:\\\/\\\/radioljubuski.ba\\\/#organization\"},\"potentialAction\":[{\"@type\":\"SearchAction\",\"target\":{\"@type\":\"EntryPoint\",\"urlTemplate\":\"https:\\\/\\\/radioljubuski.ba\\\/?s={search_term_string}\"},\"query-input\":{\"@type\":\"PropertyValueSpecification\",\"valueRequired\":true,\"valueName\":\"search_term_string\"}}],\"inLanguage\":\"hr\"},{\"@type\":\"Organization\",\"@id\":\"https:\\\/\\\/radioljubuski.ba\\\/#organization\",\"name\":\"Radio Ljubu\u0161ki\",\"url\":\"https:\\\/\\\/radioljubuski.ba\\\/\",\"logo\":{\"@type\":\"ImageObject\",\"inLanguage\":\"hr\",\"@id\":\"https:\\\/\\\/radioljubuski.ba\\\/#\\\/schema\\\/logo\\\/image\\\/\",\"url\":\"https:\\\/\\\/radioljubuski.ba\\\/wp-content\\\/uploads\\\/2021\\\/02\\\/cropped-Radio_Ljubuski_logo1.jpg\",\"contentUrl\":\"https:\\\/\\\/radioljubuski.ba\\\/wp-content\\\/uploads\\\/2021\\\/02\\\/cropped-Radio_Ljubuski_logo1.jpg\",\"width\":512,\"height\":512,\"caption\":\"Radio Ljubu\u0161ki\"},\"image\":{\"@id\":\"https:\\\/\\\/radioljubuski.ba\\\/#\\\/schema\\\/logo\\\/image\\\/\"},\"sameAs\":[\"https:\\\/\\\/www.facebook.com\\\/Radiio-Ljubuski-1490835324566332\",\"https:\\\/\\\/x.com\\\/radioljubuski\",\"https:\\\/\\\/hr.linkedin.com\\\/company\\\/radio-ljubuski\",\"https:\\\/\\\/www.youtube.com\\\/channel\\\/UCHYaeO_n0Db3tjNGudGpXyw\"]},{\"@type\":\"Person\",\"@id\":\"https:\\\/\\\/radioljubuski.ba\\\/#\\\/schema\\\/person\\\/19fc700381a780f69665d7956c469e3b\",\"name\":\"Radio Ljubu\u0161ki\"}]}<\/script>\n<!-- \/ Yoast SEO plugin. -->","yoast_head_json":{"title":"Fra Ljubo Kurtovi\u0107: \u201eRije\u010dju Bo\u017ejom kroz \u017eivot\u201c - RADIO LJUBU\u0160KI","robots":{"index":"index","follow":"follow","max-snippet":"max-snippet:-1","max-image-preview":"max-image-preview:large","max-video-preview":"max-video-preview:-1"},"canonical":"https:\/\/radioljubuski.ba\/index.php\/2021\/01\/16\/fra-ljubo-kurtovic-rijecju-bozjom-kroz-zivot\/","og_locale":"hr_HR","og_type":"article","og_title":"Fra Ljubo Kurtovi\u0107: \u201eRije\u010dju Bo\u017ejom kroz \u017eivot\u201c - RADIO LJUBU\u0160KI","og_description":"Kroz&nbsp;ovotjednu emisiju \u201eRije\u010dju Bo\u017ejom kroz \u017eivot\u201c&nbsp;vodio&nbsp;nas je huma\u010dki \u017eupnik&nbsp;fra&nbsp;Ljubo Kurtovi\u0107. \u201eLiturgijski ciklus slavlja Bo\u017ei\u0107nog otajstva zavr\u0161io je pro\u0161le nedjelje, Nedjelje Kr\u0161tenja Gospodinova, kada se spominjemo po\u010detka Isusovog javnog djelovanja, Isus nam pokazuje da je postao \u010dovjekom poput nas i nama po svemu jednak osim u grijehu. Zato Otajstva Kr\u0161tenja Gospodinova sjedne strane postaju kruna cjelokupnog [&hellip;]","og_url":"https:\/\/radioljubuski.ba\/index.php\/2021\/01\/16\/fra-ljubo-kurtovic-rijecju-bozjom-kroz-zivot\/","og_site_name":"RADIO LJUBU\u0160KI","article_publisher":"https:\/\/www.facebook.com\/Radiio-Ljubuski-1490835324566332","article_published_time":"2021-01-16T12:16:50+00:00","article_modified_time":"2021-02-25T12:17:25+00:00","og_image":[{"width":600,"height":400,"url":"https:\/\/radioljubuski.ba\/wp-content\/uploads\/2021\/02\/fra-ljubo-kurtovic.jpg","type":"image\/jpeg"}],"author":"Radio Ljubu\u0161ki","twitter_card":"summary_large_image","twitter_creator":"@radioljubuski","twitter_site":"@radioljubuski","twitter_misc":{"Napisao\/la":"Radio Ljubu\u0161ki","Procijenjeno vrijeme \u010ditanja":"1 minuta"},"schema":{"@context":"https:\/\/schema.org","@graph":[{"@type":"Article","@id":"https:\/\/radioljubuski.ba\/index.php\/2021\/01\/16\/fra-ljubo-kurtovic-rijecju-bozjom-kroz-zivot\/#article","isPartOf":{"@id":"https:\/\/radioljubuski.ba\/index.php\/2021\/01\/16\/fra-ljubo-kurtovic-rijecju-bozjom-kroz-zivot\/"},"author":{"name":"Radio Ljubu\u0161ki","@id":"https:\/\/radioljubuski.ba\/#\/schema\/person\/19fc700381a780f69665d7956c469e3b"},"headline":"Fra Ljubo Kurtovi\u0107: \u201eRije\u010dju Bo\u017ejom kroz \u017eivot\u201c","datePublished":"2021-01-16T12:16:50+00:00","dateModified":"2021-02-25T12:17:25+00:00","mainEntityOfPage":{"@id":"https:\/\/radioljubuski.ba\/index.php\/2021\/01\/16\/fra-ljubo-kurtovic-rijecju-bozjom-kroz-zivot\/"},"wordCount":216,"publisher":{"@id":"https:\/\/radioljubuski.ba\/#organization"},"articleSection":["RLJ Audio"],"inLanguage":"hr"},{"@type":"WebPage","@id":"https:\/\/radioljubuski.ba\/index.php\/2021\/01\/16\/fra-ljubo-kurtovic-rijecju-bozjom-kroz-zivot\/","url":"https:\/\/radioljubuski.ba\/index.php\/2021\/01\/16\/fra-ljubo-kurtovic-rijecju-bozjom-kroz-zivot\/","name":"Fra Ljubo Kurtovi\u0107: \u201eRije\u010dju Bo\u017ejom kroz \u017eivot\u201c - RADIO LJUBU\u0160KI","isPartOf":{"@id":"https:\/\/radioljubuski.ba\/#website"},"datePublished":"2021-01-16T12:16:50+00:00","dateModified":"2021-02-25T12:17:25+00:00","breadcrumb":{"@id":"https:\/\/radioljubuski.ba\/index.php\/2021\/01\/16\/fra-ljubo-kurtovic-rijecju-bozjom-kroz-zivot\/#breadcrumb"},"inLanguage":"hr","potentialAction":[{"@type":"ReadAction","target":["https:\/\/radioljubuski.ba\/index.php\/2021\/01\/16\/fra-ljubo-kurtovic-rijecju-bozjom-kroz-zivot\/"]}]},{"@type":"BreadcrumbList","@id":"https:\/\/radioljubuski.ba\/index.php\/2021\/01\/16\/fra-ljubo-kurtovic-rijecju-bozjom-kroz-zivot\/#breadcrumb","itemListElement":[{"@type":"ListItem","position":1,"name":"Po\u010detna stranica","item":"https:\/\/radioljubuski.ba\/"},{"@type":"ListItem","position":2,"name":"Fra Ljubo Kurtovi\u0107: \u201eRije\u010dju Bo\u017ejom kroz \u017eivot\u201c"}]},{"@type":"WebSite","@id":"https:\/\/radioljubuski.ba\/#website","url":"https:\/\/radioljubuski.ba\/","name":"Radio Ljubu\u0161ki","description":"Sun\u010dana frekvencija Hercegovine","publisher":{"@id":"https:\/\/radioljubuski.ba\/#organization"},"potentialAction":[{"@type":"SearchAction","target":{"@type":"EntryPoint","urlTemplate":"https:\/\/radioljubuski.ba\/?s={search_term_string}"},"query-input":{"@type":"PropertyValueSpecification","valueRequired":true,"valueName":"search_term_string"}}],"inLanguage":"hr"},{"@type":"Organization","@id":"https:\/\/radioljubuski.ba\/#organization","name":"Radio Ljubu\u0161ki","url":"https:\/\/radioljubuski.ba\/","logo":{"@type":"ImageObject","inLanguage":"hr","@id":"https:\/\/radioljubuski.ba\/#\/schema\/logo\/image\/","url":"https:\/\/radioljubuski.ba\/wp-content\/uploads\/2021\/02\/cropped-Radio_Ljubuski_logo1.jpg","contentUrl":"https:\/\/radioljubuski.ba\/wp-content\/uploads\/2021\/02\/cropped-Radio_Ljubuski_logo1.jpg","width":512,"height":512,"caption":"Radio Ljubu\u0161ki"},"image":{"@id":"https:\/\/radioljubuski.ba\/#\/schema\/logo\/image\/"},"sameAs":["https:\/\/www.facebook.com\/Radiio-Ljubuski-1490835324566332","https:\/\/x.com\/radioljubuski","https:\/\/hr.linkedin.com\/company\/radio-ljubuski","https:\/\/www.youtube.com\/channel\/UCHYaeO_n0Db3tjNGudGpXyw"]},{"@type":"Person","@id":"https:\/\/radioljubuski.ba\/#\/schema\/person\/19fc700381a780f69665d7956c469e3b","name":"Radio Ljubu\u0161ki"}]}},"_links":{"self":[{"href":"https:\/\/radioljubuski.ba\/index.php\/wp-json\/wp\/v2\/posts\/312","targetHints":{"allow":["GET"]}}],"collection":[{"href":"https:\/\/radioljubuski.ba\/index.php\/wp-json\/wp\/v2\/posts"}],"about":[{"href":"https:\/\/radioljubuski.ba\/index.php\/wp-json\/wp\/v2\/types\/post"}],"author":[{"embeddable":true,"href":"https:\/\/radioljubuski.ba\/index.php\/wp-json\/wp\/v2\/users\/2"}],"replies":[{"embeddable":true,"href":"https:\/\/radioljubuski.ba\/index.php\/wp-json\/wp\/v2\/comments?post=312"}],"version-history":[{"count":1,"href":"https:\/\/radioljubuski.ba\/index.php\/wp-json\/wp\/v2\/posts\/312\/revisions"}],"predecessor-version":[{"id":317,"href":"https:\/\/radioljubuski.ba\/index.php\/wp-json\/wp\/v2\/posts\/312\/revisions\/317"}],"wp:attachment":[{"href":"https:\/\/radioljubuski.ba\/index.php\/wp-json\/wp\/v2\/media?parent=312"}],"wp:term":[{"taxonomy":"category","embeddable":true,"href":"https:\/\/radioljubuski.ba\/index.php\/wp-json\/wp\/v2\/categories?post=312"},{"taxonomy":"post_tag","embeddable":true,"href":"https:\/\/radioljubuski.ba\/index.php\/wp-json\/wp\/v2\/tags?post=312"}],"curies":[{"name":"wp","href":"https:\/\/api.w.org\/{rel}","templated":true}]}}