{"id":3157,"date":"2021-03-12T22:12:45","date_gmt":"2021-03-12T21:12:45","guid":{"rendered":"https:\/\/radioljubuski.ba\/?p=3157"},"modified":"2021-03-12T22:12:46","modified_gmt":"2021-03-12T21:12:46","slug":"u-hrvatskoj-zena-umrla-tri-dana-nakon-cijepljenja-astrazenecom-istrazuju-slucaj","status":"publish","type":"post","link":"https:\/\/radioljubuski.ba\/index.php\/2021\/03\/12\/u-hrvatskoj-zena-umrla-tri-dana-nakon-cijepljenja-astrazenecom-istrazuju-slucaj\/","title":{"rendered":"U Hrvatskoj \u017eena umrla tri dana nakon cijepljenja AstraZenecom, istra\u017euju slu\u010daj"},"content":{"rendered":"\n<p>Hrvatska agencija za lijekove (HALMED) i Hrvatski zavod za javno zdravstvo (HZJZ) istra\u017euju smrt 91-godi\u0161nje \u017eene koja je preminula tri dana nakon cijepljenja AstraZenecom.<\/p>\n\n\n\n<p>Kako pi\u0161e Jutarnji list, 91-godi\u0161nja \u017eena preminula je od plu\u0107ne embolije tri dana nakon \u0161to je cijepljena, a slu\u010daj se trenuta\u010dno istra\u017euje.<\/p>\n\n\n\n<p>\u201cHALMED je pokrenuo postupak ocjene slijedom zaprimanja inicijalne prijave dana 7. o\u017eujka. \u200bS obzirom na to da inicijalna prijava nije sadr\u017eavala dovoljno informacija za ocjenu povezanosti sumnje na nuspojavu i cjepiva, zatra\u017eeni su dodatni podaci\u201d, ka\u017eu u HALMED-u i dodaju da je u tijeku postupak prikupljanja potrebnih podataka te njihove ocjene, a kona\u010dni zaklju\u010dak bit \u0107e donesen u \u0161to skorijem roku.<\/p>\n\n\n\n<p>Capak: Tromboembolija nije rijetkost, lako je mogu\u0107e da se slu\u010dajno pove\u017ee s cijepljenjem<\/p>\n\n\n\n<p>\u201cZnam da imamo jedan slu\u010daj smrti od tromboemoblije od AstraZenece, radi se o 91-godi\u0161njoj osobi. Komisija je zaklju\u010dila da ta dva doga\u0111aja nisu povezana. Tromboembolija nije rijetkost, svaki tjedan na sto tisu\u0107a doga\u0111a se jedan takav slu\u010daj. Lako je mogu\u0107e da se slu\u010dajno pove\u017ee s cijepljenjem\u201d, rekao je Krunoslav Capak za N1.<\/p>\n\n\n\n<p>Izvor:N1<\/p>\n","protected":false},"excerpt":{"rendered":"<p>Hrvatska agencija za lijekove (HALMED) i Hrvatski zavod za javno zdravstvo (HZJZ) istra\u017euju smrt 91-godi\u0161nje \u017eene koja je preminula tri dana nakon cijepljenja AstraZenecom. Kako pi\u0161e Jutarnji list, 91-godi\u0161nja \u017eena preminula je od plu\u0107ne embolije tri dana nakon \u0161to je cijepljena, a slu\u010daj se trenuta\u010dno istra\u017euje. \u201cHALMED je pokrenuo postupak ocjene slijedom zaprimanja inicijalne prijave [&hellip;]<\/p>\n","protected":false},"author":2,"featured_media":3158,"comment_status":"closed","ping_status":"closed","sticky":false,"template":"","format":"standard","meta":{"h5ap_radio_sources":[],"footnotes":""},"categories":[1],"tags":[],"class_list":["post-3157","post","type-post","status-publish","format-standard","has-post-thumbnail","hentry","category-bihiregija"],"yoast_head":"<!-- This site is optimized with the Yoast SEO plugin v27.5 - https:\/\/yoast.com\/product\/yoast-seo-wordpress\/ -->\n<title>U Hrvatskoj \u017eena umrla tri dana nakon cijepljenja AstraZenecom, istra\u017euju slu\u010daj - RADIO LJUBU\u0160KI<\/title>\n<meta name=\"robots\" content=\"index, follow, max-snippet:-1, max-image-preview:large, max-video-preview:-1\" \/>\n<link rel=\"canonical\" href=\"https:\/\/radioljubuski.ba\/index.php\/2021\/03\/12\/u-hrvatskoj-zena-umrla-tri-dana-nakon-cijepljenja-astrazenecom-istrazuju-slucaj\/\" \/>\n<meta property=\"og:locale\" content=\"hr_HR\" \/>\n<meta property=\"og:type\" content=\"article\" \/>\n<meta property=\"og:title\" content=\"U Hrvatskoj \u017eena umrla tri dana nakon cijepljenja AstraZenecom, istra\u017euju slu\u010daj - RADIO LJUBU\u0160KI\" \/>\n<meta property=\"og:description\" content=\"Hrvatska agencija za lijekove (HALMED) i Hrvatski zavod za javno zdravstvo (HZJZ) istra\u017euju smrt 91-godi\u0161nje \u017eene koja je preminula tri dana nakon cijepljenja AstraZenecom. Kako pi\u0161e Jutarnji list, 91-godi\u0161nja \u017eena preminula je od plu\u0107ne embolije tri dana nakon \u0161to je cijepljena, a slu\u010daj se trenuta\u010dno istra\u017euje. \u201cHALMED je pokrenuo postupak ocjene slijedom zaprimanja inicijalne prijave [&hellip;]\" \/>\n<meta property=\"og:url\" content=\"https:\/\/radioljubuski.ba\/index.php\/2021\/03\/12\/u-hrvatskoj-zena-umrla-tri-dana-nakon-cijepljenja-astrazenecom-istrazuju-slucaj\/\" \/>\n<meta property=\"og:site_name\" content=\"RADIO LJUBU\u0160KI\" \/>\n<meta property=\"article:publisher\" content=\"https:\/\/www.facebook.com\/Radiio-Ljubuski-1490835324566332\" \/>\n<meta property=\"article:published_time\" content=\"2021-03-12T21:12:45+00:00\" \/>\n<meta property=\"article:modified_time\" content=\"2021-03-12T21:12:46+00:00\" \/>\n<meta property=\"og:image\" content=\"https:\/\/radioljubuski.ba\/wp-content\/uploads\/2021\/03\/3-2021-03-12-18-48-09-astraZ.jpg\" \/>\n\t<meta property=\"og:image:width\" content=\"1000\" \/>\n\t<meta property=\"og:image:height\" content=\"625\" \/>\n\t<meta property=\"og:image:type\" content=\"image\/jpeg\" \/>\n<meta name=\"author\" content=\"Radio Ljubu\u0161ki\" \/>\n<meta name=\"twitter:card\" content=\"summary_large_image\" \/>\n<meta name=\"twitter:creator\" content=\"@radioljubuski\" \/>\n<meta name=\"twitter:site\" content=\"@radioljubuski\" \/>\n<meta name=\"twitter:label1\" content=\"Napisao\/la\" \/>\n\t<meta name=\"twitter:data1\" content=\"Radio Ljubu\u0161ki\" \/>\n\t<meta name=\"twitter:label2\" content=\"Procijenjeno vrijeme \u010ditanja\" \/>\n\t<meta name=\"twitter:data2\" content=\"1 minuta\" \/>\n<script type=\"application\/ld+json\" class=\"yoast-schema-graph\">{\"@context\":\"https:\\\/\\\/schema.org\",\"@graph\":[{\"@type\":\"Article\",\"@id\":\"https:\\\/\\\/radioljubuski.ba\\\/index.php\\\/2021\\\/03\\\/12\\\/u-hrvatskoj-zena-umrla-tri-dana-nakon-cijepljenja-astrazenecom-istrazuju-slucaj\\\/#article\",\"isPartOf\":{\"@id\":\"https:\\\/\\\/radioljubuski.ba\\\/index.php\\\/2021\\\/03\\\/12\\\/u-hrvatskoj-zena-umrla-tri-dana-nakon-cijepljenja-astrazenecom-istrazuju-slucaj\\\/\"},\"author\":{\"name\":\"Radio Ljubu\u0161ki\",\"@id\":\"https:\\\/\\\/radioljubuski.ba\\\/#\\\/schema\\\/person\\\/19fc700381a780f69665d7956c469e3b\"},\"headline\":\"U Hrvatskoj \u017eena umrla tri dana nakon cijepljenja AstraZenecom, istra\u017euju slu\u010daj\",\"datePublished\":\"2021-03-12T21:12:45+00:00\",\"dateModified\":\"2021-03-12T21:12:46+00:00\",\"mainEntityOfPage\":{\"@id\":\"https:\\\/\\\/radioljubuski.ba\\\/index.php\\\/2021\\\/03\\\/12\\\/u-hrvatskoj-zena-umrla-tri-dana-nakon-cijepljenja-astrazenecom-istrazuju-slucaj\\\/\"},\"wordCount\":213,\"publisher\":{\"@id\":\"https:\\\/\\\/radioljubuski.ba\\\/#organization\"},\"image\":{\"@id\":\"https:\\\/\\\/radioljubuski.ba\\\/index.php\\\/2021\\\/03\\\/12\\\/u-hrvatskoj-zena-umrla-tri-dana-nakon-cijepljenja-astrazenecom-istrazuju-slucaj\\\/#primaryimage\"},\"thumbnailUrl\":\"https:\\\/\\\/radioljubuski.ba\\\/wp-content\\\/uploads\\\/2021\\\/03\\\/3-2021-03-12-18-48-09-astraZ.jpg\",\"articleSection\":[\"BIH i regija\"],\"inLanguage\":\"hr\"},{\"@type\":\"WebPage\",\"@id\":\"https:\\\/\\\/radioljubuski.ba\\\/index.php\\\/2021\\\/03\\\/12\\\/u-hrvatskoj-zena-umrla-tri-dana-nakon-cijepljenja-astrazenecom-istrazuju-slucaj\\\/\",\"url\":\"https:\\\/\\\/radioljubuski.ba\\\/index.php\\\/2021\\\/03\\\/12\\\/u-hrvatskoj-zena-umrla-tri-dana-nakon-cijepljenja-astrazenecom-istrazuju-slucaj\\\/\",\"name\":\"U Hrvatskoj \u017eena umrla tri dana nakon cijepljenja AstraZenecom, istra\u017euju slu\u010daj - RADIO LJUBU\u0160KI\",\"isPartOf\":{\"@id\":\"https:\\\/\\\/radioljubuski.ba\\\/#website\"},\"primaryImageOfPage\":{\"@id\":\"https:\\\/\\\/radioljubuski.ba\\\/index.php\\\/2021\\\/03\\\/12\\\/u-hrvatskoj-zena-umrla-tri-dana-nakon-cijepljenja-astrazenecom-istrazuju-slucaj\\\/#primaryimage\"},\"image\":{\"@id\":\"https:\\\/\\\/radioljubuski.ba\\\/index.php\\\/2021\\\/03\\\/12\\\/u-hrvatskoj-zena-umrla-tri-dana-nakon-cijepljenja-astrazenecom-istrazuju-slucaj\\\/#primaryimage\"},\"thumbnailUrl\":\"https:\\\/\\\/radioljubuski.ba\\\/wp-content\\\/uploads\\\/2021\\\/03\\\/3-2021-03-12-18-48-09-astraZ.jpg\",\"datePublished\":\"2021-03-12T21:12:45+00:00\",\"dateModified\":\"2021-03-12T21:12:46+00:00\",\"breadcrumb\":{\"@id\":\"https:\\\/\\\/radioljubuski.ba\\\/index.php\\\/2021\\\/03\\\/12\\\/u-hrvatskoj-zena-umrla-tri-dana-nakon-cijepljenja-astrazenecom-istrazuju-slucaj\\\/#breadcrumb\"},\"inLanguage\":\"hr\",\"potentialAction\":[{\"@type\":\"ReadAction\",\"target\":[\"https:\\\/\\\/radioljubuski.ba\\\/index.php\\\/2021\\\/03\\\/12\\\/u-hrvatskoj-zena-umrla-tri-dana-nakon-cijepljenja-astrazenecom-istrazuju-slucaj\\\/\"]}]},{\"@type\":\"ImageObject\",\"inLanguage\":\"hr\",\"@id\":\"https:\\\/\\\/radioljubuski.ba\\\/index.php\\\/2021\\\/03\\\/12\\\/u-hrvatskoj-zena-umrla-tri-dana-nakon-cijepljenja-astrazenecom-istrazuju-slucaj\\\/#primaryimage\",\"url\":\"https:\\\/\\\/radioljubuski.ba\\\/wp-content\\\/uploads\\\/2021\\\/03\\\/3-2021-03-12-18-48-09-astraZ.jpg\",\"contentUrl\":\"https:\\\/\\\/radioljubuski.ba\\\/wp-content\\\/uploads\\\/2021\\\/03\\\/3-2021-03-12-18-48-09-astraZ.jpg\",\"width\":1000,\"height\":625},{\"@type\":\"BreadcrumbList\",\"@id\":\"https:\\\/\\\/radioljubuski.ba\\\/index.php\\\/2021\\\/03\\\/12\\\/u-hrvatskoj-zena-umrla-tri-dana-nakon-cijepljenja-astrazenecom-istrazuju-slucaj\\\/#breadcrumb\",\"itemListElement\":[{\"@type\":\"ListItem\",\"position\":1,\"name\":\"Po\u010detna stranica\",\"item\":\"https:\\\/\\\/radioljubuski.ba\\\/\"},{\"@type\":\"ListItem\",\"position\":2,\"name\":\"U Hrvatskoj \u017eena umrla tri dana nakon cijepljenja AstraZenecom, istra\u017euju slu\u010daj\"}]},{\"@type\":\"WebSite\",\"@id\":\"https:\\\/\\\/radioljubuski.ba\\\/#website\",\"url\":\"https:\\\/\\\/radioljubuski.ba\\\/\",\"name\":\"Radio Ljubu\u0161ki\",\"description\":\"Sun\u010dana frekvencija Hercegovine\",\"publisher\":{\"@id\":\"https:\\\/\\\/radioljubuski.ba\\\/#organization\"},\"potentialAction\":[{\"@type\":\"SearchAction\",\"target\":{\"@type\":\"EntryPoint\",\"urlTemplate\":\"https:\\\/\\\/radioljubuski.ba\\\/?s={search_term_string}\"},\"query-input\":{\"@type\":\"PropertyValueSpecification\",\"valueRequired\":true,\"valueName\":\"search_term_string\"}}],\"inLanguage\":\"hr\"},{\"@type\":\"Organization\",\"@id\":\"https:\\\/\\\/radioljubuski.ba\\\/#organization\",\"name\":\"Radio Ljubu\u0161ki\",\"url\":\"https:\\\/\\\/radioljubuski.ba\\\/\",\"logo\":{\"@type\":\"ImageObject\",\"inLanguage\":\"hr\",\"@id\":\"https:\\\/\\\/radioljubuski.ba\\\/#\\\/schema\\\/logo\\\/image\\\/\",\"url\":\"https:\\\/\\\/radioljubuski.ba\\\/wp-content\\\/uploads\\\/2021\\\/02\\\/cropped-Radio_Ljubuski_logo1.jpg\",\"contentUrl\":\"https:\\\/\\\/radioljubuski.ba\\\/wp-content\\\/uploads\\\/2021\\\/02\\\/cropped-Radio_Ljubuski_logo1.jpg\",\"width\":512,\"height\":512,\"caption\":\"Radio Ljubu\u0161ki\"},\"image\":{\"@id\":\"https:\\\/\\\/radioljubuski.ba\\\/#\\\/schema\\\/logo\\\/image\\\/\"},\"sameAs\":[\"https:\\\/\\\/www.facebook.com\\\/Radiio-Ljubuski-1490835324566332\",\"https:\\\/\\\/x.com\\\/radioljubuski\",\"https:\\\/\\\/hr.linkedin.com\\\/company\\\/radio-ljubuski\",\"https:\\\/\\\/www.youtube.com\\\/channel\\\/UCHYaeO_n0Db3tjNGudGpXyw\"]},{\"@type\":\"Person\",\"@id\":\"https:\\\/\\\/radioljubuski.ba\\\/#\\\/schema\\\/person\\\/19fc700381a780f69665d7956c469e3b\",\"name\":\"Radio Ljubu\u0161ki\"}]}<\/script>\n<!-- \/ Yoast SEO plugin. -->","yoast_head_json":{"title":"U Hrvatskoj \u017eena umrla tri dana nakon cijepljenja AstraZenecom, istra\u017euju slu\u010daj - RADIO LJUBU\u0160KI","robots":{"index":"index","follow":"follow","max-snippet":"max-snippet:-1","max-image-preview":"max-image-preview:large","max-video-preview":"max-video-preview:-1"},"canonical":"https:\/\/radioljubuski.ba\/index.php\/2021\/03\/12\/u-hrvatskoj-zena-umrla-tri-dana-nakon-cijepljenja-astrazenecom-istrazuju-slucaj\/","og_locale":"hr_HR","og_type":"article","og_title":"U Hrvatskoj \u017eena umrla tri dana nakon cijepljenja AstraZenecom, istra\u017euju slu\u010daj - RADIO LJUBU\u0160KI","og_description":"Hrvatska agencija za lijekove (HALMED) i Hrvatski zavod za javno zdravstvo (HZJZ) istra\u017euju smrt 91-godi\u0161nje \u017eene koja je preminula tri dana nakon cijepljenja AstraZenecom. Kako pi\u0161e Jutarnji list, 91-godi\u0161nja \u017eena preminula je od plu\u0107ne embolije tri dana nakon \u0161to je cijepljena, a slu\u010daj se trenuta\u010dno istra\u017euje. \u201cHALMED je pokrenuo postupak ocjene slijedom zaprimanja inicijalne prijave [&hellip;]","og_url":"https:\/\/radioljubuski.ba\/index.php\/2021\/03\/12\/u-hrvatskoj-zena-umrla-tri-dana-nakon-cijepljenja-astrazenecom-istrazuju-slucaj\/","og_site_name":"RADIO LJUBU\u0160KI","article_publisher":"https:\/\/www.facebook.com\/Radiio-Ljubuski-1490835324566332","article_published_time":"2021-03-12T21:12:45+00:00","article_modified_time":"2021-03-12T21:12:46+00:00","og_image":[{"width":1000,"height":625,"url":"https:\/\/radioljubuski.ba\/wp-content\/uploads\/2021\/03\/3-2021-03-12-18-48-09-astraZ.jpg","type":"image\/jpeg"}],"author":"Radio Ljubu\u0161ki","twitter_card":"summary_large_image","twitter_creator":"@radioljubuski","twitter_site":"@radioljubuski","twitter_misc":{"Napisao\/la":"Radio Ljubu\u0161ki","Procijenjeno vrijeme \u010ditanja":"1 minuta"},"schema":{"@context":"https:\/\/schema.org","@graph":[{"@type":"Article","@id":"https:\/\/radioljubuski.ba\/index.php\/2021\/03\/12\/u-hrvatskoj-zena-umrla-tri-dana-nakon-cijepljenja-astrazenecom-istrazuju-slucaj\/#article","isPartOf":{"@id":"https:\/\/radioljubuski.ba\/index.php\/2021\/03\/12\/u-hrvatskoj-zena-umrla-tri-dana-nakon-cijepljenja-astrazenecom-istrazuju-slucaj\/"},"author":{"name":"Radio Ljubu\u0161ki","@id":"https:\/\/radioljubuski.ba\/#\/schema\/person\/19fc700381a780f69665d7956c469e3b"},"headline":"U Hrvatskoj \u017eena umrla tri dana nakon cijepljenja AstraZenecom, istra\u017euju slu\u010daj","datePublished":"2021-03-12T21:12:45+00:00","dateModified":"2021-03-12T21:12:46+00:00","mainEntityOfPage":{"@id":"https:\/\/radioljubuski.ba\/index.php\/2021\/03\/12\/u-hrvatskoj-zena-umrla-tri-dana-nakon-cijepljenja-astrazenecom-istrazuju-slucaj\/"},"wordCount":213,"publisher":{"@id":"https:\/\/radioljubuski.ba\/#organization"},"image":{"@id":"https:\/\/radioljubuski.ba\/index.php\/2021\/03\/12\/u-hrvatskoj-zena-umrla-tri-dana-nakon-cijepljenja-astrazenecom-istrazuju-slucaj\/#primaryimage"},"thumbnailUrl":"https:\/\/radioljubuski.ba\/wp-content\/uploads\/2021\/03\/3-2021-03-12-18-48-09-astraZ.jpg","articleSection":["BIH i regija"],"inLanguage":"hr"},{"@type":"WebPage","@id":"https:\/\/radioljubuski.ba\/index.php\/2021\/03\/12\/u-hrvatskoj-zena-umrla-tri-dana-nakon-cijepljenja-astrazenecom-istrazuju-slucaj\/","url":"https:\/\/radioljubuski.ba\/index.php\/2021\/03\/12\/u-hrvatskoj-zena-umrla-tri-dana-nakon-cijepljenja-astrazenecom-istrazuju-slucaj\/","name":"U Hrvatskoj \u017eena umrla tri dana nakon cijepljenja AstraZenecom, istra\u017euju slu\u010daj - RADIO LJUBU\u0160KI","isPartOf":{"@id":"https:\/\/radioljubuski.ba\/#website"},"primaryImageOfPage":{"@id":"https:\/\/radioljubuski.ba\/index.php\/2021\/03\/12\/u-hrvatskoj-zena-umrla-tri-dana-nakon-cijepljenja-astrazenecom-istrazuju-slucaj\/#primaryimage"},"image":{"@id":"https:\/\/radioljubuski.ba\/index.php\/2021\/03\/12\/u-hrvatskoj-zena-umrla-tri-dana-nakon-cijepljenja-astrazenecom-istrazuju-slucaj\/#primaryimage"},"thumbnailUrl":"https:\/\/radioljubuski.ba\/wp-content\/uploads\/2021\/03\/3-2021-03-12-18-48-09-astraZ.jpg","datePublished":"2021-03-12T21:12:45+00:00","dateModified":"2021-03-12T21:12:46+00:00","breadcrumb":{"@id":"https:\/\/radioljubuski.ba\/index.php\/2021\/03\/12\/u-hrvatskoj-zena-umrla-tri-dana-nakon-cijepljenja-astrazenecom-istrazuju-slucaj\/#breadcrumb"},"inLanguage":"hr","potentialAction":[{"@type":"ReadAction","target":["https:\/\/radioljubuski.ba\/index.php\/2021\/03\/12\/u-hrvatskoj-zena-umrla-tri-dana-nakon-cijepljenja-astrazenecom-istrazuju-slucaj\/"]}]},{"@type":"ImageObject","inLanguage":"hr","@id":"https:\/\/radioljubuski.ba\/index.php\/2021\/03\/12\/u-hrvatskoj-zena-umrla-tri-dana-nakon-cijepljenja-astrazenecom-istrazuju-slucaj\/#primaryimage","url":"https:\/\/radioljubuski.ba\/wp-content\/uploads\/2021\/03\/3-2021-03-12-18-48-09-astraZ.jpg","contentUrl":"https:\/\/radioljubuski.ba\/wp-content\/uploads\/2021\/03\/3-2021-03-12-18-48-09-astraZ.jpg","width":1000,"height":625},{"@type":"BreadcrumbList","@id":"https:\/\/radioljubuski.ba\/index.php\/2021\/03\/12\/u-hrvatskoj-zena-umrla-tri-dana-nakon-cijepljenja-astrazenecom-istrazuju-slucaj\/#breadcrumb","itemListElement":[{"@type":"ListItem","position":1,"name":"Po\u010detna stranica","item":"https:\/\/radioljubuski.ba\/"},{"@type":"ListItem","position":2,"name":"U Hrvatskoj \u017eena umrla tri dana nakon cijepljenja AstraZenecom, istra\u017euju slu\u010daj"}]},{"@type":"WebSite","@id":"https:\/\/radioljubuski.ba\/#website","url":"https:\/\/radioljubuski.ba\/","name":"Radio Ljubu\u0161ki","description":"Sun\u010dana frekvencija Hercegovine","publisher":{"@id":"https:\/\/radioljubuski.ba\/#organization"},"potentialAction":[{"@type":"SearchAction","target":{"@type":"EntryPoint","urlTemplate":"https:\/\/radioljubuski.ba\/?s={search_term_string}"},"query-input":{"@type":"PropertyValueSpecification","valueRequired":true,"valueName":"search_term_string"}}],"inLanguage":"hr"},{"@type":"Organization","@id":"https:\/\/radioljubuski.ba\/#organization","name":"Radio Ljubu\u0161ki","url":"https:\/\/radioljubuski.ba\/","logo":{"@type":"ImageObject","inLanguage":"hr","@id":"https:\/\/radioljubuski.ba\/#\/schema\/logo\/image\/","url":"https:\/\/radioljubuski.ba\/wp-content\/uploads\/2021\/02\/cropped-Radio_Ljubuski_logo1.jpg","contentUrl":"https:\/\/radioljubuski.ba\/wp-content\/uploads\/2021\/02\/cropped-Radio_Ljubuski_logo1.jpg","width":512,"height":512,"caption":"Radio Ljubu\u0161ki"},"image":{"@id":"https:\/\/radioljubuski.ba\/#\/schema\/logo\/image\/"},"sameAs":["https:\/\/www.facebook.com\/Radiio-Ljubuski-1490835324566332","https:\/\/x.com\/radioljubuski","https:\/\/hr.linkedin.com\/company\/radio-ljubuski","https:\/\/www.youtube.com\/channel\/UCHYaeO_n0Db3tjNGudGpXyw"]},{"@type":"Person","@id":"https:\/\/radioljubuski.ba\/#\/schema\/person\/19fc700381a780f69665d7956c469e3b","name":"Radio Ljubu\u0161ki"}]}},"_links":{"self":[{"href":"https:\/\/radioljubuski.ba\/index.php\/wp-json\/wp\/v2\/posts\/3157","targetHints":{"allow":["GET"]}}],"collection":[{"href":"https:\/\/radioljubuski.ba\/index.php\/wp-json\/wp\/v2\/posts"}],"about":[{"href":"https:\/\/radioljubuski.ba\/index.php\/wp-json\/wp\/v2\/types\/post"}],"author":[{"embeddable":true,"href":"https:\/\/radioljubuski.ba\/index.php\/wp-json\/wp\/v2\/users\/2"}],"replies":[{"embeddable":true,"href":"https:\/\/radioljubuski.ba\/index.php\/wp-json\/wp\/v2\/comments?post=3157"}],"version-history":[{"count":1,"href":"https:\/\/radioljubuski.ba\/index.php\/wp-json\/wp\/v2\/posts\/3157\/revisions"}],"predecessor-version":[{"id":3159,"href":"https:\/\/radioljubuski.ba\/index.php\/wp-json\/wp\/v2\/posts\/3157\/revisions\/3159"}],"wp:featuredmedia":[{"embeddable":true,"href":"https:\/\/radioljubuski.ba\/index.php\/wp-json\/wp\/v2\/media\/3158"}],"wp:attachment":[{"href":"https:\/\/radioljubuski.ba\/index.php\/wp-json\/wp\/v2\/media?parent=3157"}],"wp:term":[{"taxonomy":"category","embeddable":true,"href":"https:\/\/radioljubuski.ba\/index.php\/wp-json\/wp\/v2\/categories?post=3157"},{"taxonomy":"post_tag","embeddable":true,"href":"https:\/\/radioljubuski.ba\/index.php\/wp-json\/wp\/v2\/tags?post=3157"}],"curies":[{"name":"wp","href":"https:\/\/api.w.org\/{rel}","templated":true}]}}