{"id":31854,"date":"2021-06-13T10:29:08","date_gmt":"2021-06-13T09:29:08","guid":{"rendered":"https:\/\/radioljubuski.ba\/?p=31854"},"modified":"2021-06-13T10:29:09","modified_gmt":"2021-06-13T09:29:09","slug":"kardiolog-objavio-tuznu-vijest-eriksen-vjerovatno-zavrsio-karijeru","status":"publish","type":"post","link":"https:\/\/radioljubuski.ba\/index.php\/2021\/06\/13\/kardiolog-objavio-tuznu-vijest-eriksen-vjerovatno-zavrsio-karijeru\/","title":{"rendered":"Kardiolog objavio tu\u017enu vijest: Eriksen vjerovatno zavr\u0161io karijeru"},"content":{"rendered":"\n<p>Christian Eriksen vjerovatno vi\u0161e ne\u0107e igrati nogomet, kazao je jedan od vode\u0107ih sportskih kardiologa u Engleskoj Sanjay Sharma, javio je Independent.<\/p>\n\n\n\n<p>Danski nogometa\u0161 je tijekom me\u010da sa Finskom na Europskom prvenstvu imao, kako se navodi, sr\u010dani zastoj. Zbog toga je kolabirao na terenu.<\/p>\n\n\n\n<p>Sharma, ina\u010de profesor sportske kardiologije na Univerzitetu Saint George, radio je sa Eriksenom dok je ovaj igrao za Tottenham. Lije\u010dnik smatra kako se dogodila neka velika gre\u0161ka. I da je sada najve\u0107e pitanje \u0161to se dogodilo i za\u0161to.<\/p>\n\n\n\n<p>\u201cOvaj momak je imao normalne testove sve do 2019. Kako sada obja\u0161njavamo sr\u010dani zastoj? Sve je to uzdrmalo cijelu javnost. Dobra vijest je da je i dalje \u017eiv. Lo\u0161a vijest je da ide ka kraju karijere. Ho\u0107e li igrati jo\u0161 nogomet profesionalno? Ne mogu da ka\u017eem. U Engleskoj ne bi mogao igrati. Veoma smo strogi oko toga\u201d, rekao je Sanjay Sharma.<\/p>\n\n\n\n<p>On je daodao kako uzrok sr\u010danog zastoja kod Eriksena je moglo biti neko nedefinirano zdravstveno stanje. Ili visoka temperatura. Dodao je kako je dobar znak da je on budan u bolnici.<\/p>\n\n\n\n<p>\u201e\u010cinjenica da je stabilan i budan je odli\u010dna. Ne znam ho\u0107e li igrati nogomet ikada vi\u0161e. Da ne ka\u017eem ovo previ\u0161e otvoreno, on je umro danas. Iako na nekoliko minuta, ali umro je. Ho\u0107e li mu lije\u010dnici dozvoliti da umre ponovo? Odgovor je ne\u201d, jasan je Sharma.<\/p>\n\n\n\n<p>Izvor:pogled.ba<\/p>\n","protected":false},"excerpt":{"rendered":"<p>Christian Eriksen vjerovatno vi\u0161e ne\u0107e igrati nogomet, kazao je jedan od vode\u0107ih sportskih kardiologa u Engleskoj Sanjay Sharma, javio je Independent. Danski nogometa\u0161 je tijekom me\u010da sa Finskom na Europskom prvenstvu imao, kako se navodi, sr\u010dani zastoj. Zbog toga je kolabirao na terenu. Sharma, ina\u010de profesor sportske kardiologije na Univerzitetu Saint George, radio je sa [&hellip;]<\/p>\n","protected":false},"author":2,"featured_media":31694,"comment_status":"closed","ping_status":"closed","sticky":false,"template":"","format":"standard","meta":{"h5ap_radio_sources":[],"footnotes":""},"categories":[7],"tags":[],"class_list":["post-31854","post","type-post","status-publish","format-standard","has-post-thumbnail","hentry","category-sport"],"yoast_head":"<!-- This site is optimized with the Yoast SEO plugin v27.5 - https:\/\/yoast.com\/product\/yoast-seo-wordpress\/ -->\n<title>Kardiolog objavio tu\u017enu vijest: Eriksen vjerovatno zavr\u0161io karijeru - RADIO LJUBU\u0160KI<\/title>\n<meta name=\"robots\" content=\"index, follow, max-snippet:-1, max-image-preview:large, max-video-preview:-1\" \/>\n<link rel=\"canonical\" href=\"https:\/\/radioljubuski.ba\/index.php\/2021\/06\/13\/kardiolog-objavio-tuznu-vijest-eriksen-vjerovatno-zavrsio-karijeru\/\" \/>\n<meta property=\"og:locale\" content=\"hr_HR\" \/>\n<meta property=\"og:type\" content=\"article\" \/>\n<meta property=\"og:title\" content=\"Kardiolog objavio tu\u017enu vijest: Eriksen vjerovatno zavr\u0161io karijeru - RADIO LJUBU\u0160KI\" \/>\n<meta property=\"og:description\" content=\"Christian Eriksen vjerovatno vi\u0161e ne\u0107e igrati nogomet, kazao je jedan od vode\u0107ih sportskih kardiologa u Engleskoj Sanjay Sharma, javio je Independent. Danski nogometa\u0161 je tijekom me\u010da sa Finskom na Europskom prvenstvu imao, kako se navodi, sr\u010dani zastoj. Zbog toga je kolabirao na terenu. Sharma, ina\u010de profesor sportske kardiologije na Univerzitetu Saint George, radio je sa [&hellip;]\" \/>\n<meta property=\"og:url\" content=\"https:\/\/radioljubuski.ba\/index.php\/2021\/06\/13\/kardiolog-objavio-tuznu-vijest-eriksen-vjerovatno-zavrsio-karijeru\/\" \/>\n<meta property=\"og:site_name\" content=\"RADIO LJUBU\u0160KI\" \/>\n<meta property=\"article:publisher\" content=\"https:\/\/www.facebook.com\/Radiio-Ljubuski-1490835324566332\" \/>\n<meta property=\"article:published_time\" content=\"2021-06-13T09:29:08+00:00\" \/>\n<meta property=\"article:modified_time\" content=\"2021-06-13T09:29:09+00:00\" \/>\n<meta property=\"og:image\" content=\"https:\/\/radioljubuski.ba\/wp-content\/uploads\/2021\/06\/og_210612089.jpg\" \/>\n\t<meta property=\"og:image:width\" content=\"1200\" \/>\n\t<meta property=\"og:image:height\" content=\"628\" \/>\n\t<meta property=\"og:image:type\" content=\"image\/jpeg\" \/>\n<meta name=\"author\" content=\"Radio Ljubu\u0161ki\" \/>\n<meta name=\"twitter:card\" content=\"summary_large_image\" \/>\n<meta name=\"twitter:creator\" content=\"@radioljubuski\" \/>\n<meta name=\"twitter:site\" content=\"@radioljubuski\" \/>\n<meta name=\"twitter:label1\" content=\"Napisao\/la\" \/>\n\t<meta name=\"twitter:data1\" content=\"Radio Ljubu\u0161ki\" \/>\n\t<meta name=\"twitter:label2\" content=\"Procijenjeno vrijeme \u010ditanja\" \/>\n\t<meta name=\"twitter:data2\" content=\"1 minuta\" \/>\n<script type=\"application\/ld+json\" class=\"yoast-schema-graph\">{\"@context\":\"https:\\\/\\\/schema.org\",\"@graph\":[{\"@type\":\"Article\",\"@id\":\"https:\\\/\\\/radioljubuski.ba\\\/index.php\\\/2021\\\/06\\\/13\\\/kardiolog-objavio-tuznu-vijest-eriksen-vjerovatno-zavrsio-karijeru\\\/#article\",\"isPartOf\":{\"@id\":\"https:\\\/\\\/radioljubuski.ba\\\/index.php\\\/2021\\\/06\\\/13\\\/kardiolog-objavio-tuznu-vijest-eriksen-vjerovatno-zavrsio-karijeru\\\/\"},\"author\":{\"name\":\"Radio Ljubu\u0161ki\",\"@id\":\"https:\\\/\\\/radioljubuski.ba\\\/#\\\/schema\\\/person\\\/19fc700381a780f69665d7956c469e3b\"},\"headline\":\"Kardiolog objavio tu\u017enu vijest: Eriksen vjerovatno zavr\u0161io karijeru\",\"datePublished\":\"2021-06-13T09:29:08+00:00\",\"dateModified\":\"2021-06-13T09:29:09+00:00\",\"mainEntityOfPage\":{\"@id\":\"https:\\\/\\\/radioljubuski.ba\\\/index.php\\\/2021\\\/06\\\/13\\\/kardiolog-objavio-tuznu-vijest-eriksen-vjerovatno-zavrsio-karijeru\\\/\"},\"wordCount\":255,\"publisher\":{\"@id\":\"https:\\\/\\\/radioljubuski.ba\\\/#organization\"},\"image\":{\"@id\":\"https:\\\/\\\/radioljubuski.ba\\\/index.php\\\/2021\\\/06\\\/13\\\/kardiolog-objavio-tuznu-vijest-eriksen-vjerovatno-zavrsio-karijeru\\\/#primaryimage\"},\"thumbnailUrl\":\"https:\\\/\\\/radioljubuski.ba\\\/wp-content\\\/uploads\\\/2021\\\/06\\\/og_210612089.jpg\",\"articleSection\":[\"\u0160port\"],\"inLanguage\":\"hr\"},{\"@type\":\"WebPage\",\"@id\":\"https:\\\/\\\/radioljubuski.ba\\\/index.php\\\/2021\\\/06\\\/13\\\/kardiolog-objavio-tuznu-vijest-eriksen-vjerovatno-zavrsio-karijeru\\\/\",\"url\":\"https:\\\/\\\/radioljubuski.ba\\\/index.php\\\/2021\\\/06\\\/13\\\/kardiolog-objavio-tuznu-vijest-eriksen-vjerovatno-zavrsio-karijeru\\\/\",\"name\":\"Kardiolog objavio tu\u017enu vijest: Eriksen vjerovatno zavr\u0161io karijeru - RADIO LJUBU\u0160KI\",\"isPartOf\":{\"@id\":\"https:\\\/\\\/radioljubuski.ba\\\/#website\"},\"primaryImageOfPage\":{\"@id\":\"https:\\\/\\\/radioljubuski.ba\\\/index.php\\\/2021\\\/06\\\/13\\\/kardiolog-objavio-tuznu-vijest-eriksen-vjerovatno-zavrsio-karijeru\\\/#primaryimage\"},\"image\":{\"@id\":\"https:\\\/\\\/radioljubuski.ba\\\/index.php\\\/2021\\\/06\\\/13\\\/kardiolog-objavio-tuznu-vijest-eriksen-vjerovatno-zavrsio-karijeru\\\/#primaryimage\"},\"thumbnailUrl\":\"https:\\\/\\\/radioljubuski.ba\\\/wp-content\\\/uploads\\\/2021\\\/06\\\/og_210612089.jpg\",\"datePublished\":\"2021-06-13T09:29:08+00:00\",\"dateModified\":\"2021-06-13T09:29:09+00:00\",\"breadcrumb\":{\"@id\":\"https:\\\/\\\/radioljubuski.ba\\\/index.php\\\/2021\\\/06\\\/13\\\/kardiolog-objavio-tuznu-vijest-eriksen-vjerovatno-zavrsio-karijeru\\\/#breadcrumb\"},\"inLanguage\":\"hr\",\"potentialAction\":[{\"@type\":\"ReadAction\",\"target\":[\"https:\\\/\\\/radioljubuski.ba\\\/index.php\\\/2021\\\/06\\\/13\\\/kardiolog-objavio-tuznu-vijest-eriksen-vjerovatno-zavrsio-karijeru\\\/\"]}]},{\"@type\":\"ImageObject\",\"inLanguage\":\"hr\",\"@id\":\"https:\\\/\\\/radioljubuski.ba\\\/index.php\\\/2021\\\/06\\\/13\\\/kardiolog-objavio-tuznu-vijest-eriksen-vjerovatno-zavrsio-karijeru\\\/#primaryimage\",\"url\":\"https:\\\/\\\/radioljubuski.ba\\\/wp-content\\\/uploads\\\/2021\\\/06\\\/og_210612089.jpg\",\"contentUrl\":\"https:\\\/\\\/radioljubuski.ba\\\/wp-content\\\/uploads\\\/2021\\\/06\\\/og_210612089.jpg\",\"width\":1200,\"height\":628},{\"@type\":\"BreadcrumbList\",\"@id\":\"https:\\\/\\\/radioljubuski.ba\\\/index.php\\\/2021\\\/06\\\/13\\\/kardiolog-objavio-tuznu-vijest-eriksen-vjerovatno-zavrsio-karijeru\\\/#breadcrumb\",\"itemListElement\":[{\"@type\":\"ListItem\",\"position\":1,\"name\":\"Po\u010detna stranica\",\"item\":\"https:\\\/\\\/radioljubuski.ba\\\/\"},{\"@type\":\"ListItem\",\"position\":2,\"name\":\"Kardiolog objavio tu\u017enu vijest: Eriksen vjerovatno zavr\u0161io karijeru\"}]},{\"@type\":\"WebSite\",\"@id\":\"https:\\\/\\\/radioljubuski.ba\\\/#website\",\"url\":\"https:\\\/\\\/radioljubuski.ba\\\/\",\"name\":\"Radio Ljubu\u0161ki\",\"description\":\"Sun\u010dana frekvencija Hercegovine\",\"publisher\":{\"@id\":\"https:\\\/\\\/radioljubuski.ba\\\/#organization\"},\"potentialAction\":[{\"@type\":\"SearchAction\",\"target\":{\"@type\":\"EntryPoint\",\"urlTemplate\":\"https:\\\/\\\/radioljubuski.ba\\\/?s={search_term_string}\"},\"query-input\":{\"@type\":\"PropertyValueSpecification\",\"valueRequired\":true,\"valueName\":\"search_term_string\"}}],\"inLanguage\":\"hr\"},{\"@type\":\"Organization\",\"@id\":\"https:\\\/\\\/radioljubuski.ba\\\/#organization\",\"name\":\"Radio Ljubu\u0161ki\",\"url\":\"https:\\\/\\\/radioljubuski.ba\\\/\",\"logo\":{\"@type\":\"ImageObject\",\"inLanguage\":\"hr\",\"@id\":\"https:\\\/\\\/radioljubuski.ba\\\/#\\\/schema\\\/logo\\\/image\\\/\",\"url\":\"https:\\\/\\\/radioljubuski.ba\\\/wp-content\\\/uploads\\\/2021\\\/02\\\/cropped-Radio_Ljubuski_logo1.jpg\",\"contentUrl\":\"https:\\\/\\\/radioljubuski.ba\\\/wp-content\\\/uploads\\\/2021\\\/02\\\/cropped-Radio_Ljubuski_logo1.jpg\",\"width\":512,\"height\":512,\"caption\":\"Radio Ljubu\u0161ki\"},\"image\":{\"@id\":\"https:\\\/\\\/radioljubuski.ba\\\/#\\\/schema\\\/logo\\\/image\\\/\"},\"sameAs\":[\"https:\\\/\\\/www.facebook.com\\\/Radiio-Ljubuski-1490835324566332\",\"https:\\\/\\\/x.com\\\/radioljubuski\",\"https:\\\/\\\/hr.linkedin.com\\\/company\\\/radio-ljubuski\",\"https:\\\/\\\/www.youtube.com\\\/channel\\\/UCHYaeO_n0Db3tjNGudGpXyw\"]},{\"@type\":\"Person\",\"@id\":\"https:\\\/\\\/radioljubuski.ba\\\/#\\\/schema\\\/person\\\/19fc700381a780f69665d7956c469e3b\",\"name\":\"Radio Ljubu\u0161ki\"}]}<\/script>\n<!-- \/ Yoast SEO plugin. -->","yoast_head_json":{"title":"Kardiolog objavio tu\u017enu vijest: Eriksen vjerovatno zavr\u0161io karijeru - RADIO LJUBU\u0160KI","robots":{"index":"index","follow":"follow","max-snippet":"max-snippet:-1","max-image-preview":"max-image-preview:large","max-video-preview":"max-video-preview:-1"},"canonical":"https:\/\/radioljubuski.ba\/index.php\/2021\/06\/13\/kardiolog-objavio-tuznu-vijest-eriksen-vjerovatno-zavrsio-karijeru\/","og_locale":"hr_HR","og_type":"article","og_title":"Kardiolog objavio tu\u017enu vijest: Eriksen vjerovatno zavr\u0161io karijeru - RADIO LJUBU\u0160KI","og_description":"Christian Eriksen vjerovatno vi\u0161e ne\u0107e igrati nogomet, kazao je jedan od vode\u0107ih sportskih kardiologa u Engleskoj Sanjay Sharma, javio je Independent. Danski nogometa\u0161 je tijekom me\u010da sa Finskom na Europskom prvenstvu imao, kako se navodi, sr\u010dani zastoj. Zbog toga je kolabirao na terenu. Sharma, ina\u010de profesor sportske kardiologije na Univerzitetu Saint George, radio je sa [&hellip;]","og_url":"https:\/\/radioljubuski.ba\/index.php\/2021\/06\/13\/kardiolog-objavio-tuznu-vijest-eriksen-vjerovatno-zavrsio-karijeru\/","og_site_name":"RADIO LJUBU\u0160KI","article_publisher":"https:\/\/www.facebook.com\/Radiio-Ljubuski-1490835324566332","article_published_time":"2021-06-13T09:29:08+00:00","article_modified_time":"2021-06-13T09:29:09+00:00","og_image":[{"width":1200,"height":628,"url":"https:\/\/radioljubuski.ba\/wp-content\/uploads\/2021\/06\/og_210612089.jpg","type":"image\/jpeg"}],"author":"Radio Ljubu\u0161ki","twitter_card":"summary_large_image","twitter_creator":"@radioljubuski","twitter_site":"@radioljubuski","twitter_misc":{"Napisao\/la":"Radio Ljubu\u0161ki","Procijenjeno vrijeme \u010ditanja":"1 minuta"},"schema":{"@context":"https:\/\/schema.org","@graph":[{"@type":"Article","@id":"https:\/\/radioljubuski.ba\/index.php\/2021\/06\/13\/kardiolog-objavio-tuznu-vijest-eriksen-vjerovatno-zavrsio-karijeru\/#article","isPartOf":{"@id":"https:\/\/radioljubuski.ba\/index.php\/2021\/06\/13\/kardiolog-objavio-tuznu-vijest-eriksen-vjerovatno-zavrsio-karijeru\/"},"author":{"name":"Radio Ljubu\u0161ki","@id":"https:\/\/radioljubuski.ba\/#\/schema\/person\/19fc700381a780f69665d7956c469e3b"},"headline":"Kardiolog objavio tu\u017enu vijest: Eriksen vjerovatno zavr\u0161io karijeru","datePublished":"2021-06-13T09:29:08+00:00","dateModified":"2021-06-13T09:29:09+00:00","mainEntityOfPage":{"@id":"https:\/\/radioljubuski.ba\/index.php\/2021\/06\/13\/kardiolog-objavio-tuznu-vijest-eriksen-vjerovatno-zavrsio-karijeru\/"},"wordCount":255,"publisher":{"@id":"https:\/\/radioljubuski.ba\/#organization"},"image":{"@id":"https:\/\/radioljubuski.ba\/index.php\/2021\/06\/13\/kardiolog-objavio-tuznu-vijest-eriksen-vjerovatno-zavrsio-karijeru\/#primaryimage"},"thumbnailUrl":"https:\/\/radioljubuski.ba\/wp-content\/uploads\/2021\/06\/og_210612089.jpg","articleSection":["\u0160port"],"inLanguage":"hr"},{"@type":"WebPage","@id":"https:\/\/radioljubuski.ba\/index.php\/2021\/06\/13\/kardiolog-objavio-tuznu-vijest-eriksen-vjerovatno-zavrsio-karijeru\/","url":"https:\/\/radioljubuski.ba\/index.php\/2021\/06\/13\/kardiolog-objavio-tuznu-vijest-eriksen-vjerovatno-zavrsio-karijeru\/","name":"Kardiolog objavio tu\u017enu vijest: Eriksen vjerovatno zavr\u0161io karijeru - RADIO LJUBU\u0160KI","isPartOf":{"@id":"https:\/\/radioljubuski.ba\/#website"},"primaryImageOfPage":{"@id":"https:\/\/radioljubuski.ba\/index.php\/2021\/06\/13\/kardiolog-objavio-tuznu-vijest-eriksen-vjerovatno-zavrsio-karijeru\/#primaryimage"},"image":{"@id":"https:\/\/radioljubuski.ba\/index.php\/2021\/06\/13\/kardiolog-objavio-tuznu-vijest-eriksen-vjerovatno-zavrsio-karijeru\/#primaryimage"},"thumbnailUrl":"https:\/\/radioljubuski.ba\/wp-content\/uploads\/2021\/06\/og_210612089.jpg","datePublished":"2021-06-13T09:29:08+00:00","dateModified":"2021-06-13T09:29:09+00:00","breadcrumb":{"@id":"https:\/\/radioljubuski.ba\/index.php\/2021\/06\/13\/kardiolog-objavio-tuznu-vijest-eriksen-vjerovatno-zavrsio-karijeru\/#breadcrumb"},"inLanguage":"hr","potentialAction":[{"@type":"ReadAction","target":["https:\/\/radioljubuski.ba\/index.php\/2021\/06\/13\/kardiolog-objavio-tuznu-vijest-eriksen-vjerovatno-zavrsio-karijeru\/"]}]},{"@type":"ImageObject","inLanguage":"hr","@id":"https:\/\/radioljubuski.ba\/index.php\/2021\/06\/13\/kardiolog-objavio-tuznu-vijest-eriksen-vjerovatno-zavrsio-karijeru\/#primaryimage","url":"https:\/\/radioljubuski.ba\/wp-content\/uploads\/2021\/06\/og_210612089.jpg","contentUrl":"https:\/\/radioljubuski.ba\/wp-content\/uploads\/2021\/06\/og_210612089.jpg","width":1200,"height":628},{"@type":"BreadcrumbList","@id":"https:\/\/radioljubuski.ba\/index.php\/2021\/06\/13\/kardiolog-objavio-tuznu-vijest-eriksen-vjerovatno-zavrsio-karijeru\/#breadcrumb","itemListElement":[{"@type":"ListItem","position":1,"name":"Po\u010detna stranica","item":"https:\/\/radioljubuski.ba\/"},{"@type":"ListItem","position":2,"name":"Kardiolog objavio tu\u017enu vijest: Eriksen vjerovatno zavr\u0161io karijeru"}]},{"@type":"WebSite","@id":"https:\/\/radioljubuski.ba\/#website","url":"https:\/\/radioljubuski.ba\/","name":"Radio Ljubu\u0161ki","description":"Sun\u010dana frekvencija Hercegovine","publisher":{"@id":"https:\/\/radioljubuski.ba\/#organization"},"potentialAction":[{"@type":"SearchAction","target":{"@type":"EntryPoint","urlTemplate":"https:\/\/radioljubuski.ba\/?s={search_term_string}"},"query-input":{"@type":"PropertyValueSpecification","valueRequired":true,"valueName":"search_term_string"}}],"inLanguage":"hr"},{"@type":"Organization","@id":"https:\/\/radioljubuski.ba\/#organization","name":"Radio Ljubu\u0161ki","url":"https:\/\/radioljubuski.ba\/","logo":{"@type":"ImageObject","inLanguage":"hr","@id":"https:\/\/radioljubuski.ba\/#\/schema\/logo\/image\/","url":"https:\/\/radioljubuski.ba\/wp-content\/uploads\/2021\/02\/cropped-Radio_Ljubuski_logo1.jpg","contentUrl":"https:\/\/radioljubuski.ba\/wp-content\/uploads\/2021\/02\/cropped-Radio_Ljubuski_logo1.jpg","width":512,"height":512,"caption":"Radio Ljubu\u0161ki"},"image":{"@id":"https:\/\/radioljubuski.ba\/#\/schema\/logo\/image\/"},"sameAs":["https:\/\/www.facebook.com\/Radiio-Ljubuski-1490835324566332","https:\/\/x.com\/radioljubuski","https:\/\/hr.linkedin.com\/company\/radio-ljubuski","https:\/\/www.youtube.com\/channel\/UCHYaeO_n0Db3tjNGudGpXyw"]},{"@type":"Person","@id":"https:\/\/radioljubuski.ba\/#\/schema\/person\/19fc700381a780f69665d7956c469e3b","name":"Radio Ljubu\u0161ki"}]}},"_links":{"self":[{"href":"https:\/\/radioljubuski.ba\/index.php\/wp-json\/wp\/v2\/posts\/31854","targetHints":{"allow":["GET"]}}],"collection":[{"href":"https:\/\/radioljubuski.ba\/index.php\/wp-json\/wp\/v2\/posts"}],"about":[{"href":"https:\/\/radioljubuski.ba\/index.php\/wp-json\/wp\/v2\/types\/post"}],"author":[{"embeddable":true,"href":"https:\/\/radioljubuski.ba\/index.php\/wp-json\/wp\/v2\/users\/2"}],"replies":[{"embeddable":true,"href":"https:\/\/radioljubuski.ba\/index.php\/wp-json\/wp\/v2\/comments?post=31854"}],"version-history":[{"count":1,"href":"https:\/\/radioljubuski.ba\/index.php\/wp-json\/wp\/v2\/posts\/31854\/revisions"}],"predecessor-version":[{"id":31855,"href":"https:\/\/radioljubuski.ba\/index.php\/wp-json\/wp\/v2\/posts\/31854\/revisions\/31855"}],"wp:featuredmedia":[{"embeddable":true,"href":"https:\/\/radioljubuski.ba\/index.php\/wp-json\/wp\/v2\/media\/31694"}],"wp:attachment":[{"href":"https:\/\/radioljubuski.ba\/index.php\/wp-json\/wp\/v2\/media?parent=31854"}],"wp:term":[{"taxonomy":"category","embeddable":true,"href":"https:\/\/radioljubuski.ba\/index.php\/wp-json\/wp\/v2\/categories?post=31854"},{"taxonomy":"post_tag","embeddable":true,"href":"https:\/\/radioljubuski.ba\/index.php\/wp-json\/wp\/v2\/tags?post=31854"}],"curies":[{"name":"wp","href":"https:\/\/api.w.org\/{rel}","templated":true}]}}