{"id":32081,"date":"2021-06-13T20:18:43","date_gmt":"2021-06-13T19:18:43","guid":{"rendered":"https:\/\/radioljubuski.ba\/?p=32081"},"modified":"2021-06-13T20:18:44","modified_gmt":"2021-06-13T19:18:44","slug":"golf-ekipa-posusje-1-petu-godinu-zaredom-prvak-drzave","status":"publish","type":"post","link":"https:\/\/radioljubuski.ba\/index.php\/2021\/06\/13\/golf-ekipa-posusje-1-petu-godinu-zaredom-prvak-drzave\/","title":{"rendered":"Golf ekipa POSU\u0160JE 1 petu godinu zaredom prvak dr\u017eave"},"content":{"rendered":"\n<p>Danas je zavrsilo \u0161esto, ujedno i posljednje kolo Lige BiH 2021. godine.Dr\u017eavni prvak je ekipa POSU\u0160JE 1 i to petu godinu zaredom, dok je drugo mjesto osvojila ekipa SARAJEVO 1. Tre\u0107e mjesto za zaslu\u017eeno zauzela ekipa POSU\u0160JE 4. Prva dva kola su se igrala u Sarajevu, tre\u0107e i \u010detvrto kolo u Zavidovi\u0107ima, a peto i \u0161esto kolo u Posu\u0161ju. Svi doma\u0107ini su odradili odli\u010dan posao. Rukovoditelj lige je bio Josip Grubisic a njegovi pomo\u010dnici Samir Smajic i Haris Mujanovic.&nbsp;<\/p>\n\n\n\n<p>Za Posu\u0161je 1 su igrali Mladen Mu\u0161ura, Tihomir Parlov, Dragan Mikuli\u0107, Nevenko \u0106uk, \u017darko Romi\u0107, Ivan Lon\u010dar i Jerko Juri\u0161i\u0107, za Sarajevo 1 su igrali Jasmin Selmanagi\u0107, Samir Smaji\u0107, Fe\u0111a Selmanagi\u0107, Goran Radonji\u0107, Gordan Miralem i Adnan Novo, a za Posu\u0161je 4 su igrali Karlo Zovko, Josip Grubi\u0161i\u0107, Frano Marin\u010di\u0107, Robert Manduri\u0107 i Jerko Mari\u0107.&nbsp;<br>Nakon posljednjeg kola organizirana je velika proslava za sve sudionike lige. Pehare je podijelio predsjednik golf saveza Jasmin Selmanagi\u0107.<\/p>\n\n\n\n<p>Izvor:pogled.ba<\/p>\n","protected":false},"excerpt":{"rendered":"<p>Danas je zavrsilo \u0161esto, ujedno i posljednje kolo Lige BiH 2021. godine.Dr\u017eavni prvak je ekipa POSU\u0160JE 1 i to petu godinu zaredom, dok je drugo mjesto osvojila ekipa SARAJEVO 1. Tre\u0107e mjesto za zaslu\u017eeno zauzela ekipa POSU\u0160JE 4. Prva dva kola su se igrala u Sarajevu, tre\u0107e i \u010detvrto kolo u Zavidovi\u0107ima, a peto i [&hellip;]<\/p>\n","protected":false},"author":2,"featured_media":32082,"comment_status":"closed","ping_status":"closed","sticky":false,"template":"","format":"standard","meta":{"h5ap_radio_sources":[],"footnotes":""},"categories":[7],"tags":[],"class_list":["post-32081","post","type-post","status-publish","format-standard","has-post-thumbnail","hentry","category-sport"],"yoast_head":"<!-- This site is optimized with the Yoast SEO plugin v27.5 - https:\/\/yoast.com\/product\/yoast-seo-wordpress\/ -->\n<title>Golf ekipa POSU\u0160JE 1 petu godinu zaredom prvak dr\u017eave - RADIO LJUBU\u0160KI<\/title>\n<meta name=\"robots\" content=\"index, follow, max-snippet:-1, max-image-preview:large, max-video-preview:-1\" \/>\n<link rel=\"canonical\" href=\"https:\/\/radioljubuski.ba\/index.php\/2021\/06\/13\/golf-ekipa-posusje-1-petu-godinu-zaredom-prvak-drzave\/\" \/>\n<meta property=\"og:locale\" content=\"hr_HR\" \/>\n<meta property=\"og:type\" content=\"article\" \/>\n<meta property=\"og:title\" content=\"Golf ekipa POSU\u0160JE 1 petu godinu zaredom prvak dr\u017eave - RADIO LJUBU\u0160KI\" \/>\n<meta property=\"og:description\" content=\"Danas je zavrsilo \u0161esto, ujedno i posljednje kolo Lige BiH 2021. godine.Dr\u017eavni prvak je ekipa POSU\u0160JE 1 i to petu godinu zaredom, dok je drugo mjesto osvojila ekipa SARAJEVO 1. Tre\u0107e mjesto za zaslu\u017eeno zauzela ekipa POSU\u0160JE 4. Prva dva kola su se igrala u Sarajevu, tre\u0107e i \u010detvrto kolo u Zavidovi\u0107ima, a peto i [&hellip;]\" \/>\n<meta property=\"og:url\" content=\"https:\/\/radioljubuski.ba\/index.php\/2021\/06\/13\/golf-ekipa-posusje-1-petu-godinu-zaredom-prvak-drzave\/\" \/>\n<meta property=\"og:site_name\" content=\"RADIO LJUBU\u0160KI\" \/>\n<meta property=\"article:publisher\" content=\"https:\/\/www.facebook.com\/Radiio-Ljubuski-1490835324566332\" \/>\n<meta property=\"article:published_time\" content=\"2021-06-13T19:18:43+00:00\" \/>\n<meta property=\"article:modified_time\" content=\"2021-06-13T19:18:44+00:00\" \/>\n<meta property=\"og:image\" content=\"https:\/\/radioljubuski.ba\/wp-content\/uploads\/2021\/06\/2-2021-06-13-18-59-06-golf.jpg\" \/>\n\t<meta property=\"og:image:width\" content=\"1000\" \/>\n\t<meta property=\"og:image:height\" content=\"625\" \/>\n\t<meta property=\"og:image:type\" content=\"image\/jpeg\" \/>\n<meta name=\"author\" content=\"Radio Ljubu\u0161ki\" \/>\n<meta name=\"twitter:card\" content=\"summary_large_image\" \/>\n<meta name=\"twitter:creator\" content=\"@radioljubuski\" \/>\n<meta name=\"twitter:site\" content=\"@radioljubuski\" \/>\n<meta name=\"twitter:label1\" content=\"Napisao\/la\" \/>\n\t<meta name=\"twitter:data1\" content=\"Radio Ljubu\u0161ki\" \/>\n\t<meta name=\"twitter:label2\" content=\"Procijenjeno vrijeme \u010ditanja\" \/>\n\t<meta name=\"twitter:data2\" content=\"1 minuta\" \/>\n<script type=\"application\/ld+json\" class=\"yoast-schema-graph\">{\"@context\":\"https:\\\/\\\/schema.org\",\"@graph\":[{\"@type\":\"Article\",\"@id\":\"https:\\\/\\\/radioljubuski.ba\\\/index.php\\\/2021\\\/06\\\/13\\\/golf-ekipa-posusje-1-petu-godinu-zaredom-prvak-drzave\\\/#article\",\"isPartOf\":{\"@id\":\"https:\\\/\\\/radioljubuski.ba\\\/index.php\\\/2021\\\/06\\\/13\\\/golf-ekipa-posusje-1-petu-godinu-zaredom-prvak-drzave\\\/\"},\"author\":{\"name\":\"Radio Ljubu\u0161ki\",\"@id\":\"https:\\\/\\\/radioljubuski.ba\\\/#\\\/schema\\\/person\\\/19fc700381a780f69665d7956c469e3b\"},\"headline\":\"Golf ekipa POSU\u0160JE 1 petu godinu zaredom prvak dr\u017eave\",\"datePublished\":\"2021-06-13T19:18:43+00:00\",\"dateModified\":\"2021-06-13T19:18:44+00:00\",\"mainEntityOfPage\":{\"@id\":\"https:\\\/\\\/radioljubuski.ba\\\/index.php\\\/2021\\\/06\\\/13\\\/golf-ekipa-posusje-1-petu-godinu-zaredom-prvak-drzave\\\/\"},\"wordCount\":181,\"publisher\":{\"@id\":\"https:\\\/\\\/radioljubuski.ba\\\/#organization\"},\"image\":{\"@id\":\"https:\\\/\\\/radioljubuski.ba\\\/index.php\\\/2021\\\/06\\\/13\\\/golf-ekipa-posusje-1-petu-godinu-zaredom-prvak-drzave\\\/#primaryimage\"},\"thumbnailUrl\":\"https:\\\/\\\/radioljubuski.ba\\\/wp-content\\\/uploads\\\/2021\\\/06\\\/2-2021-06-13-18-59-06-golf.jpg\",\"articleSection\":[\"\u0160port\"],\"inLanguage\":\"hr\"},{\"@type\":\"WebPage\",\"@id\":\"https:\\\/\\\/radioljubuski.ba\\\/index.php\\\/2021\\\/06\\\/13\\\/golf-ekipa-posusje-1-petu-godinu-zaredom-prvak-drzave\\\/\",\"url\":\"https:\\\/\\\/radioljubuski.ba\\\/index.php\\\/2021\\\/06\\\/13\\\/golf-ekipa-posusje-1-petu-godinu-zaredom-prvak-drzave\\\/\",\"name\":\"Golf ekipa POSU\u0160JE 1 petu godinu zaredom prvak dr\u017eave - RADIO LJUBU\u0160KI\",\"isPartOf\":{\"@id\":\"https:\\\/\\\/radioljubuski.ba\\\/#website\"},\"primaryImageOfPage\":{\"@id\":\"https:\\\/\\\/radioljubuski.ba\\\/index.php\\\/2021\\\/06\\\/13\\\/golf-ekipa-posusje-1-petu-godinu-zaredom-prvak-drzave\\\/#primaryimage\"},\"image\":{\"@id\":\"https:\\\/\\\/radioljubuski.ba\\\/index.php\\\/2021\\\/06\\\/13\\\/golf-ekipa-posusje-1-petu-godinu-zaredom-prvak-drzave\\\/#primaryimage\"},\"thumbnailUrl\":\"https:\\\/\\\/radioljubuski.ba\\\/wp-content\\\/uploads\\\/2021\\\/06\\\/2-2021-06-13-18-59-06-golf.jpg\",\"datePublished\":\"2021-06-13T19:18:43+00:00\",\"dateModified\":\"2021-06-13T19:18:44+00:00\",\"breadcrumb\":{\"@id\":\"https:\\\/\\\/radioljubuski.ba\\\/index.php\\\/2021\\\/06\\\/13\\\/golf-ekipa-posusje-1-petu-godinu-zaredom-prvak-drzave\\\/#breadcrumb\"},\"inLanguage\":\"hr\",\"potentialAction\":[{\"@type\":\"ReadAction\",\"target\":[\"https:\\\/\\\/radioljubuski.ba\\\/index.php\\\/2021\\\/06\\\/13\\\/golf-ekipa-posusje-1-petu-godinu-zaredom-prvak-drzave\\\/\"]}]},{\"@type\":\"ImageObject\",\"inLanguage\":\"hr\",\"@id\":\"https:\\\/\\\/radioljubuski.ba\\\/index.php\\\/2021\\\/06\\\/13\\\/golf-ekipa-posusje-1-petu-godinu-zaredom-prvak-drzave\\\/#primaryimage\",\"url\":\"https:\\\/\\\/radioljubuski.ba\\\/wp-content\\\/uploads\\\/2021\\\/06\\\/2-2021-06-13-18-59-06-golf.jpg\",\"contentUrl\":\"https:\\\/\\\/radioljubuski.ba\\\/wp-content\\\/uploads\\\/2021\\\/06\\\/2-2021-06-13-18-59-06-golf.jpg\",\"width\":1000,\"height\":625},{\"@type\":\"BreadcrumbList\",\"@id\":\"https:\\\/\\\/radioljubuski.ba\\\/index.php\\\/2021\\\/06\\\/13\\\/golf-ekipa-posusje-1-petu-godinu-zaredom-prvak-drzave\\\/#breadcrumb\",\"itemListElement\":[{\"@type\":\"ListItem\",\"position\":1,\"name\":\"Po\u010detna stranica\",\"item\":\"https:\\\/\\\/radioljubuski.ba\\\/\"},{\"@type\":\"ListItem\",\"position\":2,\"name\":\"Golf ekipa POSU\u0160JE 1 petu godinu zaredom prvak dr\u017eave\"}]},{\"@type\":\"WebSite\",\"@id\":\"https:\\\/\\\/radioljubuski.ba\\\/#website\",\"url\":\"https:\\\/\\\/radioljubuski.ba\\\/\",\"name\":\"Radio Ljubu\u0161ki\",\"description\":\"Sun\u010dana frekvencija Hercegovine\",\"publisher\":{\"@id\":\"https:\\\/\\\/radioljubuski.ba\\\/#organization\"},\"potentialAction\":[{\"@type\":\"SearchAction\",\"target\":{\"@type\":\"EntryPoint\",\"urlTemplate\":\"https:\\\/\\\/radioljubuski.ba\\\/?s={search_term_string}\"},\"query-input\":{\"@type\":\"PropertyValueSpecification\",\"valueRequired\":true,\"valueName\":\"search_term_string\"}}],\"inLanguage\":\"hr\"},{\"@type\":\"Organization\",\"@id\":\"https:\\\/\\\/radioljubuski.ba\\\/#organization\",\"name\":\"Radio Ljubu\u0161ki\",\"url\":\"https:\\\/\\\/radioljubuski.ba\\\/\",\"logo\":{\"@type\":\"ImageObject\",\"inLanguage\":\"hr\",\"@id\":\"https:\\\/\\\/radioljubuski.ba\\\/#\\\/schema\\\/logo\\\/image\\\/\",\"url\":\"https:\\\/\\\/radioljubuski.ba\\\/wp-content\\\/uploads\\\/2021\\\/02\\\/cropped-Radio_Ljubuski_logo1.jpg\",\"contentUrl\":\"https:\\\/\\\/radioljubuski.ba\\\/wp-content\\\/uploads\\\/2021\\\/02\\\/cropped-Radio_Ljubuski_logo1.jpg\",\"width\":512,\"height\":512,\"caption\":\"Radio Ljubu\u0161ki\"},\"image\":{\"@id\":\"https:\\\/\\\/radioljubuski.ba\\\/#\\\/schema\\\/logo\\\/image\\\/\"},\"sameAs\":[\"https:\\\/\\\/www.facebook.com\\\/Radiio-Ljubuski-1490835324566332\",\"https:\\\/\\\/x.com\\\/radioljubuski\",\"https:\\\/\\\/hr.linkedin.com\\\/company\\\/radio-ljubuski\",\"https:\\\/\\\/www.youtube.com\\\/channel\\\/UCHYaeO_n0Db3tjNGudGpXyw\"]},{\"@type\":\"Person\",\"@id\":\"https:\\\/\\\/radioljubuski.ba\\\/#\\\/schema\\\/person\\\/19fc700381a780f69665d7956c469e3b\",\"name\":\"Radio Ljubu\u0161ki\"}]}<\/script>\n<!-- \/ Yoast SEO plugin. -->","yoast_head_json":{"title":"Golf ekipa POSU\u0160JE 1 petu godinu zaredom prvak dr\u017eave - RADIO LJUBU\u0160KI","robots":{"index":"index","follow":"follow","max-snippet":"max-snippet:-1","max-image-preview":"max-image-preview:large","max-video-preview":"max-video-preview:-1"},"canonical":"https:\/\/radioljubuski.ba\/index.php\/2021\/06\/13\/golf-ekipa-posusje-1-petu-godinu-zaredom-prvak-drzave\/","og_locale":"hr_HR","og_type":"article","og_title":"Golf ekipa POSU\u0160JE 1 petu godinu zaredom prvak dr\u017eave - RADIO LJUBU\u0160KI","og_description":"Danas je zavrsilo \u0161esto, ujedno i posljednje kolo Lige BiH 2021. godine.Dr\u017eavni prvak je ekipa POSU\u0160JE 1 i to petu godinu zaredom, dok je drugo mjesto osvojila ekipa SARAJEVO 1. Tre\u0107e mjesto za zaslu\u017eeno zauzela ekipa POSU\u0160JE 4. Prva dva kola su se igrala u Sarajevu, tre\u0107e i \u010detvrto kolo u Zavidovi\u0107ima, a peto i [&hellip;]","og_url":"https:\/\/radioljubuski.ba\/index.php\/2021\/06\/13\/golf-ekipa-posusje-1-petu-godinu-zaredom-prvak-drzave\/","og_site_name":"RADIO LJUBU\u0160KI","article_publisher":"https:\/\/www.facebook.com\/Radiio-Ljubuski-1490835324566332","article_published_time":"2021-06-13T19:18:43+00:00","article_modified_time":"2021-06-13T19:18:44+00:00","og_image":[{"width":1000,"height":625,"url":"https:\/\/radioljubuski.ba\/wp-content\/uploads\/2021\/06\/2-2021-06-13-18-59-06-golf.jpg","type":"image\/jpeg"}],"author":"Radio Ljubu\u0161ki","twitter_card":"summary_large_image","twitter_creator":"@radioljubuski","twitter_site":"@radioljubuski","twitter_misc":{"Napisao\/la":"Radio Ljubu\u0161ki","Procijenjeno vrijeme \u010ditanja":"1 minuta"},"schema":{"@context":"https:\/\/schema.org","@graph":[{"@type":"Article","@id":"https:\/\/radioljubuski.ba\/index.php\/2021\/06\/13\/golf-ekipa-posusje-1-petu-godinu-zaredom-prvak-drzave\/#article","isPartOf":{"@id":"https:\/\/radioljubuski.ba\/index.php\/2021\/06\/13\/golf-ekipa-posusje-1-petu-godinu-zaredom-prvak-drzave\/"},"author":{"name":"Radio Ljubu\u0161ki","@id":"https:\/\/radioljubuski.ba\/#\/schema\/person\/19fc700381a780f69665d7956c469e3b"},"headline":"Golf ekipa POSU\u0160JE 1 petu godinu zaredom prvak dr\u017eave","datePublished":"2021-06-13T19:18:43+00:00","dateModified":"2021-06-13T19:18:44+00:00","mainEntityOfPage":{"@id":"https:\/\/radioljubuski.ba\/index.php\/2021\/06\/13\/golf-ekipa-posusje-1-petu-godinu-zaredom-prvak-drzave\/"},"wordCount":181,"publisher":{"@id":"https:\/\/radioljubuski.ba\/#organization"},"image":{"@id":"https:\/\/radioljubuski.ba\/index.php\/2021\/06\/13\/golf-ekipa-posusje-1-petu-godinu-zaredom-prvak-drzave\/#primaryimage"},"thumbnailUrl":"https:\/\/radioljubuski.ba\/wp-content\/uploads\/2021\/06\/2-2021-06-13-18-59-06-golf.jpg","articleSection":["\u0160port"],"inLanguage":"hr"},{"@type":"WebPage","@id":"https:\/\/radioljubuski.ba\/index.php\/2021\/06\/13\/golf-ekipa-posusje-1-petu-godinu-zaredom-prvak-drzave\/","url":"https:\/\/radioljubuski.ba\/index.php\/2021\/06\/13\/golf-ekipa-posusje-1-petu-godinu-zaredom-prvak-drzave\/","name":"Golf ekipa POSU\u0160JE 1 petu godinu zaredom prvak dr\u017eave - RADIO LJUBU\u0160KI","isPartOf":{"@id":"https:\/\/radioljubuski.ba\/#website"},"primaryImageOfPage":{"@id":"https:\/\/radioljubuski.ba\/index.php\/2021\/06\/13\/golf-ekipa-posusje-1-petu-godinu-zaredom-prvak-drzave\/#primaryimage"},"image":{"@id":"https:\/\/radioljubuski.ba\/index.php\/2021\/06\/13\/golf-ekipa-posusje-1-petu-godinu-zaredom-prvak-drzave\/#primaryimage"},"thumbnailUrl":"https:\/\/radioljubuski.ba\/wp-content\/uploads\/2021\/06\/2-2021-06-13-18-59-06-golf.jpg","datePublished":"2021-06-13T19:18:43+00:00","dateModified":"2021-06-13T19:18:44+00:00","breadcrumb":{"@id":"https:\/\/radioljubuski.ba\/index.php\/2021\/06\/13\/golf-ekipa-posusje-1-petu-godinu-zaredom-prvak-drzave\/#breadcrumb"},"inLanguage":"hr","potentialAction":[{"@type":"ReadAction","target":["https:\/\/radioljubuski.ba\/index.php\/2021\/06\/13\/golf-ekipa-posusje-1-petu-godinu-zaredom-prvak-drzave\/"]}]},{"@type":"ImageObject","inLanguage":"hr","@id":"https:\/\/radioljubuski.ba\/index.php\/2021\/06\/13\/golf-ekipa-posusje-1-petu-godinu-zaredom-prvak-drzave\/#primaryimage","url":"https:\/\/radioljubuski.ba\/wp-content\/uploads\/2021\/06\/2-2021-06-13-18-59-06-golf.jpg","contentUrl":"https:\/\/radioljubuski.ba\/wp-content\/uploads\/2021\/06\/2-2021-06-13-18-59-06-golf.jpg","width":1000,"height":625},{"@type":"BreadcrumbList","@id":"https:\/\/radioljubuski.ba\/index.php\/2021\/06\/13\/golf-ekipa-posusje-1-petu-godinu-zaredom-prvak-drzave\/#breadcrumb","itemListElement":[{"@type":"ListItem","position":1,"name":"Po\u010detna stranica","item":"https:\/\/radioljubuski.ba\/"},{"@type":"ListItem","position":2,"name":"Golf ekipa POSU\u0160JE 1 petu godinu zaredom prvak dr\u017eave"}]},{"@type":"WebSite","@id":"https:\/\/radioljubuski.ba\/#website","url":"https:\/\/radioljubuski.ba\/","name":"Radio Ljubu\u0161ki","description":"Sun\u010dana frekvencija Hercegovine","publisher":{"@id":"https:\/\/radioljubuski.ba\/#organization"},"potentialAction":[{"@type":"SearchAction","target":{"@type":"EntryPoint","urlTemplate":"https:\/\/radioljubuski.ba\/?s={search_term_string}"},"query-input":{"@type":"PropertyValueSpecification","valueRequired":true,"valueName":"search_term_string"}}],"inLanguage":"hr"},{"@type":"Organization","@id":"https:\/\/radioljubuski.ba\/#organization","name":"Radio Ljubu\u0161ki","url":"https:\/\/radioljubuski.ba\/","logo":{"@type":"ImageObject","inLanguage":"hr","@id":"https:\/\/radioljubuski.ba\/#\/schema\/logo\/image\/","url":"https:\/\/radioljubuski.ba\/wp-content\/uploads\/2021\/02\/cropped-Radio_Ljubuski_logo1.jpg","contentUrl":"https:\/\/radioljubuski.ba\/wp-content\/uploads\/2021\/02\/cropped-Radio_Ljubuski_logo1.jpg","width":512,"height":512,"caption":"Radio Ljubu\u0161ki"},"image":{"@id":"https:\/\/radioljubuski.ba\/#\/schema\/logo\/image\/"},"sameAs":["https:\/\/www.facebook.com\/Radiio-Ljubuski-1490835324566332","https:\/\/x.com\/radioljubuski","https:\/\/hr.linkedin.com\/company\/radio-ljubuski","https:\/\/www.youtube.com\/channel\/UCHYaeO_n0Db3tjNGudGpXyw"]},{"@type":"Person","@id":"https:\/\/radioljubuski.ba\/#\/schema\/person\/19fc700381a780f69665d7956c469e3b","name":"Radio Ljubu\u0161ki"}]}},"_links":{"self":[{"href":"https:\/\/radioljubuski.ba\/index.php\/wp-json\/wp\/v2\/posts\/32081","targetHints":{"allow":["GET"]}}],"collection":[{"href":"https:\/\/radioljubuski.ba\/index.php\/wp-json\/wp\/v2\/posts"}],"about":[{"href":"https:\/\/radioljubuski.ba\/index.php\/wp-json\/wp\/v2\/types\/post"}],"author":[{"embeddable":true,"href":"https:\/\/radioljubuski.ba\/index.php\/wp-json\/wp\/v2\/users\/2"}],"replies":[{"embeddable":true,"href":"https:\/\/radioljubuski.ba\/index.php\/wp-json\/wp\/v2\/comments?post=32081"}],"version-history":[{"count":1,"href":"https:\/\/radioljubuski.ba\/index.php\/wp-json\/wp\/v2\/posts\/32081\/revisions"}],"predecessor-version":[{"id":32083,"href":"https:\/\/radioljubuski.ba\/index.php\/wp-json\/wp\/v2\/posts\/32081\/revisions\/32083"}],"wp:featuredmedia":[{"embeddable":true,"href":"https:\/\/radioljubuski.ba\/index.php\/wp-json\/wp\/v2\/media\/32082"}],"wp:attachment":[{"href":"https:\/\/radioljubuski.ba\/index.php\/wp-json\/wp\/v2\/media?parent=32081"}],"wp:term":[{"taxonomy":"category","embeddable":true,"href":"https:\/\/radioljubuski.ba\/index.php\/wp-json\/wp\/v2\/categories?post=32081"},{"taxonomy":"post_tag","embeddable":true,"href":"https:\/\/radioljubuski.ba\/index.php\/wp-json\/wp\/v2\/tags?post=32081"}],"curies":[{"name":"wp","href":"https:\/\/api.w.org\/{rel}","templated":true}]}}