{"id":32099,"date":"2021-06-13T20:29:27","date_gmt":"2021-06-13T19:29:27","guid":{"rendered":"https:\/\/radioljubuski.ba\/?p=32099"},"modified":"2021-06-13T20:29:28","modified_gmt":"2021-06-13T19:29:28","slug":"vatreni-o-utakmici-glavu-gore-bilo-je-i-dobrih-stvari","status":"publish","type":"post","link":"https:\/\/radioljubuski.ba\/index.php\/2021\/06\/13\/vatreni-o-utakmici-glavu-gore-bilo-je-i-dobrih-stvari\/","title":{"rendered":"Vatreni o utakmici: Glavu gore, bilo je i dobrih stvari"},"content":{"rendered":"\n<p><strong>Hrvatski nogometa\u0161i porazom od Engleske 0:1 na Wembleyju otvorili su nastup na Europskom prvenstvu.<\/strong><\/p>\n\n\n\n<p>&#8211; Znali smo da \u0107e biti te\u0161ka utakmica, da \u0107e oni napraviti pritisak i imati svoje \u0161anse. Imali smo boljih i lo\u0161ijih trenutaka, no u sljede\u0107im utakmicama moramo i ho\u0107emo biti bolji. Nismo bili jako lo\u0161i, ali moramo u kontinuitetu biti bolji. Imamo jedan cilj, pro\u0107i grupu kako god znamo. Glavu gore. Bilo je i dobrih stvari. Analizirat \u0107emo utakmicu i vidjeti gdje smo bili lo\u0161iji i \u0161to moramo popraviti, ka\u017ee\u00a0<strong>\u0160ime Vrsaljko.<\/strong><br><br>&#8211; Ovo je turnir, izgubili smo, nismo zadovoljni, ali idemo glavu gore po na\u0161 cilj, prolazak grupe, dodao je Vrsaljko.<\/p>\n\n\n\n<div style=\"width: 640px;\" class=\"wp-video\"><video class=\"wp-video-shortcode\" id=\"video-32099-1\" width=\"640\" height=\"360\" preload=\"metadata\" controls=\"controls\"><source type=\"video\/mp4\" src=\"https:\/\/api.hrt.hr\/media\/b7\/78\/1306izjavevrsaljkoweb-20210613155643.mp4?_=1\" \/><a href=\"https:\/\/api.hrt.hr\/media\/b7\/78\/1306izjavevrsaljkoweb-20210613155643.mp4\">https:\/\/api.hrt.hr\/media\/b7\/78\/1306izjavevrsaljkoweb-20210613155643.mp4<\/a><\/video><\/div>\n\n\n\n<p>Za Vatrene je od prve minute zaigrao\u00a0<strong>Jo\u0161ko Gvardiol<\/strong>.<br><br>&#8211; Znali smo kakva nas utakmica \u010deka, da su Englezi favoriti. Nismo dali svoj maksimum, mislim da mo\u017eemo puno bolje. Idemo dalje pozitivni, mislim da \u0107e sve biti ok. Plan je bio da u prvih 15-ak minuta ne srljamo, kasnije smo preuzeli posjed lopte koji nismo iskoristili na pravi na\u010din, rekao je Gvardiol, koji je postao najmla\u0111i Vatreni na velikim natjecanjima.<br><br>&#8211; Osje\u0107aj je sjajan, ali na\u017ealost prvi poraz na Euru u prvoj utakmici. Mislim da \u0107e biti bolje. Zahvala suigra\u010dima koji su mi omogu\u0107ili da se osje\u0107am \u0161to laganije u ovom debiju, dodao je Gvardiol.<\/p>\n\n\n\n<div style=\"width: 640px;\" class=\"wp-video\"><video class=\"wp-video-shortcode\" id=\"video-32099-2\" width=\"640\" height=\"360\" preload=\"metadata\" controls=\"controls\"><source type=\"video\/mp4\" src=\"https:\/\/api.hrt.hr\/media\/71\/ca\/1306izjavegvardiolweb-20210613155847.mp4?_=2\" \/><a href=\"https:\/\/api.hrt.hr\/media\/71\/ca\/1306izjavegvardiolweb-20210613155847.mp4\">https:\/\/api.hrt.hr\/media\/71\/ca\/1306izjavegvardiolweb-20210613155847.mp4<\/a><\/video><\/div>\n\n\n\n<p>Susret je komentirao i iskusni Domagoj Vida.<br><br>&#8211; Treba \u010destitati Engleskoj, danas su bili bolji. Dali smo sve od sebe, borili smo se i ne\u0107emo se predati. Cilj je pro\u0107i grupu i dat \u0107emo sve od sebe, rekao je Vida.<br><br>&#8211; Radili smo na tome da ne izlazimo puno, ali eto, prvi put da smo se otvorili i oni su poentirali, dodao je hrvatski brani\u010d.<\/p>\n\n\n\n<div style=\"width: 640px;\" class=\"wp-video\"><video class=\"wp-video-shortcode\" id=\"video-32099-3\" width=\"640\" height=\"360\" preload=\"metadata\" controls=\"controls\"><source type=\"video\/mp4\" src=\"https:\/\/api.hrt.hr\/media\/29\/61\/1306izjavevidaweb-20210613155930.mp4?_=3\" \/><a href=\"https:\/\/api.hrt.hr\/media\/29\/61\/1306izjavevidaweb-20210613155930.mp4\">https:\/\/api.hrt.hr\/media\/29\/61\/1306izjavevidaweb-20210613155930.mp4<\/a><\/video><\/div>\n\n\n\n<p>Izvor:hrt.hr<\/p>\n","protected":false},"excerpt":{"rendered":"<p>Hrvatski nogometa\u0161i porazom od Engleske 0:1 na Wembleyju otvorili su nastup na Europskom prvenstvu. &#8211; Znali smo da \u0107e biti te\u0161ka utakmica, da \u0107e oni napraviti pritisak i imati svoje \u0161anse. Imali smo boljih i lo\u0161ijih trenutaka, no u sljede\u0107im utakmicama moramo i ho\u0107emo biti bolji. Nismo bili jako lo\u0161i, ali moramo u kontinuitetu biti [&hellip;]<\/p>\n","protected":false},"author":2,"featured_media":32100,"comment_status":"closed","ping_status":"closed","sticky":false,"template":"","format":"standard","meta":{"h5ap_radio_sources":[],"footnotes":""},"categories":[7],"tags":[],"class_list":["post-32099","post","type-post","status-publish","format-standard","has-post-thumbnail","hentry","category-sport"],"yoast_head":"<!-- This site is optimized with the Yoast SEO plugin v27.5 - https:\/\/yoast.com\/product\/yoast-seo-wordpress\/ -->\n<title>Vatreni o utakmici: Glavu gore, bilo je i dobrih stvari - RADIO LJUBU\u0160KI<\/title>\n<meta name=\"robots\" content=\"index, follow, max-snippet:-1, max-image-preview:large, max-video-preview:-1\" \/>\n<link rel=\"canonical\" href=\"https:\/\/radioljubuski.ba\/index.php\/2021\/06\/13\/vatreni-o-utakmici-glavu-gore-bilo-je-i-dobrih-stvari\/\" \/>\n<meta property=\"og:locale\" content=\"hr_HR\" \/>\n<meta property=\"og:type\" content=\"article\" \/>\n<meta property=\"og:title\" content=\"Vatreni o utakmici: Glavu gore, bilo je i dobrih stvari - RADIO LJUBU\u0160KI\" \/>\n<meta property=\"og:description\" content=\"Hrvatski nogometa\u0161i porazom od Engleske 0:1 na Wembleyju otvorili su nastup na Europskom prvenstvu. &#8211; Znali smo da \u0107e biti te\u0161ka utakmica, da \u0107e oni napraviti pritisak i imati svoje \u0161anse. Imali smo boljih i lo\u0161ijih trenutaka, no u sljede\u0107im utakmicama moramo i ho\u0107emo biti bolji. Nismo bili jako lo\u0161i, ali moramo u kontinuitetu biti [&hellip;]\" \/>\n<meta property=\"og:url\" content=\"https:\/\/radioljubuski.ba\/index.php\/2021\/06\/13\/vatreni-o-utakmici-glavu-gore-bilo-je-i-dobrih-stvari\/\" \/>\n<meta property=\"og:site_name\" content=\"RADIO LJUBU\u0160KI\" \/>\n<meta property=\"article:publisher\" content=\"https:\/\/www.facebook.com\/Radiio-Ljubuski-1490835324566332\" \/>\n<meta property=\"article:published_time\" content=\"2021-06-13T19:29:27+00:00\" \/>\n<meta property=\"article:modified_time\" content=\"2021-06-13T19:29:28+00:00\" \/>\n<meta property=\"og:image\" content=\"https:\/\/radioljubuski.ba\/wp-content\/uploads\/2021\/06\/vrsaljko-0613165954dvb-thrt-tv2hd-20210613153207.jpg\" \/>\n\t<meta property=\"og:image:width\" content=\"1920\" \/>\n\t<meta property=\"og:image:height\" content=\"1080\" \/>\n\t<meta property=\"og:image:type\" content=\"image\/jpeg\" \/>\n<meta name=\"author\" content=\"Radio Ljubu\u0161ki\" \/>\n<meta name=\"twitter:card\" content=\"summary_large_image\" \/>\n<meta name=\"twitter:creator\" content=\"@radioljubuski\" \/>\n<meta name=\"twitter:site\" content=\"@radioljubuski\" \/>\n<meta name=\"twitter:label1\" content=\"Napisao\/la\" \/>\n\t<meta name=\"twitter:data1\" content=\"Radio Ljubu\u0161ki\" \/>\n\t<meta name=\"twitter:label2\" content=\"Procijenjeno vrijeme \u010ditanja\" \/>\n\t<meta name=\"twitter:data2\" content=\"2 minute\" \/>\n<script type=\"application\/ld+json\" class=\"yoast-schema-graph\">{\"@context\":\"https:\\\/\\\/schema.org\",\"@graph\":[{\"@type\":\"Article\",\"@id\":\"https:\\\/\\\/radioljubuski.ba\\\/index.php\\\/2021\\\/06\\\/13\\\/vatreni-o-utakmici-glavu-gore-bilo-je-i-dobrih-stvari\\\/#article\",\"isPartOf\":{\"@id\":\"https:\\\/\\\/radioljubuski.ba\\\/index.php\\\/2021\\\/06\\\/13\\\/vatreni-o-utakmici-glavu-gore-bilo-je-i-dobrih-stvari\\\/\"},\"author\":{\"name\":\"Radio Ljubu\u0161ki\",\"@id\":\"https:\\\/\\\/radioljubuski.ba\\\/#\\\/schema\\\/person\\\/19fc700381a780f69665d7956c469e3b\"},\"headline\":\"Vatreni o utakmici: Glavu gore, bilo je i dobrih stvari\",\"datePublished\":\"2021-06-13T19:29:27+00:00\",\"dateModified\":\"2021-06-13T19:29:28+00:00\",\"mainEntityOfPage\":{\"@id\":\"https:\\\/\\\/radioljubuski.ba\\\/index.php\\\/2021\\\/06\\\/13\\\/vatreni-o-utakmici-glavu-gore-bilo-je-i-dobrih-stvari\\\/\"},\"wordCount\":332,\"publisher\":{\"@id\":\"https:\\\/\\\/radioljubuski.ba\\\/#organization\"},\"image\":{\"@id\":\"https:\\\/\\\/radioljubuski.ba\\\/index.php\\\/2021\\\/06\\\/13\\\/vatreni-o-utakmici-glavu-gore-bilo-je-i-dobrih-stvari\\\/#primaryimage\"},\"thumbnailUrl\":\"https:\\\/\\\/radioljubuski.ba\\\/wp-content\\\/uploads\\\/2021\\\/06\\\/vrsaljko-0613165954dvb-thrt-tv2hd-20210613153207.jpg\",\"articleSection\":[\"\u0160port\"],\"inLanguage\":\"hr\"},{\"@type\":\"WebPage\",\"@id\":\"https:\\\/\\\/radioljubuski.ba\\\/index.php\\\/2021\\\/06\\\/13\\\/vatreni-o-utakmici-glavu-gore-bilo-je-i-dobrih-stvari\\\/\",\"url\":\"https:\\\/\\\/radioljubuski.ba\\\/index.php\\\/2021\\\/06\\\/13\\\/vatreni-o-utakmici-glavu-gore-bilo-je-i-dobrih-stvari\\\/\",\"name\":\"Vatreni o utakmici: Glavu gore, bilo je i dobrih stvari - RADIO LJUBU\u0160KI\",\"isPartOf\":{\"@id\":\"https:\\\/\\\/radioljubuski.ba\\\/#website\"},\"primaryImageOfPage\":{\"@id\":\"https:\\\/\\\/radioljubuski.ba\\\/index.php\\\/2021\\\/06\\\/13\\\/vatreni-o-utakmici-glavu-gore-bilo-je-i-dobrih-stvari\\\/#primaryimage\"},\"image\":{\"@id\":\"https:\\\/\\\/radioljubuski.ba\\\/index.php\\\/2021\\\/06\\\/13\\\/vatreni-o-utakmici-glavu-gore-bilo-je-i-dobrih-stvari\\\/#primaryimage\"},\"thumbnailUrl\":\"https:\\\/\\\/radioljubuski.ba\\\/wp-content\\\/uploads\\\/2021\\\/06\\\/vrsaljko-0613165954dvb-thrt-tv2hd-20210613153207.jpg\",\"datePublished\":\"2021-06-13T19:29:27+00:00\",\"dateModified\":\"2021-06-13T19:29:28+00:00\",\"breadcrumb\":{\"@id\":\"https:\\\/\\\/radioljubuski.ba\\\/index.php\\\/2021\\\/06\\\/13\\\/vatreni-o-utakmici-glavu-gore-bilo-je-i-dobrih-stvari\\\/#breadcrumb\"},\"inLanguage\":\"hr\",\"potentialAction\":[{\"@type\":\"ReadAction\",\"target\":[\"https:\\\/\\\/radioljubuski.ba\\\/index.php\\\/2021\\\/06\\\/13\\\/vatreni-o-utakmici-glavu-gore-bilo-je-i-dobrih-stvari\\\/\"]}]},{\"@type\":\"ImageObject\",\"inLanguage\":\"hr\",\"@id\":\"https:\\\/\\\/radioljubuski.ba\\\/index.php\\\/2021\\\/06\\\/13\\\/vatreni-o-utakmici-glavu-gore-bilo-je-i-dobrih-stvari\\\/#primaryimage\",\"url\":\"https:\\\/\\\/radioljubuski.ba\\\/wp-content\\\/uploads\\\/2021\\\/06\\\/vrsaljko-0613165954dvb-thrt-tv2hd-20210613153207.jpg\",\"contentUrl\":\"https:\\\/\\\/radioljubuski.ba\\\/wp-content\\\/uploads\\\/2021\\\/06\\\/vrsaljko-0613165954dvb-thrt-tv2hd-20210613153207.jpg\",\"width\":1920,\"height\":1080},{\"@type\":\"BreadcrumbList\",\"@id\":\"https:\\\/\\\/radioljubuski.ba\\\/index.php\\\/2021\\\/06\\\/13\\\/vatreni-o-utakmici-glavu-gore-bilo-je-i-dobrih-stvari\\\/#breadcrumb\",\"itemListElement\":[{\"@type\":\"ListItem\",\"position\":1,\"name\":\"Po\u010detna stranica\",\"item\":\"https:\\\/\\\/radioljubuski.ba\\\/\"},{\"@type\":\"ListItem\",\"position\":2,\"name\":\"Vatreni o utakmici: Glavu gore, bilo je i dobrih stvari\"}]},{\"@type\":\"WebSite\",\"@id\":\"https:\\\/\\\/radioljubuski.ba\\\/#website\",\"url\":\"https:\\\/\\\/radioljubuski.ba\\\/\",\"name\":\"Radio Ljubu\u0161ki\",\"description\":\"Sun\u010dana frekvencija Hercegovine\",\"publisher\":{\"@id\":\"https:\\\/\\\/radioljubuski.ba\\\/#organization\"},\"potentialAction\":[{\"@type\":\"SearchAction\",\"target\":{\"@type\":\"EntryPoint\",\"urlTemplate\":\"https:\\\/\\\/radioljubuski.ba\\\/?s={search_term_string}\"},\"query-input\":{\"@type\":\"PropertyValueSpecification\",\"valueRequired\":true,\"valueName\":\"search_term_string\"}}],\"inLanguage\":\"hr\"},{\"@type\":\"Organization\",\"@id\":\"https:\\\/\\\/radioljubuski.ba\\\/#organization\",\"name\":\"Radio Ljubu\u0161ki\",\"url\":\"https:\\\/\\\/radioljubuski.ba\\\/\",\"logo\":{\"@type\":\"ImageObject\",\"inLanguage\":\"hr\",\"@id\":\"https:\\\/\\\/radioljubuski.ba\\\/#\\\/schema\\\/logo\\\/image\\\/\",\"url\":\"https:\\\/\\\/radioljubuski.ba\\\/wp-content\\\/uploads\\\/2021\\\/02\\\/cropped-Radio_Ljubuski_logo1.jpg\",\"contentUrl\":\"https:\\\/\\\/radioljubuski.ba\\\/wp-content\\\/uploads\\\/2021\\\/02\\\/cropped-Radio_Ljubuski_logo1.jpg\",\"width\":512,\"height\":512,\"caption\":\"Radio Ljubu\u0161ki\"},\"image\":{\"@id\":\"https:\\\/\\\/radioljubuski.ba\\\/#\\\/schema\\\/logo\\\/image\\\/\"},\"sameAs\":[\"https:\\\/\\\/www.facebook.com\\\/Radiio-Ljubuski-1490835324566332\",\"https:\\\/\\\/x.com\\\/radioljubuski\",\"https:\\\/\\\/hr.linkedin.com\\\/company\\\/radio-ljubuski\",\"https:\\\/\\\/www.youtube.com\\\/channel\\\/UCHYaeO_n0Db3tjNGudGpXyw\"]},{\"@type\":\"Person\",\"@id\":\"https:\\\/\\\/radioljubuski.ba\\\/#\\\/schema\\\/person\\\/19fc700381a780f69665d7956c469e3b\",\"name\":\"Radio Ljubu\u0161ki\"}]}<\/script>\n<!-- \/ Yoast SEO plugin. -->","yoast_head_json":{"title":"Vatreni o utakmici: Glavu gore, bilo je i dobrih stvari - RADIO LJUBU\u0160KI","robots":{"index":"index","follow":"follow","max-snippet":"max-snippet:-1","max-image-preview":"max-image-preview:large","max-video-preview":"max-video-preview:-1"},"canonical":"https:\/\/radioljubuski.ba\/index.php\/2021\/06\/13\/vatreni-o-utakmici-glavu-gore-bilo-je-i-dobrih-stvari\/","og_locale":"hr_HR","og_type":"article","og_title":"Vatreni o utakmici: Glavu gore, bilo je i dobrih stvari - RADIO LJUBU\u0160KI","og_description":"Hrvatski nogometa\u0161i porazom od Engleske 0:1 na Wembleyju otvorili su nastup na Europskom prvenstvu. &#8211; Znali smo da \u0107e biti te\u0161ka utakmica, da \u0107e oni napraviti pritisak i imati svoje \u0161anse. Imali smo boljih i lo\u0161ijih trenutaka, no u sljede\u0107im utakmicama moramo i ho\u0107emo biti bolji. Nismo bili jako lo\u0161i, ali moramo u kontinuitetu biti [&hellip;]","og_url":"https:\/\/radioljubuski.ba\/index.php\/2021\/06\/13\/vatreni-o-utakmici-glavu-gore-bilo-je-i-dobrih-stvari\/","og_site_name":"RADIO LJUBU\u0160KI","article_publisher":"https:\/\/www.facebook.com\/Radiio-Ljubuski-1490835324566332","article_published_time":"2021-06-13T19:29:27+00:00","article_modified_time":"2021-06-13T19:29:28+00:00","og_image":[{"width":1920,"height":1080,"url":"https:\/\/radioljubuski.ba\/wp-content\/uploads\/2021\/06\/vrsaljko-0613165954dvb-thrt-tv2hd-20210613153207.jpg","type":"image\/jpeg"}],"author":"Radio Ljubu\u0161ki","twitter_card":"summary_large_image","twitter_creator":"@radioljubuski","twitter_site":"@radioljubuski","twitter_misc":{"Napisao\/la":"Radio Ljubu\u0161ki","Procijenjeno vrijeme \u010ditanja":"2 minute"},"schema":{"@context":"https:\/\/schema.org","@graph":[{"@type":"Article","@id":"https:\/\/radioljubuski.ba\/index.php\/2021\/06\/13\/vatreni-o-utakmici-glavu-gore-bilo-je-i-dobrih-stvari\/#article","isPartOf":{"@id":"https:\/\/radioljubuski.ba\/index.php\/2021\/06\/13\/vatreni-o-utakmici-glavu-gore-bilo-je-i-dobrih-stvari\/"},"author":{"name":"Radio Ljubu\u0161ki","@id":"https:\/\/radioljubuski.ba\/#\/schema\/person\/19fc700381a780f69665d7956c469e3b"},"headline":"Vatreni o utakmici: Glavu gore, bilo je i dobrih stvari","datePublished":"2021-06-13T19:29:27+00:00","dateModified":"2021-06-13T19:29:28+00:00","mainEntityOfPage":{"@id":"https:\/\/radioljubuski.ba\/index.php\/2021\/06\/13\/vatreni-o-utakmici-glavu-gore-bilo-je-i-dobrih-stvari\/"},"wordCount":332,"publisher":{"@id":"https:\/\/radioljubuski.ba\/#organization"},"image":{"@id":"https:\/\/radioljubuski.ba\/index.php\/2021\/06\/13\/vatreni-o-utakmici-glavu-gore-bilo-je-i-dobrih-stvari\/#primaryimage"},"thumbnailUrl":"https:\/\/radioljubuski.ba\/wp-content\/uploads\/2021\/06\/vrsaljko-0613165954dvb-thrt-tv2hd-20210613153207.jpg","articleSection":["\u0160port"],"inLanguage":"hr"},{"@type":"WebPage","@id":"https:\/\/radioljubuski.ba\/index.php\/2021\/06\/13\/vatreni-o-utakmici-glavu-gore-bilo-je-i-dobrih-stvari\/","url":"https:\/\/radioljubuski.ba\/index.php\/2021\/06\/13\/vatreni-o-utakmici-glavu-gore-bilo-je-i-dobrih-stvari\/","name":"Vatreni o utakmici: Glavu gore, bilo je i dobrih stvari - RADIO LJUBU\u0160KI","isPartOf":{"@id":"https:\/\/radioljubuski.ba\/#website"},"primaryImageOfPage":{"@id":"https:\/\/radioljubuski.ba\/index.php\/2021\/06\/13\/vatreni-o-utakmici-glavu-gore-bilo-je-i-dobrih-stvari\/#primaryimage"},"image":{"@id":"https:\/\/radioljubuski.ba\/index.php\/2021\/06\/13\/vatreni-o-utakmici-glavu-gore-bilo-je-i-dobrih-stvari\/#primaryimage"},"thumbnailUrl":"https:\/\/radioljubuski.ba\/wp-content\/uploads\/2021\/06\/vrsaljko-0613165954dvb-thrt-tv2hd-20210613153207.jpg","datePublished":"2021-06-13T19:29:27+00:00","dateModified":"2021-06-13T19:29:28+00:00","breadcrumb":{"@id":"https:\/\/radioljubuski.ba\/index.php\/2021\/06\/13\/vatreni-o-utakmici-glavu-gore-bilo-je-i-dobrih-stvari\/#breadcrumb"},"inLanguage":"hr","potentialAction":[{"@type":"ReadAction","target":["https:\/\/radioljubuski.ba\/index.php\/2021\/06\/13\/vatreni-o-utakmici-glavu-gore-bilo-je-i-dobrih-stvari\/"]}]},{"@type":"ImageObject","inLanguage":"hr","@id":"https:\/\/radioljubuski.ba\/index.php\/2021\/06\/13\/vatreni-o-utakmici-glavu-gore-bilo-je-i-dobrih-stvari\/#primaryimage","url":"https:\/\/radioljubuski.ba\/wp-content\/uploads\/2021\/06\/vrsaljko-0613165954dvb-thrt-tv2hd-20210613153207.jpg","contentUrl":"https:\/\/radioljubuski.ba\/wp-content\/uploads\/2021\/06\/vrsaljko-0613165954dvb-thrt-tv2hd-20210613153207.jpg","width":1920,"height":1080},{"@type":"BreadcrumbList","@id":"https:\/\/radioljubuski.ba\/index.php\/2021\/06\/13\/vatreni-o-utakmici-glavu-gore-bilo-je-i-dobrih-stvari\/#breadcrumb","itemListElement":[{"@type":"ListItem","position":1,"name":"Po\u010detna stranica","item":"https:\/\/radioljubuski.ba\/"},{"@type":"ListItem","position":2,"name":"Vatreni o utakmici: Glavu gore, bilo je i dobrih stvari"}]},{"@type":"WebSite","@id":"https:\/\/radioljubuski.ba\/#website","url":"https:\/\/radioljubuski.ba\/","name":"Radio Ljubu\u0161ki","description":"Sun\u010dana frekvencija Hercegovine","publisher":{"@id":"https:\/\/radioljubuski.ba\/#organization"},"potentialAction":[{"@type":"SearchAction","target":{"@type":"EntryPoint","urlTemplate":"https:\/\/radioljubuski.ba\/?s={search_term_string}"},"query-input":{"@type":"PropertyValueSpecification","valueRequired":true,"valueName":"search_term_string"}}],"inLanguage":"hr"},{"@type":"Organization","@id":"https:\/\/radioljubuski.ba\/#organization","name":"Radio Ljubu\u0161ki","url":"https:\/\/radioljubuski.ba\/","logo":{"@type":"ImageObject","inLanguage":"hr","@id":"https:\/\/radioljubuski.ba\/#\/schema\/logo\/image\/","url":"https:\/\/radioljubuski.ba\/wp-content\/uploads\/2021\/02\/cropped-Radio_Ljubuski_logo1.jpg","contentUrl":"https:\/\/radioljubuski.ba\/wp-content\/uploads\/2021\/02\/cropped-Radio_Ljubuski_logo1.jpg","width":512,"height":512,"caption":"Radio Ljubu\u0161ki"},"image":{"@id":"https:\/\/radioljubuski.ba\/#\/schema\/logo\/image\/"},"sameAs":["https:\/\/www.facebook.com\/Radiio-Ljubuski-1490835324566332","https:\/\/x.com\/radioljubuski","https:\/\/hr.linkedin.com\/company\/radio-ljubuski","https:\/\/www.youtube.com\/channel\/UCHYaeO_n0Db3tjNGudGpXyw"]},{"@type":"Person","@id":"https:\/\/radioljubuski.ba\/#\/schema\/person\/19fc700381a780f69665d7956c469e3b","name":"Radio Ljubu\u0161ki"}]}},"_links":{"self":[{"href":"https:\/\/radioljubuski.ba\/index.php\/wp-json\/wp\/v2\/posts\/32099","targetHints":{"allow":["GET"]}}],"collection":[{"href":"https:\/\/radioljubuski.ba\/index.php\/wp-json\/wp\/v2\/posts"}],"about":[{"href":"https:\/\/radioljubuski.ba\/index.php\/wp-json\/wp\/v2\/types\/post"}],"author":[{"embeddable":true,"href":"https:\/\/radioljubuski.ba\/index.php\/wp-json\/wp\/v2\/users\/2"}],"replies":[{"embeddable":true,"href":"https:\/\/radioljubuski.ba\/index.php\/wp-json\/wp\/v2\/comments?post=32099"}],"version-history":[{"count":1,"href":"https:\/\/radioljubuski.ba\/index.php\/wp-json\/wp\/v2\/posts\/32099\/revisions"}],"predecessor-version":[{"id":32101,"href":"https:\/\/radioljubuski.ba\/index.php\/wp-json\/wp\/v2\/posts\/32099\/revisions\/32101"}],"wp:featuredmedia":[{"embeddable":true,"href":"https:\/\/radioljubuski.ba\/index.php\/wp-json\/wp\/v2\/media\/32100"}],"wp:attachment":[{"href":"https:\/\/radioljubuski.ba\/index.php\/wp-json\/wp\/v2\/media?parent=32099"}],"wp:term":[{"taxonomy":"category","embeddable":true,"href":"https:\/\/radioljubuski.ba\/index.php\/wp-json\/wp\/v2\/categories?post=32099"},{"taxonomy":"post_tag","embeddable":true,"href":"https:\/\/radioljubuski.ba\/index.php\/wp-json\/wp\/v2\/tags?post=32099"}],"curies":[{"name":"wp","href":"https:\/\/api.w.org\/{rel}","templated":true}]}}