{"id":32111,"date":"2021-06-13T22:49:15","date_gmt":"2021-06-13T21:49:15","guid":{"rendered":"https:\/\/radioljubuski.ba\/?p=32111"},"modified":"2021-06-13T22:49:16","modified_gmt":"2021-06-13T21:49:16","slug":"cvitanovic-ne-mozemo-uvijek-ocekivati-top-nivo-samovojska-ja-sam-ocekivao","status":"publish","type":"post","link":"https:\/\/radioljubuski.ba\/index.php\/2021\/06\/13\/cvitanovic-ne-mozemo-uvijek-ocekivati-top-nivo-samovojska-ja-sam-ocekivao\/","title":{"rendered":"Cvitanovi\u0107: Ne mo\u017eemo uvijek o\u010dekivati top nivo; Samovojska: Ja sam o\u010dekivao"},"content":{"rendered":"\n<p><strong>U emisiji EUROPEO Igor Cvitanovi\u0107 i Anton Samovojska iznijeli su ne\u0161to &#8220;hladnijih glava&#8221; razmi\u0161ljanja o dana\u0161njem porazu Hrvatske od Engleza na otvaranju Eura.<\/strong><\/p>\n\n\n\n<p>&#8211; Ne treba ovo shvatiti kao ne\u0161to deprimiraju\u0107e, ovo je samo jedna utakmica u grupi. Znali smo da igramo s jako kvalitetnim doma\u0107inom, a mi smo u nekom tihom prelasku generacija i ne mo\u017eemo o\u010dekivati da \u0107emo stalno biti na top nivou, smatra Igor Cvitanovi\u0107.<\/p>\n\n\n\n<p>&#8211; Ja sam o\u010dekivao da \u0107e Hrvatska igrati bolje, a to ne dodiruje samu kvalitetu igre, da \u0107e to biti neki spektakl. No treba slijediti standard, ako nisi dao 100 posto, nisi dao ni\u0161ta, a meni se \u010dini da danas Hrvatska nije dala 100 posto, a ni Engleska nije dala 100 posto, no i takvi su nas pobijedili. Jednostavno su odigravali po dubini, po sredini igrali\u0161ta, kad god je engleski igra\u010d primao loptu bio je sam i mirno odigravao dalje. Malo je bilo bolje nego utakmica s Belgijom, ali opet se ponavlja to da smo bezopasni u napadu, ne stvaramo stopostotne \u0161anse. Da smo mi danas stvorili tri \u010diste \u0161anse i proma\u0161ili, rekao bih sve&nbsp; je u redu. Ipak, pred nama su jo\u0161 dvije utakmice, i sto posto je sigurno da nas jedna pobjeda i jedan remi vode u nastavak natjecanja.<\/p>\n\n\n\n<p>Kako da Hrvatska bude bolja u napadu?&nbsp;<\/p>\n\n\n\n<p>&#8211; Te\u0161ko je nama sa strane biti pametan, mi vidimo finalni proizvod, a izbornik s igra\u010dima svaki dan radi. Uvjeren sam da je imao i A i B varijantu i da je i prije ove utakmice pripremao sve varijante. Da li je za ovu utakmicu&nbsp;<strong>Dali\u0107<\/strong>&nbsp;imao jednu viziju, a za druge druga\u010diju, ja to ne znam, ali generalno mi nemamo udarce po golu, nemamo ulazak u 16 metara, to se radi kroz trening, stigne se popraviti, ka\u017ee Cvitanovi\u0107.<\/p>\n\n\n\n<p>Izvor:hrt.hr<\/p>\n","protected":false},"excerpt":{"rendered":"<p>U emisiji EUROPEO Igor Cvitanovi\u0107 i Anton Samovojska iznijeli su ne\u0161to &#8220;hladnijih glava&#8221; razmi\u0161ljanja o dana\u0161njem porazu Hrvatske od Engleza na otvaranju Eura. &#8211; Ne treba ovo shvatiti kao ne\u0161to deprimiraju\u0107e, ovo je samo jedna utakmica u grupi. Znali smo da igramo s jako kvalitetnim doma\u0107inom, a mi smo u nekom tihom prelasku generacija i [&hellip;]<\/p>\n","protected":false},"author":2,"featured_media":32112,"comment_status":"closed","ping_status":"closed","sticky":false,"template":"","format":"standard","meta":{"h5ap_radio_sources":[],"footnotes":""},"categories":[7],"tags":[],"class_list":["post-32111","post","type-post","status-publish","format-standard","has-post-thumbnail","hentry","category-sport"],"yoast_head":"<!-- This site is optimized with the Yoast SEO plugin v27.5 - https:\/\/yoast.com\/product\/yoast-seo-wordpress\/ -->\n<title>Cvitanovi\u0107: Ne mo\u017eemo uvijek o\u010dekivati top nivo; Samovojska: Ja sam o\u010dekivao - RADIO LJUBU\u0160KI<\/title>\n<meta name=\"robots\" content=\"index, follow, max-snippet:-1, max-image-preview:large, max-video-preview:-1\" \/>\n<link rel=\"canonical\" href=\"https:\/\/radioljubuski.ba\/index.php\/2021\/06\/13\/cvitanovic-ne-mozemo-uvijek-ocekivati-top-nivo-samovojska-ja-sam-ocekivao\/\" \/>\n<meta property=\"og:locale\" content=\"hr_HR\" \/>\n<meta property=\"og:type\" content=\"article\" \/>\n<meta property=\"og:title\" content=\"Cvitanovi\u0107: Ne mo\u017eemo uvijek o\u010dekivati top nivo; Samovojska: Ja sam o\u010dekivao - RADIO LJUBU\u0160KI\" \/>\n<meta property=\"og:description\" content=\"U emisiji EUROPEO Igor Cvitanovi\u0107 i Anton Samovojska iznijeli su ne\u0161to &#8220;hladnijih glava&#8221; razmi\u0161ljanja o dana\u0161njem porazu Hrvatske od Engleza na otvaranju Eura. &#8211; Ne treba ovo shvatiti kao ne\u0161to deprimiraju\u0107e, ovo je samo jedna utakmica u grupi. Znali smo da igramo s jako kvalitetnim doma\u0107inom, a mi smo u nekom tihom prelasku generacija i [&hellip;]\" \/>\n<meta property=\"og:url\" content=\"https:\/\/radioljubuski.ba\/index.php\/2021\/06\/13\/cvitanovic-ne-mozemo-uvijek-ocekivati-top-nivo-samovojska-ja-sam-ocekivao\/\" \/>\n<meta property=\"og:site_name\" content=\"RADIO LJUBU\u0160KI\" \/>\n<meta property=\"article:publisher\" content=\"https:\/\/www.facebook.com\/Radiio-Ljubuski-1490835324566332\" \/>\n<meta property=\"article:published_time\" content=\"2021-06-13T21:49:15+00:00\" \/>\n<meta property=\"article:modified_time\" content=\"2021-06-13T21:49:16+00:00\" \/>\n<meta property=\"og:image\" content=\"https:\/\/radioljubuski.ba\/wp-content\/uploads\/2021\/06\/1306-europeo-cvita-i-samovojska-hrv-eng-web-frame-2755-20210613183928.jpg\" \/>\n\t<meta property=\"og:image:width\" content=\"1920\" \/>\n\t<meta property=\"og:image:height\" content=\"1080\" \/>\n\t<meta property=\"og:image:type\" content=\"image\/jpeg\" \/>\n<meta name=\"author\" content=\"Radio Ljubu\u0161ki\" \/>\n<meta name=\"twitter:card\" content=\"summary_large_image\" \/>\n<meta name=\"twitter:creator\" content=\"@radioljubuski\" \/>\n<meta name=\"twitter:site\" content=\"@radioljubuski\" \/>\n<meta name=\"twitter:label1\" content=\"Napisao\/la\" \/>\n\t<meta name=\"twitter:data1\" content=\"Radio Ljubu\u0161ki\" \/>\n\t<meta name=\"twitter:label2\" content=\"Procijenjeno vrijeme \u010ditanja\" \/>\n\t<meta name=\"twitter:data2\" content=\"2 minute\" \/>\n<script type=\"application\/ld+json\" class=\"yoast-schema-graph\">{\"@context\":\"https:\\\/\\\/schema.org\",\"@graph\":[{\"@type\":\"Article\",\"@id\":\"https:\\\/\\\/radioljubuski.ba\\\/index.php\\\/2021\\\/06\\\/13\\\/cvitanovic-ne-mozemo-uvijek-ocekivati-top-nivo-samovojska-ja-sam-ocekivao\\\/#article\",\"isPartOf\":{\"@id\":\"https:\\\/\\\/radioljubuski.ba\\\/index.php\\\/2021\\\/06\\\/13\\\/cvitanovic-ne-mozemo-uvijek-ocekivati-top-nivo-samovojska-ja-sam-ocekivao\\\/\"},\"author\":{\"name\":\"Radio Ljubu\u0161ki\",\"@id\":\"https:\\\/\\\/radioljubuski.ba\\\/#\\\/schema\\\/person\\\/19fc700381a780f69665d7956c469e3b\"},\"headline\":\"Cvitanovi\u0107: Ne mo\u017eemo uvijek o\u010dekivati top nivo; Samovojska: Ja sam o\u010dekivao\",\"datePublished\":\"2021-06-13T21:49:15+00:00\",\"dateModified\":\"2021-06-13T21:49:16+00:00\",\"mainEntityOfPage\":{\"@id\":\"https:\\\/\\\/radioljubuski.ba\\\/index.php\\\/2021\\\/06\\\/13\\\/cvitanovic-ne-mozemo-uvijek-ocekivati-top-nivo-samovojska-ja-sam-ocekivao\\\/\"},\"wordCount\":328,\"publisher\":{\"@id\":\"https:\\\/\\\/radioljubuski.ba\\\/#organization\"},\"image\":{\"@id\":\"https:\\\/\\\/radioljubuski.ba\\\/index.php\\\/2021\\\/06\\\/13\\\/cvitanovic-ne-mozemo-uvijek-ocekivati-top-nivo-samovojska-ja-sam-ocekivao\\\/#primaryimage\"},\"thumbnailUrl\":\"https:\\\/\\\/radioljubuski.ba\\\/wp-content\\\/uploads\\\/2021\\\/06\\\/1306-europeo-cvita-i-samovojska-hrv-eng-web-frame-2755-20210613183928.jpg\",\"articleSection\":[\"\u0160port\"],\"inLanguage\":\"hr\"},{\"@type\":\"WebPage\",\"@id\":\"https:\\\/\\\/radioljubuski.ba\\\/index.php\\\/2021\\\/06\\\/13\\\/cvitanovic-ne-mozemo-uvijek-ocekivati-top-nivo-samovojska-ja-sam-ocekivao\\\/\",\"url\":\"https:\\\/\\\/radioljubuski.ba\\\/index.php\\\/2021\\\/06\\\/13\\\/cvitanovic-ne-mozemo-uvijek-ocekivati-top-nivo-samovojska-ja-sam-ocekivao\\\/\",\"name\":\"Cvitanovi\u0107: Ne mo\u017eemo uvijek o\u010dekivati top nivo; Samovojska: Ja sam o\u010dekivao - RADIO LJUBU\u0160KI\",\"isPartOf\":{\"@id\":\"https:\\\/\\\/radioljubuski.ba\\\/#website\"},\"primaryImageOfPage\":{\"@id\":\"https:\\\/\\\/radioljubuski.ba\\\/index.php\\\/2021\\\/06\\\/13\\\/cvitanovic-ne-mozemo-uvijek-ocekivati-top-nivo-samovojska-ja-sam-ocekivao\\\/#primaryimage\"},\"image\":{\"@id\":\"https:\\\/\\\/radioljubuski.ba\\\/index.php\\\/2021\\\/06\\\/13\\\/cvitanovic-ne-mozemo-uvijek-ocekivati-top-nivo-samovojska-ja-sam-ocekivao\\\/#primaryimage\"},\"thumbnailUrl\":\"https:\\\/\\\/radioljubuski.ba\\\/wp-content\\\/uploads\\\/2021\\\/06\\\/1306-europeo-cvita-i-samovojska-hrv-eng-web-frame-2755-20210613183928.jpg\",\"datePublished\":\"2021-06-13T21:49:15+00:00\",\"dateModified\":\"2021-06-13T21:49:16+00:00\",\"breadcrumb\":{\"@id\":\"https:\\\/\\\/radioljubuski.ba\\\/index.php\\\/2021\\\/06\\\/13\\\/cvitanovic-ne-mozemo-uvijek-ocekivati-top-nivo-samovojska-ja-sam-ocekivao\\\/#breadcrumb\"},\"inLanguage\":\"hr\",\"potentialAction\":[{\"@type\":\"ReadAction\",\"target\":[\"https:\\\/\\\/radioljubuski.ba\\\/index.php\\\/2021\\\/06\\\/13\\\/cvitanovic-ne-mozemo-uvijek-ocekivati-top-nivo-samovojska-ja-sam-ocekivao\\\/\"]}]},{\"@type\":\"ImageObject\",\"inLanguage\":\"hr\",\"@id\":\"https:\\\/\\\/radioljubuski.ba\\\/index.php\\\/2021\\\/06\\\/13\\\/cvitanovic-ne-mozemo-uvijek-ocekivati-top-nivo-samovojska-ja-sam-ocekivao\\\/#primaryimage\",\"url\":\"https:\\\/\\\/radioljubuski.ba\\\/wp-content\\\/uploads\\\/2021\\\/06\\\/1306-europeo-cvita-i-samovojska-hrv-eng-web-frame-2755-20210613183928.jpg\",\"contentUrl\":\"https:\\\/\\\/radioljubuski.ba\\\/wp-content\\\/uploads\\\/2021\\\/06\\\/1306-europeo-cvita-i-samovojska-hrv-eng-web-frame-2755-20210613183928.jpg\",\"width\":1920,\"height\":1080},{\"@type\":\"BreadcrumbList\",\"@id\":\"https:\\\/\\\/radioljubuski.ba\\\/index.php\\\/2021\\\/06\\\/13\\\/cvitanovic-ne-mozemo-uvijek-ocekivati-top-nivo-samovojska-ja-sam-ocekivao\\\/#breadcrumb\",\"itemListElement\":[{\"@type\":\"ListItem\",\"position\":1,\"name\":\"Po\u010detna stranica\",\"item\":\"https:\\\/\\\/radioljubuski.ba\\\/\"},{\"@type\":\"ListItem\",\"position\":2,\"name\":\"Cvitanovi\u0107: Ne mo\u017eemo uvijek o\u010dekivati top nivo; Samovojska: Ja sam o\u010dekivao\"}]},{\"@type\":\"WebSite\",\"@id\":\"https:\\\/\\\/radioljubuski.ba\\\/#website\",\"url\":\"https:\\\/\\\/radioljubuski.ba\\\/\",\"name\":\"Radio Ljubu\u0161ki\",\"description\":\"Sun\u010dana frekvencija Hercegovine\",\"publisher\":{\"@id\":\"https:\\\/\\\/radioljubuski.ba\\\/#organization\"},\"potentialAction\":[{\"@type\":\"SearchAction\",\"target\":{\"@type\":\"EntryPoint\",\"urlTemplate\":\"https:\\\/\\\/radioljubuski.ba\\\/?s={search_term_string}\"},\"query-input\":{\"@type\":\"PropertyValueSpecification\",\"valueRequired\":true,\"valueName\":\"search_term_string\"}}],\"inLanguage\":\"hr\"},{\"@type\":\"Organization\",\"@id\":\"https:\\\/\\\/radioljubuski.ba\\\/#organization\",\"name\":\"Radio Ljubu\u0161ki\",\"url\":\"https:\\\/\\\/radioljubuski.ba\\\/\",\"logo\":{\"@type\":\"ImageObject\",\"inLanguage\":\"hr\",\"@id\":\"https:\\\/\\\/radioljubuski.ba\\\/#\\\/schema\\\/logo\\\/image\\\/\",\"url\":\"https:\\\/\\\/radioljubuski.ba\\\/wp-content\\\/uploads\\\/2021\\\/02\\\/cropped-Radio_Ljubuski_logo1.jpg\",\"contentUrl\":\"https:\\\/\\\/radioljubuski.ba\\\/wp-content\\\/uploads\\\/2021\\\/02\\\/cropped-Radio_Ljubuski_logo1.jpg\",\"width\":512,\"height\":512,\"caption\":\"Radio Ljubu\u0161ki\"},\"image\":{\"@id\":\"https:\\\/\\\/radioljubuski.ba\\\/#\\\/schema\\\/logo\\\/image\\\/\"},\"sameAs\":[\"https:\\\/\\\/www.facebook.com\\\/Radiio-Ljubuski-1490835324566332\",\"https:\\\/\\\/x.com\\\/radioljubuski\",\"https:\\\/\\\/hr.linkedin.com\\\/company\\\/radio-ljubuski\",\"https:\\\/\\\/www.youtube.com\\\/channel\\\/UCHYaeO_n0Db3tjNGudGpXyw\"]},{\"@type\":\"Person\",\"@id\":\"https:\\\/\\\/radioljubuski.ba\\\/#\\\/schema\\\/person\\\/19fc700381a780f69665d7956c469e3b\",\"name\":\"Radio Ljubu\u0161ki\"}]}<\/script>\n<!-- \/ Yoast SEO plugin. -->","yoast_head_json":{"title":"Cvitanovi\u0107: Ne mo\u017eemo uvijek o\u010dekivati top nivo; Samovojska: Ja sam o\u010dekivao - RADIO LJUBU\u0160KI","robots":{"index":"index","follow":"follow","max-snippet":"max-snippet:-1","max-image-preview":"max-image-preview:large","max-video-preview":"max-video-preview:-1"},"canonical":"https:\/\/radioljubuski.ba\/index.php\/2021\/06\/13\/cvitanovic-ne-mozemo-uvijek-ocekivati-top-nivo-samovojska-ja-sam-ocekivao\/","og_locale":"hr_HR","og_type":"article","og_title":"Cvitanovi\u0107: Ne mo\u017eemo uvijek o\u010dekivati top nivo; Samovojska: Ja sam o\u010dekivao - RADIO LJUBU\u0160KI","og_description":"U emisiji EUROPEO Igor Cvitanovi\u0107 i Anton Samovojska iznijeli su ne\u0161to &#8220;hladnijih glava&#8221; razmi\u0161ljanja o dana\u0161njem porazu Hrvatske od Engleza na otvaranju Eura. &#8211; Ne treba ovo shvatiti kao ne\u0161to deprimiraju\u0107e, ovo je samo jedna utakmica u grupi. Znali smo da igramo s jako kvalitetnim doma\u0107inom, a mi smo u nekom tihom prelasku generacija i [&hellip;]","og_url":"https:\/\/radioljubuski.ba\/index.php\/2021\/06\/13\/cvitanovic-ne-mozemo-uvijek-ocekivati-top-nivo-samovojska-ja-sam-ocekivao\/","og_site_name":"RADIO LJUBU\u0160KI","article_publisher":"https:\/\/www.facebook.com\/Radiio-Ljubuski-1490835324566332","article_published_time":"2021-06-13T21:49:15+00:00","article_modified_time":"2021-06-13T21:49:16+00:00","og_image":[{"width":1920,"height":1080,"url":"https:\/\/radioljubuski.ba\/wp-content\/uploads\/2021\/06\/1306-europeo-cvita-i-samovojska-hrv-eng-web-frame-2755-20210613183928.jpg","type":"image\/jpeg"}],"author":"Radio Ljubu\u0161ki","twitter_card":"summary_large_image","twitter_creator":"@radioljubuski","twitter_site":"@radioljubuski","twitter_misc":{"Napisao\/la":"Radio Ljubu\u0161ki","Procijenjeno vrijeme \u010ditanja":"2 minute"},"schema":{"@context":"https:\/\/schema.org","@graph":[{"@type":"Article","@id":"https:\/\/radioljubuski.ba\/index.php\/2021\/06\/13\/cvitanovic-ne-mozemo-uvijek-ocekivati-top-nivo-samovojska-ja-sam-ocekivao\/#article","isPartOf":{"@id":"https:\/\/radioljubuski.ba\/index.php\/2021\/06\/13\/cvitanovic-ne-mozemo-uvijek-ocekivati-top-nivo-samovojska-ja-sam-ocekivao\/"},"author":{"name":"Radio Ljubu\u0161ki","@id":"https:\/\/radioljubuski.ba\/#\/schema\/person\/19fc700381a780f69665d7956c469e3b"},"headline":"Cvitanovi\u0107: Ne mo\u017eemo uvijek o\u010dekivati top nivo; Samovojska: Ja sam o\u010dekivao","datePublished":"2021-06-13T21:49:15+00:00","dateModified":"2021-06-13T21:49:16+00:00","mainEntityOfPage":{"@id":"https:\/\/radioljubuski.ba\/index.php\/2021\/06\/13\/cvitanovic-ne-mozemo-uvijek-ocekivati-top-nivo-samovojska-ja-sam-ocekivao\/"},"wordCount":328,"publisher":{"@id":"https:\/\/radioljubuski.ba\/#organization"},"image":{"@id":"https:\/\/radioljubuski.ba\/index.php\/2021\/06\/13\/cvitanovic-ne-mozemo-uvijek-ocekivati-top-nivo-samovojska-ja-sam-ocekivao\/#primaryimage"},"thumbnailUrl":"https:\/\/radioljubuski.ba\/wp-content\/uploads\/2021\/06\/1306-europeo-cvita-i-samovojska-hrv-eng-web-frame-2755-20210613183928.jpg","articleSection":["\u0160port"],"inLanguage":"hr"},{"@type":"WebPage","@id":"https:\/\/radioljubuski.ba\/index.php\/2021\/06\/13\/cvitanovic-ne-mozemo-uvijek-ocekivati-top-nivo-samovojska-ja-sam-ocekivao\/","url":"https:\/\/radioljubuski.ba\/index.php\/2021\/06\/13\/cvitanovic-ne-mozemo-uvijek-ocekivati-top-nivo-samovojska-ja-sam-ocekivao\/","name":"Cvitanovi\u0107: Ne mo\u017eemo uvijek o\u010dekivati top nivo; Samovojska: Ja sam o\u010dekivao - RADIO LJUBU\u0160KI","isPartOf":{"@id":"https:\/\/radioljubuski.ba\/#website"},"primaryImageOfPage":{"@id":"https:\/\/radioljubuski.ba\/index.php\/2021\/06\/13\/cvitanovic-ne-mozemo-uvijek-ocekivati-top-nivo-samovojska-ja-sam-ocekivao\/#primaryimage"},"image":{"@id":"https:\/\/radioljubuski.ba\/index.php\/2021\/06\/13\/cvitanovic-ne-mozemo-uvijek-ocekivati-top-nivo-samovojska-ja-sam-ocekivao\/#primaryimage"},"thumbnailUrl":"https:\/\/radioljubuski.ba\/wp-content\/uploads\/2021\/06\/1306-europeo-cvita-i-samovojska-hrv-eng-web-frame-2755-20210613183928.jpg","datePublished":"2021-06-13T21:49:15+00:00","dateModified":"2021-06-13T21:49:16+00:00","breadcrumb":{"@id":"https:\/\/radioljubuski.ba\/index.php\/2021\/06\/13\/cvitanovic-ne-mozemo-uvijek-ocekivati-top-nivo-samovojska-ja-sam-ocekivao\/#breadcrumb"},"inLanguage":"hr","potentialAction":[{"@type":"ReadAction","target":["https:\/\/radioljubuski.ba\/index.php\/2021\/06\/13\/cvitanovic-ne-mozemo-uvijek-ocekivati-top-nivo-samovojska-ja-sam-ocekivao\/"]}]},{"@type":"ImageObject","inLanguage":"hr","@id":"https:\/\/radioljubuski.ba\/index.php\/2021\/06\/13\/cvitanovic-ne-mozemo-uvijek-ocekivati-top-nivo-samovojska-ja-sam-ocekivao\/#primaryimage","url":"https:\/\/radioljubuski.ba\/wp-content\/uploads\/2021\/06\/1306-europeo-cvita-i-samovojska-hrv-eng-web-frame-2755-20210613183928.jpg","contentUrl":"https:\/\/radioljubuski.ba\/wp-content\/uploads\/2021\/06\/1306-europeo-cvita-i-samovojska-hrv-eng-web-frame-2755-20210613183928.jpg","width":1920,"height":1080},{"@type":"BreadcrumbList","@id":"https:\/\/radioljubuski.ba\/index.php\/2021\/06\/13\/cvitanovic-ne-mozemo-uvijek-ocekivati-top-nivo-samovojska-ja-sam-ocekivao\/#breadcrumb","itemListElement":[{"@type":"ListItem","position":1,"name":"Po\u010detna stranica","item":"https:\/\/radioljubuski.ba\/"},{"@type":"ListItem","position":2,"name":"Cvitanovi\u0107: Ne mo\u017eemo uvijek o\u010dekivati top nivo; Samovojska: Ja sam o\u010dekivao"}]},{"@type":"WebSite","@id":"https:\/\/radioljubuski.ba\/#website","url":"https:\/\/radioljubuski.ba\/","name":"Radio Ljubu\u0161ki","description":"Sun\u010dana frekvencija Hercegovine","publisher":{"@id":"https:\/\/radioljubuski.ba\/#organization"},"potentialAction":[{"@type":"SearchAction","target":{"@type":"EntryPoint","urlTemplate":"https:\/\/radioljubuski.ba\/?s={search_term_string}"},"query-input":{"@type":"PropertyValueSpecification","valueRequired":true,"valueName":"search_term_string"}}],"inLanguage":"hr"},{"@type":"Organization","@id":"https:\/\/radioljubuski.ba\/#organization","name":"Radio Ljubu\u0161ki","url":"https:\/\/radioljubuski.ba\/","logo":{"@type":"ImageObject","inLanguage":"hr","@id":"https:\/\/radioljubuski.ba\/#\/schema\/logo\/image\/","url":"https:\/\/radioljubuski.ba\/wp-content\/uploads\/2021\/02\/cropped-Radio_Ljubuski_logo1.jpg","contentUrl":"https:\/\/radioljubuski.ba\/wp-content\/uploads\/2021\/02\/cropped-Radio_Ljubuski_logo1.jpg","width":512,"height":512,"caption":"Radio Ljubu\u0161ki"},"image":{"@id":"https:\/\/radioljubuski.ba\/#\/schema\/logo\/image\/"},"sameAs":["https:\/\/www.facebook.com\/Radiio-Ljubuski-1490835324566332","https:\/\/x.com\/radioljubuski","https:\/\/hr.linkedin.com\/company\/radio-ljubuski","https:\/\/www.youtube.com\/channel\/UCHYaeO_n0Db3tjNGudGpXyw"]},{"@type":"Person","@id":"https:\/\/radioljubuski.ba\/#\/schema\/person\/19fc700381a780f69665d7956c469e3b","name":"Radio Ljubu\u0161ki"}]}},"_links":{"self":[{"href":"https:\/\/radioljubuski.ba\/index.php\/wp-json\/wp\/v2\/posts\/32111","targetHints":{"allow":["GET"]}}],"collection":[{"href":"https:\/\/radioljubuski.ba\/index.php\/wp-json\/wp\/v2\/posts"}],"about":[{"href":"https:\/\/radioljubuski.ba\/index.php\/wp-json\/wp\/v2\/types\/post"}],"author":[{"embeddable":true,"href":"https:\/\/radioljubuski.ba\/index.php\/wp-json\/wp\/v2\/users\/2"}],"replies":[{"embeddable":true,"href":"https:\/\/radioljubuski.ba\/index.php\/wp-json\/wp\/v2\/comments?post=32111"}],"version-history":[{"count":1,"href":"https:\/\/radioljubuski.ba\/index.php\/wp-json\/wp\/v2\/posts\/32111\/revisions"}],"predecessor-version":[{"id":32113,"href":"https:\/\/radioljubuski.ba\/index.php\/wp-json\/wp\/v2\/posts\/32111\/revisions\/32113"}],"wp:featuredmedia":[{"embeddable":true,"href":"https:\/\/radioljubuski.ba\/index.php\/wp-json\/wp\/v2\/media\/32112"}],"wp:attachment":[{"href":"https:\/\/radioljubuski.ba\/index.php\/wp-json\/wp\/v2\/media?parent=32111"}],"wp:term":[{"taxonomy":"category","embeddable":true,"href":"https:\/\/radioljubuski.ba\/index.php\/wp-json\/wp\/v2\/categories?post=32111"},{"taxonomy":"post_tag","embeddable":true,"href":"https:\/\/radioljubuski.ba\/index.php\/wp-json\/wp\/v2\/tags?post=32111"}],"curies":[{"name":"wp","href":"https:\/\/api.w.org\/{rel}","templated":true}]}}