{"id":3215,"date":"2021-03-13T01:20:30","date_gmt":"2021-03-13T00:20:30","guid":{"rendered":"https:\/\/radioljubuski.ba\/?p=3215"},"modified":"2021-03-13T01:20:31","modified_gmt":"2021-03-13T00:20:31","slug":"dzeba-sda-i-df-blokiraju-gospodarstvo-gradonacelnika-kordica-mitraljezac-komsic-napao-iz-zasjede","status":"publish","type":"post","link":"https:\/\/radioljubuski.ba\/index.php\/2021\/03\/13\/dzeba-sda-i-df-blokiraju-gospodarstvo-gradonacelnika-kordica-mitraljezac-komsic-napao-iz-zasjede\/","title":{"rendered":"D\u017eeba: SDA i DF blokiraju gospodarstvo, gradona\u010delnika Kordi\u0107a \u201cmitraljezac\u201d Kom\u0161i\u0107 napao iz zasjede"},"content":{"rendered":"\n<p><strong>Gradona\u010delnik Mostara Mario Kordi\u0107 je izvrsno po\u010deo svoj mandat u tomu mu svi mi trebamo pomo\u0107i, rekao je u intervjuu za portal Politika24 izaslanik u Domu naroda Parlamenta FBiH Damir D\u017eeba.<\/strong><\/p>\n\n\n\n<p>D\u017eeba, du\u017enosnik HDZ-a BiH, u intervjuu za Politika24 je govorio o rada Gradskog vije\u0107a Mostara i gradona\u010delnika Kordi\u0107a, objasnio je \u0161to se doga\u0111alo na posljednjoj sjednici Doma naroda Parlamenta Federacije BiH, te prokomentirao podizanje optu\u017enice Tu\u017eiteljstva BiH u slu\u010daju \u201eRespiratori\u201c u koji je u posljednjoj fazi stavljena i dopremijerka i ministrica financija Jelke Mili\u0107evi\u0107.<\/p>\n\n\n\n<p>Istaknuo je, govore\u0107i o radu novoizabranog gradona\u010delnika Mostara, kako \u0107e biti poku\u0161aja podmetanja poput \u201cpodmetnutog Kom\u0161i\u0107a na Podvele\u017eju\u201d. Podsje\u0107amo, nedavno je gradona\u010delnik Kordi\u0107 uslikan kako stoji u dru\u0161tvu \u017deljka Kom\u0161i\u0107a tijekom otvaranja vjetroelektrane na Podvele\u017eju iznad Mostara. D\u017eeba ka\u017ee kako je rije\u010d o \u201czasjedi mitraljesca Kom\u0161i\u0107a\u201d.<\/p>\n\n\n\n<p>\u201cPozvati gradona\u010delnika Mostara na otvaranje vjetroparka Podvele\u017eje 1 na podru\u010dju grada Mostara je sasvim normalan \u010din, pitanje odgoja. Prije svega ku\u0107nog a onda protokolarnog, politi\u010dkog i dru\u0161tvenog. \u017divimo u ku\u0107i koja se zove Mostar a doma\u0107in kojeg smo izabrali da bude prvi je Mario Kordi\u0107. Do\u0107i u ne\u010diju ku\u0107u nenajavljen i unositi nemir je nepristojno. Pokazuje nedostatak ku\u0107nog odgoja, ali i onog politi\u010dkog i dru\u0161tvenog, ukazuje na odsustvo obraza i karaktera. Ovdje naravno mislim na \u2018mitraljesca\u2019 Kom\u0161i\u0107a koji ga je \u2018zasko\u010dio\u2019 s nametnutom rukom za fotografirano rukovanje s gradona\u010delnikom Kordi\u0107em. Opet mitraljezac iz zasjede. Trostruki kradljivac pozicije hrvatskog \u010dlana Predsjedni\u0161tva BiH glasovima Bo\u0161njaka jo\u0161 jednom je pokazao \u2018obraz\u2019 i \u2018karakter\u2019 do\u0161av\u0161i na noge gradona\u010delniku Kordi\u0107u za kojeg je, usput re\u010deno, svojevremeno govorio kako se ne smije dopustiti da tzv. \u2018UZP politike ponovno preuzmu Mosta\u2019, rekao je D\u017eeba te pri tom \u010destitao Kordi\u0107u na veli\u010dini i \u0161to nije dopustio da ovaj, kako je rekao, tat nanosi \u0161tetu i u Mostaru.<\/p>\n\n\n\n<p>Tako\u0111er, izjavio je kako su Kom\u0161i\u0107ev DF i SDA zbog vlastitih interesa blokirali imenovanje novih \u010dlanova Povjerenstva za vrijednosne papire FBiH. Ovakvim pona\u0161anjem, veli, opet su blokirali stotine milijuna maraka a na \u010dekanju je skoro 300 predmeta o kojima ovisi gospodarski i financijski \u017eivot u FBiH. Zbog ovoga investitori, tr\u017ei\u0161te kapitala i financijski sektor ima ozbiljne probleme.<\/p>\n\n\n\n<p>U vremenu kada moramo potaknuti gospodarstvo, dodao je, posebice nakon \u0161tete koju su nanijele zabrane poslovanja zbog koronavirusa, te povrh toga svega, sada imamo i dodatne probleme djelovanjem Kom\u0161i\u0107evog DF-a i pojedinaca iz SDA samo radi njihovih kadrovskih interesa.<\/p>\n\n\n\n<p>\u201cIzaslanici su u formi nacrta usvojili Zakon o poduzetni\u010dkoj infrastrukturi u Federaciji BiH. Cilj predlo\u017eenog zakonskog rje\u0161enja o kojemu \u0107e se, u skladu sa zaklju\u010dkom Doma naroda, voditi javna rasprava u trajanju od 30 dana, je da unaprje\u0111enjem poduzetni\u010dke infrastrukture u Federaciji BiH se potakne razvoj poduzetni\u0161tva i pove\u0107anje investicija. Zakonom se osigurava institucionalni okvir poduzetni\u010dke infrastrukture, prije svih poduzetni\u010dkih zona ali i prate\u0107ih institucija poput poslovnih inkubatora i razvojnih agencija.\u201d<\/p>\n\n\n\n<p>Kroz zakon se planira, poja\u0161njava, osigurati br\u017ei rast poduzetni\u0161tva i pove\u0107anje investicija te zaposlenosti unutar podru\u010dja na kojem se poduzetni\u010dka infrastruktura planira graditi. U formi nacrta usvojen je i Zakon o slobodnim zonama u Federaciji BiH s potrebom uskla\u0111ivanja i ure\u0111enja ove oblasti sa Zakonom o slobodnim zonama u Bosni i Hercegovini.<\/p>\n\n\n\n<p>Govore\u0107i o uvla\u010denju dopremijerke i ministrice financija u Vladi FBIH Jelka Mili\u0107evi\u0107 u aferu \u201cRepiratori\u201d, D\u017eeba je ocijenio kako je u optu\u017enici nedostajalo Hrvata te da je stoga u nju uklju\u010dena Mili\u0107evi\u0107.<\/p>\n\n\n\n<p>\u201cJelka Mili\u0107evi\u0107 je najsavjesniji \u010dlan aktualne Vlade FBiH te u najmanju ruku za\u010du\u0111uje da su je optu\u017eili za tzv. \u2018nesavjestan rad\u2019. Ministrica Mili\u0107evi\u0107 je javno i anga\u017eirano upozoravala protuzakonite aktivnosti od po\u010detka \u2018koronakrize\u2019. Na samome po\u010detku je upozorila javnost kako izmjene u sastavu i opsegu Federalnog sto\u017eera Civilne za\u0161tite nisu zakonski utemeljene. \u2018Zbog svega navedenog zaista je potrebito potpuno istra\u017eiti \u0161to se dogodilo jer je u pitanju novac poreznih obveznika iz prora\u010duna FBiHo, tada je istaknula. Ministrica Mili\u0107evi\u0107 je i tada upozorila javnost i nadle\u017ene kako je iz Kriznog sto\u017eera CZ FBiH izba\u010dena struka a i da mora pojasniti da relevantne i nadle\u017ene institucije u ovoj krizi nisu sudjelovale u nabavci 100 respiratora ali i ostale medicinske opreme.\u201d<\/p>\n\n\n\n<p>Podsjetio je i kako je federalni premijer Fadil Novali\u0107 bio slavodobitno izjavio: \u201eImenovan je novi Krizni \u0161tab, jer smo bili nezadovoljni radom prethodnog sastava koji je bio jako glomazan. Brojao je 21 osobu i nije odgovorio na zadatke postavljene pred njega, naro\u010dito kada je u pitanju nabavka medicinske opreme za Federaciju BiH. Novi Krizni \u0161tab FBiH brojat \u0107e samo sedam osoba.\u201c Ovo je, kazao je D\u017eeba, \u010dinjeno bez potpore hrvatskih ministara u Vladi FBiH.<\/p>\n\n\n\n<p>\u201cOvakva odluka o smanjenju Kriznog sto\u017eera CZ FBiH je prethodila \u2018korona korupciji\u2019 i nabavci 100 respiratora zbog \u010dega se vodi proces pred Sudom BiH. Kao da je pripreman \u2018teren\u2019 za posao oko respiratora. U cijelom tom vremenu u potpunosti je izba\u010dena razina zakonodavne vlasti u FBiH. U ovom slu\u010daju od po\u010detka se radi pritisak na pravosu\u0111e od strane pojedinih bo\u0161nja\u010dkih politi\u010dara. Mi od rata nismo imali ovakvo izravno uplitanje u pravosudni proces, pritisak i napade na Tu\u017eiteljstvo BiH i glavnu tu\u017eiteljicu od strane Bakira Izetbegovi\u0107a i \u0160efika D\u017eaferovi\u0107a koji ovu aferu i kriminal oko nabavke respiratora \u017eele odvesti na nacionalni teren gdje su tobo\u017ee svi Bo\u0161njaci ugro\u017eeni i gonjeni. \u017dele predstaviti da je utvr\u0111ivanje kriminala oko nabavke respiratora napad na Bo\u0161njake u BiH \u0161to je u biti poku\u0161aj \u2018zamagljivanja\u2019 cijele afere, a tako\u0111er \u017eele da Vlada FBiH kao kolektivno tijelo bude odgovorno poku\u0161avaju\u0107i sakriti trojac Novali\u0107-Solak-Hod\u017ei\u0107.\u201d<\/p>\n\n\n\n<p>D\u017eeba smatra kako brane\u0107i vlastite kadrove u aferama, brane\u0107i ratne zlo\u010dine tzv. Armije BiH, brane\u0107i gospodarski kriminal pojedinih \u010dlanova SDA, Izetbegovi\u0107 ide u minimiziranje razmjera zlo\u010dina i nedjela.<\/p>\n\n\n\n<p>\u201cNa \u017ealost, pred sam kraj formiranja predmeta Tu\u017eiteljstvo je ubacilo i ministricu Jelku Mili\u010devi\u0107 u proces, jer je eto mo\u017eda nedostajao Hrvat u cijeloj pri\u010di.\u201d<\/p>\n\n\n\n<p>\/HMS\/<\/p>\n","protected":false},"excerpt":{"rendered":"<p>Gradona\u010delnik Mostara Mario Kordi\u0107 je izvrsno po\u010deo svoj mandat u tomu mu svi mi trebamo pomo\u0107i, rekao je u intervjuu za portal Politika24 izaslanik u Domu naroda Parlamenta FBiH Damir D\u017eeba. D\u017eeba, du\u017enosnik HDZ-a BiH, u intervjuu za Politika24 je govorio o rada Gradskog vije\u0107a Mostara i gradona\u010delnika Kordi\u0107a, objasnio je \u0161to se doga\u0111alo na [&hellip;]<\/p>\n","protected":false},"author":2,"featured_media":3216,"comment_status":"closed","ping_status":"closed","sticky":false,"template":"","format":"standard","meta":{"h5ap_radio_sources":[],"footnotes":""},"categories":[1],"tags":[],"class_list":["post-3215","post","type-post","status-publish","format-standard","has-post-thumbnail","hentry","category-bihiregija"],"yoast_head":"<!-- This site is optimized with the Yoast SEO plugin v27.5 - https:\/\/yoast.com\/product\/yoast-seo-wordpress\/ -->\n<title>D\u017eeba: SDA i DF blokiraju gospodarstvo, gradona\u010delnika Kordi\u0107a \u201cmitraljezac\u201d Kom\u0161i\u0107 napao iz zasjede - RADIO LJUBU\u0160KI<\/title>\n<meta name=\"robots\" content=\"index, follow, max-snippet:-1, max-image-preview:large, max-video-preview:-1\" \/>\n<link rel=\"canonical\" href=\"https:\/\/radioljubuski.ba\/index.php\/2021\/03\/13\/dzeba-sda-i-df-blokiraju-gospodarstvo-gradonacelnika-kordica-mitraljezac-komsic-napao-iz-zasjede\/\" \/>\n<meta property=\"og:locale\" content=\"hr_HR\" \/>\n<meta property=\"og:type\" content=\"article\" \/>\n<meta property=\"og:title\" content=\"D\u017eeba: SDA i DF blokiraju gospodarstvo, gradona\u010delnika Kordi\u0107a \u201cmitraljezac\u201d Kom\u0161i\u0107 napao iz zasjede - RADIO LJUBU\u0160KI\" \/>\n<meta property=\"og:description\" content=\"Gradona\u010delnik Mostara Mario Kordi\u0107 je izvrsno po\u010deo svoj mandat u tomu mu svi mi trebamo pomo\u0107i, rekao je u intervjuu za portal Politika24 izaslanik u Domu naroda Parlamenta FBiH Damir D\u017eeba. D\u017eeba, du\u017enosnik HDZ-a BiH, u intervjuu za Politika24 je govorio o rada Gradskog vije\u0107a Mostara i gradona\u010delnika Kordi\u0107a, objasnio je \u0161to se doga\u0111alo na [&hellip;]\" \/>\n<meta property=\"og:url\" content=\"https:\/\/radioljubuski.ba\/index.php\/2021\/03\/13\/dzeba-sda-i-df-blokiraju-gospodarstvo-gradonacelnika-kordica-mitraljezac-komsic-napao-iz-zasjede\/\" \/>\n<meta property=\"og:site_name\" content=\"RADIO LJUBU\u0160KI\" \/>\n<meta property=\"article:publisher\" content=\"https:\/\/www.facebook.com\/Radiio-Ljubuski-1490835324566332\" \/>\n<meta property=\"article:published_time\" content=\"2021-03-13T00:20:30+00:00\" \/>\n<meta property=\"article:modified_time\" content=\"2021-03-13T00:20:31+00:00\" \/>\n<meta property=\"og:image\" content=\"https:\/\/radioljubuski.ba\/wp-content\/uploads\/2021\/03\/Dzeba-Ured-HDZBiH-1.jpg\" \/>\n\t<meta property=\"og:image:width\" content=\"800\" \/>\n\t<meta property=\"og:image:height\" content=\"447\" \/>\n\t<meta property=\"og:image:type\" content=\"image\/jpeg\" \/>\n<meta name=\"author\" content=\"Radio Ljubu\u0161ki\" \/>\n<meta name=\"twitter:card\" content=\"summary_large_image\" \/>\n<meta name=\"twitter:creator\" content=\"@radioljubuski\" \/>\n<meta name=\"twitter:site\" content=\"@radioljubuski\" \/>\n<meta name=\"twitter:label1\" content=\"Napisao\/la\" \/>\n\t<meta name=\"twitter:data1\" content=\"Radio Ljubu\u0161ki\" \/>\n\t<meta name=\"twitter:label2\" content=\"Procijenjeno vrijeme \u010ditanja\" \/>\n\t<meta name=\"twitter:data2\" content=\"5 minuta\" \/>\n<script type=\"application\/ld+json\" class=\"yoast-schema-graph\">{\"@context\":\"https:\\\/\\\/schema.org\",\"@graph\":[{\"@type\":\"Article\",\"@id\":\"https:\\\/\\\/radioljubuski.ba\\\/index.php\\\/2021\\\/03\\\/13\\\/dzeba-sda-i-df-blokiraju-gospodarstvo-gradonacelnika-kordica-mitraljezac-komsic-napao-iz-zasjede\\\/#article\",\"isPartOf\":{\"@id\":\"https:\\\/\\\/radioljubuski.ba\\\/index.php\\\/2021\\\/03\\\/13\\\/dzeba-sda-i-df-blokiraju-gospodarstvo-gradonacelnika-kordica-mitraljezac-komsic-napao-iz-zasjede\\\/\"},\"author\":{\"name\":\"Radio Ljubu\u0161ki\",\"@id\":\"https:\\\/\\\/radioljubuski.ba\\\/#\\\/schema\\\/person\\\/19fc700381a780f69665d7956c469e3b\"},\"headline\":\"D\u017eeba: SDA i DF blokiraju gospodarstvo, gradona\u010delnika Kordi\u0107a \u201cmitraljezac\u201d Kom\u0161i\u0107 napao iz zasjede\",\"datePublished\":\"2021-03-13T00:20:30+00:00\",\"dateModified\":\"2021-03-13T00:20:31+00:00\",\"mainEntityOfPage\":{\"@id\":\"https:\\\/\\\/radioljubuski.ba\\\/index.php\\\/2021\\\/03\\\/13\\\/dzeba-sda-i-df-blokiraju-gospodarstvo-gradonacelnika-kordica-mitraljezac-komsic-napao-iz-zasjede\\\/\"},\"wordCount\":1090,\"publisher\":{\"@id\":\"https:\\\/\\\/radioljubuski.ba\\\/#organization\"},\"image\":{\"@id\":\"https:\\\/\\\/radioljubuski.ba\\\/index.php\\\/2021\\\/03\\\/13\\\/dzeba-sda-i-df-blokiraju-gospodarstvo-gradonacelnika-kordica-mitraljezac-komsic-napao-iz-zasjede\\\/#primaryimage\"},\"thumbnailUrl\":\"https:\\\/\\\/radioljubuski.ba\\\/wp-content\\\/uploads\\\/2021\\\/03\\\/Dzeba-Ured-HDZBiH-1.jpg\",\"articleSection\":[\"BIH i regija\"],\"inLanguage\":\"hr\"},{\"@type\":\"WebPage\",\"@id\":\"https:\\\/\\\/radioljubuski.ba\\\/index.php\\\/2021\\\/03\\\/13\\\/dzeba-sda-i-df-blokiraju-gospodarstvo-gradonacelnika-kordica-mitraljezac-komsic-napao-iz-zasjede\\\/\",\"url\":\"https:\\\/\\\/radioljubuski.ba\\\/index.php\\\/2021\\\/03\\\/13\\\/dzeba-sda-i-df-blokiraju-gospodarstvo-gradonacelnika-kordica-mitraljezac-komsic-napao-iz-zasjede\\\/\",\"name\":\"D\u017eeba: SDA i DF blokiraju gospodarstvo, gradona\u010delnika Kordi\u0107a \u201cmitraljezac\u201d Kom\u0161i\u0107 napao iz zasjede - RADIO LJUBU\u0160KI\",\"isPartOf\":{\"@id\":\"https:\\\/\\\/radioljubuski.ba\\\/#website\"},\"primaryImageOfPage\":{\"@id\":\"https:\\\/\\\/radioljubuski.ba\\\/index.php\\\/2021\\\/03\\\/13\\\/dzeba-sda-i-df-blokiraju-gospodarstvo-gradonacelnika-kordica-mitraljezac-komsic-napao-iz-zasjede\\\/#primaryimage\"},\"image\":{\"@id\":\"https:\\\/\\\/radioljubuski.ba\\\/index.php\\\/2021\\\/03\\\/13\\\/dzeba-sda-i-df-blokiraju-gospodarstvo-gradonacelnika-kordica-mitraljezac-komsic-napao-iz-zasjede\\\/#primaryimage\"},\"thumbnailUrl\":\"https:\\\/\\\/radioljubuski.ba\\\/wp-content\\\/uploads\\\/2021\\\/03\\\/Dzeba-Ured-HDZBiH-1.jpg\",\"datePublished\":\"2021-03-13T00:20:30+00:00\",\"dateModified\":\"2021-03-13T00:20:31+00:00\",\"breadcrumb\":{\"@id\":\"https:\\\/\\\/radioljubuski.ba\\\/index.php\\\/2021\\\/03\\\/13\\\/dzeba-sda-i-df-blokiraju-gospodarstvo-gradonacelnika-kordica-mitraljezac-komsic-napao-iz-zasjede\\\/#breadcrumb\"},\"inLanguage\":\"hr\",\"potentialAction\":[{\"@type\":\"ReadAction\",\"target\":[\"https:\\\/\\\/radioljubuski.ba\\\/index.php\\\/2021\\\/03\\\/13\\\/dzeba-sda-i-df-blokiraju-gospodarstvo-gradonacelnika-kordica-mitraljezac-komsic-napao-iz-zasjede\\\/\"]}]},{\"@type\":\"ImageObject\",\"inLanguage\":\"hr\",\"@id\":\"https:\\\/\\\/radioljubuski.ba\\\/index.php\\\/2021\\\/03\\\/13\\\/dzeba-sda-i-df-blokiraju-gospodarstvo-gradonacelnika-kordica-mitraljezac-komsic-napao-iz-zasjede\\\/#primaryimage\",\"url\":\"https:\\\/\\\/radioljubuski.ba\\\/wp-content\\\/uploads\\\/2021\\\/03\\\/Dzeba-Ured-HDZBiH-1.jpg\",\"contentUrl\":\"https:\\\/\\\/radioljubuski.ba\\\/wp-content\\\/uploads\\\/2021\\\/03\\\/Dzeba-Ured-HDZBiH-1.jpg\",\"width\":800,\"height\":447},{\"@type\":\"BreadcrumbList\",\"@id\":\"https:\\\/\\\/radioljubuski.ba\\\/index.php\\\/2021\\\/03\\\/13\\\/dzeba-sda-i-df-blokiraju-gospodarstvo-gradonacelnika-kordica-mitraljezac-komsic-napao-iz-zasjede\\\/#breadcrumb\",\"itemListElement\":[{\"@type\":\"ListItem\",\"position\":1,\"name\":\"Po\u010detna stranica\",\"item\":\"https:\\\/\\\/radioljubuski.ba\\\/\"},{\"@type\":\"ListItem\",\"position\":2,\"name\":\"D\u017eeba: SDA i DF blokiraju gospodarstvo, gradona\u010delnika Kordi\u0107a \u201cmitraljezac\u201d Kom\u0161i\u0107 napao iz zasjede\"}]},{\"@type\":\"WebSite\",\"@id\":\"https:\\\/\\\/radioljubuski.ba\\\/#website\",\"url\":\"https:\\\/\\\/radioljubuski.ba\\\/\",\"name\":\"Radio Ljubu\u0161ki\",\"description\":\"Sun\u010dana frekvencija Hercegovine\",\"publisher\":{\"@id\":\"https:\\\/\\\/radioljubuski.ba\\\/#organization\"},\"potentialAction\":[{\"@type\":\"SearchAction\",\"target\":{\"@type\":\"EntryPoint\",\"urlTemplate\":\"https:\\\/\\\/radioljubuski.ba\\\/?s={search_term_string}\"},\"query-input\":{\"@type\":\"PropertyValueSpecification\",\"valueRequired\":true,\"valueName\":\"search_term_string\"}}],\"inLanguage\":\"hr\"},{\"@type\":\"Organization\",\"@id\":\"https:\\\/\\\/radioljubuski.ba\\\/#organization\",\"name\":\"Radio Ljubu\u0161ki\",\"url\":\"https:\\\/\\\/radioljubuski.ba\\\/\",\"logo\":{\"@type\":\"ImageObject\",\"inLanguage\":\"hr\",\"@id\":\"https:\\\/\\\/radioljubuski.ba\\\/#\\\/schema\\\/logo\\\/image\\\/\",\"url\":\"https:\\\/\\\/radioljubuski.ba\\\/wp-content\\\/uploads\\\/2021\\\/02\\\/cropped-Radio_Ljubuski_logo1.jpg\",\"contentUrl\":\"https:\\\/\\\/radioljubuski.ba\\\/wp-content\\\/uploads\\\/2021\\\/02\\\/cropped-Radio_Ljubuski_logo1.jpg\",\"width\":512,\"height\":512,\"caption\":\"Radio Ljubu\u0161ki\"},\"image\":{\"@id\":\"https:\\\/\\\/radioljubuski.ba\\\/#\\\/schema\\\/logo\\\/image\\\/\"},\"sameAs\":[\"https:\\\/\\\/www.facebook.com\\\/Radiio-Ljubuski-1490835324566332\",\"https:\\\/\\\/x.com\\\/radioljubuski\",\"https:\\\/\\\/hr.linkedin.com\\\/company\\\/radio-ljubuski\",\"https:\\\/\\\/www.youtube.com\\\/channel\\\/UCHYaeO_n0Db3tjNGudGpXyw\"]},{\"@type\":\"Person\",\"@id\":\"https:\\\/\\\/radioljubuski.ba\\\/#\\\/schema\\\/person\\\/19fc700381a780f69665d7956c469e3b\",\"name\":\"Radio Ljubu\u0161ki\"}]}<\/script>\n<!-- \/ Yoast SEO plugin. -->","yoast_head_json":{"title":"D\u017eeba: SDA i DF blokiraju gospodarstvo, gradona\u010delnika Kordi\u0107a \u201cmitraljezac\u201d Kom\u0161i\u0107 napao iz zasjede - RADIO LJUBU\u0160KI","robots":{"index":"index","follow":"follow","max-snippet":"max-snippet:-1","max-image-preview":"max-image-preview:large","max-video-preview":"max-video-preview:-1"},"canonical":"https:\/\/radioljubuski.ba\/index.php\/2021\/03\/13\/dzeba-sda-i-df-blokiraju-gospodarstvo-gradonacelnika-kordica-mitraljezac-komsic-napao-iz-zasjede\/","og_locale":"hr_HR","og_type":"article","og_title":"D\u017eeba: SDA i DF blokiraju gospodarstvo, gradona\u010delnika Kordi\u0107a \u201cmitraljezac\u201d Kom\u0161i\u0107 napao iz zasjede - RADIO LJUBU\u0160KI","og_description":"Gradona\u010delnik Mostara Mario Kordi\u0107 je izvrsno po\u010deo svoj mandat u tomu mu svi mi trebamo pomo\u0107i, rekao je u intervjuu za portal Politika24 izaslanik u Domu naroda Parlamenta FBiH Damir D\u017eeba. D\u017eeba, du\u017enosnik HDZ-a BiH, u intervjuu za Politika24 je govorio o rada Gradskog vije\u0107a Mostara i gradona\u010delnika Kordi\u0107a, objasnio je \u0161to se doga\u0111alo na [&hellip;]","og_url":"https:\/\/radioljubuski.ba\/index.php\/2021\/03\/13\/dzeba-sda-i-df-blokiraju-gospodarstvo-gradonacelnika-kordica-mitraljezac-komsic-napao-iz-zasjede\/","og_site_name":"RADIO LJUBU\u0160KI","article_publisher":"https:\/\/www.facebook.com\/Radiio-Ljubuski-1490835324566332","article_published_time":"2021-03-13T00:20:30+00:00","article_modified_time":"2021-03-13T00:20:31+00:00","og_image":[{"width":800,"height":447,"url":"https:\/\/radioljubuski.ba\/wp-content\/uploads\/2021\/03\/Dzeba-Ured-HDZBiH-1.jpg","type":"image\/jpeg"}],"author":"Radio Ljubu\u0161ki","twitter_card":"summary_large_image","twitter_creator":"@radioljubuski","twitter_site":"@radioljubuski","twitter_misc":{"Napisao\/la":"Radio Ljubu\u0161ki","Procijenjeno vrijeme \u010ditanja":"5 minuta"},"schema":{"@context":"https:\/\/schema.org","@graph":[{"@type":"Article","@id":"https:\/\/radioljubuski.ba\/index.php\/2021\/03\/13\/dzeba-sda-i-df-blokiraju-gospodarstvo-gradonacelnika-kordica-mitraljezac-komsic-napao-iz-zasjede\/#article","isPartOf":{"@id":"https:\/\/radioljubuski.ba\/index.php\/2021\/03\/13\/dzeba-sda-i-df-blokiraju-gospodarstvo-gradonacelnika-kordica-mitraljezac-komsic-napao-iz-zasjede\/"},"author":{"name":"Radio Ljubu\u0161ki","@id":"https:\/\/radioljubuski.ba\/#\/schema\/person\/19fc700381a780f69665d7956c469e3b"},"headline":"D\u017eeba: SDA i DF blokiraju gospodarstvo, gradona\u010delnika Kordi\u0107a \u201cmitraljezac\u201d Kom\u0161i\u0107 napao iz zasjede","datePublished":"2021-03-13T00:20:30+00:00","dateModified":"2021-03-13T00:20:31+00:00","mainEntityOfPage":{"@id":"https:\/\/radioljubuski.ba\/index.php\/2021\/03\/13\/dzeba-sda-i-df-blokiraju-gospodarstvo-gradonacelnika-kordica-mitraljezac-komsic-napao-iz-zasjede\/"},"wordCount":1090,"publisher":{"@id":"https:\/\/radioljubuski.ba\/#organization"},"image":{"@id":"https:\/\/radioljubuski.ba\/index.php\/2021\/03\/13\/dzeba-sda-i-df-blokiraju-gospodarstvo-gradonacelnika-kordica-mitraljezac-komsic-napao-iz-zasjede\/#primaryimage"},"thumbnailUrl":"https:\/\/radioljubuski.ba\/wp-content\/uploads\/2021\/03\/Dzeba-Ured-HDZBiH-1.jpg","articleSection":["BIH i regija"],"inLanguage":"hr"},{"@type":"WebPage","@id":"https:\/\/radioljubuski.ba\/index.php\/2021\/03\/13\/dzeba-sda-i-df-blokiraju-gospodarstvo-gradonacelnika-kordica-mitraljezac-komsic-napao-iz-zasjede\/","url":"https:\/\/radioljubuski.ba\/index.php\/2021\/03\/13\/dzeba-sda-i-df-blokiraju-gospodarstvo-gradonacelnika-kordica-mitraljezac-komsic-napao-iz-zasjede\/","name":"D\u017eeba: SDA i DF blokiraju gospodarstvo, gradona\u010delnika Kordi\u0107a \u201cmitraljezac\u201d Kom\u0161i\u0107 napao iz zasjede - RADIO LJUBU\u0160KI","isPartOf":{"@id":"https:\/\/radioljubuski.ba\/#website"},"primaryImageOfPage":{"@id":"https:\/\/radioljubuski.ba\/index.php\/2021\/03\/13\/dzeba-sda-i-df-blokiraju-gospodarstvo-gradonacelnika-kordica-mitraljezac-komsic-napao-iz-zasjede\/#primaryimage"},"image":{"@id":"https:\/\/radioljubuski.ba\/index.php\/2021\/03\/13\/dzeba-sda-i-df-blokiraju-gospodarstvo-gradonacelnika-kordica-mitraljezac-komsic-napao-iz-zasjede\/#primaryimage"},"thumbnailUrl":"https:\/\/radioljubuski.ba\/wp-content\/uploads\/2021\/03\/Dzeba-Ured-HDZBiH-1.jpg","datePublished":"2021-03-13T00:20:30+00:00","dateModified":"2021-03-13T00:20:31+00:00","breadcrumb":{"@id":"https:\/\/radioljubuski.ba\/index.php\/2021\/03\/13\/dzeba-sda-i-df-blokiraju-gospodarstvo-gradonacelnika-kordica-mitraljezac-komsic-napao-iz-zasjede\/#breadcrumb"},"inLanguage":"hr","potentialAction":[{"@type":"ReadAction","target":["https:\/\/radioljubuski.ba\/index.php\/2021\/03\/13\/dzeba-sda-i-df-blokiraju-gospodarstvo-gradonacelnika-kordica-mitraljezac-komsic-napao-iz-zasjede\/"]}]},{"@type":"ImageObject","inLanguage":"hr","@id":"https:\/\/radioljubuski.ba\/index.php\/2021\/03\/13\/dzeba-sda-i-df-blokiraju-gospodarstvo-gradonacelnika-kordica-mitraljezac-komsic-napao-iz-zasjede\/#primaryimage","url":"https:\/\/radioljubuski.ba\/wp-content\/uploads\/2021\/03\/Dzeba-Ured-HDZBiH-1.jpg","contentUrl":"https:\/\/radioljubuski.ba\/wp-content\/uploads\/2021\/03\/Dzeba-Ured-HDZBiH-1.jpg","width":800,"height":447},{"@type":"BreadcrumbList","@id":"https:\/\/radioljubuski.ba\/index.php\/2021\/03\/13\/dzeba-sda-i-df-blokiraju-gospodarstvo-gradonacelnika-kordica-mitraljezac-komsic-napao-iz-zasjede\/#breadcrumb","itemListElement":[{"@type":"ListItem","position":1,"name":"Po\u010detna stranica","item":"https:\/\/radioljubuski.ba\/"},{"@type":"ListItem","position":2,"name":"D\u017eeba: SDA i DF blokiraju gospodarstvo, gradona\u010delnika Kordi\u0107a \u201cmitraljezac\u201d Kom\u0161i\u0107 napao iz zasjede"}]},{"@type":"WebSite","@id":"https:\/\/radioljubuski.ba\/#website","url":"https:\/\/radioljubuski.ba\/","name":"Radio Ljubu\u0161ki","description":"Sun\u010dana frekvencija Hercegovine","publisher":{"@id":"https:\/\/radioljubuski.ba\/#organization"},"potentialAction":[{"@type":"SearchAction","target":{"@type":"EntryPoint","urlTemplate":"https:\/\/radioljubuski.ba\/?s={search_term_string}"},"query-input":{"@type":"PropertyValueSpecification","valueRequired":true,"valueName":"search_term_string"}}],"inLanguage":"hr"},{"@type":"Organization","@id":"https:\/\/radioljubuski.ba\/#organization","name":"Radio Ljubu\u0161ki","url":"https:\/\/radioljubuski.ba\/","logo":{"@type":"ImageObject","inLanguage":"hr","@id":"https:\/\/radioljubuski.ba\/#\/schema\/logo\/image\/","url":"https:\/\/radioljubuski.ba\/wp-content\/uploads\/2021\/02\/cropped-Radio_Ljubuski_logo1.jpg","contentUrl":"https:\/\/radioljubuski.ba\/wp-content\/uploads\/2021\/02\/cropped-Radio_Ljubuski_logo1.jpg","width":512,"height":512,"caption":"Radio Ljubu\u0161ki"},"image":{"@id":"https:\/\/radioljubuski.ba\/#\/schema\/logo\/image\/"},"sameAs":["https:\/\/www.facebook.com\/Radiio-Ljubuski-1490835324566332","https:\/\/x.com\/radioljubuski","https:\/\/hr.linkedin.com\/company\/radio-ljubuski","https:\/\/www.youtube.com\/channel\/UCHYaeO_n0Db3tjNGudGpXyw"]},{"@type":"Person","@id":"https:\/\/radioljubuski.ba\/#\/schema\/person\/19fc700381a780f69665d7956c469e3b","name":"Radio Ljubu\u0161ki"}]}},"_links":{"self":[{"href":"https:\/\/radioljubuski.ba\/index.php\/wp-json\/wp\/v2\/posts\/3215","targetHints":{"allow":["GET"]}}],"collection":[{"href":"https:\/\/radioljubuski.ba\/index.php\/wp-json\/wp\/v2\/posts"}],"about":[{"href":"https:\/\/radioljubuski.ba\/index.php\/wp-json\/wp\/v2\/types\/post"}],"author":[{"embeddable":true,"href":"https:\/\/radioljubuski.ba\/index.php\/wp-json\/wp\/v2\/users\/2"}],"replies":[{"embeddable":true,"href":"https:\/\/radioljubuski.ba\/index.php\/wp-json\/wp\/v2\/comments?post=3215"}],"version-history":[{"count":1,"href":"https:\/\/radioljubuski.ba\/index.php\/wp-json\/wp\/v2\/posts\/3215\/revisions"}],"predecessor-version":[{"id":3217,"href":"https:\/\/radioljubuski.ba\/index.php\/wp-json\/wp\/v2\/posts\/3215\/revisions\/3217"}],"wp:featuredmedia":[{"embeddable":true,"href":"https:\/\/radioljubuski.ba\/index.php\/wp-json\/wp\/v2\/media\/3216"}],"wp:attachment":[{"href":"https:\/\/radioljubuski.ba\/index.php\/wp-json\/wp\/v2\/media?parent=3215"}],"wp:term":[{"taxonomy":"category","embeddable":true,"href":"https:\/\/radioljubuski.ba\/index.php\/wp-json\/wp\/v2\/categories?post=3215"},{"taxonomy":"post_tag","embeddable":true,"href":"https:\/\/radioljubuski.ba\/index.php\/wp-json\/wp\/v2\/tags?post=3215"}],"curies":[{"name":"wp","href":"https:\/\/api.w.org\/{rel}","templated":true}]}}