{"id":3230,"date":"2021-03-13T02:18:29","date_gmt":"2021-03-13T01:18:29","guid":{"rendered":"https:\/\/radioljubuski.ba\/?p=3230"},"modified":"2021-03-13T02:18:30","modified_gmt":"2021-03-13T01:18:30","slug":"u-sarajevskoj-zupaniji-poceo-lockdown-otvaranje-u-ponedjeljak-ujutro","status":"publish","type":"post","link":"https:\/\/radioljubuski.ba\/index.php\/2021\/03\/13\/u-sarajevskoj-zupaniji-poceo-lockdown-otvaranje-u-ponedjeljak-ujutro\/","title":{"rendered":"U Sarajevskoj \u017eupaniji po\u010deo lockdown, otvaranje u ponedjeljak ujutro"},"content":{"rendered":"\n<p>Sarajevska \u017eupanija je sino\u0107 od 20 sati slu\u017ebeno u djelomi\u010dnom lockdownu koji \u0107e biti zavr\u0161en u ponedjeljak, 15. o\u017eujka u 7 sati ujutro.<\/p>\n\n\n\n<p>U naredna dva dana ne\u0107e raditi ve\u0107ina poslovnih objekata poput kafi\u0107a, restorana, tr\u017enih centara, frizerskih salona&#8230; Vlada S\u017d je mjeru o uvo\u0111enju lockdowna donijela 8. o\u017eujka, a sve u cilju suzbijanja \u0161irenja koronavirusa s obzirom na jako lo\u0161u epidemiolo\u0161ku sliku i veliki broj hospitaliziranih i zara\u017eenih osoba.<\/p>\n\n\n\n<p>Nove mjere se odnose ve\u0107iom na poslovne subjekte kojima se zabranjuje rad u navedenom razdoblju.<\/p>\n\n\n\n<p>Stanovnicima S\u017d kretanje je dozvoljeno od 05:00 do 23:00 sati, a tIijekom vikenda radit \u0107e javni prijevoz. Iz inspekcije je najavljeno da \u0107e kontrole biti uskla\u0111ene s posljednjim nalo\u017eenim mjerama. Policijski slu\u017ebenici Uprave policije S\u017d \u0107e pratiti i pru\u017eati podr\u0161ku u radu inspektorima s ciljem za\u0161tite javnog interesa. Poslovni subjekti se pozivaju na suradnju, razumijevanje i po\u0161tivanje propisanih mjera u ovom te\u0161kom epidemiolo\u0161kom trenutku u glavnom gradu BiH. S obzirom da ove mjere nisu na snazi u drugim \u017eupanijama u FBiH i RS-u veliki broj gra\u0111ana iz Sarajeva planira provesti vikend izvan glavnog grada.<\/p>\n\n\n\n<p>No podsje\u0107a se kako su u Isto\u010dnom Sarajevu upravo iz ovog razloga najavljene stroge kontrole. Krizni sto\u017eer, vlasti i zdravstveni radnici apeliraju na sve gra\u0111ane da maksimalno po\u0161tuju sve nalo\u017eene preporuke i mjere, a to podrazumijeva da smanje kretanje, ne odlaze na mjesta gdje su gu\u017eve, nose za\u0161titne maske, dr\u017ee fizi\u010dku distancu i redovito peru ruke. Gra\u0111anima je preporu\u010deno da ukoliko se ne osje\u0107aju dobro, ostanu ku\u0107i, ne odlaze na posao i da se obvezno jave svom lije\u010dniku. Iz naredbe o lockdownu su izuzeti sljede\u0107i poslovni subjekti:<\/p>\n\n\n\n<p>*trgovine prehrambenim proizvodima i pekare<\/p>\n\n\n\n<p>*ljekarne<\/p>\n\n\n\n<p>*benzinske crpke<\/p>\n\n\n\n<p>*trgovine hrane za \u017eivotinje<\/p>\n\n\n\n<p>*specijalizirane trgovine medicinskih sredstava, veterinarskih proizvoda i opreme<\/p>\n\n\n\n<p>*subjekti koji obavljaju djelatnosti zdravstvene za\u0161tite i socijalne skrbi<\/p>\n\n\n\n<p>*subjekti koji obavljaju veterinarske djelatnosti<\/p>\n\n\n\n<p>*\u017eupanijska javna komunalna poduze\u0107a i \u017eupanijska javna poduze\u0107a<\/p>\n\n\n\n<p>*zra\u010dna luka<\/p>\n\n\n\n<p>*kopneni prijevoz i ostale pomo\u0107ne djelatnosti u prijevozu<\/p>\n\n\n\n<p>*hoteli i sli\u010dan smje\u0161taj uz poslu\u017eivanje hrane samo za goste koji imaju prijavljen boravak<\/p>\n\n\n\n<p>*subjekti koji se bave proizvodnom djelatnosti<\/p>\n\n\n\n<p>*subjekti koji se bave pogrebnim i srodnim djelatnostima<\/p>\n\n\n\n<p>*gradili\u0161ta<\/p>\n\n\n\n<p>Osim toga, u ovom razdoblju dozvoljen je rad javnih kuhinja, kao i priprema i dostava hrane i pi\u0107a do 23 sata (uz po\u0161tivanje higijenskih i epidemiolo\u0161kih mjera). Sportska natjecanja i treninzi tako\u0111er su dozvoljeni, ali bez prisutnosti publike. U S\u017d jutros je bilo aktivno 4.086 slu\u010dajeva, a u samoizolaciji se nalazi 5.682 osoba, prenosi N1.<\/p>\n\n\n\n<p>Izvor:N1<\/p>\n","protected":false},"excerpt":{"rendered":"<p>Sarajevska \u017eupanija je sino\u0107 od 20 sati slu\u017ebeno u djelomi\u010dnom lockdownu koji \u0107e biti zavr\u0161en u ponedjeljak, 15. o\u017eujka u 7 sati ujutro. U naredna dva dana ne\u0107e raditi ve\u0107ina poslovnih objekata poput kafi\u0107a, restorana, tr\u017enih centara, frizerskih salona&#8230; Vlada S\u017d je mjeru o uvo\u0111enju lockdowna donijela 8. o\u017eujka, a sve u cilju suzbijanja \u0161irenja [&hellip;]<\/p>\n","protected":false},"author":2,"featured_media":3231,"comment_status":"closed","ping_status":"closed","sticky":false,"template":"","format":"standard","meta":{"h5ap_radio_sources":[],"footnotes":""},"categories":[1],"tags":[],"class_list":["post-3230","post","type-post","status-publish","format-standard","has-post-thumbnail","hentry","category-bihiregija"],"yoast_head":"<!-- This site is optimized with the Yoast SEO plugin v27.5 - https:\/\/yoast.com\/product\/yoast-seo-wordpress\/ -->\n<title>U Sarajevskoj \u017eupaniji po\u010deo lockdown, otvaranje u ponedjeljak ujutro - RADIO LJUBU\u0160KI<\/title>\n<meta name=\"robots\" content=\"index, follow, max-snippet:-1, max-image-preview:large, max-video-preview:-1\" \/>\n<link rel=\"canonical\" href=\"https:\/\/radioljubuski.ba\/index.php\/2021\/03\/13\/u-sarajevskoj-zupaniji-poceo-lockdown-otvaranje-u-ponedjeljak-ujutro\/\" \/>\n<meta property=\"og:locale\" content=\"hr_HR\" \/>\n<meta property=\"og:type\" content=\"article\" \/>\n<meta property=\"og:title\" content=\"U Sarajevskoj \u017eupaniji po\u010deo lockdown, otvaranje u ponedjeljak ujutro - RADIO LJUBU\u0160KI\" \/>\n<meta property=\"og:description\" content=\"Sarajevska \u017eupanija je sino\u0107 od 20 sati slu\u017ebeno u djelomi\u010dnom lockdownu koji \u0107e biti zavr\u0161en u ponedjeljak, 15. o\u017eujka u 7 sati ujutro. U naredna dva dana ne\u0107e raditi ve\u0107ina poslovnih objekata poput kafi\u0107a, restorana, tr\u017enih centara, frizerskih salona&#8230; Vlada S\u017d je mjeru o uvo\u0111enju lockdowna donijela 8. o\u017eujka, a sve u cilju suzbijanja \u0161irenja [&hellip;]\" \/>\n<meta property=\"og:url\" content=\"https:\/\/radioljubuski.ba\/index.php\/2021\/03\/13\/u-sarajevskoj-zupaniji-poceo-lockdown-otvaranje-u-ponedjeljak-ujutro\/\" \/>\n<meta property=\"og:site_name\" content=\"RADIO LJUBU\u0160KI\" \/>\n<meta property=\"article:publisher\" content=\"https:\/\/www.facebook.com\/Radiio-Ljubuski-1490835324566332\" \/>\n<meta property=\"article:published_time\" content=\"2021-03-13T01:18:29+00:00\" \/>\n<meta property=\"article:modified_time\" content=\"2021-03-13T01:18:30+00:00\" \/>\n<meta property=\"og:image\" content=\"https:\/\/radioljubuski.ba\/wp-content\/uploads\/2021\/03\/3-2021-03-12-20-25-21-n11.jpg\" \/>\n\t<meta property=\"og:image:width\" content=\"1000\" \/>\n\t<meta property=\"og:image:height\" content=\"625\" \/>\n\t<meta property=\"og:image:type\" content=\"image\/jpeg\" \/>\n<meta name=\"author\" content=\"Radio Ljubu\u0161ki\" \/>\n<meta name=\"twitter:card\" content=\"summary_large_image\" \/>\n<meta name=\"twitter:creator\" content=\"@radioljubuski\" \/>\n<meta name=\"twitter:site\" content=\"@radioljubuski\" \/>\n<meta name=\"twitter:label1\" content=\"Napisao\/la\" \/>\n\t<meta name=\"twitter:data1\" content=\"Radio Ljubu\u0161ki\" \/>\n\t<meta name=\"twitter:label2\" content=\"Procijenjeno vrijeme \u010ditanja\" \/>\n\t<meta name=\"twitter:data2\" content=\"2 minute\" \/>\n<script type=\"application\/ld+json\" class=\"yoast-schema-graph\">{\"@context\":\"https:\\\/\\\/schema.org\",\"@graph\":[{\"@type\":\"Article\",\"@id\":\"https:\\\/\\\/radioljubuski.ba\\\/index.php\\\/2021\\\/03\\\/13\\\/u-sarajevskoj-zupaniji-poceo-lockdown-otvaranje-u-ponedjeljak-ujutro\\\/#article\",\"isPartOf\":{\"@id\":\"https:\\\/\\\/radioljubuski.ba\\\/index.php\\\/2021\\\/03\\\/13\\\/u-sarajevskoj-zupaniji-poceo-lockdown-otvaranje-u-ponedjeljak-ujutro\\\/\"},\"author\":{\"name\":\"Radio Ljubu\u0161ki\",\"@id\":\"https:\\\/\\\/radioljubuski.ba\\\/#\\\/schema\\\/person\\\/19fc700381a780f69665d7956c469e3b\"},\"headline\":\"U Sarajevskoj \u017eupaniji po\u010deo lockdown, otvaranje u ponedjeljak ujutro\",\"datePublished\":\"2021-03-13T01:18:29+00:00\",\"dateModified\":\"2021-03-13T01:18:30+00:00\",\"mainEntityOfPage\":{\"@id\":\"https:\\\/\\\/radioljubuski.ba\\\/index.php\\\/2021\\\/03\\\/13\\\/u-sarajevskoj-zupaniji-poceo-lockdown-otvaranje-u-ponedjeljak-ujutro\\\/\"},\"wordCount\":459,\"publisher\":{\"@id\":\"https:\\\/\\\/radioljubuski.ba\\\/#organization\"},\"image\":{\"@id\":\"https:\\\/\\\/radioljubuski.ba\\\/index.php\\\/2021\\\/03\\\/13\\\/u-sarajevskoj-zupaniji-poceo-lockdown-otvaranje-u-ponedjeljak-ujutro\\\/#primaryimage\"},\"thumbnailUrl\":\"https:\\\/\\\/radioljubuski.ba\\\/wp-content\\\/uploads\\\/2021\\\/03\\\/3-2021-03-12-20-25-21-n11.jpg\",\"articleSection\":[\"BIH i regija\"],\"inLanguage\":\"hr\"},{\"@type\":\"WebPage\",\"@id\":\"https:\\\/\\\/radioljubuski.ba\\\/index.php\\\/2021\\\/03\\\/13\\\/u-sarajevskoj-zupaniji-poceo-lockdown-otvaranje-u-ponedjeljak-ujutro\\\/\",\"url\":\"https:\\\/\\\/radioljubuski.ba\\\/index.php\\\/2021\\\/03\\\/13\\\/u-sarajevskoj-zupaniji-poceo-lockdown-otvaranje-u-ponedjeljak-ujutro\\\/\",\"name\":\"U Sarajevskoj \u017eupaniji po\u010deo lockdown, otvaranje u ponedjeljak ujutro - RADIO LJUBU\u0160KI\",\"isPartOf\":{\"@id\":\"https:\\\/\\\/radioljubuski.ba\\\/#website\"},\"primaryImageOfPage\":{\"@id\":\"https:\\\/\\\/radioljubuski.ba\\\/index.php\\\/2021\\\/03\\\/13\\\/u-sarajevskoj-zupaniji-poceo-lockdown-otvaranje-u-ponedjeljak-ujutro\\\/#primaryimage\"},\"image\":{\"@id\":\"https:\\\/\\\/radioljubuski.ba\\\/index.php\\\/2021\\\/03\\\/13\\\/u-sarajevskoj-zupaniji-poceo-lockdown-otvaranje-u-ponedjeljak-ujutro\\\/#primaryimage\"},\"thumbnailUrl\":\"https:\\\/\\\/radioljubuski.ba\\\/wp-content\\\/uploads\\\/2021\\\/03\\\/3-2021-03-12-20-25-21-n11.jpg\",\"datePublished\":\"2021-03-13T01:18:29+00:00\",\"dateModified\":\"2021-03-13T01:18:30+00:00\",\"breadcrumb\":{\"@id\":\"https:\\\/\\\/radioljubuski.ba\\\/index.php\\\/2021\\\/03\\\/13\\\/u-sarajevskoj-zupaniji-poceo-lockdown-otvaranje-u-ponedjeljak-ujutro\\\/#breadcrumb\"},\"inLanguage\":\"hr\",\"potentialAction\":[{\"@type\":\"ReadAction\",\"target\":[\"https:\\\/\\\/radioljubuski.ba\\\/index.php\\\/2021\\\/03\\\/13\\\/u-sarajevskoj-zupaniji-poceo-lockdown-otvaranje-u-ponedjeljak-ujutro\\\/\"]}]},{\"@type\":\"ImageObject\",\"inLanguage\":\"hr\",\"@id\":\"https:\\\/\\\/radioljubuski.ba\\\/index.php\\\/2021\\\/03\\\/13\\\/u-sarajevskoj-zupaniji-poceo-lockdown-otvaranje-u-ponedjeljak-ujutro\\\/#primaryimage\",\"url\":\"https:\\\/\\\/radioljubuski.ba\\\/wp-content\\\/uploads\\\/2021\\\/03\\\/3-2021-03-12-20-25-21-n11.jpg\",\"contentUrl\":\"https:\\\/\\\/radioljubuski.ba\\\/wp-content\\\/uploads\\\/2021\\\/03\\\/3-2021-03-12-20-25-21-n11.jpg\",\"width\":1000,\"height\":625},{\"@type\":\"BreadcrumbList\",\"@id\":\"https:\\\/\\\/radioljubuski.ba\\\/index.php\\\/2021\\\/03\\\/13\\\/u-sarajevskoj-zupaniji-poceo-lockdown-otvaranje-u-ponedjeljak-ujutro\\\/#breadcrumb\",\"itemListElement\":[{\"@type\":\"ListItem\",\"position\":1,\"name\":\"Po\u010detna stranica\",\"item\":\"https:\\\/\\\/radioljubuski.ba\\\/\"},{\"@type\":\"ListItem\",\"position\":2,\"name\":\"U Sarajevskoj \u017eupaniji po\u010deo lockdown, otvaranje u ponedjeljak ujutro\"}]},{\"@type\":\"WebSite\",\"@id\":\"https:\\\/\\\/radioljubuski.ba\\\/#website\",\"url\":\"https:\\\/\\\/radioljubuski.ba\\\/\",\"name\":\"Radio Ljubu\u0161ki\",\"description\":\"Sun\u010dana frekvencija Hercegovine\",\"publisher\":{\"@id\":\"https:\\\/\\\/radioljubuski.ba\\\/#organization\"},\"potentialAction\":[{\"@type\":\"SearchAction\",\"target\":{\"@type\":\"EntryPoint\",\"urlTemplate\":\"https:\\\/\\\/radioljubuski.ba\\\/?s={search_term_string}\"},\"query-input\":{\"@type\":\"PropertyValueSpecification\",\"valueRequired\":true,\"valueName\":\"search_term_string\"}}],\"inLanguage\":\"hr\"},{\"@type\":\"Organization\",\"@id\":\"https:\\\/\\\/radioljubuski.ba\\\/#organization\",\"name\":\"Radio Ljubu\u0161ki\",\"url\":\"https:\\\/\\\/radioljubuski.ba\\\/\",\"logo\":{\"@type\":\"ImageObject\",\"inLanguage\":\"hr\",\"@id\":\"https:\\\/\\\/radioljubuski.ba\\\/#\\\/schema\\\/logo\\\/image\\\/\",\"url\":\"https:\\\/\\\/radioljubuski.ba\\\/wp-content\\\/uploads\\\/2021\\\/02\\\/cropped-Radio_Ljubuski_logo1.jpg\",\"contentUrl\":\"https:\\\/\\\/radioljubuski.ba\\\/wp-content\\\/uploads\\\/2021\\\/02\\\/cropped-Radio_Ljubuski_logo1.jpg\",\"width\":512,\"height\":512,\"caption\":\"Radio Ljubu\u0161ki\"},\"image\":{\"@id\":\"https:\\\/\\\/radioljubuski.ba\\\/#\\\/schema\\\/logo\\\/image\\\/\"},\"sameAs\":[\"https:\\\/\\\/www.facebook.com\\\/Radiio-Ljubuski-1490835324566332\",\"https:\\\/\\\/x.com\\\/radioljubuski\",\"https:\\\/\\\/hr.linkedin.com\\\/company\\\/radio-ljubuski\",\"https:\\\/\\\/www.youtube.com\\\/channel\\\/UCHYaeO_n0Db3tjNGudGpXyw\"]},{\"@type\":\"Person\",\"@id\":\"https:\\\/\\\/radioljubuski.ba\\\/#\\\/schema\\\/person\\\/19fc700381a780f69665d7956c469e3b\",\"name\":\"Radio Ljubu\u0161ki\"}]}<\/script>\n<!-- \/ Yoast SEO plugin. -->","yoast_head_json":{"title":"U Sarajevskoj \u017eupaniji po\u010deo lockdown, otvaranje u ponedjeljak ujutro - RADIO LJUBU\u0160KI","robots":{"index":"index","follow":"follow","max-snippet":"max-snippet:-1","max-image-preview":"max-image-preview:large","max-video-preview":"max-video-preview:-1"},"canonical":"https:\/\/radioljubuski.ba\/index.php\/2021\/03\/13\/u-sarajevskoj-zupaniji-poceo-lockdown-otvaranje-u-ponedjeljak-ujutro\/","og_locale":"hr_HR","og_type":"article","og_title":"U Sarajevskoj \u017eupaniji po\u010deo lockdown, otvaranje u ponedjeljak ujutro - RADIO LJUBU\u0160KI","og_description":"Sarajevska \u017eupanija je sino\u0107 od 20 sati slu\u017ebeno u djelomi\u010dnom lockdownu koji \u0107e biti zavr\u0161en u ponedjeljak, 15. o\u017eujka u 7 sati ujutro. U naredna dva dana ne\u0107e raditi ve\u0107ina poslovnih objekata poput kafi\u0107a, restorana, tr\u017enih centara, frizerskih salona&#8230; Vlada S\u017d je mjeru o uvo\u0111enju lockdowna donijela 8. o\u017eujka, a sve u cilju suzbijanja \u0161irenja [&hellip;]","og_url":"https:\/\/radioljubuski.ba\/index.php\/2021\/03\/13\/u-sarajevskoj-zupaniji-poceo-lockdown-otvaranje-u-ponedjeljak-ujutro\/","og_site_name":"RADIO LJUBU\u0160KI","article_publisher":"https:\/\/www.facebook.com\/Radiio-Ljubuski-1490835324566332","article_published_time":"2021-03-13T01:18:29+00:00","article_modified_time":"2021-03-13T01:18:30+00:00","og_image":[{"width":1000,"height":625,"url":"https:\/\/radioljubuski.ba\/wp-content\/uploads\/2021\/03\/3-2021-03-12-20-25-21-n11.jpg","type":"image\/jpeg"}],"author":"Radio Ljubu\u0161ki","twitter_card":"summary_large_image","twitter_creator":"@radioljubuski","twitter_site":"@radioljubuski","twitter_misc":{"Napisao\/la":"Radio Ljubu\u0161ki","Procijenjeno vrijeme \u010ditanja":"2 minute"},"schema":{"@context":"https:\/\/schema.org","@graph":[{"@type":"Article","@id":"https:\/\/radioljubuski.ba\/index.php\/2021\/03\/13\/u-sarajevskoj-zupaniji-poceo-lockdown-otvaranje-u-ponedjeljak-ujutro\/#article","isPartOf":{"@id":"https:\/\/radioljubuski.ba\/index.php\/2021\/03\/13\/u-sarajevskoj-zupaniji-poceo-lockdown-otvaranje-u-ponedjeljak-ujutro\/"},"author":{"name":"Radio Ljubu\u0161ki","@id":"https:\/\/radioljubuski.ba\/#\/schema\/person\/19fc700381a780f69665d7956c469e3b"},"headline":"U Sarajevskoj \u017eupaniji po\u010deo lockdown, otvaranje u ponedjeljak ujutro","datePublished":"2021-03-13T01:18:29+00:00","dateModified":"2021-03-13T01:18:30+00:00","mainEntityOfPage":{"@id":"https:\/\/radioljubuski.ba\/index.php\/2021\/03\/13\/u-sarajevskoj-zupaniji-poceo-lockdown-otvaranje-u-ponedjeljak-ujutro\/"},"wordCount":459,"publisher":{"@id":"https:\/\/radioljubuski.ba\/#organization"},"image":{"@id":"https:\/\/radioljubuski.ba\/index.php\/2021\/03\/13\/u-sarajevskoj-zupaniji-poceo-lockdown-otvaranje-u-ponedjeljak-ujutro\/#primaryimage"},"thumbnailUrl":"https:\/\/radioljubuski.ba\/wp-content\/uploads\/2021\/03\/3-2021-03-12-20-25-21-n11.jpg","articleSection":["BIH i regija"],"inLanguage":"hr"},{"@type":"WebPage","@id":"https:\/\/radioljubuski.ba\/index.php\/2021\/03\/13\/u-sarajevskoj-zupaniji-poceo-lockdown-otvaranje-u-ponedjeljak-ujutro\/","url":"https:\/\/radioljubuski.ba\/index.php\/2021\/03\/13\/u-sarajevskoj-zupaniji-poceo-lockdown-otvaranje-u-ponedjeljak-ujutro\/","name":"U Sarajevskoj \u017eupaniji po\u010deo lockdown, otvaranje u ponedjeljak ujutro - RADIO LJUBU\u0160KI","isPartOf":{"@id":"https:\/\/radioljubuski.ba\/#website"},"primaryImageOfPage":{"@id":"https:\/\/radioljubuski.ba\/index.php\/2021\/03\/13\/u-sarajevskoj-zupaniji-poceo-lockdown-otvaranje-u-ponedjeljak-ujutro\/#primaryimage"},"image":{"@id":"https:\/\/radioljubuski.ba\/index.php\/2021\/03\/13\/u-sarajevskoj-zupaniji-poceo-lockdown-otvaranje-u-ponedjeljak-ujutro\/#primaryimage"},"thumbnailUrl":"https:\/\/radioljubuski.ba\/wp-content\/uploads\/2021\/03\/3-2021-03-12-20-25-21-n11.jpg","datePublished":"2021-03-13T01:18:29+00:00","dateModified":"2021-03-13T01:18:30+00:00","breadcrumb":{"@id":"https:\/\/radioljubuski.ba\/index.php\/2021\/03\/13\/u-sarajevskoj-zupaniji-poceo-lockdown-otvaranje-u-ponedjeljak-ujutro\/#breadcrumb"},"inLanguage":"hr","potentialAction":[{"@type":"ReadAction","target":["https:\/\/radioljubuski.ba\/index.php\/2021\/03\/13\/u-sarajevskoj-zupaniji-poceo-lockdown-otvaranje-u-ponedjeljak-ujutro\/"]}]},{"@type":"ImageObject","inLanguage":"hr","@id":"https:\/\/radioljubuski.ba\/index.php\/2021\/03\/13\/u-sarajevskoj-zupaniji-poceo-lockdown-otvaranje-u-ponedjeljak-ujutro\/#primaryimage","url":"https:\/\/radioljubuski.ba\/wp-content\/uploads\/2021\/03\/3-2021-03-12-20-25-21-n11.jpg","contentUrl":"https:\/\/radioljubuski.ba\/wp-content\/uploads\/2021\/03\/3-2021-03-12-20-25-21-n11.jpg","width":1000,"height":625},{"@type":"BreadcrumbList","@id":"https:\/\/radioljubuski.ba\/index.php\/2021\/03\/13\/u-sarajevskoj-zupaniji-poceo-lockdown-otvaranje-u-ponedjeljak-ujutro\/#breadcrumb","itemListElement":[{"@type":"ListItem","position":1,"name":"Po\u010detna stranica","item":"https:\/\/radioljubuski.ba\/"},{"@type":"ListItem","position":2,"name":"U Sarajevskoj \u017eupaniji po\u010deo lockdown, otvaranje u ponedjeljak ujutro"}]},{"@type":"WebSite","@id":"https:\/\/radioljubuski.ba\/#website","url":"https:\/\/radioljubuski.ba\/","name":"Radio Ljubu\u0161ki","description":"Sun\u010dana frekvencija Hercegovine","publisher":{"@id":"https:\/\/radioljubuski.ba\/#organization"},"potentialAction":[{"@type":"SearchAction","target":{"@type":"EntryPoint","urlTemplate":"https:\/\/radioljubuski.ba\/?s={search_term_string}"},"query-input":{"@type":"PropertyValueSpecification","valueRequired":true,"valueName":"search_term_string"}}],"inLanguage":"hr"},{"@type":"Organization","@id":"https:\/\/radioljubuski.ba\/#organization","name":"Radio Ljubu\u0161ki","url":"https:\/\/radioljubuski.ba\/","logo":{"@type":"ImageObject","inLanguage":"hr","@id":"https:\/\/radioljubuski.ba\/#\/schema\/logo\/image\/","url":"https:\/\/radioljubuski.ba\/wp-content\/uploads\/2021\/02\/cropped-Radio_Ljubuski_logo1.jpg","contentUrl":"https:\/\/radioljubuski.ba\/wp-content\/uploads\/2021\/02\/cropped-Radio_Ljubuski_logo1.jpg","width":512,"height":512,"caption":"Radio Ljubu\u0161ki"},"image":{"@id":"https:\/\/radioljubuski.ba\/#\/schema\/logo\/image\/"},"sameAs":["https:\/\/www.facebook.com\/Radiio-Ljubuski-1490835324566332","https:\/\/x.com\/radioljubuski","https:\/\/hr.linkedin.com\/company\/radio-ljubuski","https:\/\/www.youtube.com\/channel\/UCHYaeO_n0Db3tjNGudGpXyw"]},{"@type":"Person","@id":"https:\/\/radioljubuski.ba\/#\/schema\/person\/19fc700381a780f69665d7956c469e3b","name":"Radio Ljubu\u0161ki"}]}},"_links":{"self":[{"href":"https:\/\/radioljubuski.ba\/index.php\/wp-json\/wp\/v2\/posts\/3230","targetHints":{"allow":["GET"]}}],"collection":[{"href":"https:\/\/radioljubuski.ba\/index.php\/wp-json\/wp\/v2\/posts"}],"about":[{"href":"https:\/\/radioljubuski.ba\/index.php\/wp-json\/wp\/v2\/types\/post"}],"author":[{"embeddable":true,"href":"https:\/\/radioljubuski.ba\/index.php\/wp-json\/wp\/v2\/users\/2"}],"replies":[{"embeddable":true,"href":"https:\/\/radioljubuski.ba\/index.php\/wp-json\/wp\/v2\/comments?post=3230"}],"version-history":[{"count":1,"href":"https:\/\/radioljubuski.ba\/index.php\/wp-json\/wp\/v2\/posts\/3230\/revisions"}],"predecessor-version":[{"id":3232,"href":"https:\/\/radioljubuski.ba\/index.php\/wp-json\/wp\/v2\/posts\/3230\/revisions\/3232"}],"wp:featuredmedia":[{"embeddable":true,"href":"https:\/\/radioljubuski.ba\/index.php\/wp-json\/wp\/v2\/media\/3231"}],"wp:attachment":[{"href":"https:\/\/radioljubuski.ba\/index.php\/wp-json\/wp\/v2\/media?parent=3230"}],"wp:term":[{"taxonomy":"category","embeddable":true,"href":"https:\/\/radioljubuski.ba\/index.php\/wp-json\/wp\/v2\/categories?post=3230"},{"taxonomy":"post_tag","embeddable":true,"href":"https:\/\/radioljubuski.ba\/index.php\/wp-json\/wp\/v2\/tags?post=3230"}],"curies":[{"name":"wp","href":"https:\/\/api.w.org\/{rel}","templated":true}]}}