{"id":3233,"date":"2021-03-13T02:21:04","date_gmt":"2021-03-13T01:21:04","guid":{"rendered":"https:\/\/radioljubuski.ba\/?p=3233"},"modified":"2021-03-13T02:21:05","modified_gmt":"2021-03-13T01:21:05","slug":"odrzana-komemoracija-za-umjetnika-florijana-mickovica","status":"publish","type":"post","link":"https:\/\/radioljubuski.ba\/index.php\/2021\/03\/13\/odrzana-komemoracija-za-umjetnika-florijana-mickovica\/","title":{"rendered":"Odr\u017eana komemoracija za umjetnika Florijana Mi\u0107kovi\u0107a"},"content":{"rendered":"\n<p>Komemoracija za Florijana Mi\u0107kovi\u0107a, kipara, akademika, umjetnika koji je ostavio trajni pe\u010dat u kulturnoj ba\u0161tini svoga grada, odr\u017eana u petak u Galeriji kraljice Katarine Kosa\u010da.<\/p>\n\n\n\n<p>Florijan Mi\u0107kovi\u0107 preminuo je 19. velja\u010de u Mostaru u 86. godini.<\/p>\n\n\n\n<p>O \u017eivotu i dijelu Florijana Mi\u0107kovi\u0107a, koji je svojim neumornim radom i osebujnim stilom zadu\u017eio bosanskohercegova\u010dku umjetnost, govorila je \u0161efica Slu\u017ebe za kulturu Grada Mostara Inga Dragoje &#8211; Mikuli\u0107, istaknuv\u0161i kako je bio aktivan autor u stvarala\u010dkom smislu, a i dru\u0161tvenom.<\/p>\n\n\n\n<p>&#8211; Od ranih 60-ih godina i zavr\u0161etka zagreba\u010dke akademije pa sve do pred neku godinu, bio je iznimno aktivan autor u stvarala\u010dkom smislu, a i dru\u0161tvenom kao \u010dlan Dru\u0161tva likovnih umjetnika BiH i Dru\u0161tva hrvatskih likovnih umjetnika, \u010diji je bio dugogodi\u0161nji tajnik. Vjerujemo da se mnogi sje\u0107aju likovnih tragova koje je Mi\u0107kovi\u0107 ostavio na\u0161em gradu. Od prekrasnog \u017eenskog akta koji je godinama krasio na\u0161 park, preko bista nekada\u0161njih narodnih heroja do kipova svetog Petra i Pavla koji su krasili staru Franjeva\u010dki crkvu &#8211; &nbsp;kazala je Dragoje Mikuli\u0107.<\/p>\n\n\n\n<p>Naglasila je kako nakon ratnih doga\u0111anja, kada je izgubio svoj atelje, mijenja likovni izraz.<\/p>\n\n\n\n<p>Tako\u0111er je podcrtala da je Mi\u0107kovi\u0107 \u010dovjek bez zaborava. &nbsp;<\/p>\n\n\n\n<p>Odvjetnica Nada Dalipagi\u0107 ocijenila je da su Mostar, BiH i \u0161ire izgubili jednog izvanrednog \u010dovjeka.<\/p>\n\n\n\n<p>&#8211; Izgubili smo \u010dovjeka koji je volio svakog \u010dovjeka, koji je u svakom nalazio ne\u0161to dobro\u2026 Razgovor s njime uvijek me oplemenjivao. Na ovog \u010dovjeka ostat \u0107e najljep\u0161a sje\u0107anja i uspomene &#8211; kazala je Dalipagi\u0107.<\/p>\n\n\n\n<p>Akademski kipar Dalibor Nikoli\u0107 naglasio je kako je odlaskom Florijana kultura ovih prostora mnogo izgubila.<\/p>\n\n\n\n<p>&#8211; Mnogo je izgubila kultura, mnogo je izgubio grad. Florijana poznajem od najranijeg djetinjstva. Kao gra\u0111anin, umjetnik, akademik zna\u010dio je mnogo samim svojim djelom. To je bio jedan kompletan \u010dovjek i umjetnik, izgubili smo jednog velikog gospodina &#8211; naglasio je.<\/p>\n\n\n\n<p>Ustvrdio je kako je Mi\u0107kovi\u0107 iza sebe ostavio respektabilan opus, kojim je uspio odgovorit na izazove novog vremena.<\/p>\n\n\n\n<p>Na komemoraciji je sudjelovao i Simfonijski Orkestar Mostar.<\/p>\n\n\n\n<p>Florijan Mi\u0107kovi\u0107 ro\u0111en je u Mostaru 1935. godine, gdje je zavr\u0161io i Srednju \u0161kolu. Akademiju likovnih umjetnosti zavr\u0161io je u Zagrebu, u klasi prof. Antuna Augustin\u010di\u0107a 1962. godine. Bio je \u010dlan ULUH-a od 1963. godine i ULUBiH-a. Izlagao je u ve\u0107ini europskih zemalja, SAD-u i Kanadi.<\/p>\n\n\n\n<p>Izvor:pogled.ba<\/p>\n","protected":false},"excerpt":{"rendered":"<p>Komemoracija za Florijana Mi\u0107kovi\u0107a, kipara, akademika, umjetnika koji je ostavio trajni pe\u010dat u kulturnoj ba\u0161tini svoga grada, odr\u017eana u petak u Galeriji kraljice Katarine Kosa\u010da. Florijan Mi\u0107kovi\u0107 preminuo je 19. velja\u010de u Mostaru u 86. godini. O \u017eivotu i dijelu Florijana Mi\u0107kovi\u0107a, koji je svojim neumornim radom i osebujnim stilom zadu\u017eio bosanskohercegova\u010dku umjetnost, govorila je [&hellip;]<\/p>\n","protected":false},"author":2,"featured_media":3234,"comment_status":"closed","ping_status":"closed","sticky":false,"template":"","format":"standard","meta":{"h5ap_radio_sources":[],"footnotes":""},"categories":[1],"tags":[],"class_list":["post-3233","post","type-post","status-publish","format-standard","has-post-thumbnail","hentry","category-bihiregija"],"yoast_head":"<!-- This site is optimized with the Yoast SEO plugin v27.5 - https:\/\/yoast.com\/product\/yoast-seo-wordpress\/ -->\n<title>Odr\u017eana komemoracija za umjetnika Florijana Mi\u0107kovi\u0107a - RADIO LJUBU\u0160KI<\/title>\n<meta name=\"robots\" content=\"index, follow, max-snippet:-1, max-image-preview:large, max-video-preview:-1\" \/>\n<link rel=\"canonical\" href=\"https:\/\/radioljubuski.ba\/index.php\/2021\/03\/13\/odrzana-komemoracija-za-umjetnika-florijana-mickovica\/\" \/>\n<meta property=\"og:locale\" content=\"hr_HR\" \/>\n<meta property=\"og:type\" content=\"article\" \/>\n<meta property=\"og:title\" content=\"Odr\u017eana komemoracija za umjetnika Florijana Mi\u0107kovi\u0107a - RADIO LJUBU\u0160KI\" \/>\n<meta property=\"og:description\" content=\"Komemoracija za Florijana Mi\u0107kovi\u0107a, kipara, akademika, umjetnika koji je ostavio trajni pe\u010dat u kulturnoj ba\u0161tini svoga grada, odr\u017eana u petak u Galeriji kraljice Katarine Kosa\u010da. Florijan Mi\u0107kovi\u0107 preminuo je 19. velja\u010de u Mostaru u 86. godini. O \u017eivotu i dijelu Florijana Mi\u0107kovi\u0107a, koji je svojim neumornim radom i osebujnim stilom zadu\u017eio bosanskohercegova\u010dku umjetnost, govorila je [&hellip;]\" \/>\n<meta property=\"og:url\" content=\"https:\/\/radioljubuski.ba\/index.php\/2021\/03\/13\/odrzana-komemoracija-za-umjetnika-florijana-mickovica\/\" \/>\n<meta property=\"og:site_name\" content=\"RADIO LJUBU\u0160KI\" \/>\n<meta property=\"article:publisher\" content=\"https:\/\/www.facebook.com\/Radiio-Ljubuski-1490835324566332\" \/>\n<meta property=\"article:published_time\" content=\"2021-03-13T01:21:04+00:00\" \/>\n<meta property=\"article:modified_time\" content=\"2021-03-13T01:21:05+00:00\" \/>\n<meta property=\"og:image\" content=\"https:\/\/radioljubuski.ba\/wp-content\/uploads\/2021\/03\/3-2021-03-12-14-27-08-komemoracija.jpg\" \/>\n\t<meta property=\"og:image:width\" content=\"1000\" \/>\n\t<meta property=\"og:image:height\" content=\"625\" \/>\n\t<meta property=\"og:image:type\" content=\"image\/jpeg\" \/>\n<meta name=\"author\" content=\"Radio Ljubu\u0161ki\" \/>\n<meta name=\"twitter:card\" content=\"summary_large_image\" \/>\n<meta name=\"twitter:creator\" content=\"@radioljubuski\" \/>\n<meta name=\"twitter:site\" content=\"@radioljubuski\" \/>\n<meta name=\"twitter:label1\" content=\"Napisao\/la\" \/>\n\t<meta name=\"twitter:data1\" content=\"Radio Ljubu\u0161ki\" \/>\n\t<meta name=\"twitter:label2\" content=\"Procijenjeno vrijeme \u010ditanja\" \/>\n\t<meta name=\"twitter:data2\" content=\"2 minute\" \/>\n<script type=\"application\/ld+json\" class=\"yoast-schema-graph\">{\"@context\":\"https:\\\/\\\/schema.org\",\"@graph\":[{\"@type\":\"Article\",\"@id\":\"https:\\\/\\\/radioljubuski.ba\\\/index.php\\\/2021\\\/03\\\/13\\\/odrzana-komemoracija-za-umjetnika-florijana-mickovica\\\/#article\",\"isPartOf\":{\"@id\":\"https:\\\/\\\/radioljubuski.ba\\\/index.php\\\/2021\\\/03\\\/13\\\/odrzana-komemoracija-za-umjetnika-florijana-mickovica\\\/\"},\"author\":{\"name\":\"Radio Ljubu\u0161ki\",\"@id\":\"https:\\\/\\\/radioljubuski.ba\\\/#\\\/schema\\\/person\\\/19fc700381a780f69665d7956c469e3b\"},\"headline\":\"Odr\u017eana komemoracija za umjetnika Florijana Mi\u0107kovi\u0107a\",\"datePublished\":\"2021-03-13T01:21:04+00:00\",\"dateModified\":\"2021-03-13T01:21:05+00:00\",\"mainEntityOfPage\":{\"@id\":\"https:\\\/\\\/radioljubuski.ba\\\/index.php\\\/2021\\\/03\\\/13\\\/odrzana-komemoracija-za-umjetnika-florijana-mickovica\\\/\"},\"wordCount\":417,\"publisher\":{\"@id\":\"https:\\\/\\\/radioljubuski.ba\\\/#organization\"},\"image\":{\"@id\":\"https:\\\/\\\/radioljubuski.ba\\\/index.php\\\/2021\\\/03\\\/13\\\/odrzana-komemoracija-za-umjetnika-florijana-mickovica\\\/#primaryimage\"},\"thumbnailUrl\":\"https:\\\/\\\/radioljubuski.ba\\\/wp-content\\\/uploads\\\/2021\\\/03\\\/3-2021-03-12-14-27-08-komemoracija.jpg\",\"articleSection\":[\"BIH i regija\"],\"inLanguage\":\"hr\"},{\"@type\":\"WebPage\",\"@id\":\"https:\\\/\\\/radioljubuski.ba\\\/index.php\\\/2021\\\/03\\\/13\\\/odrzana-komemoracija-za-umjetnika-florijana-mickovica\\\/\",\"url\":\"https:\\\/\\\/radioljubuski.ba\\\/index.php\\\/2021\\\/03\\\/13\\\/odrzana-komemoracija-za-umjetnika-florijana-mickovica\\\/\",\"name\":\"Odr\u017eana komemoracija za umjetnika Florijana Mi\u0107kovi\u0107a - RADIO LJUBU\u0160KI\",\"isPartOf\":{\"@id\":\"https:\\\/\\\/radioljubuski.ba\\\/#website\"},\"primaryImageOfPage\":{\"@id\":\"https:\\\/\\\/radioljubuski.ba\\\/index.php\\\/2021\\\/03\\\/13\\\/odrzana-komemoracija-za-umjetnika-florijana-mickovica\\\/#primaryimage\"},\"image\":{\"@id\":\"https:\\\/\\\/radioljubuski.ba\\\/index.php\\\/2021\\\/03\\\/13\\\/odrzana-komemoracija-za-umjetnika-florijana-mickovica\\\/#primaryimage\"},\"thumbnailUrl\":\"https:\\\/\\\/radioljubuski.ba\\\/wp-content\\\/uploads\\\/2021\\\/03\\\/3-2021-03-12-14-27-08-komemoracija.jpg\",\"datePublished\":\"2021-03-13T01:21:04+00:00\",\"dateModified\":\"2021-03-13T01:21:05+00:00\",\"breadcrumb\":{\"@id\":\"https:\\\/\\\/radioljubuski.ba\\\/index.php\\\/2021\\\/03\\\/13\\\/odrzana-komemoracija-za-umjetnika-florijana-mickovica\\\/#breadcrumb\"},\"inLanguage\":\"hr\",\"potentialAction\":[{\"@type\":\"ReadAction\",\"target\":[\"https:\\\/\\\/radioljubuski.ba\\\/index.php\\\/2021\\\/03\\\/13\\\/odrzana-komemoracija-za-umjetnika-florijana-mickovica\\\/\"]}]},{\"@type\":\"ImageObject\",\"inLanguage\":\"hr\",\"@id\":\"https:\\\/\\\/radioljubuski.ba\\\/index.php\\\/2021\\\/03\\\/13\\\/odrzana-komemoracija-za-umjetnika-florijana-mickovica\\\/#primaryimage\",\"url\":\"https:\\\/\\\/radioljubuski.ba\\\/wp-content\\\/uploads\\\/2021\\\/03\\\/3-2021-03-12-14-27-08-komemoracija.jpg\",\"contentUrl\":\"https:\\\/\\\/radioljubuski.ba\\\/wp-content\\\/uploads\\\/2021\\\/03\\\/3-2021-03-12-14-27-08-komemoracija.jpg\",\"width\":1000,\"height\":625},{\"@type\":\"BreadcrumbList\",\"@id\":\"https:\\\/\\\/radioljubuski.ba\\\/index.php\\\/2021\\\/03\\\/13\\\/odrzana-komemoracija-za-umjetnika-florijana-mickovica\\\/#breadcrumb\",\"itemListElement\":[{\"@type\":\"ListItem\",\"position\":1,\"name\":\"Po\u010detna stranica\",\"item\":\"https:\\\/\\\/radioljubuski.ba\\\/\"},{\"@type\":\"ListItem\",\"position\":2,\"name\":\"Odr\u017eana komemoracija za umjetnika Florijana Mi\u0107kovi\u0107a\"}]},{\"@type\":\"WebSite\",\"@id\":\"https:\\\/\\\/radioljubuski.ba\\\/#website\",\"url\":\"https:\\\/\\\/radioljubuski.ba\\\/\",\"name\":\"Radio Ljubu\u0161ki\",\"description\":\"Sun\u010dana frekvencija Hercegovine\",\"publisher\":{\"@id\":\"https:\\\/\\\/radioljubuski.ba\\\/#organization\"},\"potentialAction\":[{\"@type\":\"SearchAction\",\"target\":{\"@type\":\"EntryPoint\",\"urlTemplate\":\"https:\\\/\\\/radioljubuski.ba\\\/?s={search_term_string}\"},\"query-input\":{\"@type\":\"PropertyValueSpecification\",\"valueRequired\":true,\"valueName\":\"search_term_string\"}}],\"inLanguage\":\"hr\"},{\"@type\":\"Organization\",\"@id\":\"https:\\\/\\\/radioljubuski.ba\\\/#organization\",\"name\":\"Radio Ljubu\u0161ki\",\"url\":\"https:\\\/\\\/radioljubuski.ba\\\/\",\"logo\":{\"@type\":\"ImageObject\",\"inLanguage\":\"hr\",\"@id\":\"https:\\\/\\\/radioljubuski.ba\\\/#\\\/schema\\\/logo\\\/image\\\/\",\"url\":\"https:\\\/\\\/radioljubuski.ba\\\/wp-content\\\/uploads\\\/2021\\\/02\\\/cropped-Radio_Ljubuski_logo1.jpg\",\"contentUrl\":\"https:\\\/\\\/radioljubuski.ba\\\/wp-content\\\/uploads\\\/2021\\\/02\\\/cropped-Radio_Ljubuski_logo1.jpg\",\"width\":512,\"height\":512,\"caption\":\"Radio Ljubu\u0161ki\"},\"image\":{\"@id\":\"https:\\\/\\\/radioljubuski.ba\\\/#\\\/schema\\\/logo\\\/image\\\/\"},\"sameAs\":[\"https:\\\/\\\/www.facebook.com\\\/Radiio-Ljubuski-1490835324566332\",\"https:\\\/\\\/x.com\\\/radioljubuski\",\"https:\\\/\\\/hr.linkedin.com\\\/company\\\/radio-ljubuski\",\"https:\\\/\\\/www.youtube.com\\\/channel\\\/UCHYaeO_n0Db3tjNGudGpXyw\"]},{\"@type\":\"Person\",\"@id\":\"https:\\\/\\\/radioljubuski.ba\\\/#\\\/schema\\\/person\\\/19fc700381a780f69665d7956c469e3b\",\"name\":\"Radio Ljubu\u0161ki\"}]}<\/script>\n<!-- \/ Yoast SEO plugin. -->","yoast_head_json":{"title":"Odr\u017eana komemoracija za umjetnika Florijana Mi\u0107kovi\u0107a - RADIO LJUBU\u0160KI","robots":{"index":"index","follow":"follow","max-snippet":"max-snippet:-1","max-image-preview":"max-image-preview:large","max-video-preview":"max-video-preview:-1"},"canonical":"https:\/\/radioljubuski.ba\/index.php\/2021\/03\/13\/odrzana-komemoracija-za-umjetnika-florijana-mickovica\/","og_locale":"hr_HR","og_type":"article","og_title":"Odr\u017eana komemoracija za umjetnika Florijana Mi\u0107kovi\u0107a - RADIO LJUBU\u0160KI","og_description":"Komemoracija za Florijana Mi\u0107kovi\u0107a, kipara, akademika, umjetnika koji je ostavio trajni pe\u010dat u kulturnoj ba\u0161tini svoga grada, odr\u017eana u petak u Galeriji kraljice Katarine Kosa\u010da. Florijan Mi\u0107kovi\u0107 preminuo je 19. velja\u010de u Mostaru u 86. godini. O \u017eivotu i dijelu Florijana Mi\u0107kovi\u0107a, koji je svojim neumornim radom i osebujnim stilom zadu\u017eio bosanskohercegova\u010dku umjetnost, govorila je [&hellip;]","og_url":"https:\/\/radioljubuski.ba\/index.php\/2021\/03\/13\/odrzana-komemoracija-za-umjetnika-florijana-mickovica\/","og_site_name":"RADIO LJUBU\u0160KI","article_publisher":"https:\/\/www.facebook.com\/Radiio-Ljubuski-1490835324566332","article_published_time":"2021-03-13T01:21:04+00:00","article_modified_time":"2021-03-13T01:21:05+00:00","og_image":[{"width":1000,"height":625,"url":"https:\/\/radioljubuski.ba\/wp-content\/uploads\/2021\/03\/3-2021-03-12-14-27-08-komemoracija.jpg","type":"image\/jpeg"}],"author":"Radio Ljubu\u0161ki","twitter_card":"summary_large_image","twitter_creator":"@radioljubuski","twitter_site":"@radioljubuski","twitter_misc":{"Napisao\/la":"Radio Ljubu\u0161ki","Procijenjeno vrijeme \u010ditanja":"2 minute"},"schema":{"@context":"https:\/\/schema.org","@graph":[{"@type":"Article","@id":"https:\/\/radioljubuski.ba\/index.php\/2021\/03\/13\/odrzana-komemoracija-za-umjetnika-florijana-mickovica\/#article","isPartOf":{"@id":"https:\/\/radioljubuski.ba\/index.php\/2021\/03\/13\/odrzana-komemoracija-za-umjetnika-florijana-mickovica\/"},"author":{"name":"Radio Ljubu\u0161ki","@id":"https:\/\/radioljubuski.ba\/#\/schema\/person\/19fc700381a780f69665d7956c469e3b"},"headline":"Odr\u017eana komemoracija za umjetnika Florijana Mi\u0107kovi\u0107a","datePublished":"2021-03-13T01:21:04+00:00","dateModified":"2021-03-13T01:21:05+00:00","mainEntityOfPage":{"@id":"https:\/\/radioljubuski.ba\/index.php\/2021\/03\/13\/odrzana-komemoracija-za-umjetnika-florijana-mickovica\/"},"wordCount":417,"publisher":{"@id":"https:\/\/radioljubuski.ba\/#organization"},"image":{"@id":"https:\/\/radioljubuski.ba\/index.php\/2021\/03\/13\/odrzana-komemoracija-za-umjetnika-florijana-mickovica\/#primaryimage"},"thumbnailUrl":"https:\/\/radioljubuski.ba\/wp-content\/uploads\/2021\/03\/3-2021-03-12-14-27-08-komemoracija.jpg","articleSection":["BIH i regija"],"inLanguage":"hr"},{"@type":"WebPage","@id":"https:\/\/radioljubuski.ba\/index.php\/2021\/03\/13\/odrzana-komemoracija-za-umjetnika-florijana-mickovica\/","url":"https:\/\/radioljubuski.ba\/index.php\/2021\/03\/13\/odrzana-komemoracija-za-umjetnika-florijana-mickovica\/","name":"Odr\u017eana komemoracija za umjetnika Florijana Mi\u0107kovi\u0107a - RADIO LJUBU\u0160KI","isPartOf":{"@id":"https:\/\/radioljubuski.ba\/#website"},"primaryImageOfPage":{"@id":"https:\/\/radioljubuski.ba\/index.php\/2021\/03\/13\/odrzana-komemoracija-za-umjetnika-florijana-mickovica\/#primaryimage"},"image":{"@id":"https:\/\/radioljubuski.ba\/index.php\/2021\/03\/13\/odrzana-komemoracija-za-umjetnika-florijana-mickovica\/#primaryimage"},"thumbnailUrl":"https:\/\/radioljubuski.ba\/wp-content\/uploads\/2021\/03\/3-2021-03-12-14-27-08-komemoracija.jpg","datePublished":"2021-03-13T01:21:04+00:00","dateModified":"2021-03-13T01:21:05+00:00","breadcrumb":{"@id":"https:\/\/radioljubuski.ba\/index.php\/2021\/03\/13\/odrzana-komemoracija-za-umjetnika-florijana-mickovica\/#breadcrumb"},"inLanguage":"hr","potentialAction":[{"@type":"ReadAction","target":["https:\/\/radioljubuski.ba\/index.php\/2021\/03\/13\/odrzana-komemoracija-za-umjetnika-florijana-mickovica\/"]}]},{"@type":"ImageObject","inLanguage":"hr","@id":"https:\/\/radioljubuski.ba\/index.php\/2021\/03\/13\/odrzana-komemoracija-za-umjetnika-florijana-mickovica\/#primaryimage","url":"https:\/\/radioljubuski.ba\/wp-content\/uploads\/2021\/03\/3-2021-03-12-14-27-08-komemoracija.jpg","contentUrl":"https:\/\/radioljubuski.ba\/wp-content\/uploads\/2021\/03\/3-2021-03-12-14-27-08-komemoracija.jpg","width":1000,"height":625},{"@type":"BreadcrumbList","@id":"https:\/\/radioljubuski.ba\/index.php\/2021\/03\/13\/odrzana-komemoracija-za-umjetnika-florijana-mickovica\/#breadcrumb","itemListElement":[{"@type":"ListItem","position":1,"name":"Po\u010detna stranica","item":"https:\/\/radioljubuski.ba\/"},{"@type":"ListItem","position":2,"name":"Odr\u017eana komemoracija za umjetnika Florijana Mi\u0107kovi\u0107a"}]},{"@type":"WebSite","@id":"https:\/\/radioljubuski.ba\/#website","url":"https:\/\/radioljubuski.ba\/","name":"Radio Ljubu\u0161ki","description":"Sun\u010dana frekvencija Hercegovine","publisher":{"@id":"https:\/\/radioljubuski.ba\/#organization"},"potentialAction":[{"@type":"SearchAction","target":{"@type":"EntryPoint","urlTemplate":"https:\/\/radioljubuski.ba\/?s={search_term_string}"},"query-input":{"@type":"PropertyValueSpecification","valueRequired":true,"valueName":"search_term_string"}}],"inLanguage":"hr"},{"@type":"Organization","@id":"https:\/\/radioljubuski.ba\/#organization","name":"Radio Ljubu\u0161ki","url":"https:\/\/radioljubuski.ba\/","logo":{"@type":"ImageObject","inLanguage":"hr","@id":"https:\/\/radioljubuski.ba\/#\/schema\/logo\/image\/","url":"https:\/\/radioljubuski.ba\/wp-content\/uploads\/2021\/02\/cropped-Radio_Ljubuski_logo1.jpg","contentUrl":"https:\/\/radioljubuski.ba\/wp-content\/uploads\/2021\/02\/cropped-Radio_Ljubuski_logo1.jpg","width":512,"height":512,"caption":"Radio Ljubu\u0161ki"},"image":{"@id":"https:\/\/radioljubuski.ba\/#\/schema\/logo\/image\/"},"sameAs":["https:\/\/www.facebook.com\/Radiio-Ljubuski-1490835324566332","https:\/\/x.com\/radioljubuski","https:\/\/hr.linkedin.com\/company\/radio-ljubuski","https:\/\/www.youtube.com\/channel\/UCHYaeO_n0Db3tjNGudGpXyw"]},{"@type":"Person","@id":"https:\/\/radioljubuski.ba\/#\/schema\/person\/19fc700381a780f69665d7956c469e3b","name":"Radio Ljubu\u0161ki"}]}},"_links":{"self":[{"href":"https:\/\/radioljubuski.ba\/index.php\/wp-json\/wp\/v2\/posts\/3233","targetHints":{"allow":["GET"]}}],"collection":[{"href":"https:\/\/radioljubuski.ba\/index.php\/wp-json\/wp\/v2\/posts"}],"about":[{"href":"https:\/\/radioljubuski.ba\/index.php\/wp-json\/wp\/v2\/types\/post"}],"author":[{"embeddable":true,"href":"https:\/\/radioljubuski.ba\/index.php\/wp-json\/wp\/v2\/users\/2"}],"replies":[{"embeddable":true,"href":"https:\/\/radioljubuski.ba\/index.php\/wp-json\/wp\/v2\/comments?post=3233"}],"version-history":[{"count":1,"href":"https:\/\/radioljubuski.ba\/index.php\/wp-json\/wp\/v2\/posts\/3233\/revisions"}],"predecessor-version":[{"id":3235,"href":"https:\/\/radioljubuski.ba\/index.php\/wp-json\/wp\/v2\/posts\/3233\/revisions\/3235"}],"wp:featuredmedia":[{"embeddable":true,"href":"https:\/\/radioljubuski.ba\/index.php\/wp-json\/wp\/v2\/media\/3234"}],"wp:attachment":[{"href":"https:\/\/radioljubuski.ba\/index.php\/wp-json\/wp\/v2\/media?parent=3233"}],"wp:term":[{"taxonomy":"category","embeddable":true,"href":"https:\/\/radioljubuski.ba\/index.php\/wp-json\/wp\/v2\/categories?post=3233"},{"taxonomy":"post_tag","embeddable":true,"href":"https:\/\/radioljubuski.ba\/index.php\/wp-json\/wp\/v2\/tags?post=3233"}],"curies":[{"name":"wp","href":"https:\/\/api.w.org\/{rel}","templated":true}]}}