{"id":32400,"date":"2021-06-14T16:21:17","date_gmt":"2021-06-14T15:21:17","guid":{"rendered":"https:\/\/radioljubuski.ba\/?p=32400"},"modified":"2021-06-14T16:21:18","modified_gmt":"2021-06-14T15:21:18","slug":"mons-cvitkusic-mediji-namecu-ateisticki-pogled-na-svijet-a-crkvu-prikazuju-kao-nazadnu-i-stetnu-za-drustvo","status":"publish","type":"post","link":"https:\/\/radioljubuski.ba\/index.php\/2021\/06\/14\/mons-cvitkusic-mediji-namecu-ateisticki-pogled-na-svijet-a-crkvu-prikazuju-kao-nazadnu-i-stetnu-za-drustvo\/","title":{"rendered":"Mons. Cvitku\u0161i\u0107: Mediji name\u0107u ateisti\u010dki pogled na svijet, a Crkvu prikazuju kao nazadnu i \u0161tetnu za dru\u0161tvo"},"content":{"rendered":"\n<p>\u017dupa Odra Sisa\u010dka sve\u010dano je u nedjelju 13. lipnja proslavila blagdan svog suza\u0161titnika sv. Antuna Padovanskog. Sredi\u0161nje sve\u010dano misno slavlje ispred u potresu sru\u0161ene \u017eupne crkve predvodio je generalni vikar mons. Marko Cvitku\u0161i\u0107 u zajedni\u0161tvu s vl\u010d. Sa\u0161om Jozi\u0107em, a slu\u017eio je \u0111akon Milan Danijel Juri\u0107.<\/p>\n\n\n\n<p>Na po\u010detku sve okupljene, uklju\u010duju\u0107i i brojne hodo\u010dasnike iz okolnih \u017eupa, pozdravio je vl\u010d. Jozi\u0107 zahvaliv\u0161i im na dolasku i \u0161tovanju ovog sveca.<\/p>\n\n\n\n<p>U homiliji mons. Cvitku\u0161i\u0107 podsjetio je na kratak \u017eivotni put ovog sveca s prijelaza 12. u 13. stolje\u0107e. \u201eNakon \u0161to je postao redovnik augustinac i bio zare\u0111en za sve\u0107enika, u\u0161ao je u franjeva\u010dki red uzev\u0161i si ime ime Antun, \u017eele\u0107i poput sv. Antuna pustinjaka provoditi pokorni\u010dki \u017eivot. Zbog silne \u017eelje da mu\u010deni\u0161tvom potvrdi svoju vjeru zaputio se s drugim franjevcima u Maroko, ali se ubrzo razbolio. Mjesecima je bio vezan uz krevet. Uvidio je da mu jedino preostaje vratiti se u rodni Portugal. Na putu u domovinu oluja je bacila brod kojim se vozio na sicilijansku obalu odakle je otputovao u Asiz, gdje se upravo odr\u017eavala franjeva\u010dka skup\u0161tina \u2013 generalni kapitul. Antun je zamolio provincijala pokrajine Emilije da ga uzme u svoju provinciju. Provincijal ga je poveo sa sobom i smjestio u jedan malen samostan blizu gradi\u0107a Forlija gdje se sve vi\u0161e otkriva Antunovo teolo\u0161ko znanje i propovjedni\u010dka sposobnost. Propovijeda u crkvama, na gradskim trgovima i morskoj obali. Ponekad ga odjednom slu\u0161a i nekoliko tisu\u0107a ljudi. Odlazi i u Francusku pa se opet vra\u0107a u Italiju i nastani se u Padovi. Uspje\u0161no suzbija razli\u010dita krivovjerja. Mnoge je pou\u010dio, utje\u0161io; odvratio od grje\u0161na \u017eivota i krivovjerja te priveo Bogu. Svojim stavovima i dubokim kr\u0161\u0107anskim \u017eivljenjem vjere Antun je odlu\u010dno pokazivao la\u017eni mir izme\u0111u tradicije, religije i materijalnog bogatstva svoga vremena\u201c, istaknuo je mons. Cvitku\u0161i\u0107.<\/p>\n\n\n\n<p>Propovjednik je rekao i kako je sv. Antun dosljedan borac protiv ravnodu\u0161nosti i neodlu\u010dnosti s obzirom na Isusa Krista i vjeru. \u201eKad se radi o Bo\u017ejem zakonu i ljubavi prema Isusu, Antun je neustra\u0161iv: odlu\u010dno \u017eivi Bo\u017eje zapovijedi i svojim \u017eivotom svjedo\u010diti njegovu ljubav\u201c.<\/p>\n\n\n\n<p>U nastavku, zapitao se kako mi \u017eivimo i svjedo\u010dimo svoju vjeru, ustvrdiv\u0161i da su mnogi vjernici slabo pou\u010deni o kr\u0161\u0107anskim istinama te olako prelaze preko temeljnih kr\u0161\u0107anskih moralnih na\u010dela.<\/p>\n\n\n\n<p>\u201e<strong>Dosta je malo detaljnije zaviriti u glazbu mladih i filmske ponude, koliko je tu protukr\u0161\u0107anskg ozra\u010dja prisutno, a da se nitko ne uznemiruje ili to zabranjuje. To se kod nas osobito o\u010dituje u masovnim medijima koji na razne na\u010dine name\u0107u ateisti\u010dki pogled na svijet kao znanstveni, a Crkvu prikazuju kao nazadnu, zaostalu i \u0161tetnu za dru\u0161tvo. Sveti Antun Padovanski od nas i na\u0161ih suvremenika o\u010dekuje da odlu\u010dno ispovijedamo svoju vjeru i prenosimo je na dolaze\u0107e generacije, da se istinski borimo za kr\u0161\u0107anske ideale, da Krista navije\u0161tamo rije\u010dju i djelom<\/strong>\u201c, zaklju\u010dio je generalni vikar.<\/p>\n\n\n\n<p>\u017dupljani su se za ovo slavlje pripremali trodnevnicom koju su voditi vl\u010d. Josip Vragovi\u0107, doma\u0107i \u017eupnik Sa\u0161a Jozi\u0107 i trajni \u0111akon Milan Danijel Juri\u0107. Ve\u010dernju blagdansku misu predvodio je p. Zvonko Vlah.<\/p>\n\n\n\n<p><em>Izvor: narod.hr<\/em><\/p>\n","protected":false},"excerpt":{"rendered":"<p>\u017dupa Odra Sisa\u010dka sve\u010dano je u nedjelju 13. lipnja proslavila blagdan svog suza\u0161titnika sv. Antuna Padovanskog. Sredi\u0161nje sve\u010dano misno slavlje ispred u potresu sru\u0161ene \u017eupne crkve predvodio je generalni vikar mons. Marko Cvitku\u0161i\u0107 u zajedni\u0161tvu s vl\u010d. Sa\u0161om Jozi\u0107em, a slu\u017eio je \u0111akon Milan Danijel Juri\u0107. Na po\u010detku sve okupljene, uklju\u010duju\u0107i i brojne hodo\u010dasnike iz [&hellip;]<\/p>\n","protected":false},"author":2,"featured_media":32401,"comment_status":"closed","ping_status":"closed","sticky":false,"template":"","format":"standard","meta":{"h5ap_radio_sources":[],"footnotes":""},"categories":[1],"tags":[],"class_list":["post-32400","post","type-post","status-publish","format-standard","has-post-thumbnail","hentry","category-bihiregija"],"yoast_head":"<!-- This site is optimized with the Yoast SEO plugin v27.5 - https:\/\/yoast.com\/product\/yoast-seo-wordpress\/ -->\n<title>Mons. Cvitku\u0161i\u0107: Mediji name\u0107u ateisti\u010dki pogled na svijet, a Crkvu prikazuju kao nazadnu i \u0161tetnu za dru\u0161tvo - RADIO LJUBU\u0160KI<\/title>\n<meta name=\"robots\" content=\"index, follow, max-snippet:-1, max-image-preview:large, max-video-preview:-1\" \/>\n<link rel=\"canonical\" href=\"https:\/\/radioljubuski.ba\/index.php\/2021\/06\/14\/mons-cvitkusic-mediji-namecu-ateisticki-pogled-na-svijet-a-crkvu-prikazuju-kao-nazadnu-i-stetnu-za-drustvo\/\" \/>\n<meta property=\"og:locale\" content=\"hr_HR\" \/>\n<meta property=\"og:type\" content=\"article\" \/>\n<meta property=\"og:title\" content=\"Mons. Cvitku\u0161i\u0107: Mediji name\u0107u ateisti\u010dki pogled na svijet, a Crkvu prikazuju kao nazadnu i \u0161tetnu za dru\u0161tvo - RADIO LJUBU\u0160KI\" \/>\n<meta property=\"og:description\" content=\"\u017dupa Odra Sisa\u010dka sve\u010dano je u nedjelju 13. lipnja proslavila blagdan svog suza\u0161titnika sv. Antuna Padovanskog. Sredi\u0161nje sve\u010dano misno slavlje ispred u potresu sru\u0161ene \u017eupne crkve predvodio je generalni vikar mons. Marko Cvitku\u0161i\u0107 u zajedni\u0161tvu s vl\u010d. Sa\u0161om Jozi\u0107em, a slu\u017eio je \u0111akon Milan Danijel Juri\u0107. Na po\u010detku sve okupljene, uklju\u010duju\u0107i i brojne hodo\u010dasnike iz [&hellip;]\" \/>\n<meta property=\"og:url\" content=\"https:\/\/radioljubuski.ba\/index.php\/2021\/06\/14\/mons-cvitkusic-mediji-namecu-ateisticki-pogled-na-svijet-a-crkvu-prikazuju-kao-nazadnu-i-stetnu-za-drustvo\/\" \/>\n<meta property=\"og:site_name\" content=\"RADIO LJUBU\u0160KI\" \/>\n<meta property=\"article:publisher\" content=\"https:\/\/www.facebook.com\/Radiio-Ljubuski-1490835324566332\" \/>\n<meta property=\"article:published_time\" content=\"2021-06-14T15:21:17+00:00\" \/>\n<meta property=\"article:modified_time\" content=\"2021-06-14T15:21:18+00:00\" \/>\n<meta property=\"og:image\" content=\"https:\/\/radioljubuski.ba\/wp-content\/uploads\/2021\/06\/MG_9723-696x464-1.jpg\" \/>\n\t<meta property=\"og:image:width\" content=\"696\" \/>\n\t<meta property=\"og:image:height\" content=\"464\" \/>\n\t<meta property=\"og:image:type\" content=\"image\/jpeg\" \/>\n<meta name=\"author\" content=\"Radio Ljubu\u0161ki\" \/>\n<meta name=\"twitter:card\" content=\"summary_large_image\" \/>\n<meta name=\"twitter:creator\" content=\"@radioljubuski\" \/>\n<meta name=\"twitter:site\" content=\"@radioljubuski\" \/>\n<meta name=\"twitter:label1\" content=\"Napisao\/la\" \/>\n\t<meta name=\"twitter:data1\" content=\"Radio Ljubu\u0161ki\" \/>\n\t<meta name=\"twitter:label2\" content=\"Procijenjeno vrijeme \u010ditanja\" \/>\n\t<meta name=\"twitter:data2\" content=\"3 minute\" \/>\n<script type=\"application\/ld+json\" class=\"yoast-schema-graph\">{\"@context\":\"https:\\\/\\\/schema.org\",\"@graph\":[{\"@type\":\"Article\",\"@id\":\"https:\\\/\\\/radioljubuski.ba\\\/index.php\\\/2021\\\/06\\\/14\\\/mons-cvitkusic-mediji-namecu-ateisticki-pogled-na-svijet-a-crkvu-prikazuju-kao-nazadnu-i-stetnu-za-drustvo\\\/#article\",\"isPartOf\":{\"@id\":\"https:\\\/\\\/radioljubuski.ba\\\/index.php\\\/2021\\\/06\\\/14\\\/mons-cvitkusic-mediji-namecu-ateisticki-pogled-na-svijet-a-crkvu-prikazuju-kao-nazadnu-i-stetnu-za-drustvo\\\/\"},\"author\":{\"name\":\"Radio Ljubu\u0161ki\",\"@id\":\"https:\\\/\\\/radioljubuski.ba\\\/#\\\/schema\\\/person\\\/19fc700381a780f69665d7956c469e3b\"},\"headline\":\"Mons. Cvitku\u0161i\u0107: Mediji name\u0107u ateisti\u010dki pogled na svijet, a Crkvu prikazuju kao nazadnu i \u0161tetnu za dru\u0161tvo\",\"datePublished\":\"2021-06-14T15:21:17+00:00\",\"dateModified\":\"2021-06-14T15:21:18+00:00\",\"mainEntityOfPage\":{\"@id\":\"https:\\\/\\\/radioljubuski.ba\\\/index.php\\\/2021\\\/06\\\/14\\\/mons-cvitkusic-mediji-namecu-ateisticki-pogled-na-svijet-a-crkvu-prikazuju-kao-nazadnu-i-stetnu-za-drustvo\\\/\"},\"wordCount\":588,\"publisher\":{\"@id\":\"https:\\\/\\\/radioljubuski.ba\\\/#organization\"},\"image\":{\"@id\":\"https:\\\/\\\/radioljubuski.ba\\\/index.php\\\/2021\\\/06\\\/14\\\/mons-cvitkusic-mediji-namecu-ateisticki-pogled-na-svijet-a-crkvu-prikazuju-kao-nazadnu-i-stetnu-za-drustvo\\\/#primaryimage\"},\"thumbnailUrl\":\"https:\\\/\\\/radioljubuski.ba\\\/wp-content\\\/uploads\\\/2021\\\/06\\\/MG_9723-696x464-1.jpg\",\"articleSection\":[\"BIH i regija\"],\"inLanguage\":\"hr\"},{\"@type\":\"WebPage\",\"@id\":\"https:\\\/\\\/radioljubuski.ba\\\/index.php\\\/2021\\\/06\\\/14\\\/mons-cvitkusic-mediji-namecu-ateisticki-pogled-na-svijet-a-crkvu-prikazuju-kao-nazadnu-i-stetnu-za-drustvo\\\/\",\"url\":\"https:\\\/\\\/radioljubuski.ba\\\/index.php\\\/2021\\\/06\\\/14\\\/mons-cvitkusic-mediji-namecu-ateisticki-pogled-na-svijet-a-crkvu-prikazuju-kao-nazadnu-i-stetnu-za-drustvo\\\/\",\"name\":\"Mons. Cvitku\u0161i\u0107: Mediji name\u0107u ateisti\u010dki pogled na svijet, a Crkvu prikazuju kao nazadnu i \u0161tetnu za dru\u0161tvo - RADIO LJUBU\u0160KI\",\"isPartOf\":{\"@id\":\"https:\\\/\\\/radioljubuski.ba\\\/#website\"},\"primaryImageOfPage\":{\"@id\":\"https:\\\/\\\/radioljubuski.ba\\\/index.php\\\/2021\\\/06\\\/14\\\/mons-cvitkusic-mediji-namecu-ateisticki-pogled-na-svijet-a-crkvu-prikazuju-kao-nazadnu-i-stetnu-za-drustvo\\\/#primaryimage\"},\"image\":{\"@id\":\"https:\\\/\\\/radioljubuski.ba\\\/index.php\\\/2021\\\/06\\\/14\\\/mons-cvitkusic-mediji-namecu-ateisticki-pogled-na-svijet-a-crkvu-prikazuju-kao-nazadnu-i-stetnu-za-drustvo\\\/#primaryimage\"},\"thumbnailUrl\":\"https:\\\/\\\/radioljubuski.ba\\\/wp-content\\\/uploads\\\/2021\\\/06\\\/MG_9723-696x464-1.jpg\",\"datePublished\":\"2021-06-14T15:21:17+00:00\",\"dateModified\":\"2021-06-14T15:21:18+00:00\",\"breadcrumb\":{\"@id\":\"https:\\\/\\\/radioljubuski.ba\\\/index.php\\\/2021\\\/06\\\/14\\\/mons-cvitkusic-mediji-namecu-ateisticki-pogled-na-svijet-a-crkvu-prikazuju-kao-nazadnu-i-stetnu-za-drustvo\\\/#breadcrumb\"},\"inLanguage\":\"hr\",\"potentialAction\":[{\"@type\":\"ReadAction\",\"target\":[\"https:\\\/\\\/radioljubuski.ba\\\/index.php\\\/2021\\\/06\\\/14\\\/mons-cvitkusic-mediji-namecu-ateisticki-pogled-na-svijet-a-crkvu-prikazuju-kao-nazadnu-i-stetnu-za-drustvo\\\/\"]}]},{\"@type\":\"ImageObject\",\"inLanguage\":\"hr\",\"@id\":\"https:\\\/\\\/radioljubuski.ba\\\/index.php\\\/2021\\\/06\\\/14\\\/mons-cvitkusic-mediji-namecu-ateisticki-pogled-na-svijet-a-crkvu-prikazuju-kao-nazadnu-i-stetnu-za-drustvo\\\/#primaryimage\",\"url\":\"https:\\\/\\\/radioljubuski.ba\\\/wp-content\\\/uploads\\\/2021\\\/06\\\/MG_9723-696x464-1.jpg\",\"contentUrl\":\"https:\\\/\\\/radioljubuski.ba\\\/wp-content\\\/uploads\\\/2021\\\/06\\\/MG_9723-696x464-1.jpg\",\"width\":696,\"height\":464},{\"@type\":\"BreadcrumbList\",\"@id\":\"https:\\\/\\\/radioljubuski.ba\\\/index.php\\\/2021\\\/06\\\/14\\\/mons-cvitkusic-mediji-namecu-ateisticki-pogled-na-svijet-a-crkvu-prikazuju-kao-nazadnu-i-stetnu-za-drustvo\\\/#breadcrumb\",\"itemListElement\":[{\"@type\":\"ListItem\",\"position\":1,\"name\":\"Po\u010detna stranica\",\"item\":\"https:\\\/\\\/radioljubuski.ba\\\/\"},{\"@type\":\"ListItem\",\"position\":2,\"name\":\"Mons. Cvitku\u0161i\u0107: Mediji name\u0107u ateisti\u010dki pogled na svijet, a Crkvu prikazuju kao nazadnu i \u0161tetnu za dru\u0161tvo\"}]},{\"@type\":\"WebSite\",\"@id\":\"https:\\\/\\\/radioljubuski.ba\\\/#website\",\"url\":\"https:\\\/\\\/radioljubuski.ba\\\/\",\"name\":\"Radio Ljubu\u0161ki\",\"description\":\"Sun\u010dana frekvencija Hercegovine\",\"publisher\":{\"@id\":\"https:\\\/\\\/radioljubuski.ba\\\/#organization\"},\"potentialAction\":[{\"@type\":\"SearchAction\",\"target\":{\"@type\":\"EntryPoint\",\"urlTemplate\":\"https:\\\/\\\/radioljubuski.ba\\\/?s={search_term_string}\"},\"query-input\":{\"@type\":\"PropertyValueSpecification\",\"valueRequired\":true,\"valueName\":\"search_term_string\"}}],\"inLanguage\":\"hr\"},{\"@type\":\"Organization\",\"@id\":\"https:\\\/\\\/radioljubuski.ba\\\/#organization\",\"name\":\"Radio Ljubu\u0161ki\",\"url\":\"https:\\\/\\\/radioljubuski.ba\\\/\",\"logo\":{\"@type\":\"ImageObject\",\"inLanguage\":\"hr\",\"@id\":\"https:\\\/\\\/radioljubuski.ba\\\/#\\\/schema\\\/logo\\\/image\\\/\",\"url\":\"https:\\\/\\\/radioljubuski.ba\\\/wp-content\\\/uploads\\\/2021\\\/02\\\/cropped-Radio_Ljubuski_logo1.jpg\",\"contentUrl\":\"https:\\\/\\\/radioljubuski.ba\\\/wp-content\\\/uploads\\\/2021\\\/02\\\/cropped-Radio_Ljubuski_logo1.jpg\",\"width\":512,\"height\":512,\"caption\":\"Radio Ljubu\u0161ki\"},\"image\":{\"@id\":\"https:\\\/\\\/radioljubuski.ba\\\/#\\\/schema\\\/logo\\\/image\\\/\"},\"sameAs\":[\"https:\\\/\\\/www.facebook.com\\\/Radiio-Ljubuski-1490835324566332\",\"https:\\\/\\\/x.com\\\/radioljubuski\",\"https:\\\/\\\/hr.linkedin.com\\\/company\\\/radio-ljubuski\",\"https:\\\/\\\/www.youtube.com\\\/channel\\\/UCHYaeO_n0Db3tjNGudGpXyw\"]},{\"@type\":\"Person\",\"@id\":\"https:\\\/\\\/radioljubuski.ba\\\/#\\\/schema\\\/person\\\/19fc700381a780f69665d7956c469e3b\",\"name\":\"Radio Ljubu\u0161ki\"}]}<\/script>\n<!-- \/ Yoast SEO plugin. -->","yoast_head_json":{"title":"Mons. Cvitku\u0161i\u0107: Mediji name\u0107u ateisti\u010dki pogled na svijet, a Crkvu prikazuju kao nazadnu i \u0161tetnu za dru\u0161tvo - RADIO LJUBU\u0160KI","robots":{"index":"index","follow":"follow","max-snippet":"max-snippet:-1","max-image-preview":"max-image-preview:large","max-video-preview":"max-video-preview:-1"},"canonical":"https:\/\/radioljubuski.ba\/index.php\/2021\/06\/14\/mons-cvitkusic-mediji-namecu-ateisticki-pogled-na-svijet-a-crkvu-prikazuju-kao-nazadnu-i-stetnu-za-drustvo\/","og_locale":"hr_HR","og_type":"article","og_title":"Mons. Cvitku\u0161i\u0107: Mediji name\u0107u ateisti\u010dki pogled na svijet, a Crkvu prikazuju kao nazadnu i \u0161tetnu za dru\u0161tvo - RADIO LJUBU\u0160KI","og_description":"\u017dupa Odra Sisa\u010dka sve\u010dano je u nedjelju 13. lipnja proslavila blagdan svog suza\u0161titnika sv. Antuna Padovanskog. Sredi\u0161nje sve\u010dano misno slavlje ispred u potresu sru\u0161ene \u017eupne crkve predvodio je generalni vikar mons. Marko Cvitku\u0161i\u0107 u zajedni\u0161tvu s vl\u010d. Sa\u0161om Jozi\u0107em, a slu\u017eio je \u0111akon Milan Danijel Juri\u0107. Na po\u010detku sve okupljene, uklju\u010duju\u0107i i brojne hodo\u010dasnike iz [&hellip;]","og_url":"https:\/\/radioljubuski.ba\/index.php\/2021\/06\/14\/mons-cvitkusic-mediji-namecu-ateisticki-pogled-na-svijet-a-crkvu-prikazuju-kao-nazadnu-i-stetnu-za-drustvo\/","og_site_name":"RADIO LJUBU\u0160KI","article_publisher":"https:\/\/www.facebook.com\/Radiio-Ljubuski-1490835324566332","article_published_time":"2021-06-14T15:21:17+00:00","article_modified_time":"2021-06-14T15:21:18+00:00","og_image":[{"width":696,"height":464,"url":"https:\/\/radioljubuski.ba\/wp-content\/uploads\/2021\/06\/MG_9723-696x464-1.jpg","type":"image\/jpeg"}],"author":"Radio Ljubu\u0161ki","twitter_card":"summary_large_image","twitter_creator":"@radioljubuski","twitter_site":"@radioljubuski","twitter_misc":{"Napisao\/la":"Radio Ljubu\u0161ki","Procijenjeno vrijeme \u010ditanja":"3 minute"},"schema":{"@context":"https:\/\/schema.org","@graph":[{"@type":"Article","@id":"https:\/\/radioljubuski.ba\/index.php\/2021\/06\/14\/mons-cvitkusic-mediji-namecu-ateisticki-pogled-na-svijet-a-crkvu-prikazuju-kao-nazadnu-i-stetnu-za-drustvo\/#article","isPartOf":{"@id":"https:\/\/radioljubuski.ba\/index.php\/2021\/06\/14\/mons-cvitkusic-mediji-namecu-ateisticki-pogled-na-svijet-a-crkvu-prikazuju-kao-nazadnu-i-stetnu-za-drustvo\/"},"author":{"name":"Radio Ljubu\u0161ki","@id":"https:\/\/radioljubuski.ba\/#\/schema\/person\/19fc700381a780f69665d7956c469e3b"},"headline":"Mons. Cvitku\u0161i\u0107: Mediji name\u0107u ateisti\u010dki pogled na svijet, a Crkvu prikazuju kao nazadnu i \u0161tetnu za dru\u0161tvo","datePublished":"2021-06-14T15:21:17+00:00","dateModified":"2021-06-14T15:21:18+00:00","mainEntityOfPage":{"@id":"https:\/\/radioljubuski.ba\/index.php\/2021\/06\/14\/mons-cvitkusic-mediji-namecu-ateisticki-pogled-na-svijet-a-crkvu-prikazuju-kao-nazadnu-i-stetnu-za-drustvo\/"},"wordCount":588,"publisher":{"@id":"https:\/\/radioljubuski.ba\/#organization"},"image":{"@id":"https:\/\/radioljubuski.ba\/index.php\/2021\/06\/14\/mons-cvitkusic-mediji-namecu-ateisticki-pogled-na-svijet-a-crkvu-prikazuju-kao-nazadnu-i-stetnu-za-drustvo\/#primaryimage"},"thumbnailUrl":"https:\/\/radioljubuski.ba\/wp-content\/uploads\/2021\/06\/MG_9723-696x464-1.jpg","articleSection":["BIH i regija"],"inLanguage":"hr"},{"@type":"WebPage","@id":"https:\/\/radioljubuski.ba\/index.php\/2021\/06\/14\/mons-cvitkusic-mediji-namecu-ateisticki-pogled-na-svijet-a-crkvu-prikazuju-kao-nazadnu-i-stetnu-za-drustvo\/","url":"https:\/\/radioljubuski.ba\/index.php\/2021\/06\/14\/mons-cvitkusic-mediji-namecu-ateisticki-pogled-na-svijet-a-crkvu-prikazuju-kao-nazadnu-i-stetnu-za-drustvo\/","name":"Mons. Cvitku\u0161i\u0107: Mediji name\u0107u ateisti\u010dki pogled na svijet, a Crkvu prikazuju kao nazadnu i \u0161tetnu za dru\u0161tvo - RADIO LJUBU\u0160KI","isPartOf":{"@id":"https:\/\/radioljubuski.ba\/#website"},"primaryImageOfPage":{"@id":"https:\/\/radioljubuski.ba\/index.php\/2021\/06\/14\/mons-cvitkusic-mediji-namecu-ateisticki-pogled-na-svijet-a-crkvu-prikazuju-kao-nazadnu-i-stetnu-za-drustvo\/#primaryimage"},"image":{"@id":"https:\/\/radioljubuski.ba\/index.php\/2021\/06\/14\/mons-cvitkusic-mediji-namecu-ateisticki-pogled-na-svijet-a-crkvu-prikazuju-kao-nazadnu-i-stetnu-za-drustvo\/#primaryimage"},"thumbnailUrl":"https:\/\/radioljubuski.ba\/wp-content\/uploads\/2021\/06\/MG_9723-696x464-1.jpg","datePublished":"2021-06-14T15:21:17+00:00","dateModified":"2021-06-14T15:21:18+00:00","breadcrumb":{"@id":"https:\/\/radioljubuski.ba\/index.php\/2021\/06\/14\/mons-cvitkusic-mediji-namecu-ateisticki-pogled-na-svijet-a-crkvu-prikazuju-kao-nazadnu-i-stetnu-za-drustvo\/#breadcrumb"},"inLanguage":"hr","potentialAction":[{"@type":"ReadAction","target":["https:\/\/radioljubuski.ba\/index.php\/2021\/06\/14\/mons-cvitkusic-mediji-namecu-ateisticki-pogled-na-svijet-a-crkvu-prikazuju-kao-nazadnu-i-stetnu-za-drustvo\/"]}]},{"@type":"ImageObject","inLanguage":"hr","@id":"https:\/\/radioljubuski.ba\/index.php\/2021\/06\/14\/mons-cvitkusic-mediji-namecu-ateisticki-pogled-na-svijet-a-crkvu-prikazuju-kao-nazadnu-i-stetnu-za-drustvo\/#primaryimage","url":"https:\/\/radioljubuski.ba\/wp-content\/uploads\/2021\/06\/MG_9723-696x464-1.jpg","contentUrl":"https:\/\/radioljubuski.ba\/wp-content\/uploads\/2021\/06\/MG_9723-696x464-1.jpg","width":696,"height":464},{"@type":"BreadcrumbList","@id":"https:\/\/radioljubuski.ba\/index.php\/2021\/06\/14\/mons-cvitkusic-mediji-namecu-ateisticki-pogled-na-svijet-a-crkvu-prikazuju-kao-nazadnu-i-stetnu-za-drustvo\/#breadcrumb","itemListElement":[{"@type":"ListItem","position":1,"name":"Po\u010detna stranica","item":"https:\/\/radioljubuski.ba\/"},{"@type":"ListItem","position":2,"name":"Mons. Cvitku\u0161i\u0107: Mediji name\u0107u ateisti\u010dki pogled na svijet, a Crkvu prikazuju kao nazadnu i \u0161tetnu za dru\u0161tvo"}]},{"@type":"WebSite","@id":"https:\/\/radioljubuski.ba\/#website","url":"https:\/\/radioljubuski.ba\/","name":"Radio Ljubu\u0161ki","description":"Sun\u010dana frekvencija Hercegovine","publisher":{"@id":"https:\/\/radioljubuski.ba\/#organization"},"potentialAction":[{"@type":"SearchAction","target":{"@type":"EntryPoint","urlTemplate":"https:\/\/radioljubuski.ba\/?s={search_term_string}"},"query-input":{"@type":"PropertyValueSpecification","valueRequired":true,"valueName":"search_term_string"}}],"inLanguage":"hr"},{"@type":"Organization","@id":"https:\/\/radioljubuski.ba\/#organization","name":"Radio Ljubu\u0161ki","url":"https:\/\/radioljubuski.ba\/","logo":{"@type":"ImageObject","inLanguage":"hr","@id":"https:\/\/radioljubuski.ba\/#\/schema\/logo\/image\/","url":"https:\/\/radioljubuski.ba\/wp-content\/uploads\/2021\/02\/cropped-Radio_Ljubuski_logo1.jpg","contentUrl":"https:\/\/radioljubuski.ba\/wp-content\/uploads\/2021\/02\/cropped-Radio_Ljubuski_logo1.jpg","width":512,"height":512,"caption":"Radio Ljubu\u0161ki"},"image":{"@id":"https:\/\/radioljubuski.ba\/#\/schema\/logo\/image\/"},"sameAs":["https:\/\/www.facebook.com\/Radiio-Ljubuski-1490835324566332","https:\/\/x.com\/radioljubuski","https:\/\/hr.linkedin.com\/company\/radio-ljubuski","https:\/\/www.youtube.com\/channel\/UCHYaeO_n0Db3tjNGudGpXyw"]},{"@type":"Person","@id":"https:\/\/radioljubuski.ba\/#\/schema\/person\/19fc700381a780f69665d7956c469e3b","name":"Radio Ljubu\u0161ki"}]}},"_links":{"self":[{"href":"https:\/\/radioljubuski.ba\/index.php\/wp-json\/wp\/v2\/posts\/32400","targetHints":{"allow":["GET"]}}],"collection":[{"href":"https:\/\/radioljubuski.ba\/index.php\/wp-json\/wp\/v2\/posts"}],"about":[{"href":"https:\/\/radioljubuski.ba\/index.php\/wp-json\/wp\/v2\/types\/post"}],"author":[{"embeddable":true,"href":"https:\/\/radioljubuski.ba\/index.php\/wp-json\/wp\/v2\/users\/2"}],"replies":[{"embeddable":true,"href":"https:\/\/radioljubuski.ba\/index.php\/wp-json\/wp\/v2\/comments?post=32400"}],"version-history":[{"count":1,"href":"https:\/\/radioljubuski.ba\/index.php\/wp-json\/wp\/v2\/posts\/32400\/revisions"}],"predecessor-version":[{"id":32402,"href":"https:\/\/radioljubuski.ba\/index.php\/wp-json\/wp\/v2\/posts\/32400\/revisions\/32402"}],"wp:featuredmedia":[{"embeddable":true,"href":"https:\/\/radioljubuski.ba\/index.php\/wp-json\/wp\/v2\/media\/32401"}],"wp:attachment":[{"href":"https:\/\/radioljubuski.ba\/index.php\/wp-json\/wp\/v2\/media?parent=32400"}],"wp:term":[{"taxonomy":"category","embeddable":true,"href":"https:\/\/radioljubuski.ba\/index.php\/wp-json\/wp\/v2\/categories?post=32400"},{"taxonomy":"post_tag","embeddable":true,"href":"https:\/\/radioljubuski.ba\/index.php\/wp-json\/wp\/v2\/tags?post=32400"}],"curies":[{"name":"wp","href":"https:\/\/api.w.org\/{rel}","templated":true}]}}