{"id":32406,"date":"2021-06-14T17:04:41","date_gmt":"2021-06-14T16:04:41","guid":{"rendered":"https:\/\/radioljubuski.ba\/?p=32406"},"modified":"2021-06-14T17:04:42","modified_gmt":"2021-06-14T16:04:42","slug":"krenuo-covid-autobus-promocija-cijepljenja-je-promocija-sigurne-buducnosti","status":"publish","type":"post","link":"https:\/\/radioljubuski.ba\/index.php\/2021\/06\/14\/krenuo-covid-autobus-promocija-cijepljenja-je-promocija-sigurne-buducnosti\/","title":{"rendered":"Krenuo COVID-autobus: &#8216;Promocija cijepljenja je promocija sigurne budu\u0107nosti&#8217;"},"content":{"rendered":"\n<p><strong>Ispred dru\u0161tvenog doma u Starom Gradcu pored Pitoma\u010de po\u010delo je u ponedjeljak ujutro cijepljenje u COVID-autobusu na podru\u010dju Viroviti\u010dko-podravske \u017eupanije u nazo\u010dnosti ministra zdravstva Vilija Bero\u0161a i ravnatelja Hrvatskog zavoda za javno zdravstvo Krunoslava Capaka. Dopodne se cijepilo vi\u0161e od 50 ljudi.<\/strong><\/p>\n\n\n\n<p>Tijekom dana\u0161njeg dana COVID-autobus obi\u0107i \u0107e \u0161est mjesta u toj \u017eupaniji, a u svakom \u0107e se zadr\u017eati oko sat vremena. Do kraja sljede\u0107eg tjedna autobus \u0107e obi\u0107i vi\u0161e od 40 mjesta, a ako je suditi prema duga\u010dkom redu koji se stvorio ispred autobusa, interesa ne\u0107e manjkati.<br><br>Cijepi se bez narud\u017ebe Pfizerovim cjepivom, a gra\u0111ani odmah dobiju i termin za drugu dozu.<\/p>\n\n\n\n<p><strong>Bero\u0161: Promocija cijepljenja promocija sigurne budu\u0107nosti<\/strong><br><br>Ministar zdravstva<strong>\u00a0Vili Bero\u0161\u00a0<\/strong>i ravnatelj HZJZ-a<strong>\u00a0Krunoslav Capak\u00a0<\/strong>sudjelovali su na promociji novog na\u010dina cijepljenja ujutro u mjestima Stari Gradac i Otrovanec.<br><br>&#8211; Zadovoljstvo mi je biti u \u017eupaniji koja od po\u010detka promovira inovativne na\u010dine cijepljenja, njihov drive in je prvi za\u017eivio, evo sad svjedo\u010dimo \u010dinjenici da su organizirana dva autobusa koja \u0107e i\u0107i od mjesta do mjesta i cijepiti gra\u0111ane. Cijepljenje je najva\u017eniji alat u borbi protiv pandemije i va\u017eno je uz javne pozive i nadalje i\u0107i prema zajednici i cijepiti sugra\u0111ane. Svaki cijepljeni sugra\u0111anin je dobitak za hrvatski zdravstveni sustav i borbu protiv pandemije. Cijepljenje nas \u0161titi od te\u0161kih oblika bolesti, \u0161titi nas od intenzivnog lije\u010denja i drugih lo\u0161ih ishoda. U\u010dinimo ono \u0161to je nabolje za nas &#8211; cijepimo se!, poru\u010dio je Bero\u0161.<br><br>&#8211; Moramo se cijepiti i \u010duvati zdravlje na\u0161ih gra\u0111ana. Potpuno je jasno da to mo\u017eemo jedino zajedno, \u010demu svjedo\u010di i ova ideja. U neobi\u010dno izazovnoj smo situaciji sada, dolazi nam turisti\u010dka sezona, u svijetu ima i novih sojeva. \u017delimo biti promi\u0161ljeni, sigurni, odaslati poruku sigurnosti svima pa tako i na\u0161im gostima. Cijepljenje je najbolje \u0161to mo\u017eemo u ovom trenutku u\u010diniti. Promocija cijepljenja je promocija zdravlja, promocija sigurne budu\u0107nosti i zdravstvene i gospodarske RH, to je najva\u017enije u ovom trenutku, dodao je.<br><br>&#8211; Ova borba traje ve\u0107 du\u017ee vrijeme. Na\u0161i epidemiolozi, zavodi za javno zdravstvo, sanitarni in\u017eenjeri nose na svojim le\u0111ima teret ove borbe i njima iznimno hvala. Na putu od Virovitice razgovarali smo kako mo\u017eemo unaprijediti taj sustav promi\u0161ljanja, ono \u0161to je od najve\u0107eg zna\u010daja &#8211; moramo biti svjesni opasnosti oko nas, virus jo\u0161 nije oti\u0161ao, cijepljenjem i po\u0161tovanjem mjera napravit \u0107emo najbolje za Hrvatsku, zaklju\u010dio je Bero\u0161.<br><br>Bero\u0161 je naglasio da cijepljenje ne staje krajem lipnja, nego da \u0107e se na tome raditi i tijekom ljeta te u rujnu.\u00a0<br><br>&#8211; To je okvirni broj i ne toliko va\u017ean. Va\u017eno je \u0161to \u0107emo bilje\u017eiti sredinom jeseni kada \u0107emo podvu\u0107i crtu i vidjeti koliki je opseg procijepljenosti. Nadajmo se da \u0107e svi biti svjesni da taj cilj moramo ostvariti kako bi onemogu\u0107ili \u0161irenje virusa, rekao je Bero\u0161 dodaju\u0107i kako je u ruralnim sredinama oko Karlovca procijepljenost starijih bolja nego u velikim gradovima.<br><br>Naglasio je da fokus treba prebaciti i na edukaciju starijih sugra\u0111ana u urbanim sredinama.<\/p>\n\n\n\n<iframe loading=\"lazy\" src=\"https:\/\/www.facebook.com\/plugins\/video.php?height=314&#038;href=https%3A%2F%2Fwww.facebook.com%2Fwww.hrt.hr%2Fvideos%2F1157316218106381%2F&#038;show_text=false&#038;width=560&#038;t=0\" width=\"560\" height=\"314\" style=\"border:none;overflow:hidden\" scrolling=\"no\" frameborder=\"0\" allowfullscreen=\"true\" allow=\"autoplay; clipboard-write; encrypted-media; picture-in-picture; web-share\" allowFullScreen=\"true\"><\/iframe>\n\n\n\n<p><strong>Capak: Idemo prema zajednici<\/strong><br><br>&#8211; Idemo prema zajednici, ovo je prvi dokaz, autobus koji \u0107e obi\u0107i ruralna podru\u010dja i u\u010diniti cijepljenje dostupnijim onima koji su se dvoumili da li bi putovali u neki ve\u0107i grad, a sad \u0107e imati priliku cijepiti se u blizini svojih domova. Vidjeli ste da je Sto\u017eer donio odluke kojima stimulira, kroz digitalne COVID potvrde, da se ljudi \u010dim vi\u0161e cijepe i mogu dolaziti na razli\u010dita sportska i kulturna doga\u0111anja. Izlaz iz ove epidemije je jedino u cijepljenju, rekao je.<br><br><strong>Cijepljenje na &#8216;ku\u0107nom pragu&#8217;<\/strong><br><br>&#8211; Ideja je da do\u0111emo svakom sugra\u0111aninu na ku\u0107ni prag kako bi cijepljenje doveli njemu, jer je on mo\u017eda iz opravdanih razloga u nemogu\u0107nosti do\u0107i na cijepljenje. Nakon javnog poziva i drive ina ovo je tre\u0107i potez koji smo napravili. Pozivam sugra\u0111ane da vjeruju struci, da se odazovu na cijepljenje jer je to jedini na\u010din da stanemo na kraj epidemiji, re\u010deno je na promociji COVID-autobusa.<\/p>\n\n\n\n<p><br><strong>Capak: Procijepljenost u Hrvatskoj 42 posto<\/strong><br><br><strong>Krunoslav Capak,&nbsp;<\/strong>ravnatelj HZJZ-a, rekao je da smo na malo vi\u0161e od 40 posto cijepljenih odraslih stanovnika te da je interes za cijepljenje malo pao.&nbsp;<\/p>\n\n\n\n<p><br>&#8211; Aktualni epidemiolo\u0161ki trenutak je dobar, pro\u0161le godine smo u ovo vrijeme bili na nuli, ove godine se bojimo da ne mo\u017eemo do toga do\u0107i. U Hrvatskoj smo detektirali indijski soj koji se ne\u0161to br\u017ee \u0161iri, opasniji je i svi skupa trebamo biti oprezni. Ne treba zaboraviti klasi\u010dne epidemiolo\u0161ke mjere &#8211; distanca, maska, dezinfekcija, provjetravanje. Trebamo se dr\u017eati mjera kako bi spremno do\u010dekali sezonu, proveli mirno ljeto i u me\u0111uvremenu cijepili \u0161to vi\u0161e stanovnika tako da najesen kre\u0107emo u povoljniju situaciju u odnosu na novi val o kojem ve\u0107 sada svi pri\u010daju, rekao je Capak.<br><br>Capak je rekao da je u Zagrebu cijepljeno 47 posto odraslih, dok se u nekim krajevima taj postotak kre\u0107e oko 30 posto. Prosjek za Hrvatsku je 42 posto.&nbsp; Rekao je da bi jo\u0161 oko 400.000 trebali cijepiti prvom dozom kroz dva tjedna te dodao da cjepiva ima dovoljno.<br><br>&#8211; Poku\u0161avamo inovativnim pristupima privu\u0107i \u0161to vi\u0161e gra\u0111ana da se cijepe, dodao je Capak.<\/p>\n\n\n\n<p><strong>Androvi\u0107 o novoj metodi cijepljenja<br><\/strong><br>Novi na\u010din cijepljenja provodit \u0107e se u \u0161est mjesta &#8211; Stari Gradac, Otrovanec, Velika \u010cre\u0161njevica, Turna\u0161ica, \u0160pi\u0161i\u0107 Bukovica i Bu\u0161etina.\u00a0<br><br><strong>Igor Androvi\u0107<\/strong>, viroviti\u010dko-podravski \u017eupan u emisiji Hrvatskog radija &#8220;U mre\u017ei Prvog&#8221; pojasnio je kako bi sve trebalo izgledati:<br><br>&#8211; Od danas kre\u0107emo s cijepljenjem u manjim sredinama putem COVID-autobusa gdje \u0107emo u unaprijed dogovorenom vremenu i mjestu boraviti sat vremena. Ljudi koji se budu htjeli cijepiti \u0107e u\u0107i, cijepiti se, biti tamo obveznih 15 minuta nakon cijepljenja i dalje svatko svojoj ku\u0107i. Nakon predvi\u0111enih sat vremena autobus ide u drugo naselje, pojasnio je.<br><br>Prije ulaska u autobus gra\u0111anima \u0107e se mjeriti temperatura. Nakon cijepljenja u realnom vremenu osoba \u0107e biti upisana u sustav.<br><br>Danas je cijepljenje predvi\u0111eno u dvjema op\u0107inama: Pitoma\u010di i \u0160pi\u0161i\u0107 Bukovici.<br><br>&#8211; Termine za cijepljenje imamo u svakom naselju. Vjerujem da \u0107emo na taj na\u010din uspjeti pribli\u017eiti cjepivo na\u0161im ljudima koji vi\u0161e ne moraju dolaziti na punktove ili u domove zdravlja, dodao je Androvi\u0107.<br><br>Predvi\u0111eno je da autobus kru\u017ei sve do 25. lipnja kako bi se gra\u0111ani cijepili prvom dozom, a nakon toga je planirano i cijepljenje drugom dozom.<br><br>Ako bude interesa, cijepljenje u COVID-autobusu nastavit \u0107e se i nakon toga.<br><br>&#8211; Cijepljenje kre\u0107e od 9 sati, a traje do 16, 17 sati. Ne treba se najavljivati, mi smo preko na\u010delnika i gradona\u010delnika obavijestili kada smo u kojem naselju, tako da se ne treba najavljivati. Svi zainteresirani znaju kada mogu do\u0107i, pojasnio je Androvi\u0107.<br><br>Cilj je cijepiti najmanje 50 posto odraslog stanovni\u0161tva.<br><br>&#8211; Sada smo negdje na 36 posto \u0161to se ti\u010de prve doze, a vjerujem da \u0107emo COVID-autobusom i javnim pozivom do\u0107i do 50 posto, rekao je Androvi\u0107.<\/p>\n\n\n\n<iframe loading=\"lazy\" src=\"https:\/\/www.facebook.com\/plugins\/video.php?height=314&#038;href=https%3A%2F%2Fwww.facebook.com%2Fprviprogramradija%2Fvideos%2F532755984802558%2F&#038;show_text=false&#038;width=560&#038;t=0\" width=\"560\" height=\"314\" style=\"border:none;overflow:hidden\" scrolling=\"no\" frameborder=\"0\" allowfullscreen=\"true\" allow=\"autoplay; clipboard-write; encrypted-media; picture-in-picture; web-share\" allowFullScreen=\"true\"><\/iframe>\n\n\n\n<p>Izvor:hrt.hr<\/p>\n","protected":false},"excerpt":{"rendered":"<p>Ispred dru\u0161tvenog doma u Starom Gradcu pored Pitoma\u010de po\u010delo je u ponedjeljak ujutro cijepljenje u COVID-autobusu na podru\u010dju Viroviti\u010dko-podravske \u017eupanije u nazo\u010dnosti ministra zdravstva Vilija Bero\u0161a i ravnatelja Hrvatskog zavoda za javno zdravstvo Krunoslava Capaka. Dopodne se cijepilo vi\u0161e od 50 ljudi. Tijekom dana\u0161njeg dana COVID-autobus obi\u0107i \u0107e \u0161est mjesta u toj \u017eupaniji, a u [&hellip;]<\/p>\n","protected":false},"author":2,"featured_media":32407,"comment_status":"closed","ping_status":"closed","sticky":false,"template":"","format":"standard","meta":{"h5ap_radio_sources":[],"footnotes":""},"categories":[1],"tags":[],"class_list":["post-32406","post","type-post","status-publish","format-standard","has-post-thumbnail","hentry","category-bihiregija"],"yoast_head":"<!-- This site is optimized with the Yoast SEO plugin v27.5 - https:\/\/yoast.com\/product\/yoast-seo-wordpress\/ -->\n<title>Krenuo COVID-autobus: &#039;Promocija cijepljenja je promocija sigurne budu\u0107nosti&#039; - RADIO LJUBU\u0160KI<\/title>\n<meta name=\"robots\" content=\"index, follow, max-snippet:-1, max-image-preview:large, max-video-preview:-1\" \/>\n<link rel=\"canonical\" href=\"https:\/\/radioljubuski.ba\/index.php\/2021\/06\/14\/krenuo-covid-autobus-promocija-cijepljenja-je-promocija-sigurne-buducnosti\/\" \/>\n<meta property=\"og:locale\" content=\"hr_HR\" \/>\n<meta property=\"og:type\" content=\"article\" \/>\n<meta property=\"og:title\" content=\"Krenuo COVID-autobus: &#039;Promocija cijepljenja je promocija sigurne budu\u0107nosti&#039; - RADIO LJUBU\u0160KI\" \/>\n<meta property=\"og:description\" content=\"Ispred dru\u0161tvenog doma u Starom Gradcu pored Pitoma\u010de po\u010delo je u ponedjeljak ujutro cijepljenje u COVID-autobusu na podru\u010dju Viroviti\u010dko-podravske \u017eupanije u nazo\u010dnosti ministra zdravstva Vilija Bero\u0161a i ravnatelja Hrvatskog zavoda za javno zdravstvo Krunoslava Capaka. Dopodne se cijepilo vi\u0161e od 50 ljudi. Tijekom dana\u0161njeg dana COVID-autobus obi\u0107i \u0107e \u0161est mjesta u toj \u017eupaniji, a u [&hellip;]\" \/>\n<meta property=\"og:url\" content=\"https:\/\/radioljubuski.ba\/index.php\/2021\/06\/14\/krenuo-covid-autobus-promocija-cijepljenja-je-promocija-sigurne-buducnosti\/\" \/>\n<meta property=\"og:site_name\" content=\"RADIO LJUBU\u0160KI\" \/>\n<meta property=\"article:publisher\" content=\"https:\/\/www.facebook.com\/Radiio-Ljubuski-1490835324566332\" \/>\n<meta property=\"article:published_time\" content=\"2021-06-14T16:04:41+00:00\" \/>\n<meta property=\"article:modified_time\" content=\"2021-06-14T16:04:42+00:00\" \/>\n<meta property=\"og:image\" content=\"https:\/\/radioljubuski.ba\/wp-content\/uploads\/2021\/06\/preuzmi-32.jpg\" \/>\n\t<meta property=\"og:image:width\" content=\"275\" \/>\n\t<meta property=\"og:image:height\" content=\"183\" \/>\n\t<meta property=\"og:image:type\" content=\"image\/jpeg\" \/>\n<meta name=\"author\" content=\"Radio Ljubu\u0161ki\" \/>\n<meta name=\"twitter:card\" content=\"summary_large_image\" \/>\n<meta name=\"twitter:creator\" content=\"@radioljubuski\" \/>\n<meta name=\"twitter:site\" content=\"@radioljubuski\" \/>\n<meta name=\"twitter:label1\" content=\"Napisao\/la\" \/>\n\t<meta name=\"twitter:data1\" content=\"Radio Ljubu\u0161ki\" \/>\n\t<meta name=\"twitter:label2\" content=\"Procijenjeno vrijeme \u010ditanja\" \/>\n\t<meta name=\"twitter:data2\" content=\"5 minuta\" \/>\n<script type=\"application\/ld+json\" class=\"yoast-schema-graph\">{\"@context\":\"https:\\\/\\\/schema.org\",\"@graph\":[{\"@type\":\"Article\",\"@id\":\"https:\\\/\\\/radioljubuski.ba\\\/index.php\\\/2021\\\/06\\\/14\\\/krenuo-covid-autobus-promocija-cijepljenja-je-promocija-sigurne-buducnosti\\\/#article\",\"isPartOf\":{\"@id\":\"https:\\\/\\\/radioljubuski.ba\\\/index.php\\\/2021\\\/06\\\/14\\\/krenuo-covid-autobus-promocija-cijepljenja-je-promocija-sigurne-buducnosti\\\/\"},\"author\":{\"name\":\"Radio Ljubu\u0161ki\",\"@id\":\"https:\\\/\\\/radioljubuski.ba\\\/#\\\/schema\\\/person\\\/19fc700381a780f69665d7956c469e3b\"},\"headline\":\"Krenuo COVID-autobus: &#8216;Promocija cijepljenja je promocija sigurne budu\u0107nosti&#8217;\",\"datePublished\":\"2021-06-14T16:04:41+00:00\",\"dateModified\":\"2021-06-14T16:04:42+00:00\",\"mainEntityOfPage\":{\"@id\":\"https:\\\/\\\/radioljubuski.ba\\\/index.php\\\/2021\\\/06\\\/14\\\/krenuo-covid-autobus-promocija-cijepljenja-je-promocija-sigurne-buducnosti\\\/\"},\"wordCount\":1232,\"publisher\":{\"@id\":\"https:\\\/\\\/radioljubuski.ba\\\/#organization\"},\"image\":{\"@id\":\"https:\\\/\\\/radioljubuski.ba\\\/index.php\\\/2021\\\/06\\\/14\\\/krenuo-covid-autobus-promocija-cijepljenja-je-promocija-sigurne-buducnosti\\\/#primaryimage\"},\"thumbnailUrl\":\"https:\\\/\\\/radioljubuski.ba\\\/wp-content\\\/uploads\\\/2021\\\/06\\\/preuzmi-32.jpg\",\"articleSection\":[\"BIH i regija\"],\"inLanguage\":\"hr\"},{\"@type\":\"WebPage\",\"@id\":\"https:\\\/\\\/radioljubuski.ba\\\/index.php\\\/2021\\\/06\\\/14\\\/krenuo-covid-autobus-promocija-cijepljenja-je-promocija-sigurne-buducnosti\\\/\",\"url\":\"https:\\\/\\\/radioljubuski.ba\\\/index.php\\\/2021\\\/06\\\/14\\\/krenuo-covid-autobus-promocija-cijepljenja-je-promocija-sigurne-buducnosti\\\/\",\"name\":\"Krenuo COVID-autobus: 'Promocija cijepljenja je promocija sigurne budu\u0107nosti' - RADIO LJUBU\u0160KI\",\"isPartOf\":{\"@id\":\"https:\\\/\\\/radioljubuski.ba\\\/#website\"},\"primaryImageOfPage\":{\"@id\":\"https:\\\/\\\/radioljubuski.ba\\\/index.php\\\/2021\\\/06\\\/14\\\/krenuo-covid-autobus-promocija-cijepljenja-je-promocija-sigurne-buducnosti\\\/#primaryimage\"},\"image\":{\"@id\":\"https:\\\/\\\/radioljubuski.ba\\\/index.php\\\/2021\\\/06\\\/14\\\/krenuo-covid-autobus-promocija-cijepljenja-je-promocija-sigurne-buducnosti\\\/#primaryimage\"},\"thumbnailUrl\":\"https:\\\/\\\/radioljubuski.ba\\\/wp-content\\\/uploads\\\/2021\\\/06\\\/preuzmi-32.jpg\",\"datePublished\":\"2021-06-14T16:04:41+00:00\",\"dateModified\":\"2021-06-14T16:04:42+00:00\",\"breadcrumb\":{\"@id\":\"https:\\\/\\\/radioljubuski.ba\\\/index.php\\\/2021\\\/06\\\/14\\\/krenuo-covid-autobus-promocija-cijepljenja-je-promocija-sigurne-buducnosti\\\/#breadcrumb\"},\"inLanguage\":\"hr\",\"potentialAction\":[{\"@type\":\"ReadAction\",\"target\":[\"https:\\\/\\\/radioljubuski.ba\\\/index.php\\\/2021\\\/06\\\/14\\\/krenuo-covid-autobus-promocija-cijepljenja-je-promocija-sigurne-buducnosti\\\/\"]}]},{\"@type\":\"ImageObject\",\"inLanguage\":\"hr\",\"@id\":\"https:\\\/\\\/radioljubuski.ba\\\/index.php\\\/2021\\\/06\\\/14\\\/krenuo-covid-autobus-promocija-cijepljenja-je-promocija-sigurne-buducnosti\\\/#primaryimage\",\"url\":\"https:\\\/\\\/radioljubuski.ba\\\/wp-content\\\/uploads\\\/2021\\\/06\\\/preuzmi-32.jpg\",\"contentUrl\":\"https:\\\/\\\/radioljubuski.ba\\\/wp-content\\\/uploads\\\/2021\\\/06\\\/preuzmi-32.jpg\",\"width\":275,\"height\":183},{\"@type\":\"BreadcrumbList\",\"@id\":\"https:\\\/\\\/radioljubuski.ba\\\/index.php\\\/2021\\\/06\\\/14\\\/krenuo-covid-autobus-promocija-cijepljenja-je-promocija-sigurne-buducnosti\\\/#breadcrumb\",\"itemListElement\":[{\"@type\":\"ListItem\",\"position\":1,\"name\":\"Po\u010detna stranica\",\"item\":\"https:\\\/\\\/radioljubuski.ba\\\/\"},{\"@type\":\"ListItem\",\"position\":2,\"name\":\"Krenuo COVID-autobus: &#8216;Promocija cijepljenja je promocija sigurne budu\u0107nosti&#8217;\"}]},{\"@type\":\"WebSite\",\"@id\":\"https:\\\/\\\/radioljubuski.ba\\\/#website\",\"url\":\"https:\\\/\\\/radioljubuski.ba\\\/\",\"name\":\"Radio Ljubu\u0161ki\",\"description\":\"Sun\u010dana frekvencija Hercegovine\",\"publisher\":{\"@id\":\"https:\\\/\\\/radioljubuski.ba\\\/#organization\"},\"potentialAction\":[{\"@type\":\"SearchAction\",\"target\":{\"@type\":\"EntryPoint\",\"urlTemplate\":\"https:\\\/\\\/radioljubuski.ba\\\/?s={search_term_string}\"},\"query-input\":{\"@type\":\"PropertyValueSpecification\",\"valueRequired\":true,\"valueName\":\"search_term_string\"}}],\"inLanguage\":\"hr\"},{\"@type\":\"Organization\",\"@id\":\"https:\\\/\\\/radioljubuski.ba\\\/#organization\",\"name\":\"Radio Ljubu\u0161ki\",\"url\":\"https:\\\/\\\/radioljubuski.ba\\\/\",\"logo\":{\"@type\":\"ImageObject\",\"inLanguage\":\"hr\",\"@id\":\"https:\\\/\\\/radioljubuski.ba\\\/#\\\/schema\\\/logo\\\/image\\\/\",\"url\":\"https:\\\/\\\/radioljubuski.ba\\\/wp-content\\\/uploads\\\/2021\\\/02\\\/cropped-Radio_Ljubuski_logo1.jpg\",\"contentUrl\":\"https:\\\/\\\/radioljubuski.ba\\\/wp-content\\\/uploads\\\/2021\\\/02\\\/cropped-Radio_Ljubuski_logo1.jpg\",\"width\":512,\"height\":512,\"caption\":\"Radio Ljubu\u0161ki\"},\"image\":{\"@id\":\"https:\\\/\\\/radioljubuski.ba\\\/#\\\/schema\\\/logo\\\/image\\\/\"},\"sameAs\":[\"https:\\\/\\\/www.facebook.com\\\/Radiio-Ljubuski-1490835324566332\",\"https:\\\/\\\/x.com\\\/radioljubuski\",\"https:\\\/\\\/hr.linkedin.com\\\/company\\\/radio-ljubuski\",\"https:\\\/\\\/www.youtube.com\\\/channel\\\/UCHYaeO_n0Db3tjNGudGpXyw\"]},{\"@type\":\"Person\",\"@id\":\"https:\\\/\\\/radioljubuski.ba\\\/#\\\/schema\\\/person\\\/19fc700381a780f69665d7956c469e3b\",\"name\":\"Radio Ljubu\u0161ki\"}]}<\/script>\n<!-- \/ Yoast SEO plugin. -->","yoast_head_json":{"title":"Krenuo COVID-autobus: 'Promocija cijepljenja je promocija sigurne budu\u0107nosti' - RADIO LJUBU\u0160KI","robots":{"index":"index","follow":"follow","max-snippet":"max-snippet:-1","max-image-preview":"max-image-preview:large","max-video-preview":"max-video-preview:-1"},"canonical":"https:\/\/radioljubuski.ba\/index.php\/2021\/06\/14\/krenuo-covid-autobus-promocija-cijepljenja-je-promocija-sigurne-buducnosti\/","og_locale":"hr_HR","og_type":"article","og_title":"Krenuo COVID-autobus: 'Promocija cijepljenja je promocija sigurne budu\u0107nosti' - RADIO LJUBU\u0160KI","og_description":"Ispred dru\u0161tvenog doma u Starom Gradcu pored Pitoma\u010de po\u010delo je u ponedjeljak ujutro cijepljenje u COVID-autobusu na podru\u010dju Viroviti\u010dko-podravske \u017eupanije u nazo\u010dnosti ministra zdravstva Vilija Bero\u0161a i ravnatelja Hrvatskog zavoda za javno zdravstvo Krunoslava Capaka. Dopodne se cijepilo vi\u0161e od 50 ljudi. Tijekom dana\u0161njeg dana COVID-autobus obi\u0107i \u0107e \u0161est mjesta u toj \u017eupaniji, a u [&hellip;]","og_url":"https:\/\/radioljubuski.ba\/index.php\/2021\/06\/14\/krenuo-covid-autobus-promocija-cijepljenja-je-promocija-sigurne-buducnosti\/","og_site_name":"RADIO LJUBU\u0160KI","article_publisher":"https:\/\/www.facebook.com\/Radiio-Ljubuski-1490835324566332","article_published_time":"2021-06-14T16:04:41+00:00","article_modified_time":"2021-06-14T16:04:42+00:00","og_image":[{"width":275,"height":183,"url":"https:\/\/radioljubuski.ba\/wp-content\/uploads\/2021\/06\/preuzmi-32.jpg","type":"image\/jpeg"}],"author":"Radio Ljubu\u0161ki","twitter_card":"summary_large_image","twitter_creator":"@radioljubuski","twitter_site":"@radioljubuski","twitter_misc":{"Napisao\/la":"Radio Ljubu\u0161ki","Procijenjeno vrijeme \u010ditanja":"5 minuta"},"schema":{"@context":"https:\/\/schema.org","@graph":[{"@type":"Article","@id":"https:\/\/radioljubuski.ba\/index.php\/2021\/06\/14\/krenuo-covid-autobus-promocija-cijepljenja-je-promocija-sigurne-buducnosti\/#article","isPartOf":{"@id":"https:\/\/radioljubuski.ba\/index.php\/2021\/06\/14\/krenuo-covid-autobus-promocija-cijepljenja-je-promocija-sigurne-buducnosti\/"},"author":{"name":"Radio Ljubu\u0161ki","@id":"https:\/\/radioljubuski.ba\/#\/schema\/person\/19fc700381a780f69665d7956c469e3b"},"headline":"Krenuo COVID-autobus: &#8216;Promocija cijepljenja je promocija sigurne budu\u0107nosti&#8217;","datePublished":"2021-06-14T16:04:41+00:00","dateModified":"2021-06-14T16:04:42+00:00","mainEntityOfPage":{"@id":"https:\/\/radioljubuski.ba\/index.php\/2021\/06\/14\/krenuo-covid-autobus-promocija-cijepljenja-je-promocija-sigurne-buducnosti\/"},"wordCount":1232,"publisher":{"@id":"https:\/\/radioljubuski.ba\/#organization"},"image":{"@id":"https:\/\/radioljubuski.ba\/index.php\/2021\/06\/14\/krenuo-covid-autobus-promocija-cijepljenja-je-promocija-sigurne-buducnosti\/#primaryimage"},"thumbnailUrl":"https:\/\/radioljubuski.ba\/wp-content\/uploads\/2021\/06\/preuzmi-32.jpg","articleSection":["BIH i regija"],"inLanguage":"hr"},{"@type":"WebPage","@id":"https:\/\/radioljubuski.ba\/index.php\/2021\/06\/14\/krenuo-covid-autobus-promocija-cijepljenja-je-promocija-sigurne-buducnosti\/","url":"https:\/\/radioljubuski.ba\/index.php\/2021\/06\/14\/krenuo-covid-autobus-promocija-cijepljenja-je-promocija-sigurne-buducnosti\/","name":"Krenuo COVID-autobus: 'Promocija cijepljenja je promocija sigurne budu\u0107nosti' - RADIO LJUBU\u0160KI","isPartOf":{"@id":"https:\/\/radioljubuski.ba\/#website"},"primaryImageOfPage":{"@id":"https:\/\/radioljubuski.ba\/index.php\/2021\/06\/14\/krenuo-covid-autobus-promocija-cijepljenja-je-promocija-sigurne-buducnosti\/#primaryimage"},"image":{"@id":"https:\/\/radioljubuski.ba\/index.php\/2021\/06\/14\/krenuo-covid-autobus-promocija-cijepljenja-je-promocija-sigurne-buducnosti\/#primaryimage"},"thumbnailUrl":"https:\/\/radioljubuski.ba\/wp-content\/uploads\/2021\/06\/preuzmi-32.jpg","datePublished":"2021-06-14T16:04:41+00:00","dateModified":"2021-06-14T16:04:42+00:00","breadcrumb":{"@id":"https:\/\/radioljubuski.ba\/index.php\/2021\/06\/14\/krenuo-covid-autobus-promocija-cijepljenja-je-promocija-sigurne-buducnosti\/#breadcrumb"},"inLanguage":"hr","potentialAction":[{"@type":"ReadAction","target":["https:\/\/radioljubuski.ba\/index.php\/2021\/06\/14\/krenuo-covid-autobus-promocija-cijepljenja-je-promocija-sigurne-buducnosti\/"]}]},{"@type":"ImageObject","inLanguage":"hr","@id":"https:\/\/radioljubuski.ba\/index.php\/2021\/06\/14\/krenuo-covid-autobus-promocija-cijepljenja-je-promocija-sigurne-buducnosti\/#primaryimage","url":"https:\/\/radioljubuski.ba\/wp-content\/uploads\/2021\/06\/preuzmi-32.jpg","contentUrl":"https:\/\/radioljubuski.ba\/wp-content\/uploads\/2021\/06\/preuzmi-32.jpg","width":275,"height":183},{"@type":"BreadcrumbList","@id":"https:\/\/radioljubuski.ba\/index.php\/2021\/06\/14\/krenuo-covid-autobus-promocija-cijepljenja-je-promocija-sigurne-buducnosti\/#breadcrumb","itemListElement":[{"@type":"ListItem","position":1,"name":"Po\u010detna stranica","item":"https:\/\/radioljubuski.ba\/"},{"@type":"ListItem","position":2,"name":"Krenuo COVID-autobus: &#8216;Promocija cijepljenja je promocija sigurne budu\u0107nosti&#8217;"}]},{"@type":"WebSite","@id":"https:\/\/radioljubuski.ba\/#website","url":"https:\/\/radioljubuski.ba\/","name":"Radio Ljubu\u0161ki","description":"Sun\u010dana frekvencija Hercegovine","publisher":{"@id":"https:\/\/radioljubuski.ba\/#organization"},"potentialAction":[{"@type":"SearchAction","target":{"@type":"EntryPoint","urlTemplate":"https:\/\/radioljubuski.ba\/?s={search_term_string}"},"query-input":{"@type":"PropertyValueSpecification","valueRequired":true,"valueName":"search_term_string"}}],"inLanguage":"hr"},{"@type":"Organization","@id":"https:\/\/radioljubuski.ba\/#organization","name":"Radio Ljubu\u0161ki","url":"https:\/\/radioljubuski.ba\/","logo":{"@type":"ImageObject","inLanguage":"hr","@id":"https:\/\/radioljubuski.ba\/#\/schema\/logo\/image\/","url":"https:\/\/radioljubuski.ba\/wp-content\/uploads\/2021\/02\/cropped-Radio_Ljubuski_logo1.jpg","contentUrl":"https:\/\/radioljubuski.ba\/wp-content\/uploads\/2021\/02\/cropped-Radio_Ljubuski_logo1.jpg","width":512,"height":512,"caption":"Radio Ljubu\u0161ki"},"image":{"@id":"https:\/\/radioljubuski.ba\/#\/schema\/logo\/image\/"},"sameAs":["https:\/\/www.facebook.com\/Radiio-Ljubuski-1490835324566332","https:\/\/x.com\/radioljubuski","https:\/\/hr.linkedin.com\/company\/radio-ljubuski","https:\/\/www.youtube.com\/channel\/UCHYaeO_n0Db3tjNGudGpXyw"]},{"@type":"Person","@id":"https:\/\/radioljubuski.ba\/#\/schema\/person\/19fc700381a780f69665d7956c469e3b","name":"Radio Ljubu\u0161ki"}]}},"_links":{"self":[{"href":"https:\/\/radioljubuski.ba\/index.php\/wp-json\/wp\/v2\/posts\/32406","targetHints":{"allow":["GET"]}}],"collection":[{"href":"https:\/\/radioljubuski.ba\/index.php\/wp-json\/wp\/v2\/posts"}],"about":[{"href":"https:\/\/radioljubuski.ba\/index.php\/wp-json\/wp\/v2\/types\/post"}],"author":[{"embeddable":true,"href":"https:\/\/radioljubuski.ba\/index.php\/wp-json\/wp\/v2\/users\/2"}],"replies":[{"embeddable":true,"href":"https:\/\/radioljubuski.ba\/index.php\/wp-json\/wp\/v2\/comments?post=32406"}],"version-history":[{"count":1,"href":"https:\/\/radioljubuski.ba\/index.php\/wp-json\/wp\/v2\/posts\/32406\/revisions"}],"predecessor-version":[{"id":32408,"href":"https:\/\/radioljubuski.ba\/index.php\/wp-json\/wp\/v2\/posts\/32406\/revisions\/32408"}],"wp:featuredmedia":[{"embeddable":true,"href":"https:\/\/radioljubuski.ba\/index.php\/wp-json\/wp\/v2\/media\/32407"}],"wp:attachment":[{"href":"https:\/\/radioljubuski.ba\/index.php\/wp-json\/wp\/v2\/media?parent=32406"}],"wp:term":[{"taxonomy":"category","embeddable":true,"href":"https:\/\/radioljubuski.ba\/index.php\/wp-json\/wp\/v2\/categories?post=32406"},{"taxonomy":"post_tag","embeddable":true,"href":"https:\/\/radioljubuski.ba\/index.php\/wp-json\/wp\/v2\/tags?post=32406"}],"curies":[{"name":"wp","href":"https:\/\/api.w.org\/{rel}","templated":true}]}}