{"id":32412,"date":"2021-06-14T17:08:33","date_gmt":"2021-06-14T16:08:33","guid":{"rendered":"https:\/\/radioljubuski.ba\/?p=32412"},"modified":"2021-06-14T17:08:34","modified_gmt":"2021-06-14T16:08:34","slug":"sudarila-se-tri-motocikla-i-automobil-jedan-poginuo-troje-ozlijedenih","status":"publish","type":"post","link":"https:\/\/radioljubuski.ba\/index.php\/2021\/06\/14\/sudarila-se-tri-motocikla-i-automobil-jedan-poginuo-troje-ozlijedenih\/","title":{"rendered":"Sudarila se tri motocikla i automobil: Jedan poginuo, troje ozlije\u0111enih"},"content":{"rendered":"\n<p>Sino\u0107 oko 21 sat na Jadranskoj magistrali u Murvici pokraj Zadra, dogodila se te\u0161ka prometna nesre\u0107a. U sudaru osobnoga vozila i nekoliko motocikala poginuo je mu\u0161karac. Tri osobe s te\u0161kim ozljedama prevezene su u zadarsku bolnicu.<\/p>\n\n\n\n<p>Sumnja se da je do nesre\u0107e do\u0161lo kada je 52- godi\u0161nji voza\u010d motocikla zadarskih registarskih oznaka, voze\u0107i iz smjera Posedarja u smjeru Zadra te po\u010deo pretjecati osobni automobil karlova\u010dkih registarskih oznaka kojim je upravljao 50-godi\u0161njak. U lijevoj prometnoj traci, namijenjenoj za kretanje vozila iz suprotnog smjera, udario je u prednji dio osobnog automobila zadarskih registarskih oznaka kojim je upravljao 28-godi\u0161njak, a koji se kretao istom dionicom.<br><br>Nakon udara, osobni automobil zadarskih oznaka nastavio se nekontrolirano kretati u smjeru Posedarja, te se zaustavio izvan kolnika, dok se voza\u010d motocikla odvojio od vozila i pao izvan kolnika. Prilikom udara, dijelovi motocikla i osobnog automobila o\u0161tetili su osobni automobil karlova\u010dkih registarskih oznaka i drugi motocikl zadarskih registarskih oznaka kojim je upravljao 19-godi\u0161njak, a koji se kretao iza 52-godi\u0161njeg voza\u010da motocikla. 19-godi\u0161njak je zajedno s motociklom sletio izvan kolnika, odvojio se od motocikla te se zaustavio u niskom raslinju.<br><br>U prometnoj nesre\u0107i, voza\u010d motocikla, 52-godi\u0161njak je preminuo na mjestu nesre\u0107e, dok su 28-godi\u0161nji voza\u010d osobnog automobila i 19-godi\u0161nji voza\u010d motocikla, kolima HMP-a prevezeni u Op\u0107u bolnicu Zadar gdje su im konstatirane te\u0161ke tjelesne ozljede.<br><br>Na mjesto doga\u0111aja iza\u0161li su policijski slu\u017ebenici koji su obavili o\u010devid kojim je rukovodio zamjenik \u017dupanijskog dr\u017eavnog odvjetnika u Zadru. U vremenu od 21.25 do 03.25 navedena dionica DC-08 bila je zatvorena za sav promet te je promet tekao alternativnim pravcem.<br><br>Mjerodavno dr\u017eavno odvjetni\u0161tvo u Zadru naredilo je provo\u0111enje obdukcije, a poduzimaju se i druge dokazne radnje i izvidi radi utvr\u0111ivanja okolnosti nastanka prometne nesre\u0107e.&nbsp;<\/p>\n\n\n\n<p>Izvor:hrt.hr<\/p>\n","protected":false},"excerpt":{"rendered":"<p>Sino\u0107 oko 21 sat na Jadranskoj magistrali u Murvici pokraj Zadra, dogodila se te\u0161ka prometna nesre\u0107a. U sudaru osobnoga vozila i nekoliko motocikala poginuo je mu\u0161karac. Tri osobe s te\u0161kim ozljedama prevezene su u zadarsku bolnicu. Sumnja se da je do nesre\u0107e do\u0161lo kada je 52- godi\u0161nji voza\u010d motocikla zadarskih registarskih oznaka, voze\u0107i iz smjera [&hellip;]<\/p>\n","protected":false},"author":2,"featured_media":25852,"comment_status":"closed","ping_status":"closed","sticky":false,"template":"","format":"standard","meta":{"h5ap_radio_sources":[],"footnotes":""},"categories":[1],"tags":[],"class_list":["post-32412","post","type-post","status-publish","format-standard","has-post-thumbnail","hentry","category-bihiregija"],"yoast_head":"<!-- This site is optimized with the Yoast SEO plugin v27.5 - https:\/\/yoast.com\/product\/yoast-seo-wordpress\/ -->\n<title>Sudarila se tri motocikla i automobil: Jedan poginuo, troje ozlije\u0111enih - RADIO LJUBU\u0160KI<\/title>\n<meta name=\"robots\" content=\"index, follow, max-snippet:-1, max-image-preview:large, max-video-preview:-1\" \/>\n<link rel=\"canonical\" href=\"https:\/\/radioljubuski.ba\/index.php\/2021\/06\/14\/sudarila-se-tri-motocikla-i-automobil-jedan-poginuo-troje-ozlijedenih\/\" \/>\n<meta property=\"og:locale\" content=\"hr_HR\" \/>\n<meta property=\"og:type\" content=\"article\" \/>\n<meta property=\"og:title\" content=\"Sudarila se tri motocikla i automobil: Jedan poginuo, troje ozlije\u0111enih - RADIO LJUBU\u0160KI\" \/>\n<meta property=\"og:description\" content=\"Sino\u0107 oko 21 sat na Jadranskoj magistrali u Murvici pokraj Zadra, dogodila se te\u0161ka prometna nesre\u0107a. U sudaru osobnoga vozila i nekoliko motocikala poginuo je mu\u0161karac. Tri osobe s te\u0161kim ozljedama prevezene su u zadarsku bolnicu. Sumnja se da je do nesre\u0107e do\u0161lo kada je 52- godi\u0161nji voza\u010d motocikla zadarskih registarskih oznaka, voze\u0107i iz smjera [&hellip;]\" \/>\n<meta property=\"og:url\" content=\"https:\/\/radioljubuski.ba\/index.php\/2021\/06\/14\/sudarila-se-tri-motocikla-i-automobil-jedan-poginuo-troje-ozlijedenih\/\" \/>\n<meta property=\"og:site_name\" content=\"RADIO LJUBU\u0160KI\" \/>\n<meta property=\"article:publisher\" content=\"https:\/\/www.facebook.com\/Radiio-Ljubuski-1490835324566332\" \/>\n<meta property=\"article:published_time\" content=\"2021-06-14T16:08:33+00:00\" \/>\n<meta property=\"article:modified_time\" content=\"2021-06-14T16:08:34+00:00\" \/>\n<meta property=\"og:image\" content=\"https:\/\/radioljubuski.ba\/wp-content\/uploads\/2021\/05\/2-2021-05-17-09-55-12-policija-svjetlo.jpg\" \/>\n\t<meta property=\"og:image:width\" content=\"1000\" \/>\n\t<meta property=\"og:image:height\" content=\"625\" \/>\n\t<meta property=\"og:image:type\" content=\"image\/jpeg\" \/>\n<meta name=\"author\" content=\"Radio Ljubu\u0161ki\" \/>\n<meta name=\"twitter:card\" content=\"summary_large_image\" \/>\n<meta name=\"twitter:creator\" content=\"@radioljubuski\" \/>\n<meta name=\"twitter:site\" content=\"@radioljubuski\" \/>\n<meta name=\"twitter:label1\" content=\"Napisao\/la\" \/>\n\t<meta name=\"twitter:data1\" content=\"Radio Ljubu\u0161ki\" \/>\n\t<meta name=\"twitter:label2\" content=\"Procijenjeno vrijeme \u010ditanja\" \/>\n\t<meta name=\"twitter:data2\" content=\"2 minute\" \/>\n<script type=\"application\/ld+json\" class=\"yoast-schema-graph\">{\"@context\":\"https:\\\/\\\/schema.org\",\"@graph\":[{\"@type\":\"Article\",\"@id\":\"https:\\\/\\\/radioljubuski.ba\\\/index.php\\\/2021\\\/06\\\/14\\\/sudarila-se-tri-motocikla-i-automobil-jedan-poginuo-troje-ozlijedenih\\\/#article\",\"isPartOf\":{\"@id\":\"https:\\\/\\\/radioljubuski.ba\\\/index.php\\\/2021\\\/06\\\/14\\\/sudarila-se-tri-motocikla-i-automobil-jedan-poginuo-troje-ozlijedenih\\\/\"},\"author\":{\"name\":\"Radio Ljubu\u0161ki\",\"@id\":\"https:\\\/\\\/radioljubuski.ba\\\/#\\\/schema\\\/person\\\/19fc700381a780f69665d7956c469e3b\"},\"headline\":\"Sudarila se tri motocikla i automobil: Jedan poginuo, troje ozlije\u0111enih\",\"datePublished\":\"2021-06-14T16:08:33+00:00\",\"dateModified\":\"2021-06-14T16:08:34+00:00\",\"mainEntityOfPage\":{\"@id\":\"https:\\\/\\\/radioljubuski.ba\\\/index.php\\\/2021\\\/06\\\/14\\\/sudarila-se-tri-motocikla-i-automobil-jedan-poginuo-troje-ozlijedenih\\\/\"},\"wordCount\":328,\"publisher\":{\"@id\":\"https:\\\/\\\/radioljubuski.ba\\\/#organization\"},\"image\":{\"@id\":\"https:\\\/\\\/radioljubuski.ba\\\/index.php\\\/2021\\\/06\\\/14\\\/sudarila-se-tri-motocikla-i-automobil-jedan-poginuo-troje-ozlijedenih\\\/#primaryimage\"},\"thumbnailUrl\":\"https:\\\/\\\/radioljubuski.ba\\\/wp-content\\\/uploads\\\/2021\\\/05\\\/2-2021-05-17-09-55-12-policija-svjetlo.jpg\",\"articleSection\":[\"BIH i regija\"],\"inLanguage\":\"hr\"},{\"@type\":\"WebPage\",\"@id\":\"https:\\\/\\\/radioljubuski.ba\\\/index.php\\\/2021\\\/06\\\/14\\\/sudarila-se-tri-motocikla-i-automobil-jedan-poginuo-troje-ozlijedenih\\\/\",\"url\":\"https:\\\/\\\/radioljubuski.ba\\\/index.php\\\/2021\\\/06\\\/14\\\/sudarila-se-tri-motocikla-i-automobil-jedan-poginuo-troje-ozlijedenih\\\/\",\"name\":\"Sudarila se tri motocikla i automobil: Jedan poginuo, troje ozlije\u0111enih - RADIO LJUBU\u0160KI\",\"isPartOf\":{\"@id\":\"https:\\\/\\\/radioljubuski.ba\\\/#website\"},\"primaryImageOfPage\":{\"@id\":\"https:\\\/\\\/radioljubuski.ba\\\/index.php\\\/2021\\\/06\\\/14\\\/sudarila-se-tri-motocikla-i-automobil-jedan-poginuo-troje-ozlijedenih\\\/#primaryimage\"},\"image\":{\"@id\":\"https:\\\/\\\/radioljubuski.ba\\\/index.php\\\/2021\\\/06\\\/14\\\/sudarila-se-tri-motocikla-i-automobil-jedan-poginuo-troje-ozlijedenih\\\/#primaryimage\"},\"thumbnailUrl\":\"https:\\\/\\\/radioljubuski.ba\\\/wp-content\\\/uploads\\\/2021\\\/05\\\/2-2021-05-17-09-55-12-policija-svjetlo.jpg\",\"datePublished\":\"2021-06-14T16:08:33+00:00\",\"dateModified\":\"2021-06-14T16:08:34+00:00\",\"breadcrumb\":{\"@id\":\"https:\\\/\\\/radioljubuski.ba\\\/index.php\\\/2021\\\/06\\\/14\\\/sudarila-se-tri-motocikla-i-automobil-jedan-poginuo-troje-ozlijedenih\\\/#breadcrumb\"},\"inLanguage\":\"hr\",\"potentialAction\":[{\"@type\":\"ReadAction\",\"target\":[\"https:\\\/\\\/radioljubuski.ba\\\/index.php\\\/2021\\\/06\\\/14\\\/sudarila-se-tri-motocikla-i-automobil-jedan-poginuo-troje-ozlijedenih\\\/\"]}]},{\"@type\":\"ImageObject\",\"inLanguage\":\"hr\",\"@id\":\"https:\\\/\\\/radioljubuski.ba\\\/index.php\\\/2021\\\/06\\\/14\\\/sudarila-se-tri-motocikla-i-automobil-jedan-poginuo-troje-ozlijedenih\\\/#primaryimage\",\"url\":\"https:\\\/\\\/radioljubuski.ba\\\/wp-content\\\/uploads\\\/2021\\\/05\\\/2-2021-05-17-09-55-12-policija-svjetlo.jpg\",\"contentUrl\":\"https:\\\/\\\/radioljubuski.ba\\\/wp-content\\\/uploads\\\/2021\\\/05\\\/2-2021-05-17-09-55-12-policija-svjetlo.jpg\",\"width\":1000,\"height\":625},{\"@type\":\"BreadcrumbList\",\"@id\":\"https:\\\/\\\/radioljubuski.ba\\\/index.php\\\/2021\\\/06\\\/14\\\/sudarila-se-tri-motocikla-i-automobil-jedan-poginuo-troje-ozlijedenih\\\/#breadcrumb\",\"itemListElement\":[{\"@type\":\"ListItem\",\"position\":1,\"name\":\"Po\u010detna stranica\",\"item\":\"https:\\\/\\\/radioljubuski.ba\\\/\"},{\"@type\":\"ListItem\",\"position\":2,\"name\":\"Sudarila se tri motocikla i automobil: Jedan poginuo, troje ozlije\u0111enih\"}]},{\"@type\":\"WebSite\",\"@id\":\"https:\\\/\\\/radioljubuski.ba\\\/#website\",\"url\":\"https:\\\/\\\/radioljubuski.ba\\\/\",\"name\":\"Radio Ljubu\u0161ki\",\"description\":\"Sun\u010dana frekvencija Hercegovine\",\"publisher\":{\"@id\":\"https:\\\/\\\/radioljubuski.ba\\\/#organization\"},\"potentialAction\":[{\"@type\":\"SearchAction\",\"target\":{\"@type\":\"EntryPoint\",\"urlTemplate\":\"https:\\\/\\\/radioljubuski.ba\\\/?s={search_term_string}\"},\"query-input\":{\"@type\":\"PropertyValueSpecification\",\"valueRequired\":true,\"valueName\":\"search_term_string\"}}],\"inLanguage\":\"hr\"},{\"@type\":\"Organization\",\"@id\":\"https:\\\/\\\/radioljubuski.ba\\\/#organization\",\"name\":\"Radio Ljubu\u0161ki\",\"url\":\"https:\\\/\\\/radioljubuski.ba\\\/\",\"logo\":{\"@type\":\"ImageObject\",\"inLanguage\":\"hr\",\"@id\":\"https:\\\/\\\/radioljubuski.ba\\\/#\\\/schema\\\/logo\\\/image\\\/\",\"url\":\"https:\\\/\\\/radioljubuski.ba\\\/wp-content\\\/uploads\\\/2021\\\/02\\\/cropped-Radio_Ljubuski_logo1.jpg\",\"contentUrl\":\"https:\\\/\\\/radioljubuski.ba\\\/wp-content\\\/uploads\\\/2021\\\/02\\\/cropped-Radio_Ljubuski_logo1.jpg\",\"width\":512,\"height\":512,\"caption\":\"Radio Ljubu\u0161ki\"},\"image\":{\"@id\":\"https:\\\/\\\/radioljubuski.ba\\\/#\\\/schema\\\/logo\\\/image\\\/\"},\"sameAs\":[\"https:\\\/\\\/www.facebook.com\\\/Radiio-Ljubuski-1490835324566332\",\"https:\\\/\\\/x.com\\\/radioljubuski\",\"https:\\\/\\\/hr.linkedin.com\\\/company\\\/radio-ljubuski\",\"https:\\\/\\\/www.youtube.com\\\/channel\\\/UCHYaeO_n0Db3tjNGudGpXyw\"]},{\"@type\":\"Person\",\"@id\":\"https:\\\/\\\/radioljubuski.ba\\\/#\\\/schema\\\/person\\\/19fc700381a780f69665d7956c469e3b\",\"name\":\"Radio Ljubu\u0161ki\"}]}<\/script>\n<!-- \/ Yoast SEO plugin. -->","yoast_head_json":{"title":"Sudarila se tri motocikla i automobil: Jedan poginuo, troje ozlije\u0111enih - RADIO LJUBU\u0160KI","robots":{"index":"index","follow":"follow","max-snippet":"max-snippet:-1","max-image-preview":"max-image-preview:large","max-video-preview":"max-video-preview:-1"},"canonical":"https:\/\/radioljubuski.ba\/index.php\/2021\/06\/14\/sudarila-se-tri-motocikla-i-automobil-jedan-poginuo-troje-ozlijedenih\/","og_locale":"hr_HR","og_type":"article","og_title":"Sudarila se tri motocikla i automobil: Jedan poginuo, troje ozlije\u0111enih - RADIO LJUBU\u0160KI","og_description":"Sino\u0107 oko 21 sat na Jadranskoj magistrali u Murvici pokraj Zadra, dogodila se te\u0161ka prometna nesre\u0107a. U sudaru osobnoga vozila i nekoliko motocikala poginuo je mu\u0161karac. Tri osobe s te\u0161kim ozljedama prevezene su u zadarsku bolnicu. Sumnja se da je do nesre\u0107e do\u0161lo kada je 52- godi\u0161nji voza\u010d motocikla zadarskih registarskih oznaka, voze\u0107i iz smjera [&hellip;]","og_url":"https:\/\/radioljubuski.ba\/index.php\/2021\/06\/14\/sudarila-se-tri-motocikla-i-automobil-jedan-poginuo-troje-ozlijedenih\/","og_site_name":"RADIO LJUBU\u0160KI","article_publisher":"https:\/\/www.facebook.com\/Radiio-Ljubuski-1490835324566332","article_published_time":"2021-06-14T16:08:33+00:00","article_modified_time":"2021-06-14T16:08:34+00:00","og_image":[{"width":1000,"height":625,"url":"https:\/\/radioljubuski.ba\/wp-content\/uploads\/2021\/05\/2-2021-05-17-09-55-12-policija-svjetlo.jpg","type":"image\/jpeg"}],"author":"Radio Ljubu\u0161ki","twitter_card":"summary_large_image","twitter_creator":"@radioljubuski","twitter_site":"@radioljubuski","twitter_misc":{"Napisao\/la":"Radio Ljubu\u0161ki","Procijenjeno vrijeme \u010ditanja":"2 minute"},"schema":{"@context":"https:\/\/schema.org","@graph":[{"@type":"Article","@id":"https:\/\/radioljubuski.ba\/index.php\/2021\/06\/14\/sudarila-se-tri-motocikla-i-automobil-jedan-poginuo-troje-ozlijedenih\/#article","isPartOf":{"@id":"https:\/\/radioljubuski.ba\/index.php\/2021\/06\/14\/sudarila-se-tri-motocikla-i-automobil-jedan-poginuo-troje-ozlijedenih\/"},"author":{"name":"Radio Ljubu\u0161ki","@id":"https:\/\/radioljubuski.ba\/#\/schema\/person\/19fc700381a780f69665d7956c469e3b"},"headline":"Sudarila se tri motocikla i automobil: Jedan poginuo, troje ozlije\u0111enih","datePublished":"2021-06-14T16:08:33+00:00","dateModified":"2021-06-14T16:08:34+00:00","mainEntityOfPage":{"@id":"https:\/\/radioljubuski.ba\/index.php\/2021\/06\/14\/sudarila-se-tri-motocikla-i-automobil-jedan-poginuo-troje-ozlijedenih\/"},"wordCount":328,"publisher":{"@id":"https:\/\/radioljubuski.ba\/#organization"},"image":{"@id":"https:\/\/radioljubuski.ba\/index.php\/2021\/06\/14\/sudarila-se-tri-motocikla-i-automobil-jedan-poginuo-troje-ozlijedenih\/#primaryimage"},"thumbnailUrl":"https:\/\/radioljubuski.ba\/wp-content\/uploads\/2021\/05\/2-2021-05-17-09-55-12-policija-svjetlo.jpg","articleSection":["BIH i regija"],"inLanguage":"hr"},{"@type":"WebPage","@id":"https:\/\/radioljubuski.ba\/index.php\/2021\/06\/14\/sudarila-se-tri-motocikla-i-automobil-jedan-poginuo-troje-ozlijedenih\/","url":"https:\/\/radioljubuski.ba\/index.php\/2021\/06\/14\/sudarila-se-tri-motocikla-i-automobil-jedan-poginuo-troje-ozlijedenih\/","name":"Sudarila se tri motocikla i automobil: Jedan poginuo, troje ozlije\u0111enih - RADIO LJUBU\u0160KI","isPartOf":{"@id":"https:\/\/radioljubuski.ba\/#website"},"primaryImageOfPage":{"@id":"https:\/\/radioljubuski.ba\/index.php\/2021\/06\/14\/sudarila-se-tri-motocikla-i-automobil-jedan-poginuo-troje-ozlijedenih\/#primaryimage"},"image":{"@id":"https:\/\/radioljubuski.ba\/index.php\/2021\/06\/14\/sudarila-se-tri-motocikla-i-automobil-jedan-poginuo-troje-ozlijedenih\/#primaryimage"},"thumbnailUrl":"https:\/\/radioljubuski.ba\/wp-content\/uploads\/2021\/05\/2-2021-05-17-09-55-12-policija-svjetlo.jpg","datePublished":"2021-06-14T16:08:33+00:00","dateModified":"2021-06-14T16:08:34+00:00","breadcrumb":{"@id":"https:\/\/radioljubuski.ba\/index.php\/2021\/06\/14\/sudarila-se-tri-motocikla-i-automobil-jedan-poginuo-troje-ozlijedenih\/#breadcrumb"},"inLanguage":"hr","potentialAction":[{"@type":"ReadAction","target":["https:\/\/radioljubuski.ba\/index.php\/2021\/06\/14\/sudarila-se-tri-motocikla-i-automobil-jedan-poginuo-troje-ozlijedenih\/"]}]},{"@type":"ImageObject","inLanguage":"hr","@id":"https:\/\/radioljubuski.ba\/index.php\/2021\/06\/14\/sudarila-se-tri-motocikla-i-automobil-jedan-poginuo-troje-ozlijedenih\/#primaryimage","url":"https:\/\/radioljubuski.ba\/wp-content\/uploads\/2021\/05\/2-2021-05-17-09-55-12-policija-svjetlo.jpg","contentUrl":"https:\/\/radioljubuski.ba\/wp-content\/uploads\/2021\/05\/2-2021-05-17-09-55-12-policija-svjetlo.jpg","width":1000,"height":625},{"@type":"BreadcrumbList","@id":"https:\/\/radioljubuski.ba\/index.php\/2021\/06\/14\/sudarila-se-tri-motocikla-i-automobil-jedan-poginuo-troje-ozlijedenih\/#breadcrumb","itemListElement":[{"@type":"ListItem","position":1,"name":"Po\u010detna stranica","item":"https:\/\/radioljubuski.ba\/"},{"@type":"ListItem","position":2,"name":"Sudarila se tri motocikla i automobil: Jedan poginuo, troje ozlije\u0111enih"}]},{"@type":"WebSite","@id":"https:\/\/radioljubuski.ba\/#website","url":"https:\/\/radioljubuski.ba\/","name":"Radio Ljubu\u0161ki","description":"Sun\u010dana frekvencija Hercegovine","publisher":{"@id":"https:\/\/radioljubuski.ba\/#organization"},"potentialAction":[{"@type":"SearchAction","target":{"@type":"EntryPoint","urlTemplate":"https:\/\/radioljubuski.ba\/?s={search_term_string}"},"query-input":{"@type":"PropertyValueSpecification","valueRequired":true,"valueName":"search_term_string"}}],"inLanguage":"hr"},{"@type":"Organization","@id":"https:\/\/radioljubuski.ba\/#organization","name":"Radio Ljubu\u0161ki","url":"https:\/\/radioljubuski.ba\/","logo":{"@type":"ImageObject","inLanguage":"hr","@id":"https:\/\/radioljubuski.ba\/#\/schema\/logo\/image\/","url":"https:\/\/radioljubuski.ba\/wp-content\/uploads\/2021\/02\/cropped-Radio_Ljubuski_logo1.jpg","contentUrl":"https:\/\/radioljubuski.ba\/wp-content\/uploads\/2021\/02\/cropped-Radio_Ljubuski_logo1.jpg","width":512,"height":512,"caption":"Radio Ljubu\u0161ki"},"image":{"@id":"https:\/\/radioljubuski.ba\/#\/schema\/logo\/image\/"},"sameAs":["https:\/\/www.facebook.com\/Radiio-Ljubuski-1490835324566332","https:\/\/x.com\/radioljubuski","https:\/\/hr.linkedin.com\/company\/radio-ljubuski","https:\/\/www.youtube.com\/channel\/UCHYaeO_n0Db3tjNGudGpXyw"]},{"@type":"Person","@id":"https:\/\/radioljubuski.ba\/#\/schema\/person\/19fc700381a780f69665d7956c469e3b","name":"Radio Ljubu\u0161ki"}]}},"_links":{"self":[{"href":"https:\/\/radioljubuski.ba\/index.php\/wp-json\/wp\/v2\/posts\/32412","targetHints":{"allow":["GET"]}}],"collection":[{"href":"https:\/\/radioljubuski.ba\/index.php\/wp-json\/wp\/v2\/posts"}],"about":[{"href":"https:\/\/radioljubuski.ba\/index.php\/wp-json\/wp\/v2\/types\/post"}],"author":[{"embeddable":true,"href":"https:\/\/radioljubuski.ba\/index.php\/wp-json\/wp\/v2\/users\/2"}],"replies":[{"embeddable":true,"href":"https:\/\/radioljubuski.ba\/index.php\/wp-json\/wp\/v2\/comments?post=32412"}],"version-history":[{"count":1,"href":"https:\/\/radioljubuski.ba\/index.php\/wp-json\/wp\/v2\/posts\/32412\/revisions"}],"predecessor-version":[{"id":32413,"href":"https:\/\/radioljubuski.ba\/index.php\/wp-json\/wp\/v2\/posts\/32412\/revisions\/32413"}],"wp:featuredmedia":[{"embeddable":true,"href":"https:\/\/radioljubuski.ba\/index.php\/wp-json\/wp\/v2\/media\/25852"}],"wp:attachment":[{"href":"https:\/\/radioljubuski.ba\/index.php\/wp-json\/wp\/v2\/media?parent=32412"}],"wp:term":[{"taxonomy":"category","embeddable":true,"href":"https:\/\/radioljubuski.ba\/index.php\/wp-json\/wp\/v2\/categories?post=32412"},{"taxonomy":"post_tag","embeddable":true,"href":"https:\/\/radioljubuski.ba\/index.php\/wp-json\/wp\/v2\/tags?post=32412"}],"curies":[{"name":"wp","href":"https:\/\/api.w.org\/{rel}","templated":true}]}}