{"id":32414,"date":"2021-06-14T17:12:22","date_gmt":"2021-06-14T16:12:22","guid":{"rendered":"https:\/\/radioljubuski.ba\/?p=32414"},"modified":"2021-06-14T17:12:24","modified_gmt":"2021-06-14T16:12:24","slug":"kovacevic-stoltenberg-zvao-milanovica-postignut-kompromis","status":"publish","type":"post","link":"https:\/\/radioljubuski.ba\/index.php\/2021\/06\/14\/kovacevic-stoltenberg-zvao-milanovica-postignut-kompromis\/","title":{"rendered":"Kova\u010devi\u0107: Stoltenberg zvao Milanovi\u0107a, postignut kompromis"},"content":{"rendered":"\n<p><strong>Vanjskopoliti\u010dki analiti\u010dar&nbsp;Bo\u017eo Kova\u010devi\u0107&nbsp;rekao je jutros u HTV-ovoj emisiji Studio 4 kako je glavni tajnik NATO-a&nbsp;Jens Stoltenberg&nbsp;nazvao predsjednika RH&nbsp;Zorana Milanovi\u0107a&nbsp;zbog prijepora oko spominjanja BiH u deklaraciji samita NATO-a te da je postignuto kompromisno rje\u0161enje.<\/strong><\/p>\n\n\n\n<p>Milanovi\u0107 je poru\u010dio da ne\u0107e dati suglasnost za zavr\u0161nu deklaraciju samita ako u njoj ne budu spomenuti Daytonski ugovor i konstitutivnost triju naroda u BiH.<\/p>\n\n\n\n<div style=\"width: 640px;\" class=\"wp-video\"><video class=\"wp-video-shortcode\" id=\"video-32414-1\" width=\"640\" height=\"360\" preload=\"metadata\" controls=\"controls\"><source type=\"video\/mp4\" src=\"https:\/\/api.hrt.hr\/media\/73\/ab\/v08-140621-tonmilanovic-20210614080837.mp4?_=1\" \/><a href=\"https:\/\/api.hrt.hr\/media\/73\/ab\/v08-140621-tonmilanovic-20210614080837.mp4\">https:\/\/api.hrt.hr\/media\/73\/ab\/v08-140621-tonmilanovic-20210614080837.mp4<\/a><\/video><\/div>\n\n\n\n<p>Na predsjednikove kritike o\u0161tro je odgovorio ministar<strong>\u00a0Gordan Grli\u0107 Radman<\/strong>. Tvrdi da su predsjednikove izjave \u010dista obmana, da nemaju nikakvih upori\u0161ta i da je predsjednik prepisiva\u010d svega onoga za \u0161to se Vlada zala\u017ee &#8211; za konstitutivnost, jednakopravnost i izmjenu izbornog zakona u BiH.<\/p>\n\n\n\n<div style=\"width: 640px;\" class=\"wp-video\"><video class=\"wp-video-shortcode\" id=\"video-32414-2\" width=\"640\" height=\"360\" preload=\"metadata\" controls=\"controls\"><source type=\"video\/mp4\" src=\"https:\/\/api.hrt.hr\/media\/31\/c0\/dn3-130621-tonradman-20210614081234.mp4?_=2\" \/><a href=\"https:\/\/api.hrt.hr\/media\/31\/c0\/dn3-130621-tonradman-20210614081234.mp4\">https:\/\/api.hrt.hr\/media\/31\/c0\/dn3-130621-tonradman-20210614081234.mp4<\/a><\/video><\/div>\n\n\n\n<p>Milanovi\u0107 je na samitu potvrdio kako je nakon njegove poruke &#8211; da ne\u0107e dati suglasnost za zavr\u0161nu deklaraciju samita, ako u njoj ne budu spomenuti Daytonski ugovor i konstitutivnost triju naroda u BiH &#8211; spor ipak izgla\u0111en.<\/p>\n\n\n\n<p>&#8211; Nakon \u0161est dana ignoriranja i potpune gluho\u0107e na na\u0161u molbu da se u zavr\u0161noj deklaraciji uop\u0107e spomene Daytonski sporazum kao osnova funkcioniranja BiH, morali smo re\u0107i da \u0107emo se suprotstaviti konsenzusu. I razgovarao sam, nazvao me glavni tajnik ju\u010der oko 15 sati i to je rije\u0161eno u pola minute, rekao je Milanovi\u0107.<\/p>\n\n\n\n<div style=\"width: 640px;\" class=\"wp-video\"><video class=\"wp-video-shortcode\" id=\"video-32414-3\" width=\"640\" height=\"360\" preload=\"metadata\" controls=\"controls\"><source type=\"video\/mp4\" src=\"https:\/\/api.hrt.hr\/media\/90\/cc\/pd-140621-tonmilanovic-20210614105418.mp4?_=3\" \/><a href=\"https:\/\/api.hrt.hr\/media\/90\/cc\/pd-140621-tonmilanovic-20210614105418.mp4\">https:\/\/api.hrt.hr\/media\/90\/cc\/pd-140621-tonmilanovic-20210614105418.mp4<\/a><\/video><\/div>\n\n\n\n<p>Kova\u010devi\u0107 je, govore\u0107i o prijeporima oko deklaracije u HTV-ovoj emisiji Studio 4, rekao da je rije\u010d o zajedni\u010dkoj izjavi u kojoj se izme\u0111u ostalog spominje BiH.<\/p>\n\n\n\n<p>&#8211; Budu\u0107i da ni Zapadni Balkan ni Bosna nisu predmet ovog samita, to je samo usput spomenuto i vjerojatno su na\u0161i pregovara\u010di zbog toga propustili inzistirali da budu spomenute one formulacije na kojima hrvatska vanjska politika prema BiH inzistira, premda je i na\u0161a delegacija ne\u0161to poku\u0161ala. Me\u0111utim, sve dok predsjednik nije rekao da ne\u0107e potpisati zajedni\u010dku deklaraciju &#8211; a to bi u ovim trenucima presudnim za NATO bilo, pa mo\u017eemo re\u0107i skandalozno &#8211; sve dok predsjednik nije rekao da ne\u0107e potpisati, NATO nije reagirao. Me\u0111utim, ju\u010der u poslijepodnevnim satima glavni tajnik NATO-a nazvao je predsjednika ili Ured predsjednika i objasnio da se Daytonski sporazum spominje u tom dokumentu, da se spominje potreba reforme izbornog zakonodavstva, ali se ne spominju ni gra\u0111ani ni konstitutivni narodi. Tako da je postignuto kompromisno rje\u0161enje, rekao je Kova\u010devi\u0107.<\/p>\n\n\n\n<div style=\"width: 640px;\" class=\"wp-video\"><video class=\"wp-video-shortcode\" id=\"video-32414-4\" width=\"640\" height=\"360\" preload=\"metadata\" controls=\"controls\"><source type=\"video\/mp4\" src=\"https:\/\/api.hrt.hr\/media\/c2\/33\/kovacevicst4-1-20210614081752.mp4?_=4\" \/><a href=\"https:\/\/api.hrt.hr\/media\/c2\/33\/kovacevicst4-1-20210614081752.mp4\">https:\/\/api.hrt.hr\/media\/c2\/33\/kovacevicst4-1-20210614081752.mp4<\/a><\/video><\/div>\n\n\n\n<p>Kova\u010devi\u0107 je istaknuo kako se me\u0111u 14 to\u010daka koje BiH treba ispuniti da bi se kvalificirala za po\u010detak pregovora s EU-om spominju i promjene ustava koje se ne ti\u010du samo promjene izbornog zakonodavstva, ve\u0107 ravnopravnosti svih gra\u0111ana BiH bez obzira pripadaju li jednom od konstitutivnih naroda ili ne. Klju\u010dno je da se usuglase SAD i EU, rekao je Kova\u010devi\u0107, koji pretpostavlja da \u0107e, kad svi detalji budu usugla\u0161eni, oni zajedni\u010dki krenuti s inicijativom za promjenu Daytonskog sporazuma.<br><br><strong>&#8220;Rusija koristi svaku priliku da ote\u017ea daljnju europsku integraciju Zapadnog Balkana&#8221;<\/strong><br><br>Komentiraju\u0107i prijepore oko izbora visokog predstavnika u BiH, Kova\u010devi\u0107 je rekao i kako Rusija koristi svaku priliku da ote\u017ea daljnju europsku integraciju Zapadnog Balkana.<\/p>\n\n\n\n<p>&#8211; Rusija podr\u017eava Republiku Srpsku, koja se zauzima za ukidanje funkcije visokog predstavnika, a znamo da je to Aneks 10 Daytonskog sporazuma, rekao je Kova\u010devi\u0107.<br><br>Kova\u010devi\u0107 je rekao kako administracija ameri\u010dkog predsjednika<strong>&nbsp;Joea Bidena&nbsp;<\/strong>na me\u0111unarodnom planu sanira \u0161tete koje je izazvala administracija Bidenova prethodnika&nbsp;<strong>Donalda Trumpa<\/strong>, ustvrdiv\u0161i da \u0107e se Biden nedvojbeno zauzeti za ubrzanu integraciju zemalja Zapadnog Balkana, \u0161to, kad je rije\u010d o BiH, podrazumijeva promjenu ne samo izbornog zakona, ve\u0107 i ustava.<\/p>\n\n\n\n<p><strong>Kina kao glavni suparnik NATO-a<\/strong><\/p>\n\n\n\n<p>Kova\u010devi\u0107 je rekao kako je SAD napravio odre\u0111ene ustupke Europi da bi se NATO pristao anga\u017eirati na Pacifiku.<\/p>\n\n\n\n<p>&#8211; Dokument NATO 2030 definira Kinu kao glavnog strate\u0161kog suparnika, potencijalnog neprijatelja, i NATO preuzima obvezu anga\u017emana oko osiguravanja slobode plovidbe i jamca mira u Pacifiku, \u0161to je dosad bila samo ameri\u010dka uloga. Amerikanci sa zemljama NATO-pakta \u017eele podijeliti tro\u0161kove izvr\u0161avanja svojih misija na Pacifiku, rekao je me\u0111u ostalim Kova\u010devi\u0107.<\/p>\n\n\n\n<p>Kova\u010devi\u0107 je rekao kako je Kina u Europi prisutna kao investitor i izvo\u0111a\u010d velikih radova te da \u017eeli biti jo\u0161 prisutnija na financijskom planu, zbog \u010dega je s Europom dogovorila sporazum o investiranju, ali je pod pritiskom SAD-a Europa obustavila pregovore o mogu\u0107oj ratifikaciji tog sporazuma.<\/p>\n\n\n\n<p>&#8211; To je zapravo prvi veliki uspjeh Bidenove administracije, rekao je Kova\u010devi\u0107.<\/p>\n\n\n\n<p>Interesi SAD-a i EU-a nisu u potpunosti usugla\u0161eni, rekao je tako\u0111er Kova\u010devi\u0107, navev\u0161i kao primjer spor o carinama koje je Trumpova administracija uvela na \u010delik i aluminij iz Europe, a koji jo\u0161 uvijek nije rije\u0161en.<\/p>\n\n\n\n<div style=\"width: 640px;\" class=\"wp-video\"><video class=\"wp-video-shortcode\" id=\"video-32414-5\" width=\"640\" height=\"360\" preload=\"metadata\" controls=\"controls\"><source type=\"video\/mp4\" src=\"https:\/\/api.hrt.hr\/media\/74\/a9\/kovacevicstudio4-2dio-20210614081827.mp4?_=5\" \/><a href=\"https:\/\/api.hrt.hr\/media\/74\/a9\/kovacevicstudio4-2dio-20210614081827.mp4\">https:\/\/api.hrt.hr\/media\/74\/a9\/kovacevicstudio4-2dio-20210614081827.mp4<\/a><\/video><\/div>\n\n\n\n<p>Izvor:hrt.hr<\/p>\n","protected":false},"excerpt":{"rendered":"<p>Vanjskopoliti\u010dki analiti\u010dar&nbsp;Bo\u017eo Kova\u010devi\u0107&nbsp;rekao je jutros u HTV-ovoj emisiji Studio 4 kako je glavni tajnik NATO-a&nbsp;Jens Stoltenberg&nbsp;nazvao predsjednika RH&nbsp;Zorana Milanovi\u0107a&nbsp;zbog prijepora oko spominjanja BiH u deklaraciji samita NATO-a te da je postignuto kompromisno rje\u0161enje. Milanovi\u0107 je poru\u010dio da ne\u0107e dati suglasnost za zavr\u0161nu deklaraciju samita ako u njoj ne budu spomenuti Daytonski ugovor i konstitutivnost triju [&hellip;]<\/p>\n","protected":false},"author":2,"featured_media":32415,"comment_status":"closed","ping_status":"closed","sticky":false,"template":"","format":"standard","meta":{"h5ap_radio_sources":[],"footnotes":""},"categories":[1],"tags":[],"class_list":["post-32414","post","type-post","status-publish","format-standard","has-post-thumbnail","hentry","category-bihiregija"],"yoast_head":"<!-- This site is optimized with the Yoast SEO plugin v27.5 - https:\/\/yoast.com\/product\/yoast-seo-wordpress\/ -->\n<title>Kova\u010devi\u0107: Stoltenberg zvao Milanovi\u0107a, postignut kompromis - RADIO LJUBU\u0160KI<\/title>\n<meta name=\"robots\" content=\"index, follow, max-snippet:-1, max-image-preview:large, max-video-preview:-1\" \/>\n<link rel=\"canonical\" href=\"https:\/\/radioljubuski.ba\/index.php\/2021\/06\/14\/kovacevic-stoltenberg-zvao-milanovica-postignut-kompromis\/\" \/>\n<meta property=\"og:locale\" content=\"hr_HR\" \/>\n<meta property=\"og:type\" content=\"article\" \/>\n<meta property=\"og:title\" content=\"Kova\u010devi\u0107: Stoltenberg zvao Milanovi\u0107a, postignut kompromis - RADIO LJUBU\u0160KI\" \/>\n<meta property=\"og:description\" content=\"Vanjskopoliti\u010dki analiti\u010dar&nbsp;Bo\u017eo Kova\u010devi\u0107&nbsp;rekao je jutros u HTV-ovoj emisiji Studio 4 kako je glavni tajnik NATO-a&nbsp;Jens Stoltenberg&nbsp;nazvao predsjednika RH&nbsp;Zorana Milanovi\u0107a&nbsp;zbog prijepora oko spominjanja BiH u deklaraciji samita NATO-a te da je postignuto kompromisno rje\u0161enje. Milanovi\u0107 je poru\u010dio da ne\u0107e dati suglasnost za zavr\u0161nu deklaraciju samita ako u njoj ne budu spomenuti Daytonski ugovor i konstitutivnost triju [&hellip;]\" \/>\n<meta property=\"og:url\" content=\"https:\/\/radioljubuski.ba\/index.php\/2021\/06\/14\/kovacevic-stoltenberg-zvao-milanovica-postignut-kompromis\/\" \/>\n<meta property=\"og:site_name\" content=\"RADIO LJUBU\u0160KI\" \/>\n<meta property=\"article:publisher\" content=\"https:\/\/www.facebook.com\/Radiio-Ljubuski-1490835324566332\" \/>\n<meta property=\"article:published_time\" content=\"2021-06-14T16:12:22+00:00\" \/>\n<meta property=\"article:modified_time\" content=\"2021-06-14T16:12:24+00:00\" \/>\n<meta property=\"og:image\" content=\"https:\/\/radioljubuski.ba\/wp-content\/uploads\/2021\/06\/studio-4-1-dio-frame-145321-20210614075224.jpg\" \/>\n\t<meta property=\"og:image:width\" content=\"1878\" \/>\n\t<meta property=\"og:image:height\" content=\"1073\" \/>\n\t<meta property=\"og:image:type\" content=\"image\/jpeg\" \/>\n<meta name=\"author\" content=\"Radio Ljubu\u0161ki\" \/>\n<meta name=\"twitter:card\" content=\"summary_large_image\" \/>\n<meta name=\"twitter:creator\" content=\"@radioljubuski\" \/>\n<meta name=\"twitter:site\" content=\"@radioljubuski\" \/>\n<meta name=\"twitter:label1\" content=\"Napisao\/la\" \/>\n\t<meta name=\"twitter:data1\" content=\"Radio Ljubu\u0161ki\" \/>\n\t<meta name=\"twitter:label2\" content=\"Procijenjeno vrijeme \u010ditanja\" \/>\n\t<meta name=\"twitter:data2\" content=\"4 minute\" \/>\n<script type=\"application\/ld+json\" class=\"yoast-schema-graph\">{\"@context\":\"https:\\\/\\\/schema.org\",\"@graph\":[{\"@type\":\"Article\",\"@id\":\"https:\\\/\\\/radioljubuski.ba\\\/index.php\\\/2021\\\/06\\\/14\\\/kovacevic-stoltenberg-zvao-milanovica-postignut-kompromis\\\/#article\",\"isPartOf\":{\"@id\":\"https:\\\/\\\/radioljubuski.ba\\\/index.php\\\/2021\\\/06\\\/14\\\/kovacevic-stoltenberg-zvao-milanovica-postignut-kompromis\\\/\"},\"author\":{\"name\":\"Radio Ljubu\u0161ki\",\"@id\":\"https:\\\/\\\/radioljubuski.ba\\\/#\\\/schema\\\/person\\\/19fc700381a780f69665d7956c469e3b\"},\"headline\":\"Kova\u010devi\u0107: Stoltenberg zvao Milanovi\u0107a, postignut kompromis\",\"datePublished\":\"2021-06-14T16:12:22+00:00\",\"dateModified\":\"2021-06-14T16:12:24+00:00\",\"mainEntityOfPage\":{\"@id\":\"https:\\\/\\\/radioljubuski.ba\\\/index.php\\\/2021\\\/06\\\/14\\\/kovacevic-stoltenberg-zvao-milanovica-postignut-kompromis\\\/\"},\"wordCount\":854,\"publisher\":{\"@id\":\"https:\\\/\\\/radioljubuski.ba\\\/#organization\"},\"image\":{\"@id\":\"https:\\\/\\\/radioljubuski.ba\\\/index.php\\\/2021\\\/06\\\/14\\\/kovacevic-stoltenberg-zvao-milanovica-postignut-kompromis\\\/#primaryimage\"},\"thumbnailUrl\":\"https:\\\/\\\/radioljubuski.ba\\\/wp-content\\\/uploads\\\/2021\\\/06\\\/studio-4-1-dio-frame-145321-20210614075224.jpg\",\"articleSection\":[\"BIH i regija\"],\"inLanguage\":\"hr\"},{\"@type\":\"WebPage\",\"@id\":\"https:\\\/\\\/radioljubuski.ba\\\/index.php\\\/2021\\\/06\\\/14\\\/kovacevic-stoltenberg-zvao-milanovica-postignut-kompromis\\\/\",\"url\":\"https:\\\/\\\/radioljubuski.ba\\\/index.php\\\/2021\\\/06\\\/14\\\/kovacevic-stoltenberg-zvao-milanovica-postignut-kompromis\\\/\",\"name\":\"Kova\u010devi\u0107: Stoltenberg zvao Milanovi\u0107a, postignut kompromis - RADIO LJUBU\u0160KI\",\"isPartOf\":{\"@id\":\"https:\\\/\\\/radioljubuski.ba\\\/#website\"},\"primaryImageOfPage\":{\"@id\":\"https:\\\/\\\/radioljubuski.ba\\\/index.php\\\/2021\\\/06\\\/14\\\/kovacevic-stoltenberg-zvao-milanovica-postignut-kompromis\\\/#primaryimage\"},\"image\":{\"@id\":\"https:\\\/\\\/radioljubuski.ba\\\/index.php\\\/2021\\\/06\\\/14\\\/kovacevic-stoltenberg-zvao-milanovica-postignut-kompromis\\\/#primaryimage\"},\"thumbnailUrl\":\"https:\\\/\\\/radioljubuski.ba\\\/wp-content\\\/uploads\\\/2021\\\/06\\\/studio-4-1-dio-frame-145321-20210614075224.jpg\",\"datePublished\":\"2021-06-14T16:12:22+00:00\",\"dateModified\":\"2021-06-14T16:12:24+00:00\",\"breadcrumb\":{\"@id\":\"https:\\\/\\\/radioljubuski.ba\\\/index.php\\\/2021\\\/06\\\/14\\\/kovacevic-stoltenberg-zvao-milanovica-postignut-kompromis\\\/#breadcrumb\"},\"inLanguage\":\"hr\",\"potentialAction\":[{\"@type\":\"ReadAction\",\"target\":[\"https:\\\/\\\/radioljubuski.ba\\\/index.php\\\/2021\\\/06\\\/14\\\/kovacevic-stoltenberg-zvao-milanovica-postignut-kompromis\\\/\"]}]},{\"@type\":\"ImageObject\",\"inLanguage\":\"hr\",\"@id\":\"https:\\\/\\\/radioljubuski.ba\\\/index.php\\\/2021\\\/06\\\/14\\\/kovacevic-stoltenberg-zvao-milanovica-postignut-kompromis\\\/#primaryimage\",\"url\":\"https:\\\/\\\/radioljubuski.ba\\\/wp-content\\\/uploads\\\/2021\\\/06\\\/studio-4-1-dio-frame-145321-20210614075224.jpg\",\"contentUrl\":\"https:\\\/\\\/radioljubuski.ba\\\/wp-content\\\/uploads\\\/2021\\\/06\\\/studio-4-1-dio-frame-145321-20210614075224.jpg\",\"width\":1878,\"height\":1073},{\"@type\":\"BreadcrumbList\",\"@id\":\"https:\\\/\\\/radioljubuski.ba\\\/index.php\\\/2021\\\/06\\\/14\\\/kovacevic-stoltenberg-zvao-milanovica-postignut-kompromis\\\/#breadcrumb\",\"itemListElement\":[{\"@type\":\"ListItem\",\"position\":1,\"name\":\"Po\u010detna stranica\",\"item\":\"https:\\\/\\\/radioljubuski.ba\\\/\"},{\"@type\":\"ListItem\",\"position\":2,\"name\":\"Kova\u010devi\u0107: Stoltenberg zvao Milanovi\u0107a, postignut kompromis\"}]},{\"@type\":\"WebSite\",\"@id\":\"https:\\\/\\\/radioljubuski.ba\\\/#website\",\"url\":\"https:\\\/\\\/radioljubuski.ba\\\/\",\"name\":\"Radio Ljubu\u0161ki\",\"description\":\"Sun\u010dana frekvencija Hercegovine\",\"publisher\":{\"@id\":\"https:\\\/\\\/radioljubuski.ba\\\/#organization\"},\"potentialAction\":[{\"@type\":\"SearchAction\",\"target\":{\"@type\":\"EntryPoint\",\"urlTemplate\":\"https:\\\/\\\/radioljubuski.ba\\\/?s={search_term_string}\"},\"query-input\":{\"@type\":\"PropertyValueSpecification\",\"valueRequired\":true,\"valueName\":\"search_term_string\"}}],\"inLanguage\":\"hr\"},{\"@type\":\"Organization\",\"@id\":\"https:\\\/\\\/radioljubuski.ba\\\/#organization\",\"name\":\"Radio Ljubu\u0161ki\",\"url\":\"https:\\\/\\\/radioljubuski.ba\\\/\",\"logo\":{\"@type\":\"ImageObject\",\"inLanguage\":\"hr\",\"@id\":\"https:\\\/\\\/radioljubuski.ba\\\/#\\\/schema\\\/logo\\\/image\\\/\",\"url\":\"https:\\\/\\\/radioljubuski.ba\\\/wp-content\\\/uploads\\\/2021\\\/02\\\/cropped-Radio_Ljubuski_logo1.jpg\",\"contentUrl\":\"https:\\\/\\\/radioljubuski.ba\\\/wp-content\\\/uploads\\\/2021\\\/02\\\/cropped-Radio_Ljubuski_logo1.jpg\",\"width\":512,\"height\":512,\"caption\":\"Radio Ljubu\u0161ki\"},\"image\":{\"@id\":\"https:\\\/\\\/radioljubuski.ba\\\/#\\\/schema\\\/logo\\\/image\\\/\"},\"sameAs\":[\"https:\\\/\\\/www.facebook.com\\\/Radiio-Ljubuski-1490835324566332\",\"https:\\\/\\\/x.com\\\/radioljubuski\",\"https:\\\/\\\/hr.linkedin.com\\\/company\\\/radio-ljubuski\",\"https:\\\/\\\/www.youtube.com\\\/channel\\\/UCHYaeO_n0Db3tjNGudGpXyw\"]},{\"@type\":\"Person\",\"@id\":\"https:\\\/\\\/radioljubuski.ba\\\/#\\\/schema\\\/person\\\/19fc700381a780f69665d7956c469e3b\",\"name\":\"Radio Ljubu\u0161ki\"}]}<\/script>\n<!-- \/ Yoast SEO plugin. -->","yoast_head_json":{"title":"Kova\u010devi\u0107: Stoltenberg zvao Milanovi\u0107a, postignut kompromis - RADIO LJUBU\u0160KI","robots":{"index":"index","follow":"follow","max-snippet":"max-snippet:-1","max-image-preview":"max-image-preview:large","max-video-preview":"max-video-preview:-1"},"canonical":"https:\/\/radioljubuski.ba\/index.php\/2021\/06\/14\/kovacevic-stoltenberg-zvao-milanovica-postignut-kompromis\/","og_locale":"hr_HR","og_type":"article","og_title":"Kova\u010devi\u0107: Stoltenberg zvao Milanovi\u0107a, postignut kompromis - RADIO LJUBU\u0160KI","og_description":"Vanjskopoliti\u010dki analiti\u010dar&nbsp;Bo\u017eo Kova\u010devi\u0107&nbsp;rekao je jutros u HTV-ovoj emisiji Studio 4 kako je glavni tajnik NATO-a&nbsp;Jens Stoltenberg&nbsp;nazvao predsjednika RH&nbsp;Zorana Milanovi\u0107a&nbsp;zbog prijepora oko spominjanja BiH u deklaraciji samita NATO-a te da je postignuto kompromisno rje\u0161enje. Milanovi\u0107 je poru\u010dio da ne\u0107e dati suglasnost za zavr\u0161nu deklaraciju samita ako u njoj ne budu spomenuti Daytonski ugovor i konstitutivnost triju [&hellip;]","og_url":"https:\/\/radioljubuski.ba\/index.php\/2021\/06\/14\/kovacevic-stoltenberg-zvao-milanovica-postignut-kompromis\/","og_site_name":"RADIO LJUBU\u0160KI","article_publisher":"https:\/\/www.facebook.com\/Radiio-Ljubuski-1490835324566332","article_published_time":"2021-06-14T16:12:22+00:00","article_modified_time":"2021-06-14T16:12:24+00:00","og_image":[{"width":1878,"height":1073,"url":"https:\/\/radioljubuski.ba\/wp-content\/uploads\/2021\/06\/studio-4-1-dio-frame-145321-20210614075224.jpg","type":"image\/jpeg"}],"author":"Radio Ljubu\u0161ki","twitter_card":"summary_large_image","twitter_creator":"@radioljubuski","twitter_site":"@radioljubuski","twitter_misc":{"Napisao\/la":"Radio Ljubu\u0161ki","Procijenjeno vrijeme \u010ditanja":"4 minute"},"schema":{"@context":"https:\/\/schema.org","@graph":[{"@type":"Article","@id":"https:\/\/radioljubuski.ba\/index.php\/2021\/06\/14\/kovacevic-stoltenberg-zvao-milanovica-postignut-kompromis\/#article","isPartOf":{"@id":"https:\/\/radioljubuski.ba\/index.php\/2021\/06\/14\/kovacevic-stoltenberg-zvao-milanovica-postignut-kompromis\/"},"author":{"name":"Radio Ljubu\u0161ki","@id":"https:\/\/radioljubuski.ba\/#\/schema\/person\/19fc700381a780f69665d7956c469e3b"},"headline":"Kova\u010devi\u0107: Stoltenberg zvao Milanovi\u0107a, postignut kompromis","datePublished":"2021-06-14T16:12:22+00:00","dateModified":"2021-06-14T16:12:24+00:00","mainEntityOfPage":{"@id":"https:\/\/radioljubuski.ba\/index.php\/2021\/06\/14\/kovacevic-stoltenberg-zvao-milanovica-postignut-kompromis\/"},"wordCount":854,"publisher":{"@id":"https:\/\/radioljubuski.ba\/#organization"},"image":{"@id":"https:\/\/radioljubuski.ba\/index.php\/2021\/06\/14\/kovacevic-stoltenberg-zvao-milanovica-postignut-kompromis\/#primaryimage"},"thumbnailUrl":"https:\/\/radioljubuski.ba\/wp-content\/uploads\/2021\/06\/studio-4-1-dio-frame-145321-20210614075224.jpg","articleSection":["BIH i regija"],"inLanguage":"hr"},{"@type":"WebPage","@id":"https:\/\/radioljubuski.ba\/index.php\/2021\/06\/14\/kovacevic-stoltenberg-zvao-milanovica-postignut-kompromis\/","url":"https:\/\/radioljubuski.ba\/index.php\/2021\/06\/14\/kovacevic-stoltenberg-zvao-milanovica-postignut-kompromis\/","name":"Kova\u010devi\u0107: Stoltenberg zvao Milanovi\u0107a, postignut kompromis - RADIO LJUBU\u0160KI","isPartOf":{"@id":"https:\/\/radioljubuski.ba\/#website"},"primaryImageOfPage":{"@id":"https:\/\/radioljubuski.ba\/index.php\/2021\/06\/14\/kovacevic-stoltenberg-zvao-milanovica-postignut-kompromis\/#primaryimage"},"image":{"@id":"https:\/\/radioljubuski.ba\/index.php\/2021\/06\/14\/kovacevic-stoltenberg-zvao-milanovica-postignut-kompromis\/#primaryimage"},"thumbnailUrl":"https:\/\/radioljubuski.ba\/wp-content\/uploads\/2021\/06\/studio-4-1-dio-frame-145321-20210614075224.jpg","datePublished":"2021-06-14T16:12:22+00:00","dateModified":"2021-06-14T16:12:24+00:00","breadcrumb":{"@id":"https:\/\/radioljubuski.ba\/index.php\/2021\/06\/14\/kovacevic-stoltenberg-zvao-milanovica-postignut-kompromis\/#breadcrumb"},"inLanguage":"hr","potentialAction":[{"@type":"ReadAction","target":["https:\/\/radioljubuski.ba\/index.php\/2021\/06\/14\/kovacevic-stoltenberg-zvao-milanovica-postignut-kompromis\/"]}]},{"@type":"ImageObject","inLanguage":"hr","@id":"https:\/\/radioljubuski.ba\/index.php\/2021\/06\/14\/kovacevic-stoltenberg-zvao-milanovica-postignut-kompromis\/#primaryimage","url":"https:\/\/radioljubuski.ba\/wp-content\/uploads\/2021\/06\/studio-4-1-dio-frame-145321-20210614075224.jpg","contentUrl":"https:\/\/radioljubuski.ba\/wp-content\/uploads\/2021\/06\/studio-4-1-dio-frame-145321-20210614075224.jpg","width":1878,"height":1073},{"@type":"BreadcrumbList","@id":"https:\/\/radioljubuski.ba\/index.php\/2021\/06\/14\/kovacevic-stoltenberg-zvao-milanovica-postignut-kompromis\/#breadcrumb","itemListElement":[{"@type":"ListItem","position":1,"name":"Po\u010detna stranica","item":"https:\/\/radioljubuski.ba\/"},{"@type":"ListItem","position":2,"name":"Kova\u010devi\u0107: Stoltenberg zvao Milanovi\u0107a, postignut kompromis"}]},{"@type":"WebSite","@id":"https:\/\/radioljubuski.ba\/#website","url":"https:\/\/radioljubuski.ba\/","name":"Radio Ljubu\u0161ki","description":"Sun\u010dana frekvencija Hercegovine","publisher":{"@id":"https:\/\/radioljubuski.ba\/#organization"},"potentialAction":[{"@type":"SearchAction","target":{"@type":"EntryPoint","urlTemplate":"https:\/\/radioljubuski.ba\/?s={search_term_string}"},"query-input":{"@type":"PropertyValueSpecification","valueRequired":true,"valueName":"search_term_string"}}],"inLanguage":"hr"},{"@type":"Organization","@id":"https:\/\/radioljubuski.ba\/#organization","name":"Radio Ljubu\u0161ki","url":"https:\/\/radioljubuski.ba\/","logo":{"@type":"ImageObject","inLanguage":"hr","@id":"https:\/\/radioljubuski.ba\/#\/schema\/logo\/image\/","url":"https:\/\/radioljubuski.ba\/wp-content\/uploads\/2021\/02\/cropped-Radio_Ljubuski_logo1.jpg","contentUrl":"https:\/\/radioljubuski.ba\/wp-content\/uploads\/2021\/02\/cropped-Radio_Ljubuski_logo1.jpg","width":512,"height":512,"caption":"Radio Ljubu\u0161ki"},"image":{"@id":"https:\/\/radioljubuski.ba\/#\/schema\/logo\/image\/"},"sameAs":["https:\/\/www.facebook.com\/Radiio-Ljubuski-1490835324566332","https:\/\/x.com\/radioljubuski","https:\/\/hr.linkedin.com\/company\/radio-ljubuski","https:\/\/www.youtube.com\/channel\/UCHYaeO_n0Db3tjNGudGpXyw"]},{"@type":"Person","@id":"https:\/\/radioljubuski.ba\/#\/schema\/person\/19fc700381a780f69665d7956c469e3b","name":"Radio Ljubu\u0161ki"}]}},"_links":{"self":[{"href":"https:\/\/radioljubuski.ba\/index.php\/wp-json\/wp\/v2\/posts\/32414","targetHints":{"allow":["GET"]}}],"collection":[{"href":"https:\/\/radioljubuski.ba\/index.php\/wp-json\/wp\/v2\/posts"}],"about":[{"href":"https:\/\/radioljubuski.ba\/index.php\/wp-json\/wp\/v2\/types\/post"}],"author":[{"embeddable":true,"href":"https:\/\/radioljubuski.ba\/index.php\/wp-json\/wp\/v2\/users\/2"}],"replies":[{"embeddable":true,"href":"https:\/\/radioljubuski.ba\/index.php\/wp-json\/wp\/v2\/comments?post=32414"}],"version-history":[{"count":1,"href":"https:\/\/radioljubuski.ba\/index.php\/wp-json\/wp\/v2\/posts\/32414\/revisions"}],"predecessor-version":[{"id":32416,"href":"https:\/\/radioljubuski.ba\/index.php\/wp-json\/wp\/v2\/posts\/32414\/revisions\/32416"}],"wp:featuredmedia":[{"embeddable":true,"href":"https:\/\/radioljubuski.ba\/index.php\/wp-json\/wp\/v2\/media\/32415"}],"wp:attachment":[{"href":"https:\/\/radioljubuski.ba\/index.php\/wp-json\/wp\/v2\/media?parent=32414"}],"wp:term":[{"taxonomy":"category","embeddable":true,"href":"https:\/\/radioljubuski.ba\/index.php\/wp-json\/wp\/v2\/categories?post=32414"},{"taxonomy":"post_tag","embeddable":true,"href":"https:\/\/radioljubuski.ba\/index.php\/wp-json\/wp\/v2\/tags?post=32414"}],"curies":[{"name":"wp","href":"https:\/\/api.w.org\/{rel}","templated":true}]}}