{"id":32417,"date":"2021-06-14T17:15:04","date_gmt":"2021-06-14T16:15:04","guid":{"rendered":"https:\/\/radioljubuski.ba\/?p=32417"},"modified":"2021-06-14T17:15:05","modified_gmt":"2021-06-14T16:15:05","slug":"u-hrvatskoj-je-danas-18-novozarazenih-koronavirusom-preminulo-13-osoba","status":"publish","type":"post","link":"https:\/\/radioljubuski.ba\/index.php\/2021\/06\/14\/u-hrvatskoj-je-danas-18-novozarazenih-koronavirusom-preminulo-13-osoba\/","title":{"rendered":"U Hrvatskoj je danas 18 novozara\u017eenih koronavirusom, preminulo 13 osoba"},"content":{"rendered":"\n<p><strong>U Hrvatskoj je 18 novih slu\u010dajeva zaraze koronavirusom, a testirane su 2082 osobe. Preminulo je 13 osoba. Iako je ponedjeljkom uvijek manje novih slu\u010dajeva, zbog manje testiranja nedjeljom, primjetan je pad jer smo pro\u0161log ponedjeljka imali 43 nova slu\u010daja zaraze.<\/strong><\/p>\n\n\n\n<p>Broj aktivnih slu\u010dajeva u Hrvatskoj danas je ukupno 847.&nbsp;Me\u0111u njima su 404 pacijenta na bolni\u010dkom lije\u010denju, od toga je na respiratoru 26 pacijenata.&nbsp;Zaklju\u010dno s 12. lipnja utro\u0161eno je 2 139 816 doza cjepiva. Dosad su 1 413 933 osoba cijepljeno s najmanje jednom dozom, me\u0111u kojima je njih 725 883 primilo obje doze. Na dan 12. lipnja utro\u0161eno je 11 020 doza cjepiva.<\/p>\n\n\n\n<p>S padom zanimanja za cijepljenje, po\u010delo je cijepljenje u ruralnim krajevima, u \u010demu \u0107e pomo\u0107i dva COVID autobusa, koja su stigla u Viroviti\u010dko-podravsku \u017eupaniju. Ondje \u0107e se do 18. lipnja cijepljenje provoditi u \u0161est mjesta.\u00a0<\/p>\n\n\n\n<iframe loading=\"lazy\" src=\"https:\/\/www.facebook.com\/plugins\/video.php?height=314&#038;href=https%3A%2F%2Fwww.facebook.com%2Fwww.hrt.hr%2Fvideos%2F1157316218106381%2F&#038;show_text=false&#038;width=560&#038;t=0\" width=\"560\" height=\"314\" style=\"border:none;overflow:hidden\" scrolling=\"no\" frameborder=\"0\" allowfullscreen=\"true\" allow=\"autoplay; clipboard-write; encrypted-media; picture-in-picture; web-share\" allowFullScreen=\"true\"><\/iframe>\n\n\n\n<p>U Zadru je \u010detvrtu godinu zaredom otvoren Sto\u017eer za provedbu mjera sigurnosti tijekom turisti\u010dke sezone. Osim uobi\u010dajenog pra\u0107enja stanja na dr\u017eavnoj granici i sigurnosti cestovnog prometa, ove \u0107e se godine nadzirati i postupanja vezana za pandemiju. Ministar unutarnjih poslova&nbsp;<strong>Davor Bo\u017einovi\u0107&nbsp;<\/strong>rekao je da uo\u010di vrhunca turisti\u010dke sezone slu\u017ebe \u010dine sve kako bi odr\u017eale ovu povoljnu epidemiolo\u0161ku situaciju.<\/p>\n\n\n\n<p>Izvor:hrt.hr<\/p>\n","protected":false},"excerpt":{"rendered":"<p>U Hrvatskoj je 18 novih slu\u010dajeva zaraze koronavirusom, a testirane su 2082 osobe. Preminulo je 13 osoba. Iako je ponedjeljkom uvijek manje novih slu\u010dajeva, zbog manje testiranja nedjeljom, primjetan je pad jer smo pro\u0161log ponedjeljka imali 43 nova slu\u010daja zaraze. Broj aktivnih slu\u010dajeva u Hrvatskoj danas je ukupno 847.&nbsp;Me\u0111u njima su 404 pacijenta na bolni\u010dkom [&hellip;]<\/p>\n","protected":false},"author":2,"featured_media":32418,"comment_status":"closed","ping_status":"closed","sticky":false,"template":"","format":"standard","meta":{"h5ap_radio_sources":[],"footnotes":""},"categories":[1],"tags":[],"class_list":["post-32417","post","type-post","status-publish","format-standard","has-post-thumbnail","hentry","category-bihiregija"],"yoast_head":"<!-- This site is optimized with the Yoast SEO plugin v27.5 - https:\/\/yoast.com\/product\/yoast-seo-wordpress\/ -->\n<title>U Hrvatskoj je danas 18 novozara\u017eenih koronavirusom, preminulo 13 osoba - RADIO LJUBU\u0160KI<\/title>\n<meta name=\"robots\" content=\"index, follow, max-snippet:-1, max-image-preview:large, max-video-preview:-1\" \/>\n<link rel=\"canonical\" href=\"https:\/\/radioljubuski.ba\/index.php\/2021\/06\/14\/u-hrvatskoj-je-danas-18-novozarazenih-koronavirusom-preminulo-13-osoba\/\" \/>\n<meta property=\"og:locale\" content=\"hr_HR\" \/>\n<meta property=\"og:type\" content=\"article\" \/>\n<meta property=\"og:title\" content=\"U Hrvatskoj je danas 18 novozara\u017eenih koronavirusom, preminulo 13 osoba - RADIO LJUBU\u0160KI\" \/>\n<meta property=\"og:description\" content=\"U Hrvatskoj je 18 novih slu\u010dajeva zaraze koronavirusom, a testirane su 2082 osobe. Preminulo je 13 osoba. Iako je ponedjeljkom uvijek manje novih slu\u010dajeva, zbog manje testiranja nedjeljom, primjetan je pad jer smo pro\u0161log ponedjeljka imali 43 nova slu\u010daja zaraze. Broj aktivnih slu\u010dajeva u Hrvatskoj danas je ukupno 847.&nbsp;Me\u0111u njima su 404 pacijenta na bolni\u010dkom [&hellip;]\" \/>\n<meta property=\"og:url\" content=\"https:\/\/radioljubuski.ba\/index.php\/2021\/06\/14\/u-hrvatskoj-je-danas-18-novozarazenih-koronavirusom-preminulo-13-osoba\/\" \/>\n<meta property=\"og:site_name\" content=\"RADIO LJUBU\u0160KI\" \/>\n<meta property=\"article:publisher\" content=\"https:\/\/www.facebook.com\/Radiio-Ljubuski-1490835324566332\" \/>\n<meta property=\"article:published_time\" content=\"2021-06-14T16:15:04+00:00\" \/>\n<meta property=\"article:modified_time\" content=\"2021-06-14T16:15:05+00:00\" \/>\n<meta property=\"og:image\" content=\"https:\/\/radioljubuski.ba\/wp-content\/uploads\/2021\/06\/pxl-240221-31939665.jpg\" \/>\n\t<meta property=\"og:image:width\" content=\"800\" \/>\n\t<meta property=\"og:image:height\" content=\"505\" \/>\n\t<meta property=\"og:image:type\" content=\"image\/jpeg\" \/>\n<meta name=\"author\" content=\"Radio Ljubu\u0161ki\" \/>\n<meta name=\"twitter:card\" content=\"summary_large_image\" \/>\n<meta name=\"twitter:creator\" content=\"@radioljubuski\" \/>\n<meta name=\"twitter:site\" content=\"@radioljubuski\" \/>\n<meta name=\"twitter:label1\" content=\"Napisao\/la\" \/>\n\t<meta name=\"twitter:data1\" content=\"Radio Ljubu\u0161ki\" \/>\n\t<meta name=\"twitter:label2\" content=\"Procijenjeno vrijeme \u010ditanja\" \/>\n\t<meta name=\"twitter:data2\" content=\"1 minuta\" \/>\n<script type=\"application\/ld+json\" class=\"yoast-schema-graph\">{\"@context\":\"https:\\\/\\\/schema.org\",\"@graph\":[{\"@type\":\"Article\",\"@id\":\"https:\\\/\\\/radioljubuski.ba\\\/index.php\\\/2021\\\/06\\\/14\\\/u-hrvatskoj-je-danas-18-novozarazenih-koronavirusom-preminulo-13-osoba\\\/#article\",\"isPartOf\":{\"@id\":\"https:\\\/\\\/radioljubuski.ba\\\/index.php\\\/2021\\\/06\\\/14\\\/u-hrvatskoj-je-danas-18-novozarazenih-koronavirusom-preminulo-13-osoba\\\/\"},\"author\":{\"name\":\"Radio Ljubu\u0161ki\",\"@id\":\"https:\\\/\\\/radioljubuski.ba\\\/#\\\/schema\\\/person\\\/19fc700381a780f69665d7956c469e3b\"},\"headline\":\"U Hrvatskoj je danas 18 novozara\u017eenih koronavirusom, preminulo 13 osoba\",\"datePublished\":\"2021-06-14T16:15:04+00:00\",\"dateModified\":\"2021-06-14T16:15:05+00:00\",\"mainEntityOfPage\":{\"@id\":\"https:\\\/\\\/radioljubuski.ba\\\/index.php\\\/2021\\\/06\\\/14\\\/u-hrvatskoj-je-danas-18-novozarazenih-koronavirusom-preminulo-13-osoba\\\/\"},\"wordCount\":220,\"publisher\":{\"@id\":\"https:\\\/\\\/radioljubuski.ba\\\/#organization\"},\"image\":{\"@id\":\"https:\\\/\\\/radioljubuski.ba\\\/index.php\\\/2021\\\/06\\\/14\\\/u-hrvatskoj-je-danas-18-novozarazenih-koronavirusom-preminulo-13-osoba\\\/#primaryimage\"},\"thumbnailUrl\":\"https:\\\/\\\/radioljubuski.ba\\\/wp-content\\\/uploads\\\/2021\\\/06\\\/pxl-240221-31939665.jpg\",\"articleSection\":[\"BIH i regija\"],\"inLanguage\":\"hr\"},{\"@type\":\"WebPage\",\"@id\":\"https:\\\/\\\/radioljubuski.ba\\\/index.php\\\/2021\\\/06\\\/14\\\/u-hrvatskoj-je-danas-18-novozarazenih-koronavirusom-preminulo-13-osoba\\\/\",\"url\":\"https:\\\/\\\/radioljubuski.ba\\\/index.php\\\/2021\\\/06\\\/14\\\/u-hrvatskoj-je-danas-18-novozarazenih-koronavirusom-preminulo-13-osoba\\\/\",\"name\":\"U Hrvatskoj je danas 18 novozara\u017eenih koronavirusom, preminulo 13 osoba - RADIO LJUBU\u0160KI\",\"isPartOf\":{\"@id\":\"https:\\\/\\\/radioljubuski.ba\\\/#website\"},\"primaryImageOfPage\":{\"@id\":\"https:\\\/\\\/radioljubuski.ba\\\/index.php\\\/2021\\\/06\\\/14\\\/u-hrvatskoj-je-danas-18-novozarazenih-koronavirusom-preminulo-13-osoba\\\/#primaryimage\"},\"image\":{\"@id\":\"https:\\\/\\\/radioljubuski.ba\\\/index.php\\\/2021\\\/06\\\/14\\\/u-hrvatskoj-je-danas-18-novozarazenih-koronavirusom-preminulo-13-osoba\\\/#primaryimage\"},\"thumbnailUrl\":\"https:\\\/\\\/radioljubuski.ba\\\/wp-content\\\/uploads\\\/2021\\\/06\\\/pxl-240221-31939665.jpg\",\"datePublished\":\"2021-06-14T16:15:04+00:00\",\"dateModified\":\"2021-06-14T16:15:05+00:00\",\"breadcrumb\":{\"@id\":\"https:\\\/\\\/radioljubuski.ba\\\/index.php\\\/2021\\\/06\\\/14\\\/u-hrvatskoj-je-danas-18-novozarazenih-koronavirusom-preminulo-13-osoba\\\/#breadcrumb\"},\"inLanguage\":\"hr\",\"potentialAction\":[{\"@type\":\"ReadAction\",\"target\":[\"https:\\\/\\\/radioljubuski.ba\\\/index.php\\\/2021\\\/06\\\/14\\\/u-hrvatskoj-je-danas-18-novozarazenih-koronavirusom-preminulo-13-osoba\\\/\"]}]},{\"@type\":\"ImageObject\",\"inLanguage\":\"hr\",\"@id\":\"https:\\\/\\\/radioljubuski.ba\\\/index.php\\\/2021\\\/06\\\/14\\\/u-hrvatskoj-je-danas-18-novozarazenih-koronavirusom-preminulo-13-osoba\\\/#primaryimage\",\"url\":\"https:\\\/\\\/radioljubuski.ba\\\/wp-content\\\/uploads\\\/2021\\\/06\\\/pxl-240221-31939665.jpg\",\"contentUrl\":\"https:\\\/\\\/radioljubuski.ba\\\/wp-content\\\/uploads\\\/2021\\\/06\\\/pxl-240221-31939665.jpg\",\"width\":800,\"height\":505},{\"@type\":\"BreadcrumbList\",\"@id\":\"https:\\\/\\\/radioljubuski.ba\\\/index.php\\\/2021\\\/06\\\/14\\\/u-hrvatskoj-je-danas-18-novozarazenih-koronavirusom-preminulo-13-osoba\\\/#breadcrumb\",\"itemListElement\":[{\"@type\":\"ListItem\",\"position\":1,\"name\":\"Po\u010detna stranica\",\"item\":\"https:\\\/\\\/radioljubuski.ba\\\/\"},{\"@type\":\"ListItem\",\"position\":2,\"name\":\"U Hrvatskoj je danas 18 novozara\u017eenih koronavirusom, preminulo 13 osoba\"}]},{\"@type\":\"WebSite\",\"@id\":\"https:\\\/\\\/radioljubuski.ba\\\/#website\",\"url\":\"https:\\\/\\\/radioljubuski.ba\\\/\",\"name\":\"Radio Ljubu\u0161ki\",\"description\":\"Sun\u010dana frekvencija Hercegovine\",\"publisher\":{\"@id\":\"https:\\\/\\\/radioljubuski.ba\\\/#organization\"},\"potentialAction\":[{\"@type\":\"SearchAction\",\"target\":{\"@type\":\"EntryPoint\",\"urlTemplate\":\"https:\\\/\\\/radioljubuski.ba\\\/?s={search_term_string}\"},\"query-input\":{\"@type\":\"PropertyValueSpecification\",\"valueRequired\":true,\"valueName\":\"search_term_string\"}}],\"inLanguage\":\"hr\"},{\"@type\":\"Organization\",\"@id\":\"https:\\\/\\\/radioljubuski.ba\\\/#organization\",\"name\":\"Radio Ljubu\u0161ki\",\"url\":\"https:\\\/\\\/radioljubuski.ba\\\/\",\"logo\":{\"@type\":\"ImageObject\",\"inLanguage\":\"hr\",\"@id\":\"https:\\\/\\\/radioljubuski.ba\\\/#\\\/schema\\\/logo\\\/image\\\/\",\"url\":\"https:\\\/\\\/radioljubuski.ba\\\/wp-content\\\/uploads\\\/2021\\\/02\\\/cropped-Radio_Ljubuski_logo1.jpg\",\"contentUrl\":\"https:\\\/\\\/radioljubuski.ba\\\/wp-content\\\/uploads\\\/2021\\\/02\\\/cropped-Radio_Ljubuski_logo1.jpg\",\"width\":512,\"height\":512,\"caption\":\"Radio Ljubu\u0161ki\"},\"image\":{\"@id\":\"https:\\\/\\\/radioljubuski.ba\\\/#\\\/schema\\\/logo\\\/image\\\/\"},\"sameAs\":[\"https:\\\/\\\/www.facebook.com\\\/Radiio-Ljubuski-1490835324566332\",\"https:\\\/\\\/x.com\\\/radioljubuski\",\"https:\\\/\\\/hr.linkedin.com\\\/company\\\/radio-ljubuski\",\"https:\\\/\\\/www.youtube.com\\\/channel\\\/UCHYaeO_n0Db3tjNGudGpXyw\"]},{\"@type\":\"Person\",\"@id\":\"https:\\\/\\\/radioljubuski.ba\\\/#\\\/schema\\\/person\\\/19fc700381a780f69665d7956c469e3b\",\"name\":\"Radio Ljubu\u0161ki\"}]}<\/script>\n<!-- \/ Yoast SEO plugin. -->","yoast_head_json":{"title":"U Hrvatskoj je danas 18 novozara\u017eenih koronavirusom, preminulo 13 osoba - RADIO LJUBU\u0160KI","robots":{"index":"index","follow":"follow","max-snippet":"max-snippet:-1","max-image-preview":"max-image-preview:large","max-video-preview":"max-video-preview:-1"},"canonical":"https:\/\/radioljubuski.ba\/index.php\/2021\/06\/14\/u-hrvatskoj-je-danas-18-novozarazenih-koronavirusom-preminulo-13-osoba\/","og_locale":"hr_HR","og_type":"article","og_title":"U Hrvatskoj je danas 18 novozara\u017eenih koronavirusom, preminulo 13 osoba - RADIO LJUBU\u0160KI","og_description":"U Hrvatskoj je 18 novih slu\u010dajeva zaraze koronavirusom, a testirane su 2082 osobe. Preminulo je 13 osoba. Iako je ponedjeljkom uvijek manje novih slu\u010dajeva, zbog manje testiranja nedjeljom, primjetan je pad jer smo pro\u0161log ponedjeljka imali 43 nova slu\u010daja zaraze. Broj aktivnih slu\u010dajeva u Hrvatskoj danas je ukupno 847.&nbsp;Me\u0111u njima su 404 pacijenta na bolni\u010dkom [&hellip;]","og_url":"https:\/\/radioljubuski.ba\/index.php\/2021\/06\/14\/u-hrvatskoj-je-danas-18-novozarazenih-koronavirusom-preminulo-13-osoba\/","og_site_name":"RADIO LJUBU\u0160KI","article_publisher":"https:\/\/www.facebook.com\/Radiio-Ljubuski-1490835324566332","article_published_time":"2021-06-14T16:15:04+00:00","article_modified_time":"2021-06-14T16:15:05+00:00","og_image":[{"width":800,"height":505,"url":"https:\/\/radioljubuski.ba\/wp-content\/uploads\/2021\/06\/pxl-240221-31939665.jpg","type":"image\/jpeg"}],"author":"Radio Ljubu\u0161ki","twitter_card":"summary_large_image","twitter_creator":"@radioljubuski","twitter_site":"@radioljubuski","twitter_misc":{"Napisao\/la":"Radio Ljubu\u0161ki","Procijenjeno vrijeme \u010ditanja":"1 minuta"},"schema":{"@context":"https:\/\/schema.org","@graph":[{"@type":"Article","@id":"https:\/\/radioljubuski.ba\/index.php\/2021\/06\/14\/u-hrvatskoj-je-danas-18-novozarazenih-koronavirusom-preminulo-13-osoba\/#article","isPartOf":{"@id":"https:\/\/radioljubuski.ba\/index.php\/2021\/06\/14\/u-hrvatskoj-je-danas-18-novozarazenih-koronavirusom-preminulo-13-osoba\/"},"author":{"name":"Radio Ljubu\u0161ki","@id":"https:\/\/radioljubuski.ba\/#\/schema\/person\/19fc700381a780f69665d7956c469e3b"},"headline":"U Hrvatskoj je danas 18 novozara\u017eenih koronavirusom, preminulo 13 osoba","datePublished":"2021-06-14T16:15:04+00:00","dateModified":"2021-06-14T16:15:05+00:00","mainEntityOfPage":{"@id":"https:\/\/radioljubuski.ba\/index.php\/2021\/06\/14\/u-hrvatskoj-je-danas-18-novozarazenih-koronavirusom-preminulo-13-osoba\/"},"wordCount":220,"publisher":{"@id":"https:\/\/radioljubuski.ba\/#organization"},"image":{"@id":"https:\/\/radioljubuski.ba\/index.php\/2021\/06\/14\/u-hrvatskoj-je-danas-18-novozarazenih-koronavirusom-preminulo-13-osoba\/#primaryimage"},"thumbnailUrl":"https:\/\/radioljubuski.ba\/wp-content\/uploads\/2021\/06\/pxl-240221-31939665.jpg","articleSection":["BIH i regija"],"inLanguage":"hr"},{"@type":"WebPage","@id":"https:\/\/radioljubuski.ba\/index.php\/2021\/06\/14\/u-hrvatskoj-je-danas-18-novozarazenih-koronavirusom-preminulo-13-osoba\/","url":"https:\/\/radioljubuski.ba\/index.php\/2021\/06\/14\/u-hrvatskoj-je-danas-18-novozarazenih-koronavirusom-preminulo-13-osoba\/","name":"U Hrvatskoj je danas 18 novozara\u017eenih koronavirusom, preminulo 13 osoba - RADIO LJUBU\u0160KI","isPartOf":{"@id":"https:\/\/radioljubuski.ba\/#website"},"primaryImageOfPage":{"@id":"https:\/\/radioljubuski.ba\/index.php\/2021\/06\/14\/u-hrvatskoj-je-danas-18-novozarazenih-koronavirusom-preminulo-13-osoba\/#primaryimage"},"image":{"@id":"https:\/\/radioljubuski.ba\/index.php\/2021\/06\/14\/u-hrvatskoj-je-danas-18-novozarazenih-koronavirusom-preminulo-13-osoba\/#primaryimage"},"thumbnailUrl":"https:\/\/radioljubuski.ba\/wp-content\/uploads\/2021\/06\/pxl-240221-31939665.jpg","datePublished":"2021-06-14T16:15:04+00:00","dateModified":"2021-06-14T16:15:05+00:00","breadcrumb":{"@id":"https:\/\/radioljubuski.ba\/index.php\/2021\/06\/14\/u-hrvatskoj-je-danas-18-novozarazenih-koronavirusom-preminulo-13-osoba\/#breadcrumb"},"inLanguage":"hr","potentialAction":[{"@type":"ReadAction","target":["https:\/\/radioljubuski.ba\/index.php\/2021\/06\/14\/u-hrvatskoj-je-danas-18-novozarazenih-koronavirusom-preminulo-13-osoba\/"]}]},{"@type":"ImageObject","inLanguage":"hr","@id":"https:\/\/radioljubuski.ba\/index.php\/2021\/06\/14\/u-hrvatskoj-je-danas-18-novozarazenih-koronavirusom-preminulo-13-osoba\/#primaryimage","url":"https:\/\/radioljubuski.ba\/wp-content\/uploads\/2021\/06\/pxl-240221-31939665.jpg","contentUrl":"https:\/\/radioljubuski.ba\/wp-content\/uploads\/2021\/06\/pxl-240221-31939665.jpg","width":800,"height":505},{"@type":"BreadcrumbList","@id":"https:\/\/radioljubuski.ba\/index.php\/2021\/06\/14\/u-hrvatskoj-je-danas-18-novozarazenih-koronavirusom-preminulo-13-osoba\/#breadcrumb","itemListElement":[{"@type":"ListItem","position":1,"name":"Po\u010detna stranica","item":"https:\/\/radioljubuski.ba\/"},{"@type":"ListItem","position":2,"name":"U Hrvatskoj je danas 18 novozara\u017eenih koronavirusom, preminulo 13 osoba"}]},{"@type":"WebSite","@id":"https:\/\/radioljubuski.ba\/#website","url":"https:\/\/radioljubuski.ba\/","name":"Radio Ljubu\u0161ki","description":"Sun\u010dana frekvencija Hercegovine","publisher":{"@id":"https:\/\/radioljubuski.ba\/#organization"},"potentialAction":[{"@type":"SearchAction","target":{"@type":"EntryPoint","urlTemplate":"https:\/\/radioljubuski.ba\/?s={search_term_string}"},"query-input":{"@type":"PropertyValueSpecification","valueRequired":true,"valueName":"search_term_string"}}],"inLanguage":"hr"},{"@type":"Organization","@id":"https:\/\/radioljubuski.ba\/#organization","name":"Radio Ljubu\u0161ki","url":"https:\/\/radioljubuski.ba\/","logo":{"@type":"ImageObject","inLanguage":"hr","@id":"https:\/\/radioljubuski.ba\/#\/schema\/logo\/image\/","url":"https:\/\/radioljubuski.ba\/wp-content\/uploads\/2021\/02\/cropped-Radio_Ljubuski_logo1.jpg","contentUrl":"https:\/\/radioljubuski.ba\/wp-content\/uploads\/2021\/02\/cropped-Radio_Ljubuski_logo1.jpg","width":512,"height":512,"caption":"Radio Ljubu\u0161ki"},"image":{"@id":"https:\/\/radioljubuski.ba\/#\/schema\/logo\/image\/"},"sameAs":["https:\/\/www.facebook.com\/Radiio-Ljubuski-1490835324566332","https:\/\/x.com\/radioljubuski","https:\/\/hr.linkedin.com\/company\/radio-ljubuski","https:\/\/www.youtube.com\/channel\/UCHYaeO_n0Db3tjNGudGpXyw"]},{"@type":"Person","@id":"https:\/\/radioljubuski.ba\/#\/schema\/person\/19fc700381a780f69665d7956c469e3b","name":"Radio Ljubu\u0161ki"}]}},"_links":{"self":[{"href":"https:\/\/radioljubuski.ba\/index.php\/wp-json\/wp\/v2\/posts\/32417","targetHints":{"allow":["GET"]}}],"collection":[{"href":"https:\/\/radioljubuski.ba\/index.php\/wp-json\/wp\/v2\/posts"}],"about":[{"href":"https:\/\/radioljubuski.ba\/index.php\/wp-json\/wp\/v2\/types\/post"}],"author":[{"embeddable":true,"href":"https:\/\/radioljubuski.ba\/index.php\/wp-json\/wp\/v2\/users\/2"}],"replies":[{"embeddable":true,"href":"https:\/\/radioljubuski.ba\/index.php\/wp-json\/wp\/v2\/comments?post=32417"}],"version-history":[{"count":1,"href":"https:\/\/radioljubuski.ba\/index.php\/wp-json\/wp\/v2\/posts\/32417\/revisions"}],"predecessor-version":[{"id":32419,"href":"https:\/\/radioljubuski.ba\/index.php\/wp-json\/wp\/v2\/posts\/32417\/revisions\/32419"}],"wp:featuredmedia":[{"embeddable":true,"href":"https:\/\/radioljubuski.ba\/index.php\/wp-json\/wp\/v2\/media\/32418"}],"wp:attachment":[{"href":"https:\/\/radioljubuski.ba\/index.php\/wp-json\/wp\/v2\/media?parent=32417"}],"wp:term":[{"taxonomy":"category","embeddable":true,"href":"https:\/\/radioljubuski.ba\/index.php\/wp-json\/wp\/v2\/categories?post=32417"},{"taxonomy":"post_tag","embeddable":true,"href":"https:\/\/radioljubuski.ba\/index.php\/wp-json\/wp\/v2\/tags?post=32417"}],"curies":[{"name":"wp","href":"https:\/\/api.w.org\/{rel}","templated":true}]}}