{"id":32430,"date":"2021-06-14T17:36:37","date_gmt":"2021-06-14T16:36:37","guid":{"rendered":"https:\/\/radioljubuski.ba\/?p=32430"},"modified":"2021-06-14T17:36:39","modified_gmt":"2021-06-14T16:36:39","slug":"vatavuk-u-pripremi-upozorenje-pred-otkaz-dijani-zadravec","status":"publish","type":"post","link":"https:\/\/radioljubuski.ba\/index.php\/2021\/06\/14\/vatavuk-u-pripremi-upozorenje-pred-otkaz-dijani-zadravec\/","title":{"rendered":"Vatavuk: U pripremi upozorenje pred otkaz Dijani Zadravec"},"content":{"rendered":"\n<p><strong>V.d. ravnatelja KBC-a Sestre milosrdnice Zoran Vatavuk izvijestio je u ponedjeljak da jo\u0161 traje kontrola poslovanja te ustanove i da je u pripremi upozorenje na obveze iz radnog odnosa uz mogu\u0107nost otkaza ugovora o radu Dijani Zadravec, biv\u0161oj predstojnici Klinike za radiologiju.<\/strong><\/p>\n\n\n\n<p><strong>Vatavuk&nbsp;<\/strong>u priop\u0107enju isti\u010de da zdravstvena inspekcija Ministarstva zdravstva te kontrola i nadzor HZZO-a tre\u0107i tjedan temeljito prolaze svaki segment dosada\u0161njeg poslovanja, s posebnim naglaskom na utvr\u0111ivanje eventualnih propusta u zdravstvenom radu i mogu\u0107im zloupotrebama u kori\u0161tenju bolni\u010dkih kapaciteta i sredstava u privatne svrhe, kako je na to u javnim istupima vi\u0161ekratno upozoravala biv\u0161a predstojnica Klini\u010dkog zavoda za dijagnosti\u010dku i interventnu radiologiju<strong>&nbsp;Dijana Zadravec<\/strong>.<br><br>&#8211; Prema dosada\u0161njim saznanjima, utvr\u0111ene su manje nepravilnosti i odstupanja od internih procedura koje \u0107e na tra\u017eenje inspekcija uprava bolnice otkloniti te se nastavljaju daljnja ispitivanja inspekcija na temelju ukazanih nepravilnosti od strane Dijane Zadravec. U tijeku je i prora\u010dunski nadzor pa se o\u010dekuje da \u0107e uskoro stru\u010dnjaci Ministarstva financija obaviti kontrolu tro\u0161enja sredstava hrvatskih poreznih obveznika, isti\u010de Vatavuk.<br><br>Inspekcijama smo stavili na uvid svu dokumentaciju, pru\u017eili im sve informacije koje su bile zatra\u017eene. \u0160teta \u0161to to nije u\u010dinila i doktorica Zadravec koja je imala prigodu dokazima potkrijepiti navode iz svojih javnih istupa, navodi Vatavuk. Napominje kako Zadravec, iako je na bolovanju te se natje\u010de za ravnateljicu bolnice, i dalje u vi\u0161e navrata u medijima ponavlja optu\u017ebe za nezakonitosti u radu KBC-a i nekih od lije\u010dnika i zaposlenika u bolnici.<br><br>&#8211; Prof. Zadravec jako dobro zna da se svojim postupcima ogrije\u0161ila o na\u0161a bolni\u010dka pravila, ka\u017ee v.d. ravnatelja.<br><br>Dodaje kako je ona, unato\u010d upozorenjima i svojim obe\u0107anjima da \u0107e se suzdr\u017eavati od javnog bla\u0107enja ustanove u kojoj radi, u vi\u0161e navrata u posljednje vrijeme u medijskim istupima ponovila optu\u017ebe za nezakonitosti o kojima, unato\u010d njezinim prijavama, nema pokrenutih aktivnosti nadle\u017enih dr\u017eavnih tijela niti sudskih postupaka ili presuda.<br><br>&#8211; Zbog toga sam joj, da za\u0161titim interese KBC-a Sestre milosrdnice i njenih zaposlenika te osiguram mir i uvjete za pru\u017eanje usluga na\u0161im pacijentima, izrekao upozorenje na obveze iz radnog odnosa uz mogu\u0107nost otkaza ugovora o radu, navodi v.d. ravnatelja KBC-a Sestre milosrdnice Vatavuk.<br><br>Kao podlogu za to navodi Pravilnik o radu i Eti\u010dkom kodeksu te isti\u010de kako su se nakon smjene Zadravec vratili neki djelatnici koji su oti\u0161li zbog naru\u0161enih odnosa s njom, a organizacija rada, broj pregleda i pru\u017eenih usluga pacijentima te posebno radno ozra\u010dje kako&nbsp; u Vinogradskoj i Klinici za tumore dokazuju da je njezinom smjenom otklonjen i glavni uzrok svih nesporazuma, navodi se u priop\u0107enju.<br><br>Napominju i da je pro\u0161log tjedna istekao 15-dnevni rok za podno\u0161enje prijava kandidata za novog ravnatelja, a odluku o tome treba donijeti Upravno vije\u0107e u idu\u0107ih mjesec dana.&nbsp;<\/p>\n\n\n\n<p>Izvor:hrt.hr<\/p>\n","protected":false},"excerpt":{"rendered":"<p>V.d. ravnatelja KBC-a Sestre milosrdnice Zoran Vatavuk izvijestio je u ponedjeljak da jo\u0161 traje kontrola poslovanja te ustanove i da je u pripremi upozorenje na obveze iz radnog odnosa uz mogu\u0107nost otkaza ugovora o radu Dijani Zadravec, biv\u0161oj predstojnici Klinike za radiologiju. Vatavuk&nbsp;u priop\u0107enju isti\u010de da zdravstvena inspekcija Ministarstva zdravstva te kontrola i nadzor HZZO-a [&hellip;]<\/p>\n","protected":false},"author":2,"featured_media":32431,"comment_status":"closed","ping_status":"closed","sticky":false,"template":"","format":"standard","meta":{"h5ap_radio_sources":[],"footnotes":""},"categories":[1],"tags":[],"class_list":["post-32430","post","type-post","status-publish","format-standard","has-post-thumbnail","hentry","category-bihiregija"],"yoast_head":"<!-- This site is optimized with the Yoast SEO plugin v27.5 - https:\/\/yoast.com\/product\/yoast-seo-wordpress\/ -->\n<title>Vatavuk: U pripremi upozorenje pred otkaz Dijani Zadravec - RADIO LJUBU\u0160KI<\/title>\n<meta name=\"robots\" content=\"index, follow, max-snippet:-1, max-image-preview:large, max-video-preview:-1\" \/>\n<link rel=\"canonical\" href=\"https:\/\/radioljubuski.ba\/index.php\/2021\/06\/14\/vatavuk-u-pripremi-upozorenje-pred-otkaz-dijani-zadravec\/\" \/>\n<meta property=\"og:locale\" content=\"hr_HR\" \/>\n<meta property=\"og:type\" content=\"article\" \/>\n<meta property=\"og:title\" content=\"Vatavuk: U pripremi upozorenje pred otkaz Dijani Zadravec - RADIO LJUBU\u0160KI\" \/>\n<meta property=\"og:description\" content=\"V.d. ravnatelja KBC-a Sestre milosrdnice Zoran Vatavuk izvijestio je u ponedjeljak da jo\u0161 traje kontrola poslovanja te ustanove i da je u pripremi upozorenje na obveze iz radnog odnosa uz mogu\u0107nost otkaza ugovora o radu Dijani Zadravec, biv\u0161oj predstojnici Klinike za radiologiju. Vatavuk&nbsp;u priop\u0107enju isti\u010de da zdravstvena inspekcija Ministarstva zdravstva te kontrola i nadzor HZZO-a [&hellip;]\" \/>\n<meta property=\"og:url\" content=\"https:\/\/radioljubuski.ba\/index.php\/2021\/06\/14\/vatavuk-u-pripremi-upozorenje-pred-otkaz-dijani-zadravec\/\" \/>\n<meta property=\"og:site_name\" content=\"RADIO LJUBU\u0160KI\" \/>\n<meta property=\"article:publisher\" content=\"https:\/\/www.facebook.com\/Radiio-Ljubuski-1490835324566332\" \/>\n<meta property=\"article:published_time\" content=\"2021-06-14T16:36:37+00:00\" \/>\n<meta property=\"article:modified_time\" content=\"2021-06-14T16:36:39+00:00\" \/>\n<meta property=\"og:image\" content=\"https:\/\/radioljubuski.ba\/wp-content\/uploads\/2021\/06\/image-1-20210614143706.jpg\" \/>\n\t<meta property=\"og:image:width\" content=\"740\" \/>\n\t<meta property=\"og:image:height\" content=\"438\" \/>\n\t<meta property=\"og:image:type\" content=\"image\/jpeg\" \/>\n<meta name=\"author\" content=\"Radio Ljubu\u0161ki\" \/>\n<meta name=\"twitter:card\" content=\"summary_large_image\" \/>\n<meta name=\"twitter:creator\" content=\"@radioljubuski\" \/>\n<meta name=\"twitter:site\" content=\"@radioljubuski\" \/>\n<meta name=\"twitter:label1\" content=\"Napisao\/la\" \/>\n\t<meta name=\"twitter:data1\" content=\"Radio Ljubu\u0161ki\" \/>\n\t<meta name=\"twitter:label2\" content=\"Procijenjeno vrijeme \u010ditanja\" \/>\n\t<meta name=\"twitter:data2\" content=\"2 minute\" \/>\n<script type=\"application\/ld+json\" class=\"yoast-schema-graph\">{\"@context\":\"https:\\\/\\\/schema.org\",\"@graph\":[{\"@type\":\"Article\",\"@id\":\"https:\\\/\\\/radioljubuski.ba\\\/index.php\\\/2021\\\/06\\\/14\\\/vatavuk-u-pripremi-upozorenje-pred-otkaz-dijani-zadravec\\\/#article\",\"isPartOf\":{\"@id\":\"https:\\\/\\\/radioljubuski.ba\\\/index.php\\\/2021\\\/06\\\/14\\\/vatavuk-u-pripremi-upozorenje-pred-otkaz-dijani-zadravec\\\/\"},\"author\":{\"name\":\"Radio Ljubu\u0161ki\",\"@id\":\"https:\\\/\\\/radioljubuski.ba\\\/#\\\/schema\\\/person\\\/19fc700381a780f69665d7956c469e3b\"},\"headline\":\"Vatavuk: U pripremi upozorenje pred otkaz Dijani Zadravec\",\"datePublished\":\"2021-06-14T16:36:37+00:00\",\"dateModified\":\"2021-06-14T16:36:39+00:00\",\"mainEntityOfPage\":{\"@id\":\"https:\\\/\\\/radioljubuski.ba\\\/index.php\\\/2021\\\/06\\\/14\\\/vatavuk-u-pripremi-upozorenje-pred-otkaz-dijani-zadravec\\\/\"},\"wordCount\":513,\"publisher\":{\"@id\":\"https:\\\/\\\/radioljubuski.ba\\\/#organization\"},\"image\":{\"@id\":\"https:\\\/\\\/radioljubuski.ba\\\/index.php\\\/2021\\\/06\\\/14\\\/vatavuk-u-pripremi-upozorenje-pred-otkaz-dijani-zadravec\\\/#primaryimage\"},\"thumbnailUrl\":\"https:\\\/\\\/radioljubuski.ba\\\/wp-content\\\/uploads\\\/2021\\\/06\\\/image-1-20210614143706.jpg\",\"articleSection\":[\"BIH i regija\"],\"inLanguage\":\"hr\"},{\"@type\":\"WebPage\",\"@id\":\"https:\\\/\\\/radioljubuski.ba\\\/index.php\\\/2021\\\/06\\\/14\\\/vatavuk-u-pripremi-upozorenje-pred-otkaz-dijani-zadravec\\\/\",\"url\":\"https:\\\/\\\/radioljubuski.ba\\\/index.php\\\/2021\\\/06\\\/14\\\/vatavuk-u-pripremi-upozorenje-pred-otkaz-dijani-zadravec\\\/\",\"name\":\"Vatavuk: U pripremi upozorenje pred otkaz Dijani Zadravec - RADIO LJUBU\u0160KI\",\"isPartOf\":{\"@id\":\"https:\\\/\\\/radioljubuski.ba\\\/#website\"},\"primaryImageOfPage\":{\"@id\":\"https:\\\/\\\/radioljubuski.ba\\\/index.php\\\/2021\\\/06\\\/14\\\/vatavuk-u-pripremi-upozorenje-pred-otkaz-dijani-zadravec\\\/#primaryimage\"},\"image\":{\"@id\":\"https:\\\/\\\/radioljubuski.ba\\\/index.php\\\/2021\\\/06\\\/14\\\/vatavuk-u-pripremi-upozorenje-pred-otkaz-dijani-zadravec\\\/#primaryimage\"},\"thumbnailUrl\":\"https:\\\/\\\/radioljubuski.ba\\\/wp-content\\\/uploads\\\/2021\\\/06\\\/image-1-20210614143706.jpg\",\"datePublished\":\"2021-06-14T16:36:37+00:00\",\"dateModified\":\"2021-06-14T16:36:39+00:00\",\"breadcrumb\":{\"@id\":\"https:\\\/\\\/radioljubuski.ba\\\/index.php\\\/2021\\\/06\\\/14\\\/vatavuk-u-pripremi-upozorenje-pred-otkaz-dijani-zadravec\\\/#breadcrumb\"},\"inLanguage\":\"hr\",\"potentialAction\":[{\"@type\":\"ReadAction\",\"target\":[\"https:\\\/\\\/radioljubuski.ba\\\/index.php\\\/2021\\\/06\\\/14\\\/vatavuk-u-pripremi-upozorenje-pred-otkaz-dijani-zadravec\\\/\"]}]},{\"@type\":\"ImageObject\",\"inLanguage\":\"hr\",\"@id\":\"https:\\\/\\\/radioljubuski.ba\\\/index.php\\\/2021\\\/06\\\/14\\\/vatavuk-u-pripremi-upozorenje-pred-otkaz-dijani-zadravec\\\/#primaryimage\",\"url\":\"https:\\\/\\\/radioljubuski.ba\\\/wp-content\\\/uploads\\\/2021\\\/06\\\/image-1-20210614143706.jpg\",\"contentUrl\":\"https:\\\/\\\/radioljubuski.ba\\\/wp-content\\\/uploads\\\/2021\\\/06\\\/image-1-20210614143706.jpg\",\"width\":740,\"height\":438},{\"@type\":\"BreadcrumbList\",\"@id\":\"https:\\\/\\\/radioljubuski.ba\\\/index.php\\\/2021\\\/06\\\/14\\\/vatavuk-u-pripremi-upozorenje-pred-otkaz-dijani-zadravec\\\/#breadcrumb\",\"itemListElement\":[{\"@type\":\"ListItem\",\"position\":1,\"name\":\"Po\u010detna stranica\",\"item\":\"https:\\\/\\\/radioljubuski.ba\\\/\"},{\"@type\":\"ListItem\",\"position\":2,\"name\":\"Vatavuk: U pripremi upozorenje pred otkaz Dijani Zadravec\"}]},{\"@type\":\"WebSite\",\"@id\":\"https:\\\/\\\/radioljubuski.ba\\\/#website\",\"url\":\"https:\\\/\\\/radioljubuski.ba\\\/\",\"name\":\"Radio Ljubu\u0161ki\",\"description\":\"Sun\u010dana frekvencija Hercegovine\",\"publisher\":{\"@id\":\"https:\\\/\\\/radioljubuski.ba\\\/#organization\"},\"potentialAction\":[{\"@type\":\"SearchAction\",\"target\":{\"@type\":\"EntryPoint\",\"urlTemplate\":\"https:\\\/\\\/radioljubuski.ba\\\/?s={search_term_string}\"},\"query-input\":{\"@type\":\"PropertyValueSpecification\",\"valueRequired\":true,\"valueName\":\"search_term_string\"}}],\"inLanguage\":\"hr\"},{\"@type\":\"Organization\",\"@id\":\"https:\\\/\\\/radioljubuski.ba\\\/#organization\",\"name\":\"Radio Ljubu\u0161ki\",\"url\":\"https:\\\/\\\/radioljubuski.ba\\\/\",\"logo\":{\"@type\":\"ImageObject\",\"inLanguage\":\"hr\",\"@id\":\"https:\\\/\\\/radioljubuski.ba\\\/#\\\/schema\\\/logo\\\/image\\\/\",\"url\":\"https:\\\/\\\/radioljubuski.ba\\\/wp-content\\\/uploads\\\/2021\\\/02\\\/cropped-Radio_Ljubuski_logo1.jpg\",\"contentUrl\":\"https:\\\/\\\/radioljubuski.ba\\\/wp-content\\\/uploads\\\/2021\\\/02\\\/cropped-Radio_Ljubuski_logo1.jpg\",\"width\":512,\"height\":512,\"caption\":\"Radio Ljubu\u0161ki\"},\"image\":{\"@id\":\"https:\\\/\\\/radioljubuski.ba\\\/#\\\/schema\\\/logo\\\/image\\\/\"},\"sameAs\":[\"https:\\\/\\\/www.facebook.com\\\/Radiio-Ljubuski-1490835324566332\",\"https:\\\/\\\/x.com\\\/radioljubuski\",\"https:\\\/\\\/hr.linkedin.com\\\/company\\\/radio-ljubuski\",\"https:\\\/\\\/www.youtube.com\\\/channel\\\/UCHYaeO_n0Db3tjNGudGpXyw\"]},{\"@type\":\"Person\",\"@id\":\"https:\\\/\\\/radioljubuski.ba\\\/#\\\/schema\\\/person\\\/19fc700381a780f69665d7956c469e3b\",\"name\":\"Radio Ljubu\u0161ki\"}]}<\/script>\n<!-- \/ Yoast SEO plugin. -->","yoast_head_json":{"title":"Vatavuk: U pripremi upozorenje pred otkaz Dijani Zadravec - RADIO LJUBU\u0160KI","robots":{"index":"index","follow":"follow","max-snippet":"max-snippet:-1","max-image-preview":"max-image-preview:large","max-video-preview":"max-video-preview:-1"},"canonical":"https:\/\/radioljubuski.ba\/index.php\/2021\/06\/14\/vatavuk-u-pripremi-upozorenje-pred-otkaz-dijani-zadravec\/","og_locale":"hr_HR","og_type":"article","og_title":"Vatavuk: U pripremi upozorenje pred otkaz Dijani Zadravec - RADIO LJUBU\u0160KI","og_description":"V.d. ravnatelja KBC-a Sestre milosrdnice Zoran Vatavuk izvijestio je u ponedjeljak da jo\u0161 traje kontrola poslovanja te ustanove i da je u pripremi upozorenje na obveze iz radnog odnosa uz mogu\u0107nost otkaza ugovora o radu Dijani Zadravec, biv\u0161oj predstojnici Klinike za radiologiju. Vatavuk&nbsp;u priop\u0107enju isti\u010de da zdravstvena inspekcija Ministarstva zdravstva te kontrola i nadzor HZZO-a [&hellip;]","og_url":"https:\/\/radioljubuski.ba\/index.php\/2021\/06\/14\/vatavuk-u-pripremi-upozorenje-pred-otkaz-dijani-zadravec\/","og_site_name":"RADIO LJUBU\u0160KI","article_publisher":"https:\/\/www.facebook.com\/Radiio-Ljubuski-1490835324566332","article_published_time":"2021-06-14T16:36:37+00:00","article_modified_time":"2021-06-14T16:36:39+00:00","og_image":[{"width":740,"height":438,"url":"https:\/\/radioljubuski.ba\/wp-content\/uploads\/2021\/06\/image-1-20210614143706.jpg","type":"image\/jpeg"}],"author":"Radio Ljubu\u0161ki","twitter_card":"summary_large_image","twitter_creator":"@radioljubuski","twitter_site":"@radioljubuski","twitter_misc":{"Napisao\/la":"Radio Ljubu\u0161ki","Procijenjeno vrijeme \u010ditanja":"2 minute"},"schema":{"@context":"https:\/\/schema.org","@graph":[{"@type":"Article","@id":"https:\/\/radioljubuski.ba\/index.php\/2021\/06\/14\/vatavuk-u-pripremi-upozorenje-pred-otkaz-dijani-zadravec\/#article","isPartOf":{"@id":"https:\/\/radioljubuski.ba\/index.php\/2021\/06\/14\/vatavuk-u-pripremi-upozorenje-pred-otkaz-dijani-zadravec\/"},"author":{"name":"Radio Ljubu\u0161ki","@id":"https:\/\/radioljubuski.ba\/#\/schema\/person\/19fc700381a780f69665d7956c469e3b"},"headline":"Vatavuk: U pripremi upozorenje pred otkaz Dijani Zadravec","datePublished":"2021-06-14T16:36:37+00:00","dateModified":"2021-06-14T16:36:39+00:00","mainEntityOfPage":{"@id":"https:\/\/radioljubuski.ba\/index.php\/2021\/06\/14\/vatavuk-u-pripremi-upozorenje-pred-otkaz-dijani-zadravec\/"},"wordCount":513,"publisher":{"@id":"https:\/\/radioljubuski.ba\/#organization"},"image":{"@id":"https:\/\/radioljubuski.ba\/index.php\/2021\/06\/14\/vatavuk-u-pripremi-upozorenje-pred-otkaz-dijani-zadravec\/#primaryimage"},"thumbnailUrl":"https:\/\/radioljubuski.ba\/wp-content\/uploads\/2021\/06\/image-1-20210614143706.jpg","articleSection":["BIH i regija"],"inLanguage":"hr"},{"@type":"WebPage","@id":"https:\/\/radioljubuski.ba\/index.php\/2021\/06\/14\/vatavuk-u-pripremi-upozorenje-pred-otkaz-dijani-zadravec\/","url":"https:\/\/radioljubuski.ba\/index.php\/2021\/06\/14\/vatavuk-u-pripremi-upozorenje-pred-otkaz-dijani-zadravec\/","name":"Vatavuk: U pripremi upozorenje pred otkaz Dijani Zadravec - RADIO LJUBU\u0160KI","isPartOf":{"@id":"https:\/\/radioljubuski.ba\/#website"},"primaryImageOfPage":{"@id":"https:\/\/radioljubuski.ba\/index.php\/2021\/06\/14\/vatavuk-u-pripremi-upozorenje-pred-otkaz-dijani-zadravec\/#primaryimage"},"image":{"@id":"https:\/\/radioljubuski.ba\/index.php\/2021\/06\/14\/vatavuk-u-pripremi-upozorenje-pred-otkaz-dijani-zadravec\/#primaryimage"},"thumbnailUrl":"https:\/\/radioljubuski.ba\/wp-content\/uploads\/2021\/06\/image-1-20210614143706.jpg","datePublished":"2021-06-14T16:36:37+00:00","dateModified":"2021-06-14T16:36:39+00:00","breadcrumb":{"@id":"https:\/\/radioljubuski.ba\/index.php\/2021\/06\/14\/vatavuk-u-pripremi-upozorenje-pred-otkaz-dijani-zadravec\/#breadcrumb"},"inLanguage":"hr","potentialAction":[{"@type":"ReadAction","target":["https:\/\/radioljubuski.ba\/index.php\/2021\/06\/14\/vatavuk-u-pripremi-upozorenje-pred-otkaz-dijani-zadravec\/"]}]},{"@type":"ImageObject","inLanguage":"hr","@id":"https:\/\/radioljubuski.ba\/index.php\/2021\/06\/14\/vatavuk-u-pripremi-upozorenje-pred-otkaz-dijani-zadravec\/#primaryimage","url":"https:\/\/radioljubuski.ba\/wp-content\/uploads\/2021\/06\/image-1-20210614143706.jpg","contentUrl":"https:\/\/radioljubuski.ba\/wp-content\/uploads\/2021\/06\/image-1-20210614143706.jpg","width":740,"height":438},{"@type":"BreadcrumbList","@id":"https:\/\/radioljubuski.ba\/index.php\/2021\/06\/14\/vatavuk-u-pripremi-upozorenje-pred-otkaz-dijani-zadravec\/#breadcrumb","itemListElement":[{"@type":"ListItem","position":1,"name":"Po\u010detna stranica","item":"https:\/\/radioljubuski.ba\/"},{"@type":"ListItem","position":2,"name":"Vatavuk: U pripremi upozorenje pred otkaz Dijani Zadravec"}]},{"@type":"WebSite","@id":"https:\/\/radioljubuski.ba\/#website","url":"https:\/\/radioljubuski.ba\/","name":"Radio Ljubu\u0161ki","description":"Sun\u010dana frekvencija Hercegovine","publisher":{"@id":"https:\/\/radioljubuski.ba\/#organization"},"potentialAction":[{"@type":"SearchAction","target":{"@type":"EntryPoint","urlTemplate":"https:\/\/radioljubuski.ba\/?s={search_term_string}"},"query-input":{"@type":"PropertyValueSpecification","valueRequired":true,"valueName":"search_term_string"}}],"inLanguage":"hr"},{"@type":"Organization","@id":"https:\/\/radioljubuski.ba\/#organization","name":"Radio Ljubu\u0161ki","url":"https:\/\/radioljubuski.ba\/","logo":{"@type":"ImageObject","inLanguage":"hr","@id":"https:\/\/radioljubuski.ba\/#\/schema\/logo\/image\/","url":"https:\/\/radioljubuski.ba\/wp-content\/uploads\/2021\/02\/cropped-Radio_Ljubuski_logo1.jpg","contentUrl":"https:\/\/radioljubuski.ba\/wp-content\/uploads\/2021\/02\/cropped-Radio_Ljubuski_logo1.jpg","width":512,"height":512,"caption":"Radio Ljubu\u0161ki"},"image":{"@id":"https:\/\/radioljubuski.ba\/#\/schema\/logo\/image\/"},"sameAs":["https:\/\/www.facebook.com\/Radiio-Ljubuski-1490835324566332","https:\/\/x.com\/radioljubuski","https:\/\/hr.linkedin.com\/company\/radio-ljubuski","https:\/\/www.youtube.com\/channel\/UCHYaeO_n0Db3tjNGudGpXyw"]},{"@type":"Person","@id":"https:\/\/radioljubuski.ba\/#\/schema\/person\/19fc700381a780f69665d7956c469e3b","name":"Radio Ljubu\u0161ki"}]}},"_links":{"self":[{"href":"https:\/\/radioljubuski.ba\/index.php\/wp-json\/wp\/v2\/posts\/32430","targetHints":{"allow":["GET"]}}],"collection":[{"href":"https:\/\/radioljubuski.ba\/index.php\/wp-json\/wp\/v2\/posts"}],"about":[{"href":"https:\/\/radioljubuski.ba\/index.php\/wp-json\/wp\/v2\/types\/post"}],"author":[{"embeddable":true,"href":"https:\/\/radioljubuski.ba\/index.php\/wp-json\/wp\/v2\/users\/2"}],"replies":[{"embeddable":true,"href":"https:\/\/radioljubuski.ba\/index.php\/wp-json\/wp\/v2\/comments?post=32430"}],"version-history":[{"count":1,"href":"https:\/\/radioljubuski.ba\/index.php\/wp-json\/wp\/v2\/posts\/32430\/revisions"}],"predecessor-version":[{"id":32432,"href":"https:\/\/radioljubuski.ba\/index.php\/wp-json\/wp\/v2\/posts\/32430\/revisions\/32432"}],"wp:featuredmedia":[{"embeddable":true,"href":"https:\/\/radioljubuski.ba\/index.php\/wp-json\/wp\/v2\/media\/32431"}],"wp:attachment":[{"href":"https:\/\/radioljubuski.ba\/index.php\/wp-json\/wp\/v2\/media?parent=32430"}],"wp:term":[{"taxonomy":"category","embeddable":true,"href":"https:\/\/radioljubuski.ba\/index.php\/wp-json\/wp\/v2\/categories?post=32430"},{"taxonomy":"post_tag","embeddable":true,"href":"https:\/\/radioljubuski.ba\/index.php\/wp-json\/wp\/v2\/tags?post=32430"}],"curies":[{"name":"wp","href":"https:\/\/api.w.org\/{rel}","templated":true}]}}