{"id":32451,"date":"2021-06-14T18:03:28","date_gmt":"2021-06-14T17:03:28","guid":{"rendered":"https:\/\/radioljubuski.ba\/?p=32451"},"modified":"2021-06-14T18:03:29","modified_gmt":"2021-06-14T17:03:29","slug":"hkd-napredak-u-zagrebu-zavrsen-medunarodni-seminar-pod-nazivom-obrazovanje-i-cjelozivotno-ucenje-sto-donosi-novo-normalno-vrijeme","status":"publish","type":"post","link":"https:\/\/radioljubuski.ba\/index.php\/2021\/06\/14\/hkd-napredak-u-zagrebu-zavrsen-medunarodni-seminar-pod-nazivom-obrazovanje-i-cjelozivotno-ucenje-sto-donosi-novo-normalno-vrijeme\/","title":{"rendered":"HKD Napredak: U Zagrebu zavr\u0161en Me\u0111unarodni seminar pod nazivom \u201eObrazovanje i cjelo\u017eivotno u\u010denje \u2013 \u0161to donosi \u201cnovo normalno\u201d vrijeme?\u201c"},"content":{"rendered":"\n<p>U Zagrebu je 11. i 12. lipnja u hotelu International odr\u017ean Me\u0111unarodni seminar pod nazivom \u201eObrazovanje i cjelo\u017eivotno u\u010denje \u2013 \u0161to donosi \u201cnovo normalno\u201d vrijeme?\u201c.<\/p>\n\n\n\n<p>Seminar su uspje\u0161no organizirali Hrvatsko kulturno dru\u0161tvo Napredak u suradnji s EZA \u2013 Europski centar za radni\u010dka pitanja iz Njema\u010dke i uz potporu Europske unije, a otvorio ga je dr. sc. Nikola \u010ci\u010da, predsjednik HKD Napredak.<\/p>\n\n\n\n<p>U svjetlu trenutne situacije s COVID-19 seminar se odr\u017eao u \u201ehybridnom\u201c obliku \u0161to je podrazumijevalo da je dio sudionika fizi\u010dki bio nazo\u010dan, a dio sudionika je bio preko on-line platforme. Sudionici seminara bili su predstavnici sindikalnih, obrazovnih i drugih institucija iz razli\u010ditih Europskih zemalja od Italije, Poljske, Austrije, Slovenije, Albanije, Bosne i Hercegovine,Sjeverne Makedonije, Crne Gore, Srbije i drugih, a sudjelovali su i dopredsjednici HKD Napredak Miroslav Landeka, prof. dr. Dra\u017een Viki\u0107 Topi\u0107 i Josip Kri\u017eanovi\u0107, \u010dlanice Sredi\u0161nje uprave prof. dr. Vanda Babi\u0107-Gali\u0107 i Ivana Bari\u0161i\u0107 te \u010dlan Sredi\u0161nje uprave Josip Nikoli\u0107.<\/p>\n\n\n\n<p>Na seminaru su tako\u0111er sudjelovali i Piergiorgio Sciacqua, kopredsjedatelj Europskog centra za radni\u010dka pitanja (EZA), Davorka Schmidt, voditeljica Odjel za obrazovanje odraslih Ministarstva znanosti i obrazovanja, Mara Erdelj, predsjednica Republi\u010dkog sindikata zaposlenih u bankama, osiguravaju\u0107im dru\u0161tvima i drugim financijskim organizacijama Srbije (RS BOFOS), Vjeran Bu\u0161eli\u0107, voditelj karijernog savjetovanja na Tehni\u010dkom veleu\u010dili\u0161tu u Zagrebu, Pavo Bari\u0161i\u0107, profesor na Fakultetu Hrvatskih studija i biv\u0161i ministar znanosti i obrazovanja Republike Hrvatske, Jakim Nedelkov, predsjednik Sindikata obrazovanja, znanosti i kulture (SONK), Sjeverna Makedonija, Vjekoslav \u0160poljari\u0107, rukovoditelj Odjela za mjere aktivne politike u zapo\u0161ljavanju u Hrvatskom zavodu za zapo\u0161ljavanje (HZZ), Mateusz Szymanski, povjerenik za mlade Nacionalnog povjerenstva Solidarnosti, NSZZ \u201eSolidarno\u015b\u0107\u201c, Poljska, Kre\u0161imir Sever, predsjednik Nezavisnih hrvatskih sindikata (NHS), Klemen Gruden, Socijalna akademija, Slovenija, Alexander Jansa, glavni tajnik mladih, Kr\u0161\u0107anske unije sindikata Austrije (FCG \u2013 Jugend), Ivana Mihajlovi\u0107, koordinatorica Sekcije mladih Unije slobodnih sindikata Crne Gore (USSCG), Dejan Nem\u010di\u0107, predsjednik udruge \u201cMo\u017eemo zajedno\u201d, Carmen Majeti\u0107 Pavi\u0107, TAGORAS \u2013 Centar za management i razvoj ljudskih resursa, Boris Mar\u0111onovi\u0107, izvr\u0161ni direktor Zanatsko \u2013 poduzetni\u010dke komore Crne Gore, Emilija Zdravkovska, \u010dlanica Saveza nezavisnih autonomnih sindikata Makedonije (UNASM), Sjeverna Makedonija i Sali Metani, voditelj inozemnog odjela Nezavisnog sindikata hrane, poljoprivrede, trgovine i turizma Albanije (SAUATT).<\/p>\n\n\n\n<p>Teme seminara bile su:<br>\u2013 \u201cNovo normalno\u201d u vrijeme pandemije COVID\u201319: Kako je nemogu\u0107e postalo mogu\u0107e?,<br>\u2013 Kako COVID-19 utje\u010de na brzinu promjena u obrazovnom sustavu i na tr\u017ei\u0161tu rada?,<br>\u2013 Institucionalne i pravne antipandemijske mjere i uloga socijalnih partnera,<br>\u2013 U\u010denje\/rad od ku\u0107e \u2013 u\u010dinci rada\/u\u010denja na daljinu,<br>\u2013 Da li obrazovanje i vje\u0161tine \u201enovo normalnoga\u201c zadovoljavaju potrebe tr\u017ei\u0161ta rada?<\/p>\n\n\n\n<p>HKD Napredak je punopravni \u010dlan EZA-e od 2010. godine, te od 2012. u suradnji i u partnerstvu s njima organiziramo sli\u010dne seminare. EZA je mre\u017ea 70 radni\u010dke organizacije iz 29 europskih zemalja a temelji se na principima kr\u0161\u0107anskih socijalnih vrijednosti. \u010clanice EZA-e su sindikati, socijalno \u2013 kulturne organizacije, obrazovne institucije, te institucije za istra\u017eivanje i razvoj koje se bave pitanjima radnika i njihovih prava. Iako se u svome temeljnom poslanju HKD Napredak ne bavi pitanjima radnika, ali ponajvi\u0161e zahvaljuju\u0107i \u010dinjenici da se bavimo obrazovanjem i radom s mladima, ponajvi\u0161e kroz stipendiranje, ali i zahvaljuju\u0107i socijalnom i kulturnom dijalog po \u010demu je Napredak prepoznat, od 2010. godine postali smo punopravni \u010dlan EZA-e.<\/p>\n\n\n\n<p>Izvor:hkd napredak<\/p>\n","protected":false},"excerpt":{"rendered":"<p>U Zagrebu je 11. i 12. lipnja u hotelu International odr\u017ean Me\u0111unarodni seminar pod nazivom \u201eObrazovanje i cjelo\u017eivotno u\u010denje \u2013 \u0161to donosi \u201cnovo normalno\u201d vrijeme?\u201c. Seminar su uspje\u0161no organizirali Hrvatsko kulturno dru\u0161tvo Napredak u suradnji s EZA \u2013 Europski centar za radni\u010dka pitanja iz Njema\u010dke i uz potporu Europske unije, a otvorio ga je dr. [&hellip;]<\/p>\n","protected":false},"author":2,"featured_media":32452,"comment_status":"closed","ping_status":"closed","sticky":false,"template":"","format":"standard","meta":{"h5ap_radio_sources":[],"footnotes":""},"categories":[1],"tags":[],"class_list":["post-32451","post","type-post","status-publish","format-standard","has-post-thumbnail","hentry","category-bihiregija"],"yoast_head":"<!-- This site is optimized with the Yoast SEO plugin v27.5 - https:\/\/yoast.com\/product\/yoast-seo-wordpress\/ -->\n<title>HKD Napredak: U Zagrebu zavr\u0161en Me\u0111unarodni seminar pod nazivom \u201eObrazovanje i cjelo\u017eivotno u\u010denje \u2013 \u0161to donosi \u201cnovo normalno\u201d vrijeme?\u201c - RADIO LJUBU\u0160KI<\/title>\n<meta name=\"robots\" content=\"index, follow, max-snippet:-1, max-image-preview:large, max-video-preview:-1\" \/>\n<link rel=\"canonical\" href=\"https:\/\/radioljubuski.ba\/index.php\/2021\/06\/14\/hkd-napredak-u-zagrebu-zavrsen-medunarodni-seminar-pod-nazivom-obrazovanje-i-cjelozivotno-ucenje-sto-donosi-novo-normalno-vrijeme\/\" \/>\n<meta property=\"og:locale\" content=\"hr_HR\" \/>\n<meta property=\"og:type\" content=\"article\" \/>\n<meta property=\"og:title\" content=\"HKD Napredak: U Zagrebu zavr\u0161en Me\u0111unarodni seminar pod nazivom \u201eObrazovanje i cjelo\u017eivotno u\u010denje \u2013 \u0161to donosi \u201cnovo normalno\u201d vrijeme?\u201c - RADIO LJUBU\u0160KI\" \/>\n<meta property=\"og:description\" content=\"U Zagrebu je 11. i 12. lipnja u hotelu International odr\u017ean Me\u0111unarodni seminar pod nazivom \u201eObrazovanje i cjelo\u017eivotno u\u010denje \u2013 \u0161to donosi \u201cnovo normalno\u201d vrijeme?\u201c. Seminar su uspje\u0161no organizirali Hrvatsko kulturno dru\u0161tvo Napredak u suradnji s EZA \u2013 Europski centar za radni\u010dka pitanja iz Njema\u010dke i uz potporu Europske unije, a otvorio ga je dr. [&hellip;]\" \/>\n<meta property=\"og:url\" content=\"https:\/\/radioljubuski.ba\/index.php\/2021\/06\/14\/hkd-napredak-u-zagrebu-zavrsen-medunarodni-seminar-pod-nazivom-obrazovanje-i-cjelozivotno-ucenje-sto-donosi-novo-normalno-vrijeme\/\" \/>\n<meta property=\"og:site_name\" content=\"RADIO LJUBU\u0160KI\" \/>\n<meta property=\"article:publisher\" content=\"https:\/\/www.facebook.com\/Radiio-Ljubuski-1490835324566332\" \/>\n<meta property=\"article:published_time\" content=\"2021-06-14T17:03:28+00:00\" \/>\n<meta property=\"article:modified_time\" content=\"2021-06-14T17:03:29+00:00\" \/>\n<meta property=\"og:image\" content=\"https:\/\/radioljubuski.ba\/wp-content\/uploads\/2021\/06\/3-2021-06-14-11-34-13-seminar.jpg\" \/>\n\t<meta property=\"og:image:width\" content=\"1000\" \/>\n\t<meta property=\"og:image:height\" content=\"625\" \/>\n\t<meta property=\"og:image:type\" content=\"image\/jpeg\" \/>\n<meta name=\"author\" content=\"Radio Ljubu\u0161ki\" \/>\n<meta name=\"twitter:card\" content=\"summary_large_image\" \/>\n<meta name=\"twitter:creator\" content=\"@radioljubuski\" \/>\n<meta name=\"twitter:site\" content=\"@radioljubuski\" \/>\n<meta name=\"twitter:label1\" content=\"Napisao\/la\" \/>\n\t<meta name=\"twitter:data1\" content=\"Radio Ljubu\u0161ki\" \/>\n\t<meta name=\"twitter:label2\" content=\"Procijenjeno vrijeme \u010ditanja\" \/>\n\t<meta name=\"twitter:data2\" content=\"3 minute\" \/>\n<script type=\"application\/ld+json\" class=\"yoast-schema-graph\">{\"@context\":\"https:\\\/\\\/schema.org\",\"@graph\":[{\"@type\":\"Article\",\"@id\":\"https:\\\/\\\/radioljubuski.ba\\\/index.php\\\/2021\\\/06\\\/14\\\/hkd-napredak-u-zagrebu-zavrsen-medunarodni-seminar-pod-nazivom-obrazovanje-i-cjelozivotno-ucenje-sto-donosi-novo-normalno-vrijeme\\\/#article\",\"isPartOf\":{\"@id\":\"https:\\\/\\\/radioljubuski.ba\\\/index.php\\\/2021\\\/06\\\/14\\\/hkd-napredak-u-zagrebu-zavrsen-medunarodni-seminar-pod-nazivom-obrazovanje-i-cjelozivotno-ucenje-sto-donosi-novo-normalno-vrijeme\\\/\"},\"author\":{\"name\":\"Radio Ljubu\u0161ki\",\"@id\":\"https:\\\/\\\/radioljubuski.ba\\\/#\\\/schema\\\/person\\\/19fc700381a780f69665d7956c469e3b\"},\"headline\":\"HKD Napredak: U Zagrebu zavr\u0161en Me\u0111unarodni seminar pod nazivom \u201eObrazovanje i cjelo\u017eivotno u\u010denje \u2013 \u0161to donosi \u201cnovo normalno\u201d vrijeme?\u201c\",\"datePublished\":\"2021-06-14T17:03:28+00:00\",\"dateModified\":\"2021-06-14T17:03:29+00:00\",\"mainEntityOfPage\":{\"@id\":\"https:\\\/\\\/radioljubuski.ba\\\/index.php\\\/2021\\\/06\\\/14\\\/hkd-napredak-u-zagrebu-zavrsen-medunarodni-seminar-pod-nazivom-obrazovanje-i-cjelozivotno-ucenje-sto-donosi-novo-normalno-vrijeme\\\/\"},\"wordCount\":589,\"publisher\":{\"@id\":\"https:\\\/\\\/radioljubuski.ba\\\/#organization\"},\"image\":{\"@id\":\"https:\\\/\\\/radioljubuski.ba\\\/index.php\\\/2021\\\/06\\\/14\\\/hkd-napredak-u-zagrebu-zavrsen-medunarodni-seminar-pod-nazivom-obrazovanje-i-cjelozivotno-ucenje-sto-donosi-novo-normalno-vrijeme\\\/#primaryimage\"},\"thumbnailUrl\":\"https:\\\/\\\/radioljubuski.ba\\\/wp-content\\\/uploads\\\/2021\\\/06\\\/3-2021-06-14-11-34-13-seminar.jpg\",\"articleSection\":[\"BIH i regija\"],\"inLanguage\":\"hr\"},{\"@type\":\"WebPage\",\"@id\":\"https:\\\/\\\/radioljubuski.ba\\\/index.php\\\/2021\\\/06\\\/14\\\/hkd-napredak-u-zagrebu-zavrsen-medunarodni-seminar-pod-nazivom-obrazovanje-i-cjelozivotno-ucenje-sto-donosi-novo-normalno-vrijeme\\\/\",\"url\":\"https:\\\/\\\/radioljubuski.ba\\\/index.php\\\/2021\\\/06\\\/14\\\/hkd-napredak-u-zagrebu-zavrsen-medunarodni-seminar-pod-nazivom-obrazovanje-i-cjelozivotno-ucenje-sto-donosi-novo-normalno-vrijeme\\\/\",\"name\":\"HKD Napredak: U Zagrebu zavr\u0161en Me\u0111unarodni seminar pod nazivom \u201eObrazovanje i cjelo\u017eivotno u\u010denje \u2013 \u0161to donosi \u201cnovo normalno\u201d vrijeme?\u201c - RADIO LJUBU\u0160KI\",\"isPartOf\":{\"@id\":\"https:\\\/\\\/radioljubuski.ba\\\/#website\"},\"primaryImageOfPage\":{\"@id\":\"https:\\\/\\\/radioljubuski.ba\\\/index.php\\\/2021\\\/06\\\/14\\\/hkd-napredak-u-zagrebu-zavrsen-medunarodni-seminar-pod-nazivom-obrazovanje-i-cjelozivotno-ucenje-sto-donosi-novo-normalno-vrijeme\\\/#primaryimage\"},\"image\":{\"@id\":\"https:\\\/\\\/radioljubuski.ba\\\/index.php\\\/2021\\\/06\\\/14\\\/hkd-napredak-u-zagrebu-zavrsen-medunarodni-seminar-pod-nazivom-obrazovanje-i-cjelozivotno-ucenje-sto-donosi-novo-normalno-vrijeme\\\/#primaryimage\"},\"thumbnailUrl\":\"https:\\\/\\\/radioljubuski.ba\\\/wp-content\\\/uploads\\\/2021\\\/06\\\/3-2021-06-14-11-34-13-seminar.jpg\",\"datePublished\":\"2021-06-14T17:03:28+00:00\",\"dateModified\":\"2021-06-14T17:03:29+00:00\",\"breadcrumb\":{\"@id\":\"https:\\\/\\\/radioljubuski.ba\\\/index.php\\\/2021\\\/06\\\/14\\\/hkd-napredak-u-zagrebu-zavrsen-medunarodni-seminar-pod-nazivom-obrazovanje-i-cjelozivotno-ucenje-sto-donosi-novo-normalno-vrijeme\\\/#breadcrumb\"},\"inLanguage\":\"hr\",\"potentialAction\":[{\"@type\":\"ReadAction\",\"target\":[\"https:\\\/\\\/radioljubuski.ba\\\/index.php\\\/2021\\\/06\\\/14\\\/hkd-napredak-u-zagrebu-zavrsen-medunarodni-seminar-pod-nazivom-obrazovanje-i-cjelozivotno-ucenje-sto-donosi-novo-normalno-vrijeme\\\/\"]}]},{\"@type\":\"ImageObject\",\"inLanguage\":\"hr\",\"@id\":\"https:\\\/\\\/radioljubuski.ba\\\/index.php\\\/2021\\\/06\\\/14\\\/hkd-napredak-u-zagrebu-zavrsen-medunarodni-seminar-pod-nazivom-obrazovanje-i-cjelozivotno-ucenje-sto-donosi-novo-normalno-vrijeme\\\/#primaryimage\",\"url\":\"https:\\\/\\\/radioljubuski.ba\\\/wp-content\\\/uploads\\\/2021\\\/06\\\/3-2021-06-14-11-34-13-seminar.jpg\",\"contentUrl\":\"https:\\\/\\\/radioljubuski.ba\\\/wp-content\\\/uploads\\\/2021\\\/06\\\/3-2021-06-14-11-34-13-seminar.jpg\",\"width\":1000,\"height\":625},{\"@type\":\"BreadcrumbList\",\"@id\":\"https:\\\/\\\/radioljubuski.ba\\\/index.php\\\/2021\\\/06\\\/14\\\/hkd-napredak-u-zagrebu-zavrsen-medunarodni-seminar-pod-nazivom-obrazovanje-i-cjelozivotno-ucenje-sto-donosi-novo-normalno-vrijeme\\\/#breadcrumb\",\"itemListElement\":[{\"@type\":\"ListItem\",\"position\":1,\"name\":\"Po\u010detna stranica\",\"item\":\"https:\\\/\\\/radioljubuski.ba\\\/\"},{\"@type\":\"ListItem\",\"position\":2,\"name\":\"HKD Napredak: U Zagrebu zavr\u0161en Me\u0111unarodni seminar pod nazivom \u201eObrazovanje i cjelo\u017eivotno u\u010denje \u2013 \u0161to donosi \u201cnovo normalno\u201d vrijeme?\u201c\"}]},{\"@type\":\"WebSite\",\"@id\":\"https:\\\/\\\/radioljubuski.ba\\\/#website\",\"url\":\"https:\\\/\\\/radioljubuski.ba\\\/\",\"name\":\"Radio Ljubu\u0161ki\",\"description\":\"Sun\u010dana frekvencija Hercegovine\",\"publisher\":{\"@id\":\"https:\\\/\\\/radioljubuski.ba\\\/#organization\"},\"potentialAction\":[{\"@type\":\"SearchAction\",\"target\":{\"@type\":\"EntryPoint\",\"urlTemplate\":\"https:\\\/\\\/radioljubuski.ba\\\/?s={search_term_string}\"},\"query-input\":{\"@type\":\"PropertyValueSpecification\",\"valueRequired\":true,\"valueName\":\"search_term_string\"}}],\"inLanguage\":\"hr\"},{\"@type\":\"Organization\",\"@id\":\"https:\\\/\\\/radioljubuski.ba\\\/#organization\",\"name\":\"Radio Ljubu\u0161ki\",\"url\":\"https:\\\/\\\/radioljubuski.ba\\\/\",\"logo\":{\"@type\":\"ImageObject\",\"inLanguage\":\"hr\",\"@id\":\"https:\\\/\\\/radioljubuski.ba\\\/#\\\/schema\\\/logo\\\/image\\\/\",\"url\":\"https:\\\/\\\/radioljubuski.ba\\\/wp-content\\\/uploads\\\/2021\\\/02\\\/cropped-Radio_Ljubuski_logo1.jpg\",\"contentUrl\":\"https:\\\/\\\/radioljubuski.ba\\\/wp-content\\\/uploads\\\/2021\\\/02\\\/cropped-Radio_Ljubuski_logo1.jpg\",\"width\":512,\"height\":512,\"caption\":\"Radio Ljubu\u0161ki\"},\"image\":{\"@id\":\"https:\\\/\\\/radioljubuski.ba\\\/#\\\/schema\\\/logo\\\/image\\\/\"},\"sameAs\":[\"https:\\\/\\\/www.facebook.com\\\/Radiio-Ljubuski-1490835324566332\",\"https:\\\/\\\/x.com\\\/radioljubuski\",\"https:\\\/\\\/hr.linkedin.com\\\/company\\\/radio-ljubuski\",\"https:\\\/\\\/www.youtube.com\\\/channel\\\/UCHYaeO_n0Db3tjNGudGpXyw\"]},{\"@type\":\"Person\",\"@id\":\"https:\\\/\\\/radioljubuski.ba\\\/#\\\/schema\\\/person\\\/19fc700381a780f69665d7956c469e3b\",\"name\":\"Radio Ljubu\u0161ki\"}]}<\/script>\n<!-- \/ Yoast SEO plugin. -->","yoast_head_json":{"title":"HKD Napredak: U Zagrebu zavr\u0161en Me\u0111unarodni seminar pod nazivom \u201eObrazovanje i cjelo\u017eivotno u\u010denje \u2013 \u0161to donosi \u201cnovo normalno\u201d vrijeme?\u201c - RADIO LJUBU\u0160KI","robots":{"index":"index","follow":"follow","max-snippet":"max-snippet:-1","max-image-preview":"max-image-preview:large","max-video-preview":"max-video-preview:-1"},"canonical":"https:\/\/radioljubuski.ba\/index.php\/2021\/06\/14\/hkd-napredak-u-zagrebu-zavrsen-medunarodni-seminar-pod-nazivom-obrazovanje-i-cjelozivotno-ucenje-sto-donosi-novo-normalno-vrijeme\/","og_locale":"hr_HR","og_type":"article","og_title":"HKD Napredak: U Zagrebu zavr\u0161en Me\u0111unarodni seminar pod nazivom \u201eObrazovanje i cjelo\u017eivotno u\u010denje \u2013 \u0161to donosi \u201cnovo normalno\u201d vrijeme?\u201c - RADIO LJUBU\u0160KI","og_description":"U Zagrebu je 11. i 12. lipnja u hotelu International odr\u017ean Me\u0111unarodni seminar pod nazivom \u201eObrazovanje i cjelo\u017eivotno u\u010denje \u2013 \u0161to donosi \u201cnovo normalno\u201d vrijeme?\u201c. Seminar su uspje\u0161no organizirali Hrvatsko kulturno dru\u0161tvo Napredak u suradnji s EZA \u2013 Europski centar za radni\u010dka pitanja iz Njema\u010dke i uz potporu Europske unije, a otvorio ga je dr. [&hellip;]","og_url":"https:\/\/radioljubuski.ba\/index.php\/2021\/06\/14\/hkd-napredak-u-zagrebu-zavrsen-medunarodni-seminar-pod-nazivom-obrazovanje-i-cjelozivotno-ucenje-sto-donosi-novo-normalno-vrijeme\/","og_site_name":"RADIO LJUBU\u0160KI","article_publisher":"https:\/\/www.facebook.com\/Radiio-Ljubuski-1490835324566332","article_published_time":"2021-06-14T17:03:28+00:00","article_modified_time":"2021-06-14T17:03:29+00:00","og_image":[{"width":1000,"height":625,"url":"https:\/\/radioljubuski.ba\/wp-content\/uploads\/2021\/06\/3-2021-06-14-11-34-13-seminar.jpg","type":"image\/jpeg"}],"author":"Radio Ljubu\u0161ki","twitter_card":"summary_large_image","twitter_creator":"@radioljubuski","twitter_site":"@radioljubuski","twitter_misc":{"Napisao\/la":"Radio Ljubu\u0161ki","Procijenjeno vrijeme \u010ditanja":"3 minute"},"schema":{"@context":"https:\/\/schema.org","@graph":[{"@type":"Article","@id":"https:\/\/radioljubuski.ba\/index.php\/2021\/06\/14\/hkd-napredak-u-zagrebu-zavrsen-medunarodni-seminar-pod-nazivom-obrazovanje-i-cjelozivotno-ucenje-sto-donosi-novo-normalno-vrijeme\/#article","isPartOf":{"@id":"https:\/\/radioljubuski.ba\/index.php\/2021\/06\/14\/hkd-napredak-u-zagrebu-zavrsen-medunarodni-seminar-pod-nazivom-obrazovanje-i-cjelozivotno-ucenje-sto-donosi-novo-normalno-vrijeme\/"},"author":{"name":"Radio Ljubu\u0161ki","@id":"https:\/\/radioljubuski.ba\/#\/schema\/person\/19fc700381a780f69665d7956c469e3b"},"headline":"HKD Napredak: U Zagrebu zavr\u0161en Me\u0111unarodni seminar pod nazivom \u201eObrazovanje i cjelo\u017eivotno u\u010denje \u2013 \u0161to donosi \u201cnovo normalno\u201d vrijeme?\u201c","datePublished":"2021-06-14T17:03:28+00:00","dateModified":"2021-06-14T17:03:29+00:00","mainEntityOfPage":{"@id":"https:\/\/radioljubuski.ba\/index.php\/2021\/06\/14\/hkd-napredak-u-zagrebu-zavrsen-medunarodni-seminar-pod-nazivom-obrazovanje-i-cjelozivotno-ucenje-sto-donosi-novo-normalno-vrijeme\/"},"wordCount":589,"publisher":{"@id":"https:\/\/radioljubuski.ba\/#organization"},"image":{"@id":"https:\/\/radioljubuski.ba\/index.php\/2021\/06\/14\/hkd-napredak-u-zagrebu-zavrsen-medunarodni-seminar-pod-nazivom-obrazovanje-i-cjelozivotno-ucenje-sto-donosi-novo-normalno-vrijeme\/#primaryimage"},"thumbnailUrl":"https:\/\/radioljubuski.ba\/wp-content\/uploads\/2021\/06\/3-2021-06-14-11-34-13-seminar.jpg","articleSection":["BIH i regija"],"inLanguage":"hr"},{"@type":"WebPage","@id":"https:\/\/radioljubuski.ba\/index.php\/2021\/06\/14\/hkd-napredak-u-zagrebu-zavrsen-medunarodni-seminar-pod-nazivom-obrazovanje-i-cjelozivotno-ucenje-sto-donosi-novo-normalno-vrijeme\/","url":"https:\/\/radioljubuski.ba\/index.php\/2021\/06\/14\/hkd-napredak-u-zagrebu-zavrsen-medunarodni-seminar-pod-nazivom-obrazovanje-i-cjelozivotno-ucenje-sto-donosi-novo-normalno-vrijeme\/","name":"HKD Napredak: U Zagrebu zavr\u0161en Me\u0111unarodni seminar pod nazivom \u201eObrazovanje i cjelo\u017eivotno u\u010denje \u2013 \u0161to donosi \u201cnovo normalno\u201d vrijeme?\u201c - RADIO LJUBU\u0160KI","isPartOf":{"@id":"https:\/\/radioljubuski.ba\/#website"},"primaryImageOfPage":{"@id":"https:\/\/radioljubuski.ba\/index.php\/2021\/06\/14\/hkd-napredak-u-zagrebu-zavrsen-medunarodni-seminar-pod-nazivom-obrazovanje-i-cjelozivotno-ucenje-sto-donosi-novo-normalno-vrijeme\/#primaryimage"},"image":{"@id":"https:\/\/radioljubuski.ba\/index.php\/2021\/06\/14\/hkd-napredak-u-zagrebu-zavrsen-medunarodni-seminar-pod-nazivom-obrazovanje-i-cjelozivotno-ucenje-sto-donosi-novo-normalno-vrijeme\/#primaryimage"},"thumbnailUrl":"https:\/\/radioljubuski.ba\/wp-content\/uploads\/2021\/06\/3-2021-06-14-11-34-13-seminar.jpg","datePublished":"2021-06-14T17:03:28+00:00","dateModified":"2021-06-14T17:03:29+00:00","breadcrumb":{"@id":"https:\/\/radioljubuski.ba\/index.php\/2021\/06\/14\/hkd-napredak-u-zagrebu-zavrsen-medunarodni-seminar-pod-nazivom-obrazovanje-i-cjelozivotno-ucenje-sto-donosi-novo-normalno-vrijeme\/#breadcrumb"},"inLanguage":"hr","potentialAction":[{"@type":"ReadAction","target":["https:\/\/radioljubuski.ba\/index.php\/2021\/06\/14\/hkd-napredak-u-zagrebu-zavrsen-medunarodni-seminar-pod-nazivom-obrazovanje-i-cjelozivotno-ucenje-sto-donosi-novo-normalno-vrijeme\/"]}]},{"@type":"ImageObject","inLanguage":"hr","@id":"https:\/\/radioljubuski.ba\/index.php\/2021\/06\/14\/hkd-napredak-u-zagrebu-zavrsen-medunarodni-seminar-pod-nazivom-obrazovanje-i-cjelozivotno-ucenje-sto-donosi-novo-normalno-vrijeme\/#primaryimage","url":"https:\/\/radioljubuski.ba\/wp-content\/uploads\/2021\/06\/3-2021-06-14-11-34-13-seminar.jpg","contentUrl":"https:\/\/radioljubuski.ba\/wp-content\/uploads\/2021\/06\/3-2021-06-14-11-34-13-seminar.jpg","width":1000,"height":625},{"@type":"BreadcrumbList","@id":"https:\/\/radioljubuski.ba\/index.php\/2021\/06\/14\/hkd-napredak-u-zagrebu-zavrsen-medunarodni-seminar-pod-nazivom-obrazovanje-i-cjelozivotno-ucenje-sto-donosi-novo-normalno-vrijeme\/#breadcrumb","itemListElement":[{"@type":"ListItem","position":1,"name":"Po\u010detna stranica","item":"https:\/\/radioljubuski.ba\/"},{"@type":"ListItem","position":2,"name":"HKD Napredak: U Zagrebu zavr\u0161en Me\u0111unarodni seminar pod nazivom \u201eObrazovanje i cjelo\u017eivotno u\u010denje \u2013 \u0161to donosi \u201cnovo normalno\u201d vrijeme?\u201c"}]},{"@type":"WebSite","@id":"https:\/\/radioljubuski.ba\/#website","url":"https:\/\/radioljubuski.ba\/","name":"Radio Ljubu\u0161ki","description":"Sun\u010dana frekvencija Hercegovine","publisher":{"@id":"https:\/\/radioljubuski.ba\/#organization"},"potentialAction":[{"@type":"SearchAction","target":{"@type":"EntryPoint","urlTemplate":"https:\/\/radioljubuski.ba\/?s={search_term_string}"},"query-input":{"@type":"PropertyValueSpecification","valueRequired":true,"valueName":"search_term_string"}}],"inLanguage":"hr"},{"@type":"Organization","@id":"https:\/\/radioljubuski.ba\/#organization","name":"Radio Ljubu\u0161ki","url":"https:\/\/radioljubuski.ba\/","logo":{"@type":"ImageObject","inLanguage":"hr","@id":"https:\/\/radioljubuski.ba\/#\/schema\/logo\/image\/","url":"https:\/\/radioljubuski.ba\/wp-content\/uploads\/2021\/02\/cropped-Radio_Ljubuski_logo1.jpg","contentUrl":"https:\/\/radioljubuski.ba\/wp-content\/uploads\/2021\/02\/cropped-Radio_Ljubuski_logo1.jpg","width":512,"height":512,"caption":"Radio Ljubu\u0161ki"},"image":{"@id":"https:\/\/radioljubuski.ba\/#\/schema\/logo\/image\/"},"sameAs":["https:\/\/www.facebook.com\/Radiio-Ljubuski-1490835324566332","https:\/\/x.com\/radioljubuski","https:\/\/hr.linkedin.com\/company\/radio-ljubuski","https:\/\/www.youtube.com\/channel\/UCHYaeO_n0Db3tjNGudGpXyw"]},{"@type":"Person","@id":"https:\/\/radioljubuski.ba\/#\/schema\/person\/19fc700381a780f69665d7956c469e3b","name":"Radio Ljubu\u0161ki"}]}},"_links":{"self":[{"href":"https:\/\/radioljubuski.ba\/index.php\/wp-json\/wp\/v2\/posts\/32451","targetHints":{"allow":["GET"]}}],"collection":[{"href":"https:\/\/radioljubuski.ba\/index.php\/wp-json\/wp\/v2\/posts"}],"about":[{"href":"https:\/\/radioljubuski.ba\/index.php\/wp-json\/wp\/v2\/types\/post"}],"author":[{"embeddable":true,"href":"https:\/\/radioljubuski.ba\/index.php\/wp-json\/wp\/v2\/users\/2"}],"replies":[{"embeddable":true,"href":"https:\/\/radioljubuski.ba\/index.php\/wp-json\/wp\/v2\/comments?post=32451"}],"version-history":[{"count":1,"href":"https:\/\/radioljubuski.ba\/index.php\/wp-json\/wp\/v2\/posts\/32451\/revisions"}],"predecessor-version":[{"id":32453,"href":"https:\/\/radioljubuski.ba\/index.php\/wp-json\/wp\/v2\/posts\/32451\/revisions\/32453"}],"wp:featuredmedia":[{"embeddable":true,"href":"https:\/\/radioljubuski.ba\/index.php\/wp-json\/wp\/v2\/media\/32452"}],"wp:attachment":[{"href":"https:\/\/radioljubuski.ba\/index.php\/wp-json\/wp\/v2\/media?parent=32451"}],"wp:term":[{"taxonomy":"category","embeddable":true,"href":"https:\/\/radioljubuski.ba\/index.php\/wp-json\/wp\/v2\/categories?post=32451"},{"taxonomy":"post_tag","embeddable":true,"href":"https:\/\/radioljubuski.ba\/index.php\/wp-json\/wp\/v2\/tags?post=32451"}],"curies":[{"name":"wp","href":"https:\/\/api.w.org\/{rel}","templated":true}]}}