{"id":32463,"date":"2021-06-14T18:12:50","date_gmt":"2021-06-14T17:12:50","guid":{"rendered":"https:\/\/radioljubuski.ba\/?p=32463"},"modified":"2021-06-14T18:12:53","modified_gmt":"2021-06-14T17:12:53","slug":"tko-je-covjek-iz-bih-koji-prolazi-kroz-zidove-i-koji-je-pomogao-mati-rimcu-da-opstane","status":"publish","type":"post","link":"https:\/\/radioljubuski.ba\/index.php\/2021\/06\/14\/tko-je-covjek-iz-bih-koji-prolazi-kroz-zidove-i-koji-je-pomogao-mati-rimcu-da-opstane\/","title":{"rendered":"Tko je \u010dovjek iz BiH koji &#8220;prolazi kroz zidove&#8221; i koji je pomogao Mati Rimcu da opstane"},"content":{"rendered":"\n<p>Mate Rimac i Rimac Automobili ovih dana u\u017eivaju svjetsku slavu nakon lansiranja senzacionalnog hiperautomobila Nevera. No, iako je njegova uspje\u0161na pri\u010da globalni &#8220;buzzword&#8221;, Rimac je podsjetio da nije uvijek sve bajno u razvoju kompanije i proizvoda.<\/p>\n\n\n\n<p>Na zagreba\u010dkoj konferenciji .debug odlu\u010dio je iskreno podijeliti neke detalje iz najte\u017eih trenutaka u karijeri, za koje ka\u017ee da nije znao ho\u0107e li kompanija opstati.<\/p>\n\n\n\n<p>Zanimljivo, tijekom izlaganja na temu &#8220;12 najte\u017eih mjeseci u stvaranju Rimac Automobila&#8221;, spomenuo je kako mu je tijekom najte\u017eeg perioda za firmu 2017. godine pomogao jedan IT stru\u010dnjak iz Bosne i Hercegovine i fakti\u010dki spasio sve.<\/p>\n\n\n\n<p>Rimac ga je opisao &#8220;kao \u010dovjeka koji prolazi kroz zidove&#8221; i koji mu je posudio 300 tisu\u0107a dolara iako su se poznavali samo dva dana.<\/p>\n\n\n\n<p>&#8220;Mislio sam da \u0107e ljudi po\u010deti odlaziti, da \u0107e se raspasti. Ali, nevjerojatno da je u tom trenutku oti\u0161ao samo jedan \u010dovjek. Raspitivao sam se za pomo\u0107, pisao sam Nenadu Baki\u0107u da pita Emila Tedeschija je l&#8217; mo\u017ee on pomo\u0107i jer nisam Emila osobno poznavao. Nisu mi ni Nenad ni Emil u tom trenutku mogli pomo\u0107i. Ali, pomogao mi je jedan od kupaca, poslao nam je 200.000 dolara. I jedan \u010dovjek iz na\u0161e IT scene, iz BiH. \u010covjek koji prolazi kroz zidove. U tom trenutku sam ga poznavao dva dana, a odmah je pristao pomo\u0107i, posudio mi je 300.000 dolara&#8221;, otkriva Rimac.<\/p>\n\n\n\n<p>Kako&nbsp;<a href=\"https:\/\/www.klix.ba\/biznis\/ko-je-covjek-iz-bih-koji-prolazi-kroz-zidove-i-koji-je-pomogao-mati-rimcu-da-opstane\/210614053\">Klix.ba<\/a>&nbsp;saznaje rije\u010d je o Igoru Krezi\u0107u, osniva\u010du i vlasniku kompanije NSoft. On je i utemeljitelj firmi SPARK, SYNC, Stark Soultions i Rolla.<\/p>\n\n\n\n<p>&#8220;\u010covjek je genijalac i ponosan sam \u0161to sam imao priliku pomo\u0107i&#8221;, rekao nam je kratko Krezi\u0107 dodav\u0161i da nije \u017eelio nikada praviti marketing od toga.<\/p>\n\n\n\n<p>A sve je po\u010delo kada se pojavio tajanstveni investitor koji je na kraju prevario Rimca i doveo kompaniju na ivicu propasti.<\/p>\n\n\n\n<p>&#8220;Pojavio se taj jedan gospodin, nazovimo ga John da ne ka\u017eemo pravo ime, porijeklom je \u0160ve\u0111anin, ali je Amerikanac. Do\u0161ao je u Hrvatsku drugim poslom. Ulo\u017eio je rano u Twitter, Spotify, pokazivao nam je snimke kako se zabavlja u Dubaiju, naslikavao se na skupim jahtama, dolazio je privatnim avionima. Zaljubio se u na\u0161u firmu, svi su nam govorili da preselimo tvrtku izvan Hrvatske, a on nam je govorio: &#8216;Ma neee.&#8217; Ono, sve nam je zvu\u010dalo super. Dodu\u0161e, malo je bilo \u010dudno kad je po\u010deo nabacivati poznata imena poput jednog bogatog Poljaka pa Sergeya Brina (suosniva\u010da Googlea, op. a.). Rekli smo mu OK, mo\u017eemo s tobom, ako bude\u0161 stvarno brz, imamo i druge investitore zainteresirane. I on ka\u017ee: &#8216;Mo\u017ee!&#8217; Ve\u0107 tu je dao neku svoju ponudu da \u0107e ulo\u017eiti 27 milijuna dolara u Rimac, a tri milijuna u Greyp. I mi javljamo Kinezima da imamo boljeg investitora, John je glavni, vi mo\u017eete biti drugi. I \u010dak oni pristanu, dakle sve super. To je bio lipanj 2016. godine&#8221;, ispri\u010dao je Rimac.<\/p>\n\n\n\n<p>To je i vrijeme kada su se po\u010deli pojavljivati problemi.<\/p>\n\n\n\n<p>&#8220;John se tada javio s idejama da ipak treba mijenjati neke ugovore, iako ih je ve\u0107 bio vidio. Tu smo se natezali, ali smo rekli, &#8216;ajde mo\u017eemo jo\u0161 par mjeseci pre\u017eivjeti. Iako nam je lagano ve\u0107 \u0161kripilo, jer firma ostaje bez novca. A ne \u017eelimo re\u0107i investitoru da nemamo novca za sljede\u0107e pla\u0107e. Odga\u0111ali smo to koliko god smo mogli. Tada smo imali vi\u0161e od 150 zaposlenika. To se sve odu\u017eilo zbog izmjene dokumenata pa smo tra\u017eili Johna dva do tri milijuna za premo\u0161\u0107ivanje. Da mo\u017eemo pre\u017eivjeti i jo\u0161 peglati po ugovorima. Pristao je. To je bilo oko Bo\u017ei\u0107a 2016. Ali, ni\u0161ta se nije doga\u0111alo, a tjedni prolaze. Ve\u0107 smo u panici, zovemo banku svaki dan, a iz banke nam govore da ih pustimo na miru, da \u0107e nam javiti kad stignu novci. Banka nas je upozorila da budemo jako oprezni, da misle da je to prijevara. Mi imamo krizne sastanke u firmi, \u0161to \u0107emo sada. Nije tako jednostavno prekinuti s jednim investitorom i krenuti s drugim, a ve\u0107 smo bez novca. Po\u010detkom 2017. sku\u017eili smo da ne\u0161to ne \u0161tima. Svaki dan nam je panika, balansiramo, a ra\u010dun nam je na nuli, totalna banana&#8230;&#8221; prisjetio se Rimac, a zatim otkrio pri\u010du o Bosancu koji je &#8220;spasio stvar&#8221;.<\/p>\n\n\n\n<p>Izvor:klix.ba<\/p>\n","protected":false},"excerpt":{"rendered":"<p>Mate Rimac i Rimac Automobili ovih dana u\u017eivaju svjetsku slavu nakon lansiranja senzacionalnog hiperautomobila Nevera. No, iako je njegova uspje\u0161na pri\u010da globalni &#8220;buzzword&#8221;, Rimac je podsjetio da nije uvijek sve bajno u razvoju kompanije i proizvoda. Na zagreba\u010dkoj konferenciji .debug odlu\u010dio je iskreno podijeliti neke detalje iz najte\u017eih trenutaka u karijeri, za koje ka\u017ee da [&hellip;]<\/p>\n","protected":false},"author":2,"featured_media":32464,"comment_status":"closed","ping_status":"closed","sticky":false,"template":"","format":"standard","meta":{"h5ap_radio_sources":[],"footnotes":""},"categories":[1],"tags":[],"class_list":["post-32463","post","type-post","status-publish","format-standard","has-post-thumbnail","hentry","category-bihiregija"],"yoast_head":"<!-- This site is optimized with the Yoast SEO plugin v27.5 - https:\/\/yoast.com\/product\/yoast-seo-wordpress\/ -->\n<title>Tko je \u010dovjek iz BiH koji &quot;prolazi kroz zidove&quot; i koji je pomogao Mati Rimcu da opstane - RADIO LJUBU\u0160KI<\/title>\n<meta name=\"robots\" content=\"index, follow, max-snippet:-1, max-image-preview:large, max-video-preview:-1\" \/>\n<link rel=\"canonical\" href=\"https:\/\/radioljubuski.ba\/index.php\/2021\/06\/14\/tko-je-covjek-iz-bih-koji-prolazi-kroz-zidove-i-koji-je-pomogao-mati-rimcu-da-opstane\/\" \/>\n<meta property=\"og:locale\" content=\"hr_HR\" \/>\n<meta property=\"og:type\" content=\"article\" \/>\n<meta property=\"og:title\" content=\"Tko je \u010dovjek iz BiH koji &quot;prolazi kroz zidove&quot; i koji je pomogao Mati Rimcu da opstane - RADIO LJUBU\u0160KI\" \/>\n<meta property=\"og:description\" content=\"Mate Rimac i Rimac Automobili ovih dana u\u017eivaju svjetsku slavu nakon lansiranja senzacionalnog hiperautomobila Nevera. No, iako je njegova uspje\u0161na pri\u010da globalni &#8220;buzzword&#8221;, Rimac je podsjetio da nije uvijek sve bajno u razvoju kompanije i proizvoda. Na zagreba\u010dkoj konferenciji .debug odlu\u010dio je iskreno podijeliti neke detalje iz najte\u017eih trenutaka u karijeri, za koje ka\u017ee da [&hellip;]\" \/>\n<meta property=\"og:url\" content=\"https:\/\/radioljubuski.ba\/index.php\/2021\/06\/14\/tko-je-covjek-iz-bih-koji-prolazi-kroz-zidove-i-koji-je-pomogao-mati-rimcu-da-opstane\/\" \/>\n<meta property=\"og:site_name\" content=\"RADIO LJUBU\u0160KI\" \/>\n<meta property=\"article:publisher\" content=\"https:\/\/www.facebook.com\/Radiio-Ljubuski-1490835324566332\" \/>\n<meta property=\"article:published_time\" content=\"2021-06-14T17:12:50+00:00\" \/>\n<meta property=\"article:modified_time\" content=\"2021-06-14T17:12:53+00:00\" \/>\n<meta property=\"og:image\" content=\"https:\/\/radioljubuski.ba\/wp-content\/uploads\/2021\/06\/og_210614053.jpg\" \/>\n\t<meta property=\"og:image:width\" content=\"1200\" \/>\n\t<meta property=\"og:image:height\" content=\"628\" \/>\n\t<meta property=\"og:image:type\" content=\"image\/jpeg\" \/>\n<meta name=\"author\" content=\"Radio Ljubu\u0161ki\" \/>\n<meta name=\"twitter:card\" content=\"summary_large_image\" \/>\n<meta name=\"twitter:creator\" content=\"@radioljubuski\" \/>\n<meta name=\"twitter:site\" content=\"@radioljubuski\" \/>\n<meta name=\"twitter:label1\" content=\"Napisao\/la\" \/>\n\t<meta name=\"twitter:data1\" content=\"Radio Ljubu\u0161ki\" \/>\n\t<meta name=\"twitter:label2\" content=\"Procijenjeno vrijeme \u010ditanja\" \/>\n\t<meta name=\"twitter:data2\" content=\"3 minute\" \/>\n<script type=\"application\/ld+json\" class=\"yoast-schema-graph\">{\"@context\":\"https:\\\/\\\/schema.org\",\"@graph\":[{\"@type\":\"Article\",\"@id\":\"https:\\\/\\\/radioljubuski.ba\\\/index.php\\\/2021\\\/06\\\/14\\\/tko-je-covjek-iz-bih-koji-prolazi-kroz-zidove-i-koji-je-pomogao-mati-rimcu-da-opstane\\\/#article\",\"isPartOf\":{\"@id\":\"https:\\\/\\\/radioljubuski.ba\\\/index.php\\\/2021\\\/06\\\/14\\\/tko-je-covjek-iz-bih-koji-prolazi-kroz-zidove-i-koji-je-pomogao-mati-rimcu-da-opstane\\\/\"},\"author\":{\"name\":\"Radio Ljubu\u0161ki\",\"@id\":\"https:\\\/\\\/radioljubuski.ba\\\/#\\\/schema\\\/person\\\/19fc700381a780f69665d7956c469e3b\"},\"headline\":\"Tko je \u010dovjek iz BiH koji &#8220;prolazi kroz zidove&#8221; i koji je pomogao Mati Rimcu da opstane\",\"datePublished\":\"2021-06-14T17:12:50+00:00\",\"dateModified\":\"2021-06-14T17:12:53+00:00\",\"mainEntityOfPage\":{\"@id\":\"https:\\\/\\\/radioljubuski.ba\\\/index.php\\\/2021\\\/06\\\/14\\\/tko-je-covjek-iz-bih-koji-prolazi-kroz-zidove-i-koji-je-pomogao-mati-rimcu-da-opstane\\\/\"},\"wordCount\":756,\"publisher\":{\"@id\":\"https:\\\/\\\/radioljubuski.ba\\\/#organization\"},\"image\":{\"@id\":\"https:\\\/\\\/radioljubuski.ba\\\/index.php\\\/2021\\\/06\\\/14\\\/tko-je-covjek-iz-bih-koji-prolazi-kroz-zidove-i-koji-je-pomogao-mati-rimcu-da-opstane\\\/#primaryimage\"},\"thumbnailUrl\":\"https:\\\/\\\/radioljubuski.ba\\\/wp-content\\\/uploads\\\/2021\\\/06\\\/og_210614053.jpg\",\"articleSection\":[\"BIH i regija\"],\"inLanguage\":\"hr\"},{\"@type\":\"WebPage\",\"@id\":\"https:\\\/\\\/radioljubuski.ba\\\/index.php\\\/2021\\\/06\\\/14\\\/tko-je-covjek-iz-bih-koji-prolazi-kroz-zidove-i-koji-je-pomogao-mati-rimcu-da-opstane\\\/\",\"url\":\"https:\\\/\\\/radioljubuski.ba\\\/index.php\\\/2021\\\/06\\\/14\\\/tko-je-covjek-iz-bih-koji-prolazi-kroz-zidove-i-koji-je-pomogao-mati-rimcu-da-opstane\\\/\",\"name\":\"Tko je \u010dovjek iz BiH koji \\\"prolazi kroz zidove\\\" i koji je pomogao Mati Rimcu da opstane - RADIO LJUBU\u0160KI\",\"isPartOf\":{\"@id\":\"https:\\\/\\\/radioljubuski.ba\\\/#website\"},\"primaryImageOfPage\":{\"@id\":\"https:\\\/\\\/radioljubuski.ba\\\/index.php\\\/2021\\\/06\\\/14\\\/tko-je-covjek-iz-bih-koji-prolazi-kroz-zidove-i-koji-je-pomogao-mati-rimcu-da-opstane\\\/#primaryimage\"},\"image\":{\"@id\":\"https:\\\/\\\/radioljubuski.ba\\\/index.php\\\/2021\\\/06\\\/14\\\/tko-je-covjek-iz-bih-koji-prolazi-kroz-zidove-i-koji-je-pomogao-mati-rimcu-da-opstane\\\/#primaryimage\"},\"thumbnailUrl\":\"https:\\\/\\\/radioljubuski.ba\\\/wp-content\\\/uploads\\\/2021\\\/06\\\/og_210614053.jpg\",\"datePublished\":\"2021-06-14T17:12:50+00:00\",\"dateModified\":\"2021-06-14T17:12:53+00:00\",\"breadcrumb\":{\"@id\":\"https:\\\/\\\/radioljubuski.ba\\\/index.php\\\/2021\\\/06\\\/14\\\/tko-je-covjek-iz-bih-koji-prolazi-kroz-zidove-i-koji-je-pomogao-mati-rimcu-da-opstane\\\/#breadcrumb\"},\"inLanguage\":\"hr\",\"potentialAction\":[{\"@type\":\"ReadAction\",\"target\":[\"https:\\\/\\\/radioljubuski.ba\\\/index.php\\\/2021\\\/06\\\/14\\\/tko-je-covjek-iz-bih-koji-prolazi-kroz-zidove-i-koji-je-pomogao-mati-rimcu-da-opstane\\\/\"]}]},{\"@type\":\"ImageObject\",\"inLanguage\":\"hr\",\"@id\":\"https:\\\/\\\/radioljubuski.ba\\\/index.php\\\/2021\\\/06\\\/14\\\/tko-je-covjek-iz-bih-koji-prolazi-kroz-zidove-i-koji-je-pomogao-mati-rimcu-da-opstane\\\/#primaryimage\",\"url\":\"https:\\\/\\\/radioljubuski.ba\\\/wp-content\\\/uploads\\\/2021\\\/06\\\/og_210614053.jpg\",\"contentUrl\":\"https:\\\/\\\/radioljubuski.ba\\\/wp-content\\\/uploads\\\/2021\\\/06\\\/og_210614053.jpg\",\"width\":1200,\"height\":628},{\"@type\":\"BreadcrumbList\",\"@id\":\"https:\\\/\\\/radioljubuski.ba\\\/index.php\\\/2021\\\/06\\\/14\\\/tko-je-covjek-iz-bih-koji-prolazi-kroz-zidove-i-koji-je-pomogao-mati-rimcu-da-opstane\\\/#breadcrumb\",\"itemListElement\":[{\"@type\":\"ListItem\",\"position\":1,\"name\":\"Po\u010detna stranica\",\"item\":\"https:\\\/\\\/radioljubuski.ba\\\/\"},{\"@type\":\"ListItem\",\"position\":2,\"name\":\"Tko je \u010dovjek iz BiH koji &#8220;prolazi kroz zidove&#8221; i koji je pomogao Mati Rimcu da opstane\"}]},{\"@type\":\"WebSite\",\"@id\":\"https:\\\/\\\/radioljubuski.ba\\\/#website\",\"url\":\"https:\\\/\\\/radioljubuski.ba\\\/\",\"name\":\"Radio Ljubu\u0161ki\",\"description\":\"Sun\u010dana frekvencija Hercegovine\",\"publisher\":{\"@id\":\"https:\\\/\\\/radioljubuski.ba\\\/#organization\"},\"potentialAction\":[{\"@type\":\"SearchAction\",\"target\":{\"@type\":\"EntryPoint\",\"urlTemplate\":\"https:\\\/\\\/radioljubuski.ba\\\/?s={search_term_string}\"},\"query-input\":{\"@type\":\"PropertyValueSpecification\",\"valueRequired\":true,\"valueName\":\"search_term_string\"}}],\"inLanguage\":\"hr\"},{\"@type\":\"Organization\",\"@id\":\"https:\\\/\\\/radioljubuski.ba\\\/#organization\",\"name\":\"Radio Ljubu\u0161ki\",\"url\":\"https:\\\/\\\/radioljubuski.ba\\\/\",\"logo\":{\"@type\":\"ImageObject\",\"inLanguage\":\"hr\",\"@id\":\"https:\\\/\\\/radioljubuski.ba\\\/#\\\/schema\\\/logo\\\/image\\\/\",\"url\":\"https:\\\/\\\/radioljubuski.ba\\\/wp-content\\\/uploads\\\/2021\\\/02\\\/cropped-Radio_Ljubuski_logo1.jpg\",\"contentUrl\":\"https:\\\/\\\/radioljubuski.ba\\\/wp-content\\\/uploads\\\/2021\\\/02\\\/cropped-Radio_Ljubuski_logo1.jpg\",\"width\":512,\"height\":512,\"caption\":\"Radio Ljubu\u0161ki\"},\"image\":{\"@id\":\"https:\\\/\\\/radioljubuski.ba\\\/#\\\/schema\\\/logo\\\/image\\\/\"},\"sameAs\":[\"https:\\\/\\\/www.facebook.com\\\/Radiio-Ljubuski-1490835324566332\",\"https:\\\/\\\/x.com\\\/radioljubuski\",\"https:\\\/\\\/hr.linkedin.com\\\/company\\\/radio-ljubuski\",\"https:\\\/\\\/www.youtube.com\\\/channel\\\/UCHYaeO_n0Db3tjNGudGpXyw\"]},{\"@type\":\"Person\",\"@id\":\"https:\\\/\\\/radioljubuski.ba\\\/#\\\/schema\\\/person\\\/19fc700381a780f69665d7956c469e3b\",\"name\":\"Radio Ljubu\u0161ki\"}]}<\/script>\n<!-- \/ Yoast SEO plugin. -->","yoast_head_json":{"title":"Tko je \u010dovjek iz BiH koji \"prolazi kroz zidove\" i koji je pomogao Mati Rimcu da opstane - RADIO LJUBU\u0160KI","robots":{"index":"index","follow":"follow","max-snippet":"max-snippet:-1","max-image-preview":"max-image-preview:large","max-video-preview":"max-video-preview:-1"},"canonical":"https:\/\/radioljubuski.ba\/index.php\/2021\/06\/14\/tko-je-covjek-iz-bih-koji-prolazi-kroz-zidove-i-koji-je-pomogao-mati-rimcu-da-opstane\/","og_locale":"hr_HR","og_type":"article","og_title":"Tko je \u010dovjek iz BiH koji \"prolazi kroz zidove\" i koji je pomogao Mati Rimcu da opstane - RADIO LJUBU\u0160KI","og_description":"Mate Rimac i Rimac Automobili ovih dana u\u017eivaju svjetsku slavu nakon lansiranja senzacionalnog hiperautomobila Nevera. No, iako je njegova uspje\u0161na pri\u010da globalni &#8220;buzzword&#8221;, Rimac je podsjetio da nije uvijek sve bajno u razvoju kompanije i proizvoda. Na zagreba\u010dkoj konferenciji .debug odlu\u010dio je iskreno podijeliti neke detalje iz najte\u017eih trenutaka u karijeri, za koje ka\u017ee da [&hellip;]","og_url":"https:\/\/radioljubuski.ba\/index.php\/2021\/06\/14\/tko-je-covjek-iz-bih-koji-prolazi-kroz-zidove-i-koji-je-pomogao-mati-rimcu-da-opstane\/","og_site_name":"RADIO LJUBU\u0160KI","article_publisher":"https:\/\/www.facebook.com\/Radiio-Ljubuski-1490835324566332","article_published_time":"2021-06-14T17:12:50+00:00","article_modified_time":"2021-06-14T17:12:53+00:00","og_image":[{"width":1200,"height":628,"url":"https:\/\/radioljubuski.ba\/wp-content\/uploads\/2021\/06\/og_210614053.jpg","type":"image\/jpeg"}],"author":"Radio Ljubu\u0161ki","twitter_card":"summary_large_image","twitter_creator":"@radioljubuski","twitter_site":"@radioljubuski","twitter_misc":{"Napisao\/la":"Radio Ljubu\u0161ki","Procijenjeno vrijeme \u010ditanja":"3 minute"},"schema":{"@context":"https:\/\/schema.org","@graph":[{"@type":"Article","@id":"https:\/\/radioljubuski.ba\/index.php\/2021\/06\/14\/tko-je-covjek-iz-bih-koji-prolazi-kroz-zidove-i-koji-je-pomogao-mati-rimcu-da-opstane\/#article","isPartOf":{"@id":"https:\/\/radioljubuski.ba\/index.php\/2021\/06\/14\/tko-je-covjek-iz-bih-koji-prolazi-kroz-zidove-i-koji-je-pomogao-mati-rimcu-da-opstane\/"},"author":{"name":"Radio Ljubu\u0161ki","@id":"https:\/\/radioljubuski.ba\/#\/schema\/person\/19fc700381a780f69665d7956c469e3b"},"headline":"Tko je \u010dovjek iz BiH koji &#8220;prolazi kroz zidove&#8221; i koji je pomogao Mati Rimcu da opstane","datePublished":"2021-06-14T17:12:50+00:00","dateModified":"2021-06-14T17:12:53+00:00","mainEntityOfPage":{"@id":"https:\/\/radioljubuski.ba\/index.php\/2021\/06\/14\/tko-je-covjek-iz-bih-koji-prolazi-kroz-zidove-i-koji-je-pomogao-mati-rimcu-da-opstane\/"},"wordCount":756,"publisher":{"@id":"https:\/\/radioljubuski.ba\/#organization"},"image":{"@id":"https:\/\/radioljubuski.ba\/index.php\/2021\/06\/14\/tko-je-covjek-iz-bih-koji-prolazi-kroz-zidove-i-koji-je-pomogao-mati-rimcu-da-opstane\/#primaryimage"},"thumbnailUrl":"https:\/\/radioljubuski.ba\/wp-content\/uploads\/2021\/06\/og_210614053.jpg","articleSection":["BIH i regija"],"inLanguage":"hr"},{"@type":"WebPage","@id":"https:\/\/radioljubuski.ba\/index.php\/2021\/06\/14\/tko-je-covjek-iz-bih-koji-prolazi-kroz-zidove-i-koji-je-pomogao-mati-rimcu-da-opstane\/","url":"https:\/\/radioljubuski.ba\/index.php\/2021\/06\/14\/tko-je-covjek-iz-bih-koji-prolazi-kroz-zidove-i-koji-je-pomogao-mati-rimcu-da-opstane\/","name":"Tko je \u010dovjek iz BiH koji \"prolazi kroz zidove\" i koji je pomogao Mati Rimcu da opstane - RADIO LJUBU\u0160KI","isPartOf":{"@id":"https:\/\/radioljubuski.ba\/#website"},"primaryImageOfPage":{"@id":"https:\/\/radioljubuski.ba\/index.php\/2021\/06\/14\/tko-je-covjek-iz-bih-koji-prolazi-kroz-zidove-i-koji-je-pomogao-mati-rimcu-da-opstane\/#primaryimage"},"image":{"@id":"https:\/\/radioljubuski.ba\/index.php\/2021\/06\/14\/tko-je-covjek-iz-bih-koji-prolazi-kroz-zidove-i-koji-je-pomogao-mati-rimcu-da-opstane\/#primaryimage"},"thumbnailUrl":"https:\/\/radioljubuski.ba\/wp-content\/uploads\/2021\/06\/og_210614053.jpg","datePublished":"2021-06-14T17:12:50+00:00","dateModified":"2021-06-14T17:12:53+00:00","breadcrumb":{"@id":"https:\/\/radioljubuski.ba\/index.php\/2021\/06\/14\/tko-je-covjek-iz-bih-koji-prolazi-kroz-zidove-i-koji-je-pomogao-mati-rimcu-da-opstane\/#breadcrumb"},"inLanguage":"hr","potentialAction":[{"@type":"ReadAction","target":["https:\/\/radioljubuski.ba\/index.php\/2021\/06\/14\/tko-je-covjek-iz-bih-koji-prolazi-kroz-zidove-i-koji-je-pomogao-mati-rimcu-da-opstane\/"]}]},{"@type":"ImageObject","inLanguage":"hr","@id":"https:\/\/radioljubuski.ba\/index.php\/2021\/06\/14\/tko-je-covjek-iz-bih-koji-prolazi-kroz-zidove-i-koji-je-pomogao-mati-rimcu-da-opstane\/#primaryimage","url":"https:\/\/radioljubuski.ba\/wp-content\/uploads\/2021\/06\/og_210614053.jpg","contentUrl":"https:\/\/radioljubuski.ba\/wp-content\/uploads\/2021\/06\/og_210614053.jpg","width":1200,"height":628},{"@type":"BreadcrumbList","@id":"https:\/\/radioljubuski.ba\/index.php\/2021\/06\/14\/tko-je-covjek-iz-bih-koji-prolazi-kroz-zidove-i-koji-je-pomogao-mati-rimcu-da-opstane\/#breadcrumb","itemListElement":[{"@type":"ListItem","position":1,"name":"Po\u010detna stranica","item":"https:\/\/radioljubuski.ba\/"},{"@type":"ListItem","position":2,"name":"Tko je \u010dovjek iz BiH koji &#8220;prolazi kroz zidove&#8221; i koji je pomogao Mati Rimcu da opstane"}]},{"@type":"WebSite","@id":"https:\/\/radioljubuski.ba\/#website","url":"https:\/\/radioljubuski.ba\/","name":"Radio Ljubu\u0161ki","description":"Sun\u010dana frekvencija Hercegovine","publisher":{"@id":"https:\/\/radioljubuski.ba\/#organization"},"potentialAction":[{"@type":"SearchAction","target":{"@type":"EntryPoint","urlTemplate":"https:\/\/radioljubuski.ba\/?s={search_term_string}"},"query-input":{"@type":"PropertyValueSpecification","valueRequired":true,"valueName":"search_term_string"}}],"inLanguage":"hr"},{"@type":"Organization","@id":"https:\/\/radioljubuski.ba\/#organization","name":"Radio Ljubu\u0161ki","url":"https:\/\/radioljubuski.ba\/","logo":{"@type":"ImageObject","inLanguage":"hr","@id":"https:\/\/radioljubuski.ba\/#\/schema\/logo\/image\/","url":"https:\/\/radioljubuski.ba\/wp-content\/uploads\/2021\/02\/cropped-Radio_Ljubuski_logo1.jpg","contentUrl":"https:\/\/radioljubuski.ba\/wp-content\/uploads\/2021\/02\/cropped-Radio_Ljubuski_logo1.jpg","width":512,"height":512,"caption":"Radio Ljubu\u0161ki"},"image":{"@id":"https:\/\/radioljubuski.ba\/#\/schema\/logo\/image\/"},"sameAs":["https:\/\/www.facebook.com\/Radiio-Ljubuski-1490835324566332","https:\/\/x.com\/radioljubuski","https:\/\/hr.linkedin.com\/company\/radio-ljubuski","https:\/\/www.youtube.com\/channel\/UCHYaeO_n0Db3tjNGudGpXyw"]},{"@type":"Person","@id":"https:\/\/radioljubuski.ba\/#\/schema\/person\/19fc700381a780f69665d7956c469e3b","name":"Radio Ljubu\u0161ki"}]}},"_links":{"self":[{"href":"https:\/\/radioljubuski.ba\/index.php\/wp-json\/wp\/v2\/posts\/32463","targetHints":{"allow":["GET"]}}],"collection":[{"href":"https:\/\/radioljubuski.ba\/index.php\/wp-json\/wp\/v2\/posts"}],"about":[{"href":"https:\/\/radioljubuski.ba\/index.php\/wp-json\/wp\/v2\/types\/post"}],"author":[{"embeddable":true,"href":"https:\/\/radioljubuski.ba\/index.php\/wp-json\/wp\/v2\/users\/2"}],"replies":[{"embeddable":true,"href":"https:\/\/radioljubuski.ba\/index.php\/wp-json\/wp\/v2\/comments?post=32463"}],"version-history":[{"count":1,"href":"https:\/\/radioljubuski.ba\/index.php\/wp-json\/wp\/v2\/posts\/32463\/revisions"}],"predecessor-version":[{"id":32465,"href":"https:\/\/radioljubuski.ba\/index.php\/wp-json\/wp\/v2\/posts\/32463\/revisions\/32465"}],"wp:featuredmedia":[{"embeddable":true,"href":"https:\/\/radioljubuski.ba\/index.php\/wp-json\/wp\/v2\/media\/32464"}],"wp:attachment":[{"href":"https:\/\/radioljubuski.ba\/index.php\/wp-json\/wp\/v2\/media?parent=32463"}],"wp:term":[{"taxonomy":"category","embeddable":true,"href":"https:\/\/radioljubuski.ba\/index.php\/wp-json\/wp\/v2\/categories?post=32463"},{"taxonomy":"post_tag","embeddable":true,"href":"https:\/\/radioljubuski.ba\/index.php\/wp-json\/wp\/v2\/tags?post=32463"}],"curies":[{"name":"wp","href":"https:\/\/api.w.org\/{rel}","templated":true}]}}