{"id":32478,"date":"2021-06-14T18:27:34","date_gmt":"2021-06-14T17:27:34","guid":{"rendered":"https:\/\/radioljubuski.ba\/?p=32478"},"modified":"2021-06-14T18:27:34","modified_gmt":"2021-06-14T17:27:34","slug":"zidane-novinaru-ti-si-sramota-ugasi-kameru-pa-cemo-pricati","status":"publish","type":"post","link":"https:\/\/radioljubuski.ba\/index.php\/2021\/06\/14\/zidane-novinaru-ti-si-sramota-ugasi-kameru-pa-cemo-pricati\/","title":{"rendered":"Zidane novinaru: Ti si sramota. Ugasi kameru pa \u0107emo pri\u010dati"},"content":{"rendered":"\n<p><strong>Sada ve\u0107 biv\u0161i trener Real Madrida Zinedine Zidane proveo je vikend u dru\u017eenju s obitelji. Najavio je kako se ide odmoriti nakon naporne sezone u kojoj je smijenjen.<\/strong><\/p>\n\n\n\n<p>Nekoliko \u0161panjolskih novinara se okupilo kako bi dobilo ekskluzivan, prvi intervju sa Zidaneom koji vi\u0161e nije trener Reala, ali je zamalo do\u0161lo do fizi\u010dkog sukoba. \u201cJe li bila pogre\u0161ka poslati ono pismo u javnost?\u201d upitao je novinar.<\/p>\n\n\n\n<p>\u201cJo\u0161 uvijek postavlja\u0161 glupa pitanja kao i ranije? Tvoj posao je sramota. S tobom je uvijek isto. Zna\u0161 me, znam te. Hajde do\u0111i da popri\u010damo bez kamera\u201d, \u017eestoko je uzvratio Zidane.<\/p>\n\n\n\n<p>Podsjetimo, Zidane je prilikom odlaska napisao opro\u0161tajno pismo u kojem se osvrnuo na svoj rad i rezultate, ali i odnose u klubu s kojima nije bio zadovoljan, pi\u0161e Index.hr.<\/p>\n\n\n\n<p>\u201cIdem, ali ne ska\u010dem s broda i nisam umoran od treninga. U svibnju 2018. godine sam napustio klub jer smo tijekom dvije i pol godine imali toliko pobjeda i trofeja da sam osje\u0107ao da je potrebno ne\u0161to novo kako bi klub ostao na vrhu. Danas su stvari druk\u010dije. Odlazim jer osje\u0107am da mi klub ne pru\u017ea povjerenje koje mi je potrebno, ne pru\u017ea mi podr\u0161ku da gradim ne\u0161to u srednjem ili du\u017eem roku. Poznajem nogomet i zahtjeve kluba poput Reala, znam da mora\u0161 oti\u0107i ako ne pobje\u0111uje\u0161. Ali ovdje je zaboravljena jedna vrlo va\u017ena stvar, sve \u0161to sam gradio iz dana u dan je zaboravljeno. Sve \u0161to sam u\u010dinio vezano za odnose me\u0111u igra\u010dima i 150 ljudi oko mom\u010dadi s kojima sam radio. Ja sam ro\u0111eni pobjednik i ovdje sam bio da osvajam trofeje, ali iznad svega mi smo ljudska bi\u0107a, imamo emocije i svoj \u017eivot. Imam osje\u0107aj da te stvari nisu bile cijenjene\u201d, stoji u pismu, izme\u0111u ostalog.<\/p>\n\n\n\n<p>\/HMS\/<\/p>\n","protected":false},"excerpt":{"rendered":"<p>Sada ve\u0107 biv\u0161i trener Real Madrida Zinedine Zidane proveo je vikend u dru\u017eenju s obitelji. Najavio je kako se ide odmoriti nakon naporne sezone u kojoj je smijenjen. Nekoliko \u0161panjolskih novinara se okupilo kako bi dobilo ekskluzivan, prvi intervju sa Zidaneom koji vi\u0161e nije trener Reala, ali je zamalo do\u0161lo do fizi\u010dkog sukoba. \u201cJe li [&hellip;]<\/p>\n","protected":false},"author":2,"featured_media":32479,"comment_status":"closed","ping_status":"closed","sticky":false,"template":"","format":"standard","meta":{"h5ap_radio_sources":[],"footnotes":""},"categories":[7],"tags":[],"class_list":["post-32478","post","type-post","status-publish","format-standard","has-post-thumbnail","hentry","category-sport"],"yoast_head":"<!-- This site is optimized with the Yoast SEO plugin v27.5 - https:\/\/yoast.com\/product\/yoast-seo-wordpress\/ -->\n<title>Zidane novinaru: Ti si sramota. Ugasi kameru pa \u0107emo pri\u010dati - RADIO LJUBU\u0160KI<\/title>\n<meta name=\"robots\" content=\"index, follow, max-snippet:-1, max-image-preview:large, max-video-preview:-1\" \/>\n<link rel=\"canonical\" href=\"https:\/\/radioljubuski.ba\/index.php\/2021\/06\/14\/zidane-novinaru-ti-si-sramota-ugasi-kameru-pa-cemo-pricati\/\" \/>\n<meta property=\"og:locale\" content=\"hr_HR\" \/>\n<meta property=\"og:type\" content=\"article\" \/>\n<meta property=\"og:title\" content=\"Zidane novinaru: Ti si sramota. Ugasi kameru pa \u0107emo pri\u010dati - RADIO LJUBU\u0160KI\" \/>\n<meta property=\"og:description\" content=\"Sada ve\u0107 biv\u0161i trener Real Madrida Zinedine Zidane proveo je vikend u dru\u017eenju s obitelji. Najavio je kako se ide odmoriti nakon naporne sezone u kojoj je smijenjen. Nekoliko \u0161panjolskih novinara se okupilo kako bi dobilo ekskluzivan, prvi intervju sa Zidaneom koji vi\u0161e nije trener Reala, ali je zamalo do\u0161lo do fizi\u010dkog sukoba. \u201cJe li [&hellip;]\" \/>\n<meta property=\"og:url\" content=\"https:\/\/radioljubuski.ba\/index.php\/2021\/06\/14\/zidane-novinaru-ti-si-sramota-ugasi-kameru-pa-cemo-pricati\/\" \/>\n<meta property=\"og:site_name\" content=\"RADIO LJUBU\u0160KI\" \/>\n<meta property=\"article:publisher\" content=\"https:\/\/www.facebook.com\/Radiio-Ljubuski-1490835324566332\" \/>\n<meta property=\"article:published_time\" content=\"2021-06-14T17:27:34+00:00\" \/>\n<meta property=\"og:image\" content=\"https:\/\/radioljubuski.ba\/wp-content\/uploads\/2021\/06\/zidane.jpg\" \/>\n\t<meta property=\"og:image:width\" content=\"765\" \/>\n\t<meta property=\"og:image:height\" content=\"402\" \/>\n\t<meta property=\"og:image:type\" content=\"image\/jpeg\" \/>\n<meta name=\"author\" content=\"Radio Ljubu\u0161ki\" \/>\n<meta name=\"twitter:card\" content=\"summary_large_image\" \/>\n<meta name=\"twitter:creator\" content=\"@radioljubuski\" \/>\n<meta name=\"twitter:site\" content=\"@radioljubuski\" \/>\n<meta name=\"twitter:label1\" content=\"Napisao\/la\" \/>\n\t<meta name=\"twitter:data1\" content=\"Radio Ljubu\u0161ki\" \/>\n\t<meta name=\"twitter:label2\" content=\"Procijenjeno vrijeme \u010ditanja\" \/>\n\t<meta name=\"twitter:data2\" content=\"2 minute\" \/>\n<script type=\"application\/ld+json\" class=\"yoast-schema-graph\">{\"@context\":\"https:\\\/\\\/schema.org\",\"@graph\":[{\"@type\":\"Article\",\"@id\":\"https:\\\/\\\/radioljubuski.ba\\\/index.php\\\/2021\\\/06\\\/14\\\/zidane-novinaru-ti-si-sramota-ugasi-kameru-pa-cemo-pricati\\\/#article\",\"isPartOf\":{\"@id\":\"https:\\\/\\\/radioljubuski.ba\\\/index.php\\\/2021\\\/06\\\/14\\\/zidane-novinaru-ti-si-sramota-ugasi-kameru-pa-cemo-pricati\\\/\"},\"author\":{\"name\":\"Radio Ljubu\u0161ki\",\"@id\":\"https:\\\/\\\/radioljubuski.ba\\\/#\\\/schema\\\/person\\\/19fc700381a780f69665d7956c469e3b\"},\"headline\":\"Zidane novinaru: Ti si sramota. Ugasi kameru pa \u0107emo pri\u010dati\",\"datePublished\":\"2021-06-14T17:27:34+00:00\",\"mainEntityOfPage\":{\"@id\":\"https:\\\/\\\/radioljubuski.ba\\\/index.php\\\/2021\\\/06\\\/14\\\/zidane-novinaru-ti-si-sramota-ugasi-kameru-pa-cemo-pricati\\\/\"},\"wordCount\":326,\"publisher\":{\"@id\":\"https:\\\/\\\/radioljubuski.ba\\\/#organization\"},\"image\":{\"@id\":\"https:\\\/\\\/radioljubuski.ba\\\/index.php\\\/2021\\\/06\\\/14\\\/zidane-novinaru-ti-si-sramota-ugasi-kameru-pa-cemo-pricati\\\/#primaryimage\"},\"thumbnailUrl\":\"https:\\\/\\\/radioljubuski.ba\\\/wp-content\\\/uploads\\\/2021\\\/06\\\/zidane.jpg\",\"articleSection\":[\"\u0160port\"],\"inLanguage\":\"hr\"},{\"@type\":\"WebPage\",\"@id\":\"https:\\\/\\\/radioljubuski.ba\\\/index.php\\\/2021\\\/06\\\/14\\\/zidane-novinaru-ti-si-sramota-ugasi-kameru-pa-cemo-pricati\\\/\",\"url\":\"https:\\\/\\\/radioljubuski.ba\\\/index.php\\\/2021\\\/06\\\/14\\\/zidane-novinaru-ti-si-sramota-ugasi-kameru-pa-cemo-pricati\\\/\",\"name\":\"Zidane novinaru: Ti si sramota. Ugasi kameru pa \u0107emo pri\u010dati - RADIO LJUBU\u0160KI\",\"isPartOf\":{\"@id\":\"https:\\\/\\\/radioljubuski.ba\\\/#website\"},\"primaryImageOfPage\":{\"@id\":\"https:\\\/\\\/radioljubuski.ba\\\/index.php\\\/2021\\\/06\\\/14\\\/zidane-novinaru-ti-si-sramota-ugasi-kameru-pa-cemo-pricati\\\/#primaryimage\"},\"image\":{\"@id\":\"https:\\\/\\\/radioljubuski.ba\\\/index.php\\\/2021\\\/06\\\/14\\\/zidane-novinaru-ti-si-sramota-ugasi-kameru-pa-cemo-pricati\\\/#primaryimage\"},\"thumbnailUrl\":\"https:\\\/\\\/radioljubuski.ba\\\/wp-content\\\/uploads\\\/2021\\\/06\\\/zidane.jpg\",\"datePublished\":\"2021-06-14T17:27:34+00:00\",\"breadcrumb\":{\"@id\":\"https:\\\/\\\/radioljubuski.ba\\\/index.php\\\/2021\\\/06\\\/14\\\/zidane-novinaru-ti-si-sramota-ugasi-kameru-pa-cemo-pricati\\\/#breadcrumb\"},\"inLanguage\":\"hr\",\"potentialAction\":[{\"@type\":\"ReadAction\",\"target\":[\"https:\\\/\\\/radioljubuski.ba\\\/index.php\\\/2021\\\/06\\\/14\\\/zidane-novinaru-ti-si-sramota-ugasi-kameru-pa-cemo-pricati\\\/\"]}]},{\"@type\":\"ImageObject\",\"inLanguage\":\"hr\",\"@id\":\"https:\\\/\\\/radioljubuski.ba\\\/index.php\\\/2021\\\/06\\\/14\\\/zidane-novinaru-ti-si-sramota-ugasi-kameru-pa-cemo-pricati\\\/#primaryimage\",\"url\":\"https:\\\/\\\/radioljubuski.ba\\\/wp-content\\\/uploads\\\/2021\\\/06\\\/zidane.jpg\",\"contentUrl\":\"https:\\\/\\\/radioljubuski.ba\\\/wp-content\\\/uploads\\\/2021\\\/06\\\/zidane.jpg\",\"width\":765,\"height\":402},{\"@type\":\"BreadcrumbList\",\"@id\":\"https:\\\/\\\/radioljubuski.ba\\\/index.php\\\/2021\\\/06\\\/14\\\/zidane-novinaru-ti-si-sramota-ugasi-kameru-pa-cemo-pricati\\\/#breadcrumb\",\"itemListElement\":[{\"@type\":\"ListItem\",\"position\":1,\"name\":\"Po\u010detna stranica\",\"item\":\"https:\\\/\\\/radioljubuski.ba\\\/\"},{\"@type\":\"ListItem\",\"position\":2,\"name\":\"Zidane novinaru: Ti si sramota. Ugasi kameru pa \u0107emo pri\u010dati\"}]},{\"@type\":\"WebSite\",\"@id\":\"https:\\\/\\\/radioljubuski.ba\\\/#website\",\"url\":\"https:\\\/\\\/radioljubuski.ba\\\/\",\"name\":\"Radio Ljubu\u0161ki\",\"description\":\"Sun\u010dana frekvencija Hercegovine\",\"publisher\":{\"@id\":\"https:\\\/\\\/radioljubuski.ba\\\/#organization\"},\"potentialAction\":[{\"@type\":\"SearchAction\",\"target\":{\"@type\":\"EntryPoint\",\"urlTemplate\":\"https:\\\/\\\/radioljubuski.ba\\\/?s={search_term_string}\"},\"query-input\":{\"@type\":\"PropertyValueSpecification\",\"valueRequired\":true,\"valueName\":\"search_term_string\"}}],\"inLanguage\":\"hr\"},{\"@type\":\"Organization\",\"@id\":\"https:\\\/\\\/radioljubuski.ba\\\/#organization\",\"name\":\"Radio Ljubu\u0161ki\",\"url\":\"https:\\\/\\\/radioljubuski.ba\\\/\",\"logo\":{\"@type\":\"ImageObject\",\"inLanguage\":\"hr\",\"@id\":\"https:\\\/\\\/radioljubuski.ba\\\/#\\\/schema\\\/logo\\\/image\\\/\",\"url\":\"https:\\\/\\\/radioljubuski.ba\\\/wp-content\\\/uploads\\\/2021\\\/02\\\/cropped-Radio_Ljubuski_logo1.jpg\",\"contentUrl\":\"https:\\\/\\\/radioljubuski.ba\\\/wp-content\\\/uploads\\\/2021\\\/02\\\/cropped-Radio_Ljubuski_logo1.jpg\",\"width\":512,\"height\":512,\"caption\":\"Radio Ljubu\u0161ki\"},\"image\":{\"@id\":\"https:\\\/\\\/radioljubuski.ba\\\/#\\\/schema\\\/logo\\\/image\\\/\"},\"sameAs\":[\"https:\\\/\\\/www.facebook.com\\\/Radiio-Ljubuski-1490835324566332\",\"https:\\\/\\\/x.com\\\/radioljubuski\",\"https:\\\/\\\/hr.linkedin.com\\\/company\\\/radio-ljubuski\",\"https:\\\/\\\/www.youtube.com\\\/channel\\\/UCHYaeO_n0Db3tjNGudGpXyw\"]},{\"@type\":\"Person\",\"@id\":\"https:\\\/\\\/radioljubuski.ba\\\/#\\\/schema\\\/person\\\/19fc700381a780f69665d7956c469e3b\",\"name\":\"Radio Ljubu\u0161ki\"}]}<\/script>\n<!-- \/ Yoast SEO plugin. -->","yoast_head_json":{"title":"Zidane novinaru: Ti si sramota. Ugasi kameru pa \u0107emo pri\u010dati - RADIO LJUBU\u0160KI","robots":{"index":"index","follow":"follow","max-snippet":"max-snippet:-1","max-image-preview":"max-image-preview:large","max-video-preview":"max-video-preview:-1"},"canonical":"https:\/\/radioljubuski.ba\/index.php\/2021\/06\/14\/zidane-novinaru-ti-si-sramota-ugasi-kameru-pa-cemo-pricati\/","og_locale":"hr_HR","og_type":"article","og_title":"Zidane novinaru: Ti si sramota. Ugasi kameru pa \u0107emo pri\u010dati - RADIO LJUBU\u0160KI","og_description":"Sada ve\u0107 biv\u0161i trener Real Madrida Zinedine Zidane proveo je vikend u dru\u017eenju s obitelji. Najavio je kako se ide odmoriti nakon naporne sezone u kojoj je smijenjen. Nekoliko \u0161panjolskih novinara se okupilo kako bi dobilo ekskluzivan, prvi intervju sa Zidaneom koji vi\u0161e nije trener Reala, ali je zamalo do\u0161lo do fizi\u010dkog sukoba. \u201cJe li [&hellip;]","og_url":"https:\/\/radioljubuski.ba\/index.php\/2021\/06\/14\/zidane-novinaru-ti-si-sramota-ugasi-kameru-pa-cemo-pricati\/","og_site_name":"RADIO LJUBU\u0160KI","article_publisher":"https:\/\/www.facebook.com\/Radiio-Ljubuski-1490835324566332","article_published_time":"2021-06-14T17:27:34+00:00","og_image":[{"width":765,"height":402,"url":"https:\/\/radioljubuski.ba\/wp-content\/uploads\/2021\/06\/zidane.jpg","type":"image\/jpeg"}],"author":"Radio Ljubu\u0161ki","twitter_card":"summary_large_image","twitter_creator":"@radioljubuski","twitter_site":"@radioljubuski","twitter_misc":{"Napisao\/la":"Radio Ljubu\u0161ki","Procijenjeno vrijeme \u010ditanja":"2 minute"},"schema":{"@context":"https:\/\/schema.org","@graph":[{"@type":"Article","@id":"https:\/\/radioljubuski.ba\/index.php\/2021\/06\/14\/zidane-novinaru-ti-si-sramota-ugasi-kameru-pa-cemo-pricati\/#article","isPartOf":{"@id":"https:\/\/radioljubuski.ba\/index.php\/2021\/06\/14\/zidane-novinaru-ti-si-sramota-ugasi-kameru-pa-cemo-pricati\/"},"author":{"name":"Radio Ljubu\u0161ki","@id":"https:\/\/radioljubuski.ba\/#\/schema\/person\/19fc700381a780f69665d7956c469e3b"},"headline":"Zidane novinaru: Ti si sramota. Ugasi kameru pa \u0107emo pri\u010dati","datePublished":"2021-06-14T17:27:34+00:00","mainEntityOfPage":{"@id":"https:\/\/radioljubuski.ba\/index.php\/2021\/06\/14\/zidane-novinaru-ti-si-sramota-ugasi-kameru-pa-cemo-pricati\/"},"wordCount":326,"publisher":{"@id":"https:\/\/radioljubuski.ba\/#organization"},"image":{"@id":"https:\/\/radioljubuski.ba\/index.php\/2021\/06\/14\/zidane-novinaru-ti-si-sramota-ugasi-kameru-pa-cemo-pricati\/#primaryimage"},"thumbnailUrl":"https:\/\/radioljubuski.ba\/wp-content\/uploads\/2021\/06\/zidane.jpg","articleSection":["\u0160port"],"inLanguage":"hr"},{"@type":"WebPage","@id":"https:\/\/radioljubuski.ba\/index.php\/2021\/06\/14\/zidane-novinaru-ti-si-sramota-ugasi-kameru-pa-cemo-pricati\/","url":"https:\/\/radioljubuski.ba\/index.php\/2021\/06\/14\/zidane-novinaru-ti-si-sramota-ugasi-kameru-pa-cemo-pricati\/","name":"Zidane novinaru: Ti si sramota. Ugasi kameru pa \u0107emo pri\u010dati - RADIO LJUBU\u0160KI","isPartOf":{"@id":"https:\/\/radioljubuski.ba\/#website"},"primaryImageOfPage":{"@id":"https:\/\/radioljubuski.ba\/index.php\/2021\/06\/14\/zidane-novinaru-ti-si-sramota-ugasi-kameru-pa-cemo-pricati\/#primaryimage"},"image":{"@id":"https:\/\/radioljubuski.ba\/index.php\/2021\/06\/14\/zidane-novinaru-ti-si-sramota-ugasi-kameru-pa-cemo-pricati\/#primaryimage"},"thumbnailUrl":"https:\/\/radioljubuski.ba\/wp-content\/uploads\/2021\/06\/zidane.jpg","datePublished":"2021-06-14T17:27:34+00:00","breadcrumb":{"@id":"https:\/\/radioljubuski.ba\/index.php\/2021\/06\/14\/zidane-novinaru-ti-si-sramota-ugasi-kameru-pa-cemo-pricati\/#breadcrumb"},"inLanguage":"hr","potentialAction":[{"@type":"ReadAction","target":["https:\/\/radioljubuski.ba\/index.php\/2021\/06\/14\/zidane-novinaru-ti-si-sramota-ugasi-kameru-pa-cemo-pricati\/"]}]},{"@type":"ImageObject","inLanguage":"hr","@id":"https:\/\/radioljubuski.ba\/index.php\/2021\/06\/14\/zidane-novinaru-ti-si-sramota-ugasi-kameru-pa-cemo-pricati\/#primaryimage","url":"https:\/\/radioljubuski.ba\/wp-content\/uploads\/2021\/06\/zidane.jpg","contentUrl":"https:\/\/radioljubuski.ba\/wp-content\/uploads\/2021\/06\/zidane.jpg","width":765,"height":402},{"@type":"BreadcrumbList","@id":"https:\/\/radioljubuski.ba\/index.php\/2021\/06\/14\/zidane-novinaru-ti-si-sramota-ugasi-kameru-pa-cemo-pricati\/#breadcrumb","itemListElement":[{"@type":"ListItem","position":1,"name":"Po\u010detna stranica","item":"https:\/\/radioljubuski.ba\/"},{"@type":"ListItem","position":2,"name":"Zidane novinaru: Ti si sramota. Ugasi kameru pa \u0107emo pri\u010dati"}]},{"@type":"WebSite","@id":"https:\/\/radioljubuski.ba\/#website","url":"https:\/\/radioljubuski.ba\/","name":"Radio Ljubu\u0161ki","description":"Sun\u010dana frekvencija Hercegovine","publisher":{"@id":"https:\/\/radioljubuski.ba\/#organization"},"potentialAction":[{"@type":"SearchAction","target":{"@type":"EntryPoint","urlTemplate":"https:\/\/radioljubuski.ba\/?s={search_term_string}"},"query-input":{"@type":"PropertyValueSpecification","valueRequired":true,"valueName":"search_term_string"}}],"inLanguage":"hr"},{"@type":"Organization","@id":"https:\/\/radioljubuski.ba\/#organization","name":"Radio Ljubu\u0161ki","url":"https:\/\/radioljubuski.ba\/","logo":{"@type":"ImageObject","inLanguage":"hr","@id":"https:\/\/radioljubuski.ba\/#\/schema\/logo\/image\/","url":"https:\/\/radioljubuski.ba\/wp-content\/uploads\/2021\/02\/cropped-Radio_Ljubuski_logo1.jpg","contentUrl":"https:\/\/radioljubuski.ba\/wp-content\/uploads\/2021\/02\/cropped-Radio_Ljubuski_logo1.jpg","width":512,"height":512,"caption":"Radio Ljubu\u0161ki"},"image":{"@id":"https:\/\/radioljubuski.ba\/#\/schema\/logo\/image\/"},"sameAs":["https:\/\/www.facebook.com\/Radiio-Ljubuski-1490835324566332","https:\/\/x.com\/radioljubuski","https:\/\/hr.linkedin.com\/company\/radio-ljubuski","https:\/\/www.youtube.com\/channel\/UCHYaeO_n0Db3tjNGudGpXyw"]},{"@type":"Person","@id":"https:\/\/radioljubuski.ba\/#\/schema\/person\/19fc700381a780f69665d7956c469e3b","name":"Radio Ljubu\u0161ki"}]}},"_links":{"self":[{"href":"https:\/\/radioljubuski.ba\/index.php\/wp-json\/wp\/v2\/posts\/32478","targetHints":{"allow":["GET"]}}],"collection":[{"href":"https:\/\/radioljubuski.ba\/index.php\/wp-json\/wp\/v2\/posts"}],"about":[{"href":"https:\/\/radioljubuski.ba\/index.php\/wp-json\/wp\/v2\/types\/post"}],"author":[{"embeddable":true,"href":"https:\/\/radioljubuski.ba\/index.php\/wp-json\/wp\/v2\/users\/2"}],"replies":[{"embeddable":true,"href":"https:\/\/radioljubuski.ba\/index.php\/wp-json\/wp\/v2\/comments?post=32478"}],"version-history":[{"count":1,"href":"https:\/\/radioljubuski.ba\/index.php\/wp-json\/wp\/v2\/posts\/32478\/revisions"}],"predecessor-version":[{"id":32480,"href":"https:\/\/radioljubuski.ba\/index.php\/wp-json\/wp\/v2\/posts\/32478\/revisions\/32480"}],"wp:featuredmedia":[{"embeddable":true,"href":"https:\/\/radioljubuski.ba\/index.php\/wp-json\/wp\/v2\/media\/32479"}],"wp:attachment":[{"href":"https:\/\/radioljubuski.ba\/index.php\/wp-json\/wp\/v2\/media?parent=32478"}],"wp:term":[{"taxonomy":"category","embeddable":true,"href":"https:\/\/radioljubuski.ba\/index.php\/wp-json\/wp\/v2\/categories?post=32478"},{"taxonomy":"post_tag","embeddable":true,"href":"https:\/\/radioljubuski.ba\/index.php\/wp-json\/wp\/v2\/tags?post=32478"}],"curies":[{"name":"wp","href":"https:\/\/api.w.org\/{rel}","templated":true}]}}