{"id":32555,"date":"2021-06-14T23:27:01","date_gmt":"2021-06-14T22:27:01","guid":{"rendered":"https:\/\/radioljubuski.ba\/?p=32555"},"modified":"2021-06-14T23:27:02","modified_gmt":"2021-06-14T22:27:02","slug":"ministrica-brnjac-u-bavarskoj-razgovarala-o-suradnji-na-podrucju-turizma","status":"publish","type":"post","link":"https:\/\/radioljubuski.ba\/index.php\/2021\/06\/14\/ministrica-brnjac-u-bavarskoj-razgovarala-o-suradnji-na-podrucju-turizma\/","title":{"rendered":"Ministrica Brnjac u Bavarskoj razgovarala o suradnji na podru\u010dju turizma"},"content":{"rendered":"\n<p><strong>O produbljivanju suradnje Bavarske i Hrvatske u podru\u010dju turizma bilo je rije\u010di u ponedjeljak na sastanku hrvatske ministrice turizma Nikoline Brnjac s potpredsjednikom bavarske Vlade i dr\u017eavnim ministrom za gospodarstvo, regionalni razvoj i energetiku Hubertom Aiwangerom.<\/strong><\/p>\n\n\n\n<p>Ministrica Brnjac na sastanku u Muenchenu istaknula je da \u0107e Hrvatska i Bavarska nastaviti razmjenjivati iskustava i najbolje prakse u digitalizaciji turizma te razvoju proizvoda kulturnoga i ruralnoga turizma, priop\u0107ilo je Ministarstvo turizma i sporta.&nbsp;<\/p>\n\n\n\n<p>&#8211; Hrvatska i Bavarska stavljaju naglasak na razvoj odr\u017eivoga turizma, a me\u0111usobna suradnja u brojnim podru\u010djima od zajedni\u010dkog interesa traje ve\u0107 pedesetak godina u okviru Bavarsko-hrvatske komisije, rekla je Brnjac.&nbsp;<\/p>\n\n\n\n<p>Dodala je da turisti iz Bavarske \u010dine polovicu od ukupnoga broja gostiju iz Njema\u010dke, ocijeniv\u0161i kako je zato za Hrvatsku jako va\u017eno da prenese informacije o svim aktivnostima koje poduzimamo kako bi Hrvatska bila prepoznata kao ugodna i sigurna destinacija.&nbsp;<\/p>\n\n\n\n<p><strong>Potpora Bavarske ulasku Hrvatske u Schengen&nbsp;<\/strong><\/p>\n\n\n\n<p>Potpredsjednik&nbsp;<strong>Aiwanger<\/strong>&nbsp;rekao je kako vidi puno prostora za suradnju Hrvatske i Bavarske u podru\u010dju turizma, istaknuv\u0161i da Bavarska podr\u017eava ulazak Hrvatske u Schengen 2022. kao va\u017ean preduvjet lak\u0161ih turisti\u010dkih kretanja.&nbsp;<\/p>\n\n\n\n<p>Na radnom sastanku bio je i zamjenik predsjednika ADAC-a (Allgemeine Deutsche Automobil Club) zadu\u017een za turizam i financije&nbsp;<strong>Karlheinz Jungbeck.&nbsp;<\/strong><\/p>\n\n\n\n<p>S Junbeckom Brnjac je razgovarala o pripremama za ljetnu sezonu, te o o\u010dekivanjima i planovima za budu\u0107i razvoj. Istaknula je da suradnja s ADAC-om, koji broji 22 milijuna \u010dlanova, omogu\u0107uje ve\u0107u vidljivost Hrvatske na njema\u010dkom tr\u017ei\u0161tu, te ocijenila kako su na dana\u0161njem sastanku postavljeni okviri za budu\u0107u institucionalnu suradnju.&nbsp;<\/p>\n\n\n\n<p>Po podatcima ADAC-a, zanimanje za posjet Hrvatskoj je u velikom porastu, posebice u segmentu kampinga. ADAC je jedan od najve\u0107ih strukovnih klubova u Njema\u010dkoj te je najve\u0107i njema\u010dki i drugi po \u010dlanstvu automobilisti\u010dki klub na svijetu.&nbsp;<\/p>\n\n\n\n<p>ADAC je ove godine u svoj popis najboljih europskih kampova uvrstio 134 hrvatska kampa, jednako kao i 2019., a 13 je kampova dobilo posebnu oznaku Superplatz 2021.&nbsp;<\/p>\n\n\n\n<p>U nastavku boravka u Bavarskoj, ministrica Brnjac susrest \u0107e se s bavarskom dr\u017eavnom ministricom za me\u0111unarodne i europske poslove&nbsp;<strong>Melanie Huml<\/strong>, predstavnicima bavarske Udruge prijevoznika autobusom (LBO e.V.) te njema\u010dkim medijima.&nbsp;<\/p>\n\n\n\n<p>Trenuta\u010dno u Hrvatskoj boravi oko 42.000 Nijemaca, a najposje\u0107enije destinacije su Rovinj, Pore\u010d i Vrsar. Tijekom protekle godine, gosti iz Njema\u010dke ostvarili su 1,6 milijuna dolazaka i 12,7 milijuna no\u0107enja \u0161to je ujedno i 60 posto no\u0107enja ostvarenih iz 2019. kada je ostvareno rekordnih 21,2 milijuna no\u0107enja s tr\u017ei\u0161ta Njema\u010dke. Tako\u0111er, protekle godine tih 12,7 milijuna no\u0107enja \u010dinilo je 23 posto ukupno ostvarenih no\u0107enja u Hrvatskoj.<\/p>\n\n\n\n<p>Izvor:hrt.hr<\/p>\n","protected":false},"excerpt":{"rendered":"<p>O produbljivanju suradnje Bavarske i Hrvatske u podru\u010dju turizma bilo je rije\u010di u ponedjeljak na sastanku hrvatske ministrice turizma Nikoline Brnjac s potpredsjednikom bavarske Vlade i dr\u017eavnim ministrom za gospodarstvo, regionalni razvoj i energetiku Hubertom Aiwangerom. Ministrica Brnjac na sastanku u Muenchenu istaknula je da \u0107e Hrvatska i Bavarska nastaviti razmjenjivati iskustava i najbolje prakse [&hellip;]<\/p>\n","protected":false},"author":2,"featured_media":32556,"comment_status":"closed","ping_status":"closed","sticky":false,"template":"","format":"standard","meta":{"h5ap_radio_sources":[],"footnotes":""},"categories":[1],"tags":[],"class_list":["post-32555","post","type-post","status-publish","format-standard","has-post-thumbnail","hentry","category-bihiregija"],"yoast_head":"<!-- This site is optimized with the Yoast SEO plugin v27.5 - https:\/\/yoast.com\/product\/yoast-seo-wordpress\/ -->\n<title>Ministrica Brnjac u Bavarskoj razgovarala o suradnji na podru\u010dju turizma - RADIO LJUBU\u0160KI<\/title>\n<meta name=\"robots\" content=\"index, follow, max-snippet:-1, max-image-preview:large, max-video-preview:-1\" \/>\n<link rel=\"canonical\" href=\"https:\/\/radioljubuski.ba\/index.php\/2021\/06\/14\/ministrica-brnjac-u-bavarskoj-razgovarala-o-suradnji-na-podrucju-turizma\/\" \/>\n<meta property=\"og:locale\" content=\"hr_HR\" \/>\n<meta property=\"og:type\" content=\"article\" \/>\n<meta property=\"og:title\" content=\"Ministrica Brnjac u Bavarskoj razgovarala o suradnji na podru\u010dju turizma - RADIO LJUBU\u0160KI\" \/>\n<meta property=\"og:description\" content=\"O produbljivanju suradnje Bavarske i Hrvatske u podru\u010dju turizma bilo je rije\u010di u ponedjeljak na sastanku hrvatske ministrice turizma Nikoline Brnjac s potpredsjednikom bavarske Vlade i dr\u017eavnim ministrom za gospodarstvo, regionalni razvoj i energetiku Hubertom Aiwangerom. Ministrica Brnjac na sastanku u Muenchenu istaknula je da \u0107e Hrvatska i Bavarska nastaviti razmjenjivati iskustava i najbolje prakse [&hellip;]\" \/>\n<meta property=\"og:url\" content=\"https:\/\/radioljubuski.ba\/index.php\/2021\/06\/14\/ministrica-brnjac-u-bavarskoj-razgovarala-o-suradnji-na-podrucju-turizma\/\" \/>\n<meta property=\"og:site_name\" content=\"RADIO LJUBU\u0160KI\" \/>\n<meta property=\"article:publisher\" content=\"https:\/\/www.facebook.com\/Radiio-Ljubuski-1490835324566332\" \/>\n<meta property=\"article:published_time\" content=\"2021-06-14T22:27:01+00:00\" \/>\n<meta property=\"article:modified_time\" content=\"2021-06-14T22:27:02+00:00\" \/>\n<meta property=\"og:image\" content=\"https:\/\/radioljubuski.ba\/wp-content\/uploads\/2021\/06\/brnjac.jpg\" \/>\n\t<meta property=\"og:image:width\" content=\"280\" \/>\n\t<meta property=\"og:image:height\" content=\"180\" \/>\n\t<meta property=\"og:image:type\" content=\"image\/jpeg\" \/>\n<meta name=\"author\" content=\"Radio Ljubu\u0161ki\" \/>\n<meta name=\"twitter:card\" content=\"summary_large_image\" \/>\n<meta name=\"twitter:creator\" content=\"@radioljubuski\" \/>\n<meta name=\"twitter:site\" content=\"@radioljubuski\" \/>\n<meta name=\"twitter:label1\" content=\"Napisao\/la\" \/>\n\t<meta name=\"twitter:data1\" content=\"Radio Ljubu\u0161ki\" \/>\n\t<meta name=\"twitter:label2\" content=\"Procijenjeno vrijeme \u010ditanja\" \/>\n\t<meta name=\"twitter:data2\" content=\"2 minute\" \/>\n<script type=\"application\/ld+json\" class=\"yoast-schema-graph\">{\"@context\":\"https:\\\/\\\/schema.org\",\"@graph\":[{\"@type\":\"Article\",\"@id\":\"https:\\\/\\\/radioljubuski.ba\\\/index.php\\\/2021\\\/06\\\/14\\\/ministrica-brnjac-u-bavarskoj-razgovarala-o-suradnji-na-podrucju-turizma\\\/#article\",\"isPartOf\":{\"@id\":\"https:\\\/\\\/radioljubuski.ba\\\/index.php\\\/2021\\\/06\\\/14\\\/ministrica-brnjac-u-bavarskoj-razgovarala-o-suradnji-na-podrucju-turizma\\\/\"},\"author\":{\"name\":\"Radio Ljubu\u0161ki\",\"@id\":\"https:\\\/\\\/radioljubuski.ba\\\/#\\\/schema\\\/person\\\/19fc700381a780f69665d7956c469e3b\"},\"headline\":\"Ministrica Brnjac u Bavarskoj razgovarala o suradnji na podru\u010dju turizma\",\"datePublished\":\"2021-06-14T22:27:01+00:00\",\"dateModified\":\"2021-06-14T22:27:02+00:00\",\"mainEntityOfPage\":{\"@id\":\"https:\\\/\\\/radioljubuski.ba\\\/index.php\\\/2021\\\/06\\\/14\\\/ministrica-brnjac-u-bavarskoj-razgovarala-o-suradnji-na-podrucju-turizma\\\/\"},\"wordCount\":469,\"publisher\":{\"@id\":\"https:\\\/\\\/radioljubuski.ba\\\/#organization\"},\"image\":{\"@id\":\"https:\\\/\\\/radioljubuski.ba\\\/index.php\\\/2021\\\/06\\\/14\\\/ministrica-brnjac-u-bavarskoj-razgovarala-o-suradnji-na-podrucju-turizma\\\/#primaryimage\"},\"thumbnailUrl\":\"https:\\\/\\\/radioljubuski.ba\\\/wp-content\\\/uploads\\\/2021\\\/06\\\/brnjac.jpg\",\"articleSection\":[\"BIH i regija\"],\"inLanguage\":\"hr\"},{\"@type\":\"WebPage\",\"@id\":\"https:\\\/\\\/radioljubuski.ba\\\/index.php\\\/2021\\\/06\\\/14\\\/ministrica-brnjac-u-bavarskoj-razgovarala-o-suradnji-na-podrucju-turizma\\\/\",\"url\":\"https:\\\/\\\/radioljubuski.ba\\\/index.php\\\/2021\\\/06\\\/14\\\/ministrica-brnjac-u-bavarskoj-razgovarala-o-suradnji-na-podrucju-turizma\\\/\",\"name\":\"Ministrica Brnjac u Bavarskoj razgovarala o suradnji na podru\u010dju turizma - RADIO LJUBU\u0160KI\",\"isPartOf\":{\"@id\":\"https:\\\/\\\/radioljubuski.ba\\\/#website\"},\"primaryImageOfPage\":{\"@id\":\"https:\\\/\\\/radioljubuski.ba\\\/index.php\\\/2021\\\/06\\\/14\\\/ministrica-brnjac-u-bavarskoj-razgovarala-o-suradnji-na-podrucju-turizma\\\/#primaryimage\"},\"image\":{\"@id\":\"https:\\\/\\\/radioljubuski.ba\\\/index.php\\\/2021\\\/06\\\/14\\\/ministrica-brnjac-u-bavarskoj-razgovarala-o-suradnji-na-podrucju-turizma\\\/#primaryimage\"},\"thumbnailUrl\":\"https:\\\/\\\/radioljubuski.ba\\\/wp-content\\\/uploads\\\/2021\\\/06\\\/brnjac.jpg\",\"datePublished\":\"2021-06-14T22:27:01+00:00\",\"dateModified\":\"2021-06-14T22:27:02+00:00\",\"breadcrumb\":{\"@id\":\"https:\\\/\\\/radioljubuski.ba\\\/index.php\\\/2021\\\/06\\\/14\\\/ministrica-brnjac-u-bavarskoj-razgovarala-o-suradnji-na-podrucju-turizma\\\/#breadcrumb\"},\"inLanguage\":\"hr\",\"potentialAction\":[{\"@type\":\"ReadAction\",\"target\":[\"https:\\\/\\\/radioljubuski.ba\\\/index.php\\\/2021\\\/06\\\/14\\\/ministrica-brnjac-u-bavarskoj-razgovarala-o-suradnji-na-podrucju-turizma\\\/\"]}]},{\"@type\":\"ImageObject\",\"inLanguage\":\"hr\",\"@id\":\"https:\\\/\\\/radioljubuski.ba\\\/index.php\\\/2021\\\/06\\\/14\\\/ministrica-brnjac-u-bavarskoj-razgovarala-o-suradnji-na-podrucju-turizma\\\/#primaryimage\",\"url\":\"https:\\\/\\\/radioljubuski.ba\\\/wp-content\\\/uploads\\\/2021\\\/06\\\/brnjac.jpg\",\"contentUrl\":\"https:\\\/\\\/radioljubuski.ba\\\/wp-content\\\/uploads\\\/2021\\\/06\\\/brnjac.jpg\",\"width\":280,\"height\":180},{\"@type\":\"BreadcrumbList\",\"@id\":\"https:\\\/\\\/radioljubuski.ba\\\/index.php\\\/2021\\\/06\\\/14\\\/ministrica-brnjac-u-bavarskoj-razgovarala-o-suradnji-na-podrucju-turizma\\\/#breadcrumb\",\"itemListElement\":[{\"@type\":\"ListItem\",\"position\":1,\"name\":\"Po\u010detna stranica\",\"item\":\"https:\\\/\\\/radioljubuski.ba\\\/\"},{\"@type\":\"ListItem\",\"position\":2,\"name\":\"Ministrica Brnjac u Bavarskoj razgovarala o suradnji na podru\u010dju turizma\"}]},{\"@type\":\"WebSite\",\"@id\":\"https:\\\/\\\/radioljubuski.ba\\\/#website\",\"url\":\"https:\\\/\\\/radioljubuski.ba\\\/\",\"name\":\"Radio Ljubu\u0161ki\",\"description\":\"Sun\u010dana frekvencija Hercegovine\",\"publisher\":{\"@id\":\"https:\\\/\\\/radioljubuski.ba\\\/#organization\"},\"potentialAction\":[{\"@type\":\"SearchAction\",\"target\":{\"@type\":\"EntryPoint\",\"urlTemplate\":\"https:\\\/\\\/radioljubuski.ba\\\/?s={search_term_string}\"},\"query-input\":{\"@type\":\"PropertyValueSpecification\",\"valueRequired\":true,\"valueName\":\"search_term_string\"}}],\"inLanguage\":\"hr\"},{\"@type\":\"Organization\",\"@id\":\"https:\\\/\\\/radioljubuski.ba\\\/#organization\",\"name\":\"Radio Ljubu\u0161ki\",\"url\":\"https:\\\/\\\/radioljubuski.ba\\\/\",\"logo\":{\"@type\":\"ImageObject\",\"inLanguage\":\"hr\",\"@id\":\"https:\\\/\\\/radioljubuski.ba\\\/#\\\/schema\\\/logo\\\/image\\\/\",\"url\":\"https:\\\/\\\/radioljubuski.ba\\\/wp-content\\\/uploads\\\/2021\\\/02\\\/cropped-Radio_Ljubuski_logo1.jpg\",\"contentUrl\":\"https:\\\/\\\/radioljubuski.ba\\\/wp-content\\\/uploads\\\/2021\\\/02\\\/cropped-Radio_Ljubuski_logo1.jpg\",\"width\":512,\"height\":512,\"caption\":\"Radio Ljubu\u0161ki\"},\"image\":{\"@id\":\"https:\\\/\\\/radioljubuski.ba\\\/#\\\/schema\\\/logo\\\/image\\\/\"},\"sameAs\":[\"https:\\\/\\\/www.facebook.com\\\/Radiio-Ljubuski-1490835324566332\",\"https:\\\/\\\/x.com\\\/radioljubuski\",\"https:\\\/\\\/hr.linkedin.com\\\/company\\\/radio-ljubuski\",\"https:\\\/\\\/www.youtube.com\\\/channel\\\/UCHYaeO_n0Db3tjNGudGpXyw\"]},{\"@type\":\"Person\",\"@id\":\"https:\\\/\\\/radioljubuski.ba\\\/#\\\/schema\\\/person\\\/19fc700381a780f69665d7956c469e3b\",\"name\":\"Radio Ljubu\u0161ki\"}]}<\/script>\n<!-- \/ Yoast SEO plugin. -->","yoast_head_json":{"title":"Ministrica Brnjac u Bavarskoj razgovarala o suradnji na podru\u010dju turizma - RADIO LJUBU\u0160KI","robots":{"index":"index","follow":"follow","max-snippet":"max-snippet:-1","max-image-preview":"max-image-preview:large","max-video-preview":"max-video-preview:-1"},"canonical":"https:\/\/radioljubuski.ba\/index.php\/2021\/06\/14\/ministrica-brnjac-u-bavarskoj-razgovarala-o-suradnji-na-podrucju-turizma\/","og_locale":"hr_HR","og_type":"article","og_title":"Ministrica Brnjac u Bavarskoj razgovarala o suradnji na podru\u010dju turizma - RADIO LJUBU\u0160KI","og_description":"O produbljivanju suradnje Bavarske i Hrvatske u podru\u010dju turizma bilo je rije\u010di u ponedjeljak na sastanku hrvatske ministrice turizma Nikoline Brnjac s potpredsjednikom bavarske Vlade i dr\u017eavnim ministrom za gospodarstvo, regionalni razvoj i energetiku Hubertom Aiwangerom. Ministrica Brnjac na sastanku u Muenchenu istaknula je da \u0107e Hrvatska i Bavarska nastaviti razmjenjivati iskustava i najbolje prakse [&hellip;]","og_url":"https:\/\/radioljubuski.ba\/index.php\/2021\/06\/14\/ministrica-brnjac-u-bavarskoj-razgovarala-o-suradnji-na-podrucju-turizma\/","og_site_name":"RADIO LJUBU\u0160KI","article_publisher":"https:\/\/www.facebook.com\/Radiio-Ljubuski-1490835324566332","article_published_time":"2021-06-14T22:27:01+00:00","article_modified_time":"2021-06-14T22:27:02+00:00","og_image":[{"width":280,"height":180,"url":"https:\/\/radioljubuski.ba\/wp-content\/uploads\/2021\/06\/brnjac.jpg","type":"image\/jpeg"}],"author":"Radio Ljubu\u0161ki","twitter_card":"summary_large_image","twitter_creator":"@radioljubuski","twitter_site":"@radioljubuski","twitter_misc":{"Napisao\/la":"Radio Ljubu\u0161ki","Procijenjeno vrijeme \u010ditanja":"2 minute"},"schema":{"@context":"https:\/\/schema.org","@graph":[{"@type":"Article","@id":"https:\/\/radioljubuski.ba\/index.php\/2021\/06\/14\/ministrica-brnjac-u-bavarskoj-razgovarala-o-suradnji-na-podrucju-turizma\/#article","isPartOf":{"@id":"https:\/\/radioljubuski.ba\/index.php\/2021\/06\/14\/ministrica-brnjac-u-bavarskoj-razgovarala-o-suradnji-na-podrucju-turizma\/"},"author":{"name":"Radio Ljubu\u0161ki","@id":"https:\/\/radioljubuski.ba\/#\/schema\/person\/19fc700381a780f69665d7956c469e3b"},"headline":"Ministrica Brnjac u Bavarskoj razgovarala o suradnji na podru\u010dju turizma","datePublished":"2021-06-14T22:27:01+00:00","dateModified":"2021-06-14T22:27:02+00:00","mainEntityOfPage":{"@id":"https:\/\/radioljubuski.ba\/index.php\/2021\/06\/14\/ministrica-brnjac-u-bavarskoj-razgovarala-o-suradnji-na-podrucju-turizma\/"},"wordCount":469,"publisher":{"@id":"https:\/\/radioljubuski.ba\/#organization"},"image":{"@id":"https:\/\/radioljubuski.ba\/index.php\/2021\/06\/14\/ministrica-brnjac-u-bavarskoj-razgovarala-o-suradnji-na-podrucju-turizma\/#primaryimage"},"thumbnailUrl":"https:\/\/radioljubuski.ba\/wp-content\/uploads\/2021\/06\/brnjac.jpg","articleSection":["BIH i regija"],"inLanguage":"hr"},{"@type":"WebPage","@id":"https:\/\/radioljubuski.ba\/index.php\/2021\/06\/14\/ministrica-brnjac-u-bavarskoj-razgovarala-o-suradnji-na-podrucju-turizma\/","url":"https:\/\/radioljubuski.ba\/index.php\/2021\/06\/14\/ministrica-brnjac-u-bavarskoj-razgovarala-o-suradnji-na-podrucju-turizma\/","name":"Ministrica Brnjac u Bavarskoj razgovarala o suradnji na podru\u010dju turizma - RADIO LJUBU\u0160KI","isPartOf":{"@id":"https:\/\/radioljubuski.ba\/#website"},"primaryImageOfPage":{"@id":"https:\/\/radioljubuski.ba\/index.php\/2021\/06\/14\/ministrica-brnjac-u-bavarskoj-razgovarala-o-suradnji-na-podrucju-turizma\/#primaryimage"},"image":{"@id":"https:\/\/radioljubuski.ba\/index.php\/2021\/06\/14\/ministrica-brnjac-u-bavarskoj-razgovarala-o-suradnji-na-podrucju-turizma\/#primaryimage"},"thumbnailUrl":"https:\/\/radioljubuski.ba\/wp-content\/uploads\/2021\/06\/brnjac.jpg","datePublished":"2021-06-14T22:27:01+00:00","dateModified":"2021-06-14T22:27:02+00:00","breadcrumb":{"@id":"https:\/\/radioljubuski.ba\/index.php\/2021\/06\/14\/ministrica-brnjac-u-bavarskoj-razgovarala-o-suradnji-na-podrucju-turizma\/#breadcrumb"},"inLanguage":"hr","potentialAction":[{"@type":"ReadAction","target":["https:\/\/radioljubuski.ba\/index.php\/2021\/06\/14\/ministrica-brnjac-u-bavarskoj-razgovarala-o-suradnji-na-podrucju-turizma\/"]}]},{"@type":"ImageObject","inLanguage":"hr","@id":"https:\/\/radioljubuski.ba\/index.php\/2021\/06\/14\/ministrica-brnjac-u-bavarskoj-razgovarala-o-suradnji-na-podrucju-turizma\/#primaryimage","url":"https:\/\/radioljubuski.ba\/wp-content\/uploads\/2021\/06\/brnjac.jpg","contentUrl":"https:\/\/radioljubuski.ba\/wp-content\/uploads\/2021\/06\/brnjac.jpg","width":280,"height":180},{"@type":"BreadcrumbList","@id":"https:\/\/radioljubuski.ba\/index.php\/2021\/06\/14\/ministrica-brnjac-u-bavarskoj-razgovarala-o-suradnji-na-podrucju-turizma\/#breadcrumb","itemListElement":[{"@type":"ListItem","position":1,"name":"Po\u010detna stranica","item":"https:\/\/radioljubuski.ba\/"},{"@type":"ListItem","position":2,"name":"Ministrica Brnjac u Bavarskoj razgovarala o suradnji na podru\u010dju turizma"}]},{"@type":"WebSite","@id":"https:\/\/radioljubuski.ba\/#website","url":"https:\/\/radioljubuski.ba\/","name":"Radio Ljubu\u0161ki","description":"Sun\u010dana frekvencija Hercegovine","publisher":{"@id":"https:\/\/radioljubuski.ba\/#organization"},"potentialAction":[{"@type":"SearchAction","target":{"@type":"EntryPoint","urlTemplate":"https:\/\/radioljubuski.ba\/?s={search_term_string}"},"query-input":{"@type":"PropertyValueSpecification","valueRequired":true,"valueName":"search_term_string"}}],"inLanguage":"hr"},{"@type":"Organization","@id":"https:\/\/radioljubuski.ba\/#organization","name":"Radio Ljubu\u0161ki","url":"https:\/\/radioljubuski.ba\/","logo":{"@type":"ImageObject","inLanguage":"hr","@id":"https:\/\/radioljubuski.ba\/#\/schema\/logo\/image\/","url":"https:\/\/radioljubuski.ba\/wp-content\/uploads\/2021\/02\/cropped-Radio_Ljubuski_logo1.jpg","contentUrl":"https:\/\/radioljubuski.ba\/wp-content\/uploads\/2021\/02\/cropped-Radio_Ljubuski_logo1.jpg","width":512,"height":512,"caption":"Radio Ljubu\u0161ki"},"image":{"@id":"https:\/\/radioljubuski.ba\/#\/schema\/logo\/image\/"},"sameAs":["https:\/\/www.facebook.com\/Radiio-Ljubuski-1490835324566332","https:\/\/x.com\/radioljubuski","https:\/\/hr.linkedin.com\/company\/radio-ljubuski","https:\/\/www.youtube.com\/channel\/UCHYaeO_n0Db3tjNGudGpXyw"]},{"@type":"Person","@id":"https:\/\/radioljubuski.ba\/#\/schema\/person\/19fc700381a780f69665d7956c469e3b","name":"Radio Ljubu\u0161ki"}]}},"_links":{"self":[{"href":"https:\/\/radioljubuski.ba\/index.php\/wp-json\/wp\/v2\/posts\/32555","targetHints":{"allow":["GET"]}}],"collection":[{"href":"https:\/\/radioljubuski.ba\/index.php\/wp-json\/wp\/v2\/posts"}],"about":[{"href":"https:\/\/radioljubuski.ba\/index.php\/wp-json\/wp\/v2\/types\/post"}],"author":[{"embeddable":true,"href":"https:\/\/radioljubuski.ba\/index.php\/wp-json\/wp\/v2\/users\/2"}],"replies":[{"embeddable":true,"href":"https:\/\/radioljubuski.ba\/index.php\/wp-json\/wp\/v2\/comments?post=32555"}],"version-history":[{"count":1,"href":"https:\/\/radioljubuski.ba\/index.php\/wp-json\/wp\/v2\/posts\/32555\/revisions"}],"predecessor-version":[{"id":32557,"href":"https:\/\/radioljubuski.ba\/index.php\/wp-json\/wp\/v2\/posts\/32555\/revisions\/32557"}],"wp:featuredmedia":[{"embeddable":true,"href":"https:\/\/radioljubuski.ba\/index.php\/wp-json\/wp\/v2\/media\/32556"}],"wp:attachment":[{"href":"https:\/\/radioljubuski.ba\/index.php\/wp-json\/wp\/v2\/media?parent=32555"}],"wp:term":[{"taxonomy":"category","embeddable":true,"href":"https:\/\/radioljubuski.ba\/index.php\/wp-json\/wp\/v2\/categories?post=32555"},{"taxonomy":"post_tag","embeddable":true,"href":"https:\/\/radioljubuski.ba\/index.php\/wp-json\/wp\/v2\/tags?post=32555"}],"curies":[{"name":"wp","href":"https:\/\/api.w.org\/{rel}","templated":true}]}}