{"id":32558,"date":"2021-06-14T23:28:26","date_gmt":"2021-06-14T22:28:26","guid":{"rendered":"https:\/\/radioljubuski.ba\/?p=32558"},"modified":"2021-06-14T23:28:27","modified_gmt":"2021-06-14T22:28:27","slug":"izrael-ukinuo-obvezu-nosenja-maske-u-zatvorenom-javnom-prostoru","status":"publish","type":"post","link":"https:\/\/radioljubuski.ba\/index.php\/2021\/06\/14\/izrael-ukinuo-obvezu-nosenja-maske-u-zatvorenom-javnom-prostoru\/","title":{"rendered":"Izrael ukinuo obvezu no\u0161enja maske u zatvorenom javnom prostoru"},"content":{"rendered":"\n<p><strong>Izrael je u ponedjeljak nave\u010der objavio da \u0107e od sutra ukinuti obvezu no\u0161enja maske u zatvorenom javnom prostoru, \u0161to je me\u0111u posljednjim mjerama koje su na snazi u \u017eidovskoj dr\u017eavi u okviru suzbijanja pandemije covida-19.<\/strong><\/p>\n\n\n\n<p>&#8220;Obveza no\u0161enja maske ukida se u utorak 15. lipnja&#8221;, navodi se u priop\u0107enju ministarstva zdravstva.&nbsp;<\/p>\n\n\n\n<p>Izrael je po\u010detkom lipnja ubla\u017eio zdravstvene restrikcije za svoje stanovnike, ali je zadr\u017eao drasti\u010dne mjere za inozemne goste. \u017didovska dr\u017eava je zatvorena za strane dr\u017eavljane, osim za one koji dolaze iz poslovnih i neodgodivih obiteljskih razloga.&nbsp;<\/p>\n\n\n\n<p>Dvotjedna karantena je obvezna za sve koji ulaze u zemlju, a nemaju serolo\u0161ki test kojim dokazuju da su cijepljeni ili da imaju dostatnu razinu antitijela.&nbsp;<\/p>\n\n\n\n<p>Izrael je krajem prosinca po\u010deo sveobuhvatnu kampanju cijepljenja zahvaljuju\u0107i dogovoru s velikom farmaceutskom tvrtkom Pfizerom koji mu je dopremio milijune doza u zamjenu za podatke o djelovanju cjepiva u zemlji koja raspola\u017ee bankama digitalnih zdravstvenih podataka o svom stanovni\u0161tvu.&nbsp;<\/p>\n\n\n\n<p>Vi\u0161e od pet od 9,3 milijuna Izraelaca (55 posto stanovni\u0161tva) primilo je obje doze cjepiva.&nbsp;<\/p>\n\n\n\n<p>Vi\u0161e od 839.000 ljudi zara\u017eeno je u Izraelu od izbijanja pandemije, me\u0111u kojima tek troje u protekla 24 sata, a 6428 je umrlo, pokazuju podatci ministarstva zdravstva. Trenuta\u010dno je bolesno 205 Izraelaca, od kojih je 53 primljeno u bolnicu.<\/p>\n\n\n\n<p>Izvor:hrt.hr<\/p>\n","protected":false},"excerpt":{"rendered":"<p>Izrael je u ponedjeljak nave\u010der objavio da \u0107e od sutra ukinuti obvezu no\u0161enja maske u zatvorenom javnom prostoru, \u0161to je me\u0111u posljednjim mjerama koje su na snazi u \u017eidovskoj dr\u017eavi u okviru suzbijanja pandemije covida-19. &#8220;Obveza no\u0161enja maske ukida se u utorak 15. lipnja&#8221;, navodi se u priop\u0107enju ministarstva zdravstva.&nbsp; Izrael je po\u010detkom lipnja ubla\u017eio [&hellip;]<\/p>\n","protected":false},"author":2,"featured_media":32559,"comment_status":"closed","ping_status":"closed","sticky":false,"template":"","format":"standard","meta":{"h5ap_radio_sources":[],"footnotes":""},"categories":[1],"tags":[],"class_list":["post-32558","post","type-post","status-publish","format-standard","has-post-thumbnail","hentry","category-bihiregija"],"yoast_head":"<!-- This site is optimized with the Yoast SEO plugin v27.5 - https:\/\/yoast.com\/product\/yoast-seo-wordpress\/ -->\n<title>Izrael ukinuo obvezu no\u0161enja maske u zatvorenom javnom prostoru - RADIO LJUBU\u0160KI<\/title>\n<meta name=\"robots\" content=\"index, follow, max-snippet:-1, max-image-preview:large, max-video-preview:-1\" \/>\n<link rel=\"canonical\" href=\"https:\/\/radioljubuski.ba\/index.php\/2021\/06\/14\/izrael-ukinuo-obvezu-nosenja-maske-u-zatvorenom-javnom-prostoru\/\" \/>\n<meta property=\"og:locale\" content=\"hr_HR\" \/>\n<meta property=\"og:type\" content=\"article\" \/>\n<meta property=\"og:title\" content=\"Izrael ukinuo obvezu no\u0161enja maske u zatvorenom javnom prostoru - RADIO LJUBU\u0160KI\" \/>\n<meta property=\"og:description\" content=\"Izrael je u ponedjeljak nave\u010der objavio da \u0107e od sutra ukinuti obvezu no\u0161enja maske u zatvorenom javnom prostoru, \u0161to je me\u0111u posljednjim mjerama koje su na snazi u \u017eidovskoj dr\u017eavi u okviru suzbijanja pandemije covida-19. &#8220;Obveza no\u0161enja maske ukida se u utorak 15. lipnja&#8221;, navodi se u priop\u0107enju ministarstva zdravstva.&nbsp; Izrael je po\u010detkom lipnja ubla\u017eio [&hellip;]\" \/>\n<meta property=\"og:url\" content=\"https:\/\/radioljubuski.ba\/index.php\/2021\/06\/14\/izrael-ukinuo-obvezu-nosenja-maske-u-zatvorenom-javnom-prostoru\/\" \/>\n<meta property=\"og:site_name\" content=\"RADIO LJUBU\u0160KI\" \/>\n<meta property=\"article:publisher\" content=\"https:\/\/www.facebook.com\/Radiio-Ljubuski-1490835324566332\" \/>\n<meta property=\"article:published_time\" content=\"2021-06-14T22:28:26+00:00\" \/>\n<meta property=\"article:modified_time\" content=\"2021-06-14T22:28:27+00:00\" \/>\n<meta property=\"og:image\" content=\"https:\/\/radioljubuski.ba\/wp-content\/uploads\/2021\/06\/preuzmi-34.jpg\" \/>\n\t<meta property=\"og:image:width\" content=\"275\" \/>\n\t<meta property=\"og:image:height\" content=\"183\" \/>\n\t<meta property=\"og:image:type\" content=\"image\/jpeg\" \/>\n<meta name=\"author\" content=\"Radio Ljubu\u0161ki\" \/>\n<meta name=\"twitter:card\" content=\"summary_large_image\" \/>\n<meta name=\"twitter:creator\" content=\"@radioljubuski\" \/>\n<meta name=\"twitter:site\" content=\"@radioljubuski\" \/>\n<meta name=\"twitter:label1\" content=\"Napisao\/la\" \/>\n\t<meta name=\"twitter:data1\" content=\"Radio Ljubu\u0161ki\" \/>\n\t<meta name=\"twitter:label2\" content=\"Procijenjeno vrijeme \u010ditanja\" \/>\n\t<meta name=\"twitter:data2\" content=\"1 minuta\" \/>\n<script type=\"application\/ld+json\" class=\"yoast-schema-graph\">{\"@context\":\"https:\\\/\\\/schema.org\",\"@graph\":[{\"@type\":\"Article\",\"@id\":\"https:\\\/\\\/radioljubuski.ba\\\/index.php\\\/2021\\\/06\\\/14\\\/izrael-ukinuo-obvezu-nosenja-maske-u-zatvorenom-javnom-prostoru\\\/#article\",\"isPartOf\":{\"@id\":\"https:\\\/\\\/radioljubuski.ba\\\/index.php\\\/2021\\\/06\\\/14\\\/izrael-ukinuo-obvezu-nosenja-maske-u-zatvorenom-javnom-prostoru\\\/\"},\"author\":{\"name\":\"Radio Ljubu\u0161ki\",\"@id\":\"https:\\\/\\\/radioljubuski.ba\\\/#\\\/schema\\\/person\\\/19fc700381a780f69665d7956c469e3b\"},\"headline\":\"Izrael ukinuo obvezu no\u0161enja maske u zatvorenom javnom prostoru\",\"datePublished\":\"2021-06-14T22:28:26+00:00\",\"dateModified\":\"2021-06-14T22:28:27+00:00\",\"mainEntityOfPage\":{\"@id\":\"https:\\\/\\\/radioljubuski.ba\\\/index.php\\\/2021\\\/06\\\/14\\\/izrael-ukinuo-obvezu-nosenja-maske-u-zatvorenom-javnom-prostoru\\\/\"},\"wordCount\":237,\"publisher\":{\"@id\":\"https:\\\/\\\/radioljubuski.ba\\\/#organization\"},\"image\":{\"@id\":\"https:\\\/\\\/radioljubuski.ba\\\/index.php\\\/2021\\\/06\\\/14\\\/izrael-ukinuo-obvezu-nosenja-maske-u-zatvorenom-javnom-prostoru\\\/#primaryimage\"},\"thumbnailUrl\":\"https:\\\/\\\/radioljubuski.ba\\\/wp-content\\\/uploads\\\/2021\\\/06\\\/preuzmi-34.jpg\",\"articleSection\":[\"BIH i regija\"],\"inLanguage\":\"hr\"},{\"@type\":\"WebPage\",\"@id\":\"https:\\\/\\\/radioljubuski.ba\\\/index.php\\\/2021\\\/06\\\/14\\\/izrael-ukinuo-obvezu-nosenja-maske-u-zatvorenom-javnom-prostoru\\\/\",\"url\":\"https:\\\/\\\/radioljubuski.ba\\\/index.php\\\/2021\\\/06\\\/14\\\/izrael-ukinuo-obvezu-nosenja-maske-u-zatvorenom-javnom-prostoru\\\/\",\"name\":\"Izrael ukinuo obvezu no\u0161enja maske u zatvorenom javnom prostoru - RADIO LJUBU\u0160KI\",\"isPartOf\":{\"@id\":\"https:\\\/\\\/radioljubuski.ba\\\/#website\"},\"primaryImageOfPage\":{\"@id\":\"https:\\\/\\\/radioljubuski.ba\\\/index.php\\\/2021\\\/06\\\/14\\\/izrael-ukinuo-obvezu-nosenja-maske-u-zatvorenom-javnom-prostoru\\\/#primaryimage\"},\"image\":{\"@id\":\"https:\\\/\\\/radioljubuski.ba\\\/index.php\\\/2021\\\/06\\\/14\\\/izrael-ukinuo-obvezu-nosenja-maske-u-zatvorenom-javnom-prostoru\\\/#primaryimage\"},\"thumbnailUrl\":\"https:\\\/\\\/radioljubuski.ba\\\/wp-content\\\/uploads\\\/2021\\\/06\\\/preuzmi-34.jpg\",\"datePublished\":\"2021-06-14T22:28:26+00:00\",\"dateModified\":\"2021-06-14T22:28:27+00:00\",\"breadcrumb\":{\"@id\":\"https:\\\/\\\/radioljubuski.ba\\\/index.php\\\/2021\\\/06\\\/14\\\/izrael-ukinuo-obvezu-nosenja-maske-u-zatvorenom-javnom-prostoru\\\/#breadcrumb\"},\"inLanguage\":\"hr\",\"potentialAction\":[{\"@type\":\"ReadAction\",\"target\":[\"https:\\\/\\\/radioljubuski.ba\\\/index.php\\\/2021\\\/06\\\/14\\\/izrael-ukinuo-obvezu-nosenja-maske-u-zatvorenom-javnom-prostoru\\\/\"]}]},{\"@type\":\"ImageObject\",\"inLanguage\":\"hr\",\"@id\":\"https:\\\/\\\/radioljubuski.ba\\\/index.php\\\/2021\\\/06\\\/14\\\/izrael-ukinuo-obvezu-nosenja-maske-u-zatvorenom-javnom-prostoru\\\/#primaryimage\",\"url\":\"https:\\\/\\\/radioljubuski.ba\\\/wp-content\\\/uploads\\\/2021\\\/06\\\/preuzmi-34.jpg\",\"contentUrl\":\"https:\\\/\\\/radioljubuski.ba\\\/wp-content\\\/uploads\\\/2021\\\/06\\\/preuzmi-34.jpg\",\"width\":275,\"height\":183},{\"@type\":\"BreadcrumbList\",\"@id\":\"https:\\\/\\\/radioljubuski.ba\\\/index.php\\\/2021\\\/06\\\/14\\\/izrael-ukinuo-obvezu-nosenja-maske-u-zatvorenom-javnom-prostoru\\\/#breadcrumb\",\"itemListElement\":[{\"@type\":\"ListItem\",\"position\":1,\"name\":\"Po\u010detna stranica\",\"item\":\"https:\\\/\\\/radioljubuski.ba\\\/\"},{\"@type\":\"ListItem\",\"position\":2,\"name\":\"Izrael ukinuo obvezu no\u0161enja maske u zatvorenom javnom prostoru\"}]},{\"@type\":\"WebSite\",\"@id\":\"https:\\\/\\\/radioljubuski.ba\\\/#website\",\"url\":\"https:\\\/\\\/radioljubuski.ba\\\/\",\"name\":\"Radio Ljubu\u0161ki\",\"description\":\"Sun\u010dana frekvencija Hercegovine\",\"publisher\":{\"@id\":\"https:\\\/\\\/radioljubuski.ba\\\/#organization\"},\"potentialAction\":[{\"@type\":\"SearchAction\",\"target\":{\"@type\":\"EntryPoint\",\"urlTemplate\":\"https:\\\/\\\/radioljubuski.ba\\\/?s={search_term_string}\"},\"query-input\":{\"@type\":\"PropertyValueSpecification\",\"valueRequired\":true,\"valueName\":\"search_term_string\"}}],\"inLanguage\":\"hr\"},{\"@type\":\"Organization\",\"@id\":\"https:\\\/\\\/radioljubuski.ba\\\/#organization\",\"name\":\"Radio Ljubu\u0161ki\",\"url\":\"https:\\\/\\\/radioljubuski.ba\\\/\",\"logo\":{\"@type\":\"ImageObject\",\"inLanguage\":\"hr\",\"@id\":\"https:\\\/\\\/radioljubuski.ba\\\/#\\\/schema\\\/logo\\\/image\\\/\",\"url\":\"https:\\\/\\\/radioljubuski.ba\\\/wp-content\\\/uploads\\\/2021\\\/02\\\/cropped-Radio_Ljubuski_logo1.jpg\",\"contentUrl\":\"https:\\\/\\\/radioljubuski.ba\\\/wp-content\\\/uploads\\\/2021\\\/02\\\/cropped-Radio_Ljubuski_logo1.jpg\",\"width\":512,\"height\":512,\"caption\":\"Radio Ljubu\u0161ki\"},\"image\":{\"@id\":\"https:\\\/\\\/radioljubuski.ba\\\/#\\\/schema\\\/logo\\\/image\\\/\"},\"sameAs\":[\"https:\\\/\\\/www.facebook.com\\\/Radiio-Ljubuski-1490835324566332\",\"https:\\\/\\\/x.com\\\/radioljubuski\",\"https:\\\/\\\/hr.linkedin.com\\\/company\\\/radio-ljubuski\",\"https:\\\/\\\/www.youtube.com\\\/channel\\\/UCHYaeO_n0Db3tjNGudGpXyw\"]},{\"@type\":\"Person\",\"@id\":\"https:\\\/\\\/radioljubuski.ba\\\/#\\\/schema\\\/person\\\/19fc700381a780f69665d7956c469e3b\",\"name\":\"Radio Ljubu\u0161ki\"}]}<\/script>\n<!-- \/ Yoast SEO plugin. -->","yoast_head_json":{"title":"Izrael ukinuo obvezu no\u0161enja maske u zatvorenom javnom prostoru - RADIO LJUBU\u0160KI","robots":{"index":"index","follow":"follow","max-snippet":"max-snippet:-1","max-image-preview":"max-image-preview:large","max-video-preview":"max-video-preview:-1"},"canonical":"https:\/\/radioljubuski.ba\/index.php\/2021\/06\/14\/izrael-ukinuo-obvezu-nosenja-maske-u-zatvorenom-javnom-prostoru\/","og_locale":"hr_HR","og_type":"article","og_title":"Izrael ukinuo obvezu no\u0161enja maske u zatvorenom javnom prostoru - RADIO LJUBU\u0160KI","og_description":"Izrael je u ponedjeljak nave\u010der objavio da \u0107e od sutra ukinuti obvezu no\u0161enja maske u zatvorenom javnom prostoru, \u0161to je me\u0111u posljednjim mjerama koje su na snazi u \u017eidovskoj dr\u017eavi u okviru suzbijanja pandemije covida-19. &#8220;Obveza no\u0161enja maske ukida se u utorak 15. lipnja&#8221;, navodi se u priop\u0107enju ministarstva zdravstva.&nbsp; Izrael je po\u010detkom lipnja ubla\u017eio [&hellip;]","og_url":"https:\/\/radioljubuski.ba\/index.php\/2021\/06\/14\/izrael-ukinuo-obvezu-nosenja-maske-u-zatvorenom-javnom-prostoru\/","og_site_name":"RADIO LJUBU\u0160KI","article_publisher":"https:\/\/www.facebook.com\/Radiio-Ljubuski-1490835324566332","article_published_time":"2021-06-14T22:28:26+00:00","article_modified_time":"2021-06-14T22:28:27+00:00","og_image":[{"width":275,"height":183,"url":"https:\/\/radioljubuski.ba\/wp-content\/uploads\/2021\/06\/preuzmi-34.jpg","type":"image\/jpeg"}],"author":"Radio Ljubu\u0161ki","twitter_card":"summary_large_image","twitter_creator":"@radioljubuski","twitter_site":"@radioljubuski","twitter_misc":{"Napisao\/la":"Radio Ljubu\u0161ki","Procijenjeno vrijeme \u010ditanja":"1 minuta"},"schema":{"@context":"https:\/\/schema.org","@graph":[{"@type":"Article","@id":"https:\/\/radioljubuski.ba\/index.php\/2021\/06\/14\/izrael-ukinuo-obvezu-nosenja-maske-u-zatvorenom-javnom-prostoru\/#article","isPartOf":{"@id":"https:\/\/radioljubuski.ba\/index.php\/2021\/06\/14\/izrael-ukinuo-obvezu-nosenja-maske-u-zatvorenom-javnom-prostoru\/"},"author":{"name":"Radio Ljubu\u0161ki","@id":"https:\/\/radioljubuski.ba\/#\/schema\/person\/19fc700381a780f69665d7956c469e3b"},"headline":"Izrael ukinuo obvezu no\u0161enja maske u zatvorenom javnom prostoru","datePublished":"2021-06-14T22:28:26+00:00","dateModified":"2021-06-14T22:28:27+00:00","mainEntityOfPage":{"@id":"https:\/\/radioljubuski.ba\/index.php\/2021\/06\/14\/izrael-ukinuo-obvezu-nosenja-maske-u-zatvorenom-javnom-prostoru\/"},"wordCount":237,"publisher":{"@id":"https:\/\/radioljubuski.ba\/#organization"},"image":{"@id":"https:\/\/radioljubuski.ba\/index.php\/2021\/06\/14\/izrael-ukinuo-obvezu-nosenja-maske-u-zatvorenom-javnom-prostoru\/#primaryimage"},"thumbnailUrl":"https:\/\/radioljubuski.ba\/wp-content\/uploads\/2021\/06\/preuzmi-34.jpg","articleSection":["BIH i regija"],"inLanguage":"hr"},{"@type":"WebPage","@id":"https:\/\/radioljubuski.ba\/index.php\/2021\/06\/14\/izrael-ukinuo-obvezu-nosenja-maske-u-zatvorenom-javnom-prostoru\/","url":"https:\/\/radioljubuski.ba\/index.php\/2021\/06\/14\/izrael-ukinuo-obvezu-nosenja-maske-u-zatvorenom-javnom-prostoru\/","name":"Izrael ukinuo obvezu no\u0161enja maske u zatvorenom javnom prostoru - RADIO LJUBU\u0160KI","isPartOf":{"@id":"https:\/\/radioljubuski.ba\/#website"},"primaryImageOfPage":{"@id":"https:\/\/radioljubuski.ba\/index.php\/2021\/06\/14\/izrael-ukinuo-obvezu-nosenja-maske-u-zatvorenom-javnom-prostoru\/#primaryimage"},"image":{"@id":"https:\/\/radioljubuski.ba\/index.php\/2021\/06\/14\/izrael-ukinuo-obvezu-nosenja-maske-u-zatvorenom-javnom-prostoru\/#primaryimage"},"thumbnailUrl":"https:\/\/radioljubuski.ba\/wp-content\/uploads\/2021\/06\/preuzmi-34.jpg","datePublished":"2021-06-14T22:28:26+00:00","dateModified":"2021-06-14T22:28:27+00:00","breadcrumb":{"@id":"https:\/\/radioljubuski.ba\/index.php\/2021\/06\/14\/izrael-ukinuo-obvezu-nosenja-maske-u-zatvorenom-javnom-prostoru\/#breadcrumb"},"inLanguage":"hr","potentialAction":[{"@type":"ReadAction","target":["https:\/\/radioljubuski.ba\/index.php\/2021\/06\/14\/izrael-ukinuo-obvezu-nosenja-maske-u-zatvorenom-javnom-prostoru\/"]}]},{"@type":"ImageObject","inLanguage":"hr","@id":"https:\/\/radioljubuski.ba\/index.php\/2021\/06\/14\/izrael-ukinuo-obvezu-nosenja-maske-u-zatvorenom-javnom-prostoru\/#primaryimage","url":"https:\/\/radioljubuski.ba\/wp-content\/uploads\/2021\/06\/preuzmi-34.jpg","contentUrl":"https:\/\/radioljubuski.ba\/wp-content\/uploads\/2021\/06\/preuzmi-34.jpg","width":275,"height":183},{"@type":"BreadcrumbList","@id":"https:\/\/radioljubuski.ba\/index.php\/2021\/06\/14\/izrael-ukinuo-obvezu-nosenja-maske-u-zatvorenom-javnom-prostoru\/#breadcrumb","itemListElement":[{"@type":"ListItem","position":1,"name":"Po\u010detna stranica","item":"https:\/\/radioljubuski.ba\/"},{"@type":"ListItem","position":2,"name":"Izrael ukinuo obvezu no\u0161enja maske u zatvorenom javnom prostoru"}]},{"@type":"WebSite","@id":"https:\/\/radioljubuski.ba\/#website","url":"https:\/\/radioljubuski.ba\/","name":"Radio Ljubu\u0161ki","description":"Sun\u010dana frekvencija Hercegovine","publisher":{"@id":"https:\/\/radioljubuski.ba\/#organization"},"potentialAction":[{"@type":"SearchAction","target":{"@type":"EntryPoint","urlTemplate":"https:\/\/radioljubuski.ba\/?s={search_term_string}"},"query-input":{"@type":"PropertyValueSpecification","valueRequired":true,"valueName":"search_term_string"}}],"inLanguage":"hr"},{"@type":"Organization","@id":"https:\/\/radioljubuski.ba\/#organization","name":"Radio Ljubu\u0161ki","url":"https:\/\/radioljubuski.ba\/","logo":{"@type":"ImageObject","inLanguage":"hr","@id":"https:\/\/radioljubuski.ba\/#\/schema\/logo\/image\/","url":"https:\/\/radioljubuski.ba\/wp-content\/uploads\/2021\/02\/cropped-Radio_Ljubuski_logo1.jpg","contentUrl":"https:\/\/radioljubuski.ba\/wp-content\/uploads\/2021\/02\/cropped-Radio_Ljubuski_logo1.jpg","width":512,"height":512,"caption":"Radio Ljubu\u0161ki"},"image":{"@id":"https:\/\/radioljubuski.ba\/#\/schema\/logo\/image\/"},"sameAs":["https:\/\/www.facebook.com\/Radiio-Ljubuski-1490835324566332","https:\/\/x.com\/radioljubuski","https:\/\/hr.linkedin.com\/company\/radio-ljubuski","https:\/\/www.youtube.com\/channel\/UCHYaeO_n0Db3tjNGudGpXyw"]},{"@type":"Person","@id":"https:\/\/radioljubuski.ba\/#\/schema\/person\/19fc700381a780f69665d7956c469e3b","name":"Radio Ljubu\u0161ki"}]}},"_links":{"self":[{"href":"https:\/\/radioljubuski.ba\/index.php\/wp-json\/wp\/v2\/posts\/32558","targetHints":{"allow":["GET"]}}],"collection":[{"href":"https:\/\/radioljubuski.ba\/index.php\/wp-json\/wp\/v2\/posts"}],"about":[{"href":"https:\/\/radioljubuski.ba\/index.php\/wp-json\/wp\/v2\/types\/post"}],"author":[{"embeddable":true,"href":"https:\/\/radioljubuski.ba\/index.php\/wp-json\/wp\/v2\/users\/2"}],"replies":[{"embeddable":true,"href":"https:\/\/radioljubuski.ba\/index.php\/wp-json\/wp\/v2\/comments?post=32558"}],"version-history":[{"count":1,"href":"https:\/\/radioljubuski.ba\/index.php\/wp-json\/wp\/v2\/posts\/32558\/revisions"}],"predecessor-version":[{"id":32560,"href":"https:\/\/radioljubuski.ba\/index.php\/wp-json\/wp\/v2\/posts\/32558\/revisions\/32560"}],"wp:featuredmedia":[{"embeddable":true,"href":"https:\/\/radioljubuski.ba\/index.php\/wp-json\/wp\/v2\/media\/32559"}],"wp:attachment":[{"href":"https:\/\/radioljubuski.ba\/index.php\/wp-json\/wp\/v2\/media?parent=32558"}],"wp:term":[{"taxonomy":"category","embeddable":true,"href":"https:\/\/radioljubuski.ba\/index.php\/wp-json\/wp\/v2\/categories?post=32558"},{"taxonomy":"post_tag","embeddable":true,"href":"https:\/\/radioljubuski.ba\/index.php\/wp-json\/wp\/v2\/tags?post=32558"}],"curies":[{"name":"wp","href":"https:\/\/api.w.org\/{rel}","templated":true}]}}