{"id":32564,"date":"2021-06-14T23:31:51","date_gmt":"2021-06-14T22:31:51","guid":{"rendered":"https:\/\/radioljubuski.ba\/?p=32564"},"modified":"2021-06-14T23:31:52","modified_gmt":"2021-06-14T22:31:52","slug":"sdp-jednoglasno-prihvatio-programsku-suradnju-s-mozemo","status":"publish","type":"post","link":"https:\/\/radioljubuski.ba\/index.php\/2021\/06\/14\/sdp-jednoglasno-prihvatio-programsku-suradnju-s-mozemo\/","title":{"rendered":"SDP jednoglasno prihvatio programsku suradnju s Mo\u017eemo!"},"content":{"rendered":"\n<p><strong>Potpredsjednica SDP-a Sabina Glasovac rekla je da je Predsjedni\u0161tvo te stranke prihvatilo nacrt programske suradnje s platformom Mo\u017eemo! i partnerima u Zagrebu, istaknuv\u0161i da \u0107e se do srijede, kada se o\u010dekuje potpisivanje sporazuma, dogovoriti jo\u0161 neki detalji.&nbsp;<\/strong><\/p>\n\n\n\n<p>&#8211; Jednoglasno smo prihvatili nacrt sporazuma o programskoj suradnji i uspostavljanja ve\u0107ine u Skup\u0161tini Grada Zagreba, nakon ovoga slijedi peglanje nijansi, kazala je Glasovac novinarima nakon sjednice strana\u010dkog Predsjedni\u0161tva.<br><br>U nacrtu sporazuma, koji \u0107e prema rije\u010dima zagreba\u010dkog gradona\u010delnika&nbsp;<strong>Tomislava Toma\u0161evi\u0107a<\/strong>&nbsp;biti dostupan javnosti, nalazi 28 to\u010daka o programskoj suradnji izme\u0111u platforme Mo\u017eemo! i partnera s jedne strane i SDP-a s druge, kojom \u0107e se osigurati ve\u0107ina u zagreba\u010dkoj Gradskoj skup\u0161tini.<br><br>Iz platforme Mo\u017eemo! doznaje se da \u0107e se o prihva\u0107anju nacrta sporazuma strana\u010dka tijela raspravljati u utorak, a prema najavama, sporazum o suradnji trebao bi se u potpisati u srijedu.<br><br><strong>U sporazumu transparentnost prora\u010duna, gra\u0111anski odgoj i skrb o najmla\u0111ima<\/strong><strong><br><\/strong><br>Glasovac je kazala da \u0107e u narednim danima, pregovara\u010dki tim jo\u0161 peglati detalje sporazuma, no izrazila je uvjerenje kako \u0107e on biti potpisan u srijedu, kao i da \u0107e se na konstituiraju\u0107oj sjednici Gradske skup\u0161tine, formirati ve\u0107ina.<br><br>Iako je potvrdila kako je podjela funkcija u Gradskoj skup\u0161tini, me\u0111u kojima je i onda predsjednika Skup\u0161tine, dio nacrta sporazuma, Glasovac nije potvrdila da \u0107e SDP-ov&nbsp;<strong>Jo\u0161ko Klisovi\u0107<\/strong>&nbsp;biti potpredsjednik Skup\u0161tine.<br><br>Ne mogu to re\u0107i u ovom trenutku. Na\u010din funkcioniranja Skup\u0161tine je definiran nacrtom, ali sigurno je da je Jo\u0161ko Klisovi\u0107 jedan od najozbiljnijih kandidata za to mjesto. On je bio na\u0161 kandidat za gradona\u010delnika, ne vidim razloga da ne preuzme svoju odgovornost i u Skup\u0161tini, neovisno o kojem se mjestu radilo, kazala je.<br><br>Najavila je da je SDP-u bilo bitno da se u sporazumu na\u0111u to\u010dke o transparentnom i kontroliranom Gradskom prora\u010dunu, uspostavljanju gra\u0111anskog odgoja i obrazovanju po uzoru onoga koji je uveden u Rijeci, kao i skrb o najmla\u0111ima u pred\u0161kolskom odgoju i obrazovanju, kao i neki infrastrukturni projekti.<\/p>\n\n\n\n<p>Izvor:hrt.hr<\/p>\n","protected":false},"excerpt":{"rendered":"<p>Potpredsjednica SDP-a Sabina Glasovac rekla je da je Predsjedni\u0161tvo te stranke prihvatilo nacrt programske suradnje s platformom Mo\u017eemo! i partnerima u Zagrebu, istaknuv\u0161i da \u0107e se do srijede, kada se o\u010dekuje potpisivanje sporazuma, dogovoriti jo\u0161 neki detalji.&nbsp; &#8211; Jednoglasno smo prihvatili nacrt sporazuma o programskoj suradnji i uspostavljanja ve\u0107ine u Skup\u0161tini Grada Zagreba, nakon ovoga [&hellip;]<\/p>\n","protected":false},"author":2,"featured_media":32565,"comment_status":"closed","ping_status":"closed","sticky":false,"template":"","format":"standard","meta":{"h5ap_radio_sources":[],"footnotes":""},"categories":[1],"tags":[],"class_list":["post-32564","post","type-post","status-publish","format-standard","has-post-thumbnail","hentry","category-bihiregija"],"yoast_head":"<!-- This site is optimized with the Yoast SEO plugin v27.5 - https:\/\/yoast.com\/product\/yoast-seo-wordpress\/ -->\n<title>SDP jednoglasno prihvatio programsku suradnju s Mo\u017eemo! - RADIO LJUBU\u0160KI<\/title>\n<meta name=\"robots\" content=\"index, follow, max-snippet:-1, max-image-preview:large, max-video-preview:-1\" \/>\n<link rel=\"canonical\" href=\"https:\/\/radioljubuski.ba\/index.php\/2021\/06\/14\/sdp-jednoglasno-prihvatio-programsku-suradnju-s-mozemo\/\" \/>\n<meta property=\"og:locale\" content=\"hr_HR\" \/>\n<meta property=\"og:type\" content=\"article\" \/>\n<meta property=\"og:title\" content=\"SDP jednoglasno prihvatio programsku suradnju s Mo\u017eemo! - RADIO LJUBU\u0160KI\" \/>\n<meta property=\"og:description\" content=\"Potpredsjednica SDP-a Sabina Glasovac rekla je da je Predsjedni\u0161tvo te stranke prihvatilo nacrt programske suradnje s platformom Mo\u017eemo! i partnerima u Zagrebu, istaknuv\u0161i da \u0107e se do srijede, kada se o\u010dekuje potpisivanje sporazuma, dogovoriti jo\u0161 neki detalji.&nbsp; &#8211; Jednoglasno smo prihvatili nacrt sporazuma o programskoj suradnji i uspostavljanja ve\u0107ine u Skup\u0161tini Grada Zagreba, nakon ovoga [&hellip;]\" \/>\n<meta property=\"og:url\" content=\"https:\/\/radioljubuski.ba\/index.php\/2021\/06\/14\/sdp-jednoglasno-prihvatio-programsku-suradnju-s-mozemo\/\" \/>\n<meta property=\"og:site_name\" content=\"RADIO LJUBU\u0160KI\" \/>\n<meta property=\"article:publisher\" content=\"https:\/\/www.facebook.com\/Radiio-Ljubuski-1490835324566332\" \/>\n<meta property=\"article:published_time\" content=\"2021-06-14T22:31:51+00:00\" \/>\n<meta property=\"article:modified_time\" content=\"2021-06-14T22:31:52+00:00\" \/>\n<meta property=\"og:image\" content=\"https:\/\/radioljubuski.ba\/wp-content\/uploads\/2021\/06\/d6a2b36a8349b8c5928a.jpeg\" \/>\n\t<meta property=\"og:image:width\" content=\"1280\" \/>\n\t<meta property=\"og:image:height\" content=\"857\" \/>\n\t<meta property=\"og:image:type\" content=\"image\/jpeg\" \/>\n<meta name=\"author\" content=\"Radio Ljubu\u0161ki\" \/>\n<meta name=\"twitter:card\" content=\"summary_large_image\" \/>\n<meta name=\"twitter:creator\" content=\"@radioljubuski\" \/>\n<meta name=\"twitter:site\" content=\"@radioljubuski\" \/>\n<meta name=\"twitter:label1\" content=\"Napisao\/la\" \/>\n\t<meta name=\"twitter:data1\" content=\"Radio Ljubu\u0161ki\" \/>\n\t<meta name=\"twitter:label2\" content=\"Procijenjeno vrijeme \u010ditanja\" \/>\n\t<meta name=\"twitter:data2\" content=\"2 minute\" \/>\n<script type=\"application\/ld+json\" class=\"yoast-schema-graph\">{\"@context\":\"https:\\\/\\\/schema.org\",\"@graph\":[{\"@type\":\"Article\",\"@id\":\"https:\\\/\\\/radioljubuski.ba\\\/index.php\\\/2021\\\/06\\\/14\\\/sdp-jednoglasno-prihvatio-programsku-suradnju-s-mozemo\\\/#article\",\"isPartOf\":{\"@id\":\"https:\\\/\\\/radioljubuski.ba\\\/index.php\\\/2021\\\/06\\\/14\\\/sdp-jednoglasno-prihvatio-programsku-suradnju-s-mozemo\\\/\"},\"author\":{\"name\":\"Radio Ljubu\u0161ki\",\"@id\":\"https:\\\/\\\/radioljubuski.ba\\\/#\\\/schema\\\/person\\\/19fc700381a780f69665d7956c469e3b\"},\"headline\":\"SDP jednoglasno prihvatio programsku suradnju s Mo\u017eemo!\",\"datePublished\":\"2021-06-14T22:31:51+00:00\",\"dateModified\":\"2021-06-14T22:31:52+00:00\",\"mainEntityOfPage\":{\"@id\":\"https:\\\/\\\/radioljubuski.ba\\\/index.php\\\/2021\\\/06\\\/14\\\/sdp-jednoglasno-prihvatio-programsku-suradnju-s-mozemo\\\/\"},\"wordCount\":376,\"publisher\":{\"@id\":\"https:\\\/\\\/radioljubuski.ba\\\/#organization\"},\"image\":{\"@id\":\"https:\\\/\\\/radioljubuski.ba\\\/index.php\\\/2021\\\/06\\\/14\\\/sdp-jednoglasno-prihvatio-programsku-suradnju-s-mozemo\\\/#primaryimage\"},\"thumbnailUrl\":\"https:\\\/\\\/radioljubuski.ba\\\/wp-content\\\/uploads\\\/2021\\\/06\\\/d6a2b36a8349b8c5928a.jpeg\",\"articleSection\":[\"BIH i regija\"],\"inLanguage\":\"hr\"},{\"@type\":\"WebPage\",\"@id\":\"https:\\\/\\\/radioljubuski.ba\\\/index.php\\\/2021\\\/06\\\/14\\\/sdp-jednoglasno-prihvatio-programsku-suradnju-s-mozemo\\\/\",\"url\":\"https:\\\/\\\/radioljubuski.ba\\\/index.php\\\/2021\\\/06\\\/14\\\/sdp-jednoglasno-prihvatio-programsku-suradnju-s-mozemo\\\/\",\"name\":\"SDP jednoglasno prihvatio programsku suradnju s Mo\u017eemo! - RADIO LJUBU\u0160KI\",\"isPartOf\":{\"@id\":\"https:\\\/\\\/radioljubuski.ba\\\/#website\"},\"primaryImageOfPage\":{\"@id\":\"https:\\\/\\\/radioljubuski.ba\\\/index.php\\\/2021\\\/06\\\/14\\\/sdp-jednoglasno-prihvatio-programsku-suradnju-s-mozemo\\\/#primaryimage\"},\"image\":{\"@id\":\"https:\\\/\\\/radioljubuski.ba\\\/index.php\\\/2021\\\/06\\\/14\\\/sdp-jednoglasno-prihvatio-programsku-suradnju-s-mozemo\\\/#primaryimage\"},\"thumbnailUrl\":\"https:\\\/\\\/radioljubuski.ba\\\/wp-content\\\/uploads\\\/2021\\\/06\\\/d6a2b36a8349b8c5928a.jpeg\",\"datePublished\":\"2021-06-14T22:31:51+00:00\",\"dateModified\":\"2021-06-14T22:31:52+00:00\",\"breadcrumb\":{\"@id\":\"https:\\\/\\\/radioljubuski.ba\\\/index.php\\\/2021\\\/06\\\/14\\\/sdp-jednoglasno-prihvatio-programsku-suradnju-s-mozemo\\\/#breadcrumb\"},\"inLanguage\":\"hr\",\"potentialAction\":[{\"@type\":\"ReadAction\",\"target\":[\"https:\\\/\\\/radioljubuski.ba\\\/index.php\\\/2021\\\/06\\\/14\\\/sdp-jednoglasno-prihvatio-programsku-suradnju-s-mozemo\\\/\"]}]},{\"@type\":\"ImageObject\",\"inLanguage\":\"hr\",\"@id\":\"https:\\\/\\\/radioljubuski.ba\\\/index.php\\\/2021\\\/06\\\/14\\\/sdp-jednoglasno-prihvatio-programsku-suradnju-s-mozemo\\\/#primaryimage\",\"url\":\"https:\\\/\\\/radioljubuski.ba\\\/wp-content\\\/uploads\\\/2021\\\/06\\\/d6a2b36a8349b8c5928a.jpeg\",\"contentUrl\":\"https:\\\/\\\/radioljubuski.ba\\\/wp-content\\\/uploads\\\/2021\\\/06\\\/d6a2b36a8349b8c5928a.jpeg\",\"width\":1280,\"height\":857},{\"@type\":\"BreadcrumbList\",\"@id\":\"https:\\\/\\\/radioljubuski.ba\\\/index.php\\\/2021\\\/06\\\/14\\\/sdp-jednoglasno-prihvatio-programsku-suradnju-s-mozemo\\\/#breadcrumb\",\"itemListElement\":[{\"@type\":\"ListItem\",\"position\":1,\"name\":\"Po\u010detna stranica\",\"item\":\"https:\\\/\\\/radioljubuski.ba\\\/\"},{\"@type\":\"ListItem\",\"position\":2,\"name\":\"SDP jednoglasno prihvatio programsku suradnju s Mo\u017eemo!\"}]},{\"@type\":\"WebSite\",\"@id\":\"https:\\\/\\\/radioljubuski.ba\\\/#website\",\"url\":\"https:\\\/\\\/radioljubuski.ba\\\/\",\"name\":\"Radio Ljubu\u0161ki\",\"description\":\"Sun\u010dana frekvencija Hercegovine\",\"publisher\":{\"@id\":\"https:\\\/\\\/radioljubuski.ba\\\/#organization\"},\"potentialAction\":[{\"@type\":\"SearchAction\",\"target\":{\"@type\":\"EntryPoint\",\"urlTemplate\":\"https:\\\/\\\/radioljubuski.ba\\\/?s={search_term_string}\"},\"query-input\":{\"@type\":\"PropertyValueSpecification\",\"valueRequired\":true,\"valueName\":\"search_term_string\"}}],\"inLanguage\":\"hr\"},{\"@type\":\"Organization\",\"@id\":\"https:\\\/\\\/radioljubuski.ba\\\/#organization\",\"name\":\"Radio Ljubu\u0161ki\",\"url\":\"https:\\\/\\\/radioljubuski.ba\\\/\",\"logo\":{\"@type\":\"ImageObject\",\"inLanguage\":\"hr\",\"@id\":\"https:\\\/\\\/radioljubuski.ba\\\/#\\\/schema\\\/logo\\\/image\\\/\",\"url\":\"https:\\\/\\\/radioljubuski.ba\\\/wp-content\\\/uploads\\\/2021\\\/02\\\/cropped-Radio_Ljubuski_logo1.jpg\",\"contentUrl\":\"https:\\\/\\\/radioljubuski.ba\\\/wp-content\\\/uploads\\\/2021\\\/02\\\/cropped-Radio_Ljubuski_logo1.jpg\",\"width\":512,\"height\":512,\"caption\":\"Radio Ljubu\u0161ki\"},\"image\":{\"@id\":\"https:\\\/\\\/radioljubuski.ba\\\/#\\\/schema\\\/logo\\\/image\\\/\"},\"sameAs\":[\"https:\\\/\\\/www.facebook.com\\\/Radiio-Ljubuski-1490835324566332\",\"https:\\\/\\\/x.com\\\/radioljubuski\",\"https:\\\/\\\/hr.linkedin.com\\\/company\\\/radio-ljubuski\",\"https:\\\/\\\/www.youtube.com\\\/channel\\\/UCHYaeO_n0Db3tjNGudGpXyw\"]},{\"@type\":\"Person\",\"@id\":\"https:\\\/\\\/radioljubuski.ba\\\/#\\\/schema\\\/person\\\/19fc700381a780f69665d7956c469e3b\",\"name\":\"Radio Ljubu\u0161ki\"}]}<\/script>\n<!-- \/ Yoast SEO plugin. -->","yoast_head_json":{"title":"SDP jednoglasno prihvatio programsku suradnju s Mo\u017eemo! - RADIO LJUBU\u0160KI","robots":{"index":"index","follow":"follow","max-snippet":"max-snippet:-1","max-image-preview":"max-image-preview:large","max-video-preview":"max-video-preview:-1"},"canonical":"https:\/\/radioljubuski.ba\/index.php\/2021\/06\/14\/sdp-jednoglasno-prihvatio-programsku-suradnju-s-mozemo\/","og_locale":"hr_HR","og_type":"article","og_title":"SDP jednoglasno prihvatio programsku suradnju s Mo\u017eemo! - RADIO LJUBU\u0160KI","og_description":"Potpredsjednica SDP-a Sabina Glasovac rekla je da je Predsjedni\u0161tvo te stranke prihvatilo nacrt programske suradnje s platformom Mo\u017eemo! i partnerima u Zagrebu, istaknuv\u0161i da \u0107e se do srijede, kada se o\u010dekuje potpisivanje sporazuma, dogovoriti jo\u0161 neki detalji.&nbsp; &#8211; Jednoglasno smo prihvatili nacrt sporazuma o programskoj suradnji i uspostavljanja ve\u0107ine u Skup\u0161tini Grada Zagreba, nakon ovoga [&hellip;]","og_url":"https:\/\/radioljubuski.ba\/index.php\/2021\/06\/14\/sdp-jednoglasno-prihvatio-programsku-suradnju-s-mozemo\/","og_site_name":"RADIO LJUBU\u0160KI","article_publisher":"https:\/\/www.facebook.com\/Radiio-Ljubuski-1490835324566332","article_published_time":"2021-06-14T22:31:51+00:00","article_modified_time":"2021-06-14T22:31:52+00:00","og_image":[{"width":1280,"height":857,"url":"https:\/\/radioljubuski.ba\/wp-content\/uploads\/2021\/06\/d6a2b36a8349b8c5928a.jpeg","type":"image\/jpeg"}],"author":"Radio Ljubu\u0161ki","twitter_card":"summary_large_image","twitter_creator":"@radioljubuski","twitter_site":"@radioljubuski","twitter_misc":{"Napisao\/la":"Radio Ljubu\u0161ki","Procijenjeno vrijeme \u010ditanja":"2 minute"},"schema":{"@context":"https:\/\/schema.org","@graph":[{"@type":"Article","@id":"https:\/\/radioljubuski.ba\/index.php\/2021\/06\/14\/sdp-jednoglasno-prihvatio-programsku-suradnju-s-mozemo\/#article","isPartOf":{"@id":"https:\/\/radioljubuski.ba\/index.php\/2021\/06\/14\/sdp-jednoglasno-prihvatio-programsku-suradnju-s-mozemo\/"},"author":{"name":"Radio Ljubu\u0161ki","@id":"https:\/\/radioljubuski.ba\/#\/schema\/person\/19fc700381a780f69665d7956c469e3b"},"headline":"SDP jednoglasno prihvatio programsku suradnju s Mo\u017eemo!","datePublished":"2021-06-14T22:31:51+00:00","dateModified":"2021-06-14T22:31:52+00:00","mainEntityOfPage":{"@id":"https:\/\/radioljubuski.ba\/index.php\/2021\/06\/14\/sdp-jednoglasno-prihvatio-programsku-suradnju-s-mozemo\/"},"wordCount":376,"publisher":{"@id":"https:\/\/radioljubuski.ba\/#organization"},"image":{"@id":"https:\/\/radioljubuski.ba\/index.php\/2021\/06\/14\/sdp-jednoglasno-prihvatio-programsku-suradnju-s-mozemo\/#primaryimage"},"thumbnailUrl":"https:\/\/radioljubuski.ba\/wp-content\/uploads\/2021\/06\/d6a2b36a8349b8c5928a.jpeg","articleSection":["BIH i regija"],"inLanguage":"hr"},{"@type":"WebPage","@id":"https:\/\/radioljubuski.ba\/index.php\/2021\/06\/14\/sdp-jednoglasno-prihvatio-programsku-suradnju-s-mozemo\/","url":"https:\/\/radioljubuski.ba\/index.php\/2021\/06\/14\/sdp-jednoglasno-prihvatio-programsku-suradnju-s-mozemo\/","name":"SDP jednoglasno prihvatio programsku suradnju s Mo\u017eemo! - RADIO LJUBU\u0160KI","isPartOf":{"@id":"https:\/\/radioljubuski.ba\/#website"},"primaryImageOfPage":{"@id":"https:\/\/radioljubuski.ba\/index.php\/2021\/06\/14\/sdp-jednoglasno-prihvatio-programsku-suradnju-s-mozemo\/#primaryimage"},"image":{"@id":"https:\/\/radioljubuski.ba\/index.php\/2021\/06\/14\/sdp-jednoglasno-prihvatio-programsku-suradnju-s-mozemo\/#primaryimage"},"thumbnailUrl":"https:\/\/radioljubuski.ba\/wp-content\/uploads\/2021\/06\/d6a2b36a8349b8c5928a.jpeg","datePublished":"2021-06-14T22:31:51+00:00","dateModified":"2021-06-14T22:31:52+00:00","breadcrumb":{"@id":"https:\/\/radioljubuski.ba\/index.php\/2021\/06\/14\/sdp-jednoglasno-prihvatio-programsku-suradnju-s-mozemo\/#breadcrumb"},"inLanguage":"hr","potentialAction":[{"@type":"ReadAction","target":["https:\/\/radioljubuski.ba\/index.php\/2021\/06\/14\/sdp-jednoglasno-prihvatio-programsku-suradnju-s-mozemo\/"]}]},{"@type":"ImageObject","inLanguage":"hr","@id":"https:\/\/radioljubuski.ba\/index.php\/2021\/06\/14\/sdp-jednoglasno-prihvatio-programsku-suradnju-s-mozemo\/#primaryimage","url":"https:\/\/radioljubuski.ba\/wp-content\/uploads\/2021\/06\/d6a2b36a8349b8c5928a.jpeg","contentUrl":"https:\/\/radioljubuski.ba\/wp-content\/uploads\/2021\/06\/d6a2b36a8349b8c5928a.jpeg","width":1280,"height":857},{"@type":"BreadcrumbList","@id":"https:\/\/radioljubuski.ba\/index.php\/2021\/06\/14\/sdp-jednoglasno-prihvatio-programsku-suradnju-s-mozemo\/#breadcrumb","itemListElement":[{"@type":"ListItem","position":1,"name":"Po\u010detna stranica","item":"https:\/\/radioljubuski.ba\/"},{"@type":"ListItem","position":2,"name":"SDP jednoglasno prihvatio programsku suradnju s Mo\u017eemo!"}]},{"@type":"WebSite","@id":"https:\/\/radioljubuski.ba\/#website","url":"https:\/\/radioljubuski.ba\/","name":"Radio Ljubu\u0161ki","description":"Sun\u010dana frekvencija Hercegovine","publisher":{"@id":"https:\/\/radioljubuski.ba\/#organization"},"potentialAction":[{"@type":"SearchAction","target":{"@type":"EntryPoint","urlTemplate":"https:\/\/radioljubuski.ba\/?s={search_term_string}"},"query-input":{"@type":"PropertyValueSpecification","valueRequired":true,"valueName":"search_term_string"}}],"inLanguage":"hr"},{"@type":"Organization","@id":"https:\/\/radioljubuski.ba\/#organization","name":"Radio Ljubu\u0161ki","url":"https:\/\/radioljubuski.ba\/","logo":{"@type":"ImageObject","inLanguage":"hr","@id":"https:\/\/radioljubuski.ba\/#\/schema\/logo\/image\/","url":"https:\/\/radioljubuski.ba\/wp-content\/uploads\/2021\/02\/cropped-Radio_Ljubuski_logo1.jpg","contentUrl":"https:\/\/radioljubuski.ba\/wp-content\/uploads\/2021\/02\/cropped-Radio_Ljubuski_logo1.jpg","width":512,"height":512,"caption":"Radio Ljubu\u0161ki"},"image":{"@id":"https:\/\/radioljubuski.ba\/#\/schema\/logo\/image\/"},"sameAs":["https:\/\/www.facebook.com\/Radiio-Ljubuski-1490835324566332","https:\/\/x.com\/radioljubuski","https:\/\/hr.linkedin.com\/company\/radio-ljubuski","https:\/\/www.youtube.com\/channel\/UCHYaeO_n0Db3tjNGudGpXyw"]},{"@type":"Person","@id":"https:\/\/radioljubuski.ba\/#\/schema\/person\/19fc700381a780f69665d7956c469e3b","name":"Radio Ljubu\u0161ki"}]}},"_links":{"self":[{"href":"https:\/\/radioljubuski.ba\/index.php\/wp-json\/wp\/v2\/posts\/32564","targetHints":{"allow":["GET"]}}],"collection":[{"href":"https:\/\/radioljubuski.ba\/index.php\/wp-json\/wp\/v2\/posts"}],"about":[{"href":"https:\/\/radioljubuski.ba\/index.php\/wp-json\/wp\/v2\/types\/post"}],"author":[{"embeddable":true,"href":"https:\/\/radioljubuski.ba\/index.php\/wp-json\/wp\/v2\/users\/2"}],"replies":[{"embeddable":true,"href":"https:\/\/radioljubuski.ba\/index.php\/wp-json\/wp\/v2\/comments?post=32564"}],"version-history":[{"count":1,"href":"https:\/\/radioljubuski.ba\/index.php\/wp-json\/wp\/v2\/posts\/32564\/revisions"}],"predecessor-version":[{"id":32566,"href":"https:\/\/radioljubuski.ba\/index.php\/wp-json\/wp\/v2\/posts\/32564\/revisions\/32566"}],"wp:featuredmedia":[{"embeddable":true,"href":"https:\/\/radioljubuski.ba\/index.php\/wp-json\/wp\/v2\/media\/32565"}],"wp:attachment":[{"href":"https:\/\/radioljubuski.ba\/index.php\/wp-json\/wp\/v2\/media?parent=32564"}],"wp:term":[{"taxonomy":"category","embeddable":true,"href":"https:\/\/radioljubuski.ba\/index.php\/wp-json\/wp\/v2\/categories?post=32564"},{"taxonomy":"post_tag","embeddable":true,"href":"https:\/\/radioljubuski.ba\/index.php\/wp-json\/wp\/v2\/tags?post=32564"}],"curies":[{"name":"wp","href":"https:\/\/api.w.org\/{rel}","templated":true}]}}