{"id":32567,"date":"2021-06-14T23:34:24","date_gmt":"2021-06-14T22:34:24","guid":{"rendered":"https:\/\/radioljubuski.ba\/?p=32567"},"modified":"2021-06-14T23:34:26","modified_gmt":"2021-06-14T22:34:26","slug":"grlic-radman-o-milanovicu-glorificiranje-njegovih-velikih-zasluga-uopce-nije-tocno","status":"publish","type":"post","link":"https:\/\/radioljubuski.ba\/index.php\/2021\/06\/14\/grlic-radman-o-milanovicu-glorificiranje-njegovih-velikih-zasluga-uopce-nije-tocno\/","title":{"rendered":"Grli\u0107 Radman o Milanovi\u0107u: Glorificiranje njegovih velikih zasluga uop\u0107e nije to\u010dno"},"content":{"rendered":"\n<p><strong>Poslijepodne se sastalo Predsjedni\u0161tvo i Nacionalno vije\u0107e HDZ-a. Prije toga, izjavu vezanu za summit NATO-a novinarima je dao ministar vanjskih poslova Gordan Grli\u0107 Radman.&nbsp;<\/strong><\/p>\n\n\n\n<p><a href=\"https:\/\/vijesti.hrt.hr\/hrvatska\/kovacevic-stoltenberg-zvao-milanovica-zbog-bih-postignut-kompromis-2083001\"><br><\/a><\/p>\n\n\n\n<p>\u0160ef diplomacije nije oti\u0161ao u Bruxelles na summit. U pozadini je \u017eestoki sukob predsjednika s premijerom i Vladom, a najnovije informacije u sredi\u0161njem Dnevniku HTV-a javio je novinar<strong>\u00a0\u0160ime Vi\u010devi\u0107.<\/strong><br><br>&#8211; Ministar Grli\u0107 Radman prije svega isti\u010de da glorifikacija zasluga predsjednika Milanovi\u0107a za uklju\u010denje spornih pitanja u zavr\u0161nu deklaraciju nije to\u010dna. Ka\u017ee da Vlada po ovim pitanjima radi nekoliko godina i da je osim toga jo\u0161 u svibnju pri Ministarstvu vanjskih poslova bila osnovana radna skupina u koju je bio uklju\u010den i predsjednikov savjetnik, rekao je\u00a0Vi\u010devi\u0107.<\/p>\n\n\n\n<div style=\"width: 640px;\" class=\"wp-video\"><video class=\"wp-video-shortcode\" id=\"video-32567-1\" width=\"640\" height=\"360\" preload=\"metadata\" controls=\"controls\"><source type=\"video\/mp4\" src=\"https:\/\/api.hrt.hr\/media\/a0\/75\/tvd2-duplex-hdz-20210614172025.mp4?_=1\" \/><a href=\"https:\/\/api.hrt.hr\/media\/a0\/75\/tvd2-duplex-hdz-20210614172025.mp4\">https:\/\/api.hrt.hr\/media\/a0\/75\/tvd2-duplex-hdz-20210614172025.mp4<\/a><\/video><\/div>\n\n\n\n<p>&#8211; \u010culi smo tijekom dana predsjednik&nbsp;<strong>Zoran Milanovi\u0107<\/strong>&nbsp;istaknuo je da je problem s glavnim tajnikom NATO-a rije\u0161io u svega u pola minute telefonskog razgovora, no s druge strane ministar Grli\u0107 Radman tvrdi da kronologija doga\u0111anja takvu predsjednikovu izjavu demantira. Ka\u017ee da je uklju\u010denje pitanja izbornog zakona ve\u0107 bilo rije\u0161eno, kada govorimo o ovoj deklaraciji 11. lipnja, a ju\u010der i pitanje Daytonskog sporazuma. Nekoliko je puta ministar Grli\u0107 Radman u svojoj izjavi za medije naglasio da je Zoran Milanovi\u0107 u Bruxelles oti\u0161ao osna\u017een i to prije svega zbog nedavne odluke Vlade o nabavi vi\u0161enamjenskih borbenih aviona, \u0161to je prema tuma\u010denju ministra osna\u017eilo polo\u017eaj Hrvatske me\u0111u \u010dlanicama NATO-a, dodao je.<br><br>&#8211; Ka\u017ee da osobno u Bruxelles nije oti\u0161ao zbog po\u0161tivanja epidemiolo\u0161kih mjera, a navodi da bi njegov odlazak ondje bio riskantan zbog nepredvidivih izjava predsjednika Milanovi\u0107a, izvijestio je Vi\u010devi\u0107 u Dnevniku.<\/p>\n\n\n\n<p>&#8211; Gospodin predsjednik Milanovi\u0107 jako dobro zna kako je ulo\u017een taj napor i mislim da ovo glorificiranje njegovih velikih zasluga uop\u0107e nije to\u010dno. Kronologija doga\u0111anja, dakle \u010dinjeni\u010dno stanje, upravo demantira njegovu izjavu da je on to navodno rije\u0161io u par minuta s glavnim tajnikom, rekao je Grli\u0107 Radman.<\/p>\n\n\n\n<div style=\"width: 640px;\" class=\"wp-video\"><video class=\"wp-video-shortcode\" id=\"video-32567-2\" width=\"640\" height=\"360\" preload=\"metadata\" controls=\"controls\"><source type=\"video\/mp4\" src=\"https:\/\/api.hrt.hr\/media\/41\/18\/tvd-140621-tonhdz-20210614155715.mp4?_=2\" \/><a href=\"https:\/\/api.hrt.hr\/media\/41\/18\/tvd-140621-tonhdz-20210614155715.mp4\">https:\/\/api.hrt.hr\/media\/41\/18\/tvd-140621-tonhdz-20210614155715.mp4<\/a><\/video><\/div>\n\n\n\n<p>Izvor:hrt.hr<\/p>\n","protected":false},"excerpt":{"rendered":"<p>Poslijepodne se sastalo Predsjedni\u0161tvo i Nacionalno vije\u0107e HDZ-a. Prije toga, izjavu vezanu za summit NATO-a novinarima je dao ministar vanjskih poslova Gordan Grli\u0107 Radman.&nbsp; \u0160ef diplomacije nije oti\u0161ao u Bruxelles na summit. U pozadini je \u017eestoki sukob predsjednika s premijerom i Vladom, a najnovije informacije u sredi\u0161njem Dnevniku HTV-a javio je novinar\u00a0\u0160ime Vi\u010devi\u0107. &#8211; Ministar [&hellip;]<\/p>\n","protected":false},"author":2,"featured_media":32568,"comment_status":"closed","ping_status":"closed","sticky":false,"template":"","format":"standard","meta":{"h5ap_radio_sources":[],"footnotes":""},"categories":[1],"tags":[],"class_list":["post-32567","post","type-post","status-publish","format-standard","has-post-thumbnail","hentry","category-bihiregija"],"yoast_head":"<!-- This site is optimized with the Yoast SEO plugin v27.5 - https:\/\/yoast.com\/product\/yoast-seo-wordpress\/ -->\n<title>Grli\u0107 Radman o Milanovi\u0107u: Glorificiranje njegovih velikih zasluga uop\u0107e nije to\u010dno - RADIO LJUBU\u0160KI<\/title>\n<meta name=\"robots\" content=\"index, follow, max-snippet:-1, max-image-preview:large, max-video-preview:-1\" \/>\n<link rel=\"canonical\" href=\"https:\/\/radioljubuski.ba\/index.php\/2021\/06\/14\/grlic-radman-o-milanovicu-glorificiranje-njegovih-velikih-zasluga-uopce-nije-tocno\/\" \/>\n<meta property=\"og:locale\" content=\"hr_HR\" \/>\n<meta property=\"og:type\" content=\"article\" \/>\n<meta property=\"og:title\" content=\"Grli\u0107 Radman o Milanovi\u0107u: Glorificiranje njegovih velikih zasluga uop\u0107e nije to\u010dno - RADIO LJUBU\u0160KI\" \/>\n<meta property=\"og:description\" content=\"Poslijepodne se sastalo Predsjedni\u0161tvo i Nacionalno vije\u0107e HDZ-a. Prije toga, izjavu vezanu za summit NATO-a novinarima je dao ministar vanjskih poslova Gordan Grli\u0107 Radman.&nbsp; \u0160ef diplomacije nije oti\u0161ao u Bruxelles na summit. U pozadini je \u017eestoki sukob predsjednika s premijerom i Vladom, a najnovije informacije u sredi\u0161njem Dnevniku HTV-a javio je novinar\u00a0\u0160ime Vi\u010devi\u0107. &#8211; Ministar [&hellip;]\" \/>\n<meta property=\"og:url\" content=\"https:\/\/radioljubuski.ba\/index.php\/2021\/06\/14\/grlic-radman-o-milanovicu-glorificiranje-njegovih-velikih-zasluga-uopce-nije-tocno\/\" \/>\n<meta property=\"og:site_name\" content=\"RADIO LJUBU\u0160KI\" \/>\n<meta property=\"article:publisher\" content=\"https:\/\/www.facebook.com\/Radiio-Ljubuski-1490835324566332\" \/>\n<meta property=\"article:published_time\" content=\"2021-06-14T22:34:24+00:00\" \/>\n<meta property=\"article:modified_time\" content=\"2021-06-14T22:34:26+00:00\" \/>\n<meta property=\"og:image\" content=\"https:\/\/radioljubuski.ba\/wp-content\/uploads\/2021\/06\/gordan-grlic-radman-146.jpg\" \/>\n\t<meta property=\"og:image:width\" content=\"1920\" \/>\n\t<meta property=\"og:image:height\" content=\"1080\" \/>\n\t<meta property=\"og:image:type\" content=\"image\/jpeg\" \/>\n<meta name=\"author\" content=\"Radio Ljubu\u0161ki\" \/>\n<meta name=\"twitter:card\" content=\"summary_large_image\" \/>\n<meta name=\"twitter:creator\" content=\"@radioljubuski\" \/>\n<meta name=\"twitter:site\" content=\"@radioljubuski\" \/>\n<meta name=\"twitter:label1\" content=\"Napisao\/la\" \/>\n\t<meta name=\"twitter:data1\" content=\"Radio Ljubu\u0161ki\" \/>\n\t<meta name=\"twitter:label2\" content=\"Procijenjeno vrijeme \u010ditanja\" \/>\n\t<meta name=\"twitter:data2\" content=\"2 minute\" \/>\n<script type=\"application\/ld+json\" class=\"yoast-schema-graph\">{\"@context\":\"https:\\\/\\\/schema.org\",\"@graph\":[{\"@type\":\"Article\",\"@id\":\"https:\\\/\\\/radioljubuski.ba\\\/index.php\\\/2021\\\/06\\\/14\\\/grlic-radman-o-milanovicu-glorificiranje-njegovih-velikih-zasluga-uopce-nije-tocno\\\/#article\",\"isPartOf\":{\"@id\":\"https:\\\/\\\/radioljubuski.ba\\\/index.php\\\/2021\\\/06\\\/14\\\/grlic-radman-o-milanovicu-glorificiranje-njegovih-velikih-zasluga-uopce-nije-tocno\\\/\"},\"author\":{\"name\":\"Radio Ljubu\u0161ki\",\"@id\":\"https:\\\/\\\/radioljubuski.ba\\\/#\\\/schema\\\/person\\\/19fc700381a780f69665d7956c469e3b\"},\"headline\":\"Grli\u0107 Radman o Milanovi\u0107u: Glorificiranje njegovih velikih zasluga uop\u0107e nije to\u010dno\",\"datePublished\":\"2021-06-14T22:34:24+00:00\",\"dateModified\":\"2021-06-14T22:34:26+00:00\",\"mainEntityOfPage\":{\"@id\":\"https:\\\/\\\/radioljubuski.ba\\\/index.php\\\/2021\\\/06\\\/14\\\/grlic-radman-o-milanovicu-glorificiranje-njegovih-velikih-zasluga-uopce-nije-tocno\\\/\"},\"wordCount\":373,\"publisher\":{\"@id\":\"https:\\\/\\\/radioljubuski.ba\\\/#organization\"},\"image\":{\"@id\":\"https:\\\/\\\/radioljubuski.ba\\\/index.php\\\/2021\\\/06\\\/14\\\/grlic-radman-o-milanovicu-glorificiranje-njegovih-velikih-zasluga-uopce-nije-tocno\\\/#primaryimage\"},\"thumbnailUrl\":\"https:\\\/\\\/radioljubuski.ba\\\/wp-content\\\/uploads\\\/2021\\\/06\\\/gordan-grlic-radman-146.jpg\",\"articleSection\":[\"BIH i regija\"],\"inLanguage\":\"hr\"},{\"@type\":\"WebPage\",\"@id\":\"https:\\\/\\\/radioljubuski.ba\\\/index.php\\\/2021\\\/06\\\/14\\\/grlic-radman-o-milanovicu-glorificiranje-njegovih-velikih-zasluga-uopce-nije-tocno\\\/\",\"url\":\"https:\\\/\\\/radioljubuski.ba\\\/index.php\\\/2021\\\/06\\\/14\\\/grlic-radman-o-milanovicu-glorificiranje-njegovih-velikih-zasluga-uopce-nije-tocno\\\/\",\"name\":\"Grli\u0107 Radman o Milanovi\u0107u: Glorificiranje njegovih velikih zasluga uop\u0107e nije to\u010dno - RADIO LJUBU\u0160KI\",\"isPartOf\":{\"@id\":\"https:\\\/\\\/radioljubuski.ba\\\/#website\"},\"primaryImageOfPage\":{\"@id\":\"https:\\\/\\\/radioljubuski.ba\\\/index.php\\\/2021\\\/06\\\/14\\\/grlic-radman-o-milanovicu-glorificiranje-njegovih-velikih-zasluga-uopce-nije-tocno\\\/#primaryimage\"},\"image\":{\"@id\":\"https:\\\/\\\/radioljubuski.ba\\\/index.php\\\/2021\\\/06\\\/14\\\/grlic-radman-o-milanovicu-glorificiranje-njegovih-velikih-zasluga-uopce-nije-tocno\\\/#primaryimage\"},\"thumbnailUrl\":\"https:\\\/\\\/radioljubuski.ba\\\/wp-content\\\/uploads\\\/2021\\\/06\\\/gordan-grlic-radman-146.jpg\",\"datePublished\":\"2021-06-14T22:34:24+00:00\",\"dateModified\":\"2021-06-14T22:34:26+00:00\",\"breadcrumb\":{\"@id\":\"https:\\\/\\\/radioljubuski.ba\\\/index.php\\\/2021\\\/06\\\/14\\\/grlic-radman-o-milanovicu-glorificiranje-njegovih-velikih-zasluga-uopce-nije-tocno\\\/#breadcrumb\"},\"inLanguage\":\"hr\",\"potentialAction\":[{\"@type\":\"ReadAction\",\"target\":[\"https:\\\/\\\/radioljubuski.ba\\\/index.php\\\/2021\\\/06\\\/14\\\/grlic-radman-o-milanovicu-glorificiranje-njegovih-velikih-zasluga-uopce-nije-tocno\\\/\"]}]},{\"@type\":\"ImageObject\",\"inLanguage\":\"hr\",\"@id\":\"https:\\\/\\\/radioljubuski.ba\\\/index.php\\\/2021\\\/06\\\/14\\\/grlic-radman-o-milanovicu-glorificiranje-njegovih-velikih-zasluga-uopce-nije-tocno\\\/#primaryimage\",\"url\":\"https:\\\/\\\/radioljubuski.ba\\\/wp-content\\\/uploads\\\/2021\\\/06\\\/gordan-grlic-radman-146.jpg\",\"contentUrl\":\"https:\\\/\\\/radioljubuski.ba\\\/wp-content\\\/uploads\\\/2021\\\/06\\\/gordan-grlic-radman-146.jpg\",\"width\":1920,\"height\":1080},{\"@type\":\"BreadcrumbList\",\"@id\":\"https:\\\/\\\/radioljubuski.ba\\\/index.php\\\/2021\\\/06\\\/14\\\/grlic-radman-o-milanovicu-glorificiranje-njegovih-velikih-zasluga-uopce-nije-tocno\\\/#breadcrumb\",\"itemListElement\":[{\"@type\":\"ListItem\",\"position\":1,\"name\":\"Po\u010detna stranica\",\"item\":\"https:\\\/\\\/radioljubuski.ba\\\/\"},{\"@type\":\"ListItem\",\"position\":2,\"name\":\"Grli\u0107 Radman o Milanovi\u0107u: Glorificiranje njegovih velikih zasluga uop\u0107e nije to\u010dno\"}]},{\"@type\":\"WebSite\",\"@id\":\"https:\\\/\\\/radioljubuski.ba\\\/#website\",\"url\":\"https:\\\/\\\/radioljubuski.ba\\\/\",\"name\":\"Radio Ljubu\u0161ki\",\"description\":\"Sun\u010dana frekvencija Hercegovine\",\"publisher\":{\"@id\":\"https:\\\/\\\/radioljubuski.ba\\\/#organization\"},\"potentialAction\":[{\"@type\":\"SearchAction\",\"target\":{\"@type\":\"EntryPoint\",\"urlTemplate\":\"https:\\\/\\\/radioljubuski.ba\\\/?s={search_term_string}\"},\"query-input\":{\"@type\":\"PropertyValueSpecification\",\"valueRequired\":true,\"valueName\":\"search_term_string\"}}],\"inLanguage\":\"hr\"},{\"@type\":\"Organization\",\"@id\":\"https:\\\/\\\/radioljubuski.ba\\\/#organization\",\"name\":\"Radio Ljubu\u0161ki\",\"url\":\"https:\\\/\\\/radioljubuski.ba\\\/\",\"logo\":{\"@type\":\"ImageObject\",\"inLanguage\":\"hr\",\"@id\":\"https:\\\/\\\/radioljubuski.ba\\\/#\\\/schema\\\/logo\\\/image\\\/\",\"url\":\"https:\\\/\\\/radioljubuski.ba\\\/wp-content\\\/uploads\\\/2021\\\/02\\\/cropped-Radio_Ljubuski_logo1.jpg\",\"contentUrl\":\"https:\\\/\\\/radioljubuski.ba\\\/wp-content\\\/uploads\\\/2021\\\/02\\\/cropped-Radio_Ljubuski_logo1.jpg\",\"width\":512,\"height\":512,\"caption\":\"Radio Ljubu\u0161ki\"},\"image\":{\"@id\":\"https:\\\/\\\/radioljubuski.ba\\\/#\\\/schema\\\/logo\\\/image\\\/\"},\"sameAs\":[\"https:\\\/\\\/www.facebook.com\\\/Radiio-Ljubuski-1490835324566332\",\"https:\\\/\\\/x.com\\\/radioljubuski\",\"https:\\\/\\\/hr.linkedin.com\\\/company\\\/radio-ljubuski\",\"https:\\\/\\\/www.youtube.com\\\/channel\\\/UCHYaeO_n0Db3tjNGudGpXyw\"]},{\"@type\":\"Person\",\"@id\":\"https:\\\/\\\/radioljubuski.ba\\\/#\\\/schema\\\/person\\\/19fc700381a780f69665d7956c469e3b\",\"name\":\"Radio Ljubu\u0161ki\"}]}<\/script>\n<!-- \/ Yoast SEO plugin. -->","yoast_head_json":{"title":"Grli\u0107 Radman o Milanovi\u0107u: Glorificiranje njegovih velikih zasluga uop\u0107e nije to\u010dno - RADIO LJUBU\u0160KI","robots":{"index":"index","follow":"follow","max-snippet":"max-snippet:-1","max-image-preview":"max-image-preview:large","max-video-preview":"max-video-preview:-1"},"canonical":"https:\/\/radioljubuski.ba\/index.php\/2021\/06\/14\/grlic-radman-o-milanovicu-glorificiranje-njegovih-velikih-zasluga-uopce-nije-tocno\/","og_locale":"hr_HR","og_type":"article","og_title":"Grli\u0107 Radman o Milanovi\u0107u: Glorificiranje njegovih velikih zasluga uop\u0107e nije to\u010dno - RADIO LJUBU\u0160KI","og_description":"Poslijepodne se sastalo Predsjedni\u0161tvo i Nacionalno vije\u0107e HDZ-a. Prije toga, izjavu vezanu za summit NATO-a novinarima je dao ministar vanjskih poslova Gordan Grli\u0107 Radman.&nbsp; \u0160ef diplomacije nije oti\u0161ao u Bruxelles na summit. U pozadini je \u017eestoki sukob predsjednika s premijerom i Vladom, a najnovije informacije u sredi\u0161njem Dnevniku HTV-a javio je novinar\u00a0\u0160ime Vi\u010devi\u0107. &#8211; Ministar [&hellip;]","og_url":"https:\/\/radioljubuski.ba\/index.php\/2021\/06\/14\/grlic-radman-o-milanovicu-glorificiranje-njegovih-velikih-zasluga-uopce-nije-tocno\/","og_site_name":"RADIO LJUBU\u0160KI","article_publisher":"https:\/\/www.facebook.com\/Radiio-Ljubuski-1490835324566332","article_published_time":"2021-06-14T22:34:24+00:00","article_modified_time":"2021-06-14T22:34:26+00:00","og_image":[{"width":1920,"height":1080,"url":"https:\/\/radioljubuski.ba\/wp-content\/uploads\/2021\/06\/gordan-grlic-radman-146.jpg","type":"image\/jpeg"}],"author":"Radio Ljubu\u0161ki","twitter_card":"summary_large_image","twitter_creator":"@radioljubuski","twitter_site":"@radioljubuski","twitter_misc":{"Napisao\/la":"Radio Ljubu\u0161ki","Procijenjeno vrijeme \u010ditanja":"2 minute"},"schema":{"@context":"https:\/\/schema.org","@graph":[{"@type":"Article","@id":"https:\/\/radioljubuski.ba\/index.php\/2021\/06\/14\/grlic-radman-o-milanovicu-glorificiranje-njegovih-velikih-zasluga-uopce-nije-tocno\/#article","isPartOf":{"@id":"https:\/\/radioljubuski.ba\/index.php\/2021\/06\/14\/grlic-radman-o-milanovicu-glorificiranje-njegovih-velikih-zasluga-uopce-nije-tocno\/"},"author":{"name":"Radio Ljubu\u0161ki","@id":"https:\/\/radioljubuski.ba\/#\/schema\/person\/19fc700381a780f69665d7956c469e3b"},"headline":"Grli\u0107 Radman o Milanovi\u0107u: Glorificiranje njegovih velikih zasluga uop\u0107e nije to\u010dno","datePublished":"2021-06-14T22:34:24+00:00","dateModified":"2021-06-14T22:34:26+00:00","mainEntityOfPage":{"@id":"https:\/\/radioljubuski.ba\/index.php\/2021\/06\/14\/grlic-radman-o-milanovicu-glorificiranje-njegovih-velikih-zasluga-uopce-nije-tocno\/"},"wordCount":373,"publisher":{"@id":"https:\/\/radioljubuski.ba\/#organization"},"image":{"@id":"https:\/\/radioljubuski.ba\/index.php\/2021\/06\/14\/grlic-radman-o-milanovicu-glorificiranje-njegovih-velikih-zasluga-uopce-nije-tocno\/#primaryimage"},"thumbnailUrl":"https:\/\/radioljubuski.ba\/wp-content\/uploads\/2021\/06\/gordan-grlic-radman-146.jpg","articleSection":["BIH i regija"],"inLanguage":"hr"},{"@type":"WebPage","@id":"https:\/\/radioljubuski.ba\/index.php\/2021\/06\/14\/grlic-radman-o-milanovicu-glorificiranje-njegovih-velikih-zasluga-uopce-nije-tocno\/","url":"https:\/\/radioljubuski.ba\/index.php\/2021\/06\/14\/grlic-radman-o-milanovicu-glorificiranje-njegovih-velikih-zasluga-uopce-nije-tocno\/","name":"Grli\u0107 Radman o Milanovi\u0107u: Glorificiranje njegovih velikih zasluga uop\u0107e nije to\u010dno - RADIO LJUBU\u0160KI","isPartOf":{"@id":"https:\/\/radioljubuski.ba\/#website"},"primaryImageOfPage":{"@id":"https:\/\/radioljubuski.ba\/index.php\/2021\/06\/14\/grlic-radman-o-milanovicu-glorificiranje-njegovih-velikih-zasluga-uopce-nije-tocno\/#primaryimage"},"image":{"@id":"https:\/\/radioljubuski.ba\/index.php\/2021\/06\/14\/grlic-radman-o-milanovicu-glorificiranje-njegovih-velikih-zasluga-uopce-nije-tocno\/#primaryimage"},"thumbnailUrl":"https:\/\/radioljubuski.ba\/wp-content\/uploads\/2021\/06\/gordan-grlic-radman-146.jpg","datePublished":"2021-06-14T22:34:24+00:00","dateModified":"2021-06-14T22:34:26+00:00","breadcrumb":{"@id":"https:\/\/radioljubuski.ba\/index.php\/2021\/06\/14\/grlic-radman-o-milanovicu-glorificiranje-njegovih-velikih-zasluga-uopce-nije-tocno\/#breadcrumb"},"inLanguage":"hr","potentialAction":[{"@type":"ReadAction","target":["https:\/\/radioljubuski.ba\/index.php\/2021\/06\/14\/grlic-radman-o-milanovicu-glorificiranje-njegovih-velikih-zasluga-uopce-nije-tocno\/"]}]},{"@type":"ImageObject","inLanguage":"hr","@id":"https:\/\/radioljubuski.ba\/index.php\/2021\/06\/14\/grlic-radman-o-milanovicu-glorificiranje-njegovih-velikih-zasluga-uopce-nije-tocno\/#primaryimage","url":"https:\/\/radioljubuski.ba\/wp-content\/uploads\/2021\/06\/gordan-grlic-radman-146.jpg","contentUrl":"https:\/\/radioljubuski.ba\/wp-content\/uploads\/2021\/06\/gordan-grlic-radman-146.jpg","width":1920,"height":1080},{"@type":"BreadcrumbList","@id":"https:\/\/radioljubuski.ba\/index.php\/2021\/06\/14\/grlic-radman-o-milanovicu-glorificiranje-njegovih-velikih-zasluga-uopce-nije-tocno\/#breadcrumb","itemListElement":[{"@type":"ListItem","position":1,"name":"Po\u010detna stranica","item":"https:\/\/radioljubuski.ba\/"},{"@type":"ListItem","position":2,"name":"Grli\u0107 Radman o Milanovi\u0107u: Glorificiranje njegovih velikih zasluga uop\u0107e nije to\u010dno"}]},{"@type":"WebSite","@id":"https:\/\/radioljubuski.ba\/#website","url":"https:\/\/radioljubuski.ba\/","name":"Radio Ljubu\u0161ki","description":"Sun\u010dana frekvencija Hercegovine","publisher":{"@id":"https:\/\/radioljubuski.ba\/#organization"},"potentialAction":[{"@type":"SearchAction","target":{"@type":"EntryPoint","urlTemplate":"https:\/\/radioljubuski.ba\/?s={search_term_string}"},"query-input":{"@type":"PropertyValueSpecification","valueRequired":true,"valueName":"search_term_string"}}],"inLanguage":"hr"},{"@type":"Organization","@id":"https:\/\/radioljubuski.ba\/#organization","name":"Radio Ljubu\u0161ki","url":"https:\/\/radioljubuski.ba\/","logo":{"@type":"ImageObject","inLanguage":"hr","@id":"https:\/\/radioljubuski.ba\/#\/schema\/logo\/image\/","url":"https:\/\/radioljubuski.ba\/wp-content\/uploads\/2021\/02\/cropped-Radio_Ljubuski_logo1.jpg","contentUrl":"https:\/\/radioljubuski.ba\/wp-content\/uploads\/2021\/02\/cropped-Radio_Ljubuski_logo1.jpg","width":512,"height":512,"caption":"Radio Ljubu\u0161ki"},"image":{"@id":"https:\/\/radioljubuski.ba\/#\/schema\/logo\/image\/"},"sameAs":["https:\/\/www.facebook.com\/Radiio-Ljubuski-1490835324566332","https:\/\/x.com\/radioljubuski","https:\/\/hr.linkedin.com\/company\/radio-ljubuski","https:\/\/www.youtube.com\/channel\/UCHYaeO_n0Db3tjNGudGpXyw"]},{"@type":"Person","@id":"https:\/\/radioljubuski.ba\/#\/schema\/person\/19fc700381a780f69665d7956c469e3b","name":"Radio Ljubu\u0161ki"}]}},"_links":{"self":[{"href":"https:\/\/radioljubuski.ba\/index.php\/wp-json\/wp\/v2\/posts\/32567","targetHints":{"allow":["GET"]}}],"collection":[{"href":"https:\/\/radioljubuski.ba\/index.php\/wp-json\/wp\/v2\/posts"}],"about":[{"href":"https:\/\/radioljubuski.ba\/index.php\/wp-json\/wp\/v2\/types\/post"}],"author":[{"embeddable":true,"href":"https:\/\/radioljubuski.ba\/index.php\/wp-json\/wp\/v2\/users\/2"}],"replies":[{"embeddable":true,"href":"https:\/\/radioljubuski.ba\/index.php\/wp-json\/wp\/v2\/comments?post=32567"}],"version-history":[{"count":1,"href":"https:\/\/radioljubuski.ba\/index.php\/wp-json\/wp\/v2\/posts\/32567\/revisions"}],"predecessor-version":[{"id":32569,"href":"https:\/\/radioljubuski.ba\/index.php\/wp-json\/wp\/v2\/posts\/32567\/revisions\/32569"}],"wp:featuredmedia":[{"embeddable":true,"href":"https:\/\/radioljubuski.ba\/index.php\/wp-json\/wp\/v2\/media\/32568"}],"wp:attachment":[{"href":"https:\/\/radioljubuski.ba\/index.php\/wp-json\/wp\/v2\/media?parent=32567"}],"wp:term":[{"taxonomy":"category","embeddable":true,"href":"https:\/\/radioljubuski.ba\/index.php\/wp-json\/wp\/v2\/categories?post=32567"},{"taxonomy":"post_tag","embeddable":true,"href":"https:\/\/radioljubuski.ba\/index.php\/wp-json\/wp\/v2\/tags?post=32567"}],"curies":[{"name":"wp","href":"https:\/\/api.w.org\/{rel}","templated":true}]}}