{"id":32572,"date":"2021-06-14T23:56:17","date_gmt":"2021-06-14T22:56:17","guid":{"rendered":"https:\/\/radioljubuski.ba\/?p=32572"},"modified":"2021-06-14T23:56:17","modified_gmt":"2021-06-14T22:56:17","slug":"suspendirane-urednica-i-voditeljica-vijesti-bht1","status":"publish","type":"post","link":"https:\/\/radioljubuski.ba\/index.php\/2021\/06\/14\/suspendirane-urednica-i-voditeljica-vijesti-bht1\/","title":{"rendered":"Suspendirane urednica i voditeljica vijesti BHT1"},"content":{"rendered":"\n<p>&#8220;Generalni direktor BHRT-a Belmin Karamehmedovi\u0107 danas je donio &nbsp;odluku o pokretanju disciplinskog postupka i suspendirao urednicu u informativnom programu BHT1 Gordanu Dragutinovi\u0107 Muti\u0107 i voditeljicu vijesti Zoricu Jorgi\u0107 do okon\u010danja istog.<\/p>\n\n\n\n<p>Napominjemo, razlog pokretanja disciplinskog postupka i suspenzije je plasiranje neprovjerenih podataka u programima koje imaju za posljedicu uznemiravanje javnosti i naru\u0161avanje ugleda i nano\u0161enja \u0161tete BHRT-u. Objavljivanjem informacije o presudi Suda BiH u predmetu Senad D\u017eananovi\u0107 i drugi, u informativnim emisijama BHT1 11. Juna do\u0161lo je do neto\u010dnog i nedopustivog karakteriziranja Armije Bosne i Hercegovine \u201ctakozvanom\u201d.&nbsp;<\/p>\n\n\n\n<p>Ovakav na\u010din ure\u0111ivanja i realiziranja vijesti u IP-u BHT1 smatramo te\u0161kim profesionalnim propustom i ozbiljnim ugro\u017eavanjem interesa BHRT-a.&nbsp;<\/p>\n\n\n\n<p>BHRT-a ne\u0107e tolerirati samovolju pojedinaca koji kr\u0161e ure\u0111iva\u010dke smjernice BHRT-a.&nbsp;<\/p>\n\n\n\n<p>Generalni direktor dao je nalog da se ispita i odgovornost urednice Informativnog programa BHT1 Jelene Radojevi\u0107 Kapor, te \u0107e se o tome javnosti o\u010ditovati narednih dana.&nbsp;<\/p>\n\n\n\n<p>Jo\u0161 jednom najo\u0161trije osu\u0111ujemo prijetnje novinarima BHRT-a na dru\u0161tvenim mre\u017eama, s obzirom na to da je BHRT-a ve\u0107 poduzeo odgovaraju\u0107e korake za utvr\u0111ivanje odgovornosti i sankcioniranje kr\u0161enja ure\u0111iva\u010dkih na\u010dela&#8221;, navodi se u priop\u0107enju.<\/p>\n\n\n\n<p>Izvor:pogled.ba<\/p>\n","protected":false},"excerpt":{"rendered":"<p>&#8220;Generalni direktor BHRT-a Belmin Karamehmedovi\u0107 danas je donio &nbsp;odluku o pokretanju disciplinskog postupka i suspendirao urednicu u informativnom programu BHT1 Gordanu Dragutinovi\u0107 Muti\u0107 i voditeljicu vijesti Zoricu Jorgi\u0107 do okon\u010danja istog. Napominjemo, razlog pokretanja disciplinskog postupka i suspenzije je plasiranje neprovjerenih podataka u programima koje imaju za posljedicu uznemiravanje javnosti i naru\u0161avanje ugleda i nano\u0161enja [&hellip;]<\/p>\n","protected":false},"author":2,"featured_media":32573,"comment_status":"closed","ping_status":"closed","sticky":false,"template":"","format":"standard","meta":{"h5ap_radio_sources":[],"footnotes":""},"categories":[1],"tags":[],"class_list":["post-32572","post","type-post","status-publish","format-standard","has-post-thumbnail","hentry","category-bihiregija"],"yoast_head":"<!-- This site is optimized with the Yoast SEO plugin v27.5 - https:\/\/yoast.com\/product\/yoast-seo-wordpress\/ -->\n<title>Suspendirane urednica i voditeljica vijesti BHT1 - RADIO LJUBU\u0160KI<\/title>\n<meta name=\"robots\" content=\"index, follow, max-snippet:-1, max-image-preview:large, max-video-preview:-1\" \/>\n<link rel=\"canonical\" href=\"https:\/\/radioljubuski.ba\/index.php\/2021\/06\/14\/suspendirane-urednica-i-voditeljica-vijesti-bht1\/\" \/>\n<meta property=\"og:locale\" content=\"hr_HR\" \/>\n<meta property=\"og:type\" content=\"article\" \/>\n<meta property=\"og:title\" content=\"Suspendirane urednica i voditeljica vijesti BHT1 - RADIO LJUBU\u0160KI\" \/>\n<meta property=\"og:description\" content=\"&#8220;Generalni direktor BHRT-a Belmin Karamehmedovi\u0107 danas je donio &nbsp;odluku o pokretanju disciplinskog postupka i suspendirao urednicu u informativnom programu BHT1 Gordanu Dragutinovi\u0107 Muti\u0107 i voditeljicu vijesti Zoricu Jorgi\u0107 do okon\u010danja istog. Napominjemo, razlog pokretanja disciplinskog postupka i suspenzije je plasiranje neprovjerenih podataka u programima koje imaju za posljedicu uznemiravanje javnosti i naru\u0161avanje ugleda i nano\u0161enja [&hellip;]\" \/>\n<meta property=\"og:url\" content=\"https:\/\/radioljubuski.ba\/index.php\/2021\/06\/14\/suspendirane-urednica-i-voditeljica-vijesti-bht1\/\" \/>\n<meta property=\"og:site_name\" content=\"RADIO LJUBU\u0160KI\" \/>\n<meta property=\"article:publisher\" content=\"https:\/\/www.facebook.com\/Radiio-Ljubuski-1490835324566332\" \/>\n<meta property=\"article:published_time\" content=\"2021-06-14T22:56:17+00:00\" \/>\n<meta property=\"og:image\" content=\"https:\/\/radioljubuski.ba\/wp-content\/uploads\/2021\/06\/2-2021-06-14-18-01-06-bhrt.jpg\" \/>\n\t<meta property=\"og:image:width\" content=\"1000\" \/>\n\t<meta property=\"og:image:height\" content=\"625\" \/>\n\t<meta property=\"og:image:type\" content=\"image\/jpeg\" \/>\n<meta name=\"author\" content=\"Radio Ljubu\u0161ki\" \/>\n<meta name=\"twitter:card\" content=\"summary_large_image\" \/>\n<meta name=\"twitter:creator\" content=\"@radioljubuski\" \/>\n<meta name=\"twitter:site\" content=\"@radioljubuski\" \/>\n<meta name=\"twitter:label1\" content=\"Napisao\/la\" \/>\n\t<meta name=\"twitter:data1\" content=\"Radio Ljubu\u0161ki\" \/>\n\t<meta name=\"twitter:label2\" content=\"Procijenjeno vrijeme \u010ditanja\" \/>\n\t<meta name=\"twitter:data2\" content=\"1 minuta\" \/>\n<script type=\"application\/ld+json\" class=\"yoast-schema-graph\">{\"@context\":\"https:\\\/\\\/schema.org\",\"@graph\":[{\"@type\":\"Article\",\"@id\":\"https:\\\/\\\/radioljubuski.ba\\\/index.php\\\/2021\\\/06\\\/14\\\/suspendirane-urednica-i-voditeljica-vijesti-bht1\\\/#article\",\"isPartOf\":{\"@id\":\"https:\\\/\\\/radioljubuski.ba\\\/index.php\\\/2021\\\/06\\\/14\\\/suspendirane-urednica-i-voditeljica-vijesti-bht1\\\/\"},\"author\":{\"name\":\"Radio Ljubu\u0161ki\",\"@id\":\"https:\\\/\\\/radioljubuski.ba\\\/#\\\/schema\\\/person\\\/19fc700381a780f69665d7956c469e3b\"},\"headline\":\"Suspendirane urednica i voditeljica vijesti BHT1\",\"datePublished\":\"2021-06-14T22:56:17+00:00\",\"mainEntityOfPage\":{\"@id\":\"https:\\\/\\\/radioljubuski.ba\\\/index.php\\\/2021\\\/06\\\/14\\\/suspendirane-urednica-i-voditeljica-vijesti-bht1\\\/\"},\"wordCount\":213,\"publisher\":{\"@id\":\"https:\\\/\\\/radioljubuski.ba\\\/#organization\"},\"image\":{\"@id\":\"https:\\\/\\\/radioljubuski.ba\\\/index.php\\\/2021\\\/06\\\/14\\\/suspendirane-urednica-i-voditeljica-vijesti-bht1\\\/#primaryimage\"},\"thumbnailUrl\":\"https:\\\/\\\/radioljubuski.ba\\\/wp-content\\\/uploads\\\/2021\\\/06\\\/2-2021-06-14-18-01-06-bhrt.jpg\",\"articleSection\":[\"BIH i regija\"],\"inLanguage\":\"hr\"},{\"@type\":\"WebPage\",\"@id\":\"https:\\\/\\\/radioljubuski.ba\\\/index.php\\\/2021\\\/06\\\/14\\\/suspendirane-urednica-i-voditeljica-vijesti-bht1\\\/\",\"url\":\"https:\\\/\\\/radioljubuski.ba\\\/index.php\\\/2021\\\/06\\\/14\\\/suspendirane-urednica-i-voditeljica-vijesti-bht1\\\/\",\"name\":\"Suspendirane urednica i voditeljica vijesti BHT1 - RADIO LJUBU\u0160KI\",\"isPartOf\":{\"@id\":\"https:\\\/\\\/radioljubuski.ba\\\/#website\"},\"primaryImageOfPage\":{\"@id\":\"https:\\\/\\\/radioljubuski.ba\\\/index.php\\\/2021\\\/06\\\/14\\\/suspendirane-urednica-i-voditeljica-vijesti-bht1\\\/#primaryimage\"},\"image\":{\"@id\":\"https:\\\/\\\/radioljubuski.ba\\\/index.php\\\/2021\\\/06\\\/14\\\/suspendirane-urednica-i-voditeljica-vijesti-bht1\\\/#primaryimage\"},\"thumbnailUrl\":\"https:\\\/\\\/radioljubuski.ba\\\/wp-content\\\/uploads\\\/2021\\\/06\\\/2-2021-06-14-18-01-06-bhrt.jpg\",\"datePublished\":\"2021-06-14T22:56:17+00:00\",\"breadcrumb\":{\"@id\":\"https:\\\/\\\/radioljubuski.ba\\\/index.php\\\/2021\\\/06\\\/14\\\/suspendirane-urednica-i-voditeljica-vijesti-bht1\\\/#breadcrumb\"},\"inLanguage\":\"hr\",\"potentialAction\":[{\"@type\":\"ReadAction\",\"target\":[\"https:\\\/\\\/radioljubuski.ba\\\/index.php\\\/2021\\\/06\\\/14\\\/suspendirane-urednica-i-voditeljica-vijesti-bht1\\\/\"]}]},{\"@type\":\"ImageObject\",\"inLanguage\":\"hr\",\"@id\":\"https:\\\/\\\/radioljubuski.ba\\\/index.php\\\/2021\\\/06\\\/14\\\/suspendirane-urednica-i-voditeljica-vijesti-bht1\\\/#primaryimage\",\"url\":\"https:\\\/\\\/radioljubuski.ba\\\/wp-content\\\/uploads\\\/2021\\\/06\\\/2-2021-06-14-18-01-06-bhrt.jpg\",\"contentUrl\":\"https:\\\/\\\/radioljubuski.ba\\\/wp-content\\\/uploads\\\/2021\\\/06\\\/2-2021-06-14-18-01-06-bhrt.jpg\",\"width\":1000,\"height\":625},{\"@type\":\"BreadcrumbList\",\"@id\":\"https:\\\/\\\/radioljubuski.ba\\\/index.php\\\/2021\\\/06\\\/14\\\/suspendirane-urednica-i-voditeljica-vijesti-bht1\\\/#breadcrumb\",\"itemListElement\":[{\"@type\":\"ListItem\",\"position\":1,\"name\":\"Po\u010detna stranica\",\"item\":\"https:\\\/\\\/radioljubuski.ba\\\/\"},{\"@type\":\"ListItem\",\"position\":2,\"name\":\"Suspendirane urednica i voditeljica vijesti BHT1\"}]},{\"@type\":\"WebSite\",\"@id\":\"https:\\\/\\\/radioljubuski.ba\\\/#website\",\"url\":\"https:\\\/\\\/radioljubuski.ba\\\/\",\"name\":\"Radio Ljubu\u0161ki\",\"description\":\"Sun\u010dana frekvencija Hercegovine\",\"publisher\":{\"@id\":\"https:\\\/\\\/radioljubuski.ba\\\/#organization\"},\"potentialAction\":[{\"@type\":\"SearchAction\",\"target\":{\"@type\":\"EntryPoint\",\"urlTemplate\":\"https:\\\/\\\/radioljubuski.ba\\\/?s={search_term_string}\"},\"query-input\":{\"@type\":\"PropertyValueSpecification\",\"valueRequired\":true,\"valueName\":\"search_term_string\"}}],\"inLanguage\":\"hr\"},{\"@type\":\"Organization\",\"@id\":\"https:\\\/\\\/radioljubuski.ba\\\/#organization\",\"name\":\"Radio Ljubu\u0161ki\",\"url\":\"https:\\\/\\\/radioljubuski.ba\\\/\",\"logo\":{\"@type\":\"ImageObject\",\"inLanguage\":\"hr\",\"@id\":\"https:\\\/\\\/radioljubuski.ba\\\/#\\\/schema\\\/logo\\\/image\\\/\",\"url\":\"https:\\\/\\\/radioljubuski.ba\\\/wp-content\\\/uploads\\\/2021\\\/02\\\/cropped-Radio_Ljubuski_logo1.jpg\",\"contentUrl\":\"https:\\\/\\\/radioljubuski.ba\\\/wp-content\\\/uploads\\\/2021\\\/02\\\/cropped-Radio_Ljubuski_logo1.jpg\",\"width\":512,\"height\":512,\"caption\":\"Radio Ljubu\u0161ki\"},\"image\":{\"@id\":\"https:\\\/\\\/radioljubuski.ba\\\/#\\\/schema\\\/logo\\\/image\\\/\"},\"sameAs\":[\"https:\\\/\\\/www.facebook.com\\\/Radiio-Ljubuski-1490835324566332\",\"https:\\\/\\\/x.com\\\/radioljubuski\",\"https:\\\/\\\/hr.linkedin.com\\\/company\\\/radio-ljubuski\",\"https:\\\/\\\/www.youtube.com\\\/channel\\\/UCHYaeO_n0Db3tjNGudGpXyw\"]},{\"@type\":\"Person\",\"@id\":\"https:\\\/\\\/radioljubuski.ba\\\/#\\\/schema\\\/person\\\/19fc700381a780f69665d7956c469e3b\",\"name\":\"Radio Ljubu\u0161ki\"}]}<\/script>\n<!-- \/ Yoast SEO plugin. -->","yoast_head_json":{"title":"Suspendirane urednica i voditeljica vijesti BHT1 - RADIO LJUBU\u0160KI","robots":{"index":"index","follow":"follow","max-snippet":"max-snippet:-1","max-image-preview":"max-image-preview:large","max-video-preview":"max-video-preview:-1"},"canonical":"https:\/\/radioljubuski.ba\/index.php\/2021\/06\/14\/suspendirane-urednica-i-voditeljica-vijesti-bht1\/","og_locale":"hr_HR","og_type":"article","og_title":"Suspendirane urednica i voditeljica vijesti BHT1 - RADIO LJUBU\u0160KI","og_description":"&#8220;Generalni direktor BHRT-a Belmin Karamehmedovi\u0107 danas je donio &nbsp;odluku o pokretanju disciplinskog postupka i suspendirao urednicu u informativnom programu BHT1 Gordanu Dragutinovi\u0107 Muti\u0107 i voditeljicu vijesti Zoricu Jorgi\u0107 do okon\u010danja istog. Napominjemo, razlog pokretanja disciplinskog postupka i suspenzije je plasiranje neprovjerenih podataka u programima koje imaju za posljedicu uznemiravanje javnosti i naru\u0161avanje ugleda i nano\u0161enja [&hellip;]","og_url":"https:\/\/radioljubuski.ba\/index.php\/2021\/06\/14\/suspendirane-urednica-i-voditeljica-vijesti-bht1\/","og_site_name":"RADIO LJUBU\u0160KI","article_publisher":"https:\/\/www.facebook.com\/Radiio-Ljubuski-1490835324566332","article_published_time":"2021-06-14T22:56:17+00:00","og_image":[{"width":1000,"height":625,"url":"https:\/\/radioljubuski.ba\/wp-content\/uploads\/2021\/06\/2-2021-06-14-18-01-06-bhrt.jpg","type":"image\/jpeg"}],"author":"Radio Ljubu\u0161ki","twitter_card":"summary_large_image","twitter_creator":"@radioljubuski","twitter_site":"@radioljubuski","twitter_misc":{"Napisao\/la":"Radio Ljubu\u0161ki","Procijenjeno vrijeme \u010ditanja":"1 minuta"},"schema":{"@context":"https:\/\/schema.org","@graph":[{"@type":"Article","@id":"https:\/\/radioljubuski.ba\/index.php\/2021\/06\/14\/suspendirane-urednica-i-voditeljica-vijesti-bht1\/#article","isPartOf":{"@id":"https:\/\/radioljubuski.ba\/index.php\/2021\/06\/14\/suspendirane-urednica-i-voditeljica-vijesti-bht1\/"},"author":{"name":"Radio Ljubu\u0161ki","@id":"https:\/\/radioljubuski.ba\/#\/schema\/person\/19fc700381a780f69665d7956c469e3b"},"headline":"Suspendirane urednica i voditeljica vijesti BHT1","datePublished":"2021-06-14T22:56:17+00:00","mainEntityOfPage":{"@id":"https:\/\/radioljubuski.ba\/index.php\/2021\/06\/14\/suspendirane-urednica-i-voditeljica-vijesti-bht1\/"},"wordCount":213,"publisher":{"@id":"https:\/\/radioljubuski.ba\/#organization"},"image":{"@id":"https:\/\/radioljubuski.ba\/index.php\/2021\/06\/14\/suspendirane-urednica-i-voditeljica-vijesti-bht1\/#primaryimage"},"thumbnailUrl":"https:\/\/radioljubuski.ba\/wp-content\/uploads\/2021\/06\/2-2021-06-14-18-01-06-bhrt.jpg","articleSection":["BIH i regija"],"inLanguage":"hr"},{"@type":"WebPage","@id":"https:\/\/radioljubuski.ba\/index.php\/2021\/06\/14\/suspendirane-urednica-i-voditeljica-vijesti-bht1\/","url":"https:\/\/radioljubuski.ba\/index.php\/2021\/06\/14\/suspendirane-urednica-i-voditeljica-vijesti-bht1\/","name":"Suspendirane urednica i voditeljica vijesti BHT1 - RADIO LJUBU\u0160KI","isPartOf":{"@id":"https:\/\/radioljubuski.ba\/#website"},"primaryImageOfPage":{"@id":"https:\/\/radioljubuski.ba\/index.php\/2021\/06\/14\/suspendirane-urednica-i-voditeljica-vijesti-bht1\/#primaryimage"},"image":{"@id":"https:\/\/radioljubuski.ba\/index.php\/2021\/06\/14\/suspendirane-urednica-i-voditeljica-vijesti-bht1\/#primaryimage"},"thumbnailUrl":"https:\/\/radioljubuski.ba\/wp-content\/uploads\/2021\/06\/2-2021-06-14-18-01-06-bhrt.jpg","datePublished":"2021-06-14T22:56:17+00:00","breadcrumb":{"@id":"https:\/\/radioljubuski.ba\/index.php\/2021\/06\/14\/suspendirane-urednica-i-voditeljica-vijesti-bht1\/#breadcrumb"},"inLanguage":"hr","potentialAction":[{"@type":"ReadAction","target":["https:\/\/radioljubuski.ba\/index.php\/2021\/06\/14\/suspendirane-urednica-i-voditeljica-vijesti-bht1\/"]}]},{"@type":"ImageObject","inLanguage":"hr","@id":"https:\/\/radioljubuski.ba\/index.php\/2021\/06\/14\/suspendirane-urednica-i-voditeljica-vijesti-bht1\/#primaryimage","url":"https:\/\/radioljubuski.ba\/wp-content\/uploads\/2021\/06\/2-2021-06-14-18-01-06-bhrt.jpg","contentUrl":"https:\/\/radioljubuski.ba\/wp-content\/uploads\/2021\/06\/2-2021-06-14-18-01-06-bhrt.jpg","width":1000,"height":625},{"@type":"BreadcrumbList","@id":"https:\/\/radioljubuski.ba\/index.php\/2021\/06\/14\/suspendirane-urednica-i-voditeljica-vijesti-bht1\/#breadcrumb","itemListElement":[{"@type":"ListItem","position":1,"name":"Po\u010detna stranica","item":"https:\/\/radioljubuski.ba\/"},{"@type":"ListItem","position":2,"name":"Suspendirane urednica i voditeljica vijesti BHT1"}]},{"@type":"WebSite","@id":"https:\/\/radioljubuski.ba\/#website","url":"https:\/\/radioljubuski.ba\/","name":"Radio Ljubu\u0161ki","description":"Sun\u010dana frekvencija Hercegovine","publisher":{"@id":"https:\/\/radioljubuski.ba\/#organization"},"potentialAction":[{"@type":"SearchAction","target":{"@type":"EntryPoint","urlTemplate":"https:\/\/radioljubuski.ba\/?s={search_term_string}"},"query-input":{"@type":"PropertyValueSpecification","valueRequired":true,"valueName":"search_term_string"}}],"inLanguage":"hr"},{"@type":"Organization","@id":"https:\/\/radioljubuski.ba\/#organization","name":"Radio Ljubu\u0161ki","url":"https:\/\/radioljubuski.ba\/","logo":{"@type":"ImageObject","inLanguage":"hr","@id":"https:\/\/radioljubuski.ba\/#\/schema\/logo\/image\/","url":"https:\/\/radioljubuski.ba\/wp-content\/uploads\/2021\/02\/cropped-Radio_Ljubuski_logo1.jpg","contentUrl":"https:\/\/radioljubuski.ba\/wp-content\/uploads\/2021\/02\/cropped-Radio_Ljubuski_logo1.jpg","width":512,"height":512,"caption":"Radio Ljubu\u0161ki"},"image":{"@id":"https:\/\/radioljubuski.ba\/#\/schema\/logo\/image\/"},"sameAs":["https:\/\/www.facebook.com\/Radiio-Ljubuski-1490835324566332","https:\/\/x.com\/radioljubuski","https:\/\/hr.linkedin.com\/company\/radio-ljubuski","https:\/\/www.youtube.com\/channel\/UCHYaeO_n0Db3tjNGudGpXyw"]},{"@type":"Person","@id":"https:\/\/radioljubuski.ba\/#\/schema\/person\/19fc700381a780f69665d7956c469e3b","name":"Radio Ljubu\u0161ki"}]}},"_links":{"self":[{"href":"https:\/\/radioljubuski.ba\/index.php\/wp-json\/wp\/v2\/posts\/32572","targetHints":{"allow":["GET"]}}],"collection":[{"href":"https:\/\/radioljubuski.ba\/index.php\/wp-json\/wp\/v2\/posts"}],"about":[{"href":"https:\/\/radioljubuski.ba\/index.php\/wp-json\/wp\/v2\/types\/post"}],"author":[{"embeddable":true,"href":"https:\/\/radioljubuski.ba\/index.php\/wp-json\/wp\/v2\/users\/2"}],"replies":[{"embeddable":true,"href":"https:\/\/radioljubuski.ba\/index.php\/wp-json\/wp\/v2\/comments?post=32572"}],"version-history":[{"count":1,"href":"https:\/\/radioljubuski.ba\/index.php\/wp-json\/wp\/v2\/posts\/32572\/revisions"}],"predecessor-version":[{"id":32574,"href":"https:\/\/radioljubuski.ba\/index.php\/wp-json\/wp\/v2\/posts\/32572\/revisions\/32574"}],"wp:featuredmedia":[{"embeddable":true,"href":"https:\/\/radioljubuski.ba\/index.php\/wp-json\/wp\/v2\/media\/32573"}],"wp:attachment":[{"href":"https:\/\/radioljubuski.ba\/index.php\/wp-json\/wp\/v2\/media?parent=32572"}],"wp:term":[{"taxonomy":"category","embeddable":true,"href":"https:\/\/radioljubuski.ba\/index.php\/wp-json\/wp\/v2\/categories?post=32572"},{"taxonomy":"post_tag","embeddable":true,"href":"https:\/\/radioljubuski.ba\/index.php\/wp-json\/wp\/v2\/tags?post=32572"}],"curies":[{"name":"wp","href":"https:\/\/api.w.org\/{rel}","templated":true}]}}