{"id":32582,"date":"2021-06-15T00:00:52","date_gmt":"2021-06-14T23:00:52","guid":{"rendered":"https:\/\/radioljubuski.ba\/?p=32582"},"modified":"2021-06-15T00:00:53","modified_gmt":"2021-06-14T23:00:53","slug":"evo-koliko-kosta-apartman-na-jadranu-iznajmljivaci-se-zale-da-nema-gostiju","status":"publish","type":"post","link":"https:\/\/radioljubuski.ba\/index.php\/2021\/06\/15\/evo-koliko-kosta-apartman-na-jadranu-iznajmljivaci-se-zale-da-nema-gostiju\/","title":{"rendered":"Evo koliko ko\u0161ta apartman na Jadranu: Iznajmljiva\u010di se \u017eale da nema gostiju"},"content":{"rendered":"\n<p>Granice su otvorene, a na covid-karti Europe Hrvatska je sve &#8220;zelenija&#8221;- \u0161to zna\u010di da je pred Hrvatskom jo\u0161 jedna turisti\u010dka sezona. Prvi veliki val turista na obalu je stigao proteklog tjedna, kada su i mnogi doma\u0107i gosti uz brojne strane iskoristili produ\u017eeni vikend. &nbsp;<\/p>\n\n\n\n<p>Broj turista koji svoj godi\u0161nji odmor provode na Jadranu iz dana u dan samo \u0107e rasti, a shodno tome raste i potra\u017enja za smje\u0161tajem kojeg iznajmljiva\u010di naveliko nude. Uo\u010di nove sezone, provjerili smo kako \u0107e se kretati cijene ovog ljeta \u0161to se ti\u010de privatnih iznajmljiva\u010da, pi\u0161e&nbsp;<a href=\"https:\/\/net.hr\/danas\/provjerili-smo-kako-se-krecu-cijene-najma-apartmana-na-jadranu-c38839ea-c84d-11eb-b128-229c9bad3e41?utm_source=netFB&amp;utm_medium=post&amp;utm_campaign=organic&amp;fbclid=IwAR3Uy8slIIYYGOQVxPBobYRbNxb34HMIFCly_RKRhnnZb9sNzbnw4yoe-ZI\" target=\"_blank\" rel=\"noreferrer noopener\">Net.hr.&nbsp;<\/a><\/p>\n\n\n\n<p><strong>Facebook grupe pune oglasa<\/strong><\/p>\n\n\n\n<p>Posljednjih godina postalo je jako prakti\u010dno tra\u017eiti smje\u0161taj preko grupa na Facebooku, gdje neke od njih broje preko 100 tisu\u0107a \u010dlanova. Te grupe zadnjih su dana jako aktivne, jer svi \u2013 ili ne\u0161to tra\u017ee, ili ne\u0161to nude. &nbsp;<\/p>\n\n\n\n<p><br>Planirate li na godi\u0161nji odmor u lipnju, za 40 eura po danu nudi se smje\u0161taj u Crikvenici u apartmanu udaljenom dvije minute od pla\u017ee, a ista cijena najma je i u Novom Vinodolskom te u Puntu na otoku Krku. Rije\u010d je o manjim apartmanima, koji mogu primiti do tri osobe. &nbsp;<\/p>\n\n\n\n<p>Cijene su na nekim podru\u010djima idu i ni\u017ee, pa se tako za 30-ak eura nudi smje\u0161taj u Rtini kod Zadra, u Gornjem Karinu te u Privlaci, dok \u0107ete za pet eura vi\u0161e mo\u0107i u\u017eivati u mjestu Bari\u0107 Draga. U Vodicama se u lipnju nude apartmani koji mogu primiti pet osoba po cijeni od 50 eura, dok \u0107ete u Trogiru za najam dvosobnog apartmana trebati izdvojiti 65 eura. &nbsp;<\/p>\n\n\n\n<p>Srednja Dalmacija mnogima je i dalje omiljena destinacija, pa nije niti \u010dudno da puno ljudi tra\u017ei smje\u0161taj upravo na tom podru\u010dju. A i cijene su prihvatljive, pa se primjerice u Ra\u017eancu kraj Zadra u \u0161pici sezone nude apartmani za 45 eura po danu. &nbsp;<\/p>\n\n\n\n<p>No, prilikom odabira smje\u0161taja imajte na umu da su iznajmljiva\u010di prave mudrice. Prou\u010dite li ponudu na malo bolje, primijetit \u0107ete da cijena istih apartmana varira od posta od posta, pa smo tako nai\u0161li na identi\u010dni oglas u slu\u010daju jednog apartmana u Biogradu na moru, s razlikom u cijeni od 10 eura \u2013 a za isti vremenski period. &nbsp;<br><br><strong>Splitska rivijera skuplja od dubrova\u010dke<\/strong><\/p>\n\n\n\n<p>Smje\u0161taj se nudi i preko raznih oglasnika, a dobra stvar u ovakvom pretra\u017eivanju je \u0161to se iznajmljiva\u010di uz cijene gotovo uvijek objavljuju i fotografije, pa to\u010dno znate \u0161to ste i gdje iznajmili. &nbsp;<\/p>\n\n\n\n<p>Preko oglasnika smo provjerili kakva je ponuda smje\u0161taja na otocima. Iako su takve destinacije nekada bile etiketirane kao skupe, cijene koje su navedene za ovu sezonu iznena\u0111uju\u0107e su prihvatljive. Primjerice, na Kor\u010duli mo\u017eete iznajmiti apartman za \u010detiri osobe po cijeni od 40 eura, a iste cijene kre\u0107u se i na Mljetu. &nbsp;Za potpuni mir i ti\u0161inu, zgodna je opcija najam manjih ku\u0107a, a takve se na otoku Hvaru mogu prona\u0107i za 65 eura po danu. &nbsp;<\/p>\n\n\n\n<p>Jedna od destinacija koja ve\u0107 godinama slovi kao najskuplja u Hrvatskoj je Dubrovnik. \u017delite li ipak do\u017eivjeti njegove \u010dari, a da pritom za godi\u0161nji odmor ne di\u017eete kredit, tada smje\u0161taj potra\u017eite u okolnim mjestima. Na samo desetak kilometara od gosparskog grada, apartman za \u010detiri osobe platit \u0107ete izme\u0111u 45 i 55 eura po danu, \u0161to je i vi\u0161e nego prihvatljivo. &nbsp;<\/p>\n\n\n\n<p>I dok \u0107ete na podru\u010dju dubrova\u010dke rivijere pro\u0107i relativno povoljno, na podru\u010dju splitske rivijere cijene su osjetno ve\u0107e. Tamo se nude apartmani za dvije osobe po cijeni od 65 eura, \u0161to je, sagledamo li situaciju u kojoj se nalazimo i neke prosje\u010dne cijene apartmana, ipak mo\u017eda malo i previ\u0161e. &nbsp;<br><br><\/p>\n\n\n\n<p>Iako se svi nadaju da \u0107e sezona biti bolja nego pro\u0161la, iznajmljiva\u010di s kojima smo razgovarali na sezonu gledaju razli\u010dito. &nbsp;<\/p>\n\n\n\n<p>Sugovornik koji iznajmljuje apartman u Novalji, ka\u017ee kako cijene nisu spu\u0161tali ni pro\u0161le ni ove godine. Za Novalju je pro\u0161la godina bila jako specifi\u010dna &#8211; brojni festivali su otkazani, pa velik broj gostiju nije uop\u0107e dolazio. \u0160to se ti\u010de teku\u0107e godine, nada se da \u0107e se situacija popraviti, a optimisti\u010dni su iz iz Turisti\u010dke zajednice Grada Novalje, \u010dije projekcije pokazuju da bi mogli dosegnuti i do 70 posto turisti\u010dkog prometa 2019.godine.&nbsp;<\/p>\n\n\n\n<p>Druga sugovornica, koja iznajmljuje apartman u Brelima, a koji je smje\u0161ten petnaestak minuta od mora, nije ba\u0161 optimisti\u010dna po pitanju ove sezone.&nbsp;<\/p>\n\n\n\n<p>&#8220;\u0106orak totalni za sada&#8221;, ka\u017ee nam shodno onome \u0161to je do sada bukirano. Nada se, ka\u017ee, da \u0107e ne\u0161to gostiju uhvatiti preko &#8220;last minute&#8221; ponude. &nbsp;<\/p>\n\n\n\n<p><br>&#8220;Brela su ina\u010de jako skupa, no kako je na\u0161 apartman udaljen od mora nekih 15-ak minuta hoda, cijena je mala u odnosu na ostale iznajmljiva\u010de. U cijenu su nam uklju\u010dene boravi\u0161ne pristojbe kao i \u010di\u0161\u0107enje apartmana, a gostima uvijek ostavimo i ne\u0161to doma\u0107ih delicija&#8221;, ka\u017ee nam sugovornica. &nbsp;<\/p>\n\n\n\n<p>Iako situacija nije ba\u0161 sjajna, nada se da \u0107e od sezone barem ne\u0161to izvu\u0107i. &#8220;Vidit \u0107emo kako \u0107e biti. Kad bi uhvatili ne\u0161to preko last minute ponuda, bila bih zadovoljna&#8221;, zaklju\u010duje ova iznajmljiva\u010dica.&nbsp;<\/p>\n\n\n\n<p>Cijene, naravno, variraju od smje\u0161taja do smje\u0161taja. Za onaj bolji i luksuzniji, platit \u0107ete vi\u0161e. No, sude\u0107i po onome \u0161to smo vidjeli, neki prosje\u010dni smje\u0161taj kategoriziran s tri zvjezdice, mo\u017ee se prona\u0107i u pristojnim i prihvatljivim okvirima. A tko zna, mo\u017eda \u0107e, kako ljeto bude odmicalo, i cijene po\u010deti naglo padati. U ovim covid\/post-covid vremenima, sva\u0161ta je mogu\u0107e&#8230;&nbsp;<\/p>\n\n\n\n<p>Izvor:net.hr<\/p>\n","protected":false},"excerpt":{"rendered":"<p>Granice su otvorene, a na covid-karti Europe Hrvatska je sve &#8220;zelenija&#8221;- \u0161to zna\u010di da je pred Hrvatskom jo\u0161 jedna turisti\u010dka sezona. Prvi veliki val turista na obalu je stigao proteklog tjedna, kada su i mnogi doma\u0107i gosti uz brojne strane iskoristili produ\u017eeni vikend. &nbsp; Broj turista koji svoj godi\u0161nji odmor provode na Jadranu iz dana [&hellip;]<\/p>\n","protected":false},"author":2,"featured_media":32583,"comment_status":"closed","ping_status":"closed","sticky":false,"template":"","format":"standard","meta":{"h5ap_radio_sources":[],"footnotes":""},"categories":[1],"tags":[],"class_list":["post-32582","post","type-post","status-publish","format-standard","has-post-thumbnail","hentry","category-bihiregija"],"yoast_head":"<!-- This site is optimized with the Yoast SEO plugin v27.5 - https:\/\/yoast.com\/product\/yoast-seo-wordpress\/ -->\n<title>Evo koliko ko\u0161ta apartman na Jadranu: Iznajmljiva\u010di se \u017eale da nema gostiju - RADIO LJUBU\u0160KI<\/title>\n<meta name=\"robots\" content=\"index, follow, max-snippet:-1, max-image-preview:large, max-video-preview:-1\" \/>\n<link rel=\"canonical\" href=\"https:\/\/radioljubuski.ba\/index.php\/2021\/06\/15\/evo-koliko-kosta-apartman-na-jadranu-iznajmljivaci-se-zale-da-nema-gostiju\/\" \/>\n<meta property=\"og:locale\" content=\"hr_HR\" \/>\n<meta property=\"og:type\" content=\"article\" \/>\n<meta property=\"og:title\" content=\"Evo koliko ko\u0161ta apartman na Jadranu: Iznajmljiva\u010di se \u017eale da nema gostiju - RADIO LJUBU\u0160KI\" \/>\n<meta property=\"og:description\" content=\"Granice su otvorene, a na covid-karti Europe Hrvatska je sve &#8220;zelenija&#8221;- \u0161to zna\u010di da je pred Hrvatskom jo\u0161 jedna turisti\u010dka sezona. Prvi veliki val turista na obalu je stigao proteklog tjedna, kada su i mnogi doma\u0107i gosti uz brojne strane iskoristili produ\u017eeni vikend. &nbsp; Broj turista koji svoj godi\u0161nji odmor provode na Jadranu iz dana [&hellip;]\" \/>\n<meta property=\"og:url\" content=\"https:\/\/radioljubuski.ba\/index.php\/2021\/06\/15\/evo-koliko-kosta-apartman-na-jadranu-iznajmljivaci-se-zale-da-nema-gostiju\/\" \/>\n<meta property=\"og:site_name\" content=\"RADIO LJUBU\u0160KI\" \/>\n<meta property=\"article:publisher\" content=\"https:\/\/www.facebook.com\/Radiio-Ljubuski-1490835324566332\" \/>\n<meta property=\"article:published_time\" content=\"2021-06-14T23:00:52+00:00\" \/>\n<meta property=\"article:modified_time\" content=\"2021-06-14T23:00:53+00:00\" \/>\n<meta property=\"og:image\" content=\"https:\/\/radioljubuski.ba\/wp-content\/uploads\/2021\/06\/CJXMKx84_plaza.jpg\" \/>\n\t<meta property=\"og:image:width\" content=\"1000\" \/>\n\t<meta property=\"og:image:height\" content=\"625\" \/>\n\t<meta property=\"og:image:type\" content=\"image\/jpeg\" \/>\n<meta name=\"author\" content=\"Radio Ljubu\u0161ki\" \/>\n<meta name=\"twitter:card\" content=\"summary_large_image\" \/>\n<meta name=\"twitter:creator\" content=\"@radioljubuski\" \/>\n<meta name=\"twitter:site\" content=\"@radioljubuski\" \/>\n<meta name=\"twitter:label1\" content=\"Napisao\/la\" \/>\n\t<meta name=\"twitter:data1\" content=\"Radio Ljubu\u0161ki\" \/>\n\t<meta name=\"twitter:label2\" content=\"Procijenjeno vrijeme \u010ditanja\" \/>\n\t<meta name=\"twitter:data2\" content=\"4 minute\" \/>\n<script type=\"application\/ld+json\" class=\"yoast-schema-graph\">{\"@context\":\"https:\\\/\\\/schema.org\",\"@graph\":[{\"@type\":\"Article\",\"@id\":\"https:\\\/\\\/radioljubuski.ba\\\/index.php\\\/2021\\\/06\\\/15\\\/evo-koliko-kosta-apartman-na-jadranu-iznajmljivaci-se-zale-da-nema-gostiju\\\/#article\",\"isPartOf\":{\"@id\":\"https:\\\/\\\/radioljubuski.ba\\\/index.php\\\/2021\\\/06\\\/15\\\/evo-koliko-kosta-apartman-na-jadranu-iznajmljivaci-se-zale-da-nema-gostiju\\\/\"},\"author\":{\"name\":\"Radio Ljubu\u0161ki\",\"@id\":\"https:\\\/\\\/radioljubuski.ba\\\/#\\\/schema\\\/person\\\/19fc700381a780f69665d7956c469e3b\"},\"headline\":\"Evo koliko ko\u0161ta apartman na Jadranu: Iznajmljiva\u010di se \u017eale da nema gostiju\",\"datePublished\":\"2021-06-14T23:00:52+00:00\",\"dateModified\":\"2021-06-14T23:00:53+00:00\",\"mainEntityOfPage\":{\"@id\":\"https:\\\/\\\/radioljubuski.ba\\\/index.php\\\/2021\\\/06\\\/15\\\/evo-koliko-kosta-apartman-na-jadranu-iznajmljivaci-se-zale-da-nema-gostiju\\\/\"},\"wordCount\":982,\"publisher\":{\"@id\":\"https:\\\/\\\/radioljubuski.ba\\\/#organization\"},\"image\":{\"@id\":\"https:\\\/\\\/radioljubuski.ba\\\/index.php\\\/2021\\\/06\\\/15\\\/evo-koliko-kosta-apartman-na-jadranu-iznajmljivaci-se-zale-da-nema-gostiju\\\/#primaryimage\"},\"thumbnailUrl\":\"https:\\\/\\\/radioljubuski.ba\\\/wp-content\\\/uploads\\\/2021\\\/06\\\/CJXMKx84_plaza.jpg\",\"articleSection\":[\"BIH i regija\"],\"inLanguage\":\"hr\"},{\"@type\":\"WebPage\",\"@id\":\"https:\\\/\\\/radioljubuski.ba\\\/index.php\\\/2021\\\/06\\\/15\\\/evo-koliko-kosta-apartman-na-jadranu-iznajmljivaci-se-zale-da-nema-gostiju\\\/\",\"url\":\"https:\\\/\\\/radioljubuski.ba\\\/index.php\\\/2021\\\/06\\\/15\\\/evo-koliko-kosta-apartman-na-jadranu-iznajmljivaci-se-zale-da-nema-gostiju\\\/\",\"name\":\"Evo koliko ko\u0161ta apartman na Jadranu: Iznajmljiva\u010di se \u017eale da nema gostiju - RADIO LJUBU\u0160KI\",\"isPartOf\":{\"@id\":\"https:\\\/\\\/radioljubuski.ba\\\/#website\"},\"primaryImageOfPage\":{\"@id\":\"https:\\\/\\\/radioljubuski.ba\\\/index.php\\\/2021\\\/06\\\/15\\\/evo-koliko-kosta-apartman-na-jadranu-iznajmljivaci-se-zale-da-nema-gostiju\\\/#primaryimage\"},\"image\":{\"@id\":\"https:\\\/\\\/radioljubuski.ba\\\/index.php\\\/2021\\\/06\\\/15\\\/evo-koliko-kosta-apartman-na-jadranu-iznajmljivaci-se-zale-da-nema-gostiju\\\/#primaryimage\"},\"thumbnailUrl\":\"https:\\\/\\\/radioljubuski.ba\\\/wp-content\\\/uploads\\\/2021\\\/06\\\/CJXMKx84_plaza.jpg\",\"datePublished\":\"2021-06-14T23:00:52+00:00\",\"dateModified\":\"2021-06-14T23:00:53+00:00\",\"breadcrumb\":{\"@id\":\"https:\\\/\\\/radioljubuski.ba\\\/index.php\\\/2021\\\/06\\\/15\\\/evo-koliko-kosta-apartman-na-jadranu-iznajmljivaci-se-zale-da-nema-gostiju\\\/#breadcrumb\"},\"inLanguage\":\"hr\",\"potentialAction\":[{\"@type\":\"ReadAction\",\"target\":[\"https:\\\/\\\/radioljubuski.ba\\\/index.php\\\/2021\\\/06\\\/15\\\/evo-koliko-kosta-apartman-na-jadranu-iznajmljivaci-se-zale-da-nema-gostiju\\\/\"]}]},{\"@type\":\"ImageObject\",\"inLanguage\":\"hr\",\"@id\":\"https:\\\/\\\/radioljubuski.ba\\\/index.php\\\/2021\\\/06\\\/15\\\/evo-koliko-kosta-apartman-na-jadranu-iznajmljivaci-se-zale-da-nema-gostiju\\\/#primaryimage\",\"url\":\"https:\\\/\\\/radioljubuski.ba\\\/wp-content\\\/uploads\\\/2021\\\/06\\\/CJXMKx84_plaza.jpg\",\"contentUrl\":\"https:\\\/\\\/radioljubuski.ba\\\/wp-content\\\/uploads\\\/2021\\\/06\\\/CJXMKx84_plaza.jpg\",\"width\":1000,\"height\":625},{\"@type\":\"BreadcrumbList\",\"@id\":\"https:\\\/\\\/radioljubuski.ba\\\/index.php\\\/2021\\\/06\\\/15\\\/evo-koliko-kosta-apartman-na-jadranu-iznajmljivaci-se-zale-da-nema-gostiju\\\/#breadcrumb\",\"itemListElement\":[{\"@type\":\"ListItem\",\"position\":1,\"name\":\"Po\u010detna stranica\",\"item\":\"https:\\\/\\\/radioljubuski.ba\\\/\"},{\"@type\":\"ListItem\",\"position\":2,\"name\":\"Evo koliko ko\u0161ta apartman na Jadranu: Iznajmljiva\u010di se \u017eale da nema gostiju\"}]},{\"@type\":\"WebSite\",\"@id\":\"https:\\\/\\\/radioljubuski.ba\\\/#website\",\"url\":\"https:\\\/\\\/radioljubuski.ba\\\/\",\"name\":\"Radio Ljubu\u0161ki\",\"description\":\"Sun\u010dana frekvencija Hercegovine\",\"publisher\":{\"@id\":\"https:\\\/\\\/radioljubuski.ba\\\/#organization\"},\"potentialAction\":[{\"@type\":\"SearchAction\",\"target\":{\"@type\":\"EntryPoint\",\"urlTemplate\":\"https:\\\/\\\/radioljubuski.ba\\\/?s={search_term_string}\"},\"query-input\":{\"@type\":\"PropertyValueSpecification\",\"valueRequired\":true,\"valueName\":\"search_term_string\"}}],\"inLanguage\":\"hr\"},{\"@type\":\"Organization\",\"@id\":\"https:\\\/\\\/radioljubuski.ba\\\/#organization\",\"name\":\"Radio Ljubu\u0161ki\",\"url\":\"https:\\\/\\\/radioljubuski.ba\\\/\",\"logo\":{\"@type\":\"ImageObject\",\"inLanguage\":\"hr\",\"@id\":\"https:\\\/\\\/radioljubuski.ba\\\/#\\\/schema\\\/logo\\\/image\\\/\",\"url\":\"https:\\\/\\\/radioljubuski.ba\\\/wp-content\\\/uploads\\\/2021\\\/02\\\/cropped-Radio_Ljubuski_logo1.jpg\",\"contentUrl\":\"https:\\\/\\\/radioljubuski.ba\\\/wp-content\\\/uploads\\\/2021\\\/02\\\/cropped-Radio_Ljubuski_logo1.jpg\",\"width\":512,\"height\":512,\"caption\":\"Radio Ljubu\u0161ki\"},\"image\":{\"@id\":\"https:\\\/\\\/radioljubuski.ba\\\/#\\\/schema\\\/logo\\\/image\\\/\"},\"sameAs\":[\"https:\\\/\\\/www.facebook.com\\\/Radiio-Ljubuski-1490835324566332\",\"https:\\\/\\\/x.com\\\/radioljubuski\",\"https:\\\/\\\/hr.linkedin.com\\\/company\\\/radio-ljubuski\",\"https:\\\/\\\/www.youtube.com\\\/channel\\\/UCHYaeO_n0Db3tjNGudGpXyw\"]},{\"@type\":\"Person\",\"@id\":\"https:\\\/\\\/radioljubuski.ba\\\/#\\\/schema\\\/person\\\/19fc700381a780f69665d7956c469e3b\",\"name\":\"Radio Ljubu\u0161ki\"}]}<\/script>\n<!-- \/ Yoast SEO plugin. -->","yoast_head_json":{"title":"Evo koliko ko\u0161ta apartman na Jadranu: Iznajmljiva\u010di se \u017eale da nema gostiju - RADIO LJUBU\u0160KI","robots":{"index":"index","follow":"follow","max-snippet":"max-snippet:-1","max-image-preview":"max-image-preview:large","max-video-preview":"max-video-preview:-1"},"canonical":"https:\/\/radioljubuski.ba\/index.php\/2021\/06\/15\/evo-koliko-kosta-apartman-na-jadranu-iznajmljivaci-se-zale-da-nema-gostiju\/","og_locale":"hr_HR","og_type":"article","og_title":"Evo koliko ko\u0161ta apartman na Jadranu: Iznajmljiva\u010di se \u017eale da nema gostiju - RADIO LJUBU\u0160KI","og_description":"Granice su otvorene, a na covid-karti Europe Hrvatska je sve &#8220;zelenija&#8221;- \u0161to zna\u010di da je pred Hrvatskom jo\u0161 jedna turisti\u010dka sezona. Prvi veliki val turista na obalu je stigao proteklog tjedna, kada su i mnogi doma\u0107i gosti uz brojne strane iskoristili produ\u017eeni vikend. &nbsp; Broj turista koji svoj godi\u0161nji odmor provode na Jadranu iz dana [&hellip;]","og_url":"https:\/\/radioljubuski.ba\/index.php\/2021\/06\/15\/evo-koliko-kosta-apartman-na-jadranu-iznajmljivaci-se-zale-da-nema-gostiju\/","og_site_name":"RADIO LJUBU\u0160KI","article_publisher":"https:\/\/www.facebook.com\/Radiio-Ljubuski-1490835324566332","article_published_time":"2021-06-14T23:00:52+00:00","article_modified_time":"2021-06-14T23:00:53+00:00","og_image":[{"width":1000,"height":625,"url":"https:\/\/radioljubuski.ba\/wp-content\/uploads\/2021\/06\/CJXMKx84_plaza.jpg","type":"image\/jpeg"}],"author":"Radio Ljubu\u0161ki","twitter_card":"summary_large_image","twitter_creator":"@radioljubuski","twitter_site":"@radioljubuski","twitter_misc":{"Napisao\/la":"Radio Ljubu\u0161ki","Procijenjeno vrijeme \u010ditanja":"4 minute"},"schema":{"@context":"https:\/\/schema.org","@graph":[{"@type":"Article","@id":"https:\/\/radioljubuski.ba\/index.php\/2021\/06\/15\/evo-koliko-kosta-apartman-na-jadranu-iznajmljivaci-se-zale-da-nema-gostiju\/#article","isPartOf":{"@id":"https:\/\/radioljubuski.ba\/index.php\/2021\/06\/15\/evo-koliko-kosta-apartman-na-jadranu-iznajmljivaci-se-zale-da-nema-gostiju\/"},"author":{"name":"Radio Ljubu\u0161ki","@id":"https:\/\/radioljubuski.ba\/#\/schema\/person\/19fc700381a780f69665d7956c469e3b"},"headline":"Evo koliko ko\u0161ta apartman na Jadranu: Iznajmljiva\u010di se \u017eale da nema gostiju","datePublished":"2021-06-14T23:00:52+00:00","dateModified":"2021-06-14T23:00:53+00:00","mainEntityOfPage":{"@id":"https:\/\/radioljubuski.ba\/index.php\/2021\/06\/15\/evo-koliko-kosta-apartman-na-jadranu-iznajmljivaci-se-zale-da-nema-gostiju\/"},"wordCount":982,"publisher":{"@id":"https:\/\/radioljubuski.ba\/#organization"},"image":{"@id":"https:\/\/radioljubuski.ba\/index.php\/2021\/06\/15\/evo-koliko-kosta-apartman-na-jadranu-iznajmljivaci-se-zale-da-nema-gostiju\/#primaryimage"},"thumbnailUrl":"https:\/\/radioljubuski.ba\/wp-content\/uploads\/2021\/06\/CJXMKx84_plaza.jpg","articleSection":["BIH i regija"],"inLanguage":"hr"},{"@type":"WebPage","@id":"https:\/\/radioljubuski.ba\/index.php\/2021\/06\/15\/evo-koliko-kosta-apartman-na-jadranu-iznajmljivaci-se-zale-da-nema-gostiju\/","url":"https:\/\/radioljubuski.ba\/index.php\/2021\/06\/15\/evo-koliko-kosta-apartman-na-jadranu-iznajmljivaci-se-zale-da-nema-gostiju\/","name":"Evo koliko ko\u0161ta apartman na Jadranu: Iznajmljiva\u010di se \u017eale da nema gostiju - RADIO LJUBU\u0160KI","isPartOf":{"@id":"https:\/\/radioljubuski.ba\/#website"},"primaryImageOfPage":{"@id":"https:\/\/radioljubuski.ba\/index.php\/2021\/06\/15\/evo-koliko-kosta-apartman-na-jadranu-iznajmljivaci-se-zale-da-nema-gostiju\/#primaryimage"},"image":{"@id":"https:\/\/radioljubuski.ba\/index.php\/2021\/06\/15\/evo-koliko-kosta-apartman-na-jadranu-iznajmljivaci-se-zale-da-nema-gostiju\/#primaryimage"},"thumbnailUrl":"https:\/\/radioljubuski.ba\/wp-content\/uploads\/2021\/06\/CJXMKx84_plaza.jpg","datePublished":"2021-06-14T23:00:52+00:00","dateModified":"2021-06-14T23:00:53+00:00","breadcrumb":{"@id":"https:\/\/radioljubuski.ba\/index.php\/2021\/06\/15\/evo-koliko-kosta-apartman-na-jadranu-iznajmljivaci-se-zale-da-nema-gostiju\/#breadcrumb"},"inLanguage":"hr","potentialAction":[{"@type":"ReadAction","target":["https:\/\/radioljubuski.ba\/index.php\/2021\/06\/15\/evo-koliko-kosta-apartman-na-jadranu-iznajmljivaci-se-zale-da-nema-gostiju\/"]}]},{"@type":"ImageObject","inLanguage":"hr","@id":"https:\/\/radioljubuski.ba\/index.php\/2021\/06\/15\/evo-koliko-kosta-apartman-na-jadranu-iznajmljivaci-se-zale-da-nema-gostiju\/#primaryimage","url":"https:\/\/radioljubuski.ba\/wp-content\/uploads\/2021\/06\/CJXMKx84_plaza.jpg","contentUrl":"https:\/\/radioljubuski.ba\/wp-content\/uploads\/2021\/06\/CJXMKx84_plaza.jpg","width":1000,"height":625},{"@type":"BreadcrumbList","@id":"https:\/\/radioljubuski.ba\/index.php\/2021\/06\/15\/evo-koliko-kosta-apartman-na-jadranu-iznajmljivaci-se-zale-da-nema-gostiju\/#breadcrumb","itemListElement":[{"@type":"ListItem","position":1,"name":"Po\u010detna stranica","item":"https:\/\/radioljubuski.ba\/"},{"@type":"ListItem","position":2,"name":"Evo koliko ko\u0161ta apartman na Jadranu: Iznajmljiva\u010di se \u017eale da nema gostiju"}]},{"@type":"WebSite","@id":"https:\/\/radioljubuski.ba\/#website","url":"https:\/\/radioljubuski.ba\/","name":"Radio Ljubu\u0161ki","description":"Sun\u010dana frekvencija Hercegovine","publisher":{"@id":"https:\/\/radioljubuski.ba\/#organization"},"potentialAction":[{"@type":"SearchAction","target":{"@type":"EntryPoint","urlTemplate":"https:\/\/radioljubuski.ba\/?s={search_term_string}"},"query-input":{"@type":"PropertyValueSpecification","valueRequired":true,"valueName":"search_term_string"}}],"inLanguage":"hr"},{"@type":"Organization","@id":"https:\/\/radioljubuski.ba\/#organization","name":"Radio Ljubu\u0161ki","url":"https:\/\/radioljubuski.ba\/","logo":{"@type":"ImageObject","inLanguage":"hr","@id":"https:\/\/radioljubuski.ba\/#\/schema\/logo\/image\/","url":"https:\/\/radioljubuski.ba\/wp-content\/uploads\/2021\/02\/cropped-Radio_Ljubuski_logo1.jpg","contentUrl":"https:\/\/radioljubuski.ba\/wp-content\/uploads\/2021\/02\/cropped-Radio_Ljubuski_logo1.jpg","width":512,"height":512,"caption":"Radio Ljubu\u0161ki"},"image":{"@id":"https:\/\/radioljubuski.ba\/#\/schema\/logo\/image\/"},"sameAs":["https:\/\/www.facebook.com\/Radiio-Ljubuski-1490835324566332","https:\/\/x.com\/radioljubuski","https:\/\/hr.linkedin.com\/company\/radio-ljubuski","https:\/\/www.youtube.com\/channel\/UCHYaeO_n0Db3tjNGudGpXyw"]},{"@type":"Person","@id":"https:\/\/radioljubuski.ba\/#\/schema\/person\/19fc700381a780f69665d7956c469e3b","name":"Radio Ljubu\u0161ki"}]}},"_links":{"self":[{"href":"https:\/\/radioljubuski.ba\/index.php\/wp-json\/wp\/v2\/posts\/32582","targetHints":{"allow":["GET"]}}],"collection":[{"href":"https:\/\/radioljubuski.ba\/index.php\/wp-json\/wp\/v2\/posts"}],"about":[{"href":"https:\/\/radioljubuski.ba\/index.php\/wp-json\/wp\/v2\/types\/post"}],"author":[{"embeddable":true,"href":"https:\/\/radioljubuski.ba\/index.php\/wp-json\/wp\/v2\/users\/2"}],"replies":[{"embeddable":true,"href":"https:\/\/radioljubuski.ba\/index.php\/wp-json\/wp\/v2\/comments?post=32582"}],"version-history":[{"count":1,"href":"https:\/\/radioljubuski.ba\/index.php\/wp-json\/wp\/v2\/posts\/32582\/revisions"}],"predecessor-version":[{"id":32584,"href":"https:\/\/radioljubuski.ba\/index.php\/wp-json\/wp\/v2\/posts\/32582\/revisions\/32584"}],"wp:featuredmedia":[{"embeddable":true,"href":"https:\/\/radioljubuski.ba\/index.php\/wp-json\/wp\/v2\/media\/32583"}],"wp:attachment":[{"href":"https:\/\/radioljubuski.ba\/index.php\/wp-json\/wp\/v2\/media?parent=32582"}],"wp:term":[{"taxonomy":"category","embeddable":true,"href":"https:\/\/radioljubuski.ba\/index.php\/wp-json\/wp\/v2\/categories?post=32582"},{"taxonomy":"post_tag","embeddable":true,"href":"https:\/\/radioljubuski.ba\/index.php\/wp-json\/wp\/v2\/tags?post=32582"}],"curies":[{"name":"wp","href":"https:\/\/api.w.org\/{rel}","templated":true}]}}