{"id":32593,"date":"2021-06-15T00:08:21","date_gmt":"2021-06-14T23:08:21","guid":{"rendered":"https:\/\/radioljubuski.ba\/?p=32593"},"modified":"2021-06-15T00:08:22","modified_gmt":"2021-06-14T23:08:22","slug":"u-prosloj-godini-u-fbih-presadena-samo-cetiri-bubrega-i-jetra","status":"publish","type":"post","link":"https:\/\/radioljubuski.ba\/index.php\/2021\/06\/15\/u-prosloj-godini-u-fbih-presadena-samo-cetiri-bubrega-i-jetra\/","title":{"rendered":"U pro\u0161loj godini u FBiH presa\u0111ena samo \u010detiri bubrega i jetra"},"content":{"rendered":"\n<p>Tek pet osoba u Federaciji BiH tijekom pro\u0161le godine dobilo je novi organ. Rije\u010d je o najmanjem broju transplantacija u ovom bh. entitetu u posljednjih sedam godina. Prema podacima Federalnog ministarstva zdravstva, u 2020. godini \u010detiri osobe dobile su novi bubreg, od \u010dega dvije od \u017eivih srodnika, te je jednoj osobi presa\u0111ena jetra, pi\u0161e Ve\u010dernji list BiH.<\/p>\n\n\n\n<p><strong>Mali broj donacija<\/strong><\/p>\n\n\n\n<p>&#8211; Tijekom 2020. godine u zdravstvenim ustanovama uklju\u010denima u program transplantacije u Federaciji BiH realiziran je jedan kadaveri\u010dni donor, odnosno dobiven pristanak obitelji za donaciju organa od jednog pacijenta kojem je potvr\u0111ena mo\u017edana smrt, nakon \u010dega je, sukladno medicinskim kriterijima, obavljena transplantacija jetre i bubrega, a realizirane su i dvije \u017eivorodbinske transplantacije bubrega &#8211; naveli su iz Ministarstva zdravstva FBiH. Usporedbe radi, godinu prije kadaveri\u010dna transplantacija bubrega (transplantacija s preminule osobe) ura\u0111ena je u dvama slu\u010dajevima, dok je \u017eiva transplantacija bubrega (rodbinska) napravljena u 11 slu\u010dajeva. U 2019. u FBiH presa\u0111ene su dvije ro\u017enice i jedna jetra.<\/p>\n\n\n\n<p>Najvi\u0161e transplantacija zabilje\u017eeno je u 2015. godini, i to 46. Rije\u010d je uglavnom o presa\u0111ivanju organa s preminulih osoba.<\/p>\n\n\n\n<p>Kako navode iz Federalnog ministarstva zdravstva, u posljednjih sedam godina ura\u0111eno je 37 transplantacija bubrega s preminulih osoba, zatim 12 transplantacija jetre, 39 transplantacija ro\u017enice te 91 transplantacija bubrega sa \u017eivih osoba. Osvr\u0107u\u0107i se na mali broj transplantacija u pro\u0161loj godini, iz Federalnog ministarstva zdravstva navode kako je pandemija u 2020. godini, prouzro\u010dena koronavirusom, ostavila dubok trag na transplantacijske programe diljem svijeta.<\/p>\n\n\n\n<p>Veliki broj zara\u017eenih osoba, raznolika prezentacija i te\u017eina nove bolesti, uz izra\u017eenu veliku zaraznost samog virusa, dramati\u010dno su utjecali na transplantacijsku medicinu, \u0161to je u FBiH, kao i u svijetu, za posljedicu imalo privremenu paralizu provo\u0111enja transplantacijskih programa, uz izuzimanje najhitnijih slu\u010dajeva za koje je ocijenjeno postojanje akutne ugroze \u017eivota s mogu\u0107om smrtnom posljedicom.<\/p>\n\n\n\n<p>&#8211; Zdravstvene ustanove u uvjetima pandemije obavljale su redovite kontrolne preglede transplantiranih pacijenata, pacijenata kandidata za transplantaciju koji su ve\u0107 prijavljeni na liste \u010dekanja za presa\u0111ivanje organa, kao i obradu i prijavu na liste \u010dekanja novih pacijenata kandidata za presa\u0111ivanje organa i tkiva. Isti\u010demo kako UKC Tuzla i KCU Sarajevo kontinuirano rade, cijelo vrijeme, obradu pacijenata kandidata za \u017eivu rodbinsku transplantaciju bubrega (ukupno 13 parova), ali da do realizacije iste jo\u0161 nije do\u0161lo zbog utvr\u0111enih medicinskih kontraindikacija vezanih uz primatelja ili donora bubrega (kod 6 parova), kao i zbog opredijeljenosti drugih parova da transplantaciju urade u inozemstvu &#8211; objasnili su iz Ministarstva zdravstva FBiH.<\/p>\n\n\n\n<p><strong>Pisano o\u010ditovanje<\/strong><\/p>\n\n\n\n<p>Isti\u010du kako su zbog novonastale epidemiolo\u0161ke situacije i smanjenja temeljnih resursa u transplantacijskim centrima KCU Sarajevo i UKC Tuzla zatra\u017eili od istih pisano o\u010ditovanje o mogu\u0107nostima nastavka provo\u0111enja transplantacijskog lije\u010denja, kao i izvje\u0161\u0107e o ispunjenosti uvjeta prostora, opreme i kadra, kako za kadaveri\u010dnu tako i za rodbinsku transplantaciju od \u017eivog donora. &#8211; Imenovani klini\u010dki centri odgovorili su pozitivno na upite, nagla\u0161avaju\u0107i svoju spremnost i postojanje svih uvjeta za nastavak provo\u0111enja transplantacijskog lije\u010denja u njihovim ustanovama, uz kontinuiranu primjenu standarda najve\u0107e razine za\u0161tite od zaraze u uvjetima trajanja epidemije COVID-19 &#8211; zaklju\u010dili su iz Ministarstva zdravstva FBiH.<\/p>\n\n\n\n<p>Izvor:vecernji.ba<\/p>\n","protected":false},"excerpt":{"rendered":"<p>Tek pet osoba u Federaciji BiH tijekom pro\u0161le godine dobilo je novi organ. Rije\u010d je o najmanjem broju transplantacija u ovom bh. entitetu u posljednjih sedam godina. Prema podacima Federalnog ministarstva zdravstva, u 2020. godini \u010detiri osobe dobile su novi bubreg, od \u010dega dvije od \u017eivih srodnika, te je jednoj osobi presa\u0111ena jetra, pi\u0161e Ve\u010dernji [&hellip;]<\/p>\n","protected":false},"author":2,"featured_media":32594,"comment_status":"closed","ping_status":"closed","sticky":false,"template":"","format":"standard","meta":{"h5ap_radio_sources":[],"footnotes":""},"categories":[1],"tags":[],"class_list":["post-32593","post","type-post","status-publish","format-standard","has-post-thumbnail","hentry","category-bihiregija"],"yoast_head":"<!-- This site is optimized with the Yoast SEO plugin v27.5 - https:\/\/yoast.com\/product\/yoast-seo-wordpress\/ -->\n<title>U pro\u0161loj godini u FBiH presa\u0111ena samo \u010detiri bubrega i jetra - RADIO LJUBU\u0160KI<\/title>\n<meta name=\"robots\" content=\"index, follow, max-snippet:-1, max-image-preview:large, max-video-preview:-1\" \/>\n<link rel=\"canonical\" href=\"https:\/\/radioljubuski.ba\/index.php\/2021\/06\/15\/u-prosloj-godini-u-fbih-presadena-samo-cetiri-bubrega-i-jetra\/\" \/>\n<meta property=\"og:locale\" content=\"hr_HR\" \/>\n<meta property=\"og:type\" content=\"article\" \/>\n<meta property=\"og:title\" content=\"U pro\u0161loj godini u FBiH presa\u0111ena samo \u010detiri bubrega i jetra - RADIO LJUBU\u0160KI\" \/>\n<meta property=\"og:description\" content=\"Tek pet osoba u Federaciji BiH tijekom pro\u0161le godine dobilo je novi organ. Rije\u010d je o najmanjem broju transplantacija u ovom bh. entitetu u posljednjih sedam godina. Prema podacima Federalnog ministarstva zdravstva, u 2020. godini \u010detiri osobe dobile su novi bubreg, od \u010dega dvije od \u017eivih srodnika, te je jednoj osobi presa\u0111ena jetra, pi\u0161e Ve\u010dernji [&hellip;]\" \/>\n<meta property=\"og:url\" content=\"https:\/\/radioljubuski.ba\/index.php\/2021\/06\/15\/u-prosloj-godini-u-fbih-presadena-samo-cetiri-bubrega-i-jetra\/\" \/>\n<meta property=\"og:site_name\" content=\"RADIO LJUBU\u0160KI\" \/>\n<meta property=\"article:publisher\" content=\"https:\/\/www.facebook.com\/Radiio-Ljubuski-1490835324566332\" \/>\n<meta property=\"article:published_time\" content=\"2021-06-14T23:08:21+00:00\" \/>\n<meta property=\"article:modified_time\" content=\"2021-06-14T23:08:22+00:00\" \/>\n<meta property=\"og:image\" content=\"https:\/\/radioljubuski.ba\/wp-content\/uploads\/2021\/06\/fWjqC6xG_operacija.jpg\" \/>\n\t<meta property=\"og:image:width\" content=\"1000\" \/>\n\t<meta property=\"og:image:height\" content=\"625\" \/>\n\t<meta property=\"og:image:type\" content=\"image\/jpeg\" \/>\n<meta name=\"author\" content=\"Radio Ljubu\u0161ki\" \/>\n<meta name=\"twitter:card\" content=\"summary_large_image\" \/>\n<meta name=\"twitter:creator\" content=\"@radioljubuski\" \/>\n<meta name=\"twitter:site\" content=\"@radioljubuski\" \/>\n<meta name=\"twitter:label1\" content=\"Napisao\/la\" \/>\n\t<meta name=\"twitter:data1\" content=\"Radio Ljubu\u0161ki\" \/>\n\t<meta name=\"twitter:label2\" content=\"Procijenjeno vrijeme \u010ditanja\" \/>\n\t<meta name=\"twitter:data2\" content=\"3 minute\" \/>\n<script type=\"application\/ld+json\" class=\"yoast-schema-graph\">{\"@context\":\"https:\\\/\\\/schema.org\",\"@graph\":[{\"@type\":\"Article\",\"@id\":\"https:\\\/\\\/radioljubuski.ba\\\/index.php\\\/2021\\\/06\\\/15\\\/u-prosloj-godini-u-fbih-presadena-samo-cetiri-bubrega-i-jetra\\\/#article\",\"isPartOf\":{\"@id\":\"https:\\\/\\\/radioljubuski.ba\\\/index.php\\\/2021\\\/06\\\/15\\\/u-prosloj-godini-u-fbih-presadena-samo-cetiri-bubrega-i-jetra\\\/\"},\"author\":{\"name\":\"Radio Ljubu\u0161ki\",\"@id\":\"https:\\\/\\\/radioljubuski.ba\\\/#\\\/schema\\\/person\\\/19fc700381a780f69665d7956c469e3b\"},\"headline\":\"U pro\u0161loj godini u FBiH presa\u0111ena samo \u010detiri bubrega i jetra\",\"datePublished\":\"2021-06-14T23:08:21+00:00\",\"dateModified\":\"2021-06-14T23:08:22+00:00\",\"mainEntityOfPage\":{\"@id\":\"https:\\\/\\\/radioljubuski.ba\\\/index.php\\\/2021\\\/06\\\/15\\\/u-prosloj-godini-u-fbih-presadena-samo-cetiri-bubrega-i-jetra\\\/\"},\"wordCount\":550,\"publisher\":{\"@id\":\"https:\\\/\\\/radioljubuski.ba\\\/#organization\"},\"image\":{\"@id\":\"https:\\\/\\\/radioljubuski.ba\\\/index.php\\\/2021\\\/06\\\/15\\\/u-prosloj-godini-u-fbih-presadena-samo-cetiri-bubrega-i-jetra\\\/#primaryimage\"},\"thumbnailUrl\":\"https:\\\/\\\/radioljubuski.ba\\\/wp-content\\\/uploads\\\/2021\\\/06\\\/fWjqC6xG_operacija.jpg\",\"articleSection\":[\"BIH i regija\"],\"inLanguage\":\"hr\"},{\"@type\":\"WebPage\",\"@id\":\"https:\\\/\\\/radioljubuski.ba\\\/index.php\\\/2021\\\/06\\\/15\\\/u-prosloj-godini-u-fbih-presadena-samo-cetiri-bubrega-i-jetra\\\/\",\"url\":\"https:\\\/\\\/radioljubuski.ba\\\/index.php\\\/2021\\\/06\\\/15\\\/u-prosloj-godini-u-fbih-presadena-samo-cetiri-bubrega-i-jetra\\\/\",\"name\":\"U pro\u0161loj godini u FBiH presa\u0111ena samo \u010detiri bubrega i jetra - RADIO LJUBU\u0160KI\",\"isPartOf\":{\"@id\":\"https:\\\/\\\/radioljubuski.ba\\\/#website\"},\"primaryImageOfPage\":{\"@id\":\"https:\\\/\\\/radioljubuski.ba\\\/index.php\\\/2021\\\/06\\\/15\\\/u-prosloj-godini-u-fbih-presadena-samo-cetiri-bubrega-i-jetra\\\/#primaryimage\"},\"image\":{\"@id\":\"https:\\\/\\\/radioljubuski.ba\\\/index.php\\\/2021\\\/06\\\/15\\\/u-prosloj-godini-u-fbih-presadena-samo-cetiri-bubrega-i-jetra\\\/#primaryimage\"},\"thumbnailUrl\":\"https:\\\/\\\/radioljubuski.ba\\\/wp-content\\\/uploads\\\/2021\\\/06\\\/fWjqC6xG_operacija.jpg\",\"datePublished\":\"2021-06-14T23:08:21+00:00\",\"dateModified\":\"2021-06-14T23:08:22+00:00\",\"breadcrumb\":{\"@id\":\"https:\\\/\\\/radioljubuski.ba\\\/index.php\\\/2021\\\/06\\\/15\\\/u-prosloj-godini-u-fbih-presadena-samo-cetiri-bubrega-i-jetra\\\/#breadcrumb\"},\"inLanguage\":\"hr\",\"potentialAction\":[{\"@type\":\"ReadAction\",\"target\":[\"https:\\\/\\\/radioljubuski.ba\\\/index.php\\\/2021\\\/06\\\/15\\\/u-prosloj-godini-u-fbih-presadena-samo-cetiri-bubrega-i-jetra\\\/\"]}]},{\"@type\":\"ImageObject\",\"inLanguage\":\"hr\",\"@id\":\"https:\\\/\\\/radioljubuski.ba\\\/index.php\\\/2021\\\/06\\\/15\\\/u-prosloj-godini-u-fbih-presadena-samo-cetiri-bubrega-i-jetra\\\/#primaryimage\",\"url\":\"https:\\\/\\\/radioljubuski.ba\\\/wp-content\\\/uploads\\\/2021\\\/06\\\/fWjqC6xG_operacija.jpg\",\"contentUrl\":\"https:\\\/\\\/radioljubuski.ba\\\/wp-content\\\/uploads\\\/2021\\\/06\\\/fWjqC6xG_operacija.jpg\",\"width\":1000,\"height\":625},{\"@type\":\"BreadcrumbList\",\"@id\":\"https:\\\/\\\/radioljubuski.ba\\\/index.php\\\/2021\\\/06\\\/15\\\/u-prosloj-godini-u-fbih-presadena-samo-cetiri-bubrega-i-jetra\\\/#breadcrumb\",\"itemListElement\":[{\"@type\":\"ListItem\",\"position\":1,\"name\":\"Po\u010detna stranica\",\"item\":\"https:\\\/\\\/radioljubuski.ba\\\/\"},{\"@type\":\"ListItem\",\"position\":2,\"name\":\"U pro\u0161loj godini u FBiH presa\u0111ena samo \u010detiri bubrega i jetra\"}]},{\"@type\":\"WebSite\",\"@id\":\"https:\\\/\\\/radioljubuski.ba\\\/#website\",\"url\":\"https:\\\/\\\/radioljubuski.ba\\\/\",\"name\":\"Radio Ljubu\u0161ki\",\"description\":\"Sun\u010dana frekvencija Hercegovine\",\"publisher\":{\"@id\":\"https:\\\/\\\/radioljubuski.ba\\\/#organization\"},\"potentialAction\":[{\"@type\":\"SearchAction\",\"target\":{\"@type\":\"EntryPoint\",\"urlTemplate\":\"https:\\\/\\\/radioljubuski.ba\\\/?s={search_term_string}\"},\"query-input\":{\"@type\":\"PropertyValueSpecification\",\"valueRequired\":true,\"valueName\":\"search_term_string\"}}],\"inLanguage\":\"hr\"},{\"@type\":\"Organization\",\"@id\":\"https:\\\/\\\/radioljubuski.ba\\\/#organization\",\"name\":\"Radio Ljubu\u0161ki\",\"url\":\"https:\\\/\\\/radioljubuski.ba\\\/\",\"logo\":{\"@type\":\"ImageObject\",\"inLanguage\":\"hr\",\"@id\":\"https:\\\/\\\/radioljubuski.ba\\\/#\\\/schema\\\/logo\\\/image\\\/\",\"url\":\"https:\\\/\\\/radioljubuski.ba\\\/wp-content\\\/uploads\\\/2021\\\/02\\\/cropped-Radio_Ljubuski_logo1.jpg\",\"contentUrl\":\"https:\\\/\\\/radioljubuski.ba\\\/wp-content\\\/uploads\\\/2021\\\/02\\\/cropped-Radio_Ljubuski_logo1.jpg\",\"width\":512,\"height\":512,\"caption\":\"Radio Ljubu\u0161ki\"},\"image\":{\"@id\":\"https:\\\/\\\/radioljubuski.ba\\\/#\\\/schema\\\/logo\\\/image\\\/\"},\"sameAs\":[\"https:\\\/\\\/www.facebook.com\\\/Radiio-Ljubuski-1490835324566332\",\"https:\\\/\\\/x.com\\\/radioljubuski\",\"https:\\\/\\\/hr.linkedin.com\\\/company\\\/radio-ljubuski\",\"https:\\\/\\\/www.youtube.com\\\/channel\\\/UCHYaeO_n0Db3tjNGudGpXyw\"]},{\"@type\":\"Person\",\"@id\":\"https:\\\/\\\/radioljubuski.ba\\\/#\\\/schema\\\/person\\\/19fc700381a780f69665d7956c469e3b\",\"name\":\"Radio Ljubu\u0161ki\"}]}<\/script>\n<!-- \/ Yoast SEO plugin. -->","yoast_head_json":{"title":"U pro\u0161loj godini u FBiH presa\u0111ena samo \u010detiri bubrega i jetra - RADIO LJUBU\u0160KI","robots":{"index":"index","follow":"follow","max-snippet":"max-snippet:-1","max-image-preview":"max-image-preview:large","max-video-preview":"max-video-preview:-1"},"canonical":"https:\/\/radioljubuski.ba\/index.php\/2021\/06\/15\/u-prosloj-godini-u-fbih-presadena-samo-cetiri-bubrega-i-jetra\/","og_locale":"hr_HR","og_type":"article","og_title":"U pro\u0161loj godini u FBiH presa\u0111ena samo \u010detiri bubrega i jetra - RADIO LJUBU\u0160KI","og_description":"Tek pet osoba u Federaciji BiH tijekom pro\u0161le godine dobilo je novi organ. Rije\u010d je o najmanjem broju transplantacija u ovom bh. entitetu u posljednjih sedam godina. Prema podacima Federalnog ministarstva zdravstva, u 2020. godini \u010detiri osobe dobile su novi bubreg, od \u010dega dvije od \u017eivih srodnika, te je jednoj osobi presa\u0111ena jetra, pi\u0161e Ve\u010dernji [&hellip;]","og_url":"https:\/\/radioljubuski.ba\/index.php\/2021\/06\/15\/u-prosloj-godini-u-fbih-presadena-samo-cetiri-bubrega-i-jetra\/","og_site_name":"RADIO LJUBU\u0160KI","article_publisher":"https:\/\/www.facebook.com\/Radiio-Ljubuski-1490835324566332","article_published_time":"2021-06-14T23:08:21+00:00","article_modified_time":"2021-06-14T23:08:22+00:00","og_image":[{"width":1000,"height":625,"url":"https:\/\/radioljubuski.ba\/wp-content\/uploads\/2021\/06\/fWjqC6xG_operacija.jpg","type":"image\/jpeg"}],"author":"Radio Ljubu\u0161ki","twitter_card":"summary_large_image","twitter_creator":"@radioljubuski","twitter_site":"@radioljubuski","twitter_misc":{"Napisao\/la":"Radio Ljubu\u0161ki","Procijenjeno vrijeme \u010ditanja":"3 minute"},"schema":{"@context":"https:\/\/schema.org","@graph":[{"@type":"Article","@id":"https:\/\/radioljubuski.ba\/index.php\/2021\/06\/15\/u-prosloj-godini-u-fbih-presadena-samo-cetiri-bubrega-i-jetra\/#article","isPartOf":{"@id":"https:\/\/radioljubuski.ba\/index.php\/2021\/06\/15\/u-prosloj-godini-u-fbih-presadena-samo-cetiri-bubrega-i-jetra\/"},"author":{"name":"Radio Ljubu\u0161ki","@id":"https:\/\/radioljubuski.ba\/#\/schema\/person\/19fc700381a780f69665d7956c469e3b"},"headline":"U pro\u0161loj godini u FBiH presa\u0111ena samo \u010detiri bubrega i jetra","datePublished":"2021-06-14T23:08:21+00:00","dateModified":"2021-06-14T23:08:22+00:00","mainEntityOfPage":{"@id":"https:\/\/radioljubuski.ba\/index.php\/2021\/06\/15\/u-prosloj-godini-u-fbih-presadena-samo-cetiri-bubrega-i-jetra\/"},"wordCount":550,"publisher":{"@id":"https:\/\/radioljubuski.ba\/#organization"},"image":{"@id":"https:\/\/radioljubuski.ba\/index.php\/2021\/06\/15\/u-prosloj-godini-u-fbih-presadena-samo-cetiri-bubrega-i-jetra\/#primaryimage"},"thumbnailUrl":"https:\/\/radioljubuski.ba\/wp-content\/uploads\/2021\/06\/fWjqC6xG_operacija.jpg","articleSection":["BIH i regija"],"inLanguage":"hr"},{"@type":"WebPage","@id":"https:\/\/radioljubuski.ba\/index.php\/2021\/06\/15\/u-prosloj-godini-u-fbih-presadena-samo-cetiri-bubrega-i-jetra\/","url":"https:\/\/radioljubuski.ba\/index.php\/2021\/06\/15\/u-prosloj-godini-u-fbih-presadena-samo-cetiri-bubrega-i-jetra\/","name":"U pro\u0161loj godini u FBiH presa\u0111ena samo \u010detiri bubrega i jetra - RADIO LJUBU\u0160KI","isPartOf":{"@id":"https:\/\/radioljubuski.ba\/#website"},"primaryImageOfPage":{"@id":"https:\/\/radioljubuski.ba\/index.php\/2021\/06\/15\/u-prosloj-godini-u-fbih-presadena-samo-cetiri-bubrega-i-jetra\/#primaryimage"},"image":{"@id":"https:\/\/radioljubuski.ba\/index.php\/2021\/06\/15\/u-prosloj-godini-u-fbih-presadena-samo-cetiri-bubrega-i-jetra\/#primaryimage"},"thumbnailUrl":"https:\/\/radioljubuski.ba\/wp-content\/uploads\/2021\/06\/fWjqC6xG_operacija.jpg","datePublished":"2021-06-14T23:08:21+00:00","dateModified":"2021-06-14T23:08:22+00:00","breadcrumb":{"@id":"https:\/\/radioljubuski.ba\/index.php\/2021\/06\/15\/u-prosloj-godini-u-fbih-presadena-samo-cetiri-bubrega-i-jetra\/#breadcrumb"},"inLanguage":"hr","potentialAction":[{"@type":"ReadAction","target":["https:\/\/radioljubuski.ba\/index.php\/2021\/06\/15\/u-prosloj-godini-u-fbih-presadena-samo-cetiri-bubrega-i-jetra\/"]}]},{"@type":"ImageObject","inLanguage":"hr","@id":"https:\/\/radioljubuski.ba\/index.php\/2021\/06\/15\/u-prosloj-godini-u-fbih-presadena-samo-cetiri-bubrega-i-jetra\/#primaryimage","url":"https:\/\/radioljubuski.ba\/wp-content\/uploads\/2021\/06\/fWjqC6xG_operacija.jpg","contentUrl":"https:\/\/radioljubuski.ba\/wp-content\/uploads\/2021\/06\/fWjqC6xG_operacija.jpg","width":1000,"height":625},{"@type":"BreadcrumbList","@id":"https:\/\/radioljubuski.ba\/index.php\/2021\/06\/15\/u-prosloj-godini-u-fbih-presadena-samo-cetiri-bubrega-i-jetra\/#breadcrumb","itemListElement":[{"@type":"ListItem","position":1,"name":"Po\u010detna stranica","item":"https:\/\/radioljubuski.ba\/"},{"@type":"ListItem","position":2,"name":"U pro\u0161loj godini u FBiH presa\u0111ena samo \u010detiri bubrega i jetra"}]},{"@type":"WebSite","@id":"https:\/\/radioljubuski.ba\/#website","url":"https:\/\/radioljubuski.ba\/","name":"Radio Ljubu\u0161ki","description":"Sun\u010dana frekvencija Hercegovine","publisher":{"@id":"https:\/\/radioljubuski.ba\/#organization"},"potentialAction":[{"@type":"SearchAction","target":{"@type":"EntryPoint","urlTemplate":"https:\/\/radioljubuski.ba\/?s={search_term_string}"},"query-input":{"@type":"PropertyValueSpecification","valueRequired":true,"valueName":"search_term_string"}}],"inLanguage":"hr"},{"@type":"Organization","@id":"https:\/\/radioljubuski.ba\/#organization","name":"Radio Ljubu\u0161ki","url":"https:\/\/radioljubuski.ba\/","logo":{"@type":"ImageObject","inLanguage":"hr","@id":"https:\/\/radioljubuski.ba\/#\/schema\/logo\/image\/","url":"https:\/\/radioljubuski.ba\/wp-content\/uploads\/2021\/02\/cropped-Radio_Ljubuski_logo1.jpg","contentUrl":"https:\/\/radioljubuski.ba\/wp-content\/uploads\/2021\/02\/cropped-Radio_Ljubuski_logo1.jpg","width":512,"height":512,"caption":"Radio Ljubu\u0161ki"},"image":{"@id":"https:\/\/radioljubuski.ba\/#\/schema\/logo\/image\/"},"sameAs":["https:\/\/www.facebook.com\/Radiio-Ljubuski-1490835324566332","https:\/\/x.com\/radioljubuski","https:\/\/hr.linkedin.com\/company\/radio-ljubuski","https:\/\/www.youtube.com\/channel\/UCHYaeO_n0Db3tjNGudGpXyw"]},{"@type":"Person","@id":"https:\/\/radioljubuski.ba\/#\/schema\/person\/19fc700381a780f69665d7956c469e3b","name":"Radio Ljubu\u0161ki"}]}},"_links":{"self":[{"href":"https:\/\/radioljubuski.ba\/index.php\/wp-json\/wp\/v2\/posts\/32593","targetHints":{"allow":["GET"]}}],"collection":[{"href":"https:\/\/radioljubuski.ba\/index.php\/wp-json\/wp\/v2\/posts"}],"about":[{"href":"https:\/\/radioljubuski.ba\/index.php\/wp-json\/wp\/v2\/types\/post"}],"author":[{"embeddable":true,"href":"https:\/\/radioljubuski.ba\/index.php\/wp-json\/wp\/v2\/users\/2"}],"replies":[{"embeddable":true,"href":"https:\/\/radioljubuski.ba\/index.php\/wp-json\/wp\/v2\/comments?post=32593"}],"version-history":[{"count":1,"href":"https:\/\/radioljubuski.ba\/index.php\/wp-json\/wp\/v2\/posts\/32593\/revisions"}],"predecessor-version":[{"id":32595,"href":"https:\/\/radioljubuski.ba\/index.php\/wp-json\/wp\/v2\/posts\/32593\/revisions\/32595"}],"wp:featuredmedia":[{"embeddable":true,"href":"https:\/\/radioljubuski.ba\/index.php\/wp-json\/wp\/v2\/media\/32594"}],"wp:attachment":[{"href":"https:\/\/radioljubuski.ba\/index.php\/wp-json\/wp\/v2\/media?parent=32593"}],"wp:term":[{"taxonomy":"category","embeddable":true,"href":"https:\/\/radioljubuski.ba\/index.php\/wp-json\/wp\/v2\/categories?post=32593"},{"taxonomy":"post_tag","embeddable":true,"href":"https:\/\/radioljubuski.ba\/index.php\/wp-json\/wp\/v2\/tags?post=32593"}],"curies":[{"name":"wp","href":"https:\/\/api.w.org\/{rel}","templated":true}]}}