{"id":32602,"date":"2021-06-15T00:13:05","date_gmt":"2021-06-14T23:13:05","guid":{"rendered":"https:\/\/radioljubuski.ba\/?p=32602"},"modified":"2021-06-15T00:13:06","modified_gmt":"2021-06-14T23:13:06","slug":"milanovic-neki-imaju-kreativne-planove-s-bih-e-tu-ce-se-hrvatska-pitati-pitat-ce-se-i-bosanski-srbi","status":"publish","type":"post","link":"https:\/\/radioljubuski.ba\/index.php\/2021\/06\/15\/milanovic-neki-imaju-kreativne-planove-s-bih-e-tu-ce-se-hrvatska-pitati-pitat-ce-se-i-bosanski-srbi\/","title":{"rendered":"Milanovi\u0107: Neki imaju kreativne planove s BiH. E, tu \u0107e se Hrvatska pitati, pitat \u0107e se i bosanski Srbi!"},"content":{"rendered":"\n<p><strong>Zadovoljan i zabrinut \u2013 tako je svoje raspolo\u017eenje opisao predsjednik RH Zoran Milanovi\u0107 na press konferenciji po zavr\u0161etku NATO summita u Bruxellesu.<\/strong><\/p>\n\n\n\n<p>Komentirao je onaj dio zavr\u0161ne deklaracije summita, tzv. communique-a, koji se referira na Bosnu i Hercegovinu, a koji je na njegovu intervenciju, odnosno prijetnju da Hrvatska ne\u0107e podr\u017eati deklaraciju summita ako se to ne promijeni, ipak promijenjen u nedjelju, dan prije summita.<\/p>\n\n\n\n<p>Promijenjen je tako da tekst spominje mirovni sporazum iz Daytona i potrebu izborne reforme u BiH.<\/p>\n\n\n\n<p>\u2013 Zadovoljan sam i zabrinut jer to \u0161to se doga\u0111alo s communiqueom u onom dijelu koji je nama interesantan nije normalno. Morat \u0107emo ispitati \u0161to to\u010dno stoji iza toga i kako je mogu\u0107e da je jedan nemali broj dr\u017eava sabotira, odnosno otvoreno opstruira, onemogu\u0107ava to da se u pasusu o BiH, koji je sastavni dio zavr\u0161nog dokumenta, uop\u0107e spomene Dayton, kao da je to ne\u0161to otrovno. To je ono \u0161to me zabrinjava, to nije normalno! Ja sam to uspio u zadnji trenutak ispraviti, jer smo bili prinu\u0111eni pribje\u0107i tim metodama. Ali to je znak upozorenja. Da nisam to napravio, imali bismo deklaraciju koju kao da je pisao neki korifej, zagovornik tzv. gra\u0111anske BiH, \u0161to je ne\u0161to \u0161to zvu\u010di jako plemenito, ali je u stvari podvala \u2013 rekao je Milanovi\u0107.<\/p>\n\n\n\n<p>\u2013 Uspjeli smo u communique ubaciti potrebu izborne reforme u BiH, koje nije bilo. I isklju\u010diti dosta manipulativnu referencu na sve gra\u0111ane BiH, \u0161to u svakom drugom kontekstu zvu\u010di vrlo plemenito i dobronamjerno, ali ne u ovom. I kona\u010dno ih natjerati da se u tekst stavi spomen Op\u0107eg okvirnog sporazuma za BiH (slu\u017ebeni naziv onoga \u0161to se neslu\u017ebeno naziva sporazumom iz Daytona, op.a.). Ni\u010dega toga nije bilo do ju\u010der popodne \u2013 dodao je Milanovi\u0107, a prenosi zagreba\u010dki Ve\u010dernji list.<\/p>\n\n\n\n<p>Na novinarsko pitanje je li s nekim od ostalih lidera razgovarao o ovom kontroverznom detalju, predsjednik RH rekao je da jest, \u201cskoro sa svima, osim s Bidenom, koji se uop\u0107e nije pojavio u kuloarima\u201d. I nastavio, usput daju\u0107i dijagnozu poreme\u0107aja pa\u017enje nekim neimenovanim kolegama dr\u017eavnicima.<\/p>\n\n\n\n<p>\u2013 Razgovarao sa s Macronom i s dosta njih. Ovo je doga\u0111aj na kojem je pristojno sjediti i slu\u0161ati govore svojih kolega. Oni koji imaju poreme\u0107aj pa\u017enje, ADHD, glavinjaju okolo cijelo vrijeme, ali to nisu ni Biden, ni Merkel, ni Macron, niti ve\u0107ina ovih predsjednika velikih dr\u017eava. Oni su cijelo vrijeme sjedili tamo i slu\u0161ali, ili se pravili da slu\u0161aju, \u0161to govore njihovi kolege. Kuloari vam dopu\u0161taju da pri\u010date prakti\u010dki sa svima \u2013 rekao je Milanovi\u0107, koji nije imao nijedan formalni, unaprijed dogovoren bilateralni sastanak na marginama NATO summita.<\/p>\n\n\n\n<p>Na kraju, predsjednik RH smatra da hrvatski premijer Andrej Plenkovi\u0107 i ministar Gordan Grli\u0107-Radman moraju nastaviti ondje gdje je on danas stao u svojoj diplomatskoj bitci u predgra\u0111u Bruxellesa.<\/p>\n\n\n\n<p>\u2013 Da se ovakve stvari ne ponove, premijer, koji ima vi\u0161e prilike nego ja, mo\u017ee s Macronom to rije\u0161iti za deset minuta. Morat \u0107emo kao diplomacija, kao dr\u017eavna slu\u017eba shvatiti, iskopati za\u0161to postoji toliko opstrukcija prema Daytonu. To me upu\u0107uje na jedini mogu\u0107i zaklju\u010dak da netko drugi ili tre\u0107i ili \u010detvrti ima nekakve kreativne planove s BiH. E, tu \u0107e se Hrvatska pitati. Pitat \u0107e se i bosanski Srbi, nisu bili na\u0161i saveznici u ratu, bili su neprijatelji, Bo\u0161njaci su ipak bili saveznici u najve\u0107em dijelu vremena, ali ono \u0161to mene zanima u BiH \u2013 cjelovitoj, neokrnjenoj, jedinstvenoj i to nikada ne dovodim u pitanje \u2013 jest sudbina i temeljna dr\u017eavna, glasa\u010dka i gra\u0111anska prava bosanskohercegova\u010dkih Hrvata koji su skoro svi i hrvatski dr\u017eavljani. To je \u010dinjenica koja je politi\u010dki i pravno bila poznata i NATO-u i Europskoj uniji u trenutku na\u0161eg pristupa tim asocijacijama. \u0160to tu nije jasno? To nije podvala, to je jednostavno teret ili dragulj, ovisno kako tko gleda. To je \u010dinjenica. Dakle, 500 tisu\u0107a dr\u017eavljana jedne NATO \u010dlanice \u017eivi u BiH i \u0161to se nas ti\u010de tamo i trebaju ostati \u017eivjeti. U bih, ne u Hrvatskoj do Drine niti do \u010citluka, ali to su Hrvati i tu ima razgovora, kompromisa, ali nismo budale \u2013 zaklju\u010dio je Milanovi\u0107 u Bruxellesu.<\/p>\n\n\n\n<p>\/HMS\/<\/p>\n","protected":false},"excerpt":{"rendered":"<p>Zadovoljan i zabrinut \u2013 tako je svoje raspolo\u017eenje opisao predsjednik RH Zoran Milanovi\u0107 na press konferenciji po zavr\u0161etku NATO summita u Bruxellesu. Komentirao je onaj dio zavr\u0161ne deklaracije summita, tzv. communique-a, koji se referira na Bosnu i Hercegovinu, a koji je na njegovu intervenciju, odnosno prijetnju da Hrvatska ne\u0107e podr\u017eati deklaraciju summita ako se to [&hellip;]<\/p>\n","protected":false},"author":2,"featured_media":32603,"comment_status":"closed","ping_status":"closed","sticky":false,"template":"","format":"standard","meta":{"h5ap_radio_sources":[],"footnotes":""},"categories":[1],"tags":[],"class_list":["post-32602","post","type-post","status-publish","format-standard","has-post-thumbnail","hentry","category-bihiregija"],"yoast_head":"<!-- This site is optimized with the Yoast SEO plugin v27.5 - https:\/\/yoast.com\/product\/yoast-seo-wordpress\/ -->\n<title>Milanovi\u0107: Neki imaju kreativne planove s BiH. E, tu \u0107e se Hrvatska pitati, pitat \u0107e se i bosanski Srbi! - RADIO LJUBU\u0160KI<\/title>\n<meta name=\"robots\" content=\"index, follow, max-snippet:-1, max-image-preview:large, max-video-preview:-1\" \/>\n<link rel=\"canonical\" href=\"https:\/\/radioljubuski.ba\/index.php\/2021\/06\/15\/milanovic-neki-imaju-kreativne-planove-s-bih-e-tu-ce-se-hrvatska-pitati-pitat-ce-se-i-bosanski-srbi\/\" \/>\n<meta property=\"og:locale\" content=\"hr_HR\" \/>\n<meta property=\"og:type\" content=\"article\" \/>\n<meta property=\"og:title\" content=\"Milanovi\u0107: Neki imaju kreativne planove s BiH. E, tu \u0107e se Hrvatska pitati, pitat \u0107e se i bosanski Srbi! - RADIO LJUBU\u0160KI\" \/>\n<meta property=\"og:description\" content=\"Zadovoljan i zabrinut \u2013 tako je svoje raspolo\u017eenje opisao predsjednik RH Zoran Milanovi\u0107 na press konferenciji po zavr\u0161etku NATO summita u Bruxellesu. Komentirao je onaj dio zavr\u0161ne deklaracije summita, tzv. communique-a, koji se referira na Bosnu i Hercegovinu, a koji je na njegovu intervenciju, odnosno prijetnju da Hrvatska ne\u0107e podr\u017eati deklaraciju summita ako se to [&hellip;]\" \/>\n<meta property=\"og:url\" content=\"https:\/\/radioljubuski.ba\/index.php\/2021\/06\/15\/milanovic-neki-imaju-kreativne-planove-s-bih-e-tu-ce-se-hrvatska-pitati-pitat-ce-se-i-bosanski-srbi\/\" \/>\n<meta property=\"og:site_name\" content=\"RADIO LJUBU\u0160KI\" \/>\n<meta property=\"article:publisher\" content=\"https:\/\/www.facebook.com\/Radiio-Ljubuski-1490835324566332\" \/>\n<meta property=\"article:published_time\" content=\"2021-06-14T23:13:05+00:00\" \/>\n<meta property=\"article:modified_time\" content=\"2021-06-14T23:13:06+00:00\" \/>\n<meta property=\"og:image\" content=\"https:\/\/radioljubuski.ba\/wp-content\/uploads\/2021\/06\/milanovic_nato.jpg\" \/>\n\t<meta property=\"og:image:width\" content=\"840\" \/>\n\t<meta property=\"og:image:height\" content=\"470\" \/>\n\t<meta property=\"og:image:type\" content=\"image\/jpeg\" \/>\n<meta name=\"author\" content=\"Radio Ljubu\u0161ki\" \/>\n<meta name=\"twitter:card\" content=\"summary_large_image\" \/>\n<meta name=\"twitter:creator\" content=\"@radioljubuski\" \/>\n<meta name=\"twitter:site\" content=\"@radioljubuski\" \/>\n<meta name=\"twitter:label1\" content=\"Napisao\/la\" \/>\n\t<meta name=\"twitter:data1\" content=\"Radio Ljubu\u0161ki\" \/>\n\t<meta name=\"twitter:label2\" content=\"Procijenjeno vrijeme \u010ditanja\" \/>\n\t<meta name=\"twitter:data2\" content=\"3 minute\" \/>\n<script type=\"application\/ld+json\" class=\"yoast-schema-graph\">{\"@context\":\"https:\\\/\\\/schema.org\",\"@graph\":[{\"@type\":\"Article\",\"@id\":\"https:\\\/\\\/radioljubuski.ba\\\/index.php\\\/2021\\\/06\\\/15\\\/milanovic-neki-imaju-kreativne-planove-s-bih-e-tu-ce-se-hrvatska-pitati-pitat-ce-se-i-bosanski-srbi\\\/#article\",\"isPartOf\":{\"@id\":\"https:\\\/\\\/radioljubuski.ba\\\/index.php\\\/2021\\\/06\\\/15\\\/milanovic-neki-imaju-kreativne-planove-s-bih-e-tu-ce-se-hrvatska-pitati-pitat-ce-se-i-bosanski-srbi\\\/\"},\"author\":{\"name\":\"Radio Ljubu\u0161ki\",\"@id\":\"https:\\\/\\\/radioljubuski.ba\\\/#\\\/schema\\\/person\\\/19fc700381a780f69665d7956c469e3b\"},\"headline\":\"Milanovi\u0107: Neki imaju kreativne planove s BiH. E, tu \u0107e se Hrvatska pitati, pitat \u0107e se i bosanski Srbi!\",\"datePublished\":\"2021-06-14T23:13:05+00:00\",\"dateModified\":\"2021-06-14T23:13:06+00:00\",\"mainEntityOfPage\":{\"@id\":\"https:\\\/\\\/radioljubuski.ba\\\/index.php\\\/2021\\\/06\\\/15\\\/milanovic-neki-imaju-kreativne-planove-s-bih-e-tu-ce-se-hrvatska-pitati-pitat-ce-se-i-bosanski-srbi\\\/\"},\"wordCount\":744,\"publisher\":{\"@id\":\"https:\\\/\\\/radioljubuski.ba\\\/#organization\"},\"image\":{\"@id\":\"https:\\\/\\\/radioljubuski.ba\\\/index.php\\\/2021\\\/06\\\/15\\\/milanovic-neki-imaju-kreativne-planove-s-bih-e-tu-ce-se-hrvatska-pitati-pitat-ce-se-i-bosanski-srbi\\\/#primaryimage\"},\"thumbnailUrl\":\"https:\\\/\\\/radioljubuski.ba\\\/wp-content\\\/uploads\\\/2021\\\/06\\\/milanovic_nato.jpg\",\"articleSection\":[\"BIH i regija\"],\"inLanguage\":\"hr\"},{\"@type\":\"WebPage\",\"@id\":\"https:\\\/\\\/radioljubuski.ba\\\/index.php\\\/2021\\\/06\\\/15\\\/milanovic-neki-imaju-kreativne-planove-s-bih-e-tu-ce-se-hrvatska-pitati-pitat-ce-se-i-bosanski-srbi\\\/\",\"url\":\"https:\\\/\\\/radioljubuski.ba\\\/index.php\\\/2021\\\/06\\\/15\\\/milanovic-neki-imaju-kreativne-planove-s-bih-e-tu-ce-se-hrvatska-pitati-pitat-ce-se-i-bosanski-srbi\\\/\",\"name\":\"Milanovi\u0107: Neki imaju kreativne planove s BiH. E, tu \u0107e se Hrvatska pitati, pitat \u0107e se i bosanski Srbi! - RADIO LJUBU\u0160KI\",\"isPartOf\":{\"@id\":\"https:\\\/\\\/radioljubuski.ba\\\/#website\"},\"primaryImageOfPage\":{\"@id\":\"https:\\\/\\\/radioljubuski.ba\\\/index.php\\\/2021\\\/06\\\/15\\\/milanovic-neki-imaju-kreativne-planove-s-bih-e-tu-ce-se-hrvatska-pitati-pitat-ce-se-i-bosanski-srbi\\\/#primaryimage\"},\"image\":{\"@id\":\"https:\\\/\\\/radioljubuski.ba\\\/index.php\\\/2021\\\/06\\\/15\\\/milanovic-neki-imaju-kreativne-planove-s-bih-e-tu-ce-se-hrvatska-pitati-pitat-ce-se-i-bosanski-srbi\\\/#primaryimage\"},\"thumbnailUrl\":\"https:\\\/\\\/radioljubuski.ba\\\/wp-content\\\/uploads\\\/2021\\\/06\\\/milanovic_nato.jpg\",\"datePublished\":\"2021-06-14T23:13:05+00:00\",\"dateModified\":\"2021-06-14T23:13:06+00:00\",\"breadcrumb\":{\"@id\":\"https:\\\/\\\/radioljubuski.ba\\\/index.php\\\/2021\\\/06\\\/15\\\/milanovic-neki-imaju-kreativne-planove-s-bih-e-tu-ce-se-hrvatska-pitati-pitat-ce-se-i-bosanski-srbi\\\/#breadcrumb\"},\"inLanguage\":\"hr\",\"potentialAction\":[{\"@type\":\"ReadAction\",\"target\":[\"https:\\\/\\\/radioljubuski.ba\\\/index.php\\\/2021\\\/06\\\/15\\\/milanovic-neki-imaju-kreativne-planove-s-bih-e-tu-ce-se-hrvatska-pitati-pitat-ce-se-i-bosanski-srbi\\\/\"]}]},{\"@type\":\"ImageObject\",\"inLanguage\":\"hr\",\"@id\":\"https:\\\/\\\/radioljubuski.ba\\\/index.php\\\/2021\\\/06\\\/15\\\/milanovic-neki-imaju-kreativne-planove-s-bih-e-tu-ce-se-hrvatska-pitati-pitat-ce-se-i-bosanski-srbi\\\/#primaryimage\",\"url\":\"https:\\\/\\\/radioljubuski.ba\\\/wp-content\\\/uploads\\\/2021\\\/06\\\/milanovic_nato.jpg\",\"contentUrl\":\"https:\\\/\\\/radioljubuski.ba\\\/wp-content\\\/uploads\\\/2021\\\/06\\\/milanovic_nato.jpg\",\"width\":840,\"height\":470},{\"@type\":\"BreadcrumbList\",\"@id\":\"https:\\\/\\\/radioljubuski.ba\\\/index.php\\\/2021\\\/06\\\/15\\\/milanovic-neki-imaju-kreativne-planove-s-bih-e-tu-ce-se-hrvatska-pitati-pitat-ce-se-i-bosanski-srbi\\\/#breadcrumb\",\"itemListElement\":[{\"@type\":\"ListItem\",\"position\":1,\"name\":\"Po\u010detna stranica\",\"item\":\"https:\\\/\\\/radioljubuski.ba\\\/\"},{\"@type\":\"ListItem\",\"position\":2,\"name\":\"Milanovi\u0107: Neki imaju kreativne planove s BiH. E, tu \u0107e se Hrvatska pitati, pitat \u0107e se i bosanski Srbi!\"}]},{\"@type\":\"WebSite\",\"@id\":\"https:\\\/\\\/radioljubuski.ba\\\/#website\",\"url\":\"https:\\\/\\\/radioljubuski.ba\\\/\",\"name\":\"Radio Ljubu\u0161ki\",\"description\":\"Sun\u010dana frekvencija Hercegovine\",\"publisher\":{\"@id\":\"https:\\\/\\\/radioljubuski.ba\\\/#organization\"},\"potentialAction\":[{\"@type\":\"SearchAction\",\"target\":{\"@type\":\"EntryPoint\",\"urlTemplate\":\"https:\\\/\\\/radioljubuski.ba\\\/?s={search_term_string}\"},\"query-input\":{\"@type\":\"PropertyValueSpecification\",\"valueRequired\":true,\"valueName\":\"search_term_string\"}}],\"inLanguage\":\"hr\"},{\"@type\":\"Organization\",\"@id\":\"https:\\\/\\\/radioljubuski.ba\\\/#organization\",\"name\":\"Radio Ljubu\u0161ki\",\"url\":\"https:\\\/\\\/radioljubuski.ba\\\/\",\"logo\":{\"@type\":\"ImageObject\",\"inLanguage\":\"hr\",\"@id\":\"https:\\\/\\\/radioljubuski.ba\\\/#\\\/schema\\\/logo\\\/image\\\/\",\"url\":\"https:\\\/\\\/radioljubuski.ba\\\/wp-content\\\/uploads\\\/2021\\\/02\\\/cropped-Radio_Ljubuski_logo1.jpg\",\"contentUrl\":\"https:\\\/\\\/radioljubuski.ba\\\/wp-content\\\/uploads\\\/2021\\\/02\\\/cropped-Radio_Ljubuski_logo1.jpg\",\"width\":512,\"height\":512,\"caption\":\"Radio Ljubu\u0161ki\"},\"image\":{\"@id\":\"https:\\\/\\\/radioljubuski.ba\\\/#\\\/schema\\\/logo\\\/image\\\/\"},\"sameAs\":[\"https:\\\/\\\/www.facebook.com\\\/Radiio-Ljubuski-1490835324566332\",\"https:\\\/\\\/x.com\\\/radioljubuski\",\"https:\\\/\\\/hr.linkedin.com\\\/company\\\/radio-ljubuski\",\"https:\\\/\\\/www.youtube.com\\\/channel\\\/UCHYaeO_n0Db3tjNGudGpXyw\"]},{\"@type\":\"Person\",\"@id\":\"https:\\\/\\\/radioljubuski.ba\\\/#\\\/schema\\\/person\\\/19fc700381a780f69665d7956c469e3b\",\"name\":\"Radio Ljubu\u0161ki\"}]}<\/script>\n<!-- \/ Yoast SEO plugin. -->","yoast_head_json":{"title":"Milanovi\u0107: Neki imaju kreativne planove s BiH. E, tu \u0107e se Hrvatska pitati, pitat \u0107e se i bosanski Srbi! - RADIO LJUBU\u0160KI","robots":{"index":"index","follow":"follow","max-snippet":"max-snippet:-1","max-image-preview":"max-image-preview:large","max-video-preview":"max-video-preview:-1"},"canonical":"https:\/\/radioljubuski.ba\/index.php\/2021\/06\/15\/milanovic-neki-imaju-kreativne-planove-s-bih-e-tu-ce-se-hrvatska-pitati-pitat-ce-se-i-bosanski-srbi\/","og_locale":"hr_HR","og_type":"article","og_title":"Milanovi\u0107: Neki imaju kreativne planove s BiH. E, tu \u0107e se Hrvatska pitati, pitat \u0107e se i bosanski Srbi! - RADIO LJUBU\u0160KI","og_description":"Zadovoljan i zabrinut \u2013 tako je svoje raspolo\u017eenje opisao predsjednik RH Zoran Milanovi\u0107 na press konferenciji po zavr\u0161etku NATO summita u Bruxellesu. Komentirao je onaj dio zavr\u0161ne deklaracije summita, tzv. communique-a, koji se referira na Bosnu i Hercegovinu, a koji je na njegovu intervenciju, odnosno prijetnju da Hrvatska ne\u0107e podr\u017eati deklaraciju summita ako se to [&hellip;]","og_url":"https:\/\/radioljubuski.ba\/index.php\/2021\/06\/15\/milanovic-neki-imaju-kreativne-planove-s-bih-e-tu-ce-se-hrvatska-pitati-pitat-ce-se-i-bosanski-srbi\/","og_site_name":"RADIO LJUBU\u0160KI","article_publisher":"https:\/\/www.facebook.com\/Radiio-Ljubuski-1490835324566332","article_published_time":"2021-06-14T23:13:05+00:00","article_modified_time":"2021-06-14T23:13:06+00:00","og_image":[{"width":840,"height":470,"url":"https:\/\/radioljubuski.ba\/wp-content\/uploads\/2021\/06\/milanovic_nato.jpg","type":"image\/jpeg"}],"author":"Radio Ljubu\u0161ki","twitter_card":"summary_large_image","twitter_creator":"@radioljubuski","twitter_site":"@radioljubuski","twitter_misc":{"Napisao\/la":"Radio Ljubu\u0161ki","Procijenjeno vrijeme \u010ditanja":"3 minute"},"schema":{"@context":"https:\/\/schema.org","@graph":[{"@type":"Article","@id":"https:\/\/radioljubuski.ba\/index.php\/2021\/06\/15\/milanovic-neki-imaju-kreativne-planove-s-bih-e-tu-ce-se-hrvatska-pitati-pitat-ce-se-i-bosanski-srbi\/#article","isPartOf":{"@id":"https:\/\/radioljubuski.ba\/index.php\/2021\/06\/15\/milanovic-neki-imaju-kreativne-planove-s-bih-e-tu-ce-se-hrvatska-pitati-pitat-ce-se-i-bosanski-srbi\/"},"author":{"name":"Radio Ljubu\u0161ki","@id":"https:\/\/radioljubuski.ba\/#\/schema\/person\/19fc700381a780f69665d7956c469e3b"},"headline":"Milanovi\u0107: Neki imaju kreativne planove s BiH. E, tu \u0107e se Hrvatska pitati, pitat \u0107e se i bosanski Srbi!","datePublished":"2021-06-14T23:13:05+00:00","dateModified":"2021-06-14T23:13:06+00:00","mainEntityOfPage":{"@id":"https:\/\/radioljubuski.ba\/index.php\/2021\/06\/15\/milanovic-neki-imaju-kreativne-planove-s-bih-e-tu-ce-se-hrvatska-pitati-pitat-ce-se-i-bosanski-srbi\/"},"wordCount":744,"publisher":{"@id":"https:\/\/radioljubuski.ba\/#organization"},"image":{"@id":"https:\/\/radioljubuski.ba\/index.php\/2021\/06\/15\/milanovic-neki-imaju-kreativne-planove-s-bih-e-tu-ce-se-hrvatska-pitati-pitat-ce-se-i-bosanski-srbi\/#primaryimage"},"thumbnailUrl":"https:\/\/radioljubuski.ba\/wp-content\/uploads\/2021\/06\/milanovic_nato.jpg","articleSection":["BIH i regija"],"inLanguage":"hr"},{"@type":"WebPage","@id":"https:\/\/radioljubuski.ba\/index.php\/2021\/06\/15\/milanovic-neki-imaju-kreativne-planove-s-bih-e-tu-ce-se-hrvatska-pitati-pitat-ce-se-i-bosanski-srbi\/","url":"https:\/\/radioljubuski.ba\/index.php\/2021\/06\/15\/milanovic-neki-imaju-kreativne-planove-s-bih-e-tu-ce-se-hrvatska-pitati-pitat-ce-se-i-bosanski-srbi\/","name":"Milanovi\u0107: Neki imaju kreativne planove s BiH. E, tu \u0107e se Hrvatska pitati, pitat \u0107e se i bosanski Srbi! - RADIO LJUBU\u0160KI","isPartOf":{"@id":"https:\/\/radioljubuski.ba\/#website"},"primaryImageOfPage":{"@id":"https:\/\/radioljubuski.ba\/index.php\/2021\/06\/15\/milanovic-neki-imaju-kreativne-planove-s-bih-e-tu-ce-se-hrvatska-pitati-pitat-ce-se-i-bosanski-srbi\/#primaryimage"},"image":{"@id":"https:\/\/radioljubuski.ba\/index.php\/2021\/06\/15\/milanovic-neki-imaju-kreativne-planove-s-bih-e-tu-ce-se-hrvatska-pitati-pitat-ce-se-i-bosanski-srbi\/#primaryimage"},"thumbnailUrl":"https:\/\/radioljubuski.ba\/wp-content\/uploads\/2021\/06\/milanovic_nato.jpg","datePublished":"2021-06-14T23:13:05+00:00","dateModified":"2021-06-14T23:13:06+00:00","breadcrumb":{"@id":"https:\/\/radioljubuski.ba\/index.php\/2021\/06\/15\/milanovic-neki-imaju-kreativne-planove-s-bih-e-tu-ce-se-hrvatska-pitati-pitat-ce-se-i-bosanski-srbi\/#breadcrumb"},"inLanguage":"hr","potentialAction":[{"@type":"ReadAction","target":["https:\/\/radioljubuski.ba\/index.php\/2021\/06\/15\/milanovic-neki-imaju-kreativne-planove-s-bih-e-tu-ce-se-hrvatska-pitati-pitat-ce-se-i-bosanski-srbi\/"]}]},{"@type":"ImageObject","inLanguage":"hr","@id":"https:\/\/radioljubuski.ba\/index.php\/2021\/06\/15\/milanovic-neki-imaju-kreativne-planove-s-bih-e-tu-ce-se-hrvatska-pitati-pitat-ce-se-i-bosanski-srbi\/#primaryimage","url":"https:\/\/radioljubuski.ba\/wp-content\/uploads\/2021\/06\/milanovic_nato.jpg","contentUrl":"https:\/\/radioljubuski.ba\/wp-content\/uploads\/2021\/06\/milanovic_nato.jpg","width":840,"height":470},{"@type":"BreadcrumbList","@id":"https:\/\/radioljubuski.ba\/index.php\/2021\/06\/15\/milanovic-neki-imaju-kreativne-planove-s-bih-e-tu-ce-se-hrvatska-pitati-pitat-ce-se-i-bosanski-srbi\/#breadcrumb","itemListElement":[{"@type":"ListItem","position":1,"name":"Po\u010detna stranica","item":"https:\/\/radioljubuski.ba\/"},{"@type":"ListItem","position":2,"name":"Milanovi\u0107: Neki imaju kreativne planove s BiH. E, tu \u0107e se Hrvatska pitati, pitat \u0107e se i bosanski Srbi!"}]},{"@type":"WebSite","@id":"https:\/\/radioljubuski.ba\/#website","url":"https:\/\/radioljubuski.ba\/","name":"Radio Ljubu\u0161ki","description":"Sun\u010dana frekvencija Hercegovine","publisher":{"@id":"https:\/\/radioljubuski.ba\/#organization"},"potentialAction":[{"@type":"SearchAction","target":{"@type":"EntryPoint","urlTemplate":"https:\/\/radioljubuski.ba\/?s={search_term_string}"},"query-input":{"@type":"PropertyValueSpecification","valueRequired":true,"valueName":"search_term_string"}}],"inLanguage":"hr"},{"@type":"Organization","@id":"https:\/\/radioljubuski.ba\/#organization","name":"Radio Ljubu\u0161ki","url":"https:\/\/radioljubuski.ba\/","logo":{"@type":"ImageObject","inLanguage":"hr","@id":"https:\/\/radioljubuski.ba\/#\/schema\/logo\/image\/","url":"https:\/\/radioljubuski.ba\/wp-content\/uploads\/2021\/02\/cropped-Radio_Ljubuski_logo1.jpg","contentUrl":"https:\/\/radioljubuski.ba\/wp-content\/uploads\/2021\/02\/cropped-Radio_Ljubuski_logo1.jpg","width":512,"height":512,"caption":"Radio Ljubu\u0161ki"},"image":{"@id":"https:\/\/radioljubuski.ba\/#\/schema\/logo\/image\/"},"sameAs":["https:\/\/www.facebook.com\/Radiio-Ljubuski-1490835324566332","https:\/\/x.com\/radioljubuski","https:\/\/hr.linkedin.com\/company\/radio-ljubuski","https:\/\/www.youtube.com\/channel\/UCHYaeO_n0Db3tjNGudGpXyw"]},{"@type":"Person","@id":"https:\/\/radioljubuski.ba\/#\/schema\/person\/19fc700381a780f69665d7956c469e3b","name":"Radio Ljubu\u0161ki"}]}},"_links":{"self":[{"href":"https:\/\/radioljubuski.ba\/index.php\/wp-json\/wp\/v2\/posts\/32602","targetHints":{"allow":["GET"]}}],"collection":[{"href":"https:\/\/radioljubuski.ba\/index.php\/wp-json\/wp\/v2\/posts"}],"about":[{"href":"https:\/\/radioljubuski.ba\/index.php\/wp-json\/wp\/v2\/types\/post"}],"author":[{"embeddable":true,"href":"https:\/\/radioljubuski.ba\/index.php\/wp-json\/wp\/v2\/users\/2"}],"replies":[{"embeddable":true,"href":"https:\/\/radioljubuski.ba\/index.php\/wp-json\/wp\/v2\/comments?post=32602"}],"version-history":[{"count":1,"href":"https:\/\/radioljubuski.ba\/index.php\/wp-json\/wp\/v2\/posts\/32602\/revisions"}],"predecessor-version":[{"id":32604,"href":"https:\/\/radioljubuski.ba\/index.php\/wp-json\/wp\/v2\/posts\/32602\/revisions\/32604"}],"wp:featuredmedia":[{"embeddable":true,"href":"https:\/\/radioljubuski.ba\/index.php\/wp-json\/wp\/v2\/media\/32603"}],"wp:attachment":[{"href":"https:\/\/radioljubuski.ba\/index.php\/wp-json\/wp\/v2\/media?parent=32602"}],"wp:term":[{"taxonomy":"category","embeddable":true,"href":"https:\/\/radioljubuski.ba\/index.php\/wp-json\/wp\/v2\/categories?post=32602"},{"taxonomy":"post_tag","embeddable":true,"href":"https:\/\/radioljubuski.ba\/index.php\/wp-json\/wp\/v2\/tags?post=32602"}],"curies":[{"name":"wp","href":"https:\/\/api.w.org\/{rel}","templated":true}]}}