{"id":32605,"date":"2021-06-15T00:14:22","date_gmt":"2021-06-14T23:14:22","guid":{"rendered":"https:\/\/radioljubuski.ba\/?p=32605"},"modified":"2021-06-15T00:14:23","modified_gmt":"2021-06-14T23:14:23","slug":"dodik-komentirao-komsiceve-fantazije-o-daytonu-i-konstitutivnosti-naroda","status":"publish","type":"post","link":"https:\/\/radioljubuski.ba\/index.php\/2021\/06\/15\/dodik-komentirao-komsiceve-fantazije-o-daytonu-i-konstitutivnosti-naroda\/","title":{"rendered":"Dodik komentirao \u201cKom\u0161i\u0107eve fantazije\u201d o Daytonu i konstitutivnosti naroda"},"content":{"rendered":"\n<p><strong>Srpski \u010dlan i predsjedatelj Predsjedni\u0161tva BiH Milorad Dodik izjavio je Srni da reakcija \u017deljka Kom\u0161i\u0107a na deklaraciju NATO u kojoj se spominje BiH i podr\u0161ka Dejtonskom mirovnom sporazumu potvr\u0111uje da on nije dorastao ni manjim izazovima od ovih pred kojima se nalazi, te da je u nedostatku vlastite politike uvijek vodio tu\u0111u i varaju\u0107i prolazio na izborima.<\/strong><\/p>\n\n\n\n<p>Na zamolbu Srne da prokomentira izjavu Kom\u0161i\u0107a da u deklaraciji NATO ne stoji konstitutivnost naroda u BiH, Dodik je odgovorio da je u deklaraciji implicitno potvr\u0111ena konstitutivnost naroda, jer Dejtonski mirovni sporazum na koji se poziva NATO i Ustav BiH kao njegov sastavni dio sadr\u017ei upravo odredbu o konstitutivnost naroda.<\/p>\n\n\n\n<p>\u2013 \u0160to se ti\u010de Kom\u0161i\u0107evih fantazija u vezi s Programom reformi i konstantnog zavaravanja javnosti u BiH kako je ne\u0161to u\u010dinjeno u pogledu eventualnog \u010dlanstva u NATO, imam samo jedno poru\u010diti \u2013 ako je to to\u010dno i ako BiH mo\u017ee bez stava Republike Srpske u NATO neka proba odmah \u2013 istakao je Dodik upitan da prokomentira i Kom\u0161i\u0107evu izjavu da je BiH aktivirala akcijski plan za \u010dlanstvo u NATO.<\/p>\n\n\n\n<p>On je naglasio da \u0107e se tako najbolje suprotstaviti la\u017eima koje Kom\u0161i\u0107 i njemu sli\u010dni proizvode, a proizvode ih da bi se ljudi bavili nepostoje\u0107im Nacionalnim godi\u0161njim planom umjesto na primjer kako Bo\u0161njaci imaju dva, a Hrvati nijednog \u010dlana Predsjedni\u0161tva BiH.<\/p>\n\n\n\n<p>\/HMS\/<\/p>\n","protected":false},"excerpt":{"rendered":"<p>Srpski \u010dlan i predsjedatelj Predsjedni\u0161tva BiH Milorad Dodik izjavio je Srni da reakcija \u017deljka Kom\u0161i\u0107a na deklaraciju NATO u kojoj se spominje BiH i podr\u0161ka Dejtonskom mirovnom sporazumu potvr\u0111uje da on nije dorastao ni manjim izazovima od ovih pred kojima se nalazi, te da je u nedostatku vlastite politike uvijek vodio tu\u0111u i varaju\u0107i prolazio [&hellip;]<\/p>\n","protected":false},"author":2,"featured_media":18457,"comment_status":"closed","ping_status":"closed","sticky":false,"template":"","format":"standard","meta":{"h5ap_radio_sources":[],"footnotes":""},"categories":[1],"tags":[],"class_list":["post-32605","post","type-post","status-publish","format-standard","has-post-thumbnail","hentry","category-bihiregija"],"yoast_head":"<!-- This site is optimized with the Yoast SEO plugin v27.5 - https:\/\/yoast.com\/product\/yoast-seo-wordpress\/ -->\n<title>Dodik komentirao \u201cKom\u0161i\u0107eve fantazije\u201d o Daytonu i konstitutivnosti naroda - RADIO LJUBU\u0160KI<\/title>\n<meta name=\"robots\" content=\"index, follow, max-snippet:-1, max-image-preview:large, max-video-preview:-1\" \/>\n<link rel=\"canonical\" href=\"https:\/\/radioljubuski.ba\/index.php\/2021\/06\/15\/dodik-komentirao-komsiceve-fantazije-o-daytonu-i-konstitutivnosti-naroda\/\" \/>\n<meta property=\"og:locale\" content=\"hr_HR\" \/>\n<meta property=\"og:type\" content=\"article\" \/>\n<meta property=\"og:title\" content=\"Dodik komentirao \u201cKom\u0161i\u0107eve fantazije\u201d o Daytonu i konstitutivnosti naroda - RADIO LJUBU\u0160KI\" \/>\n<meta property=\"og:description\" content=\"Srpski \u010dlan i predsjedatelj Predsjedni\u0161tva BiH Milorad Dodik izjavio je Srni da reakcija \u017deljka Kom\u0161i\u0107a na deklaraciju NATO u kojoj se spominje BiH i podr\u0161ka Dejtonskom mirovnom sporazumu potvr\u0111uje da on nije dorastao ni manjim izazovima od ovih pred kojima se nalazi, te da je u nedostatku vlastite politike uvijek vodio tu\u0111u i varaju\u0107i prolazio [&hellip;]\" \/>\n<meta property=\"og:url\" content=\"https:\/\/radioljubuski.ba\/index.php\/2021\/06\/15\/dodik-komentirao-komsiceve-fantazije-o-daytonu-i-konstitutivnosti-naroda\/\" \/>\n<meta property=\"og:site_name\" content=\"RADIO LJUBU\u0160KI\" \/>\n<meta property=\"article:publisher\" content=\"https:\/\/www.facebook.com\/Radiio-Ljubuski-1490835324566332\" \/>\n<meta property=\"article:published_time\" content=\"2021-06-14T23:14:22+00:00\" \/>\n<meta property=\"article:modified_time\" content=\"2021-06-14T23:14:23+00:00\" \/>\n<meta property=\"og:image\" content=\"https:\/\/radioljubuski.ba\/wp-content\/uploads\/2021\/05\/milorad-dodik.jpg\" \/>\n\t<meta property=\"og:image:width\" content=\"810\" \/>\n\t<meta property=\"og:image:height\" content=\"559\" \/>\n\t<meta property=\"og:image:type\" content=\"image\/jpeg\" \/>\n<meta name=\"author\" content=\"Radio Ljubu\u0161ki\" \/>\n<meta name=\"twitter:card\" content=\"summary_large_image\" \/>\n<meta name=\"twitter:creator\" content=\"@radioljubuski\" \/>\n<meta name=\"twitter:site\" content=\"@radioljubuski\" \/>\n<meta name=\"twitter:label1\" content=\"Napisao\/la\" \/>\n\t<meta name=\"twitter:data1\" content=\"Radio Ljubu\u0161ki\" \/>\n\t<meta name=\"twitter:label2\" content=\"Procijenjeno vrijeme \u010ditanja\" \/>\n\t<meta name=\"twitter:data2\" content=\"1 minuta\" \/>\n<script type=\"application\/ld+json\" class=\"yoast-schema-graph\">{\"@context\":\"https:\\\/\\\/schema.org\",\"@graph\":[{\"@type\":\"Article\",\"@id\":\"https:\\\/\\\/radioljubuski.ba\\\/index.php\\\/2021\\\/06\\\/15\\\/dodik-komentirao-komsiceve-fantazije-o-daytonu-i-konstitutivnosti-naroda\\\/#article\",\"isPartOf\":{\"@id\":\"https:\\\/\\\/radioljubuski.ba\\\/index.php\\\/2021\\\/06\\\/15\\\/dodik-komentirao-komsiceve-fantazije-o-daytonu-i-konstitutivnosti-naroda\\\/\"},\"author\":{\"name\":\"Radio Ljubu\u0161ki\",\"@id\":\"https:\\\/\\\/radioljubuski.ba\\\/#\\\/schema\\\/person\\\/19fc700381a780f69665d7956c469e3b\"},\"headline\":\"Dodik komentirao \u201cKom\u0161i\u0107eve fantazije\u201d o Daytonu i konstitutivnosti naroda\",\"datePublished\":\"2021-06-14T23:14:22+00:00\",\"dateModified\":\"2021-06-14T23:14:23+00:00\",\"mainEntityOfPage\":{\"@id\":\"https:\\\/\\\/radioljubuski.ba\\\/index.php\\\/2021\\\/06\\\/15\\\/dodik-komentirao-komsiceve-fantazije-o-daytonu-i-konstitutivnosti-naroda\\\/\"},\"wordCount\":254,\"publisher\":{\"@id\":\"https:\\\/\\\/radioljubuski.ba\\\/#organization\"},\"image\":{\"@id\":\"https:\\\/\\\/radioljubuski.ba\\\/index.php\\\/2021\\\/06\\\/15\\\/dodik-komentirao-komsiceve-fantazije-o-daytonu-i-konstitutivnosti-naroda\\\/#primaryimage\"},\"thumbnailUrl\":\"https:\\\/\\\/radioljubuski.ba\\\/wp-content\\\/uploads\\\/2021\\\/05\\\/milorad-dodik.jpg\",\"articleSection\":[\"BIH i regija\"],\"inLanguage\":\"hr\"},{\"@type\":\"WebPage\",\"@id\":\"https:\\\/\\\/radioljubuski.ba\\\/index.php\\\/2021\\\/06\\\/15\\\/dodik-komentirao-komsiceve-fantazije-o-daytonu-i-konstitutivnosti-naroda\\\/\",\"url\":\"https:\\\/\\\/radioljubuski.ba\\\/index.php\\\/2021\\\/06\\\/15\\\/dodik-komentirao-komsiceve-fantazije-o-daytonu-i-konstitutivnosti-naroda\\\/\",\"name\":\"Dodik komentirao \u201cKom\u0161i\u0107eve fantazije\u201d o Daytonu i konstitutivnosti naroda - RADIO LJUBU\u0160KI\",\"isPartOf\":{\"@id\":\"https:\\\/\\\/radioljubuski.ba\\\/#website\"},\"primaryImageOfPage\":{\"@id\":\"https:\\\/\\\/radioljubuski.ba\\\/index.php\\\/2021\\\/06\\\/15\\\/dodik-komentirao-komsiceve-fantazije-o-daytonu-i-konstitutivnosti-naroda\\\/#primaryimage\"},\"image\":{\"@id\":\"https:\\\/\\\/radioljubuski.ba\\\/index.php\\\/2021\\\/06\\\/15\\\/dodik-komentirao-komsiceve-fantazije-o-daytonu-i-konstitutivnosti-naroda\\\/#primaryimage\"},\"thumbnailUrl\":\"https:\\\/\\\/radioljubuski.ba\\\/wp-content\\\/uploads\\\/2021\\\/05\\\/milorad-dodik.jpg\",\"datePublished\":\"2021-06-14T23:14:22+00:00\",\"dateModified\":\"2021-06-14T23:14:23+00:00\",\"breadcrumb\":{\"@id\":\"https:\\\/\\\/radioljubuski.ba\\\/index.php\\\/2021\\\/06\\\/15\\\/dodik-komentirao-komsiceve-fantazije-o-daytonu-i-konstitutivnosti-naroda\\\/#breadcrumb\"},\"inLanguage\":\"hr\",\"potentialAction\":[{\"@type\":\"ReadAction\",\"target\":[\"https:\\\/\\\/radioljubuski.ba\\\/index.php\\\/2021\\\/06\\\/15\\\/dodik-komentirao-komsiceve-fantazije-o-daytonu-i-konstitutivnosti-naroda\\\/\"]}]},{\"@type\":\"ImageObject\",\"inLanguage\":\"hr\",\"@id\":\"https:\\\/\\\/radioljubuski.ba\\\/index.php\\\/2021\\\/06\\\/15\\\/dodik-komentirao-komsiceve-fantazije-o-daytonu-i-konstitutivnosti-naroda\\\/#primaryimage\",\"url\":\"https:\\\/\\\/radioljubuski.ba\\\/wp-content\\\/uploads\\\/2021\\\/05\\\/milorad-dodik.jpg\",\"contentUrl\":\"https:\\\/\\\/radioljubuski.ba\\\/wp-content\\\/uploads\\\/2021\\\/05\\\/milorad-dodik.jpg\",\"width\":810,\"height\":559},{\"@type\":\"BreadcrumbList\",\"@id\":\"https:\\\/\\\/radioljubuski.ba\\\/index.php\\\/2021\\\/06\\\/15\\\/dodik-komentirao-komsiceve-fantazije-o-daytonu-i-konstitutivnosti-naroda\\\/#breadcrumb\",\"itemListElement\":[{\"@type\":\"ListItem\",\"position\":1,\"name\":\"Po\u010detna stranica\",\"item\":\"https:\\\/\\\/radioljubuski.ba\\\/\"},{\"@type\":\"ListItem\",\"position\":2,\"name\":\"Dodik komentirao \u201cKom\u0161i\u0107eve fantazije\u201d o Daytonu i konstitutivnosti naroda\"}]},{\"@type\":\"WebSite\",\"@id\":\"https:\\\/\\\/radioljubuski.ba\\\/#website\",\"url\":\"https:\\\/\\\/radioljubuski.ba\\\/\",\"name\":\"Radio Ljubu\u0161ki\",\"description\":\"Sun\u010dana frekvencija Hercegovine\",\"publisher\":{\"@id\":\"https:\\\/\\\/radioljubuski.ba\\\/#organization\"},\"potentialAction\":[{\"@type\":\"SearchAction\",\"target\":{\"@type\":\"EntryPoint\",\"urlTemplate\":\"https:\\\/\\\/radioljubuski.ba\\\/?s={search_term_string}\"},\"query-input\":{\"@type\":\"PropertyValueSpecification\",\"valueRequired\":true,\"valueName\":\"search_term_string\"}}],\"inLanguage\":\"hr\"},{\"@type\":\"Organization\",\"@id\":\"https:\\\/\\\/radioljubuski.ba\\\/#organization\",\"name\":\"Radio Ljubu\u0161ki\",\"url\":\"https:\\\/\\\/radioljubuski.ba\\\/\",\"logo\":{\"@type\":\"ImageObject\",\"inLanguage\":\"hr\",\"@id\":\"https:\\\/\\\/radioljubuski.ba\\\/#\\\/schema\\\/logo\\\/image\\\/\",\"url\":\"https:\\\/\\\/radioljubuski.ba\\\/wp-content\\\/uploads\\\/2021\\\/02\\\/cropped-Radio_Ljubuski_logo1.jpg\",\"contentUrl\":\"https:\\\/\\\/radioljubuski.ba\\\/wp-content\\\/uploads\\\/2021\\\/02\\\/cropped-Radio_Ljubuski_logo1.jpg\",\"width\":512,\"height\":512,\"caption\":\"Radio Ljubu\u0161ki\"},\"image\":{\"@id\":\"https:\\\/\\\/radioljubuski.ba\\\/#\\\/schema\\\/logo\\\/image\\\/\"},\"sameAs\":[\"https:\\\/\\\/www.facebook.com\\\/Radiio-Ljubuski-1490835324566332\",\"https:\\\/\\\/x.com\\\/radioljubuski\",\"https:\\\/\\\/hr.linkedin.com\\\/company\\\/radio-ljubuski\",\"https:\\\/\\\/www.youtube.com\\\/channel\\\/UCHYaeO_n0Db3tjNGudGpXyw\"]},{\"@type\":\"Person\",\"@id\":\"https:\\\/\\\/radioljubuski.ba\\\/#\\\/schema\\\/person\\\/19fc700381a780f69665d7956c469e3b\",\"name\":\"Radio Ljubu\u0161ki\"}]}<\/script>\n<!-- \/ Yoast SEO plugin. -->","yoast_head_json":{"title":"Dodik komentirao \u201cKom\u0161i\u0107eve fantazije\u201d o Daytonu i konstitutivnosti naroda - RADIO LJUBU\u0160KI","robots":{"index":"index","follow":"follow","max-snippet":"max-snippet:-1","max-image-preview":"max-image-preview:large","max-video-preview":"max-video-preview:-1"},"canonical":"https:\/\/radioljubuski.ba\/index.php\/2021\/06\/15\/dodik-komentirao-komsiceve-fantazije-o-daytonu-i-konstitutivnosti-naroda\/","og_locale":"hr_HR","og_type":"article","og_title":"Dodik komentirao \u201cKom\u0161i\u0107eve fantazije\u201d o Daytonu i konstitutivnosti naroda - RADIO LJUBU\u0160KI","og_description":"Srpski \u010dlan i predsjedatelj Predsjedni\u0161tva BiH Milorad Dodik izjavio je Srni da reakcija \u017deljka Kom\u0161i\u0107a na deklaraciju NATO u kojoj se spominje BiH i podr\u0161ka Dejtonskom mirovnom sporazumu potvr\u0111uje da on nije dorastao ni manjim izazovima od ovih pred kojima se nalazi, te da je u nedostatku vlastite politike uvijek vodio tu\u0111u i varaju\u0107i prolazio [&hellip;]","og_url":"https:\/\/radioljubuski.ba\/index.php\/2021\/06\/15\/dodik-komentirao-komsiceve-fantazije-o-daytonu-i-konstitutivnosti-naroda\/","og_site_name":"RADIO LJUBU\u0160KI","article_publisher":"https:\/\/www.facebook.com\/Radiio-Ljubuski-1490835324566332","article_published_time":"2021-06-14T23:14:22+00:00","article_modified_time":"2021-06-14T23:14:23+00:00","og_image":[{"width":810,"height":559,"url":"https:\/\/radioljubuski.ba\/wp-content\/uploads\/2021\/05\/milorad-dodik.jpg","type":"image\/jpeg"}],"author":"Radio Ljubu\u0161ki","twitter_card":"summary_large_image","twitter_creator":"@radioljubuski","twitter_site":"@radioljubuski","twitter_misc":{"Napisao\/la":"Radio Ljubu\u0161ki","Procijenjeno vrijeme \u010ditanja":"1 minuta"},"schema":{"@context":"https:\/\/schema.org","@graph":[{"@type":"Article","@id":"https:\/\/radioljubuski.ba\/index.php\/2021\/06\/15\/dodik-komentirao-komsiceve-fantazije-o-daytonu-i-konstitutivnosti-naroda\/#article","isPartOf":{"@id":"https:\/\/radioljubuski.ba\/index.php\/2021\/06\/15\/dodik-komentirao-komsiceve-fantazije-o-daytonu-i-konstitutivnosti-naroda\/"},"author":{"name":"Radio Ljubu\u0161ki","@id":"https:\/\/radioljubuski.ba\/#\/schema\/person\/19fc700381a780f69665d7956c469e3b"},"headline":"Dodik komentirao \u201cKom\u0161i\u0107eve fantazije\u201d o Daytonu i konstitutivnosti naroda","datePublished":"2021-06-14T23:14:22+00:00","dateModified":"2021-06-14T23:14:23+00:00","mainEntityOfPage":{"@id":"https:\/\/radioljubuski.ba\/index.php\/2021\/06\/15\/dodik-komentirao-komsiceve-fantazije-o-daytonu-i-konstitutivnosti-naroda\/"},"wordCount":254,"publisher":{"@id":"https:\/\/radioljubuski.ba\/#organization"},"image":{"@id":"https:\/\/radioljubuski.ba\/index.php\/2021\/06\/15\/dodik-komentirao-komsiceve-fantazije-o-daytonu-i-konstitutivnosti-naroda\/#primaryimage"},"thumbnailUrl":"https:\/\/radioljubuski.ba\/wp-content\/uploads\/2021\/05\/milorad-dodik.jpg","articleSection":["BIH i regija"],"inLanguage":"hr"},{"@type":"WebPage","@id":"https:\/\/radioljubuski.ba\/index.php\/2021\/06\/15\/dodik-komentirao-komsiceve-fantazije-o-daytonu-i-konstitutivnosti-naroda\/","url":"https:\/\/radioljubuski.ba\/index.php\/2021\/06\/15\/dodik-komentirao-komsiceve-fantazije-o-daytonu-i-konstitutivnosti-naroda\/","name":"Dodik komentirao \u201cKom\u0161i\u0107eve fantazije\u201d o Daytonu i konstitutivnosti naroda - RADIO LJUBU\u0160KI","isPartOf":{"@id":"https:\/\/radioljubuski.ba\/#website"},"primaryImageOfPage":{"@id":"https:\/\/radioljubuski.ba\/index.php\/2021\/06\/15\/dodik-komentirao-komsiceve-fantazije-o-daytonu-i-konstitutivnosti-naroda\/#primaryimage"},"image":{"@id":"https:\/\/radioljubuski.ba\/index.php\/2021\/06\/15\/dodik-komentirao-komsiceve-fantazije-o-daytonu-i-konstitutivnosti-naroda\/#primaryimage"},"thumbnailUrl":"https:\/\/radioljubuski.ba\/wp-content\/uploads\/2021\/05\/milorad-dodik.jpg","datePublished":"2021-06-14T23:14:22+00:00","dateModified":"2021-06-14T23:14:23+00:00","breadcrumb":{"@id":"https:\/\/radioljubuski.ba\/index.php\/2021\/06\/15\/dodik-komentirao-komsiceve-fantazije-o-daytonu-i-konstitutivnosti-naroda\/#breadcrumb"},"inLanguage":"hr","potentialAction":[{"@type":"ReadAction","target":["https:\/\/radioljubuski.ba\/index.php\/2021\/06\/15\/dodik-komentirao-komsiceve-fantazije-o-daytonu-i-konstitutivnosti-naroda\/"]}]},{"@type":"ImageObject","inLanguage":"hr","@id":"https:\/\/radioljubuski.ba\/index.php\/2021\/06\/15\/dodik-komentirao-komsiceve-fantazije-o-daytonu-i-konstitutivnosti-naroda\/#primaryimage","url":"https:\/\/radioljubuski.ba\/wp-content\/uploads\/2021\/05\/milorad-dodik.jpg","contentUrl":"https:\/\/radioljubuski.ba\/wp-content\/uploads\/2021\/05\/milorad-dodik.jpg","width":810,"height":559},{"@type":"BreadcrumbList","@id":"https:\/\/radioljubuski.ba\/index.php\/2021\/06\/15\/dodik-komentirao-komsiceve-fantazije-o-daytonu-i-konstitutivnosti-naroda\/#breadcrumb","itemListElement":[{"@type":"ListItem","position":1,"name":"Po\u010detna stranica","item":"https:\/\/radioljubuski.ba\/"},{"@type":"ListItem","position":2,"name":"Dodik komentirao \u201cKom\u0161i\u0107eve fantazije\u201d o Daytonu i konstitutivnosti naroda"}]},{"@type":"WebSite","@id":"https:\/\/radioljubuski.ba\/#website","url":"https:\/\/radioljubuski.ba\/","name":"Radio Ljubu\u0161ki","description":"Sun\u010dana frekvencija Hercegovine","publisher":{"@id":"https:\/\/radioljubuski.ba\/#organization"},"potentialAction":[{"@type":"SearchAction","target":{"@type":"EntryPoint","urlTemplate":"https:\/\/radioljubuski.ba\/?s={search_term_string}"},"query-input":{"@type":"PropertyValueSpecification","valueRequired":true,"valueName":"search_term_string"}}],"inLanguage":"hr"},{"@type":"Organization","@id":"https:\/\/radioljubuski.ba\/#organization","name":"Radio Ljubu\u0161ki","url":"https:\/\/radioljubuski.ba\/","logo":{"@type":"ImageObject","inLanguage":"hr","@id":"https:\/\/radioljubuski.ba\/#\/schema\/logo\/image\/","url":"https:\/\/radioljubuski.ba\/wp-content\/uploads\/2021\/02\/cropped-Radio_Ljubuski_logo1.jpg","contentUrl":"https:\/\/radioljubuski.ba\/wp-content\/uploads\/2021\/02\/cropped-Radio_Ljubuski_logo1.jpg","width":512,"height":512,"caption":"Radio Ljubu\u0161ki"},"image":{"@id":"https:\/\/radioljubuski.ba\/#\/schema\/logo\/image\/"},"sameAs":["https:\/\/www.facebook.com\/Radiio-Ljubuski-1490835324566332","https:\/\/x.com\/radioljubuski","https:\/\/hr.linkedin.com\/company\/radio-ljubuski","https:\/\/www.youtube.com\/channel\/UCHYaeO_n0Db3tjNGudGpXyw"]},{"@type":"Person","@id":"https:\/\/radioljubuski.ba\/#\/schema\/person\/19fc700381a780f69665d7956c469e3b","name":"Radio Ljubu\u0161ki"}]}},"_links":{"self":[{"href":"https:\/\/radioljubuski.ba\/index.php\/wp-json\/wp\/v2\/posts\/32605","targetHints":{"allow":["GET"]}}],"collection":[{"href":"https:\/\/radioljubuski.ba\/index.php\/wp-json\/wp\/v2\/posts"}],"about":[{"href":"https:\/\/radioljubuski.ba\/index.php\/wp-json\/wp\/v2\/types\/post"}],"author":[{"embeddable":true,"href":"https:\/\/radioljubuski.ba\/index.php\/wp-json\/wp\/v2\/users\/2"}],"replies":[{"embeddable":true,"href":"https:\/\/radioljubuski.ba\/index.php\/wp-json\/wp\/v2\/comments?post=32605"}],"version-history":[{"count":1,"href":"https:\/\/radioljubuski.ba\/index.php\/wp-json\/wp\/v2\/posts\/32605\/revisions"}],"predecessor-version":[{"id":32606,"href":"https:\/\/radioljubuski.ba\/index.php\/wp-json\/wp\/v2\/posts\/32605\/revisions\/32606"}],"wp:featuredmedia":[{"embeddable":true,"href":"https:\/\/radioljubuski.ba\/index.php\/wp-json\/wp\/v2\/media\/18457"}],"wp:attachment":[{"href":"https:\/\/radioljubuski.ba\/index.php\/wp-json\/wp\/v2\/media?parent=32605"}],"wp:term":[{"taxonomy":"category","embeddable":true,"href":"https:\/\/radioljubuski.ba\/index.php\/wp-json\/wp\/v2\/categories?post=32605"},{"taxonomy":"post_tag","embeddable":true,"href":"https:\/\/radioljubuski.ba\/index.php\/wp-json\/wp\/v2\/tags?post=32605"}],"curies":[{"name":"wp","href":"https:\/\/api.w.org\/{rel}","templated":true}]}}