{"id":32641,"date":"2021-06-15T09:28:52","date_gmt":"2021-06-15T08:28:52","guid":{"rendered":"https:\/\/radioljubuski.ba\/?p=32641"},"modified":"2021-06-15T09:28:53","modified_gmt":"2021-06-15T08:28:53","slug":"15-lipnja-1953-rodena-meri-cetinic-glazbena-diva-u-obrani-zivota","status":"publish","type":"post","link":"https:\/\/radioljubuski.ba\/index.php\/2021\/06\/15\/15-lipnja-1953-rodena-meri-cetinic-glazbena-diva-u-obrani-zivota\/","title":{"rendered":"15. lipnja 1953. ro\u0111ena Meri Cetini\u0107 \u2013 glazbena diva u obrani \u017eivota"},"content":{"rendered":"\n<p><strong>Kad je Meri Cetini\u0107 stala u obranu obiteljskih vrijednosti, prava na ro\u0111enje svakog za\u010detog djeteta pjevaju\u0107i na \u201cHodu za \u017eivot\u201d, nakon otvorenog protivljenja zabranama i ka\u017enjavanju pjeva\u010da Marka Perkovi\u0107a Thompsona, te zalaganja za za\u0161titu \u010dasti poginulih hrvatskih vojnika HOS-a \u2013 glazbena diva je do\u0161la pod udar orkestirane kampanje dijela medija i politi\u010dara.<\/strong><\/p>\n\n\n\n<p><strong>Osobito se napadima isticao Kre\u0161o Beljak, lider nekada velikog, a danas pod njegovim vodstvom marginalnog HSS-a<\/strong>: <a href=\"https:\/\/narod.hr\/hrvatska\/meri-cetinic-narod-hr-progovorila-napadima-koje-dozivjela-svojim-razmisljanjima\" target=\"_blank\" rel=\"noreferrer noopener\">Meri Cetini\u0107 za Narod.hr progovorila o napadima koje je do\u017eivjela, Thompsonu, obitelji, karijeri\u2026<\/a><\/p>\n\n\n\n<p>Meri Cetini\u0107 ro\u0111ena je na dana\u0161nji dan 1953. u Splitu, a njena obitelj porijeklom je iz Blata na otoku Kor\u010duli. Odrastaju\u0107i u skromnoj, ali skladnoj obitelji, uz oca elektri\u010dara i majku doma\u0107icu, te dva starija brata, Antu i Borisa, vrlo rano se po\u010deo isticati njezin talent za glazbu, osobito pjevanje. Me\u0111u prvima je to primijetio njezin otac i Marija Franetovi\u0107, njezina u\u010diteljica od prvog do \u010detvrtog razreda.<\/p>\n\n\n\n<p>Ve\u0107 za vrijeme Jugoslavije postala je poznata zvjezdana diva koja je sa skupinom pjeva\u010da iz Dalmacije, poput Olivera Dragojevi\u0107a, Tomislava Iv\u010di\u0107a, \u0110ani Mar\u0161ana i dr., dala sna\u017ean doprinos pjesmama s juga na\u0161e domovine, \u0161to je bio i melem za du\u0161u obespravljenog hrvatskog \u010dovjeka u zemlji gdje se njegov identitet nastojao izbrisati.<\/p>\n\n\n\n<p>Prije rata, 1990-ih samohrana majka Meri Cetini\u0107 odlu\u010dila je da neko vrijeme stati s karijerom i posvetiti se obitelji. Me\u0111utim u to vrijeme u Hrvatskoj je po\u010deo Domovinski rat. Za vrijeme rata odr\u017eavala je brojne humanitarne koncerte izvan zemlje zajedno sa Tomislavom Iv\u010di\u0107em i \u0110anijem Mar\u0161anom prikupljaju\u0107i pomo\u0107 za na\u0161 napa\u0107eni narod<\/p>\n\n\n\n<p>Godine 1991. odlazi s Dra\u017eenom \u017dankom na jednomjese\u010dnu turneju po Australiji. Nakon toga nastupa zajedno s Tomislavom Iv\u010di\u0107em u Sydneyu na stadionu \u2018Kralja Tomislava\u2019. U to vrijeme snimaju s \u2018Croatia Band Aidom\u2019 snima kazetu na kojoj se nalazi skladba \u201cTo love is to set free\u201d, od legendarnog franjevca i du\u0161ebri\u017enika Hrvata fra \u0160ite \u0106ori\u0107a. Ubrzo nakon toga se vra\u0107a u Split gdje 1993. godine na Melodijama hrvatskog Jadrana izvodi kultnu skladbu \u201cZemlja dide mog\u201d. Sredinom devedesetih zbog privatnih problema odlu\u010dila je preseliti se u Zagreb gdje joj je k\u0107er Ivana tada studirala.<\/p>\n\n\n\n<p>Ova glazbena diva sna\u017eno je obilje\u017eila desetke godina hrvatske glazbe, a \u201enaglo\u201c je po\u010dela smetati tek nedavno kada se rezolutno po\u010dela pojavljivati na mjestima koja nisu \u201epopularna\u201c mainstream medijima ili objavljivati facebook statuse gdje daje podr\u0161ku borbi za \u017eivot nero\u0111ene djece, braniteljima ili kao protivnica etiketiranja ljudi i \u0161irenja govora mr\u017enje protiv svog naroda.<\/p>\n\n\n\n<p>Ovo je samo dio impresivne karijere Meri Cetini\u0107:<\/p>\n\n\n\n<p>\u2022 Na splitskom festivalu 1975.nagrada za najbolju interpretaciju (pjesma -\u201cGdje god da po\u0111e\u0161\u201d)<br>\u2022 1. nagrada stru\u010dnog \u017eirija na festivalu Split 1979. (pjesma \u201c\u010cet\u2019ri sta\u0111una\u201d)<br>\u2022 Progla\u0161ena je pjeva\u010dicom godine 1981. i 1982. za cijeli teritorij biv\u0161e dr\u017eave.<br>\u2022 Album Pra\u0161ina sa puta progla\u0161en je albumom godine za \u017eenskog izvo\u0111a\u010da 1983.<br>\u2022 Dobiva \u201cZlatnu pticu\u201d za izvanredne diskografske uspjehe te Estradnu nagradu 1988. godine.<br>\u2022 Od 1978. godine ima status slobodnog umjetnika, a 2005. primljena je u redovno \u010dlanstvo Hrvatskog dru\u0161tva skladatelja.<br>\u2022 2002. godine dobitnica je diskografske nagrade Porin u kategoriji za najbolji album zabavne glazbe.<br>\u2022 2007. godine dobitnica je nagrade Status Hrvatske glazbene unije za sveukupan doprinos hrvatskoj glazbi.<br>\u2022 2014. nagrada za poseban doprinos Hrvatskoj glazbenoj kulturi na festivalu Melodije hrvatskog juga.<br>\u2022 2014. nagrada za najbolje kantautorsko djelo \u201cNisan te pripoznala\u201d na festivalu \u201c\u0160ibenska \u0161ansona\u201d.<\/p>\n\n\n\n<figure class=\"wp-block-embed is-type-video is-provider-youtube wp-block-embed-youtube wp-embed-aspect-4-3 wp-has-aspect-ratio\"><div class=\"wp-block-embed__wrapper\">\n<iframe loading=\"lazy\" title=\"Meri Cetini\u0107 - Zemlja dide mog \u2655 HD sound\" width=\"640\" height=\"480\" src=\"https:\/\/www.youtube.com\/embed\/Uf0yashitAk?feature=oembed\" frameborder=\"0\" allow=\"accelerometer; autoplay; clipboard-write; encrypted-media; gyroscope; picture-in-picture; web-share\" referrerpolicy=\"strict-origin-when-cross-origin\" allowfullscreen><\/iframe>\n<\/div><\/figure>\n\n\n\n<p><em>Izvor: narod.hr<\/em><\/p>\n","protected":false},"excerpt":{"rendered":"<p>Kad je Meri Cetini\u0107 stala u obranu obiteljskih vrijednosti, prava na ro\u0111enje svakog za\u010detog djeteta pjevaju\u0107i na \u201cHodu za \u017eivot\u201d, nakon otvorenog protivljenja zabranama i ka\u017enjavanju pjeva\u010da Marka Perkovi\u0107a Thompsona, te zalaganja za za\u0161titu \u010dasti poginulih hrvatskih vojnika HOS-a \u2013 glazbena diva je do\u0161la pod udar orkestirane kampanje dijela medija i politi\u010dara. Osobito se napadima [&hellip;]<\/p>\n","protected":false},"author":2,"featured_media":32642,"comment_status":"closed","ping_status":"closed","sticky":false,"template":"","format":"standard","meta":{"h5ap_radio_sources":[],"footnotes":""},"categories":[1],"tags":[],"class_list":["post-32641","post","type-post","status-publish","format-standard","has-post-thumbnail","hentry","category-bihiregija"],"yoast_head":"<!-- This site is optimized with the Yoast SEO plugin v27.5 - https:\/\/yoast.com\/product\/yoast-seo-wordpress\/ -->\n<title>15. lipnja 1953. ro\u0111ena Meri Cetini\u0107 \u2013 glazbena diva u obrani \u017eivota - RADIO LJUBU\u0160KI<\/title>\n<meta name=\"robots\" content=\"index, follow, max-snippet:-1, max-image-preview:large, max-video-preview:-1\" \/>\n<link rel=\"canonical\" href=\"https:\/\/radioljubuski.ba\/index.php\/2021\/06\/15\/15-lipnja-1953-rodena-meri-cetinic-glazbena-diva-u-obrani-zivota\/\" \/>\n<meta property=\"og:locale\" content=\"hr_HR\" \/>\n<meta property=\"og:type\" content=\"article\" \/>\n<meta property=\"og:title\" content=\"15. lipnja 1953. ro\u0111ena Meri Cetini\u0107 \u2013 glazbena diva u obrani \u017eivota - RADIO LJUBU\u0160KI\" \/>\n<meta property=\"og:description\" content=\"Kad je Meri Cetini\u0107 stala u obranu obiteljskih vrijednosti, prava na ro\u0111enje svakog za\u010detog djeteta pjevaju\u0107i na \u201cHodu za \u017eivot\u201d, nakon otvorenog protivljenja zabranama i ka\u017enjavanju pjeva\u010da Marka Perkovi\u0107a Thompsona, te zalaganja za za\u0161titu \u010dasti poginulih hrvatskih vojnika HOS-a \u2013 glazbena diva je do\u0161la pod udar orkestirane kampanje dijela medija i politi\u010dara. Osobito se napadima [&hellip;]\" \/>\n<meta property=\"og:url\" content=\"https:\/\/radioljubuski.ba\/index.php\/2021\/06\/15\/15-lipnja-1953-rodena-meri-cetinic-glazbena-diva-u-obrani-zivota\/\" \/>\n<meta property=\"og:site_name\" content=\"RADIO LJUBU\u0160KI\" \/>\n<meta property=\"article:publisher\" content=\"https:\/\/www.facebook.com\/Radiio-Ljubuski-1490835324566332\" \/>\n<meta property=\"article:published_time\" content=\"2021-06-15T08:28:52+00:00\" \/>\n<meta property=\"article:modified_time\" content=\"2021-06-15T08:28:53+00:00\" \/>\n<meta property=\"og:image\" content=\"https:\/\/radioljubuski.ba\/wp-content\/uploads\/2021\/06\/Meri_Cetini_-696x366-1.png\" \/>\n\t<meta property=\"og:image:width\" content=\"696\" \/>\n\t<meta property=\"og:image:height\" content=\"366\" \/>\n\t<meta property=\"og:image:type\" content=\"image\/png\" \/>\n<meta name=\"author\" content=\"Radio Ljubu\u0161ki\" \/>\n<meta name=\"twitter:card\" content=\"summary_large_image\" \/>\n<meta name=\"twitter:creator\" content=\"@radioljubuski\" \/>\n<meta name=\"twitter:site\" content=\"@radioljubuski\" \/>\n<meta name=\"twitter:label1\" content=\"Napisao\/la\" \/>\n\t<meta name=\"twitter:data1\" content=\"Radio Ljubu\u0161ki\" \/>\n\t<meta name=\"twitter:label2\" content=\"Procijenjeno vrijeme \u010ditanja\" \/>\n\t<meta name=\"twitter:data2\" content=\"3 minute\" \/>\n<script type=\"application\/ld+json\" class=\"yoast-schema-graph\">{\"@context\":\"https:\\\/\\\/schema.org\",\"@graph\":[{\"@type\":\"Article\",\"@id\":\"https:\\\/\\\/radioljubuski.ba\\\/index.php\\\/2021\\\/06\\\/15\\\/15-lipnja-1953-rodena-meri-cetinic-glazbena-diva-u-obrani-zivota\\\/#article\",\"isPartOf\":{\"@id\":\"https:\\\/\\\/radioljubuski.ba\\\/index.php\\\/2021\\\/06\\\/15\\\/15-lipnja-1953-rodena-meri-cetinic-glazbena-diva-u-obrani-zivota\\\/\"},\"author\":{\"name\":\"Radio Ljubu\u0161ki\",\"@id\":\"https:\\\/\\\/radioljubuski.ba\\\/#\\\/schema\\\/person\\\/19fc700381a780f69665d7956c469e3b\"},\"headline\":\"15. lipnja 1953. ro\u0111ena Meri Cetini\u0107 \u2013 glazbena diva u obrani \u017eivota\",\"datePublished\":\"2021-06-15T08:28:52+00:00\",\"dateModified\":\"2021-06-15T08:28:53+00:00\",\"mainEntityOfPage\":{\"@id\":\"https:\\\/\\\/radioljubuski.ba\\\/index.php\\\/2021\\\/06\\\/15\\\/15-lipnja-1953-rodena-meri-cetinic-glazbena-diva-u-obrani-zivota\\\/\"},\"wordCount\":609,\"publisher\":{\"@id\":\"https:\\\/\\\/radioljubuski.ba\\\/#organization\"},\"image\":{\"@id\":\"https:\\\/\\\/radioljubuski.ba\\\/index.php\\\/2021\\\/06\\\/15\\\/15-lipnja-1953-rodena-meri-cetinic-glazbena-diva-u-obrani-zivota\\\/#primaryimage\"},\"thumbnailUrl\":\"https:\\\/\\\/radioljubuski.ba\\\/wp-content\\\/uploads\\\/2021\\\/06\\\/Meri_Cetini_-696x366-1.png\",\"articleSection\":[\"BIH i regija\"],\"inLanguage\":\"hr\"},{\"@type\":\"WebPage\",\"@id\":\"https:\\\/\\\/radioljubuski.ba\\\/index.php\\\/2021\\\/06\\\/15\\\/15-lipnja-1953-rodena-meri-cetinic-glazbena-diva-u-obrani-zivota\\\/\",\"url\":\"https:\\\/\\\/radioljubuski.ba\\\/index.php\\\/2021\\\/06\\\/15\\\/15-lipnja-1953-rodena-meri-cetinic-glazbena-diva-u-obrani-zivota\\\/\",\"name\":\"15. lipnja 1953. ro\u0111ena Meri Cetini\u0107 \u2013 glazbena diva u obrani \u017eivota - RADIO LJUBU\u0160KI\",\"isPartOf\":{\"@id\":\"https:\\\/\\\/radioljubuski.ba\\\/#website\"},\"primaryImageOfPage\":{\"@id\":\"https:\\\/\\\/radioljubuski.ba\\\/index.php\\\/2021\\\/06\\\/15\\\/15-lipnja-1953-rodena-meri-cetinic-glazbena-diva-u-obrani-zivota\\\/#primaryimage\"},\"image\":{\"@id\":\"https:\\\/\\\/radioljubuski.ba\\\/index.php\\\/2021\\\/06\\\/15\\\/15-lipnja-1953-rodena-meri-cetinic-glazbena-diva-u-obrani-zivota\\\/#primaryimage\"},\"thumbnailUrl\":\"https:\\\/\\\/radioljubuski.ba\\\/wp-content\\\/uploads\\\/2021\\\/06\\\/Meri_Cetini_-696x366-1.png\",\"datePublished\":\"2021-06-15T08:28:52+00:00\",\"dateModified\":\"2021-06-15T08:28:53+00:00\",\"breadcrumb\":{\"@id\":\"https:\\\/\\\/radioljubuski.ba\\\/index.php\\\/2021\\\/06\\\/15\\\/15-lipnja-1953-rodena-meri-cetinic-glazbena-diva-u-obrani-zivota\\\/#breadcrumb\"},\"inLanguage\":\"hr\",\"potentialAction\":[{\"@type\":\"ReadAction\",\"target\":[\"https:\\\/\\\/radioljubuski.ba\\\/index.php\\\/2021\\\/06\\\/15\\\/15-lipnja-1953-rodena-meri-cetinic-glazbena-diva-u-obrani-zivota\\\/\"]}]},{\"@type\":\"ImageObject\",\"inLanguage\":\"hr\",\"@id\":\"https:\\\/\\\/radioljubuski.ba\\\/index.php\\\/2021\\\/06\\\/15\\\/15-lipnja-1953-rodena-meri-cetinic-glazbena-diva-u-obrani-zivota\\\/#primaryimage\",\"url\":\"https:\\\/\\\/radioljubuski.ba\\\/wp-content\\\/uploads\\\/2021\\\/06\\\/Meri_Cetini_-696x366-1.png\",\"contentUrl\":\"https:\\\/\\\/radioljubuski.ba\\\/wp-content\\\/uploads\\\/2021\\\/06\\\/Meri_Cetini_-696x366-1.png\",\"width\":696,\"height\":366},{\"@type\":\"BreadcrumbList\",\"@id\":\"https:\\\/\\\/radioljubuski.ba\\\/index.php\\\/2021\\\/06\\\/15\\\/15-lipnja-1953-rodena-meri-cetinic-glazbena-diva-u-obrani-zivota\\\/#breadcrumb\",\"itemListElement\":[{\"@type\":\"ListItem\",\"position\":1,\"name\":\"Po\u010detna stranica\",\"item\":\"https:\\\/\\\/radioljubuski.ba\\\/\"},{\"@type\":\"ListItem\",\"position\":2,\"name\":\"15. lipnja 1953. ro\u0111ena Meri Cetini\u0107 \u2013 glazbena diva u obrani \u017eivota\"}]},{\"@type\":\"WebSite\",\"@id\":\"https:\\\/\\\/radioljubuski.ba\\\/#website\",\"url\":\"https:\\\/\\\/radioljubuski.ba\\\/\",\"name\":\"Radio Ljubu\u0161ki\",\"description\":\"Sun\u010dana frekvencija Hercegovine\",\"publisher\":{\"@id\":\"https:\\\/\\\/radioljubuski.ba\\\/#organization\"},\"potentialAction\":[{\"@type\":\"SearchAction\",\"target\":{\"@type\":\"EntryPoint\",\"urlTemplate\":\"https:\\\/\\\/radioljubuski.ba\\\/?s={search_term_string}\"},\"query-input\":{\"@type\":\"PropertyValueSpecification\",\"valueRequired\":true,\"valueName\":\"search_term_string\"}}],\"inLanguage\":\"hr\"},{\"@type\":\"Organization\",\"@id\":\"https:\\\/\\\/radioljubuski.ba\\\/#organization\",\"name\":\"Radio Ljubu\u0161ki\",\"url\":\"https:\\\/\\\/radioljubuski.ba\\\/\",\"logo\":{\"@type\":\"ImageObject\",\"inLanguage\":\"hr\",\"@id\":\"https:\\\/\\\/radioljubuski.ba\\\/#\\\/schema\\\/logo\\\/image\\\/\",\"url\":\"https:\\\/\\\/radioljubuski.ba\\\/wp-content\\\/uploads\\\/2021\\\/02\\\/cropped-Radio_Ljubuski_logo1.jpg\",\"contentUrl\":\"https:\\\/\\\/radioljubuski.ba\\\/wp-content\\\/uploads\\\/2021\\\/02\\\/cropped-Radio_Ljubuski_logo1.jpg\",\"width\":512,\"height\":512,\"caption\":\"Radio Ljubu\u0161ki\"},\"image\":{\"@id\":\"https:\\\/\\\/radioljubuski.ba\\\/#\\\/schema\\\/logo\\\/image\\\/\"},\"sameAs\":[\"https:\\\/\\\/www.facebook.com\\\/Radiio-Ljubuski-1490835324566332\",\"https:\\\/\\\/x.com\\\/radioljubuski\",\"https:\\\/\\\/hr.linkedin.com\\\/company\\\/radio-ljubuski\",\"https:\\\/\\\/www.youtube.com\\\/channel\\\/UCHYaeO_n0Db3tjNGudGpXyw\"]},{\"@type\":\"Person\",\"@id\":\"https:\\\/\\\/radioljubuski.ba\\\/#\\\/schema\\\/person\\\/19fc700381a780f69665d7956c469e3b\",\"name\":\"Radio Ljubu\u0161ki\"}]}<\/script>\n<!-- \/ Yoast SEO plugin. -->","yoast_head_json":{"title":"15. lipnja 1953. ro\u0111ena Meri Cetini\u0107 \u2013 glazbena diva u obrani \u017eivota - RADIO LJUBU\u0160KI","robots":{"index":"index","follow":"follow","max-snippet":"max-snippet:-1","max-image-preview":"max-image-preview:large","max-video-preview":"max-video-preview:-1"},"canonical":"https:\/\/radioljubuski.ba\/index.php\/2021\/06\/15\/15-lipnja-1953-rodena-meri-cetinic-glazbena-diva-u-obrani-zivota\/","og_locale":"hr_HR","og_type":"article","og_title":"15. lipnja 1953. ro\u0111ena Meri Cetini\u0107 \u2013 glazbena diva u obrani \u017eivota - RADIO LJUBU\u0160KI","og_description":"Kad je Meri Cetini\u0107 stala u obranu obiteljskih vrijednosti, prava na ro\u0111enje svakog za\u010detog djeteta pjevaju\u0107i na \u201cHodu za \u017eivot\u201d, nakon otvorenog protivljenja zabranama i ka\u017enjavanju pjeva\u010da Marka Perkovi\u0107a Thompsona, te zalaganja za za\u0161titu \u010dasti poginulih hrvatskih vojnika HOS-a \u2013 glazbena diva je do\u0161la pod udar orkestirane kampanje dijela medija i politi\u010dara. Osobito se napadima [&hellip;]","og_url":"https:\/\/radioljubuski.ba\/index.php\/2021\/06\/15\/15-lipnja-1953-rodena-meri-cetinic-glazbena-diva-u-obrani-zivota\/","og_site_name":"RADIO LJUBU\u0160KI","article_publisher":"https:\/\/www.facebook.com\/Radiio-Ljubuski-1490835324566332","article_published_time":"2021-06-15T08:28:52+00:00","article_modified_time":"2021-06-15T08:28:53+00:00","og_image":[{"width":696,"height":366,"url":"https:\/\/radioljubuski.ba\/wp-content\/uploads\/2021\/06\/Meri_Cetini_-696x366-1.png","type":"image\/png"}],"author":"Radio Ljubu\u0161ki","twitter_card":"summary_large_image","twitter_creator":"@radioljubuski","twitter_site":"@radioljubuski","twitter_misc":{"Napisao\/la":"Radio Ljubu\u0161ki","Procijenjeno vrijeme \u010ditanja":"3 minute"},"schema":{"@context":"https:\/\/schema.org","@graph":[{"@type":"Article","@id":"https:\/\/radioljubuski.ba\/index.php\/2021\/06\/15\/15-lipnja-1953-rodena-meri-cetinic-glazbena-diva-u-obrani-zivota\/#article","isPartOf":{"@id":"https:\/\/radioljubuski.ba\/index.php\/2021\/06\/15\/15-lipnja-1953-rodena-meri-cetinic-glazbena-diva-u-obrani-zivota\/"},"author":{"name":"Radio Ljubu\u0161ki","@id":"https:\/\/radioljubuski.ba\/#\/schema\/person\/19fc700381a780f69665d7956c469e3b"},"headline":"15. lipnja 1953. ro\u0111ena Meri Cetini\u0107 \u2013 glazbena diva u obrani \u017eivota","datePublished":"2021-06-15T08:28:52+00:00","dateModified":"2021-06-15T08:28:53+00:00","mainEntityOfPage":{"@id":"https:\/\/radioljubuski.ba\/index.php\/2021\/06\/15\/15-lipnja-1953-rodena-meri-cetinic-glazbena-diva-u-obrani-zivota\/"},"wordCount":609,"publisher":{"@id":"https:\/\/radioljubuski.ba\/#organization"},"image":{"@id":"https:\/\/radioljubuski.ba\/index.php\/2021\/06\/15\/15-lipnja-1953-rodena-meri-cetinic-glazbena-diva-u-obrani-zivota\/#primaryimage"},"thumbnailUrl":"https:\/\/radioljubuski.ba\/wp-content\/uploads\/2021\/06\/Meri_Cetini_-696x366-1.png","articleSection":["BIH i regija"],"inLanguage":"hr"},{"@type":"WebPage","@id":"https:\/\/radioljubuski.ba\/index.php\/2021\/06\/15\/15-lipnja-1953-rodena-meri-cetinic-glazbena-diva-u-obrani-zivota\/","url":"https:\/\/radioljubuski.ba\/index.php\/2021\/06\/15\/15-lipnja-1953-rodena-meri-cetinic-glazbena-diva-u-obrani-zivota\/","name":"15. lipnja 1953. ro\u0111ena Meri Cetini\u0107 \u2013 glazbena diva u obrani \u017eivota - RADIO LJUBU\u0160KI","isPartOf":{"@id":"https:\/\/radioljubuski.ba\/#website"},"primaryImageOfPage":{"@id":"https:\/\/radioljubuski.ba\/index.php\/2021\/06\/15\/15-lipnja-1953-rodena-meri-cetinic-glazbena-diva-u-obrani-zivota\/#primaryimage"},"image":{"@id":"https:\/\/radioljubuski.ba\/index.php\/2021\/06\/15\/15-lipnja-1953-rodena-meri-cetinic-glazbena-diva-u-obrani-zivota\/#primaryimage"},"thumbnailUrl":"https:\/\/radioljubuski.ba\/wp-content\/uploads\/2021\/06\/Meri_Cetini_-696x366-1.png","datePublished":"2021-06-15T08:28:52+00:00","dateModified":"2021-06-15T08:28:53+00:00","breadcrumb":{"@id":"https:\/\/radioljubuski.ba\/index.php\/2021\/06\/15\/15-lipnja-1953-rodena-meri-cetinic-glazbena-diva-u-obrani-zivota\/#breadcrumb"},"inLanguage":"hr","potentialAction":[{"@type":"ReadAction","target":["https:\/\/radioljubuski.ba\/index.php\/2021\/06\/15\/15-lipnja-1953-rodena-meri-cetinic-glazbena-diva-u-obrani-zivota\/"]}]},{"@type":"ImageObject","inLanguage":"hr","@id":"https:\/\/radioljubuski.ba\/index.php\/2021\/06\/15\/15-lipnja-1953-rodena-meri-cetinic-glazbena-diva-u-obrani-zivota\/#primaryimage","url":"https:\/\/radioljubuski.ba\/wp-content\/uploads\/2021\/06\/Meri_Cetini_-696x366-1.png","contentUrl":"https:\/\/radioljubuski.ba\/wp-content\/uploads\/2021\/06\/Meri_Cetini_-696x366-1.png","width":696,"height":366},{"@type":"BreadcrumbList","@id":"https:\/\/radioljubuski.ba\/index.php\/2021\/06\/15\/15-lipnja-1953-rodena-meri-cetinic-glazbena-diva-u-obrani-zivota\/#breadcrumb","itemListElement":[{"@type":"ListItem","position":1,"name":"Po\u010detna stranica","item":"https:\/\/radioljubuski.ba\/"},{"@type":"ListItem","position":2,"name":"15. lipnja 1953. ro\u0111ena Meri Cetini\u0107 \u2013 glazbena diva u obrani \u017eivota"}]},{"@type":"WebSite","@id":"https:\/\/radioljubuski.ba\/#website","url":"https:\/\/radioljubuski.ba\/","name":"Radio Ljubu\u0161ki","description":"Sun\u010dana frekvencija Hercegovine","publisher":{"@id":"https:\/\/radioljubuski.ba\/#organization"},"potentialAction":[{"@type":"SearchAction","target":{"@type":"EntryPoint","urlTemplate":"https:\/\/radioljubuski.ba\/?s={search_term_string}"},"query-input":{"@type":"PropertyValueSpecification","valueRequired":true,"valueName":"search_term_string"}}],"inLanguage":"hr"},{"@type":"Organization","@id":"https:\/\/radioljubuski.ba\/#organization","name":"Radio Ljubu\u0161ki","url":"https:\/\/radioljubuski.ba\/","logo":{"@type":"ImageObject","inLanguage":"hr","@id":"https:\/\/radioljubuski.ba\/#\/schema\/logo\/image\/","url":"https:\/\/radioljubuski.ba\/wp-content\/uploads\/2021\/02\/cropped-Radio_Ljubuski_logo1.jpg","contentUrl":"https:\/\/radioljubuski.ba\/wp-content\/uploads\/2021\/02\/cropped-Radio_Ljubuski_logo1.jpg","width":512,"height":512,"caption":"Radio Ljubu\u0161ki"},"image":{"@id":"https:\/\/radioljubuski.ba\/#\/schema\/logo\/image\/"},"sameAs":["https:\/\/www.facebook.com\/Radiio-Ljubuski-1490835324566332","https:\/\/x.com\/radioljubuski","https:\/\/hr.linkedin.com\/company\/radio-ljubuski","https:\/\/www.youtube.com\/channel\/UCHYaeO_n0Db3tjNGudGpXyw"]},{"@type":"Person","@id":"https:\/\/radioljubuski.ba\/#\/schema\/person\/19fc700381a780f69665d7956c469e3b","name":"Radio Ljubu\u0161ki"}]}},"_links":{"self":[{"href":"https:\/\/radioljubuski.ba\/index.php\/wp-json\/wp\/v2\/posts\/32641","targetHints":{"allow":["GET"]}}],"collection":[{"href":"https:\/\/radioljubuski.ba\/index.php\/wp-json\/wp\/v2\/posts"}],"about":[{"href":"https:\/\/radioljubuski.ba\/index.php\/wp-json\/wp\/v2\/types\/post"}],"author":[{"embeddable":true,"href":"https:\/\/radioljubuski.ba\/index.php\/wp-json\/wp\/v2\/users\/2"}],"replies":[{"embeddable":true,"href":"https:\/\/radioljubuski.ba\/index.php\/wp-json\/wp\/v2\/comments?post=32641"}],"version-history":[{"count":1,"href":"https:\/\/radioljubuski.ba\/index.php\/wp-json\/wp\/v2\/posts\/32641\/revisions"}],"predecessor-version":[{"id":32643,"href":"https:\/\/radioljubuski.ba\/index.php\/wp-json\/wp\/v2\/posts\/32641\/revisions\/32643"}],"wp:featuredmedia":[{"embeddable":true,"href":"https:\/\/radioljubuski.ba\/index.php\/wp-json\/wp\/v2\/media\/32642"}],"wp:attachment":[{"href":"https:\/\/radioljubuski.ba\/index.php\/wp-json\/wp\/v2\/media?parent=32641"}],"wp:term":[{"taxonomy":"category","embeddable":true,"href":"https:\/\/radioljubuski.ba\/index.php\/wp-json\/wp\/v2\/categories?post=32641"},{"taxonomy":"post_tag","embeddable":true,"href":"https:\/\/radioljubuski.ba\/index.php\/wp-json\/wp\/v2\/tags?post=32641"}],"curies":[{"name":"wp","href":"https:\/\/api.w.org\/{rel}","templated":true}]}}