{"id":32667,"date":"2021-06-15T10:10:29","date_gmt":"2021-06-15T09:10:29","guid":{"rendered":"https:\/\/radioljubuski.ba\/?p=32667"},"modified":"2021-06-16T14:03:22","modified_gmt":"2021-06-16T13:03:22","slug":"iz-zupanijskoga-proracuna-odrzavat-ce-se-po-3-ceste-u-sirokom-i-ljubuskom-te-po-2-u-grudama-i-posusju","status":"publish","type":"post","link":"https:\/\/radioljubuski.ba\/index.php\/2021\/06\/15\/iz-zupanijskoga-proracuna-odrzavat-ce-se-po-3-ceste-u-sirokom-i-ljubuskom-te-po-2-u-grudama-i-posusju\/","title":{"rendered":"Iz \u017eupanijskoga prora\u010duna odr\u017eavat \u0107e se po 3 ceste u \u0160irokom i Ljubu\u0161kom te po 2 u Grudama i Posu\u0161ju"},"content":{"rendered":"\n<p>Odlukom Vlade FBiH osam prometnica dugih gotovo 90 kilometara na podru\u010dju ZH\u017d-a nedavno je umjesto statusa lokalnih dobilo oznaku regionalnih. To zna\u010di kako \u0107e ubudu\u0107e brigu o njihovu odr\u017eavanju i rekonstruiranju umjesto lokalnih samouprava voditi \u017dupanija, pi\u0161e Ve\u010dernji list BiH.<\/p>\n\n\n\n<p><strong>Najprometnije prometnice<\/strong><\/p>\n\n\n\n<p>Kako se navodi u Vladinoj odluci, rije\u010d je o sljede\u0107im cestama na podru\u010dju \u0160irokog Brijega i Gruda: lokalna cesta Trn &#8211; Oklaji &#8211; Dobrkovi\u0107i &#8211; Izbi\u010dno &#8211; Bornja, Britvica &#8211; Korita &#8211; Sutina &#8211; Pokle\u010dani, lokalna cesta Kne\u0161polje &#8211; Uzari\u0107i &#8211; Jare &#8211; Biograci &#8211; Ljuti Dolac &#8211; Podgorje, lokalna cesta Ledinac &#8211; Du\u017eice, lokalna cesta Sovi\u0107i (Bobanova Draga) &#8211; Bla\u017eevi\u0107i &#8211; Krenica &#8211; Plavilo i Ploca &#8211; Stipi\u0107i &#8211; Maji\u0107i &#8211; Sebi\u0161ina.<\/p>\n\n\n\n<p>Kada je rije\u010d o Posu\u0161ju, ovom odlukom o prekategorizaciji \u017dupanija preuzima brigu o odr\u017eavanju ceste Osoje &#8211; Posu\u0161je &#8211; kru\u017eni tok Ri\u010dina. U Ljubu\u0161kom su status regionalnih cesta dobile: lokalna cesta Mostarska Vrata &#8211; Lipno &#8211; Hamzi\u0107i, zatim lokalna cesta Teskera &#8211; Orahovlje te lokalna cesta kri\u017eanje M17.4 (Ljubu\u0161ki) i Ul. sv. Leopolda Mandi\u0107a &#8211; Hardomilje.<\/p>\n\n\n\n<p>Rije\u010d je o najprometnijim lokalnim prometnicama na podru\u010dju ove \u017eupanije koje stoga zahtijevaju i \u010de\u0161\u0107e te zahtjevnije odr\u017eavanje i za\u0161titu, a za neke je planirana i potpuna rekonstrukcija.<\/p>\n\n\n\n<p>Kako se navodi u odluci Vlade Federacije BiH, cesta Trn &#8211; Oklaji &#8211; Dobrkovi\u0107i &#8211; Izbi\u010dno &#8211; Gornja Britvica &#8211; Korita &#8211; Sutina &#8211; Pokle\u010dani (M17.5), u du\u017eini od 28,20 km, razvrstava se u regionalnu cestu s oznakom R-419: \u0160iroki Brijeg (Trn) &#8211; Izbi\u010dno &#8211; Britvica &#8211; Rakitno (M17.5); prometnica Osoje (M15) &#8211; Posu\u0161je (Trg pape Ivana Pavla II.) &#8211; kru\u017eni tok Ri\u010dina (kri\u017eanje M15 i M6.1), u du\u017eini od 5,30 km, razvrstava se u regionalnu cestu te s postoje\u0107om regionalnom cestom R-420 Posu\u0161je (\u010citluk, M6.1) &#8211; Vir &#8211; Zavelim (granica \u017eupanije) \u010dini novu regionalnu cestu R-420: Osoje (M15) &#8211; Posu\u0161je (Trg pape Ivana Pavla II.) &#8211; kru\u017eni tok Ri\u010dina (kri\u017eanje M15 i M6.1) &#8211; \u010citluk (M6.1) &#8211; Vir &#8211; Zavelim (granica \u017eupanije). Prema istoj odluci, prometnica Ledinac (M17.5) &#8211; Du\u017eice (M17.5), u du\u017eini od 5 km, razvrstava se u regionalnu cestu s oznakom R-420a: Ledinac (M17.5) &#8211; Du\u017eice (M17.5); cesta Sovi\u0107i (Bobanova Draga) &#8211; Bla\u017eevi\u0107i &#8211; Krenica &#8211; Plavilo (R-421) i Plo\u010da &#8211; Stipi\u0107i &#8211; Maji\u0107i &#8211; Sebi\u0161ina (granica RH), u du\u017eini od 11,30 km, razvrstava se u regionalnu cestu s oznakom R-421a: Sovi\u0107i (Bobanova Draga) &#8211; Drinovci (R-421) &#8211; Sebi\u0161ina (granica RH); cesta Teskera (M17.4) &#8211; Orahovlje (R-422), u du\u017eini od 9,15 km, razvrstava se u regionalnu cestu te s postoje\u0107om regionalnom cestom R-423 Teskera &#8211; Bija\u010da \u010dini novu regionalnu cestu s oznakom R-423: Orahovlje (R-422) &#8211; Teskera &#8211; Bija\u010da (granica RH); cesta kri\u017eanje M17.4 (Ljubu\u0161ki) i Ulica sv. Leopolda Mandi\u0107a &#8211; Hardomilje (R-423), u du\u017eini od 4,70 km, razvrstava se u regionalnu cestu s oznakom R-423a: kri\u017eanje M17.4 i Ulica sv. Leopolda Mandi\u0107a (Ljubu\u0161ki) &#8211; Hardomilje (R-423).<\/p>\n\n\n\n<p><strong>Zadu\u017eili Vladu<\/strong><\/p>\n\n\n\n<p>Istom odlukom cesta Kne\u0161polje (M6.1) &#8211; Uzari\u0107i &#8211; Jare &#8211; Biograci &#8211; Ljuti Dolac &#8211; Podgorje (M17.4, HN\u017d), u du\u017eini od 13,50 km, razvrstava se u regionalnu cestu s oznakom R-424: Kne\u0161polje (M6.1) &#8211; Uzari\u0107i &#8211; Jare &#8211; Biograci &#8211; Ljuti Dolac &#8211; Podgorje (M17.4); dok se cesta Mostarska Vrata &#8211; Lipno &#8211; Hamzi\u0107i, u du\u017eini od 9,80 km, razvrstava u regionalnu cestu R-425b: Mostarska Vrata &#8211; Lipno &#8211; Hamzi\u0107i.<\/p>\n\n\n\n<p>Odluci o prekategorizaciji, koju je na nedavnoj sjednici usvojila Vlada FBiH, prethodila je odluka o prijedlogu odluke o razvrstavanju javnih cesta na podru\u010dju ZH\u017d-a, a koju je izradilo Povjerenstvo za izradu prijedloga odluke o razvrstavanju javnih cesta na podru\u010dju ZH\u017d-a imenovano odlukom Ministarstva gospodarstva ZH\u017d-a.<\/p>\n\n\n\n<p>Kako ne bi bilo smetnji da ZH\u017d odmah po prekategorizaciji preuzme odr\u017eavanje navedenih prometnica, Vlada ZH\u017d-a na jednoj od proteklih sjednica zadu\u017eila je Ceste ZH\u017d-a da planom i programom odr\u017eavanja i za\u0161tite, rekonstrukcije, izgradnje i obnove cesta u 2021., izme\u0111u ostaloga, obuhvate i spomenute prometnice.<\/p>\n\n\n\n<p>Izvor:vecernji.ba<\/p>\n","protected":false},"excerpt":{"rendered":"<p>Odlukom Vlade FBiH osam prometnica dugih gotovo 90 kilometara na podru\u010dju ZH\u017d-a nedavno je umjesto statusa lokalnih dobilo oznaku regionalnih. To zna\u010di kako \u0107e ubudu\u0107e brigu o njihovu odr\u017eavanju i rekonstruiranju umjesto lokalnih samouprava voditi \u017dupanija, pi\u0161e Ve\u010dernji list BiH. Najprometnije prometnice Kako se navodi u Vladinoj odluci, rije\u010d je o sljede\u0107im cestama na podru\u010dju [&hellip;]<\/p>\n","protected":false},"author":2,"featured_media":32668,"comment_status":"closed","ping_status":"closed","sticky":false,"template":"","format":"standard","meta":{"h5ap_radio_sources":[],"footnotes":""},"categories":[1],"tags":[],"class_list":["post-32667","post","type-post","status-publish","format-standard","has-post-thumbnail","hentry","category-bihiregija"],"yoast_head":"<!-- This site is optimized with the Yoast SEO plugin v27.5 - https:\/\/yoast.com\/product\/yoast-seo-wordpress\/ -->\n<title>Iz \u017eupanijskoga prora\u010duna odr\u017eavat \u0107e se po 3 ceste u \u0160irokom i Ljubu\u0161kom te po 2 u Grudama i Posu\u0161ju - RADIO LJUBU\u0160KI<\/title>\n<meta name=\"robots\" content=\"index, follow, max-snippet:-1, max-image-preview:large, max-video-preview:-1\" \/>\n<link rel=\"canonical\" href=\"https:\/\/radioljubuski.ba\/index.php\/2021\/06\/15\/iz-zupanijskoga-proracuna-odrzavat-ce-se-po-3-ceste-u-sirokom-i-ljubuskom-te-po-2-u-grudama-i-posusju\/\" \/>\n<meta property=\"og:locale\" content=\"hr_HR\" \/>\n<meta property=\"og:type\" content=\"article\" \/>\n<meta property=\"og:title\" content=\"Iz \u017eupanijskoga prora\u010duna odr\u017eavat \u0107e se po 3 ceste u \u0160irokom i Ljubu\u0161kom te po 2 u Grudama i Posu\u0161ju - RADIO LJUBU\u0160KI\" \/>\n<meta property=\"og:description\" content=\"Odlukom Vlade FBiH osam prometnica dugih gotovo 90 kilometara na podru\u010dju ZH\u017d-a nedavno je umjesto statusa lokalnih dobilo oznaku regionalnih. To zna\u010di kako \u0107e ubudu\u0107e brigu o njihovu odr\u017eavanju i rekonstruiranju umjesto lokalnih samouprava voditi \u017dupanija, pi\u0161e Ve\u010dernji list BiH. Najprometnije prometnice Kako se navodi u Vladinoj odluci, rije\u010d je o sljede\u0107im cestama na podru\u010dju [&hellip;]\" \/>\n<meta property=\"og:url\" content=\"https:\/\/radioljubuski.ba\/index.php\/2021\/06\/15\/iz-zupanijskoga-proracuna-odrzavat-ce-se-po-3-ceste-u-sirokom-i-ljubuskom-te-po-2-u-grudama-i-posusju\/\" \/>\n<meta property=\"og:site_name\" content=\"RADIO LJUBU\u0160KI\" \/>\n<meta property=\"article:publisher\" content=\"https:\/\/www.facebook.com\/Radiio-Ljubuski-1490835324566332\" \/>\n<meta property=\"article:published_time\" content=\"2021-06-15T09:10:29+00:00\" \/>\n<meta property=\"article:modified_time\" content=\"2021-06-16T13:03:22+00:00\" \/>\n<meta property=\"og:image\" content=\"https:\/\/radioljubuski.ba\/wp-content\/uploads\/2021\/06\/2-2021-06-15-08-56-26-RADOVI-GRUDE-POSUSJE.jpg\" \/>\n\t<meta property=\"og:image:width\" content=\"1000\" \/>\n\t<meta property=\"og:image:height\" content=\"625\" \/>\n\t<meta property=\"og:image:type\" content=\"image\/jpeg\" \/>\n<meta name=\"author\" content=\"Radio Ljubu\u0161ki\" \/>\n<meta name=\"twitter:card\" content=\"summary_large_image\" \/>\n<meta name=\"twitter:creator\" content=\"@radioljubuski\" \/>\n<meta name=\"twitter:site\" content=\"@radioljubuski\" \/>\n<meta name=\"twitter:label1\" content=\"Napisao\/la\" \/>\n\t<meta name=\"twitter:data1\" content=\"Radio Ljubu\u0161ki\" \/>\n\t<meta name=\"twitter:label2\" content=\"Procijenjeno vrijeme \u010ditanja\" \/>\n\t<meta name=\"twitter:data2\" content=\"3 minute\" \/>\n<script type=\"application\/ld+json\" class=\"yoast-schema-graph\">{\"@context\":\"https:\\\/\\\/schema.org\",\"@graph\":[{\"@type\":\"Article\",\"@id\":\"https:\\\/\\\/radioljubuski.ba\\\/index.php\\\/2021\\\/06\\\/15\\\/iz-zupanijskoga-proracuna-odrzavat-ce-se-po-3-ceste-u-sirokom-i-ljubuskom-te-po-2-u-grudama-i-posusju\\\/#article\",\"isPartOf\":{\"@id\":\"https:\\\/\\\/radioljubuski.ba\\\/index.php\\\/2021\\\/06\\\/15\\\/iz-zupanijskoga-proracuna-odrzavat-ce-se-po-3-ceste-u-sirokom-i-ljubuskom-te-po-2-u-grudama-i-posusju\\\/\"},\"author\":{\"name\":\"Radio Ljubu\u0161ki\",\"@id\":\"https:\\\/\\\/radioljubuski.ba\\\/#\\\/schema\\\/person\\\/19fc700381a780f69665d7956c469e3b\"},\"headline\":\"Iz \u017eupanijskoga prora\u010duna odr\u017eavat \u0107e se po 3 ceste u \u0160irokom i Ljubu\u0161kom te po 2 u Grudama i Posu\u0161ju\",\"datePublished\":\"2021-06-15T09:10:29+00:00\",\"dateModified\":\"2021-06-16T13:03:22+00:00\",\"mainEntityOfPage\":{\"@id\":\"https:\\\/\\\/radioljubuski.ba\\\/index.php\\\/2021\\\/06\\\/15\\\/iz-zupanijskoga-proracuna-odrzavat-ce-se-po-3-ceste-u-sirokom-i-ljubuskom-te-po-2-u-grudama-i-posusju\\\/\"},\"wordCount\":746,\"publisher\":{\"@id\":\"https:\\\/\\\/radioljubuski.ba\\\/#organization\"},\"image\":{\"@id\":\"https:\\\/\\\/radioljubuski.ba\\\/index.php\\\/2021\\\/06\\\/15\\\/iz-zupanijskoga-proracuna-odrzavat-ce-se-po-3-ceste-u-sirokom-i-ljubuskom-te-po-2-u-grudama-i-posusju\\\/#primaryimage\"},\"thumbnailUrl\":\"https:\\\/\\\/radioljubuski.ba\\\/wp-content\\\/uploads\\\/2021\\\/06\\\/2-2021-06-15-08-56-26-RADOVI-GRUDE-POSUSJE.jpg\",\"articleSection\":[\"BIH i regija\"],\"inLanguage\":\"hr\"},{\"@type\":\"WebPage\",\"@id\":\"https:\\\/\\\/radioljubuski.ba\\\/index.php\\\/2021\\\/06\\\/15\\\/iz-zupanijskoga-proracuna-odrzavat-ce-se-po-3-ceste-u-sirokom-i-ljubuskom-te-po-2-u-grudama-i-posusju\\\/\",\"url\":\"https:\\\/\\\/radioljubuski.ba\\\/index.php\\\/2021\\\/06\\\/15\\\/iz-zupanijskoga-proracuna-odrzavat-ce-se-po-3-ceste-u-sirokom-i-ljubuskom-te-po-2-u-grudama-i-posusju\\\/\",\"name\":\"Iz \u017eupanijskoga prora\u010duna odr\u017eavat \u0107e se po 3 ceste u \u0160irokom i Ljubu\u0161kom te po 2 u Grudama i Posu\u0161ju - RADIO LJUBU\u0160KI\",\"isPartOf\":{\"@id\":\"https:\\\/\\\/radioljubuski.ba\\\/#website\"},\"primaryImageOfPage\":{\"@id\":\"https:\\\/\\\/radioljubuski.ba\\\/index.php\\\/2021\\\/06\\\/15\\\/iz-zupanijskoga-proracuna-odrzavat-ce-se-po-3-ceste-u-sirokom-i-ljubuskom-te-po-2-u-grudama-i-posusju\\\/#primaryimage\"},\"image\":{\"@id\":\"https:\\\/\\\/radioljubuski.ba\\\/index.php\\\/2021\\\/06\\\/15\\\/iz-zupanijskoga-proracuna-odrzavat-ce-se-po-3-ceste-u-sirokom-i-ljubuskom-te-po-2-u-grudama-i-posusju\\\/#primaryimage\"},\"thumbnailUrl\":\"https:\\\/\\\/radioljubuski.ba\\\/wp-content\\\/uploads\\\/2021\\\/06\\\/2-2021-06-15-08-56-26-RADOVI-GRUDE-POSUSJE.jpg\",\"datePublished\":\"2021-06-15T09:10:29+00:00\",\"dateModified\":\"2021-06-16T13:03:22+00:00\",\"breadcrumb\":{\"@id\":\"https:\\\/\\\/radioljubuski.ba\\\/index.php\\\/2021\\\/06\\\/15\\\/iz-zupanijskoga-proracuna-odrzavat-ce-se-po-3-ceste-u-sirokom-i-ljubuskom-te-po-2-u-grudama-i-posusju\\\/#breadcrumb\"},\"inLanguage\":\"hr\",\"potentialAction\":[{\"@type\":\"ReadAction\",\"target\":[\"https:\\\/\\\/radioljubuski.ba\\\/index.php\\\/2021\\\/06\\\/15\\\/iz-zupanijskoga-proracuna-odrzavat-ce-se-po-3-ceste-u-sirokom-i-ljubuskom-te-po-2-u-grudama-i-posusju\\\/\"]}]},{\"@type\":\"ImageObject\",\"inLanguage\":\"hr\",\"@id\":\"https:\\\/\\\/radioljubuski.ba\\\/index.php\\\/2021\\\/06\\\/15\\\/iz-zupanijskoga-proracuna-odrzavat-ce-se-po-3-ceste-u-sirokom-i-ljubuskom-te-po-2-u-grudama-i-posusju\\\/#primaryimage\",\"url\":\"https:\\\/\\\/radioljubuski.ba\\\/wp-content\\\/uploads\\\/2021\\\/06\\\/2-2021-06-15-08-56-26-RADOVI-GRUDE-POSUSJE.jpg\",\"contentUrl\":\"https:\\\/\\\/radioljubuski.ba\\\/wp-content\\\/uploads\\\/2021\\\/06\\\/2-2021-06-15-08-56-26-RADOVI-GRUDE-POSUSJE.jpg\",\"width\":1000,\"height\":625},{\"@type\":\"BreadcrumbList\",\"@id\":\"https:\\\/\\\/radioljubuski.ba\\\/index.php\\\/2021\\\/06\\\/15\\\/iz-zupanijskoga-proracuna-odrzavat-ce-se-po-3-ceste-u-sirokom-i-ljubuskom-te-po-2-u-grudama-i-posusju\\\/#breadcrumb\",\"itemListElement\":[{\"@type\":\"ListItem\",\"position\":1,\"name\":\"Po\u010detna stranica\",\"item\":\"https:\\\/\\\/radioljubuski.ba\\\/\"},{\"@type\":\"ListItem\",\"position\":2,\"name\":\"Iz \u017eupanijskoga prora\u010duna odr\u017eavat \u0107e se po 3 ceste u \u0160irokom i Ljubu\u0161kom te po 2 u Grudama i Posu\u0161ju\"}]},{\"@type\":\"WebSite\",\"@id\":\"https:\\\/\\\/radioljubuski.ba\\\/#website\",\"url\":\"https:\\\/\\\/radioljubuski.ba\\\/\",\"name\":\"Radio Ljubu\u0161ki\",\"description\":\"Sun\u010dana frekvencija Hercegovine\",\"publisher\":{\"@id\":\"https:\\\/\\\/radioljubuski.ba\\\/#organization\"},\"potentialAction\":[{\"@type\":\"SearchAction\",\"target\":{\"@type\":\"EntryPoint\",\"urlTemplate\":\"https:\\\/\\\/radioljubuski.ba\\\/?s={search_term_string}\"},\"query-input\":{\"@type\":\"PropertyValueSpecification\",\"valueRequired\":true,\"valueName\":\"search_term_string\"}}],\"inLanguage\":\"hr\"},{\"@type\":\"Organization\",\"@id\":\"https:\\\/\\\/radioljubuski.ba\\\/#organization\",\"name\":\"Radio Ljubu\u0161ki\",\"url\":\"https:\\\/\\\/radioljubuski.ba\\\/\",\"logo\":{\"@type\":\"ImageObject\",\"inLanguage\":\"hr\",\"@id\":\"https:\\\/\\\/radioljubuski.ba\\\/#\\\/schema\\\/logo\\\/image\\\/\",\"url\":\"https:\\\/\\\/radioljubuski.ba\\\/wp-content\\\/uploads\\\/2021\\\/02\\\/cropped-Radio_Ljubuski_logo1.jpg\",\"contentUrl\":\"https:\\\/\\\/radioljubuski.ba\\\/wp-content\\\/uploads\\\/2021\\\/02\\\/cropped-Radio_Ljubuski_logo1.jpg\",\"width\":512,\"height\":512,\"caption\":\"Radio Ljubu\u0161ki\"},\"image\":{\"@id\":\"https:\\\/\\\/radioljubuski.ba\\\/#\\\/schema\\\/logo\\\/image\\\/\"},\"sameAs\":[\"https:\\\/\\\/www.facebook.com\\\/Radiio-Ljubuski-1490835324566332\",\"https:\\\/\\\/x.com\\\/radioljubuski\",\"https:\\\/\\\/hr.linkedin.com\\\/company\\\/radio-ljubuski\",\"https:\\\/\\\/www.youtube.com\\\/channel\\\/UCHYaeO_n0Db3tjNGudGpXyw\"]},{\"@type\":\"Person\",\"@id\":\"https:\\\/\\\/radioljubuski.ba\\\/#\\\/schema\\\/person\\\/19fc700381a780f69665d7956c469e3b\",\"name\":\"Radio Ljubu\u0161ki\"}]}<\/script>\n<!-- \/ Yoast SEO plugin. -->","yoast_head_json":{"title":"Iz \u017eupanijskoga prora\u010duna odr\u017eavat \u0107e se po 3 ceste u \u0160irokom i Ljubu\u0161kom te po 2 u Grudama i Posu\u0161ju - RADIO LJUBU\u0160KI","robots":{"index":"index","follow":"follow","max-snippet":"max-snippet:-1","max-image-preview":"max-image-preview:large","max-video-preview":"max-video-preview:-1"},"canonical":"https:\/\/radioljubuski.ba\/index.php\/2021\/06\/15\/iz-zupanijskoga-proracuna-odrzavat-ce-se-po-3-ceste-u-sirokom-i-ljubuskom-te-po-2-u-grudama-i-posusju\/","og_locale":"hr_HR","og_type":"article","og_title":"Iz \u017eupanijskoga prora\u010duna odr\u017eavat \u0107e se po 3 ceste u \u0160irokom i Ljubu\u0161kom te po 2 u Grudama i Posu\u0161ju - RADIO LJUBU\u0160KI","og_description":"Odlukom Vlade FBiH osam prometnica dugih gotovo 90 kilometara na podru\u010dju ZH\u017d-a nedavno je umjesto statusa lokalnih dobilo oznaku regionalnih. To zna\u010di kako \u0107e ubudu\u0107e brigu o njihovu odr\u017eavanju i rekonstruiranju umjesto lokalnih samouprava voditi \u017dupanija, pi\u0161e Ve\u010dernji list BiH. Najprometnije prometnice Kako se navodi u Vladinoj odluci, rije\u010d je o sljede\u0107im cestama na podru\u010dju [&hellip;]","og_url":"https:\/\/radioljubuski.ba\/index.php\/2021\/06\/15\/iz-zupanijskoga-proracuna-odrzavat-ce-se-po-3-ceste-u-sirokom-i-ljubuskom-te-po-2-u-grudama-i-posusju\/","og_site_name":"RADIO LJUBU\u0160KI","article_publisher":"https:\/\/www.facebook.com\/Radiio-Ljubuski-1490835324566332","article_published_time":"2021-06-15T09:10:29+00:00","article_modified_time":"2021-06-16T13:03:22+00:00","og_image":[{"width":1000,"height":625,"url":"https:\/\/radioljubuski.ba\/wp-content\/uploads\/2021\/06\/2-2021-06-15-08-56-26-RADOVI-GRUDE-POSUSJE.jpg","type":"image\/jpeg"}],"author":"Radio Ljubu\u0161ki","twitter_card":"summary_large_image","twitter_creator":"@radioljubuski","twitter_site":"@radioljubuski","twitter_misc":{"Napisao\/la":"Radio Ljubu\u0161ki","Procijenjeno vrijeme \u010ditanja":"3 minute"},"schema":{"@context":"https:\/\/schema.org","@graph":[{"@type":"Article","@id":"https:\/\/radioljubuski.ba\/index.php\/2021\/06\/15\/iz-zupanijskoga-proracuna-odrzavat-ce-se-po-3-ceste-u-sirokom-i-ljubuskom-te-po-2-u-grudama-i-posusju\/#article","isPartOf":{"@id":"https:\/\/radioljubuski.ba\/index.php\/2021\/06\/15\/iz-zupanijskoga-proracuna-odrzavat-ce-se-po-3-ceste-u-sirokom-i-ljubuskom-te-po-2-u-grudama-i-posusju\/"},"author":{"name":"Radio Ljubu\u0161ki","@id":"https:\/\/radioljubuski.ba\/#\/schema\/person\/19fc700381a780f69665d7956c469e3b"},"headline":"Iz \u017eupanijskoga prora\u010duna odr\u017eavat \u0107e se po 3 ceste u \u0160irokom i Ljubu\u0161kom te po 2 u Grudama i Posu\u0161ju","datePublished":"2021-06-15T09:10:29+00:00","dateModified":"2021-06-16T13:03:22+00:00","mainEntityOfPage":{"@id":"https:\/\/radioljubuski.ba\/index.php\/2021\/06\/15\/iz-zupanijskoga-proracuna-odrzavat-ce-se-po-3-ceste-u-sirokom-i-ljubuskom-te-po-2-u-grudama-i-posusju\/"},"wordCount":746,"publisher":{"@id":"https:\/\/radioljubuski.ba\/#organization"},"image":{"@id":"https:\/\/radioljubuski.ba\/index.php\/2021\/06\/15\/iz-zupanijskoga-proracuna-odrzavat-ce-se-po-3-ceste-u-sirokom-i-ljubuskom-te-po-2-u-grudama-i-posusju\/#primaryimage"},"thumbnailUrl":"https:\/\/radioljubuski.ba\/wp-content\/uploads\/2021\/06\/2-2021-06-15-08-56-26-RADOVI-GRUDE-POSUSJE.jpg","articleSection":["BIH i regija"],"inLanguage":"hr"},{"@type":"WebPage","@id":"https:\/\/radioljubuski.ba\/index.php\/2021\/06\/15\/iz-zupanijskoga-proracuna-odrzavat-ce-se-po-3-ceste-u-sirokom-i-ljubuskom-te-po-2-u-grudama-i-posusju\/","url":"https:\/\/radioljubuski.ba\/index.php\/2021\/06\/15\/iz-zupanijskoga-proracuna-odrzavat-ce-se-po-3-ceste-u-sirokom-i-ljubuskom-te-po-2-u-grudama-i-posusju\/","name":"Iz \u017eupanijskoga prora\u010duna odr\u017eavat \u0107e se po 3 ceste u \u0160irokom i Ljubu\u0161kom te po 2 u Grudama i Posu\u0161ju - RADIO LJUBU\u0160KI","isPartOf":{"@id":"https:\/\/radioljubuski.ba\/#website"},"primaryImageOfPage":{"@id":"https:\/\/radioljubuski.ba\/index.php\/2021\/06\/15\/iz-zupanijskoga-proracuna-odrzavat-ce-se-po-3-ceste-u-sirokom-i-ljubuskom-te-po-2-u-grudama-i-posusju\/#primaryimage"},"image":{"@id":"https:\/\/radioljubuski.ba\/index.php\/2021\/06\/15\/iz-zupanijskoga-proracuna-odrzavat-ce-se-po-3-ceste-u-sirokom-i-ljubuskom-te-po-2-u-grudama-i-posusju\/#primaryimage"},"thumbnailUrl":"https:\/\/radioljubuski.ba\/wp-content\/uploads\/2021\/06\/2-2021-06-15-08-56-26-RADOVI-GRUDE-POSUSJE.jpg","datePublished":"2021-06-15T09:10:29+00:00","dateModified":"2021-06-16T13:03:22+00:00","breadcrumb":{"@id":"https:\/\/radioljubuski.ba\/index.php\/2021\/06\/15\/iz-zupanijskoga-proracuna-odrzavat-ce-se-po-3-ceste-u-sirokom-i-ljubuskom-te-po-2-u-grudama-i-posusju\/#breadcrumb"},"inLanguage":"hr","potentialAction":[{"@type":"ReadAction","target":["https:\/\/radioljubuski.ba\/index.php\/2021\/06\/15\/iz-zupanijskoga-proracuna-odrzavat-ce-se-po-3-ceste-u-sirokom-i-ljubuskom-te-po-2-u-grudama-i-posusju\/"]}]},{"@type":"ImageObject","inLanguage":"hr","@id":"https:\/\/radioljubuski.ba\/index.php\/2021\/06\/15\/iz-zupanijskoga-proracuna-odrzavat-ce-se-po-3-ceste-u-sirokom-i-ljubuskom-te-po-2-u-grudama-i-posusju\/#primaryimage","url":"https:\/\/radioljubuski.ba\/wp-content\/uploads\/2021\/06\/2-2021-06-15-08-56-26-RADOVI-GRUDE-POSUSJE.jpg","contentUrl":"https:\/\/radioljubuski.ba\/wp-content\/uploads\/2021\/06\/2-2021-06-15-08-56-26-RADOVI-GRUDE-POSUSJE.jpg","width":1000,"height":625},{"@type":"BreadcrumbList","@id":"https:\/\/radioljubuski.ba\/index.php\/2021\/06\/15\/iz-zupanijskoga-proracuna-odrzavat-ce-se-po-3-ceste-u-sirokom-i-ljubuskom-te-po-2-u-grudama-i-posusju\/#breadcrumb","itemListElement":[{"@type":"ListItem","position":1,"name":"Po\u010detna stranica","item":"https:\/\/radioljubuski.ba\/"},{"@type":"ListItem","position":2,"name":"Iz \u017eupanijskoga prora\u010duna odr\u017eavat \u0107e se po 3 ceste u \u0160irokom i Ljubu\u0161kom te po 2 u Grudama i Posu\u0161ju"}]},{"@type":"WebSite","@id":"https:\/\/radioljubuski.ba\/#website","url":"https:\/\/radioljubuski.ba\/","name":"Radio Ljubu\u0161ki","description":"Sun\u010dana frekvencija Hercegovine","publisher":{"@id":"https:\/\/radioljubuski.ba\/#organization"},"potentialAction":[{"@type":"SearchAction","target":{"@type":"EntryPoint","urlTemplate":"https:\/\/radioljubuski.ba\/?s={search_term_string}"},"query-input":{"@type":"PropertyValueSpecification","valueRequired":true,"valueName":"search_term_string"}}],"inLanguage":"hr"},{"@type":"Organization","@id":"https:\/\/radioljubuski.ba\/#organization","name":"Radio Ljubu\u0161ki","url":"https:\/\/radioljubuski.ba\/","logo":{"@type":"ImageObject","inLanguage":"hr","@id":"https:\/\/radioljubuski.ba\/#\/schema\/logo\/image\/","url":"https:\/\/radioljubuski.ba\/wp-content\/uploads\/2021\/02\/cropped-Radio_Ljubuski_logo1.jpg","contentUrl":"https:\/\/radioljubuski.ba\/wp-content\/uploads\/2021\/02\/cropped-Radio_Ljubuski_logo1.jpg","width":512,"height":512,"caption":"Radio Ljubu\u0161ki"},"image":{"@id":"https:\/\/radioljubuski.ba\/#\/schema\/logo\/image\/"},"sameAs":["https:\/\/www.facebook.com\/Radiio-Ljubuski-1490835324566332","https:\/\/x.com\/radioljubuski","https:\/\/hr.linkedin.com\/company\/radio-ljubuski","https:\/\/www.youtube.com\/channel\/UCHYaeO_n0Db3tjNGudGpXyw"]},{"@type":"Person","@id":"https:\/\/radioljubuski.ba\/#\/schema\/person\/19fc700381a780f69665d7956c469e3b","name":"Radio Ljubu\u0161ki"}]}},"_links":{"self":[{"href":"https:\/\/radioljubuski.ba\/index.php\/wp-json\/wp\/v2\/posts\/32667","targetHints":{"allow":["GET"]}}],"collection":[{"href":"https:\/\/radioljubuski.ba\/index.php\/wp-json\/wp\/v2\/posts"}],"about":[{"href":"https:\/\/radioljubuski.ba\/index.php\/wp-json\/wp\/v2\/types\/post"}],"author":[{"embeddable":true,"href":"https:\/\/radioljubuski.ba\/index.php\/wp-json\/wp\/v2\/users\/2"}],"replies":[{"embeddable":true,"href":"https:\/\/radioljubuski.ba\/index.php\/wp-json\/wp\/v2\/comments?post=32667"}],"version-history":[{"count":1,"href":"https:\/\/radioljubuski.ba\/index.php\/wp-json\/wp\/v2\/posts\/32667\/revisions"}],"predecessor-version":[{"id":32669,"href":"https:\/\/radioljubuski.ba\/index.php\/wp-json\/wp\/v2\/posts\/32667\/revisions\/32669"}],"wp:featuredmedia":[{"embeddable":true,"href":"https:\/\/radioljubuski.ba\/index.php\/wp-json\/wp\/v2\/media\/32668"}],"wp:attachment":[{"href":"https:\/\/radioljubuski.ba\/index.php\/wp-json\/wp\/v2\/media?parent=32667"}],"wp:term":[{"taxonomy":"category","embeddable":true,"href":"https:\/\/radioljubuski.ba\/index.php\/wp-json\/wp\/v2\/categories?post=32667"},{"taxonomy":"post_tag","embeddable":true,"href":"https:\/\/radioljubuski.ba\/index.php\/wp-json\/wp\/v2\/tags?post=32667"}],"curies":[{"name":"wp","href":"https:\/\/api.w.org\/{rel}","templated":true}]}}