{"id":32697,"date":"2021-06-15T10:34:18","date_gmt":"2021-06-15T09:34:18","guid":{"rendered":"https:\/\/radioljubuski.ba\/?p=32697"},"modified":"2021-06-15T10:34:18","modified_gmt":"2021-06-15T09:34:18","slug":"roditelji-bijesni-markerom-oznacili-cijepljene-ucenike-na-maturalnoj-zabavi","status":"publish","type":"post","link":"https:\/\/radioljubuski.ba\/index.php\/2021\/06\/15\/roditelji-bijesni-markerom-oznacili-cijepljene-ucenike-na-maturalnoj-zabavi\/","title":{"rendered":"Roditelji bijesni: Markerom ozna\u010dili cijepljene u\u010denike na maturalnoj zabavi"},"content":{"rendered":"\n<p>U srednjoj \u0161koli u New Hampshireu u\u010denicima su na ruke napisali brojeve, crne oznake su dobili oni koji se nisu cijepili protiv korona virusa, a crvene oni koji jesu, javlja New York Post, prenosi 24sata.<\/p>\n\n\n\n<p>Melissa Litchfield, iz zastupni\u010dkog doma New Hampshirea, na Facebooku je izrazila zabrinutost:<\/p>\n\n\n\n<p>&#8211; Necijepljeni u\u010denici su tijekom plesa nakon svake tri pjesme trebali podignuti ruke da se izbroji koliko ih je.<\/p>\n\n\n\n<p>&#8211; Ostavili su popis s imenima studenata s informacijom jesu li cijepljeni ili ne na stolu gdje se zabava odr\u017eala.<\/p>\n\n\n\n<p>\u0160kola je komentirala da su to napravili kako bi svima bilo dopu\u0161teno do\u0107i na maturalnu zabavu. Ravnatelj Mike Monahan smatra da je cjelokupni dojam bio pozitivan:<\/p>\n\n\n\n<p>&#8211; Svijesni smo da je bilo zabrinutosti zbog privatnosti u\u010denika ili njihove podjele. Potrudili smo se da to ne bude slu\u010daj.<\/p>\n\n\n\n<p>&#8211; Nadamo se da \u0107e zajednica razumijeti da nijedan model nije savr\u0161en. Ovaj model je dopustio u\u010denicima da u\u017eivaju na na\u010din sli\u010dan normalnom kako bi se oprostili od srednje \u0161kole. \u017delimo da im to ostane u sje\u0107anju.<\/p>\n\n\n\n<p>\u0160kola je dodala da su u\u010denici znali za ovaj sistem pra\u0107enja zaraze kada su se zapisivali za maturalnu, ali zastupnica Litchfield je rekla da roditelji nisu imali pojma.<\/p>\n\n\n\n<p>Izvor:24sata.hr<\/p>\n","protected":false},"excerpt":{"rendered":"<p>U srednjoj \u0161koli u New Hampshireu u\u010denicima su na ruke napisali brojeve, crne oznake su dobili oni koji se nisu cijepili protiv korona virusa, a crvene oni koji jesu, javlja New York Post, prenosi 24sata. Melissa Litchfield, iz zastupni\u010dkog doma New Hampshirea, na Facebooku je izrazila zabrinutost: &#8211; Necijepljeni u\u010denici su tijekom plesa nakon svake [&hellip;]<\/p>\n","protected":false},"author":2,"featured_media":32698,"comment_status":"closed","ping_status":"closed","sticky":false,"template":"","format":"standard","meta":{"h5ap_radio_sources":[],"footnotes":""},"categories":[1],"tags":[],"class_list":["post-32697","post","type-post","status-publish","format-standard","has-post-thumbnail","hentry","category-bihiregija"],"yoast_head":"<!-- This site is optimized with the Yoast SEO plugin v27.5 - https:\/\/yoast.com\/product\/yoast-seo-wordpress\/ -->\n<title>Roditelji bijesni: Markerom ozna\u010dili cijepljene u\u010denike na maturalnoj zabavi - RADIO LJUBU\u0160KI<\/title>\n<meta name=\"robots\" content=\"index, follow, max-snippet:-1, max-image-preview:large, max-video-preview:-1\" \/>\n<link rel=\"canonical\" href=\"https:\/\/radioljubuski.ba\/index.php\/2021\/06\/15\/roditelji-bijesni-markerom-oznacili-cijepljene-ucenike-na-maturalnoj-zabavi\/\" \/>\n<meta property=\"og:locale\" content=\"hr_HR\" \/>\n<meta property=\"og:type\" content=\"article\" \/>\n<meta property=\"og:title\" content=\"Roditelji bijesni: Markerom ozna\u010dili cijepljene u\u010denike na maturalnoj zabavi - RADIO LJUBU\u0160KI\" \/>\n<meta property=\"og:description\" content=\"U srednjoj \u0161koli u New Hampshireu u\u010denicima su na ruke napisali brojeve, crne oznake su dobili oni koji se nisu cijepili protiv korona virusa, a crvene oni koji jesu, javlja New York Post, prenosi 24sata. Melissa Litchfield, iz zastupni\u010dkog doma New Hampshirea, na Facebooku je izrazila zabrinutost: &#8211; Necijepljeni u\u010denici su tijekom plesa nakon svake [&hellip;]\" \/>\n<meta property=\"og:url\" content=\"https:\/\/radioljubuski.ba\/index.php\/2021\/06\/15\/roditelji-bijesni-markerom-oznacili-cijepljene-ucenike-na-maturalnoj-zabavi\/\" \/>\n<meta property=\"og:site_name\" content=\"RADIO LJUBU\u0160KI\" \/>\n<meta property=\"article:publisher\" content=\"https:\/\/www.facebook.com\/Radiio-Ljubuski-1490835324566332\" \/>\n<meta property=\"article:published_time\" content=\"2021-06-15T09:34:18+00:00\" \/>\n<meta property=\"og:image\" content=\"https:\/\/radioljubuski.ba\/wp-content\/uploads\/2021\/06\/1-2.png\" \/>\n\t<meta property=\"og:image:width\" content=\"624\" \/>\n\t<meta property=\"og:image:height\" content=\"353\" \/>\n\t<meta property=\"og:image:type\" content=\"image\/png\" \/>\n<meta name=\"author\" content=\"Radio Ljubu\u0161ki\" \/>\n<meta name=\"twitter:card\" content=\"summary_large_image\" \/>\n<meta name=\"twitter:creator\" content=\"@radioljubuski\" \/>\n<meta name=\"twitter:site\" content=\"@radioljubuski\" \/>\n<meta name=\"twitter:label1\" content=\"Napisao\/la\" \/>\n\t<meta name=\"twitter:data1\" content=\"Radio Ljubu\u0161ki\" \/>\n\t<meta name=\"twitter:label2\" content=\"Procijenjeno vrijeme \u010ditanja\" \/>\n\t<meta name=\"twitter:data2\" content=\"1 minuta\" \/>\n<script type=\"application\/ld+json\" class=\"yoast-schema-graph\">{\"@context\":\"https:\\\/\\\/schema.org\",\"@graph\":[{\"@type\":\"Article\",\"@id\":\"https:\\\/\\\/radioljubuski.ba\\\/index.php\\\/2021\\\/06\\\/15\\\/roditelji-bijesni-markerom-oznacili-cijepljene-ucenike-na-maturalnoj-zabavi\\\/#article\",\"isPartOf\":{\"@id\":\"https:\\\/\\\/radioljubuski.ba\\\/index.php\\\/2021\\\/06\\\/15\\\/roditelji-bijesni-markerom-oznacili-cijepljene-ucenike-na-maturalnoj-zabavi\\\/\"},\"author\":{\"name\":\"Radio Ljubu\u0161ki\",\"@id\":\"https:\\\/\\\/radioljubuski.ba\\\/#\\\/schema\\\/person\\\/19fc700381a780f69665d7956c469e3b\"},\"headline\":\"Roditelji bijesni: Markerom ozna\u010dili cijepljene u\u010denike na maturalnoj zabavi\",\"datePublished\":\"2021-06-15T09:34:18+00:00\",\"mainEntityOfPage\":{\"@id\":\"https:\\\/\\\/radioljubuski.ba\\\/index.php\\\/2021\\\/06\\\/15\\\/roditelji-bijesni-markerom-oznacili-cijepljene-ucenike-na-maturalnoj-zabavi\\\/\"},\"wordCount\":228,\"publisher\":{\"@id\":\"https:\\\/\\\/radioljubuski.ba\\\/#organization\"},\"image\":{\"@id\":\"https:\\\/\\\/radioljubuski.ba\\\/index.php\\\/2021\\\/06\\\/15\\\/roditelji-bijesni-markerom-oznacili-cijepljene-ucenike-na-maturalnoj-zabavi\\\/#primaryimage\"},\"thumbnailUrl\":\"https:\\\/\\\/radioljubuski.ba\\\/wp-content\\\/uploads\\\/2021\\\/06\\\/1-2.png\",\"articleSection\":[\"BIH i regija\"],\"inLanguage\":\"hr\"},{\"@type\":\"WebPage\",\"@id\":\"https:\\\/\\\/radioljubuski.ba\\\/index.php\\\/2021\\\/06\\\/15\\\/roditelji-bijesni-markerom-oznacili-cijepljene-ucenike-na-maturalnoj-zabavi\\\/\",\"url\":\"https:\\\/\\\/radioljubuski.ba\\\/index.php\\\/2021\\\/06\\\/15\\\/roditelji-bijesni-markerom-oznacili-cijepljene-ucenike-na-maturalnoj-zabavi\\\/\",\"name\":\"Roditelji bijesni: Markerom ozna\u010dili cijepljene u\u010denike na maturalnoj zabavi - RADIO LJUBU\u0160KI\",\"isPartOf\":{\"@id\":\"https:\\\/\\\/radioljubuski.ba\\\/#website\"},\"primaryImageOfPage\":{\"@id\":\"https:\\\/\\\/radioljubuski.ba\\\/index.php\\\/2021\\\/06\\\/15\\\/roditelji-bijesni-markerom-oznacili-cijepljene-ucenike-na-maturalnoj-zabavi\\\/#primaryimage\"},\"image\":{\"@id\":\"https:\\\/\\\/radioljubuski.ba\\\/index.php\\\/2021\\\/06\\\/15\\\/roditelji-bijesni-markerom-oznacili-cijepljene-ucenike-na-maturalnoj-zabavi\\\/#primaryimage\"},\"thumbnailUrl\":\"https:\\\/\\\/radioljubuski.ba\\\/wp-content\\\/uploads\\\/2021\\\/06\\\/1-2.png\",\"datePublished\":\"2021-06-15T09:34:18+00:00\",\"breadcrumb\":{\"@id\":\"https:\\\/\\\/radioljubuski.ba\\\/index.php\\\/2021\\\/06\\\/15\\\/roditelji-bijesni-markerom-oznacili-cijepljene-ucenike-na-maturalnoj-zabavi\\\/#breadcrumb\"},\"inLanguage\":\"hr\",\"potentialAction\":[{\"@type\":\"ReadAction\",\"target\":[\"https:\\\/\\\/radioljubuski.ba\\\/index.php\\\/2021\\\/06\\\/15\\\/roditelji-bijesni-markerom-oznacili-cijepljene-ucenike-na-maturalnoj-zabavi\\\/\"]}]},{\"@type\":\"ImageObject\",\"inLanguage\":\"hr\",\"@id\":\"https:\\\/\\\/radioljubuski.ba\\\/index.php\\\/2021\\\/06\\\/15\\\/roditelji-bijesni-markerom-oznacili-cijepljene-ucenike-na-maturalnoj-zabavi\\\/#primaryimage\",\"url\":\"https:\\\/\\\/radioljubuski.ba\\\/wp-content\\\/uploads\\\/2021\\\/06\\\/1-2.png\",\"contentUrl\":\"https:\\\/\\\/radioljubuski.ba\\\/wp-content\\\/uploads\\\/2021\\\/06\\\/1-2.png\",\"width\":624,\"height\":353},{\"@type\":\"BreadcrumbList\",\"@id\":\"https:\\\/\\\/radioljubuski.ba\\\/index.php\\\/2021\\\/06\\\/15\\\/roditelji-bijesni-markerom-oznacili-cijepljene-ucenike-na-maturalnoj-zabavi\\\/#breadcrumb\",\"itemListElement\":[{\"@type\":\"ListItem\",\"position\":1,\"name\":\"Po\u010detna stranica\",\"item\":\"https:\\\/\\\/radioljubuski.ba\\\/\"},{\"@type\":\"ListItem\",\"position\":2,\"name\":\"Roditelji bijesni: Markerom ozna\u010dili cijepljene u\u010denike na maturalnoj zabavi\"}]},{\"@type\":\"WebSite\",\"@id\":\"https:\\\/\\\/radioljubuski.ba\\\/#website\",\"url\":\"https:\\\/\\\/radioljubuski.ba\\\/\",\"name\":\"Radio Ljubu\u0161ki\",\"description\":\"Sun\u010dana frekvencija Hercegovine\",\"publisher\":{\"@id\":\"https:\\\/\\\/radioljubuski.ba\\\/#organization\"},\"potentialAction\":[{\"@type\":\"SearchAction\",\"target\":{\"@type\":\"EntryPoint\",\"urlTemplate\":\"https:\\\/\\\/radioljubuski.ba\\\/?s={search_term_string}\"},\"query-input\":{\"@type\":\"PropertyValueSpecification\",\"valueRequired\":true,\"valueName\":\"search_term_string\"}}],\"inLanguage\":\"hr\"},{\"@type\":\"Organization\",\"@id\":\"https:\\\/\\\/radioljubuski.ba\\\/#organization\",\"name\":\"Radio Ljubu\u0161ki\",\"url\":\"https:\\\/\\\/radioljubuski.ba\\\/\",\"logo\":{\"@type\":\"ImageObject\",\"inLanguage\":\"hr\",\"@id\":\"https:\\\/\\\/radioljubuski.ba\\\/#\\\/schema\\\/logo\\\/image\\\/\",\"url\":\"https:\\\/\\\/radioljubuski.ba\\\/wp-content\\\/uploads\\\/2021\\\/02\\\/cropped-Radio_Ljubuski_logo1.jpg\",\"contentUrl\":\"https:\\\/\\\/radioljubuski.ba\\\/wp-content\\\/uploads\\\/2021\\\/02\\\/cropped-Radio_Ljubuski_logo1.jpg\",\"width\":512,\"height\":512,\"caption\":\"Radio Ljubu\u0161ki\"},\"image\":{\"@id\":\"https:\\\/\\\/radioljubuski.ba\\\/#\\\/schema\\\/logo\\\/image\\\/\"},\"sameAs\":[\"https:\\\/\\\/www.facebook.com\\\/Radiio-Ljubuski-1490835324566332\",\"https:\\\/\\\/x.com\\\/radioljubuski\",\"https:\\\/\\\/hr.linkedin.com\\\/company\\\/radio-ljubuski\",\"https:\\\/\\\/www.youtube.com\\\/channel\\\/UCHYaeO_n0Db3tjNGudGpXyw\"]},{\"@type\":\"Person\",\"@id\":\"https:\\\/\\\/radioljubuski.ba\\\/#\\\/schema\\\/person\\\/19fc700381a780f69665d7956c469e3b\",\"name\":\"Radio Ljubu\u0161ki\"}]}<\/script>\n<!-- \/ Yoast SEO plugin. -->","yoast_head_json":{"title":"Roditelji bijesni: Markerom ozna\u010dili cijepljene u\u010denike na maturalnoj zabavi - RADIO LJUBU\u0160KI","robots":{"index":"index","follow":"follow","max-snippet":"max-snippet:-1","max-image-preview":"max-image-preview:large","max-video-preview":"max-video-preview:-1"},"canonical":"https:\/\/radioljubuski.ba\/index.php\/2021\/06\/15\/roditelji-bijesni-markerom-oznacili-cijepljene-ucenike-na-maturalnoj-zabavi\/","og_locale":"hr_HR","og_type":"article","og_title":"Roditelji bijesni: Markerom ozna\u010dili cijepljene u\u010denike na maturalnoj zabavi - RADIO LJUBU\u0160KI","og_description":"U srednjoj \u0161koli u New Hampshireu u\u010denicima su na ruke napisali brojeve, crne oznake su dobili oni koji se nisu cijepili protiv korona virusa, a crvene oni koji jesu, javlja New York Post, prenosi 24sata. Melissa Litchfield, iz zastupni\u010dkog doma New Hampshirea, na Facebooku je izrazila zabrinutost: &#8211; Necijepljeni u\u010denici su tijekom plesa nakon svake [&hellip;]","og_url":"https:\/\/radioljubuski.ba\/index.php\/2021\/06\/15\/roditelji-bijesni-markerom-oznacili-cijepljene-ucenike-na-maturalnoj-zabavi\/","og_site_name":"RADIO LJUBU\u0160KI","article_publisher":"https:\/\/www.facebook.com\/Radiio-Ljubuski-1490835324566332","article_published_time":"2021-06-15T09:34:18+00:00","og_image":[{"width":624,"height":353,"url":"https:\/\/radioljubuski.ba\/wp-content\/uploads\/2021\/06\/1-2.png","type":"image\/png"}],"author":"Radio Ljubu\u0161ki","twitter_card":"summary_large_image","twitter_creator":"@radioljubuski","twitter_site":"@radioljubuski","twitter_misc":{"Napisao\/la":"Radio Ljubu\u0161ki","Procijenjeno vrijeme \u010ditanja":"1 minuta"},"schema":{"@context":"https:\/\/schema.org","@graph":[{"@type":"Article","@id":"https:\/\/radioljubuski.ba\/index.php\/2021\/06\/15\/roditelji-bijesni-markerom-oznacili-cijepljene-ucenike-na-maturalnoj-zabavi\/#article","isPartOf":{"@id":"https:\/\/radioljubuski.ba\/index.php\/2021\/06\/15\/roditelji-bijesni-markerom-oznacili-cijepljene-ucenike-na-maturalnoj-zabavi\/"},"author":{"name":"Radio Ljubu\u0161ki","@id":"https:\/\/radioljubuski.ba\/#\/schema\/person\/19fc700381a780f69665d7956c469e3b"},"headline":"Roditelji bijesni: Markerom ozna\u010dili cijepljene u\u010denike na maturalnoj zabavi","datePublished":"2021-06-15T09:34:18+00:00","mainEntityOfPage":{"@id":"https:\/\/radioljubuski.ba\/index.php\/2021\/06\/15\/roditelji-bijesni-markerom-oznacili-cijepljene-ucenike-na-maturalnoj-zabavi\/"},"wordCount":228,"publisher":{"@id":"https:\/\/radioljubuski.ba\/#organization"},"image":{"@id":"https:\/\/radioljubuski.ba\/index.php\/2021\/06\/15\/roditelji-bijesni-markerom-oznacili-cijepljene-ucenike-na-maturalnoj-zabavi\/#primaryimage"},"thumbnailUrl":"https:\/\/radioljubuski.ba\/wp-content\/uploads\/2021\/06\/1-2.png","articleSection":["BIH i regija"],"inLanguage":"hr"},{"@type":"WebPage","@id":"https:\/\/radioljubuski.ba\/index.php\/2021\/06\/15\/roditelji-bijesni-markerom-oznacili-cijepljene-ucenike-na-maturalnoj-zabavi\/","url":"https:\/\/radioljubuski.ba\/index.php\/2021\/06\/15\/roditelji-bijesni-markerom-oznacili-cijepljene-ucenike-na-maturalnoj-zabavi\/","name":"Roditelji bijesni: Markerom ozna\u010dili cijepljene u\u010denike na maturalnoj zabavi - RADIO LJUBU\u0160KI","isPartOf":{"@id":"https:\/\/radioljubuski.ba\/#website"},"primaryImageOfPage":{"@id":"https:\/\/radioljubuski.ba\/index.php\/2021\/06\/15\/roditelji-bijesni-markerom-oznacili-cijepljene-ucenike-na-maturalnoj-zabavi\/#primaryimage"},"image":{"@id":"https:\/\/radioljubuski.ba\/index.php\/2021\/06\/15\/roditelji-bijesni-markerom-oznacili-cijepljene-ucenike-na-maturalnoj-zabavi\/#primaryimage"},"thumbnailUrl":"https:\/\/radioljubuski.ba\/wp-content\/uploads\/2021\/06\/1-2.png","datePublished":"2021-06-15T09:34:18+00:00","breadcrumb":{"@id":"https:\/\/radioljubuski.ba\/index.php\/2021\/06\/15\/roditelji-bijesni-markerom-oznacili-cijepljene-ucenike-na-maturalnoj-zabavi\/#breadcrumb"},"inLanguage":"hr","potentialAction":[{"@type":"ReadAction","target":["https:\/\/radioljubuski.ba\/index.php\/2021\/06\/15\/roditelji-bijesni-markerom-oznacili-cijepljene-ucenike-na-maturalnoj-zabavi\/"]}]},{"@type":"ImageObject","inLanguage":"hr","@id":"https:\/\/radioljubuski.ba\/index.php\/2021\/06\/15\/roditelji-bijesni-markerom-oznacili-cijepljene-ucenike-na-maturalnoj-zabavi\/#primaryimage","url":"https:\/\/radioljubuski.ba\/wp-content\/uploads\/2021\/06\/1-2.png","contentUrl":"https:\/\/radioljubuski.ba\/wp-content\/uploads\/2021\/06\/1-2.png","width":624,"height":353},{"@type":"BreadcrumbList","@id":"https:\/\/radioljubuski.ba\/index.php\/2021\/06\/15\/roditelji-bijesni-markerom-oznacili-cijepljene-ucenike-na-maturalnoj-zabavi\/#breadcrumb","itemListElement":[{"@type":"ListItem","position":1,"name":"Po\u010detna stranica","item":"https:\/\/radioljubuski.ba\/"},{"@type":"ListItem","position":2,"name":"Roditelji bijesni: Markerom ozna\u010dili cijepljene u\u010denike na maturalnoj zabavi"}]},{"@type":"WebSite","@id":"https:\/\/radioljubuski.ba\/#website","url":"https:\/\/radioljubuski.ba\/","name":"Radio Ljubu\u0161ki","description":"Sun\u010dana frekvencija Hercegovine","publisher":{"@id":"https:\/\/radioljubuski.ba\/#organization"},"potentialAction":[{"@type":"SearchAction","target":{"@type":"EntryPoint","urlTemplate":"https:\/\/radioljubuski.ba\/?s={search_term_string}"},"query-input":{"@type":"PropertyValueSpecification","valueRequired":true,"valueName":"search_term_string"}}],"inLanguage":"hr"},{"@type":"Organization","@id":"https:\/\/radioljubuski.ba\/#organization","name":"Radio Ljubu\u0161ki","url":"https:\/\/radioljubuski.ba\/","logo":{"@type":"ImageObject","inLanguage":"hr","@id":"https:\/\/radioljubuski.ba\/#\/schema\/logo\/image\/","url":"https:\/\/radioljubuski.ba\/wp-content\/uploads\/2021\/02\/cropped-Radio_Ljubuski_logo1.jpg","contentUrl":"https:\/\/radioljubuski.ba\/wp-content\/uploads\/2021\/02\/cropped-Radio_Ljubuski_logo1.jpg","width":512,"height":512,"caption":"Radio Ljubu\u0161ki"},"image":{"@id":"https:\/\/radioljubuski.ba\/#\/schema\/logo\/image\/"},"sameAs":["https:\/\/www.facebook.com\/Radiio-Ljubuski-1490835324566332","https:\/\/x.com\/radioljubuski","https:\/\/hr.linkedin.com\/company\/radio-ljubuski","https:\/\/www.youtube.com\/channel\/UCHYaeO_n0Db3tjNGudGpXyw"]},{"@type":"Person","@id":"https:\/\/radioljubuski.ba\/#\/schema\/person\/19fc700381a780f69665d7956c469e3b","name":"Radio Ljubu\u0161ki"}]}},"_links":{"self":[{"href":"https:\/\/radioljubuski.ba\/index.php\/wp-json\/wp\/v2\/posts\/32697","targetHints":{"allow":["GET"]}}],"collection":[{"href":"https:\/\/radioljubuski.ba\/index.php\/wp-json\/wp\/v2\/posts"}],"about":[{"href":"https:\/\/radioljubuski.ba\/index.php\/wp-json\/wp\/v2\/types\/post"}],"author":[{"embeddable":true,"href":"https:\/\/radioljubuski.ba\/index.php\/wp-json\/wp\/v2\/users\/2"}],"replies":[{"embeddable":true,"href":"https:\/\/radioljubuski.ba\/index.php\/wp-json\/wp\/v2\/comments?post=32697"}],"version-history":[{"count":1,"href":"https:\/\/radioljubuski.ba\/index.php\/wp-json\/wp\/v2\/posts\/32697\/revisions"}],"predecessor-version":[{"id":32699,"href":"https:\/\/radioljubuski.ba\/index.php\/wp-json\/wp\/v2\/posts\/32697\/revisions\/32699"}],"wp:featuredmedia":[{"embeddable":true,"href":"https:\/\/radioljubuski.ba\/index.php\/wp-json\/wp\/v2\/media\/32698"}],"wp:attachment":[{"href":"https:\/\/radioljubuski.ba\/index.php\/wp-json\/wp\/v2\/media?parent=32697"}],"wp:term":[{"taxonomy":"category","embeddable":true,"href":"https:\/\/radioljubuski.ba\/index.php\/wp-json\/wp\/v2\/categories?post=32697"},{"taxonomy":"post_tag","embeddable":true,"href":"https:\/\/radioljubuski.ba\/index.php\/wp-json\/wp\/v2\/tags?post=32697"}],"curies":[{"name":"wp","href":"https:\/\/api.w.org\/{rel}","templated":true}]}}