{"id":32703,"date":"2021-06-15T10:37:07","date_gmt":"2021-06-15T09:37:07","guid":{"rendered":"https:\/\/radioljubuski.ba\/?p=32703"},"modified":"2021-06-15T10:37:07","modified_gmt":"2021-06-15T09:37:07","slug":"u-posljednje-vrijeme-u-bih-sve-veci-broj-parova-koji-se-bore-sa-sterilitetom","status":"publish","type":"post","link":"https:\/\/radioljubuski.ba\/index.php\/2021\/06\/15\/u-posljednje-vrijeme-u-bih-sve-veci-broj-parova-koji-se-bore-sa-sterilitetom\/","title":{"rendered":"U posljednje vrijeme u BiH sve ve\u0107i broj parova koji se bore sa sterilitetom"},"content":{"rendered":"\n<p>Steritlitet i borba za potomstvo u Bosni i Hercegovine se jo\u0161 tretiraju kao tabu tema. Pandemija koronavirusa postavila je nove izazove, a u posljednje vrijeme sve je ve\u0107i i broj udruga koje pru\u017eaju potporu parovima koji se bore sa sterilitetom, kako bi se \u0161to ve\u0107i broj njih ostvario u ulozi roditelja.<\/p>\n\n\n\n<p>Nakon \u010detiri godine borbe za potomstvo i dvije neuspjele izvantjelesne oplodnje, Neda Josi\u0107 postala je mama. Izazovi sa kojima se susrela motivirali su nju i jo\u0161 \u010detiri \u017eene da i u Bijeljini osnuju Udru\u017eenje \u201eBebac\u201c za podr\u0161ku parovima koji se bore sa sterilitetom.<\/p>\n\n\n\n<p>\u201cCilj nam je da skupimo \u0161to vi\u0161e olak\u0161ica za sve one koji se bore jer put je zaista te\u017eak i dug, ne samo psiholo\u0161ki, nego i financijski, potrebna je velika snaga za to,\u201c kazala je Josi\u0107eva.&nbsp;<\/p>\n\n\n\n<p>&nbsp;\u201cNajte\u017ee od svega, prije svega \u017eena ste i postoji i sa poslovne strane te\u017ei na\u010din, jer \u017eenama nije priznato ni kada zdrave ostanu, s te strane nedostaje podr\u0161ka,\u201c istakla je Josi\u0107eva.&nbsp;<\/p>\n\n\n\n<p>U Bijeljini godi\u0161nje bude oko 30 prijava za izvantjelesnu oplodnju. Podr\u0161ka nadle\u017enih je \u010desto nedovoljna, jer sam postupak iziskuje brojne tro\u0161kove.<\/p>\n\n\n\n<p>\u201cBud\u017eetska stavka je negdje oko 25.000 KM, mi financiramo \u010detvrti poku\u0161aj, po\u0161to prva tri financira fond,\u201c kazala je iz Gradske uprave Bijeljina Ljubica Mla\u0111enovi\u0107.&nbsp;<\/p>\n\n\n\n<p>U jedinoj klinici u Republici Srpskoj u kojoj se obavljaju postupci izvantjelesne oplodnje ka\u017eu da parovi usprkos pandemiji, ulaze u postupak, jer su svjesni da je svako prolongiranje nepovoljna prognoza za ishod.<\/p>\n\n\n\n<p>&#8220;Pacijenti nisu imali izra\u017eenu anksioznost, mi smo radili istra\u017eivanje anksioznost i korona u toku postupaka i tu smo dobili rezultate da su se pacijenti pla\u0161ili ponovnog zatvaranja i da ne\u0107e mo\u0107i zavr\u0161iti proces\u201d rekla je psihologinja Sanja Luka\u010d.&nbsp;<\/p>\n\n\n\n<p>Udru\u017eenja koja na nivou lokalne zajednice pru\u017eaju podr\u0161ku parovima olak\u0161avaju posao i lije\u010dnicima.<\/p>\n\n\n\n<p>&nbsp; &nbsp; \u201cAko postoji neka spoma izme\u0111u nas i njih, u ovom slu\u010daju je to udru\u017eenje, pacijenti olaze spremniji, znaju \u0161ta da pitaju na\u0161e stru\u010dnjake i dobivaju kompletnu sliku i psihi\u010dki budu spremni,\u201c kazala je glasnogovornica\u201dMedico S\u201d Danijela Filipovi\u0107.&nbsp;<\/p>\n\n\n\n<p>Pored Bijeljine, sli\u010dna udru\u017eenja postoje u Trebinju, Zvorniku i Doboju i kroz njihov anga\u017eman i suradnju sa svim ustanovama i institucijama u lancu borbe za potomstvo ro\u0111eno je oko 300 beba.<\/p>\n\n\n\n<p>Izvor:BHRT<\/p>\n","protected":false},"excerpt":{"rendered":"<p>Steritlitet i borba za potomstvo u Bosni i Hercegovine se jo\u0161 tretiraju kao tabu tema. Pandemija koronavirusa postavila je nove izazove, a u posljednje vrijeme sve je ve\u0107i i broj udruga koje pru\u017eaju potporu parovima koji se bore sa sterilitetom, kako bi se \u0161to ve\u0107i broj njih ostvario u ulozi roditelja. Nakon \u010detiri godine borbe [&hellip;]<\/p>\n","protected":false},"author":2,"featured_media":32704,"comment_status":"closed","ping_status":"closed","sticky":false,"template":"","format":"standard","meta":{"h5ap_radio_sources":[],"footnotes":""},"categories":[1],"tags":[],"class_list":["post-32703","post","type-post","status-publish","format-standard","has-post-thumbnail","hentry","category-bihiregija"],"yoast_head":"<!-- This site is optimized with the Yoast SEO plugin v27.5 - https:\/\/yoast.com\/product\/yoast-seo-wordpress\/ -->\n<title>U posljednje vrijeme u BiH sve ve\u0107i broj parova koji se bore sa sterilitetom - RADIO LJUBU\u0160KI<\/title>\n<meta name=\"robots\" content=\"index, follow, max-snippet:-1, max-image-preview:large, max-video-preview:-1\" \/>\n<link rel=\"canonical\" href=\"https:\/\/radioljubuski.ba\/index.php\/2021\/06\/15\/u-posljednje-vrijeme-u-bih-sve-veci-broj-parova-koji-se-bore-sa-sterilitetom\/\" \/>\n<meta property=\"og:locale\" content=\"hr_HR\" \/>\n<meta property=\"og:type\" content=\"article\" \/>\n<meta property=\"og:title\" content=\"U posljednje vrijeme u BiH sve ve\u0107i broj parova koji se bore sa sterilitetom - RADIO LJUBU\u0160KI\" \/>\n<meta property=\"og:description\" content=\"Steritlitet i borba za potomstvo u Bosni i Hercegovine se jo\u0161 tretiraju kao tabu tema. Pandemija koronavirusa postavila je nove izazove, a u posljednje vrijeme sve je ve\u0107i i broj udruga koje pru\u017eaju potporu parovima koji se bore sa sterilitetom, kako bi se \u0161to ve\u0107i broj njih ostvario u ulozi roditelja. Nakon \u010detiri godine borbe [&hellip;]\" \/>\n<meta property=\"og:url\" content=\"https:\/\/radioljubuski.ba\/index.php\/2021\/06\/15\/u-posljednje-vrijeme-u-bih-sve-veci-broj-parova-koji-se-bore-sa-sterilitetom\/\" \/>\n<meta property=\"og:site_name\" content=\"RADIO LJUBU\u0160KI\" \/>\n<meta property=\"article:publisher\" content=\"https:\/\/www.facebook.com\/Radiio-Ljubuski-1490835324566332\" \/>\n<meta property=\"article:published_time\" content=\"2021-06-15T09:37:07+00:00\" \/>\n<meta property=\"og:image\" content=\"https:\/\/radioljubuski.ba\/wp-content\/uploads\/2021\/06\/9-2021-03-15-21-41-31-beba.jpg\" \/>\n\t<meta property=\"og:image:width\" content=\"1000\" \/>\n\t<meta property=\"og:image:height\" content=\"625\" \/>\n\t<meta property=\"og:image:type\" content=\"image\/jpeg\" \/>\n<meta name=\"author\" content=\"Radio Ljubu\u0161ki\" \/>\n<meta name=\"twitter:card\" content=\"summary_large_image\" \/>\n<meta name=\"twitter:creator\" content=\"@radioljubuski\" \/>\n<meta name=\"twitter:site\" content=\"@radioljubuski\" \/>\n<meta name=\"twitter:label1\" content=\"Napisao\/la\" \/>\n\t<meta name=\"twitter:data1\" content=\"Radio Ljubu\u0161ki\" \/>\n\t<meta name=\"twitter:label2\" content=\"Procijenjeno vrijeme \u010ditanja\" \/>\n\t<meta name=\"twitter:data2\" content=\"2 minute\" \/>\n<script type=\"application\/ld+json\" class=\"yoast-schema-graph\">{\"@context\":\"https:\\\/\\\/schema.org\",\"@graph\":[{\"@type\":\"Article\",\"@id\":\"https:\\\/\\\/radioljubuski.ba\\\/index.php\\\/2021\\\/06\\\/15\\\/u-posljednje-vrijeme-u-bih-sve-veci-broj-parova-koji-se-bore-sa-sterilitetom\\\/#article\",\"isPartOf\":{\"@id\":\"https:\\\/\\\/radioljubuski.ba\\\/index.php\\\/2021\\\/06\\\/15\\\/u-posljednje-vrijeme-u-bih-sve-veci-broj-parova-koji-se-bore-sa-sterilitetom\\\/\"},\"author\":{\"name\":\"Radio Ljubu\u0161ki\",\"@id\":\"https:\\\/\\\/radioljubuski.ba\\\/#\\\/schema\\\/person\\\/19fc700381a780f69665d7956c469e3b\"},\"headline\":\"U posljednje vrijeme u BiH sve ve\u0107i broj parova koji se bore sa sterilitetom\",\"datePublished\":\"2021-06-15T09:37:07+00:00\",\"mainEntityOfPage\":{\"@id\":\"https:\\\/\\\/radioljubuski.ba\\\/index.php\\\/2021\\\/06\\\/15\\\/u-posljednje-vrijeme-u-bih-sve-veci-broj-parova-koji-se-bore-sa-sterilitetom\\\/\"},\"wordCount\":425,\"publisher\":{\"@id\":\"https:\\\/\\\/radioljubuski.ba\\\/#organization\"},\"image\":{\"@id\":\"https:\\\/\\\/radioljubuski.ba\\\/index.php\\\/2021\\\/06\\\/15\\\/u-posljednje-vrijeme-u-bih-sve-veci-broj-parova-koji-se-bore-sa-sterilitetom\\\/#primaryimage\"},\"thumbnailUrl\":\"https:\\\/\\\/radioljubuski.ba\\\/wp-content\\\/uploads\\\/2021\\\/06\\\/9-2021-03-15-21-41-31-beba.jpg\",\"articleSection\":[\"BIH i regija\"],\"inLanguage\":\"hr\"},{\"@type\":\"WebPage\",\"@id\":\"https:\\\/\\\/radioljubuski.ba\\\/index.php\\\/2021\\\/06\\\/15\\\/u-posljednje-vrijeme-u-bih-sve-veci-broj-parova-koji-se-bore-sa-sterilitetom\\\/\",\"url\":\"https:\\\/\\\/radioljubuski.ba\\\/index.php\\\/2021\\\/06\\\/15\\\/u-posljednje-vrijeme-u-bih-sve-veci-broj-parova-koji-se-bore-sa-sterilitetom\\\/\",\"name\":\"U posljednje vrijeme u BiH sve ve\u0107i broj parova koji se bore sa sterilitetom - RADIO LJUBU\u0160KI\",\"isPartOf\":{\"@id\":\"https:\\\/\\\/radioljubuski.ba\\\/#website\"},\"primaryImageOfPage\":{\"@id\":\"https:\\\/\\\/radioljubuski.ba\\\/index.php\\\/2021\\\/06\\\/15\\\/u-posljednje-vrijeme-u-bih-sve-veci-broj-parova-koji-se-bore-sa-sterilitetom\\\/#primaryimage\"},\"image\":{\"@id\":\"https:\\\/\\\/radioljubuski.ba\\\/index.php\\\/2021\\\/06\\\/15\\\/u-posljednje-vrijeme-u-bih-sve-veci-broj-parova-koji-se-bore-sa-sterilitetom\\\/#primaryimage\"},\"thumbnailUrl\":\"https:\\\/\\\/radioljubuski.ba\\\/wp-content\\\/uploads\\\/2021\\\/06\\\/9-2021-03-15-21-41-31-beba.jpg\",\"datePublished\":\"2021-06-15T09:37:07+00:00\",\"breadcrumb\":{\"@id\":\"https:\\\/\\\/radioljubuski.ba\\\/index.php\\\/2021\\\/06\\\/15\\\/u-posljednje-vrijeme-u-bih-sve-veci-broj-parova-koji-se-bore-sa-sterilitetom\\\/#breadcrumb\"},\"inLanguage\":\"hr\",\"potentialAction\":[{\"@type\":\"ReadAction\",\"target\":[\"https:\\\/\\\/radioljubuski.ba\\\/index.php\\\/2021\\\/06\\\/15\\\/u-posljednje-vrijeme-u-bih-sve-veci-broj-parova-koji-se-bore-sa-sterilitetom\\\/\"]}]},{\"@type\":\"ImageObject\",\"inLanguage\":\"hr\",\"@id\":\"https:\\\/\\\/radioljubuski.ba\\\/index.php\\\/2021\\\/06\\\/15\\\/u-posljednje-vrijeme-u-bih-sve-veci-broj-parova-koji-se-bore-sa-sterilitetom\\\/#primaryimage\",\"url\":\"https:\\\/\\\/radioljubuski.ba\\\/wp-content\\\/uploads\\\/2021\\\/06\\\/9-2021-03-15-21-41-31-beba.jpg\",\"contentUrl\":\"https:\\\/\\\/radioljubuski.ba\\\/wp-content\\\/uploads\\\/2021\\\/06\\\/9-2021-03-15-21-41-31-beba.jpg\",\"width\":1000,\"height\":625},{\"@type\":\"BreadcrumbList\",\"@id\":\"https:\\\/\\\/radioljubuski.ba\\\/index.php\\\/2021\\\/06\\\/15\\\/u-posljednje-vrijeme-u-bih-sve-veci-broj-parova-koji-se-bore-sa-sterilitetom\\\/#breadcrumb\",\"itemListElement\":[{\"@type\":\"ListItem\",\"position\":1,\"name\":\"Po\u010detna stranica\",\"item\":\"https:\\\/\\\/radioljubuski.ba\\\/\"},{\"@type\":\"ListItem\",\"position\":2,\"name\":\"U posljednje vrijeme u BiH sve ve\u0107i broj parova koji se bore sa sterilitetom\"}]},{\"@type\":\"WebSite\",\"@id\":\"https:\\\/\\\/radioljubuski.ba\\\/#website\",\"url\":\"https:\\\/\\\/radioljubuski.ba\\\/\",\"name\":\"Radio Ljubu\u0161ki\",\"description\":\"Sun\u010dana frekvencija Hercegovine\",\"publisher\":{\"@id\":\"https:\\\/\\\/radioljubuski.ba\\\/#organization\"},\"potentialAction\":[{\"@type\":\"SearchAction\",\"target\":{\"@type\":\"EntryPoint\",\"urlTemplate\":\"https:\\\/\\\/radioljubuski.ba\\\/?s={search_term_string}\"},\"query-input\":{\"@type\":\"PropertyValueSpecification\",\"valueRequired\":true,\"valueName\":\"search_term_string\"}}],\"inLanguage\":\"hr\"},{\"@type\":\"Organization\",\"@id\":\"https:\\\/\\\/radioljubuski.ba\\\/#organization\",\"name\":\"Radio Ljubu\u0161ki\",\"url\":\"https:\\\/\\\/radioljubuski.ba\\\/\",\"logo\":{\"@type\":\"ImageObject\",\"inLanguage\":\"hr\",\"@id\":\"https:\\\/\\\/radioljubuski.ba\\\/#\\\/schema\\\/logo\\\/image\\\/\",\"url\":\"https:\\\/\\\/radioljubuski.ba\\\/wp-content\\\/uploads\\\/2021\\\/02\\\/cropped-Radio_Ljubuski_logo1.jpg\",\"contentUrl\":\"https:\\\/\\\/radioljubuski.ba\\\/wp-content\\\/uploads\\\/2021\\\/02\\\/cropped-Radio_Ljubuski_logo1.jpg\",\"width\":512,\"height\":512,\"caption\":\"Radio Ljubu\u0161ki\"},\"image\":{\"@id\":\"https:\\\/\\\/radioljubuski.ba\\\/#\\\/schema\\\/logo\\\/image\\\/\"},\"sameAs\":[\"https:\\\/\\\/www.facebook.com\\\/Radiio-Ljubuski-1490835324566332\",\"https:\\\/\\\/x.com\\\/radioljubuski\",\"https:\\\/\\\/hr.linkedin.com\\\/company\\\/radio-ljubuski\",\"https:\\\/\\\/www.youtube.com\\\/channel\\\/UCHYaeO_n0Db3tjNGudGpXyw\"]},{\"@type\":\"Person\",\"@id\":\"https:\\\/\\\/radioljubuski.ba\\\/#\\\/schema\\\/person\\\/19fc700381a780f69665d7956c469e3b\",\"name\":\"Radio Ljubu\u0161ki\"}]}<\/script>\n<!-- \/ Yoast SEO plugin. -->","yoast_head_json":{"title":"U posljednje vrijeme u BiH sve ve\u0107i broj parova koji se bore sa sterilitetom - RADIO LJUBU\u0160KI","robots":{"index":"index","follow":"follow","max-snippet":"max-snippet:-1","max-image-preview":"max-image-preview:large","max-video-preview":"max-video-preview:-1"},"canonical":"https:\/\/radioljubuski.ba\/index.php\/2021\/06\/15\/u-posljednje-vrijeme-u-bih-sve-veci-broj-parova-koji-se-bore-sa-sterilitetom\/","og_locale":"hr_HR","og_type":"article","og_title":"U posljednje vrijeme u BiH sve ve\u0107i broj parova koji se bore sa sterilitetom - RADIO LJUBU\u0160KI","og_description":"Steritlitet i borba za potomstvo u Bosni i Hercegovine se jo\u0161 tretiraju kao tabu tema. Pandemija koronavirusa postavila je nove izazove, a u posljednje vrijeme sve je ve\u0107i i broj udruga koje pru\u017eaju potporu parovima koji se bore sa sterilitetom, kako bi se \u0161to ve\u0107i broj njih ostvario u ulozi roditelja. Nakon \u010detiri godine borbe [&hellip;]","og_url":"https:\/\/radioljubuski.ba\/index.php\/2021\/06\/15\/u-posljednje-vrijeme-u-bih-sve-veci-broj-parova-koji-se-bore-sa-sterilitetom\/","og_site_name":"RADIO LJUBU\u0160KI","article_publisher":"https:\/\/www.facebook.com\/Radiio-Ljubuski-1490835324566332","article_published_time":"2021-06-15T09:37:07+00:00","og_image":[{"width":1000,"height":625,"url":"https:\/\/radioljubuski.ba\/wp-content\/uploads\/2021\/06\/9-2021-03-15-21-41-31-beba.jpg","type":"image\/jpeg"}],"author":"Radio Ljubu\u0161ki","twitter_card":"summary_large_image","twitter_creator":"@radioljubuski","twitter_site":"@radioljubuski","twitter_misc":{"Napisao\/la":"Radio Ljubu\u0161ki","Procijenjeno vrijeme \u010ditanja":"2 minute"},"schema":{"@context":"https:\/\/schema.org","@graph":[{"@type":"Article","@id":"https:\/\/radioljubuski.ba\/index.php\/2021\/06\/15\/u-posljednje-vrijeme-u-bih-sve-veci-broj-parova-koji-se-bore-sa-sterilitetom\/#article","isPartOf":{"@id":"https:\/\/radioljubuski.ba\/index.php\/2021\/06\/15\/u-posljednje-vrijeme-u-bih-sve-veci-broj-parova-koji-se-bore-sa-sterilitetom\/"},"author":{"name":"Radio Ljubu\u0161ki","@id":"https:\/\/radioljubuski.ba\/#\/schema\/person\/19fc700381a780f69665d7956c469e3b"},"headline":"U posljednje vrijeme u BiH sve ve\u0107i broj parova koji se bore sa sterilitetom","datePublished":"2021-06-15T09:37:07+00:00","mainEntityOfPage":{"@id":"https:\/\/radioljubuski.ba\/index.php\/2021\/06\/15\/u-posljednje-vrijeme-u-bih-sve-veci-broj-parova-koji-se-bore-sa-sterilitetom\/"},"wordCount":425,"publisher":{"@id":"https:\/\/radioljubuski.ba\/#organization"},"image":{"@id":"https:\/\/radioljubuski.ba\/index.php\/2021\/06\/15\/u-posljednje-vrijeme-u-bih-sve-veci-broj-parova-koji-se-bore-sa-sterilitetom\/#primaryimage"},"thumbnailUrl":"https:\/\/radioljubuski.ba\/wp-content\/uploads\/2021\/06\/9-2021-03-15-21-41-31-beba.jpg","articleSection":["BIH i regija"],"inLanguage":"hr"},{"@type":"WebPage","@id":"https:\/\/radioljubuski.ba\/index.php\/2021\/06\/15\/u-posljednje-vrijeme-u-bih-sve-veci-broj-parova-koji-se-bore-sa-sterilitetom\/","url":"https:\/\/radioljubuski.ba\/index.php\/2021\/06\/15\/u-posljednje-vrijeme-u-bih-sve-veci-broj-parova-koji-se-bore-sa-sterilitetom\/","name":"U posljednje vrijeme u BiH sve ve\u0107i broj parova koji se bore sa sterilitetom - RADIO LJUBU\u0160KI","isPartOf":{"@id":"https:\/\/radioljubuski.ba\/#website"},"primaryImageOfPage":{"@id":"https:\/\/radioljubuski.ba\/index.php\/2021\/06\/15\/u-posljednje-vrijeme-u-bih-sve-veci-broj-parova-koji-se-bore-sa-sterilitetom\/#primaryimage"},"image":{"@id":"https:\/\/radioljubuski.ba\/index.php\/2021\/06\/15\/u-posljednje-vrijeme-u-bih-sve-veci-broj-parova-koji-se-bore-sa-sterilitetom\/#primaryimage"},"thumbnailUrl":"https:\/\/radioljubuski.ba\/wp-content\/uploads\/2021\/06\/9-2021-03-15-21-41-31-beba.jpg","datePublished":"2021-06-15T09:37:07+00:00","breadcrumb":{"@id":"https:\/\/radioljubuski.ba\/index.php\/2021\/06\/15\/u-posljednje-vrijeme-u-bih-sve-veci-broj-parova-koji-se-bore-sa-sterilitetom\/#breadcrumb"},"inLanguage":"hr","potentialAction":[{"@type":"ReadAction","target":["https:\/\/radioljubuski.ba\/index.php\/2021\/06\/15\/u-posljednje-vrijeme-u-bih-sve-veci-broj-parova-koji-se-bore-sa-sterilitetom\/"]}]},{"@type":"ImageObject","inLanguage":"hr","@id":"https:\/\/radioljubuski.ba\/index.php\/2021\/06\/15\/u-posljednje-vrijeme-u-bih-sve-veci-broj-parova-koji-se-bore-sa-sterilitetom\/#primaryimage","url":"https:\/\/radioljubuski.ba\/wp-content\/uploads\/2021\/06\/9-2021-03-15-21-41-31-beba.jpg","contentUrl":"https:\/\/radioljubuski.ba\/wp-content\/uploads\/2021\/06\/9-2021-03-15-21-41-31-beba.jpg","width":1000,"height":625},{"@type":"BreadcrumbList","@id":"https:\/\/radioljubuski.ba\/index.php\/2021\/06\/15\/u-posljednje-vrijeme-u-bih-sve-veci-broj-parova-koji-se-bore-sa-sterilitetom\/#breadcrumb","itemListElement":[{"@type":"ListItem","position":1,"name":"Po\u010detna stranica","item":"https:\/\/radioljubuski.ba\/"},{"@type":"ListItem","position":2,"name":"U posljednje vrijeme u BiH sve ve\u0107i broj parova koji se bore sa sterilitetom"}]},{"@type":"WebSite","@id":"https:\/\/radioljubuski.ba\/#website","url":"https:\/\/radioljubuski.ba\/","name":"Radio Ljubu\u0161ki","description":"Sun\u010dana frekvencija Hercegovine","publisher":{"@id":"https:\/\/radioljubuski.ba\/#organization"},"potentialAction":[{"@type":"SearchAction","target":{"@type":"EntryPoint","urlTemplate":"https:\/\/radioljubuski.ba\/?s={search_term_string}"},"query-input":{"@type":"PropertyValueSpecification","valueRequired":true,"valueName":"search_term_string"}}],"inLanguage":"hr"},{"@type":"Organization","@id":"https:\/\/radioljubuski.ba\/#organization","name":"Radio Ljubu\u0161ki","url":"https:\/\/radioljubuski.ba\/","logo":{"@type":"ImageObject","inLanguage":"hr","@id":"https:\/\/radioljubuski.ba\/#\/schema\/logo\/image\/","url":"https:\/\/radioljubuski.ba\/wp-content\/uploads\/2021\/02\/cropped-Radio_Ljubuski_logo1.jpg","contentUrl":"https:\/\/radioljubuski.ba\/wp-content\/uploads\/2021\/02\/cropped-Radio_Ljubuski_logo1.jpg","width":512,"height":512,"caption":"Radio Ljubu\u0161ki"},"image":{"@id":"https:\/\/radioljubuski.ba\/#\/schema\/logo\/image\/"},"sameAs":["https:\/\/www.facebook.com\/Radiio-Ljubuski-1490835324566332","https:\/\/x.com\/radioljubuski","https:\/\/hr.linkedin.com\/company\/radio-ljubuski","https:\/\/www.youtube.com\/channel\/UCHYaeO_n0Db3tjNGudGpXyw"]},{"@type":"Person","@id":"https:\/\/radioljubuski.ba\/#\/schema\/person\/19fc700381a780f69665d7956c469e3b","name":"Radio Ljubu\u0161ki"}]}},"_links":{"self":[{"href":"https:\/\/radioljubuski.ba\/index.php\/wp-json\/wp\/v2\/posts\/32703","targetHints":{"allow":["GET"]}}],"collection":[{"href":"https:\/\/radioljubuski.ba\/index.php\/wp-json\/wp\/v2\/posts"}],"about":[{"href":"https:\/\/radioljubuski.ba\/index.php\/wp-json\/wp\/v2\/types\/post"}],"author":[{"embeddable":true,"href":"https:\/\/radioljubuski.ba\/index.php\/wp-json\/wp\/v2\/users\/2"}],"replies":[{"embeddable":true,"href":"https:\/\/radioljubuski.ba\/index.php\/wp-json\/wp\/v2\/comments?post=32703"}],"version-history":[{"count":1,"href":"https:\/\/radioljubuski.ba\/index.php\/wp-json\/wp\/v2\/posts\/32703\/revisions"}],"predecessor-version":[{"id":32705,"href":"https:\/\/radioljubuski.ba\/index.php\/wp-json\/wp\/v2\/posts\/32703\/revisions\/32705"}],"wp:featuredmedia":[{"embeddable":true,"href":"https:\/\/radioljubuski.ba\/index.php\/wp-json\/wp\/v2\/media\/32704"}],"wp:attachment":[{"href":"https:\/\/radioljubuski.ba\/index.php\/wp-json\/wp\/v2\/media?parent=32703"}],"wp:term":[{"taxonomy":"category","embeddable":true,"href":"https:\/\/radioljubuski.ba\/index.php\/wp-json\/wp\/v2\/categories?post=32703"},{"taxonomy":"post_tag","embeddable":true,"href":"https:\/\/radioljubuski.ba\/index.php\/wp-json\/wp\/v2\/tags?post=32703"}],"curies":[{"name":"wp","href":"https:\/\/api.w.org\/{rel}","templated":true}]}}