{"id":32709,"date":"2021-06-15T10:41:50","date_gmt":"2021-06-15T09:41:50","guid":{"rendered":"https:\/\/radioljubuski.ba\/?p=32709"},"modified":"2021-06-15T10:41:50","modified_gmt":"2021-06-15T09:41:50","slug":"popularno-turisticko-odrediste-se-budi-u-makarsku-stigli-i-sezonski-radnici-iz-bih","status":"publish","type":"post","link":"https:\/\/radioljubuski.ba\/index.php\/2021\/06\/15\/popularno-turisticko-odrediste-se-budi-u-makarsku-stigli-i-sezonski-radnici-iz-bih\/","title":{"rendered":"Popularno turisti\u010dko odredi\u0161te se budi: U Makarsku stigli i sezonski radnici iz BiH"},"content":{"rendered":"\n<p>Makarska je jedno od najpoznatijih turisti\u010dkih odredi\u0161ta hrvatskog primorja, privla\u010dno zbog svojih prirodnih i klimatskih karakteristika, raznolike turisti\u010dke ponude i gostoljubivih doma\u0107ina.<\/p>\n\n\n\n<p>Tradicionalno najvi\u0161e gostiju na makarskoj rivijeri dolazi iz Poljske, Njema\u010dke, zatim iz \u010ce\u0161ke, Austrije, BiH, Ma\u0111arske, Slovenije. Iako ovogodi\u0161nja ljetna sezona jo\u0161 uvijek nije slu\u017ebeno po\u010dela, ovo turisti\u010dko odredi\u0161te polako o\u017eivljava.<\/p>\n\n\n\n<p>Za sada je tu najvi\u0161e gostiju iz Njema\u010dke i Poljske, ve\u0107inom idu na Bra\u010d i Hvar, a porast broja dolazaka povla\u010di za sobom i ve\u0107i broj sezonske radne snage. Stoga izvjestan broj sezonskih radnika iz Bosne i Hercegovine ve\u0107 je stigao u Makarsku, a od danas po\u010dinju raditi jer se o\u010dekuje i intezivniji priliv posjetitelja, pi\u0161e Klix.ba.<\/p>\n\n\n\n<p>Makarska rivijera privla\u010di i bh. turiste koji tradicionalno ovdje ljetuju. Me\u0111utim, i ove godine, zbog pandemije, za bh. gra\u0111ane je ulazak u Hrvatsku ote\u017ean. Prilikom ulaska u Hrvatsku dr\u017eavljani zemalja \u010dlanica EU, kao i dr\u017eavljani tre\u0107ih zemalja, me\u0111u kojima je i BiH, moraju predo\u010diti jedan od dokaza da su negativni na koronavirus.<\/p>\n\n\n\n<p>Prema podacima MUP-a Hrvatske, za ulazak dr\u017eavljana BiH u ovu zemlju potrebno je posjedovati negativan nalaz PCR testa ili brzog antigenskog testa &#8211; BAT na koronavirus. Tako\u0111er, hrvatsku granicu mogu\u0107e je pre\u0107i i ako posjedujete potvrdu o primitku dvije doze cjepiva, ako je pro\u0161lo 14 dana od druge doze ili prve doze u slu\u010daju cjepljenja cjepivo koe se prima u jednoj dozi.<\/p>\n\n\n\n<p>U Hrvatsku se mo\u017ee i s potvrdom da ste prebolili koronavirus i o primitku jedne doze cjepiva unutar \u0161est mjeseci od po\u010detka bolesti, s tim da cjepivo mora biti provedeno prije manje od 180 dana od dolaska na grani\u010dni prijelaz.<\/p>\n\n\n\n<p>Me\u0111utim, pored svega toga morate imati i dokaz o uplati smje\u0161taja u kojem \u0107ete boraviti. Usprkos pandemiji, Hrvatska je u pro\u0161loj godini uspjela ostvariti 37 posto dolazaka i 50 posto turisti\u010dkih no\u0107enja iz rekordne 2019. godine. Ostvareno je 7,8 milijuna dolazaka i 54,4 milijuna no\u0107enja, a s obzirom na imunizaciju u svijetu ove godine se o\u010dekuju ne\u0161to ve\u0107e brojke i uspje\u0161nija sezona.<\/p>\n\n\n\n<p>Izvor:klix.ba<\/p>\n","protected":false},"excerpt":{"rendered":"<p>Makarska je jedno od najpoznatijih turisti\u010dkih odredi\u0161ta hrvatskog primorja, privla\u010dno zbog svojih prirodnih i klimatskih karakteristika, raznolike turisti\u010dke ponude i gostoljubivih doma\u0107ina. Tradicionalno najvi\u0161e gostiju na makarskoj rivijeri dolazi iz Poljske, Njema\u010dke, zatim iz \u010ce\u0161ke, Austrije, BiH, Ma\u0111arske, Slovenije. Iako ovogodi\u0161nja ljetna sezona jo\u0161 uvijek nije slu\u017ebeno po\u010dela, ovo turisti\u010dko odredi\u0161te polako o\u017eivljava. Za sada [&hellip;]<\/p>\n","protected":false},"author":2,"featured_media":32710,"comment_status":"closed","ping_status":"closed","sticky":false,"template":"","format":"standard","meta":{"h5ap_radio_sources":[],"footnotes":""},"categories":[1],"tags":[],"class_list":["post-32709","post","type-post","status-publish","format-standard","has-post-thumbnail","hentry","category-bihiregija"],"yoast_head":"<!-- This site is optimized with the Yoast SEO plugin v27.5 - https:\/\/yoast.com\/product\/yoast-seo-wordpress\/ -->\n<title>Popularno turisti\u010dko odredi\u0161te se budi: U Makarsku stigli i sezonski radnici iz BiH - RADIO LJUBU\u0160KI<\/title>\n<meta name=\"robots\" content=\"index, follow, max-snippet:-1, max-image-preview:large, max-video-preview:-1\" \/>\n<link rel=\"canonical\" href=\"https:\/\/radioljubuski.ba\/index.php\/2021\/06\/15\/popularno-turisticko-odrediste-se-budi-u-makarsku-stigli-i-sezonski-radnici-iz-bih\/\" \/>\n<meta property=\"og:locale\" content=\"hr_HR\" \/>\n<meta property=\"og:type\" content=\"article\" \/>\n<meta property=\"og:title\" content=\"Popularno turisti\u010dko odredi\u0161te se budi: U Makarsku stigli i sezonski radnici iz BiH - RADIO LJUBU\u0160KI\" \/>\n<meta property=\"og:description\" content=\"Makarska je jedno od najpoznatijih turisti\u010dkih odredi\u0161ta hrvatskog primorja, privla\u010dno zbog svojih prirodnih i klimatskih karakteristika, raznolike turisti\u010dke ponude i gostoljubivih doma\u0107ina. Tradicionalno najvi\u0161e gostiju na makarskoj rivijeri dolazi iz Poljske, Njema\u010dke, zatim iz \u010ce\u0161ke, Austrije, BiH, Ma\u0111arske, Slovenije. Iako ovogodi\u0161nja ljetna sezona jo\u0161 uvijek nije slu\u017ebeno po\u010dela, ovo turisti\u010dko odredi\u0161te polako o\u017eivljava. Za sada [&hellip;]\" \/>\n<meta property=\"og:url\" content=\"https:\/\/radioljubuski.ba\/index.php\/2021\/06\/15\/popularno-turisticko-odrediste-se-budi-u-makarsku-stigli-i-sezonski-radnici-iz-bih\/\" \/>\n<meta property=\"og:site_name\" content=\"RADIO LJUBU\u0160KI\" \/>\n<meta property=\"article:publisher\" content=\"https:\/\/www.facebook.com\/Radiio-Ljubuski-1490835324566332\" \/>\n<meta property=\"article:published_time\" content=\"2021-06-15T09:41:50+00:00\" \/>\n<meta property=\"og:image\" content=\"https:\/\/radioljubuski.ba\/wp-content\/uploads\/2021\/06\/5yFowvsT_makarska.jpg\" \/>\n\t<meta property=\"og:image:width\" content=\"1000\" \/>\n\t<meta property=\"og:image:height\" content=\"625\" \/>\n\t<meta property=\"og:image:type\" content=\"image\/jpeg\" \/>\n<meta name=\"author\" content=\"Radio Ljubu\u0161ki\" \/>\n<meta name=\"twitter:card\" content=\"summary_large_image\" \/>\n<meta name=\"twitter:creator\" content=\"@radioljubuski\" \/>\n<meta name=\"twitter:site\" content=\"@radioljubuski\" \/>\n<meta name=\"twitter:label1\" content=\"Napisao\/la\" \/>\n\t<meta name=\"twitter:data1\" content=\"Radio Ljubu\u0161ki\" \/>\n\t<meta name=\"twitter:label2\" content=\"Procijenjeno vrijeme \u010ditanja\" \/>\n\t<meta name=\"twitter:data2\" content=\"2 minute\" \/>\n<script type=\"application\/ld+json\" class=\"yoast-schema-graph\">{\"@context\":\"https:\\\/\\\/schema.org\",\"@graph\":[{\"@type\":\"Article\",\"@id\":\"https:\\\/\\\/radioljubuski.ba\\\/index.php\\\/2021\\\/06\\\/15\\\/popularno-turisticko-odrediste-se-budi-u-makarsku-stigli-i-sezonski-radnici-iz-bih\\\/#article\",\"isPartOf\":{\"@id\":\"https:\\\/\\\/radioljubuski.ba\\\/index.php\\\/2021\\\/06\\\/15\\\/popularno-turisticko-odrediste-se-budi-u-makarsku-stigli-i-sezonski-radnici-iz-bih\\\/\"},\"author\":{\"name\":\"Radio Ljubu\u0161ki\",\"@id\":\"https:\\\/\\\/radioljubuski.ba\\\/#\\\/schema\\\/person\\\/19fc700381a780f69665d7956c469e3b\"},\"headline\":\"Popularno turisti\u010dko odredi\u0161te se budi: U Makarsku stigli i sezonski radnici iz BiH\",\"datePublished\":\"2021-06-15T09:41:50+00:00\",\"mainEntityOfPage\":{\"@id\":\"https:\\\/\\\/radioljubuski.ba\\\/index.php\\\/2021\\\/06\\\/15\\\/popularno-turisticko-odrediste-se-budi-u-makarsku-stigli-i-sezonski-radnici-iz-bih\\\/\"},\"wordCount\":389,\"publisher\":{\"@id\":\"https:\\\/\\\/radioljubuski.ba\\\/#organization\"},\"image\":{\"@id\":\"https:\\\/\\\/radioljubuski.ba\\\/index.php\\\/2021\\\/06\\\/15\\\/popularno-turisticko-odrediste-se-budi-u-makarsku-stigli-i-sezonski-radnici-iz-bih\\\/#primaryimage\"},\"thumbnailUrl\":\"https:\\\/\\\/radioljubuski.ba\\\/wp-content\\\/uploads\\\/2021\\\/06\\\/5yFowvsT_makarska.jpg\",\"articleSection\":[\"BIH i regija\"],\"inLanguage\":\"hr\"},{\"@type\":\"WebPage\",\"@id\":\"https:\\\/\\\/radioljubuski.ba\\\/index.php\\\/2021\\\/06\\\/15\\\/popularno-turisticko-odrediste-se-budi-u-makarsku-stigli-i-sezonski-radnici-iz-bih\\\/\",\"url\":\"https:\\\/\\\/radioljubuski.ba\\\/index.php\\\/2021\\\/06\\\/15\\\/popularno-turisticko-odrediste-se-budi-u-makarsku-stigli-i-sezonski-radnici-iz-bih\\\/\",\"name\":\"Popularno turisti\u010dko odredi\u0161te se budi: U Makarsku stigli i sezonski radnici iz BiH - RADIO LJUBU\u0160KI\",\"isPartOf\":{\"@id\":\"https:\\\/\\\/radioljubuski.ba\\\/#website\"},\"primaryImageOfPage\":{\"@id\":\"https:\\\/\\\/radioljubuski.ba\\\/index.php\\\/2021\\\/06\\\/15\\\/popularno-turisticko-odrediste-se-budi-u-makarsku-stigli-i-sezonski-radnici-iz-bih\\\/#primaryimage\"},\"image\":{\"@id\":\"https:\\\/\\\/radioljubuski.ba\\\/index.php\\\/2021\\\/06\\\/15\\\/popularno-turisticko-odrediste-se-budi-u-makarsku-stigli-i-sezonski-radnici-iz-bih\\\/#primaryimage\"},\"thumbnailUrl\":\"https:\\\/\\\/radioljubuski.ba\\\/wp-content\\\/uploads\\\/2021\\\/06\\\/5yFowvsT_makarska.jpg\",\"datePublished\":\"2021-06-15T09:41:50+00:00\",\"breadcrumb\":{\"@id\":\"https:\\\/\\\/radioljubuski.ba\\\/index.php\\\/2021\\\/06\\\/15\\\/popularno-turisticko-odrediste-se-budi-u-makarsku-stigli-i-sezonski-radnici-iz-bih\\\/#breadcrumb\"},\"inLanguage\":\"hr\",\"potentialAction\":[{\"@type\":\"ReadAction\",\"target\":[\"https:\\\/\\\/radioljubuski.ba\\\/index.php\\\/2021\\\/06\\\/15\\\/popularno-turisticko-odrediste-se-budi-u-makarsku-stigli-i-sezonski-radnici-iz-bih\\\/\"]}]},{\"@type\":\"ImageObject\",\"inLanguage\":\"hr\",\"@id\":\"https:\\\/\\\/radioljubuski.ba\\\/index.php\\\/2021\\\/06\\\/15\\\/popularno-turisticko-odrediste-se-budi-u-makarsku-stigli-i-sezonski-radnici-iz-bih\\\/#primaryimage\",\"url\":\"https:\\\/\\\/radioljubuski.ba\\\/wp-content\\\/uploads\\\/2021\\\/06\\\/5yFowvsT_makarska.jpg\",\"contentUrl\":\"https:\\\/\\\/radioljubuski.ba\\\/wp-content\\\/uploads\\\/2021\\\/06\\\/5yFowvsT_makarska.jpg\",\"width\":1000,\"height\":625},{\"@type\":\"BreadcrumbList\",\"@id\":\"https:\\\/\\\/radioljubuski.ba\\\/index.php\\\/2021\\\/06\\\/15\\\/popularno-turisticko-odrediste-se-budi-u-makarsku-stigli-i-sezonski-radnici-iz-bih\\\/#breadcrumb\",\"itemListElement\":[{\"@type\":\"ListItem\",\"position\":1,\"name\":\"Po\u010detna stranica\",\"item\":\"https:\\\/\\\/radioljubuski.ba\\\/\"},{\"@type\":\"ListItem\",\"position\":2,\"name\":\"Popularno turisti\u010dko odredi\u0161te se budi: U Makarsku stigli i sezonski radnici iz BiH\"}]},{\"@type\":\"WebSite\",\"@id\":\"https:\\\/\\\/radioljubuski.ba\\\/#website\",\"url\":\"https:\\\/\\\/radioljubuski.ba\\\/\",\"name\":\"Radio Ljubu\u0161ki\",\"description\":\"Sun\u010dana frekvencija Hercegovine\",\"publisher\":{\"@id\":\"https:\\\/\\\/radioljubuski.ba\\\/#organization\"},\"potentialAction\":[{\"@type\":\"SearchAction\",\"target\":{\"@type\":\"EntryPoint\",\"urlTemplate\":\"https:\\\/\\\/radioljubuski.ba\\\/?s={search_term_string}\"},\"query-input\":{\"@type\":\"PropertyValueSpecification\",\"valueRequired\":true,\"valueName\":\"search_term_string\"}}],\"inLanguage\":\"hr\"},{\"@type\":\"Organization\",\"@id\":\"https:\\\/\\\/radioljubuski.ba\\\/#organization\",\"name\":\"Radio Ljubu\u0161ki\",\"url\":\"https:\\\/\\\/radioljubuski.ba\\\/\",\"logo\":{\"@type\":\"ImageObject\",\"inLanguage\":\"hr\",\"@id\":\"https:\\\/\\\/radioljubuski.ba\\\/#\\\/schema\\\/logo\\\/image\\\/\",\"url\":\"https:\\\/\\\/radioljubuski.ba\\\/wp-content\\\/uploads\\\/2021\\\/02\\\/cropped-Radio_Ljubuski_logo1.jpg\",\"contentUrl\":\"https:\\\/\\\/radioljubuski.ba\\\/wp-content\\\/uploads\\\/2021\\\/02\\\/cropped-Radio_Ljubuski_logo1.jpg\",\"width\":512,\"height\":512,\"caption\":\"Radio Ljubu\u0161ki\"},\"image\":{\"@id\":\"https:\\\/\\\/radioljubuski.ba\\\/#\\\/schema\\\/logo\\\/image\\\/\"},\"sameAs\":[\"https:\\\/\\\/www.facebook.com\\\/Radiio-Ljubuski-1490835324566332\",\"https:\\\/\\\/x.com\\\/radioljubuski\",\"https:\\\/\\\/hr.linkedin.com\\\/company\\\/radio-ljubuski\",\"https:\\\/\\\/www.youtube.com\\\/channel\\\/UCHYaeO_n0Db3tjNGudGpXyw\"]},{\"@type\":\"Person\",\"@id\":\"https:\\\/\\\/radioljubuski.ba\\\/#\\\/schema\\\/person\\\/19fc700381a780f69665d7956c469e3b\",\"name\":\"Radio Ljubu\u0161ki\"}]}<\/script>\n<!-- \/ Yoast SEO plugin. -->","yoast_head_json":{"title":"Popularno turisti\u010dko odredi\u0161te se budi: U Makarsku stigli i sezonski radnici iz BiH - RADIO LJUBU\u0160KI","robots":{"index":"index","follow":"follow","max-snippet":"max-snippet:-1","max-image-preview":"max-image-preview:large","max-video-preview":"max-video-preview:-1"},"canonical":"https:\/\/radioljubuski.ba\/index.php\/2021\/06\/15\/popularno-turisticko-odrediste-se-budi-u-makarsku-stigli-i-sezonski-radnici-iz-bih\/","og_locale":"hr_HR","og_type":"article","og_title":"Popularno turisti\u010dko odredi\u0161te se budi: U Makarsku stigli i sezonski radnici iz BiH - RADIO LJUBU\u0160KI","og_description":"Makarska je jedno od najpoznatijih turisti\u010dkih odredi\u0161ta hrvatskog primorja, privla\u010dno zbog svojih prirodnih i klimatskih karakteristika, raznolike turisti\u010dke ponude i gostoljubivih doma\u0107ina. Tradicionalno najvi\u0161e gostiju na makarskoj rivijeri dolazi iz Poljske, Njema\u010dke, zatim iz \u010ce\u0161ke, Austrije, BiH, Ma\u0111arske, Slovenije. Iako ovogodi\u0161nja ljetna sezona jo\u0161 uvijek nije slu\u017ebeno po\u010dela, ovo turisti\u010dko odredi\u0161te polako o\u017eivljava. Za sada [&hellip;]","og_url":"https:\/\/radioljubuski.ba\/index.php\/2021\/06\/15\/popularno-turisticko-odrediste-se-budi-u-makarsku-stigli-i-sezonski-radnici-iz-bih\/","og_site_name":"RADIO LJUBU\u0160KI","article_publisher":"https:\/\/www.facebook.com\/Radiio-Ljubuski-1490835324566332","article_published_time":"2021-06-15T09:41:50+00:00","og_image":[{"width":1000,"height":625,"url":"https:\/\/radioljubuski.ba\/wp-content\/uploads\/2021\/06\/5yFowvsT_makarska.jpg","type":"image\/jpeg"}],"author":"Radio Ljubu\u0161ki","twitter_card":"summary_large_image","twitter_creator":"@radioljubuski","twitter_site":"@radioljubuski","twitter_misc":{"Napisao\/la":"Radio Ljubu\u0161ki","Procijenjeno vrijeme \u010ditanja":"2 minute"},"schema":{"@context":"https:\/\/schema.org","@graph":[{"@type":"Article","@id":"https:\/\/radioljubuski.ba\/index.php\/2021\/06\/15\/popularno-turisticko-odrediste-se-budi-u-makarsku-stigli-i-sezonski-radnici-iz-bih\/#article","isPartOf":{"@id":"https:\/\/radioljubuski.ba\/index.php\/2021\/06\/15\/popularno-turisticko-odrediste-se-budi-u-makarsku-stigli-i-sezonski-radnici-iz-bih\/"},"author":{"name":"Radio Ljubu\u0161ki","@id":"https:\/\/radioljubuski.ba\/#\/schema\/person\/19fc700381a780f69665d7956c469e3b"},"headline":"Popularno turisti\u010dko odredi\u0161te se budi: U Makarsku stigli i sezonski radnici iz BiH","datePublished":"2021-06-15T09:41:50+00:00","mainEntityOfPage":{"@id":"https:\/\/radioljubuski.ba\/index.php\/2021\/06\/15\/popularno-turisticko-odrediste-se-budi-u-makarsku-stigli-i-sezonski-radnici-iz-bih\/"},"wordCount":389,"publisher":{"@id":"https:\/\/radioljubuski.ba\/#organization"},"image":{"@id":"https:\/\/radioljubuski.ba\/index.php\/2021\/06\/15\/popularno-turisticko-odrediste-se-budi-u-makarsku-stigli-i-sezonski-radnici-iz-bih\/#primaryimage"},"thumbnailUrl":"https:\/\/radioljubuski.ba\/wp-content\/uploads\/2021\/06\/5yFowvsT_makarska.jpg","articleSection":["BIH i regija"],"inLanguage":"hr"},{"@type":"WebPage","@id":"https:\/\/radioljubuski.ba\/index.php\/2021\/06\/15\/popularno-turisticko-odrediste-se-budi-u-makarsku-stigli-i-sezonski-radnici-iz-bih\/","url":"https:\/\/radioljubuski.ba\/index.php\/2021\/06\/15\/popularno-turisticko-odrediste-se-budi-u-makarsku-stigli-i-sezonski-radnici-iz-bih\/","name":"Popularno turisti\u010dko odredi\u0161te se budi: U Makarsku stigli i sezonski radnici iz BiH - RADIO LJUBU\u0160KI","isPartOf":{"@id":"https:\/\/radioljubuski.ba\/#website"},"primaryImageOfPage":{"@id":"https:\/\/radioljubuski.ba\/index.php\/2021\/06\/15\/popularno-turisticko-odrediste-se-budi-u-makarsku-stigli-i-sezonski-radnici-iz-bih\/#primaryimage"},"image":{"@id":"https:\/\/radioljubuski.ba\/index.php\/2021\/06\/15\/popularno-turisticko-odrediste-se-budi-u-makarsku-stigli-i-sezonski-radnici-iz-bih\/#primaryimage"},"thumbnailUrl":"https:\/\/radioljubuski.ba\/wp-content\/uploads\/2021\/06\/5yFowvsT_makarska.jpg","datePublished":"2021-06-15T09:41:50+00:00","breadcrumb":{"@id":"https:\/\/radioljubuski.ba\/index.php\/2021\/06\/15\/popularno-turisticko-odrediste-se-budi-u-makarsku-stigli-i-sezonski-radnici-iz-bih\/#breadcrumb"},"inLanguage":"hr","potentialAction":[{"@type":"ReadAction","target":["https:\/\/radioljubuski.ba\/index.php\/2021\/06\/15\/popularno-turisticko-odrediste-se-budi-u-makarsku-stigli-i-sezonski-radnici-iz-bih\/"]}]},{"@type":"ImageObject","inLanguage":"hr","@id":"https:\/\/radioljubuski.ba\/index.php\/2021\/06\/15\/popularno-turisticko-odrediste-se-budi-u-makarsku-stigli-i-sezonski-radnici-iz-bih\/#primaryimage","url":"https:\/\/radioljubuski.ba\/wp-content\/uploads\/2021\/06\/5yFowvsT_makarska.jpg","contentUrl":"https:\/\/radioljubuski.ba\/wp-content\/uploads\/2021\/06\/5yFowvsT_makarska.jpg","width":1000,"height":625},{"@type":"BreadcrumbList","@id":"https:\/\/radioljubuski.ba\/index.php\/2021\/06\/15\/popularno-turisticko-odrediste-se-budi-u-makarsku-stigli-i-sezonski-radnici-iz-bih\/#breadcrumb","itemListElement":[{"@type":"ListItem","position":1,"name":"Po\u010detna stranica","item":"https:\/\/radioljubuski.ba\/"},{"@type":"ListItem","position":2,"name":"Popularno turisti\u010dko odredi\u0161te se budi: U Makarsku stigli i sezonski radnici iz BiH"}]},{"@type":"WebSite","@id":"https:\/\/radioljubuski.ba\/#website","url":"https:\/\/radioljubuski.ba\/","name":"Radio Ljubu\u0161ki","description":"Sun\u010dana frekvencija Hercegovine","publisher":{"@id":"https:\/\/radioljubuski.ba\/#organization"},"potentialAction":[{"@type":"SearchAction","target":{"@type":"EntryPoint","urlTemplate":"https:\/\/radioljubuski.ba\/?s={search_term_string}"},"query-input":{"@type":"PropertyValueSpecification","valueRequired":true,"valueName":"search_term_string"}}],"inLanguage":"hr"},{"@type":"Organization","@id":"https:\/\/radioljubuski.ba\/#organization","name":"Radio Ljubu\u0161ki","url":"https:\/\/radioljubuski.ba\/","logo":{"@type":"ImageObject","inLanguage":"hr","@id":"https:\/\/radioljubuski.ba\/#\/schema\/logo\/image\/","url":"https:\/\/radioljubuski.ba\/wp-content\/uploads\/2021\/02\/cropped-Radio_Ljubuski_logo1.jpg","contentUrl":"https:\/\/radioljubuski.ba\/wp-content\/uploads\/2021\/02\/cropped-Radio_Ljubuski_logo1.jpg","width":512,"height":512,"caption":"Radio Ljubu\u0161ki"},"image":{"@id":"https:\/\/radioljubuski.ba\/#\/schema\/logo\/image\/"},"sameAs":["https:\/\/www.facebook.com\/Radiio-Ljubuski-1490835324566332","https:\/\/x.com\/radioljubuski","https:\/\/hr.linkedin.com\/company\/radio-ljubuski","https:\/\/www.youtube.com\/channel\/UCHYaeO_n0Db3tjNGudGpXyw"]},{"@type":"Person","@id":"https:\/\/radioljubuski.ba\/#\/schema\/person\/19fc700381a780f69665d7956c469e3b","name":"Radio Ljubu\u0161ki"}]}},"_links":{"self":[{"href":"https:\/\/radioljubuski.ba\/index.php\/wp-json\/wp\/v2\/posts\/32709","targetHints":{"allow":["GET"]}}],"collection":[{"href":"https:\/\/radioljubuski.ba\/index.php\/wp-json\/wp\/v2\/posts"}],"about":[{"href":"https:\/\/radioljubuski.ba\/index.php\/wp-json\/wp\/v2\/types\/post"}],"author":[{"embeddable":true,"href":"https:\/\/radioljubuski.ba\/index.php\/wp-json\/wp\/v2\/users\/2"}],"replies":[{"embeddable":true,"href":"https:\/\/radioljubuski.ba\/index.php\/wp-json\/wp\/v2\/comments?post=32709"}],"version-history":[{"count":1,"href":"https:\/\/radioljubuski.ba\/index.php\/wp-json\/wp\/v2\/posts\/32709\/revisions"}],"predecessor-version":[{"id":32711,"href":"https:\/\/radioljubuski.ba\/index.php\/wp-json\/wp\/v2\/posts\/32709\/revisions\/32711"}],"wp:featuredmedia":[{"embeddable":true,"href":"https:\/\/radioljubuski.ba\/index.php\/wp-json\/wp\/v2\/media\/32710"}],"wp:attachment":[{"href":"https:\/\/radioljubuski.ba\/index.php\/wp-json\/wp\/v2\/media?parent=32709"}],"wp:term":[{"taxonomy":"category","embeddable":true,"href":"https:\/\/radioljubuski.ba\/index.php\/wp-json\/wp\/v2\/categories?post=32709"},{"taxonomy":"post_tag","embeddable":true,"href":"https:\/\/radioljubuski.ba\/index.php\/wp-json\/wp\/v2\/tags?post=32709"}],"curies":[{"name":"wp","href":"https:\/\/api.w.org\/{rel}","templated":true}]}}