{"id":3271,"date":"2021-03-13T09:52:00","date_gmt":"2021-03-13T08:52:00","guid":{"rendered":"https:\/\/radioljubuski.ba\/?p=3271"},"modified":"2021-03-13T09:52:01","modified_gmt":"2021-03-13T08:52:01","slug":"bogdanovic-solidan-u-pobjedi-jazza-sixersi-u-strahu-zbog-ozljede-embiida","status":"publish","type":"post","link":"https:\/\/radioljubuski.ba\/index.php\/2021\/03\/13\/bogdanovic-solidan-u-pobjedi-jazza-sixersi-u-strahu-zbog-ozljede-embiida\/","title":{"rendered":"Bogdanovi\u0107 solidan u pobjedi Jazza, Sixersi u strahu zbog ozljede Embiida"},"content":{"rendered":"\n<p>Ko\u0161arka\u0161i Utah Jazza pobijedili su Houston Rocketse 114:99 uz solidnu predstavu Bojana Bogdanovi\u0107a.<\/p>\n\n\n\n<p>Hrvatski ko\u0161arka\u0161 zabio je 15 poena uz pet skokova i tri asistencije za 32 minute na parketu. Donovan Mitchell s 28 ko\u0161eva predvodio je Jazzere koji su sada na omjeru 28-9, dok su Rocketsi na 11-25. Bio je to 15. poraz u nizu za Houston, prenosi HRT.<\/p>\n\n\n\n<p>Aktualni prvaci LA Lakersi svladali su Indiana Pacerse 105:100, a najefikasniji u redovima pobjedni\u010dke mom\u010dadi bio je Kyle Kuzma s 24 ko\u0161eva i 13 skokova. LeBron James zabio je 18 ko\u0161eva uz 10 asistencija.<\/p>\n\n\n\n<p>Philadelphia 76ersi uvjerljivo su s 127:101 nadigrali Washington Wizardse, ali najbolju mom\u010dad Isto\u010dne konferencije brine ozljeda Joela Embiida. Centar, koji ove sezone igra na MVP razini, ozlijedio je koljeno te jo\u0161 nije poznato koliko \u0107e vremena pauzirati. Do trenutka ozljede postigao je 23 poena i bio je najbolji strijelac Sixersa.<\/p>\n\n\n\n<p>Luka \u0160amani\u0107 dobio je samo pet minuta u pobjedi San Antonija 104:77 protiv Orlando Magica te zabilje\u017eio dva skoka i jednu asistenciju.<\/p>\n\n\n\n<p>Izvor:pogled.ba<\/p>\n","protected":false},"excerpt":{"rendered":"<p>Ko\u0161arka\u0161i Utah Jazza pobijedili su Houston Rocketse 114:99 uz solidnu predstavu Bojana Bogdanovi\u0107a. Hrvatski ko\u0161arka\u0161 zabio je 15 poena uz pet skokova i tri asistencije za 32 minute na parketu. Donovan Mitchell s 28 ko\u0161eva predvodio je Jazzere koji su sada na omjeru 28-9, dok su Rocketsi na 11-25. Bio je to 15. poraz u [&hellip;]<\/p>\n","protected":false},"author":2,"featured_media":3272,"comment_status":"closed","ping_status":"closed","sticky":false,"template":"","format":"standard","meta":{"h5ap_radio_sources":[],"footnotes":""},"categories":[1],"tags":[],"class_list":["post-3271","post","type-post","status-publish","format-standard","has-post-thumbnail","hentry","category-bihiregija"],"yoast_head":"<!-- This site is optimized with the Yoast SEO plugin v27.5 - https:\/\/yoast.com\/product\/yoast-seo-wordpress\/ -->\n<title>Bogdanovi\u0107 solidan u pobjedi Jazza, Sixersi u strahu zbog ozljede Embiida - RADIO LJUBU\u0160KI<\/title>\n<meta name=\"robots\" content=\"index, follow, max-snippet:-1, max-image-preview:large, max-video-preview:-1\" \/>\n<link rel=\"canonical\" href=\"https:\/\/radioljubuski.ba\/index.php\/2021\/03\/13\/bogdanovic-solidan-u-pobjedi-jazza-sixersi-u-strahu-zbog-ozljede-embiida\/\" \/>\n<meta property=\"og:locale\" content=\"hr_HR\" \/>\n<meta property=\"og:type\" content=\"article\" \/>\n<meta property=\"og:title\" content=\"Bogdanovi\u0107 solidan u pobjedi Jazza, Sixersi u strahu zbog ozljede Embiida - RADIO LJUBU\u0160KI\" \/>\n<meta property=\"og:description\" content=\"Ko\u0161arka\u0161i Utah Jazza pobijedili su Houston Rocketse 114:99 uz solidnu predstavu Bojana Bogdanovi\u0107a. Hrvatski ko\u0161arka\u0161 zabio je 15 poena uz pet skokova i tri asistencije za 32 minute na parketu. Donovan Mitchell s 28 ko\u0161eva predvodio je Jazzere koji su sada na omjeru 28-9, dok su Rocketsi na 11-25. Bio je to 15. poraz u [&hellip;]\" \/>\n<meta property=\"og:url\" content=\"https:\/\/radioljubuski.ba\/index.php\/2021\/03\/13\/bogdanovic-solidan-u-pobjedi-jazza-sixersi-u-strahu-zbog-ozljede-embiida\/\" \/>\n<meta property=\"og:site_name\" content=\"RADIO LJUBU\u0160KI\" \/>\n<meta property=\"article:publisher\" content=\"https:\/\/www.facebook.com\/Radiio-Ljubuski-1490835324566332\" \/>\n<meta property=\"article:published_time\" content=\"2021-03-13T08:52:00+00:00\" \/>\n<meta property=\"article:modified_time\" content=\"2021-03-13T08:52:01+00:00\" \/>\n<meta property=\"og:image\" content=\"https:\/\/radioljubuski.ba\/wp-content\/uploads\/2021\/03\/9-2021-03-13-09-20-10-babo.jpg\" \/>\n\t<meta property=\"og:image:width\" content=\"1000\" \/>\n\t<meta property=\"og:image:height\" content=\"625\" \/>\n\t<meta property=\"og:image:type\" content=\"image\/jpeg\" \/>\n<meta name=\"author\" content=\"Radio Ljubu\u0161ki\" \/>\n<meta name=\"twitter:card\" content=\"summary_large_image\" \/>\n<meta name=\"twitter:creator\" content=\"@radioljubuski\" \/>\n<meta name=\"twitter:site\" content=\"@radioljubuski\" \/>\n<meta name=\"twitter:label1\" content=\"Napisao\/la\" \/>\n\t<meta name=\"twitter:data1\" content=\"Radio Ljubu\u0161ki\" \/>\n\t<meta name=\"twitter:label2\" content=\"Procijenjeno vrijeme \u010ditanja\" \/>\n\t<meta name=\"twitter:data2\" content=\"1 minuta\" \/>\n<script type=\"application\/ld+json\" class=\"yoast-schema-graph\">{\"@context\":\"https:\\\/\\\/schema.org\",\"@graph\":[{\"@type\":\"Article\",\"@id\":\"https:\\\/\\\/radioljubuski.ba\\\/index.php\\\/2021\\\/03\\\/13\\\/bogdanovic-solidan-u-pobjedi-jazza-sixersi-u-strahu-zbog-ozljede-embiida\\\/#article\",\"isPartOf\":{\"@id\":\"https:\\\/\\\/radioljubuski.ba\\\/index.php\\\/2021\\\/03\\\/13\\\/bogdanovic-solidan-u-pobjedi-jazza-sixersi-u-strahu-zbog-ozljede-embiida\\\/\"},\"author\":{\"name\":\"Radio Ljubu\u0161ki\",\"@id\":\"https:\\\/\\\/radioljubuski.ba\\\/#\\\/schema\\\/person\\\/19fc700381a780f69665d7956c469e3b\"},\"headline\":\"Bogdanovi\u0107 solidan u pobjedi Jazza, Sixersi u strahu zbog ozljede Embiida\",\"datePublished\":\"2021-03-13T08:52:00+00:00\",\"dateModified\":\"2021-03-13T08:52:01+00:00\",\"mainEntityOfPage\":{\"@id\":\"https:\\\/\\\/radioljubuski.ba\\\/index.php\\\/2021\\\/03\\\/13\\\/bogdanovic-solidan-u-pobjedi-jazza-sixersi-u-strahu-zbog-ozljede-embiida\\\/\"},\"wordCount\":179,\"publisher\":{\"@id\":\"https:\\\/\\\/radioljubuski.ba\\\/#organization\"},\"image\":{\"@id\":\"https:\\\/\\\/radioljubuski.ba\\\/index.php\\\/2021\\\/03\\\/13\\\/bogdanovic-solidan-u-pobjedi-jazza-sixersi-u-strahu-zbog-ozljede-embiida\\\/#primaryimage\"},\"thumbnailUrl\":\"https:\\\/\\\/radioljubuski.ba\\\/wp-content\\\/uploads\\\/2021\\\/03\\\/9-2021-03-13-09-20-10-babo.jpg\",\"articleSection\":[\"BIH i regija\"],\"inLanguage\":\"hr\"},{\"@type\":\"WebPage\",\"@id\":\"https:\\\/\\\/radioljubuski.ba\\\/index.php\\\/2021\\\/03\\\/13\\\/bogdanovic-solidan-u-pobjedi-jazza-sixersi-u-strahu-zbog-ozljede-embiida\\\/\",\"url\":\"https:\\\/\\\/radioljubuski.ba\\\/index.php\\\/2021\\\/03\\\/13\\\/bogdanovic-solidan-u-pobjedi-jazza-sixersi-u-strahu-zbog-ozljede-embiida\\\/\",\"name\":\"Bogdanovi\u0107 solidan u pobjedi Jazza, Sixersi u strahu zbog ozljede Embiida - RADIO LJUBU\u0160KI\",\"isPartOf\":{\"@id\":\"https:\\\/\\\/radioljubuski.ba\\\/#website\"},\"primaryImageOfPage\":{\"@id\":\"https:\\\/\\\/radioljubuski.ba\\\/index.php\\\/2021\\\/03\\\/13\\\/bogdanovic-solidan-u-pobjedi-jazza-sixersi-u-strahu-zbog-ozljede-embiida\\\/#primaryimage\"},\"image\":{\"@id\":\"https:\\\/\\\/radioljubuski.ba\\\/index.php\\\/2021\\\/03\\\/13\\\/bogdanovic-solidan-u-pobjedi-jazza-sixersi-u-strahu-zbog-ozljede-embiida\\\/#primaryimage\"},\"thumbnailUrl\":\"https:\\\/\\\/radioljubuski.ba\\\/wp-content\\\/uploads\\\/2021\\\/03\\\/9-2021-03-13-09-20-10-babo.jpg\",\"datePublished\":\"2021-03-13T08:52:00+00:00\",\"dateModified\":\"2021-03-13T08:52:01+00:00\",\"breadcrumb\":{\"@id\":\"https:\\\/\\\/radioljubuski.ba\\\/index.php\\\/2021\\\/03\\\/13\\\/bogdanovic-solidan-u-pobjedi-jazza-sixersi-u-strahu-zbog-ozljede-embiida\\\/#breadcrumb\"},\"inLanguage\":\"hr\",\"potentialAction\":[{\"@type\":\"ReadAction\",\"target\":[\"https:\\\/\\\/radioljubuski.ba\\\/index.php\\\/2021\\\/03\\\/13\\\/bogdanovic-solidan-u-pobjedi-jazza-sixersi-u-strahu-zbog-ozljede-embiida\\\/\"]}]},{\"@type\":\"ImageObject\",\"inLanguage\":\"hr\",\"@id\":\"https:\\\/\\\/radioljubuski.ba\\\/index.php\\\/2021\\\/03\\\/13\\\/bogdanovic-solidan-u-pobjedi-jazza-sixersi-u-strahu-zbog-ozljede-embiida\\\/#primaryimage\",\"url\":\"https:\\\/\\\/radioljubuski.ba\\\/wp-content\\\/uploads\\\/2021\\\/03\\\/9-2021-03-13-09-20-10-babo.jpg\",\"contentUrl\":\"https:\\\/\\\/radioljubuski.ba\\\/wp-content\\\/uploads\\\/2021\\\/03\\\/9-2021-03-13-09-20-10-babo.jpg\",\"width\":1000,\"height\":625},{\"@type\":\"BreadcrumbList\",\"@id\":\"https:\\\/\\\/radioljubuski.ba\\\/index.php\\\/2021\\\/03\\\/13\\\/bogdanovic-solidan-u-pobjedi-jazza-sixersi-u-strahu-zbog-ozljede-embiida\\\/#breadcrumb\",\"itemListElement\":[{\"@type\":\"ListItem\",\"position\":1,\"name\":\"Po\u010detna stranica\",\"item\":\"https:\\\/\\\/radioljubuski.ba\\\/\"},{\"@type\":\"ListItem\",\"position\":2,\"name\":\"Bogdanovi\u0107 solidan u pobjedi Jazza, Sixersi u strahu zbog ozljede Embiida\"}]},{\"@type\":\"WebSite\",\"@id\":\"https:\\\/\\\/radioljubuski.ba\\\/#website\",\"url\":\"https:\\\/\\\/radioljubuski.ba\\\/\",\"name\":\"Radio Ljubu\u0161ki\",\"description\":\"Sun\u010dana frekvencija Hercegovine\",\"publisher\":{\"@id\":\"https:\\\/\\\/radioljubuski.ba\\\/#organization\"},\"potentialAction\":[{\"@type\":\"SearchAction\",\"target\":{\"@type\":\"EntryPoint\",\"urlTemplate\":\"https:\\\/\\\/radioljubuski.ba\\\/?s={search_term_string}\"},\"query-input\":{\"@type\":\"PropertyValueSpecification\",\"valueRequired\":true,\"valueName\":\"search_term_string\"}}],\"inLanguage\":\"hr\"},{\"@type\":\"Organization\",\"@id\":\"https:\\\/\\\/radioljubuski.ba\\\/#organization\",\"name\":\"Radio Ljubu\u0161ki\",\"url\":\"https:\\\/\\\/radioljubuski.ba\\\/\",\"logo\":{\"@type\":\"ImageObject\",\"inLanguage\":\"hr\",\"@id\":\"https:\\\/\\\/radioljubuski.ba\\\/#\\\/schema\\\/logo\\\/image\\\/\",\"url\":\"https:\\\/\\\/radioljubuski.ba\\\/wp-content\\\/uploads\\\/2021\\\/02\\\/cropped-Radio_Ljubuski_logo1.jpg\",\"contentUrl\":\"https:\\\/\\\/radioljubuski.ba\\\/wp-content\\\/uploads\\\/2021\\\/02\\\/cropped-Radio_Ljubuski_logo1.jpg\",\"width\":512,\"height\":512,\"caption\":\"Radio Ljubu\u0161ki\"},\"image\":{\"@id\":\"https:\\\/\\\/radioljubuski.ba\\\/#\\\/schema\\\/logo\\\/image\\\/\"},\"sameAs\":[\"https:\\\/\\\/www.facebook.com\\\/Radiio-Ljubuski-1490835324566332\",\"https:\\\/\\\/x.com\\\/radioljubuski\",\"https:\\\/\\\/hr.linkedin.com\\\/company\\\/radio-ljubuski\",\"https:\\\/\\\/www.youtube.com\\\/channel\\\/UCHYaeO_n0Db3tjNGudGpXyw\"]},{\"@type\":\"Person\",\"@id\":\"https:\\\/\\\/radioljubuski.ba\\\/#\\\/schema\\\/person\\\/19fc700381a780f69665d7956c469e3b\",\"name\":\"Radio Ljubu\u0161ki\"}]}<\/script>\n<!-- \/ Yoast SEO plugin. -->","yoast_head_json":{"title":"Bogdanovi\u0107 solidan u pobjedi Jazza, Sixersi u strahu zbog ozljede Embiida - RADIO LJUBU\u0160KI","robots":{"index":"index","follow":"follow","max-snippet":"max-snippet:-1","max-image-preview":"max-image-preview:large","max-video-preview":"max-video-preview:-1"},"canonical":"https:\/\/radioljubuski.ba\/index.php\/2021\/03\/13\/bogdanovic-solidan-u-pobjedi-jazza-sixersi-u-strahu-zbog-ozljede-embiida\/","og_locale":"hr_HR","og_type":"article","og_title":"Bogdanovi\u0107 solidan u pobjedi Jazza, Sixersi u strahu zbog ozljede Embiida - RADIO LJUBU\u0160KI","og_description":"Ko\u0161arka\u0161i Utah Jazza pobijedili su Houston Rocketse 114:99 uz solidnu predstavu Bojana Bogdanovi\u0107a. Hrvatski ko\u0161arka\u0161 zabio je 15 poena uz pet skokova i tri asistencije za 32 minute na parketu. Donovan Mitchell s 28 ko\u0161eva predvodio je Jazzere koji su sada na omjeru 28-9, dok su Rocketsi na 11-25. Bio je to 15. poraz u [&hellip;]","og_url":"https:\/\/radioljubuski.ba\/index.php\/2021\/03\/13\/bogdanovic-solidan-u-pobjedi-jazza-sixersi-u-strahu-zbog-ozljede-embiida\/","og_site_name":"RADIO LJUBU\u0160KI","article_publisher":"https:\/\/www.facebook.com\/Radiio-Ljubuski-1490835324566332","article_published_time":"2021-03-13T08:52:00+00:00","article_modified_time":"2021-03-13T08:52:01+00:00","og_image":[{"width":1000,"height":625,"url":"https:\/\/radioljubuski.ba\/wp-content\/uploads\/2021\/03\/9-2021-03-13-09-20-10-babo.jpg","type":"image\/jpeg"}],"author":"Radio Ljubu\u0161ki","twitter_card":"summary_large_image","twitter_creator":"@radioljubuski","twitter_site":"@radioljubuski","twitter_misc":{"Napisao\/la":"Radio Ljubu\u0161ki","Procijenjeno vrijeme \u010ditanja":"1 minuta"},"schema":{"@context":"https:\/\/schema.org","@graph":[{"@type":"Article","@id":"https:\/\/radioljubuski.ba\/index.php\/2021\/03\/13\/bogdanovic-solidan-u-pobjedi-jazza-sixersi-u-strahu-zbog-ozljede-embiida\/#article","isPartOf":{"@id":"https:\/\/radioljubuski.ba\/index.php\/2021\/03\/13\/bogdanovic-solidan-u-pobjedi-jazza-sixersi-u-strahu-zbog-ozljede-embiida\/"},"author":{"name":"Radio Ljubu\u0161ki","@id":"https:\/\/radioljubuski.ba\/#\/schema\/person\/19fc700381a780f69665d7956c469e3b"},"headline":"Bogdanovi\u0107 solidan u pobjedi Jazza, Sixersi u strahu zbog ozljede Embiida","datePublished":"2021-03-13T08:52:00+00:00","dateModified":"2021-03-13T08:52:01+00:00","mainEntityOfPage":{"@id":"https:\/\/radioljubuski.ba\/index.php\/2021\/03\/13\/bogdanovic-solidan-u-pobjedi-jazza-sixersi-u-strahu-zbog-ozljede-embiida\/"},"wordCount":179,"publisher":{"@id":"https:\/\/radioljubuski.ba\/#organization"},"image":{"@id":"https:\/\/radioljubuski.ba\/index.php\/2021\/03\/13\/bogdanovic-solidan-u-pobjedi-jazza-sixersi-u-strahu-zbog-ozljede-embiida\/#primaryimage"},"thumbnailUrl":"https:\/\/radioljubuski.ba\/wp-content\/uploads\/2021\/03\/9-2021-03-13-09-20-10-babo.jpg","articleSection":["BIH i regija"],"inLanguage":"hr"},{"@type":"WebPage","@id":"https:\/\/radioljubuski.ba\/index.php\/2021\/03\/13\/bogdanovic-solidan-u-pobjedi-jazza-sixersi-u-strahu-zbog-ozljede-embiida\/","url":"https:\/\/radioljubuski.ba\/index.php\/2021\/03\/13\/bogdanovic-solidan-u-pobjedi-jazza-sixersi-u-strahu-zbog-ozljede-embiida\/","name":"Bogdanovi\u0107 solidan u pobjedi Jazza, Sixersi u strahu zbog ozljede Embiida - RADIO LJUBU\u0160KI","isPartOf":{"@id":"https:\/\/radioljubuski.ba\/#website"},"primaryImageOfPage":{"@id":"https:\/\/radioljubuski.ba\/index.php\/2021\/03\/13\/bogdanovic-solidan-u-pobjedi-jazza-sixersi-u-strahu-zbog-ozljede-embiida\/#primaryimage"},"image":{"@id":"https:\/\/radioljubuski.ba\/index.php\/2021\/03\/13\/bogdanovic-solidan-u-pobjedi-jazza-sixersi-u-strahu-zbog-ozljede-embiida\/#primaryimage"},"thumbnailUrl":"https:\/\/radioljubuski.ba\/wp-content\/uploads\/2021\/03\/9-2021-03-13-09-20-10-babo.jpg","datePublished":"2021-03-13T08:52:00+00:00","dateModified":"2021-03-13T08:52:01+00:00","breadcrumb":{"@id":"https:\/\/radioljubuski.ba\/index.php\/2021\/03\/13\/bogdanovic-solidan-u-pobjedi-jazza-sixersi-u-strahu-zbog-ozljede-embiida\/#breadcrumb"},"inLanguage":"hr","potentialAction":[{"@type":"ReadAction","target":["https:\/\/radioljubuski.ba\/index.php\/2021\/03\/13\/bogdanovic-solidan-u-pobjedi-jazza-sixersi-u-strahu-zbog-ozljede-embiida\/"]}]},{"@type":"ImageObject","inLanguage":"hr","@id":"https:\/\/radioljubuski.ba\/index.php\/2021\/03\/13\/bogdanovic-solidan-u-pobjedi-jazza-sixersi-u-strahu-zbog-ozljede-embiida\/#primaryimage","url":"https:\/\/radioljubuski.ba\/wp-content\/uploads\/2021\/03\/9-2021-03-13-09-20-10-babo.jpg","contentUrl":"https:\/\/radioljubuski.ba\/wp-content\/uploads\/2021\/03\/9-2021-03-13-09-20-10-babo.jpg","width":1000,"height":625},{"@type":"BreadcrumbList","@id":"https:\/\/radioljubuski.ba\/index.php\/2021\/03\/13\/bogdanovic-solidan-u-pobjedi-jazza-sixersi-u-strahu-zbog-ozljede-embiida\/#breadcrumb","itemListElement":[{"@type":"ListItem","position":1,"name":"Po\u010detna stranica","item":"https:\/\/radioljubuski.ba\/"},{"@type":"ListItem","position":2,"name":"Bogdanovi\u0107 solidan u pobjedi Jazza, Sixersi u strahu zbog ozljede Embiida"}]},{"@type":"WebSite","@id":"https:\/\/radioljubuski.ba\/#website","url":"https:\/\/radioljubuski.ba\/","name":"Radio Ljubu\u0161ki","description":"Sun\u010dana frekvencija Hercegovine","publisher":{"@id":"https:\/\/radioljubuski.ba\/#organization"},"potentialAction":[{"@type":"SearchAction","target":{"@type":"EntryPoint","urlTemplate":"https:\/\/radioljubuski.ba\/?s={search_term_string}"},"query-input":{"@type":"PropertyValueSpecification","valueRequired":true,"valueName":"search_term_string"}}],"inLanguage":"hr"},{"@type":"Organization","@id":"https:\/\/radioljubuski.ba\/#organization","name":"Radio Ljubu\u0161ki","url":"https:\/\/radioljubuski.ba\/","logo":{"@type":"ImageObject","inLanguage":"hr","@id":"https:\/\/radioljubuski.ba\/#\/schema\/logo\/image\/","url":"https:\/\/radioljubuski.ba\/wp-content\/uploads\/2021\/02\/cropped-Radio_Ljubuski_logo1.jpg","contentUrl":"https:\/\/radioljubuski.ba\/wp-content\/uploads\/2021\/02\/cropped-Radio_Ljubuski_logo1.jpg","width":512,"height":512,"caption":"Radio Ljubu\u0161ki"},"image":{"@id":"https:\/\/radioljubuski.ba\/#\/schema\/logo\/image\/"},"sameAs":["https:\/\/www.facebook.com\/Radiio-Ljubuski-1490835324566332","https:\/\/x.com\/radioljubuski","https:\/\/hr.linkedin.com\/company\/radio-ljubuski","https:\/\/www.youtube.com\/channel\/UCHYaeO_n0Db3tjNGudGpXyw"]},{"@type":"Person","@id":"https:\/\/radioljubuski.ba\/#\/schema\/person\/19fc700381a780f69665d7956c469e3b","name":"Radio Ljubu\u0161ki"}]}},"_links":{"self":[{"href":"https:\/\/radioljubuski.ba\/index.php\/wp-json\/wp\/v2\/posts\/3271","targetHints":{"allow":["GET"]}}],"collection":[{"href":"https:\/\/radioljubuski.ba\/index.php\/wp-json\/wp\/v2\/posts"}],"about":[{"href":"https:\/\/radioljubuski.ba\/index.php\/wp-json\/wp\/v2\/types\/post"}],"author":[{"embeddable":true,"href":"https:\/\/radioljubuski.ba\/index.php\/wp-json\/wp\/v2\/users\/2"}],"replies":[{"embeddable":true,"href":"https:\/\/radioljubuski.ba\/index.php\/wp-json\/wp\/v2\/comments?post=3271"}],"version-history":[{"count":1,"href":"https:\/\/radioljubuski.ba\/index.php\/wp-json\/wp\/v2\/posts\/3271\/revisions"}],"predecessor-version":[{"id":3273,"href":"https:\/\/radioljubuski.ba\/index.php\/wp-json\/wp\/v2\/posts\/3271\/revisions\/3273"}],"wp:featuredmedia":[{"embeddable":true,"href":"https:\/\/radioljubuski.ba\/index.php\/wp-json\/wp\/v2\/media\/3272"}],"wp:attachment":[{"href":"https:\/\/radioljubuski.ba\/index.php\/wp-json\/wp\/v2\/media?parent=3271"}],"wp:term":[{"taxonomy":"category","embeddable":true,"href":"https:\/\/radioljubuski.ba\/index.php\/wp-json\/wp\/v2\/categories?post=3271"},{"taxonomy":"post_tag","embeddable":true,"href":"https:\/\/radioljubuski.ba\/index.php\/wp-json\/wp\/v2\/tags?post=3271"}],"curies":[{"name":"wp","href":"https:\/\/api.w.org\/{rel}","templated":true}]}}