{"id":32723,"date":"2021-06-15T10:49:59","date_gmt":"2021-06-15T09:49:59","guid":{"rendered":"https:\/\/radioljubuski.ba\/?p=32723"},"modified":"2021-06-15T10:50:00","modified_gmt":"2021-06-15T09:50:00","slug":"federalni-inspektori-otkrili-koliko-su-kazni-naplatili-zbog-krsenja-mjera","status":"publish","type":"post","link":"https:\/\/radioljubuski.ba\/index.php\/2021\/06\/15\/federalni-inspektori-otkrili-koliko-su-kazni-naplatili-zbog-krsenja-mjera\/","title":{"rendered":"Federalni inspektori otkrili koliko su kazni naplatili zbog kr\u0161enja mjera"},"content":{"rendered":"\n<p>Inspekcijski organi u FBiH nastavljaju s vr\u0161enjem nadzora nad po\u0161tivanjem higijensko-epidemiolo\u0161kih mjera svim raspolo\u017eivim kapacitetima, te poduzimaju sve aktivnosti u okviru svoje nadle\u017enosti na spre\u010davanju daljeg \u0161irenja koronavirusa u FBiH, u skladu s odlukama nadle\u017enih kriznih sto\u017eera.<\/p>\n\n\n\n<p>U toku svibnja 2021. godine, prema trenutno dostupnim informacijama, inspekcijski organi u FBiH izvr\u0161ili su ukupno 2.432 inspekcijska nadzora, u okviru kojih je kod 146 subjekta nadzora uo\u010deno grubo kr\u0161enje mjera, \u0161to podrazumijeva izdavanje 146 prekr\u0161ajnog naloga u iznosu od 222.056,00 KM.<\/p>\n\n\n\n<p>Inspektori su tako\u0111er izrekli 266 rje\u0161enja o otklanjanju nedostataka subjektima nadzora kod kojih su ustanovljena manja odstupanja od propisanih mjera, izdali 17 rje\u0161enja o zabrani rada i 107 upozorenja. Od ukupnog broja, inspektori Federalne uprave za inspekcijske poslove su u svibnju izvr\u0161ili 360 inspekcijskih nadzora, u okviru kojih su utvrdili 43 prekr\u0161aja, \u0161to podrazumijeva izdavanje 43 prekr\u0161ajnih naloga u iznosu od 71.250,00KM, te izdali 32 rje\u0161enja o otklanjanju nedostataka, 17 rje\u0161enja o zabrani rada i 107 upozorenja.<\/p>\n\n\n\n<p>Uzimaju\u0107i u obzir stabilizaciju epidemiolo\u0161ke situacije u FBIH, izvjestan broj federalnih inspektora po ovla\u0161tenju za obavljanje poslova sanitarne inspekcije bio je i dalje dodatno anga\u017eiran na vr\u0161enju poja\u010danih inspekcijskih nadzora, ali sada s naglaskom i orijentacijom na ispunjavanje plana redovnih inspekcijskih nadzora, te blagovremenih incidentalnih i akcidentalnih postupanja.<\/p>\n\n\n\n<p>Naime, intenzitet i sadr\u017eaj inspekcijskih nadzora u smislu kontrole provo\u0111enja obavezuju\u0107eg minimuma higijensko-epidemiolo\u0161kih mjera iz novih Naredbi i preporuka Kriznog sto\u017eera Federalnog ministarstva zdravstva koje je Vlada FBIH usvojila na sjednici odr\u017eanoj 3.6.2021. godine, prilago\u0111avaju se i prate stabilizaciju epidemiolo\u0161kih prilika u FBIH, a istovremeno vode\u0107i ra\u010duna o kontinuitetu rada i prisutnosti inspekcija na terenu, koja je od velikog zna\u010daja za odr\u017eavanje ostvarenog nivoa discipline kontrolisanih subjekata nadzora, te usmjerena na spre\u010davanje \u0161irenja i preveniranje ne\u017eeljene ekspanzije koronavirusa.<\/p>\n\n\n\n<p>Kr\u0161enje minimuma obavezuju\u0107ih mjera naj\u010de\u0161\u0107e dolazi u ugostiteljskim objektima, trgovinama, tr\u017enim centrima, ali i gospodarskim dru\u0161tvima s ve\u0107im brojem zaposlenih, odnosno na mjestima okupljanja ve\u0107eg broja ljudi. U odnosu na travanj i svibanj, evidentna je potreba za kontinuiranim pra\u0107enjem stanja na terenu zbog mogu\u0107eg opu\u0161tanja i odr\u017eavanja dostignute discipline subjekata nadzora u po\u0161tivanju mjera i preporuka, jer istovremeno nije zabilje\u017een pad broja konstatiranih prekr\u0161aja.<\/p>\n\n\n\n<p>Federalna uprava za inspekcijske poslove ostaje na dispoziciji \u017eupanijskim inspekcijskim organima za pru\u017eanje pomo\u0107i u organizaciji i vr\u0161enju nadzora nad po\u0161tivanjem higijensko-epidemiolo\u0161kih mjera.<\/p>\n\n\n\n<p>Kazne za prekr\u0161aje propisane su Zakonom o za\u0161titi stanovni\u0161tva od zaraznih bolesti, i to u rasponu od 3.000,00 &#8211; 10.000,00 KM za gospodarska dru\u0161tva, druga pravna lica i zdravstvene ustanove; za odgovorna lica u pravnim licima od 500,00KM do 2.000,00 KM; za nositelje privatne prakse i obrtnike od 2.000,00KM do 8.000,00KM; za fizi\u010dka lica od 100,00 KM do 2.000,00 KM, s tim da preno\u0161enje zarazne bolesti predstavlja i krivi\u010dno djelo u smislu KZ FBiH.<\/p>\n\n\n\n<p>Izvor:pogled.ba<\/p>\n","protected":false},"excerpt":{"rendered":"<p>Inspekcijski organi u FBiH nastavljaju s vr\u0161enjem nadzora nad po\u0161tivanjem higijensko-epidemiolo\u0161kih mjera svim raspolo\u017eivim kapacitetima, te poduzimaju sve aktivnosti u okviru svoje nadle\u017enosti na spre\u010davanju daljeg \u0161irenja koronavirusa u FBiH, u skladu s odlukama nadle\u017enih kriznih sto\u017eera. U toku svibnja 2021. godine, prema trenutno dostupnim informacijama, inspekcijski organi u FBiH izvr\u0161ili su ukupno 2.432 inspekcijska [&hellip;]<\/p>\n","protected":false},"author":2,"featured_media":32724,"comment_status":"closed","ping_status":"closed","sticky":false,"template":"","format":"standard","meta":{"h5ap_radio_sources":[],"footnotes":""},"categories":[1],"tags":[],"class_list":["post-32723","post","type-post","status-publish","format-standard","has-post-thumbnail","hentry","category-bihiregija"],"yoast_head":"<!-- This site is optimized with the Yoast SEO plugin v27.5 - https:\/\/yoast.com\/product\/yoast-seo-wordpress\/ -->\n<title>Federalni inspektori otkrili koliko su kazni naplatili zbog kr\u0161enja mjera - RADIO LJUBU\u0160KI<\/title>\n<meta name=\"robots\" content=\"index, follow, max-snippet:-1, max-image-preview:large, max-video-preview:-1\" \/>\n<link rel=\"canonical\" href=\"https:\/\/radioljubuski.ba\/index.php\/2021\/06\/15\/federalni-inspektori-otkrili-koliko-su-kazni-naplatili-zbog-krsenja-mjera\/\" \/>\n<meta property=\"og:locale\" content=\"hr_HR\" \/>\n<meta property=\"og:type\" content=\"article\" \/>\n<meta property=\"og:title\" content=\"Federalni inspektori otkrili koliko su kazni naplatili zbog kr\u0161enja mjera - RADIO LJUBU\u0160KI\" \/>\n<meta property=\"og:description\" content=\"Inspekcijski organi u FBiH nastavljaju s vr\u0161enjem nadzora nad po\u0161tivanjem higijensko-epidemiolo\u0161kih mjera svim raspolo\u017eivim kapacitetima, te poduzimaju sve aktivnosti u okviru svoje nadle\u017enosti na spre\u010davanju daljeg \u0161irenja koronavirusa u FBiH, u skladu s odlukama nadle\u017enih kriznih sto\u017eera. U toku svibnja 2021. godine, prema trenutno dostupnim informacijama, inspekcijski organi u FBiH izvr\u0161ili su ukupno 2.432 inspekcijska [&hellip;]\" \/>\n<meta property=\"og:url\" content=\"https:\/\/radioljubuski.ba\/index.php\/2021\/06\/15\/federalni-inspektori-otkrili-koliko-su-kazni-naplatili-zbog-krsenja-mjera\/\" \/>\n<meta property=\"og:site_name\" content=\"RADIO LJUBU\u0160KI\" \/>\n<meta property=\"article:publisher\" content=\"https:\/\/www.facebook.com\/Radiio-Ljubuski-1490835324566332\" \/>\n<meta property=\"article:published_time\" content=\"2021-06-15T09:49:59+00:00\" \/>\n<meta property=\"article:modified_time\" content=\"2021-06-15T09:50:00+00:00\" \/>\n<meta property=\"og:image\" content=\"https:\/\/radioljubuski.ba\/wp-content\/uploads\/2021\/06\/hXi8JU69_inspekcija.jpg\" \/>\n\t<meta property=\"og:image:width\" content=\"1000\" \/>\n\t<meta property=\"og:image:height\" content=\"625\" \/>\n\t<meta property=\"og:image:type\" content=\"image\/jpeg\" \/>\n<meta name=\"author\" content=\"Radio Ljubu\u0161ki\" \/>\n<meta name=\"twitter:card\" content=\"summary_large_image\" \/>\n<meta name=\"twitter:creator\" content=\"@radioljubuski\" \/>\n<meta name=\"twitter:site\" content=\"@radioljubuski\" \/>\n<meta name=\"twitter:label1\" content=\"Napisao\/la\" \/>\n\t<meta name=\"twitter:data1\" content=\"Radio Ljubu\u0161ki\" \/>\n\t<meta name=\"twitter:label2\" content=\"Procijenjeno vrijeme \u010ditanja\" \/>\n\t<meta name=\"twitter:data2\" content=\"2 minute\" \/>\n<script type=\"application\/ld+json\" class=\"yoast-schema-graph\">{\"@context\":\"https:\\\/\\\/schema.org\",\"@graph\":[{\"@type\":\"Article\",\"@id\":\"https:\\\/\\\/radioljubuski.ba\\\/index.php\\\/2021\\\/06\\\/15\\\/federalni-inspektori-otkrili-koliko-su-kazni-naplatili-zbog-krsenja-mjera\\\/#article\",\"isPartOf\":{\"@id\":\"https:\\\/\\\/radioljubuski.ba\\\/index.php\\\/2021\\\/06\\\/15\\\/federalni-inspektori-otkrili-koliko-su-kazni-naplatili-zbog-krsenja-mjera\\\/\"},\"author\":{\"name\":\"Radio Ljubu\u0161ki\",\"@id\":\"https:\\\/\\\/radioljubuski.ba\\\/#\\\/schema\\\/person\\\/19fc700381a780f69665d7956c469e3b\"},\"headline\":\"Federalni inspektori otkrili koliko su kazni naplatili zbog kr\u0161enja mjera\",\"datePublished\":\"2021-06-15T09:49:59+00:00\",\"dateModified\":\"2021-06-15T09:50:00+00:00\",\"mainEntityOfPage\":{\"@id\":\"https:\\\/\\\/radioljubuski.ba\\\/index.php\\\/2021\\\/06\\\/15\\\/federalni-inspektori-otkrili-koliko-su-kazni-naplatili-zbog-krsenja-mjera\\\/\"},\"wordCount\":504,\"publisher\":{\"@id\":\"https:\\\/\\\/radioljubuski.ba\\\/#organization\"},\"image\":{\"@id\":\"https:\\\/\\\/radioljubuski.ba\\\/index.php\\\/2021\\\/06\\\/15\\\/federalni-inspektori-otkrili-koliko-su-kazni-naplatili-zbog-krsenja-mjera\\\/#primaryimage\"},\"thumbnailUrl\":\"https:\\\/\\\/radioljubuski.ba\\\/wp-content\\\/uploads\\\/2021\\\/06\\\/hXi8JU69_inspekcija.jpg\",\"articleSection\":[\"BIH i regija\"],\"inLanguage\":\"hr\"},{\"@type\":\"WebPage\",\"@id\":\"https:\\\/\\\/radioljubuski.ba\\\/index.php\\\/2021\\\/06\\\/15\\\/federalni-inspektori-otkrili-koliko-su-kazni-naplatili-zbog-krsenja-mjera\\\/\",\"url\":\"https:\\\/\\\/radioljubuski.ba\\\/index.php\\\/2021\\\/06\\\/15\\\/federalni-inspektori-otkrili-koliko-su-kazni-naplatili-zbog-krsenja-mjera\\\/\",\"name\":\"Federalni inspektori otkrili koliko su kazni naplatili zbog kr\u0161enja mjera - RADIO LJUBU\u0160KI\",\"isPartOf\":{\"@id\":\"https:\\\/\\\/radioljubuski.ba\\\/#website\"},\"primaryImageOfPage\":{\"@id\":\"https:\\\/\\\/radioljubuski.ba\\\/index.php\\\/2021\\\/06\\\/15\\\/federalni-inspektori-otkrili-koliko-su-kazni-naplatili-zbog-krsenja-mjera\\\/#primaryimage\"},\"image\":{\"@id\":\"https:\\\/\\\/radioljubuski.ba\\\/index.php\\\/2021\\\/06\\\/15\\\/federalni-inspektori-otkrili-koliko-su-kazni-naplatili-zbog-krsenja-mjera\\\/#primaryimage\"},\"thumbnailUrl\":\"https:\\\/\\\/radioljubuski.ba\\\/wp-content\\\/uploads\\\/2021\\\/06\\\/hXi8JU69_inspekcija.jpg\",\"datePublished\":\"2021-06-15T09:49:59+00:00\",\"dateModified\":\"2021-06-15T09:50:00+00:00\",\"breadcrumb\":{\"@id\":\"https:\\\/\\\/radioljubuski.ba\\\/index.php\\\/2021\\\/06\\\/15\\\/federalni-inspektori-otkrili-koliko-su-kazni-naplatili-zbog-krsenja-mjera\\\/#breadcrumb\"},\"inLanguage\":\"hr\",\"potentialAction\":[{\"@type\":\"ReadAction\",\"target\":[\"https:\\\/\\\/radioljubuski.ba\\\/index.php\\\/2021\\\/06\\\/15\\\/federalni-inspektori-otkrili-koliko-su-kazni-naplatili-zbog-krsenja-mjera\\\/\"]}]},{\"@type\":\"ImageObject\",\"inLanguage\":\"hr\",\"@id\":\"https:\\\/\\\/radioljubuski.ba\\\/index.php\\\/2021\\\/06\\\/15\\\/federalni-inspektori-otkrili-koliko-su-kazni-naplatili-zbog-krsenja-mjera\\\/#primaryimage\",\"url\":\"https:\\\/\\\/radioljubuski.ba\\\/wp-content\\\/uploads\\\/2021\\\/06\\\/hXi8JU69_inspekcija.jpg\",\"contentUrl\":\"https:\\\/\\\/radioljubuski.ba\\\/wp-content\\\/uploads\\\/2021\\\/06\\\/hXi8JU69_inspekcija.jpg\",\"width\":1000,\"height\":625},{\"@type\":\"BreadcrumbList\",\"@id\":\"https:\\\/\\\/radioljubuski.ba\\\/index.php\\\/2021\\\/06\\\/15\\\/federalni-inspektori-otkrili-koliko-su-kazni-naplatili-zbog-krsenja-mjera\\\/#breadcrumb\",\"itemListElement\":[{\"@type\":\"ListItem\",\"position\":1,\"name\":\"Po\u010detna stranica\",\"item\":\"https:\\\/\\\/radioljubuski.ba\\\/\"},{\"@type\":\"ListItem\",\"position\":2,\"name\":\"Federalni inspektori otkrili koliko su kazni naplatili zbog kr\u0161enja mjera\"}]},{\"@type\":\"WebSite\",\"@id\":\"https:\\\/\\\/radioljubuski.ba\\\/#website\",\"url\":\"https:\\\/\\\/radioljubuski.ba\\\/\",\"name\":\"Radio Ljubu\u0161ki\",\"description\":\"Sun\u010dana frekvencija Hercegovine\",\"publisher\":{\"@id\":\"https:\\\/\\\/radioljubuski.ba\\\/#organization\"},\"potentialAction\":[{\"@type\":\"SearchAction\",\"target\":{\"@type\":\"EntryPoint\",\"urlTemplate\":\"https:\\\/\\\/radioljubuski.ba\\\/?s={search_term_string}\"},\"query-input\":{\"@type\":\"PropertyValueSpecification\",\"valueRequired\":true,\"valueName\":\"search_term_string\"}}],\"inLanguage\":\"hr\"},{\"@type\":\"Organization\",\"@id\":\"https:\\\/\\\/radioljubuski.ba\\\/#organization\",\"name\":\"Radio Ljubu\u0161ki\",\"url\":\"https:\\\/\\\/radioljubuski.ba\\\/\",\"logo\":{\"@type\":\"ImageObject\",\"inLanguage\":\"hr\",\"@id\":\"https:\\\/\\\/radioljubuski.ba\\\/#\\\/schema\\\/logo\\\/image\\\/\",\"url\":\"https:\\\/\\\/radioljubuski.ba\\\/wp-content\\\/uploads\\\/2021\\\/02\\\/cropped-Radio_Ljubuski_logo1.jpg\",\"contentUrl\":\"https:\\\/\\\/radioljubuski.ba\\\/wp-content\\\/uploads\\\/2021\\\/02\\\/cropped-Radio_Ljubuski_logo1.jpg\",\"width\":512,\"height\":512,\"caption\":\"Radio Ljubu\u0161ki\"},\"image\":{\"@id\":\"https:\\\/\\\/radioljubuski.ba\\\/#\\\/schema\\\/logo\\\/image\\\/\"},\"sameAs\":[\"https:\\\/\\\/www.facebook.com\\\/Radiio-Ljubuski-1490835324566332\",\"https:\\\/\\\/x.com\\\/radioljubuski\",\"https:\\\/\\\/hr.linkedin.com\\\/company\\\/radio-ljubuski\",\"https:\\\/\\\/www.youtube.com\\\/channel\\\/UCHYaeO_n0Db3tjNGudGpXyw\"]},{\"@type\":\"Person\",\"@id\":\"https:\\\/\\\/radioljubuski.ba\\\/#\\\/schema\\\/person\\\/19fc700381a780f69665d7956c469e3b\",\"name\":\"Radio Ljubu\u0161ki\"}]}<\/script>\n<!-- \/ Yoast SEO plugin. -->","yoast_head_json":{"title":"Federalni inspektori otkrili koliko su kazni naplatili zbog kr\u0161enja mjera - RADIO LJUBU\u0160KI","robots":{"index":"index","follow":"follow","max-snippet":"max-snippet:-1","max-image-preview":"max-image-preview:large","max-video-preview":"max-video-preview:-1"},"canonical":"https:\/\/radioljubuski.ba\/index.php\/2021\/06\/15\/federalni-inspektori-otkrili-koliko-su-kazni-naplatili-zbog-krsenja-mjera\/","og_locale":"hr_HR","og_type":"article","og_title":"Federalni inspektori otkrili koliko su kazni naplatili zbog kr\u0161enja mjera - RADIO LJUBU\u0160KI","og_description":"Inspekcijski organi u FBiH nastavljaju s vr\u0161enjem nadzora nad po\u0161tivanjem higijensko-epidemiolo\u0161kih mjera svim raspolo\u017eivim kapacitetima, te poduzimaju sve aktivnosti u okviru svoje nadle\u017enosti na spre\u010davanju daljeg \u0161irenja koronavirusa u FBiH, u skladu s odlukama nadle\u017enih kriznih sto\u017eera. U toku svibnja 2021. godine, prema trenutno dostupnim informacijama, inspekcijski organi u FBiH izvr\u0161ili su ukupno 2.432 inspekcijska [&hellip;]","og_url":"https:\/\/radioljubuski.ba\/index.php\/2021\/06\/15\/federalni-inspektori-otkrili-koliko-su-kazni-naplatili-zbog-krsenja-mjera\/","og_site_name":"RADIO LJUBU\u0160KI","article_publisher":"https:\/\/www.facebook.com\/Radiio-Ljubuski-1490835324566332","article_published_time":"2021-06-15T09:49:59+00:00","article_modified_time":"2021-06-15T09:50:00+00:00","og_image":[{"width":1000,"height":625,"url":"https:\/\/radioljubuski.ba\/wp-content\/uploads\/2021\/06\/hXi8JU69_inspekcija.jpg","type":"image\/jpeg"}],"author":"Radio Ljubu\u0161ki","twitter_card":"summary_large_image","twitter_creator":"@radioljubuski","twitter_site":"@radioljubuski","twitter_misc":{"Napisao\/la":"Radio Ljubu\u0161ki","Procijenjeno vrijeme \u010ditanja":"2 minute"},"schema":{"@context":"https:\/\/schema.org","@graph":[{"@type":"Article","@id":"https:\/\/radioljubuski.ba\/index.php\/2021\/06\/15\/federalni-inspektori-otkrili-koliko-su-kazni-naplatili-zbog-krsenja-mjera\/#article","isPartOf":{"@id":"https:\/\/radioljubuski.ba\/index.php\/2021\/06\/15\/federalni-inspektori-otkrili-koliko-su-kazni-naplatili-zbog-krsenja-mjera\/"},"author":{"name":"Radio Ljubu\u0161ki","@id":"https:\/\/radioljubuski.ba\/#\/schema\/person\/19fc700381a780f69665d7956c469e3b"},"headline":"Federalni inspektori otkrili koliko su kazni naplatili zbog kr\u0161enja mjera","datePublished":"2021-06-15T09:49:59+00:00","dateModified":"2021-06-15T09:50:00+00:00","mainEntityOfPage":{"@id":"https:\/\/radioljubuski.ba\/index.php\/2021\/06\/15\/federalni-inspektori-otkrili-koliko-su-kazni-naplatili-zbog-krsenja-mjera\/"},"wordCount":504,"publisher":{"@id":"https:\/\/radioljubuski.ba\/#organization"},"image":{"@id":"https:\/\/radioljubuski.ba\/index.php\/2021\/06\/15\/federalni-inspektori-otkrili-koliko-su-kazni-naplatili-zbog-krsenja-mjera\/#primaryimage"},"thumbnailUrl":"https:\/\/radioljubuski.ba\/wp-content\/uploads\/2021\/06\/hXi8JU69_inspekcija.jpg","articleSection":["BIH i regija"],"inLanguage":"hr"},{"@type":"WebPage","@id":"https:\/\/radioljubuski.ba\/index.php\/2021\/06\/15\/federalni-inspektori-otkrili-koliko-su-kazni-naplatili-zbog-krsenja-mjera\/","url":"https:\/\/radioljubuski.ba\/index.php\/2021\/06\/15\/federalni-inspektori-otkrili-koliko-su-kazni-naplatili-zbog-krsenja-mjera\/","name":"Federalni inspektori otkrili koliko su kazni naplatili zbog kr\u0161enja mjera - RADIO LJUBU\u0160KI","isPartOf":{"@id":"https:\/\/radioljubuski.ba\/#website"},"primaryImageOfPage":{"@id":"https:\/\/radioljubuski.ba\/index.php\/2021\/06\/15\/federalni-inspektori-otkrili-koliko-su-kazni-naplatili-zbog-krsenja-mjera\/#primaryimage"},"image":{"@id":"https:\/\/radioljubuski.ba\/index.php\/2021\/06\/15\/federalni-inspektori-otkrili-koliko-su-kazni-naplatili-zbog-krsenja-mjera\/#primaryimage"},"thumbnailUrl":"https:\/\/radioljubuski.ba\/wp-content\/uploads\/2021\/06\/hXi8JU69_inspekcija.jpg","datePublished":"2021-06-15T09:49:59+00:00","dateModified":"2021-06-15T09:50:00+00:00","breadcrumb":{"@id":"https:\/\/radioljubuski.ba\/index.php\/2021\/06\/15\/federalni-inspektori-otkrili-koliko-su-kazni-naplatili-zbog-krsenja-mjera\/#breadcrumb"},"inLanguage":"hr","potentialAction":[{"@type":"ReadAction","target":["https:\/\/radioljubuski.ba\/index.php\/2021\/06\/15\/federalni-inspektori-otkrili-koliko-su-kazni-naplatili-zbog-krsenja-mjera\/"]}]},{"@type":"ImageObject","inLanguage":"hr","@id":"https:\/\/radioljubuski.ba\/index.php\/2021\/06\/15\/federalni-inspektori-otkrili-koliko-su-kazni-naplatili-zbog-krsenja-mjera\/#primaryimage","url":"https:\/\/radioljubuski.ba\/wp-content\/uploads\/2021\/06\/hXi8JU69_inspekcija.jpg","contentUrl":"https:\/\/radioljubuski.ba\/wp-content\/uploads\/2021\/06\/hXi8JU69_inspekcija.jpg","width":1000,"height":625},{"@type":"BreadcrumbList","@id":"https:\/\/radioljubuski.ba\/index.php\/2021\/06\/15\/federalni-inspektori-otkrili-koliko-su-kazni-naplatili-zbog-krsenja-mjera\/#breadcrumb","itemListElement":[{"@type":"ListItem","position":1,"name":"Po\u010detna stranica","item":"https:\/\/radioljubuski.ba\/"},{"@type":"ListItem","position":2,"name":"Federalni inspektori otkrili koliko su kazni naplatili zbog kr\u0161enja mjera"}]},{"@type":"WebSite","@id":"https:\/\/radioljubuski.ba\/#website","url":"https:\/\/radioljubuski.ba\/","name":"Radio Ljubu\u0161ki","description":"Sun\u010dana frekvencija Hercegovine","publisher":{"@id":"https:\/\/radioljubuski.ba\/#organization"},"potentialAction":[{"@type":"SearchAction","target":{"@type":"EntryPoint","urlTemplate":"https:\/\/radioljubuski.ba\/?s={search_term_string}"},"query-input":{"@type":"PropertyValueSpecification","valueRequired":true,"valueName":"search_term_string"}}],"inLanguage":"hr"},{"@type":"Organization","@id":"https:\/\/radioljubuski.ba\/#organization","name":"Radio Ljubu\u0161ki","url":"https:\/\/radioljubuski.ba\/","logo":{"@type":"ImageObject","inLanguage":"hr","@id":"https:\/\/radioljubuski.ba\/#\/schema\/logo\/image\/","url":"https:\/\/radioljubuski.ba\/wp-content\/uploads\/2021\/02\/cropped-Radio_Ljubuski_logo1.jpg","contentUrl":"https:\/\/radioljubuski.ba\/wp-content\/uploads\/2021\/02\/cropped-Radio_Ljubuski_logo1.jpg","width":512,"height":512,"caption":"Radio Ljubu\u0161ki"},"image":{"@id":"https:\/\/radioljubuski.ba\/#\/schema\/logo\/image\/"},"sameAs":["https:\/\/www.facebook.com\/Radiio-Ljubuski-1490835324566332","https:\/\/x.com\/radioljubuski","https:\/\/hr.linkedin.com\/company\/radio-ljubuski","https:\/\/www.youtube.com\/channel\/UCHYaeO_n0Db3tjNGudGpXyw"]},{"@type":"Person","@id":"https:\/\/radioljubuski.ba\/#\/schema\/person\/19fc700381a780f69665d7956c469e3b","name":"Radio Ljubu\u0161ki"}]}},"_links":{"self":[{"href":"https:\/\/radioljubuski.ba\/index.php\/wp-json\/wp\/v2\/posts\/32723","targetHints":{"allow":["GET"]}}],"collection":[{"href":"https:\/\/radioljubuski.ba\/index.php\/wp-json\/wp\/v2\/posts"}],"about":[{"href":"https:\/\/radioljubuski.ba\/index.php\/wp-json\/wp\/v2\/types\/post"}],"author":[{"embeddable":true,"href":"https:\/\/radioljubuski.ba\/index.php\/wp-json\/wp\/v2\/users\/2"}],"replies":[{"embeddable":true,"href":"https:\/\/radioljubuski.ba\/index.php\/wp-json\/wp\/v2\/comments?post=32723"}],"version-history":[{"count":1,"href":"https:\/\/radioljubuski.ba\/index.php\/wp-json\/wp\/v2\/posts\/32723\/revisions"}],"predecessor-version":[{"id":32725,"href":"https:\/\/radioljubuski.ba\/index.php\/wp-json\/wp\/v2\/posts\/32723\/revisions\/32725"}],"wp:featuredmedia":[{"embeddable":true,"href":"https:\/\/radioljubuski.ba\/index.php\/wp-json\/wp\/v2\/media\/32724"}],"wp:attachment":[{"href":"https:\/\/radioljubuski.ba\/index.php\/wp-json\/wp\/v2\/media?parent=32723"}],"wp:term":[{"taxonomy":"category","embeddable":true,"href":"https:\/\/radioljubuski.ba\/index.php\/wp-json\/wp\/v2\/categories?post=32723"},{"taxonomy":"post_tag","embeddable":true,"href":"https:\/\/radioljubuski.ba\/index.php\/wp-json\/wp\/v2\/tags?post=32723"}],"curies":[{"name":"wp","href":"https:\/\/api.w.org\/{rel}","templated":true}]}}