{"id":32732,"date":"2021-06-15T10:56:16","date_gmt":"2021-06-15T09:56:16","guid":{"rendered":"https:\/\/radioljubuski.ba\/?p=32732"},"modified":"2021-06-15T10:56:17","modified_gmt":"2021-06-15T09:56:17","slug":"lovren-objasnio-zasto-je-vikao-na-suigrace-malo-sam-dignuo-ton","status":"publish","type":"post","link":"https:\/\/radioljubuski.ba\/index.php\/2021\/06\/15\/lovren-objasnio-zasto-je-vikao-na-suigrace-malo-sam-dignuo-ton\/","title":{"rendered":"Lovren objasnio za\u0161to je vikao na suigra\u010de: Malo sam dignuo ton"},"content":{"rendered":"\n<p>Danas su na konferenciji za novinare hrvatske nogometne reprezentacije sudjelovali Dejan Lovren i \u0160ime Vrsaljko. Izbornik Dali\u0107 ju\u010der je dobio dobre vijesti za nastavak Europskog prvenstva, Lovren je dobio dopu\u0161tenje lije\u010dnika za povratak punom treningu i mogao bi nastupiti ve\u0107 u petak protiv \u010ce\u0161ke, a i Vrsaljko se di\u017ee u formi.<\/p>\n\n\n\n<p>Kako se Dejan Lovren osje\u0107a?<\/p>\n\n\n\n<p>&#8211; Osje\u0107am se odli\u010dno, bolje nego prije dva tjedna. Vra\u0107am se u svoj ritam, lijepo je biti u punom pogonu, pa \u0107emo vidjeti \u0161to \u0107e izbornik odlu\u010diti u petak.&nbsp;<\/p>\n\n\n\n<p>Ju\u010der je dosta vikao na suigra\u010de na treningu?<\/p>\n\n\n\n<p>&#8211; Da i ti izgubi\u0161 7:0 bio bi aktivan. Jednostavno ne volim sa svojom ekipom gubiti, nismo dobro u\u0161li, ali onda smo se probudili, iako smo opet izgubili. No trebamo dati sve od sebe i na treninzima, to tra\u017ei izbornik i mi stariji igra\u010di. Nema opu\u0161tanja u nijednom trenutku. Malo me to zanijelo i dignuo sam ton, no pro\u0161lo je i idemo dalje.&nbsp;<\/p>\n\n\n\n<p>Kako je dvoboj s Englezima izgledao Lovrenu kao promatra\u010du s tribina?<\/p>\n\n\n\n<p>&#8211; Mogli smo vi\u0161e, trebali smo vi\u0161e, nismo odradili kako treba, iako smo u nekim dijelovima igre dobro stajali, barem do tog gola. Nismo bili na potrebnoj razini, iako mo\u017eemo uzeti u obzir i da je bilo u\u017easno vu\u0107e, neke stvari s enisu poklopile. No nije to bila ona Hrvatska kakva mo\u017ee biti. Moramo popraviti tu sliku u sljede\u0107oj utakmici.<\/p>\n\n\n\n<p>\u0160to misli o pobjedi \u010ce\u0161ke 2:0 ju\u010der?<\/p>\n\n\n\n<p>&#8211; Nisu lo\u0161a ekipa. Utakmica je bila dosta tvrda na po\u010detku, fantasti\u010dna dva gola, imaju dobru defenzivnu igru, kompaktni su, tako da ne\u0107e biti lagana utakmica, bit \u0107e tu svega, ali ako mi budemo pravi, kakvi znamo da mo\u017eemo, ne bi trebalo biti problema, ali oni su dobili samopouzdanje nakon tri boda i sigurno \u0107e ih to ponijeti, tako da moramo biti iznimno oprezni i \u010dvrsto stajati, \u010dekati svoje prilike. \u010cesi su jaki u prekidima, to su pokazali, pogotovo u skoku, imaju iznimno visoke igra\u010de, ali nisam siguran da \u0107emo se mi koncentrirati na prekide. Mi smo ekipa koja treba igrati i dr\u017eati loptu i u\u017eivati u igri. Ako bude prilika, imamo i mi dosta visoke igra\u010de, naravno da \u0107emo je zgrabiti. Treba uzeti tri boda kako god znamo.<\/p>\n\n\n\n<p>Osje\u0107a li se brani\u010d ruskog Zenita spremno?<\/p>\n\n\n\n<p>&#8211; Ja sam u pogonu, tu sam za ekipu, spreman sam. Znam da si me ti prvi otpisao, zato mi je jo\u0161 ve\u0107i gu\u0161t vratiti se.<\/p>\n\n\n\n<p>Kako mu izgleda obrana Vatrenih bez njega?<\/p>\n\n\n\n<p>&#8211; Obrana se sastoji od 11 igra\u010da. Mogli smo bolje reagirati kod gola Engleza, ali sve&nbsp; usvemu bilo je to dobro. Ne znam otkud ta negativnost prema igra\u010dima, pogotovo prem<strong>a Gvardiolu<\/strong> koji ima 19 godina, treba mu dati vremena i prostora, on je veliki talent i treba mu dati podr\u0161ku. Kad se pobje\u0111uje, pobje\u0111ujemo zajedno, kad se gubi, gubimo zajedno. Nemojte uzimati pojedinca i raditi veliku stvar od toga.&nbsp;<\/p>\n\n\n\n<p>Izvor:hrt.hr<\/p>\n","protected":false},"excerpt":{"rendered":"<p>Danas su na konferenciji za novinare hrvatske nogometne reprezentacije sudjelovali Dejan Lovren i \u0160ime Vrsaljko. Izbornik Dali\u0107 ju\u010der je dobio dobre vijesti za nastavak Europskog prvenstva, Lovren je dobio dopu\u0161tenje lije\u010dnika za povratak punom treningu i mogao bi nastupiti ve\u0107 u petak protiv \u010ce\u0161ke, a i Vrsaljko se di\u017ee u formi. Kako se Dejan Lovren [&hellip;]<\/p>\n","protected":false},"author":2,"featured_media":32733,"comment_status":"closed","ping_status":"closed","sticky":false,"template":"","format":"standard","meta":{"h5ap_radio_sources":[],"footnotes":""},"categories":[7],"tags":[],"class_list":["post-32732","post","type-post","status-publish","format-standard","has-post-thumbnail","hentry","category-sport"],"yoast_head":"<!-- This site is optimized with the Yoast SEO plugin v27.5 - https:\/\/yoast.com\/product\/yoast-seo-wordpress\/ -->\n<title>Lovren objasnio za\u0161to je vikao na suigra\u010de: Malo sam dignuo ton - RADIO LJUBU\u0160KI<\/title>\n<meta name=\"robots\" content=\"index, follow, max-snippet:-1, max-image-preview:large, max-video-preview:-1\" \/>\n<link rel=\"canonical\" href=\"https:\/\/radioljubuski.ba\/index.php\/2021\/06\/15\/lovren-objasnio-zasto-je-vikao-na-suigrace-malo-sam-dignuo-ton\/\" \/>\n<meta property=\"og:locale\" content=\"hr_HR\" \/>\n<meta property=\"og:type\" content=\"article\" \/>\n<meta property=\"og:title\" content=\"Lovren objasnio za\u0161to je vikao na suigra\u010de: Malo sam dignuo ton - RADIO LJUBU\u0160KI\" \/>\n<meta property=\"og:description\" content=\"Danas su na konferenciji za novinare hrvatske nogometne reprezentacije sudjelovali Dejan Lovren i \u0160ime Vrsaljko. Izbornik Dali\u0107 ju\u010der je dobio dobre vijesti za nastavak Europskog prvenstva, Lovren je dobio dopu\u0161tenje lije\u010dnika za povratak punom treningu i mogao bi nastupiti ve\u0107 u petak protiv \u010ce\u0161ke, a i Vrsaljko se di\u017ee u formi. Kako se Dejan Lovren [&hellip;]\" \/>\n<meta property=\"og:url\" content=\"https:\/\/radioljubuski.ba\/index.php\/2021\/06\/15\/lovren-objasnio-zasto-je-vikao-na-suigrace-malo-sam-dignuo-ton\/\" \/>\n<meta property=\"og:site_name\" content=\"RADIO LJUBU\u0160KI\" \/>\n<meta property=\"article:publisher\" content=\"https:\/\/www.facebook.com\/Radiio-Ljubuski-1490835324566332\" \/>\n<meta property=\"article:published_time\" content=\"2021-06-15T09:56:16+00:00\" \/>\n<meta property=\"article:modified_time\" content=\"2021-06-15T09:56:17+00:00\" \/>\n<meta property=\"og:image\" content=\"https:\/\/radioljubuski.ba\/wp-content\/uploads\/2021\/06\/lovren-pxl-050718-21248190-20210615084825.jpg\" \/>\n\t<meta property=\"og:image:width\" content=\"1000\" \/>\n\t<meta property=\"og:image:height\" content=\"568\" \/>\n\t<meta property=\"og:image:type\" content=\"image\/jpeg\" \/>\n<meta name=\"author\" content=\"Radio Ljubu\u0161ki\" \/>\n<meta name=\"twitter:card\" content=\"summary_large_image\" \/>\n<meta name=\"twitter:creator\" content=\"@radioljubuski\" \/>\n<meta name=\"twitter:site\" content=\"@radioljubuski\" \/>\n<meta name=\"twitter:label1\" content=\"Napisao\/la\" \/>\n\t<meta name=\"twitter:data1\" content=\"Radio Ljubu\u0161ki\" \/>\n\t<meta name=\"twitter:label2\" content=\"Procijenjeno vrijeme \u010ditanja\" \/>\n\t<meta name=\"twitter:data2\" content=\"3 minute\" \/>\n<script type=\"application\/ld+json\" class=\"yoast-schema-graph\">{\"@context\":\"https:\\\/\\\/schema.org\",\"@graph\":[{\"@type\":\"Article\",\"@id\":\"https:\\\/\\\/radioljubuski.ba\\\/index.php\\\/2021\\\/06\\\/15\\\/lovren-objasnio-zasto-je-vikao-na-suigrace-malo-sam-dignuo-ton\\\/#article\",\"isPartOf\":{\"@id\":\"https:\\\/\\\/radioljubuski.ba\\\/index.php\\\/2021\\\/06\\\/15\\\/lovren-objasnio-zasto-je-vikao-na-suigrace-malo-sam-dignuo-ton\\\/\"},\"author\":{\"name\":\"Radio Ljubu\u0161ki\",\"@id\":\"https:\\\/\\\/radioljubuski.ba\\\/#\\\/schema\\\/person\\\/19fc700381a780f69665d7956c469e3b\"},\"headline\":\"Lovren objasnio za\u0161to je vikao na suigra\u010de: Malo sam dignuo ton\",\"datePublished\":\"2021-06-15T09:56:16+00:00\",\"dateModified\":\"2021-06-15T09:56:17+00:00\",\"mainEntityOfPage\":{\"@id\":\"https:\\\/\\\/radioljubuski.ba\\\/index.php\\\/2021\\\/06\\\/15\\\/lovren-objasnio-zasto-je-vikao-na-suigrace-malo-sam-dignuo-ton\\\/\"},\"wordCount\":532,\"publisher\":{\"@id\":\"https:\\\/\\\/radioljubuski.ba\\\/#organization\"},\"image\":{\"@id\":\"https:\\\/\\\/radioljubuski.ba\\\/index.php\\\/2021\\\/06\\\/15\\\/lovren-objasnio-zasto-je-vikao-na-suigrace-malo-sam-dignuo-ton\\\/#primaryimage\"},\"thumbnailUrl\":\"https:\\\/\\\/radioljubuski.ba\\\/wp-content\\\/uploads\\\/2021\\\/06\\\/lovren-pxl-050718-21248190-20210615084825.jpg\",\"articleSection\":[\"\u0160port\"],\"inLanguage\":\"hr\"},{\"@type\":\"WebPage\",\"@id\":\"https:\\\/\\\/radioljubuski.ba\\\/index.php\\\/2021\\\/06\\\/15\\\/lovren-objasnio-zasto-je-vikao-na-suigrace-malo-sam-dignuo-ton\\\/\",\"url\":\"https:\\\/\\\/radioljubuski.ba\\\/index.php\\\/2021\\\/06\\\/15\\\/lovren-objasnio-zasto-je-vikao-na-suigrace-malo-sam-dignuo-ton\\\/\",\"name\":\"Lovren objasnio za\u0161to je vikao na suigra\u010de: Malo sam dignuo ton - RADIO LJUBU\u0160KI\",\"isPartOf\":{\"@id\":\"https:\\\/\\\/radioljubuski.ba\\\/#website\"},\"primaryImageOfPage\":{\"@id\":\"https:\\\/\\\/radioljubuski.ba\\\/index.php\\\/2021\\\/06\\\/15\\\/lovren-objasnio-zasto-je-vikao-na-suigrace-malo-sam-dignuo-ton\\\/#primaryimage\"},\"image\":{\"@id\":\"https:\\\/\\\/radioljubuski.ba\\\/index.php\\\/2021\\\/06\\\/15\\\/lovren-objasnio-zasto-je-vikao-na-suigrace-malo-sam-dignuo-ton\\\/#primaryimage\"},\"thumbnailUrl\":\"https:\\\/\\\/radioljubuski.ba\\\/wp-content\\\/uploads\\\/2021\\\/06\\\/lovren-pxl-050718-21248190-20210615084825.jpg\",\"datePublished\":\"2021-06-15T09:56:16+00:00\",\"dateModified\":\"2021-06-15T09:56:17+00:00\",\"breadcrumb\":{\"@id\":\"https:\\\/\\\/radioljubuski.ba\\\/index.php\\\/2021\\\/06\\\/15\\\/lovren-objasnio-zasto-je-vikao-na-suigrace-malo-sam-dignuo-ton\\\/#breadcrumb\"},\"inLanguage\":\"hr\",\"potentialAction\":[{\"@type\":\"ReadAction\",\"target\":[\"https:\\\/\\\/radioljubuski.ba\\\/index.php\\\/2021\\\/06\\\/15\\\/lovren-objasnio-zasto-je-vikao-na-suigrace-malo-sam-dignuo-ton\\\/\"]}]},{\"@type\":\"ImageObject\",\"inLanguage\":\"hr\",\"@id\":\"https:\\\/\\\/radioljubuski.ba\\\/index.php\\\/2021\\\/06\\\/15\\\/lovren-objasnio-zasto-je-vikao-na-suigrace-malo-sam-dignuo-ton\\\/#primaryimage\",\"url\":\"https:\\\/\\\/radioljubuski.ba\\\/wp-content\\\/uploads\\\/2021\\\/06\\\/lovren-pxl-050718-21248190-20210615084825.jpg\",\"contentUrl\":\"https:\\\/\\\/radioljubuski.ba\\\/wp-content\\\/uploads\\\/2021\\\/06\\\/lovren-pxl-050718-21248190-20210615084825.jpg\",\"width\":1000,\"height\":568},{\"@type\":\"BreadcrumbList\",\"@id\":\"https:\\\/\\\/radioljubuski.ba\\\/index.php\\\/2021\\\/06\\\/15\\\/lovren-objasnio-zasto-je-vikao-na-suigrace-malo-sam-dignuo-ton\\\/#breadcrumb\",\"itemListElement\":[{\"@type\":\"ListItem\",\"position\":1,\"name\":\"Po\u010detna stranica\",\"item\":\"https:\\\/\\\/radioljubuski.ba\\\/\"},{\"@type\":\"ListItem\",\"position\":2,\"name\":\"Lovren objasnio za\u0161to je vikao na suigra\u010de: Malo sam dignuo ton\"}]},{\"@type\":\"WebSite\",\"@id\":\"https:\\\/\\\/radioljubuski.ba\\\/#website\",\"url\":\"https:\\\/\\\/radioljubuski.ba\\\/\",\"name\":\"Radio Ljubu\u0161ki\",\"description\":\"Sun\u010dana frekvencija Hercegovine\",\"publisher\":{\"@id\":\"https:\\\/\\\/radioljubuski.ba\\\/#organization\"},\"potentialAction\":[{\"@type\":\"SearchAction\",\"target\":{\"@type\":\"EntryPoint\",\"urlTemplate\":\"https:\\\/\\\/radioljubuski.ba\\\/?s={search_term_string}\"},\"query-input\":{\"@type\":\"PropertyValueSpecification\",\"valueRequired\":true,\"valueName\":\"search_term_string\"}}],\"inLanguage\":\"hr\"},{\"@type\":\"Organization\",\"@id\":\"https:\\\/\\\/radioljubuski.ba\\\/#organization\",\"name\":\"Radio Ljubu\u0161ki\",\"url\":\"https:\\\/\\\/radioljubuski.ba\\\/\",\"logo\":{\"@type\":\"ImageObject\",\"inLanguage\":\"hr\",\"@id\":\"https:\\\/\\\/radioljubuski.ba\\\/#\\\/schema\\\/logo\\\/image\\\/\",\"url\":\"https:\\\/\\\/radioljubuski.ba\\\/wp-content\\\/uploads\\\/2021\\\/02\\\/cropped-Radio_Ljubuski_logo1.jpg\",\"contentUrl\":\"https:\\\/\\\/radioljubuski.ba\\\/wp-content\\\/uploads\\\/2021\\\/02\\\/cropped-Radio_Ljubuski_logo1.jpg\",\"width\":512,\"height\":512,\"caption\":\"Radio Ljubu\u0161ki\"},\"image\":{\"@id\":\"https:\\\/\\\/radioljubuski.ba\\\/#\\\/schema\\\/logo\\\/image\\\/\"},\"sameAs\":[\"https:\\\/\\\/www.facebook.com\\\/Radiio-Ljubuski-1490835324566332\",\"https:\\\/\\\/x.com\\\/radioljubuski\",\"https:\\\/\\\/hr.linkedin.com\\\/company\\\/radio-ljubuski\",\"https:\\\/\\\/www.youtube.com\\\/channel\\\/UCHYaeO_n0Db3tjNGudGpXyw\"]},{\"@type\":\"Person\",\"@id\":\"https:\\\/\\\/radioljubuski.ba\\\/#\\\/schema\\\/person\\\/19fc700381a780f69665d7956c469e3b\",\"name\":\"Radio Ljubu\u0161ki\"}]}<\/script>\n<!-- \/ Yoast SEO plugin. -->","yoast_head_json":{"title":"Lovren objasnio za\u0161to je vikao na suigra\u010de: Malo sam dignuo ton - RADIO LJUBU\u0160KI","robots":{"index":"index","follow":"follow","max-snippet":"max-snippet:-1","max-image-preview":"max-image-preview:large","max-video-preview":"max-video-preview:-1"},"canonical":"https:\/\/radioljubuski.ba\/index.php\/2021\/06\/15\/lovren-objasnio-zasto-je-vikao-na-suigrace-malo-sam-dignuo-ton\/","og_locale":"hr_HR","og_type":"article","og_title":"Lovren objasnio za\u0161to je vikao na suigra\u010de: Malo sam dignuo ton - RADIO LJUBU\u0160KI","og_description":"Danas su na konferenciji za novinare hrvatske nogometne reprezentacije sudjelovali Dejan Lovren i \u0160ime Vrsaljko. Izbornik Dali\u0107 ju\u010der je dobio dobre vijesti za nastavak Europskog prvenstva, Lovren je dobio dopu\u0161tenje lije\u010dnika za povratak punom treningu i mogao bi nastupiti ve\u0107 u petak protiv \u010ce\u0161ke, a i Vrsaljko se di\u017ee u formi. Kako se Dejan Lovren [&hellip;]","og_url":"https:\/\/radioljubuski.ba\/index.php\/2021\/06\/15\/lovren-objasnio-zasto-je-vikao-na-suigrace-malo-sam-dignuo-ton\/","og_site_name":"RADIO LJUBU\u0160KI","article_publisher":"https:\/\/www.facebook.com\/Radiio-Ljubuski-1490835324566332","article_published_time":"2021-06-15T09:56:16+00:00","article_modified_time":"2021-06-15T09:56:17+00:00","og_image":[{"width":1000,"height":568,"url":"https:\/\/radioljubuski.ba\/wp-content\/uploads\/2021\/06\/lovren-pxl-050718-21248190-20210615084825.jpg","type":"image\/jpeg"}],"author":"Radio Ljubu\u0161ki","twitter_card":"summary_large_image","twitter_creator":"@radioljubuski","twitter_site":"@radioljubuski","twitter_misc":{"Napisao\/la":"Radio Ljubu\u0161ki","Procijenjeno vrijeme \u010ditanja":"3 minute"},"schema":{"@context":"https:\/\/schema.org","@graph":[{"@type":"Article","@id":"https:\/\/radioljubuski.ba\/index.php\/2021\/06\/15\/lovren-objasnio-zasto-je-vikao-na-suigrace-malo-sam-dignuo-ton\/#article","isPartOf":{"@id":"https:\/\/radioljubuski.ba\/index.php\/2021\/06\/15\/lovren-objasnio-zasto-je-vikao-na-suigrace-malo-sam-dignuo-ton\/"},"author":{"name":"Radio Ljubu\u0161ki","@id":"https:\/\/radioljubuski.ba\/#\/schema\/person\/19fc700381a780f69665d7956c469e3b"},"headline":"Lovren objasnio za\u0161to je vikao na suigra\u010de: Malo sam dignuo ton","datePublished":"2021-06-15T09:56:16+00:00","dateModified":"2021-06-15T09:56:17+00:00","mainEntityOfPage":{"@id":"https:\/\/radioljubuski.ba\/index.php\/2021\/06\/15\/lovren-objasnio-zasto-je-vikao-na-suigrace-malo-sam-dignuo-ton\/"},"wordCount":532,"publisher":{"@id":"https:\/\/radioljubuski.ba\/#organization"},"image":{"@id":"https:\/\/radioljubuski.ba\/index.php\/2021\/06\/15\/lovren-objasnio-zasto-je-vikao-na-suigrace-malo-sam-dignuo-ton\/#primaryimage"},"thumbnailUrl":"https:\/\/radioljubuski.ba\/wp-content\/uploads\/2021\/06\/lovren-pxl-050718-21248190-20210615084825.jpg","articleSection":["\u0160port"],"inLanguage":"hr"},{"@type":"WebPage","@id":"https:\/\/radioljubuski.ba\/index.php\/2021\/06\/15\/lovren-objasnio-zasto-je-vikao-na-suigrace-malo-sam-dignuo-ton\/","url":"https:\/\/radioljubuski.ba\/index.php\/2021\/06\/15\/lovren-objasnio-zasto-je-vikao-na-suigrace-malo-sam-dignuo-ton\/","name":"Lovren objasnio za\u0161to je vikao na suigra\u010de: Malo sam dignuo ton - RADIO LJUBU\u0160KI","isPartOf":{"@id":"https:\/\/radioljubuski.ba\/#website"},"primaryImageOfPage":{"@id":"https:\/\/radioljubuski.ba\/index.php\/2021\/06\/15\/lovren-objasnio-zasto-je-vikao-na-suigrace-malo-sam-dignuo-ton\/#primaryimage"},"image":{"@id":"https:\/\/radioljubuski.ba\/index.php\/2021\/06\/15\/lovren-objasnio-zasto-je-vikao-na-suigrace-malo-sam-dignuo-ton\/#primaryimage"},"thumbnailUrl":"https:\/\/radioljubuski.ba\/wp-content\/uploads\/2021\/06\/lovren-pxl-050718-21248190-20210615084825.jpg","datePublished":"2021-06-15T09:56:16+00:00","dateModified":"2021-06-15T09:56:17+00:00","breadcrumb":{"@id":"https:\/\/radioljubuski.ba\/index.php\/2021\/06\/15\/lovren-objasnio-zasto-je-vikao-na-suigrace-malo-sam-dignuo-ton\/#breadcrumb"},"inLanguage":"hr","potentialAction":[{"@type":"ReadAction","target":["https:\/\/radioljubuski.ba\/index.php\/2021\/06\/15\/lovren-objasnio-zasto-je-vikao-na-suigrace-malo-sam-dignuo-ton\/"]}]},{"@type":"ImageObject","inLanguage":"hr","@id":"https:\/\/radioljubuski.ba\/index.php\/2021\/06\/15\/lovren-objasnio-zasto-je-vikao-na-suigrace-malo-sam-dignuo-ton\/#primaryimage","url":"https:\/\/radioljubuski.ba\/wp-content\/uploads\/2021\/06\/lovren-pxl-050718-21248190-20210615084825.jpg","contentUrl":"https:\/\/radioljubuski.ba\/wp-content\/uploads\/2021\/06\/lovren-pxl-050718-21248190-20210615084825.jpg","width":1000,"height":568},{"@type":"BreadcrumbList","@id":"https:\/\/radioljubuski.ba\/index.php\/2021\/06\/15\/lovren-objasnio-zasto-je-vikao-na-suigrace-malo-sam-dignuo-ton\/#breadcrumb","itemListElement":[{"@type":"ListItem","position":1,"name":"Po\u010detna stranica","item":"https:\/\/radioljubuski.ba\/"},{"@type":"ListItem","position":2,"name":"Lovren objasnio za\u0161to je vikao na suigra\u010de: Malo sam dignuo ton"}]},{"@type":"WebSite","@id":"https:\/\/radioljubuski.ba\/#website","url":"https:\/\/radioljubuski.ba\/","name":"Radio Ljubu\u0161ki","description":"Sun\u010dana frekvencija Hercegovine","publisher":{"@id":"https:\/\/radioljubuski.ba\/#organization"},"potentialAction":[{"@type":"SearchAction","target":{"@type":"EntryPoint","urlTemplate":"https:\/\/radioljubuski.ba\/?s={search_term_string}"},"query-input":{"@type":"PropertyValueSpecification","valueRequired":true,"valueName":"search_term_string"}}],"inLanguage":"hr"},{"@type":"Organization","@id":"https:\/\/radioljubuski.ba\/#organization","name":"Radio Ljubu\u0161ki","url":"https:\/\/radioljubuski.ba\/","logo":{"@type":"ImageObject","inLanguage":"hr","@id":"https:\/\/radioljubuski.ba\/#\/schema\/logo\/image\/","url":"https:\/\/radioljubuski.ba\/wp-content\/uploads\/2021\/02\/cropped-Radio_Ljubuski_logo1.jpg","contentUrl":"https:\/\/radioljubuski.ba\/wp-content\/uploads\/2021\/02\/cropped-Radio_Ljubuski_logo1.jpg","width":512,"height":512,"caption":"Radio Ljubu\u0161ki"},"image":{"@id":"https:\/\/radioljubuski.ba\/#\/schema\/logo\/image\/"},"sameAs":["https:\/\/www.facebook.com\/Radiio-Ljubuski-1490835324566332","https:\/\/x.com\/radioljubuski","https:\/\/hr.linkedin.com\/company\/radio-ljubuski","https:\/\/www.youtube.com\/channel\/UCHYaeO_n0Db3tjNGudGpXyw"]},{"@type":"Person","@id":"https:\/\/radioljubuski.ba\/#\/schema\/person\/19fc700381a780f69665d7956c469e3b","name":"Radio Ljubu\u0161ki"}]}},"_links":{"self":[{"href":"https:\/\/radioljubuski.ba\/index.php\/wp-json\/wp\/v2\/posts\/32732","targetHints":{"allow":["GET"]}}],"collection":[{"href":"https:\/\/radioljubuski.ba\/index.php\/wp-json\/wp\/v2\/posts"}],"about":[{"href":"https:\/\/radioljubuski.ba\/index.php\/wp-json\/wp\/v2\/types\/post"}],"author":[{"embeddable":true,"href":"https:\/\/radioljubuski.ba\/index.php\/wp-json\/wp\/v2\/users\/2"}],"replies":[{"embeddable":true,"href":"https:\/\/radioljubuski.ba\/index.php\/wp-json\/wp\/v2\/comments?post=32732"}],"version-history":[{"count":1,"href":"https:\/\/radioljubuski.ba\/index.php\/wp-json\/wp\/v2\/posts\/32732\/revisions"}],"predecessor-version":[{"id":32734,"href":"https:\/\/radioljubuski.ba\/index.php\/wp-json\/wp\/v2\/posts\/32732\/revisions\/32734"}],"wp:featuredmedia":[{"embeddable":true,"href":"https:\/\/radioljubuski.ba\/index.php\/wp-json\/wp\/v2\/media\/32733"}],"wp:attachment":[{"href":"https:\/\/radioljubuski.ba\/index.php\/wp-json\/wp\/v2\/media?parent=32732"}],"wp:term":[{"taxonomy":"category","embeddable":true,"href":"https:\/\/radioljubuski.ba\/index.php\/wp-json\/wp\/v2\/categories?post=32732"},{"taxonomy":"post_tag","embeddable":true,"href":"https:\/\/radioljubuski.ba\/index.php\/wp-json\/wp\/v2\/tags?post=32732"}],"curies":[{"name":"wp","href":"https:\/\/api.w.org\/{rel}","templated":true}]}}