{"id":32741,"date":"2021-06-15T11:29:25","date_gmt":"2021-06-15T10:29:25","guid":{"rendered":"https:\/\/radioljubuski.ba\/?p=32741"},"modified":"2021-06-15T11:29:25","modified_gmt":"2021-06-15T10:29:25","slug":"premijerom-spota-nije-me-stra-hercegovacki-bend-terra-slaves-najavio-novi-album","status":"publish","type":"post","link":"https:\/\/radioljubuski.ba\/index.php\/2021\/06\/15\/premijerom-spota-nije-me-stra-hercegovacki-bend-terra-slaves-najavio-novi-album\/","title":{"rendered":"Premijerom spota \u201eNije me stra\u2019\u201c hercegova\u010dki bend Terra Slaves najavio novi album"},"content":{"rendered":"\n<p>Ovih dana javnosti je predstavljena nova autorska pjesma&nbsp;<em>Nije me stra\u2019<\/em>&nbsp;benda Terra Slaves, \u010diji su \u010dlanovi iz \u010capljine, \u010citluka i Ljubu\u0161kog. Premijerom pjesme i spota najavljen je album koji je zadnjih godina sniman u studiju \u201eJaz\u201c u Strugama kod \u010capljine. Osim pjesme \u201eNije me stra\u2019\u201c na albumu \u0107e se na\u0107i jo\u0161 sedam novih pjesama.<\/p>\n\n\n\n<p>Bend Terra Slaves idejno i kreativno postoji ve\u0107 dugi niz godina (aktivno od 2008.), a kroz svoju evoluciju je nekoliko puta mijenjao i pro\u0161irivao sastav. Danas je&nbsp;<em>Terra<\/em>&nbsp;u principu prerasla u projekt koji je nastao iz benda, djeluju\u0107i kroz razli\u010dite udruge, projekte i festivale u \u010capljini i Ljubu\u0161kom. Idejni nositelj pri\u010de je Mate Bevanda, gitarist i tekstopisac, a uz njega drugi najstariji \u010dlan je Jure Jurkovi\u0107.<\/p>\n\n\n\n<p>Najve\u0107a inspiracija i teme pjesama su folklor, kulturna ba\u0161tina, religioznost i priroda hercegova\u010dkog podneblja, odnosno Humske zemlje kako se izvorno naziva na\u0161 kraj. \u017danrovski rije\u010d je o spoju etno zvuka s metalom i rockom.<\/p>\n\n\n\n<p>Bend je u pro\u0161losti odr\u017eavao koncerte i imao zna\u010dajnih regionalnih nastupa na razli\u010ditim festivalima. Resi ih autenti\u010dnost i beskrompomisan stav. Neke od poznatih pjesama su:&nbsp;<em>Hercegovina, Dedo, Tebi sine Sr\u0111ane, Vila Imotska, \u010cija li je, Pitali mene momci,<\/em>&nbsp;i dr.<\/p>\n\n\n\n<p>Glazbu za pjesmu potpisuju svi \u010dlanovi benda. Tekst je napisao Mate Bevanda, producirao je i oblikovao Ivan Bukovac (studio\u00a0<em>Jaz<\/em>), video je producirao Igor Beno a pjevaju Mate Bevanda, Jure Jurkovi\u0107, Marija Bukovac i Ivan Bukovac. Snimatelj kadrova u videu je Perica Bi\u0161ko. Uskoro o\u010dekujemo novi album i materijal, a video koji je spoj spota i video uratka mo\u017eete pogledati na sljede\u0107em linku:<\/p>\n\n\n\n<iframe loading=\"lazy\" width=\"560\" height=\"315\" src=\"https:\/\/www.youtube.com\/embed\/agSuaqvsU5E\" title=\"YouTube video player\" frameborder=\"0\" allow=\"accelerometer; autoplay; clipboard-write; encrypted-media; gyroscope; picture-in-picture\" allowfullscreen><\/iframe>\n\n\n\n<p><strong>Izvor: Ljportal.com<\/strong><\/p>\n","protected":false},"excerpt":{"rendered":"<p>Ovih dana javnosti je predstavljena nova autorska pjesma&nbsp;Nije me stra\u2019&nbsp;benda Terra Slaves, \u010diji su \u010dlanovi iz \u010capljine, \u010citluka i Ljubu\u0161kog. Premijerom pjesme i spota najavljen je album koji je zadnjih godina sniman u studiju \u201eJaz\u201c u Strugama kod \u010capljine. Osim pjesme \u201eNije me stra\u2019\u201c na albumu \u0107e se na\u0107i jo\u0161 sedam novih pjesama. Bend Terra [&hellip;]<\/p>\n","protected":false},"author":2,"featured_media":32742,"comment_status":"closed","ping_status":"closed","sticky":false,"template":"","format":"standard","meta":{"h5ap_radio_sources":[],"footnotes":""},"categories":[1],"tags":[],"class_list":["post-32741","post","type-post","status-publish","format-standard","has-post-thumbnail","hentry","category-bihiregija"],"yoast_head":"<!-- This site is optimized with the Yoast SEO plugin v27.5 - https:\/\/yoast.com\/product\/yoast-seo-wordpress\/ -->\n<title>Premijerom spota \u201eNije me stra\u2019\u201c hercegova\u010dki bend Terra Slaves najavio novi album - RADIO LJUBU\u0160KI<\/title>\n<meta name=\"robots\" content=\"index, follow, max-snippet:-1, max-image-preview:large, max-video-preview:-1\" \/>\n<link rel=\"canonical\" href=\"https:\/\/radioljubuski.ba\/index.php\/2021\/06\/15\/premijerom-spota-nije-me-stra-hercegovacki-bend-terra-slaves-najavio-novi-album\/\" \/>\n<meta property=\"og:locale\" content=\"hr_HR\" \/>\n<meta property=\"og:type\" content=\"article\" \/>\n<meta property=\"og:title\" content=\"Premijerom spota \u201eNije me stra\u2019\u201c hercegova\u010dki bend Terra Slaves najavio novi album - RADIO LJUBU\u0160KI\" \/>\n<meta property=\"og:description\" content=\"Ovih dana javnosti je predstavljena nova autorska pjesma&nbsp;Nije me stra\u2019&nbsp;benda Terra Slaves, \u010diji su \u010dlanovi iz \u010capljine, \u010citluka i Ljubu\u0161kog. Premijerom pjesme i spota najavljen je album koji je zadnjih godina sniman u studiju \u201eJaz\u201c u Strugama kod \u010capljine. Osim pjesme \u201eNije me stra\u2019\u201c na albumu \u0107e se na\u0107i jo\u0161 sedam novih pjesama. Bend Terra [&hellip;]\" \/>\n<meta property=\"og:url\" content=\"https:\/\/radioljubuski.ba\/index.php\/2021\/06\/15\/premijerom-spota-nije-me-stra-hercegovacki-bend-terra-slaves-najavio-novi-album\/\" \/>\n<meta property=\"og:site_name\" content=\"RADIO LJUBU\u0160KI\" \/>\n<meta property=\"article:publisher\" content=\"https:\/\/www.facebook.com\/Radiio-Ljubuski-1490835324566332\" \/>\n<meta property=\"article:published_time\" content=\"2021-06-15T10:29:25+00:00\" \/>\n<meta property=\"og:image\" content=\"https:\/\/radioljubuski.ba\/wp-content\/uploads\/2021\/06\/terra-slaves.jpg\" \/>\n\t<meta property=\"og:image:width\" content=\"600\" \/>\n\t<meta property=\"og:image:height\" content=\"400\" \/>\n\t<meta property=\"og:image:type\" content=\"image\/jpeg\" \/>\n<meta name=\"author\" content=\"Radio Ljubu\u0161ki\" \/>\n<meta name=\"twitter:card\" content=\"summary_large_image\" \/>\n<meta name=\"twitter:creator\" content=\"@radioljubuski\" \/>\n<meta name=\"twitter:site\" content=\"@radioljubuski\" \/>\n<meta name=\"twitter:label1\" content=\"Napisao\/la\" \/>\n\t<meta name=\"twitter:data1\" content=\"Radio Ljubu\u0161ki\" \/>\n\t<meta name=\"twitter:label2\" content=\"Procijenjeno vrijeme \u010ditanja\" \/>\n\t<meta name=\"twitter:data2\" content=\"2 minute\" \/>\n<script type=\"application\/ld+json\" class=\"yoast-schema-graph\">{\"@context\":\"https:\\\/\\\/schema.org\",\"@graph\":[{\"@type\":\"Article\",\"@id\":\"https:\\\/\\\/radioljubuski.ba\\\/index.php\\\/2021\\\/06\\\/15\\\/premijerom-spota-nije-me-stra-hercegovacki-bend-terra-slaves-najavio-novi-album\\\/#article\",\"isPartOf\":{\"@id\":\"https:\\\/\\\/radioljubuski.ba\\\/index.php\\\/2021\\\/06\\\/15\\\/premijerom-spota-nije-me-stra-hercegovacki-bend-terra-slaves-najavio-novi-album\\\/\"},\"author\":{\"name\":\"Radio Ljubu\u0161ki\",\"@id\":\"https:\\\/\\\/radioljubuski.ba\\\/#\\\/schema\\\/person\\\/19fc700381a780f69665d7956c469e3b\"},\"headline\":\"Premijerom spota \u201eNije me stra\u2019\u201c hercegova\u010dki bend Terra Slaves najavio novi album\",\"datePublished\":\"2021-06-15T10:29:25+00:00\",\"mainEntityOfPage\":{\"@id\":\"https:\\\/\\\/radioljubuski.ba\\\/index.php\\\/2021\\\/06\\\/15\\\/premijerom-spota-nije-me-stra-hercegovacki-bend-terra-slaves-najavio-novi-album\\\/\"},\"wordCount\":300,\"publisher\":{\"@id\":\"https:\\\/\\\/radioljubuski.ba\\\/#organization\"},\"image\":{\"@id\":\"https:\\\/\\\/radioljubuski.ba\\\/index.php\\\/2021\\\/06\\\/15\\\/premijerom-spota-nije-me-stra-hercegovacki-bend-terra-slaves-najavio-novi-album\\\/#primaryimage\"},\"thumbnailUrl\":\"https:\\\/\\\/radioljubuski.ba\\\/wp-content\\\/uploads\\\/2021\\\/06\\\/terra-slaves.jpg\",\"articleSection\":[\"BIH i regija\"],\"inLanguage\":\"hr\"},{\"@type\":\"WebPage\",\"@id\":\"https:\\\/\\\/radioljubuski.ba\\\/index.php\\\/2021\\\/06\\\/15\\\/premijerom-spota-nije-me-stra-hercegovacki-bend-terra-slaves-najavio-novi-album\\\/\",\"url\":\"https:\\\/\\\/radioljubuski.ba\\\/index.php\\\/2021\\\/06\\\/15\\\/premijerom-spota-nije-me-stra-hercegovacki-bend-terra-slaves-najavio-novi-album\\\/\",\"name\":\"Premijerom spota \u201eNije me stra\u2019\u201c hercegova\u010dki bend Terra Slaves najavio novi album - RADIO LJUBU\u0160KI\",\"isPartOf\":{\"@id\":\"https:\\\/\\\/radioljubuski.ba\\\/#website\"},\"primaryImageOfPage\":{\"@id\":\"https:\\\/\\\/radioljubuski.ba\\\/index.php\\\/2021\\\/06\\\/15\\\/premijerom-spota-nije-me-stra-hercegovacki-bend-terra-slaves-najavio-novi-album\\\/#primaryimage\"},\"image\":{\"@id\":\"https:\\\/\\\/radioljubuski.ba\\\/index.php\\\/2021\\\/06\\\/15\\\/premijerom-spota-nije-me-stra-hercegovacki-bend-terra-slaves-najavio-novi-album\\\/#primaryimage\"},\"thumbnailUrl\":\"https:\\\/\\\/radioljubuski.ba\\\/wp-content\\\/uploads\\\/2021\\\/06\\\/terra-slaves.jpg\",\"datePublished\":\"2021-06-15T10:29:25+00:00\",\"breadcrumb\":{\"@id\":\"https:\\\/\\\/radioljubuski.ba\\\/index.php\\\/2021\\\/06\\\/15\\\/premijerom-spota-nije-me-stra-hercegovacki-bend-terra-slaves-najavio-novi-album\\\/#breadcrumb\"},\"inLanguage\":\"hr\",\"potentialAction\":[{\"@type\":\"ReadAction\",\"target\":[\"https:\\\/\\\/radioljubuski.ba\\\/index.php\\\/2021\\\/06\\\/15\\\/premijerom-spota-nije-me-stra-hercegovacki-bend-terra-slaves-najavio-novi-album\\\/\"]}]},{\"@type\":\"ImageObject\",\"inLanguage\":\"hr\",\"@id\":\"https:\\\/\\\/radioljubuski.ba\\\/index.php\\\/2021\\\/06\\\/15\\\/premijerom-spota-nije-me-stra-hercegovacki-bend-terra-slaves-najavio-novi-album\\\/#primaryimage\",\"url\":\"https:\\\/\\\/radioljubuski.ba\\\/wp-content\\\/uploads\\\/2021\\\/06\\\/terra-slaves.jpg\",\"contentUrl\":\"https:\\\/\\\/radioljubuski.ba\\\/wp-content\\\/uploads\\\/2021\\\/06\\\/terra-slaves.jpg\",\"width\":600,\"height\":400},{\"@type\":\"BreadcrumbList\",\"@id\":\"https:\\\/\\\/radioljubuski.ba\\\/index.php\\\/2021\\\/06\\\/15\\\/premijerom-spota-nije-me-stra-hercegovacki-bend-terra-slaves-najavio-novi-album\\\/#breadcrumb\",\"itemListElement\":[{\"@type\":\"ListItem\",\"position\":1,\"name\":\"Po\u010detna stranica\",\"item\":\"https:\\\/\\\/radioljubuski.ba\\\/\"},{\"@type\":\"ListItem\",\"position\":2,\"name\":\"Premijerom spota \u201eNije me stra\u2019\u201c hercegova\u010dki bend Terra Slaves najavio novi album\"}]},{\"@type\":\"WebSite\",\"@id\":\"https:\\\/\\\/radioljubuski.ba\\\/#website\",\"url\":\"https:\\\/\\\/radioljubuski.ba\\\/\",\"name\":\"Radio Ljubu\u0161ki\",\"description\":\"Sun\u010dana frekvencija Hercegovine\",\"publisher\":{\"@id\":\"https:\\\/\\\/radioljubuski.ba\\\/#organization\"},\"potentialAction\":[{\"@type\":\"SearchAction\",\"target\":{\"@type\":\"EntryPoint\",\"urlTemplate\":\"https:\\\/\\\/radioljubuski.ba\\\/?s={search_term_string}\"},\"query-input\":{\"@type\":\"PropertyValueSpecification\",\"valueRequired\":true,\"valueName\":\"search_term_string\"}}],\"inLanguage\":\"hr\"},{\"@type\":\"Organization\",\"@id\":\"https:\\\/\\\/radioljubuski.ba\\\/#organization\",\"name\":\"Radio Ljubu\u0161ki\",\"url\":\"https:\\\/\\\/radioljubuski.ba\\\/\",\"logo\":{\"@type\":\"ImageObject\",\"inLanguage\":\"hr\",\"@id\":\"https:\\\/\\\/radioljubuski.ba\\\/#\\\/schema\\\/logo\\\/image\\\/\",\"url\":\"https:\\\/\\\/radioljubuski.ba\\\/wp-content\\\/uploads\\\/2021\\\/02\\\/cropped-Radio_Ljubuski_logo1.jpg\",\"contentUrl\":\"https:\\\/\\\/radioljubuski.ba\\\/wp-content\\\/uploads\\\/2021\\\/02\\\/cropped-Radio_Ljubuski_logo1.jpg\",\"width\":512,\"height\":512,\"caption\":\"Radio Ljubu\u0161ki\"},\"image\":{\"@id\":\"https:\\\/\\\/radioljubuski.ba\\\/#\\\/schema\\\/logo\\\/image\\\/\"},\"sameAs\":[\"https:\\\/\\\/www.facebook.com\\\/Radiio-Ljubuski-1490835324566332\",\"https:\\\/\\\/x.com\\\/radioljubuski\",\"https:\\\/\\\/hr.linkedin.com\\\/company\\\/radio-ljubuski\",\"https:\\\/\\\/www.youtube.com\\\/channel\\\/UCHYaeO_n0Db3tjNGudGpXyw\"]},{\"@type\":\"Person\",\"@id\":\"https:\\\/\\\/radioljubuski.ba\\\/#\\\/schema\\\/person\\\/19fc700381a780f69665d7956c469e3b\",\"name\":\"Radio Ljubu\u0161ki\"}]}<\/script>\n<!-- \/ Yoast SEO plugin. -->","yoast_head_json":{"title":"Premijerom spota \u201eNije me stra\u2019\u201c hercegova\u010dki bend Terra Slaves najavio novi album - RADIO LJUBU\u0160KI","robots":{"index":"index","follow":"follow","max-snippet":"max-snippet:-1","max-image-preview":"max-image-preview:large","max-video-preview":"max-video-preview:-1"},"canonical":"https:\/\/radioljubuski.ba\/index.php\/2021\/06\/15\/premijerom-spota-nije-me-stra-hercegovacki-bend-terra-slaves-najavio-novi-album\/","og_locale":"hr_HR","og_type":"article","og_title":"Premijerom spota \u201eNije me stra\u2019\u201c hercegova\u010dki bend Terra Slaves najavio novi album - RADIO LJUBU\u0160KI","og_description":"Ovih dana javnosti je predstavljena nova autorska pjesma&nbsp;Nije me stra\u2019&nbsp;benda Terra Slaves, \u010diji su \u010dlanovi iz \u010capljine, \u010citluka i Ljubu\u0161kog. Premijerom pjesme i spota najavljen je album koji je zadnjih godina sniman u studiju \u201eJaz\u201c u Strugama kod \u010capljine. Osim pjesme \u201eNije me stra\u2019\u201c na albumu \u0107e se na\u0107i jo\u0161 sedam novih pjesama. Bend Terra [&hellip;]","og_url":"https:\/\/radioljubuski.ba\/index.php\/2021\/06\/15\/premijerom-spota-nije-me-stra-hercegovacki-bend-terra-slaves-najavio-novi-album\/","og_site_name":"RADIO LJUBU\u0160KI","article_publisher":"https:\/\/www.facebook.com\/Radiio-Ljubuski-1490835324566332","article_published_time":"2021-06-15T10:29:25+00:00","og_image":[{"width":600,"height":400,"url":"https:\/\/radioljubuski.ba\/wp-content\/uploads\/2021\/06\/terra-slaves.jpg","type":"image\/jpeg"}],"author":"Radio Ljubu\u0161ki","twitter_card":"summary_large_image","twitter_creator":"@radioljubuski","twitter_site":"@radioljubuski","twitter_misc":{"Napisao\/la":"Radio Ljubu\u0161ki","Procijenjeno vrijeme \u010ditanja":"2 minute"},"schema":{"@context":"https:\/\/schema.org","@graph":[{"@type":"Article","@id":"https:\/\/radioljubuski.ba\/index.php\/2021\/06\/15\/premijerom-spota-nije-me-stra-hercegovacki-bend-terra-slaves-najavio-novi-album\/#article","isPartOf":{"@id":"https:\/\/radioljubuski.ba\/index.php\/2021\/06\/15\/premijerom-spota-nije-me-stra-hercegovacki-bend-terra-slaves-najavio-novi-album\/"},"author":{"name":"Radio Ljubu\u0161ki","@id":"https:\/\/radioljubuski.ba\/#\/schema\/person\/19fc700381a780f69665d7956c469e3b"},"headline":"Premijerom spota \u201eNije me stra\u2019\u201c hercegova\u010dki bend Terra Slaves najavio novi album","datePublished":"2021-06-15T10:29:25+00:00","mainEntityOfPage":{"@id":"https:\/\/radioljubuski.ba\/index.php\/2021\/06\/15\/premijerom-spota-nije-me-stra-hercegovacki-bend-terra-slaves-najavio-novi-album\/"},"wordCount":300,"publisher":{"@id":"https:\/\/radioljubuski.ba\/#organization"},"image":{"@id":"https:\/\/radioljubuski.ba\/index.php\/2021\/06\/15\/premijerom-spota-nije-me-stra-hercegovacki-bend-terra-slaves-najavio-novi-album\/#primaryimage"},"thumbnailUrl":"https:\/\/radioljubuski.ba\/wp-content\/uploads\/2021\/06\/terra-slaves.jpg","articleSection":["BIH i regija"],"inLanguage":"hr"},{"@type":"WebPage","@id":"https:\/\/radioljubuski.ba\/index.php\/2021\/06\/15\/premijerom-spota-nije-me-stra-hercegovacki-bend-terra-slaves-najavio-novi-album\/","url":"https:\/\/radioljubuski.ba\/index.php\/2021\/06\/15\/premijerom-spota-nije-me-stra-hercegovacki-bend-terra-slaves-najavio-novi-album\/","name":"Premijerom spota \u201eNije me stra\u2019\u201c hercegova\u010dki bend Terra Slaves najavio novi album - RADIO LJUBU\u0160KI","isPartOf":{"@id":"https:\/\/radioljubuski.ba\/#website"},"primaryImageOfPage":{"@id":"https:\/\/radioljubuski.ba\/index.php\/2021\/06\/15\/premijerom-spota-nije-me-stra-hercegovacki-bend-terra-slaves-najavio-novi-album\/#primaryimage"},"image":{"@id":"https:\/\/radioljubuski.ba\/index.php\/2021\/06\/15\/premijerom-spota-nije-me-stra-hercegovacki-bend-terra-slaves-najavio-novi-album\/#primaryimage"},"thumbnailUrl":"https:\/\/radioljubuski.ba\/wp-content\/uploads\/2021\/06\/terra-slaves.jpg","datePublished":"2021-06-15T10:29:25+00:00","breadcrumb":{"@id":"https:\/\/radioljubuski.ba\/index.php\/2021\/06\/15\/premijerom-spota-nije-me-stra-hercegovacki-bend-terra-slaves-najavio-novi-album\/#breadcrumb"},"inLanguage":"hr","potentialAction":[{"@type":"ReadAction","target":["https:\/\/radioljubuski.ba\/index.php\/2021\/06\/15\/premijerom-spota-nije-me-stra-hercegovacki-bend-terra-slaves-najavio-novi-album\/"]}]},{"@type":"ImageObject","inLanguage":"hr","@id":"https:\/\/radioljubuski.ba\/index.php\/2021\/06\/15\/premijerom-spota-nije-me-stra-hercegovacki-bend-terra-slaves-najavio-novi-album\/#primaryimage","url":"https:\/\/radioljubuski.ba\/wp-content\/uploads\/2021\/06\/terra-slaves.jpg","contentUrl":"https:\/\/radioljubuski.ba\/wp-content\/uploads\/2021\/06\/terra-slaves.jpg","width":600,"height":400},{"@type":"BreadcrumbList","@id":"https:\/\/radioljubuski.ba\/index.php\/2021\/06\/15\/premijerom-spota-nije-me-stra-hercegovacki-bend-terra-slaves-najavio-novi-album\/#breadcrumb","itemListElement":[{"@type":"ListItem","position":1,"name":"Po\u010detna stranica","item":"https:\/\/radioljubuski.ba\/"},{"@type":"ListItem","position":2,"name":"Premijerom spota \u201eNije me stra\u2019\u201c hercegova\u010dki bend Terra Slaves najavio novi album"}]},{"@type":"WebSite","@id":"https:\/\/radioljubuski.ba\/#website","url":"https:\/\/radioljubuski.ba\/","name":"Radio Ljubu\u0161ki","description":"Sun\u010dana frekvencija Hercegovine","publisher":{"@id":"https:\/\/radioljubuski.ba\/#organization"},"potentialAction":[{"@type":"SearchAction","target":{"@type":"EntryPoint","urlTemplate":"https:\/\/radioljubuski.ba\/?s={search_term_string}"},"query-input":{"@type":"PropertyValueSpecification","valueRequired":true,"valueName":"search_term_string"}}],"inLanguage":"hr"},{"@type":"Organization","@id":"https:\/\/radioljubuski.ba\/#organization","name":"Radio Ljubu\u0161ki","url":"https:\/\/radioljubuski.ba\/","logo":{"@type":"ImageObject","inLanguage":"hr","@id":"https:\/\/radioljubuski.ba\/#\/schema\/logo\/image\/","url":"https:\/\/radioljubuski.ba\/wp-content\/uploads\/2021\/02\/cropped-Radio_Ljubuski_logo1.jpg","contentUrl":"https:\/\/radioljubuski.ba\/wp-content\/uploads\/2021\/02\/cropped-Radio_Ljubuski_logo1.jpg","width":512,"height":512,"caption":"Radio Ljubu\u0161ki"},"image":{"@id":"https:\/\/radioljubuski.ba\/#\/schema\/logo\/image\/"},"sameAs":["https:\/\/www.facebook.com\/Radiio-Ljubuski-1490835324566332","https:\/\/x.com\/radioljubuski","https:\/\/hr.linkedin.com\/company\/radio-ljubuski","https:\/\/www.youtube.com\/channel\/UCHYaeO_n0Db3tjNGudGpXyw"]},{"@type":"Person","@id":"https:\/\/radioljubuski.ba\/#\/schema\/person\/19fc700381a780f69665d7956c469e3b","name":"Radio Ljubu\u0161ki"}]}},"_links":{"self":[{"href":"https:\/\/radioljubuski.ba\/index.php\/wp-json\/wp\/v2\/posts\/32741","targetHints":{"allow":["GET"]}}],"collection":[{"href":"https:\/\/radioljubuski.ba\/index.php\/wp-json\/wp\/v2\/posts"}],"about":[{"href":"https:\/\/radioljubuski.ba\/index.php\/wp-json\/wp\/v2\/types\/post"}],"author":[{"embeddable":true,"href":"https:\/\/radioljubuski.ba\/index.php\/wp-json\/wp\/v2\/users\/2"}],"replies":[{"embeddable":true,"href":"https:\/\/radioljubuski.ba\/index.php\/wp-json\/wp\/v2\/comments?post=32741"}],"version-history":[{"count":1,"href":"https:\/\/radioljubuski.ba\/index.php\/wp-json\/wp\/v2\/posts\/32741\/revisions"}],"predecessor-version":[{"id":32743,"href":"https:\/\/radioljubuski.ba\/index.php\/wp-json\/wp\/v2\/posts\/32741\/revisions\/32743"}],"wp:featuredmedia":[{"embeddable":true,"href":"https:\/\/radioljubuski.ba\/index.php\/wp-json\/wp\/v2\/media\/32742"}],"wp:attachment":[{"href":"https:\/\/radioljubuski.ba\/index.php\/wp-json\/wp\/v2\/media?parent=32741"}],"wp:term":[{"taxonomy":"category","embeddable":true,"href":"https:\/\/radioljubuski.ba\/index.php\/wp-json\/wp\/v2\/categories?post=32741"},{"taxonomy":"post_tag","embeddable":true,"href":"https:\/\/radioljubuski.ba\/index.php\/wp-json\/wp\/v2\/tags?post=32741"}],"curies":[{"name":"wp","href":"https:\/\/api.w.org\/{rel}","templated":true}]}}