{"id":32754,"date":"2021-06-15T11:57:16","date_gmt":"2021-06-15T10:57:16","guid":{"rendered":"https:\/\/radioljubuski.ba\/?p=32754"},"modified":"2021-06-15T11:57:17","modified_gmt":"2021-06-15T10:57:17","slug":"stanovnici-bih-napokon-mogu-kupovati-i-prodavati-na-amazonu","status":"publish","type":"post","link":"https:\/\/radioljubuski.ba\/index.php\/2021\/06\/15\/stanovnici-bih-napokon-mogu-kupovati-i-prodavati-na-amazonu\/","title":{"rendered":"Stanovnici BiH napokon mogu kupovati i prodavati na Amazonu"},"content":{"rendered":"\n<h5 class=\"wp-block-heading\">Nakon 26 godina postojanja Amazon je uvrstio BiH na svoj popis zemalja \u010dime je omogu\u0107ena prodaja, ali i kupovina preko ove najve\u0107e online trgovine na svijetu.<\/h5>\n\n\n\n<p>Profesorica Ekonomskog fakulteta u Sarajevu&nbsp;<strong>Azra Zaimovi\u0107<\/strong>&nbsp;je podijelila informaciju da je za poduzetnike u Bosni i Hercegovini&nbsp;<strong>omogu\u0107ena prodaja na Amazonu<\/strong>. Naime, tvrtka Amazon je prije dva tjedna revidirala popis dozvoljenih zemalja za registraciju prodava\u010da i sada se na toj listi nalazi i BiH.<\/p>\n\n\n\n<p>U\u00a0<strong>najve\u0107oj online trgovini na svijetu<\/strong>\u00a0sada se me\u0111u<strong>\u00a0188 zemalja<\/strong>\u00a0nalazi i Bosna i Hercegovina nakon \u0161to je Amazon dodao 85 novih zemalja.<\/p>\n\n\n\n<p>Jedini na\u010din da prodava\u010di iz BiH prodaju svoje proizvode na Amazonu bio je taj da<strong>&nbsp;osnuju poduze\u0107e<\/strong>&nbsp;i u nekoj od zemalja iz koje je prodaja dozvoljena. To je svima stvaralo dodatne tro\u0161kove i zna\u010dajno ote\u017eavalo pristup tr\u017ei\u0161tu, pi\u0161e Klix.ba.<\/p>\n\n\n\n<p>Amazon je u\u010dinio dostupnim kona\u010dno i&nbsp;<strong>kupovinu ve\u0107ine proizvoda kupcima iz BiH<\/strong>, jer je do sada bilo mogu\u0107e kupovati samo odre\u0111ene proizvode poput knjiga i CD\/DVD-ova, a od sada su dostupni i tehnika, igra\u010dke, odje\u0107a, pa \u010dak i hrana.<\/p>\n\n\n\n<figure class=\"wp-block-image\"><img decoding=\"async\" src=\"https:\/\/www.jabuka.tv\/wp-content\/uploads\/2021\/06\/amazonpopis.jpg\" alt=\"\" class=\"wp-image-479554\"\/><\/figure>\n\n\n\n<p>Naravno, dostava u BiH iz SAD-a s Amazon.com je&nbsp;<strong>dosta skuplja<\/strong>, nego iz Europe s npr. Amazon.de.<\/p>\n\n\n\n<p>Amazon je ameri\u010dka tvrtka s sjedi\u0161tem u&nbsp;<strong>Seattleu<\/strong>. Osnovao je&nbsp;<strong>Jeff Bezos<\/strong>&nbsp;1994. godine, a pokrenuta je 1995. godine i jedna je od prvih velikih kompanija koja se bavi prodajom raznih proizvoda putem interneta.<\/p>\n\n\n\n<p>Osim u Sjedinjenim Ameri\u010dkim Dr\u017eavama, Amazon ima svoje web stranice i u Kanadi, Velikoj Britaniji, Njema\u010dkoj, Austriji, Francuskoj, Kini i Japanu.<\/p>\n\n\n\n<p>Godi\u0161nji prihod ove tvrtke je oko<strong>&nbsp;14,7 milijardi ameri\u010dkih dolara<\/strong>, a njezina neto dobit je ne\u0161to manja od&nbsp;<strong>pola milijarde dolara<\/strong>. Amazon je godinama u samom vrhu najve\u0107ih kompanija na svijetu, a poseban skok imali su tijekom pandemije koronavirusa kada je porasla online kupovina zbog \u010dega su najavili zapo\u0161ljavanje desetina tisu\u0107a novih radnika u Americi.<\/p>\n\n\n\n<p><strong>Izvor: Jabuka.tv<\/strong><\/p>\n","protected":false},"excerpt":{"rendered":"<p>Nakon 26 godina postojanja Amazon je uvrstio BiH na svoj popis zemalja \u010dime je omogu\u0107ena prodaja, ali i kupovina preko ove najve\u0107e online trgovine na svijetu. Profesorica Ekonomskog fakulteta u Sarajevu&nbsp;Azra Zaimovi\u0107&nbsp;je podijelila informaciju da je za poduzetnike u Bosni i Hercegovini&nbsp;omogu\u0107ena prodaja na Amazonu. Naime, tvrtka Amazon je prije dva tjedna revidirala popis dozvoljenih [&hellip;]<\/p>\n","protected":false},"author":2,"featured_media":32755,"comment_status":"closed","ping_status":"closed","sticky":false,"template":"","format":"standard","meta":{"h5ap_radio_sources":[],"footnotes":""},"categories":[1],"tags":[],"class_list":["post-32754","post","type-post","status-publish","format-standard","has-post-thumbnail","hentry","category-bihiregija"],"yoast_head":"<!-- This site is optimized with the Yoast SEO plugin v27.5 - https:\/\/yoast.com\/product\/yoast-seo-wordpress\/ -->\n<title>Stanovnici BiH napokon mogu kupovati i prodavati na Amazonu - RADIO LJUBU\u0160KI<\/title>\n<meta name=\"robots\" content=\"index, follow, max-snippet:-1, max-image-preview:large, max-video-preview:-1\" \/>\n<link rel=\"canonical\" href=\"https:\/\/radioljubuski.ba\/index.php\/2021\/06\/15\/stanovnici-bih-napokon-mogu-kupovati-i-prodavati-na-amazonu\/\" \/>\n<meta property=\"og:locale\" content=\"hr_HR\" \/>\n<meta property=\"og:type\" content=\"article\" \/>\n<meta property=\"og:title\" content=\"Stanovnici BiH napokon mogu kupovati i prodavati na Amazonu - RADIO LJUBU\u0160KI\" \/>\n<meta property=\"og:description\" content=\"Nakon 26 godina postojanja Amazon je uvrstio BiH na svoj popis zemalja \u010dime je omogu\u0107ena prodaja, ali i kupovina preko ove najve\u0107e online trgovine na svijetu. Profesorica Ekonomskog fakulteta u Sarajevu&nbsp;Azra Zaimovi\u0107&nbsp;je podijelila informaciju da je za poduzetnike u Bosni i Hercegovini&nbsp;omogu\u0107ena prodaja na Amazonu. Naime, tvrtka Amazon je prije dva tjedna revidirala popis dozvoljenih [&hellip;]\" \/>\n<meta property=\"og:url\" content=\"https:\/\/radioljubuski.ba\/index.php\/2021\/06\/15\/stanovnici-bih-napokon-mogu-kupovati-i-prodavati-na-amazonu\/\" \/>\n<meta property=\"og:site_name\" content=\"RADIO LJUBU\u0160KI\" \/>\n<meta property=\"article:publisher\" content=\"https:\/\/www.facebook.com\/Radiio-Ljubuski-1490835324566332\" \/>\n<meta property=\"article:published_time\" content=\"2021-06-15T10:57:16+00:00\" \/>\n<meta property=\"article:modified_time\" content=\"2021-06-15T10:57:17+00:00\" \/>\n<meta property=\"og:image\" content=\"https:\/\/radioljubuski.ba\/wp-content\/uploads\/2021\/06\/amazon.jpg\" \/>\n\t<meta property=\"og:image:width\" content=\"810\" \/>\n\t<meta property=\"og:image:height\" content=\"540\" \/>\n\t<meta property=\"og:image:type\" content=\"image\/jpeg\" \/>\n<meta name=\"author\" content=\"Radio Ljubu\u0161ki\" \/>\n<meta name=\"twitter:card\" content=\"summary_large_image\" \/>\n<meta name=\"twitter:creator\" content=\"@radioljubuski\" \/>\n<meta name=\"twitter:site\" content=\"@radioljubuski\" \/>\n<meta name=\"twitter:label1\" content=\"Napisao\/la\" \/>\n\t<meta name=\"twitter:data1\" content=\"Radio Ljubu\u0161ki\" \/>\n\t<meta name=\"twitter:label2\" content=\"Procijenjeno vrijeme \u010ditanja\" \/>\n\t<meta name=\"twitter:data2\" content=\"2 minute\" \/>\n<script type=\"application\/ld+json\" class=\"yoast-schema-graph\">{\"@context\":\"https:\\\/\\\/schema.org\",\"@graph\":[{\"@type\":\"Article\",\"@id\":\"https:\\\/\\\/radioljubuski.ba\\\/index.php\\\/2021\\\/06\\\/15\\\/stanovnici-bih-napokon-mogu-kupovati-i-prodavati-na-amazonu\\\/#article\",\"isPartOf\":{\"@id\":\"https:\\\/\\\/radioljubuski.ba\\\/index.php\\\/2021\\\/06\\\/15\\\/stanovnici-bih-napokon-mogu-kupovati-i-prodavati-na-amazonu\\\/\"},\"author\":{\"name\":\"Radio Ljubu\u0161ki\",\"@id\":\"https:\\\/\\\/radioljubuski.ba\\\/#\\\/schema\\\/person\\\/19fc700381a780f69665d7956c469e3b\"},\"headline\":\"Stanovnici BiH napokon mogu kupovati i prodavati na Amazonu\",\"datePublished\":\"2021-06-15T10:57:16+00:00\",\"dateModified\":\"2021-06-15T10:57:17+00:00\",\"mainEntityOfPage\":{\"@id\":\"https:\\\/\\\/radioljubuski.ba\\\/index.php\\\/2021\\\/06\\\/15\\\/stanovnici-bih-napokon-mogu-kupovati-i-prodavati-na-amazonu\\\/\"},\"wordCount\":356,\"publisher\":{\"@id\":\"https:\\\/\\\/radioljubuski.ba\\\/#organization\"},\"image\":{\"@id\":\"https:\\\/\\\/radioljubuski.ba\\\/index.php\\\/2021\\\/06\\\/15\\\/stanovnici-bih-napokon-mogu-kupovati-i-prodavati-na-amazonu\\\/#primaryimage\"},\"thumbnailUrl\":\"https:\\\/\\\/radioljubuski.ba\\\/wp-content\\\/uploads\\\/2021\\\/06\\\/amazon.jpg\",\"articleSection\":[\"BIH i regija\"],\"inLanguage\":\"hr\"},{\"@type\":\"WebPage\",\"@id\":\"https:\\\/\\\/radioljubuski.ba\\\/index.php\\\/2021\\\/06\\\/15\\\/stanovnici-bih-napokon-mogu-kupovati-i-prodavati-na-amazonu\\\/\",\"url\":\"https:\\\/\\\/radioljubuski.ba\\\/index.php\\\/2021\\\/06\\\/15\\\/stanovnici-bih-napokon-mogu-kupovati-i-prodavati-na-amazonu\\\/\",\"name\":\"Stanovnici BiH napokon mogu kupovati i prodavati na Amazonu - RADIO LJUBU\u0160KI\",\"isPartOf\":{\"@id\":\"https:\\\/\\\/radioljubuski.ba\\\/#website\"},\"primaryImageOfPage\":{\"@id\":\"https:\\\/\\\/radioljubuski.ba\\\/index.php\\\/2021\\\/06\\\/15\\\/stanovnici-bih-napokon-mogu-kupovati-i-prodavati-na-amazonu\\\/#primaryimage\"},\"image\":{\"@id\":\"https:\\\/\\\/radioljubuski.ba\\\/index.php\\\/2021\\\/06\\\/15\\\/stanovnici-bih-napokon-mogu-kupovati-i-prodavati-na-amazonu\\\/#primaryimage\"},\"thumbnailUrl\":\"https:\\\/\\\/radioljubuski.ba\\\/wp-content\\\/uploads\\\/2021\\\/06\\\/amazon.jpg\",\"datePublished\":\"2021-06-15T10:57:16+00:00\",\"dateModified\":\"2021-06-15T10:57:17+00:00\",\"breadcrumb\":{\"@id\":\"https:\\\/\\\/radioljubuski.ba\\\/index.php\\\/2021\\\/06\\\/15\\\/stanovnici-bih-napokon-mogu-kupovati-i-prodavati-na-amazonu\\\/#breadcrumb\"},\"inLanguage\":\"hr\",\"potentialAction\":[{\"@type\":\"ReadAction\",\"target\":[\"https:\\\/\\\/radioljubuski.ba\\\/index.php\\\/2021\\\/06\\\/15\\\/stanovnici-bih-napokon-mogu-kupovati-i-prodavati-na-amazonu\\\/\"]}]},{\"@type\":\"ImageObject\",\"inLanguage\":\"hr\",\"@id\":\"https:\\\/\\\/radioljubuski.ba\\\/index.php\\\/2021\\\/06\\\/15\\\/stanovnici-bih-napokon-mogu-kupovati-i-prodavati-na-amazonu\\\/#primaryimage\",\"url\":\"https:\\\/\\\/radioljubuski.ba\\\/wp-content\\\/uploads\\\/2021\\\/06\\\/amazon.jpg\",\"contentUrl\":\"https:\\\/\\\/radioljubuski.ba\\\/wp-content\\\/uploads\\\/2021\\\/06\\\/amazon.jpg\",\"width\":810,\"height\":540},{\"@type\":\"BreadcrumbList\",\"@id\":\"https:\\\/\\\/radioljubuski.ba\\\/index.php\\\/2021\\\/06\\\/15\\\/stanovnici-bih-napokon-mogu-kupovati-i-prodavati-na-amazonu\\\/#breadcrumb\",\"itemListElement\":[{\"@type\":\"ListItem\",\"position\":1,\"name\":\"Po\u010detna stranica\",\"item\":\"https:\\\/\\\/radioljubuski.ba\\\/\"},{\"@type\":\"ListItem\",\"position\":2,\"name\":\"Stanovnici BiH napokon mogu kupovati i prodavati na Amazonu\"}]},{\"@type\":\"WebSite\",\"@id\":\"https:\\\/\\\/radioljubuski.ba\\\/#website\",\"url\":\"https:\\\/\\\/radioljubuski.ba\\\/\",\"name\":\"Radio Ljubu\u0161ki\",\"description\":\"Sun\u010dana frekvencija Hercegovine\",\"publisher\":{\"@id\":\"https:\\\/\\\/radioljubuski.ba\\\/#organization\"},\"potentialAction\":[{\"@type\":\"SearchAction\",\"target\":{\"@type\":\"EntryPoint\",\"urlTemplate\":\"https:\\\/\\\/radioljubuski.ba\\\/?s={search_term_string}\"},\"query-input\":{\"@type\":\"PropertyValueSpecification\",\"valueRequired\":true,\"valueName\":\"search_term_string\"}}],\"inLanguage\":\"hr\"},{\"@type\":\"Organization\",\"@id\":\"https:\\\/\\\/radioljubuski.ba\\\/#organization\",\"name\":\"Radio Ljubu\u0161ki\",\"url\":\"https:\\\/\\\/radioljubuski.ba\\\/\",\"logo\":{\"@type\":\"ImageObject\",\"inLanguage\":\"hr\",\"@id\":\"https:\\\/\\\/radioljubuski.ba\\\/#\\\/schema\\\/logo\\\/image\\\/\",\"url\":\"https:\\\/\\\/radioljubuski.ba\\\/wp-content\\\/uploads\\\/2021\\\/02\\\/cropped-Radio_Ljubuski_logo1.jpg\",\"contentUrl\":\"https:\\\/\\\/radioljubuski.ba\\\/wp-content\\\/uploads\\\/2021\\\/02\\\/cropped-Radio_Ljubuski_logo1.jpg\",\"width\":512,\"height\":512,\"caption\":\"Radio Ljubu\u0161ki\"},\"image\":{\"@id\":\"https:\\\/\\\/radioljubuski.ba\\\/#\\\/schema\\\/logo\\\/image\\\/\"},\"sameAs\":[\"https:\\\/\\\/www.facebook.com\\\/Radiio-Ljubuski-1490835324566332\",\"https:\\\/\\\/x.com\\\/radioljubuski\",\"https:\\\/\\\/hr.linkedin.com\\\/company\\\/radio-ljubuski\",\"https:\\\/\\\/www.youtube.com\\\/channel\\\/UCHYaeO_n0Db3tjNGudGpXyw\"]},{\"@type\":\"Person\",\"@id\":\"https:\\\/\\\/radioljubuski.ba\\\/#\\\/schema\\\/person\\\/19fc700381a780f69665d7956c469e3b\",\"name\":\"Radio Ljubu\u0161ki\"}]}<\/script>\n<!-- \/ Yoast SEO plugin. -->","yoast_head_json":{"title":"Stanovnici BiH napokon mogu kupovati i prodavati na Amazonu - RADIO LJUBU\u0160KI","robots":{"index":"index","follow":"follow","max-snippet":"max-snippet:-1","max-image-preview":"max-image-preview:large","max-video-preview":"max-video-preview:-1"},"canonical":"https:\/\/radioljubuski.ba\/index.php\/2021\/06\/15\/stanovnici-bih-napokon-mogu-kupovati-i-prodavati-na-amazonu\/","og_locale":"hr_HR","og_type":"article","og_title":"Stanovnici BiH napokon mogu kupovati i prodavati na Amazonu - RADIO LJUBU\u0160KI","og_description":"Nakon 26 godina postojanja Amazon je uvrstio BiH na svoj popis zemalja \u010dime je omogu\u0107ena prodaja, ali i kupovina preko ove najve\u0107e online trgovine na svijetu. Profesorica Ekonomskog fakulteta u Sarajevu&nbsp;Azra Zaimovi\u0107&nbsp;je podijelila informaciju da je za poduzetnike u Bosni i Hercegovini&nbsp;omogu\u0107ena prodaja na Amazonu. Naime, tvrtka Amazon je prije dva tjedna revidirala popis dozvoljenih [&hellip;]","og_url":"https:\/\/radioljubuski.ba\/index.php\/2021\/06\/15\/stanovnici-bih-napokon-mogu-kupovati-i-prodavati-na-amazonu\/","og_site_name":"RADIO LJUBU\u0160KI","article_publisher":"https:\/\/www.facebook.com\/Radiio-Ljubuski-1490835324566332","article_published_time":"2021-06-15T10:57:16+00:00","article_modified_time":"2021-06-15T10:57:17+00:00","og_image":[{"width":810,"height":540,"url":"https:\/\/radioljubuski.ba\/wp-content\/uploads\/2021\/06\/amazon.jpg","type":"image\/jpeg"}],"author":"Radio Ljubu\u0161ki","twitter_card":"summary_large_image","twitter_creator":"@radioljubuski","twitter_site":"@radioljubuski","twitter_misc":{"Napisao\/la":"Radio Ljubu\u0161ki","Procijenjeno vrijeme \u010ditanja":"2 minute"},"schema":{"@context":"https:\/\/schema.org","@graph":[{"@type":"Article","@id":"https:\/\/radioljubuski.ba\/index.php\/2021\/06\/15\/stanovnici-bih-napokon-mogu-kupovati-i-prodavati-na-amazonu\/#article","isPartOf":{"@id":"https:\/\/radioljubuski.ba\/index.php\/2021\/06\/15\/stanovnici-bih-napokon-mogu-kupovati-i-prodavati-na-amazonu\/"},"author":{"name":"Radio Ljubu\u0161ki","@id":"https:\/\/radioljubuski.ba\/#\/schema\/person\/19fc700381a780f69665d7956c469e3b"},"headline":"Stanovnici BiH napokon mogu kupovati i prodavati na Amazonu","datePublished":"2021-06-15T10:57:16+00:00","dateModified":"2021-06-15T10:57:17+00:00","mainEntityOfPage":{"@id":"https:\/\/radioljubuski.ba\/index.php\/2021\/06\/15\/stanovnici-bih-napokon-mogu-kupovati-i-prodavati-na-amazonu\/"},"wordCount":356,"publisher":{"@id":"https:\/\/radioljubuski.ba\/#organization"},"image":{"@id":"https:\/\/radioljubuski.ba\/index.php\/2021\/06\/15\/stanovnici-bih-napokon-mogu-kupovati-i-prodavati-na-amazonu\/#primaryimage"},"thumbnailUrl":"https:\/\/radioljubuski.ba\/wp-content\/uploads\/2021\/06\/amazon.jpg","articleSection":["BIH i regija"],"inLanguage":"hr"},{"@type":"WebPage","@id":"https:\/\/radioljubuski.ba\/index.php\/2021\/06\/15\/stanovnici-bih-napokon-mogu-kupovati-i-prodavati-na-amazonu\/","url":"https:\/\/radioljubuski.ba\/index.php\/2021\/06\/15\/stanovnici-bih-napokon-mogu-kupovati-i-prodavati-na-amazonu\/","name":"Stanovnici BiH napokon mogu kupovati i prodavati na Amazonu - RADIO LJUBU\u0160KI","isPartOf":{"@id":"https:\/\/radioljubuski.ba\/#website"},"primaryImageOfPage":{"@id":"https:\/\/radioljubuski.ba\/index.php\/2021\/06\/15\/stanovnici-bih-napokon-mogu-kupovati-i-prodavati-na-amazonu\/#primaryimage"},"image":{"@id":"https:\/\/radioljubuski.ba\/index.php\/2021\/06\/15\/stanovnici-bih-napokon-mogu-kupovati-i-prodavati-na-amazonu\/#primaryimage"},"thumbnailUrl":"https:\/\/radioljubuski.ba\/wp-content\/uploads\/2021\/06\/amazon.jpg","datePublished":"2021-06-15T10:57:16+00:00","dateModified":"2021-06-15T10:57:17+00:00","breadcrumb":{"@id":"https:\/\/radioljubuski.ba\/index.php\/2021\/06\/15\/stanovnici-bih-napokon-mogu-kupovati-i-prodavati-na-amazonu\/#breadcrumb"},"inLanguage":"hr","potentialAction":[{"@type":"ReadAction","target":["https:\/\/radioljubuski.ba\/index.php\/2021\/06\/15\/stanovnici-bih-napokon-mogu-kupovati-i-prodavati-na-amazonu\/"]}]},{"@type":"ImageObject","inLanguage":"hr","@id":"https:\/\/radioljubuski.ba\/index.php\/2021\/06\/15\/stanovnici-bih-napokon-mogu-kupovati-i-prodavati-na-amazonu\/#primaryimage","url":"https:\/\/radioljubuski.ba\/wp-content\/uploads\/2021\/06\/amazon.jpg","contentUrl":"https:\/\/radioljubuski.ba\/wp-content\/uploads\/2021\/06\/amazon.jpg","width":810,"height":540},{"@type":"BreadcrumbList","@id":"https:\/\/radioljubuski.ba\/index.php\/2021\/06\/15\/stanovnici-bih-napokon-mogu-kupovati-i-prodavati-na-amazonu\/#breadcrumb","itemListElement":[{"@type":"ListItem","position":1,"name":"Po\u010detna stranica","item":"https:\/\/radioljubuski.ba\/"},{"@type":"ListItem","position":2,"name":"Stanovnici BiH napokon mogu kupovati i prodavati na Amazonu"}]},{"@type":"WebSite","@id":"https:\/\/radioljubuski.ba\/#website","url":"https:\/\/radioljubuski.ba\/","name":"Radio Ljubu\u0161ki","description":"Sun\u010dana frekvencija Hercegovine","publisher":{"@id":"https:\/\/radioljubuski.ba\/#organization"},"potentialAction":[{"@type":"SearchAction","target":{"@type":"EntryPoint","urlTemplate":"https:\/\/radioljubuski.ba\/?s={search_term_string}"},"query-input":{"@type":"PropertyValueSpecification","valueRequired":true,"valueName":"search_term_string"}}],"inLanguage":"hr"},{"@type":"Organization","@id":"https:\/\/radioljubuski.ba\/#organization","name":"Radio Ljubu\u0161ki","url":"https:\/\/radioljubuski.ba\/","logo":{"@type":"ImageObject","inLanguage":"hr","@id":"https:\/\/radioljubuski.ba\/#\/schema\/logo\/image\/","url":"https:\/\/radioljubuski.ba\/wp-content\/uploads\/2021\/02\/cropped-Radio_Ljubuski_logo1.jpg","contentUrl":"https:\/\/radioljubuski.ba\/wp-content\/uploads\/2021\/02\/cropped-Radio_Ljubuski_logo1.jpg","width":512,"height":512,"caption":"Radio Ljubu\u0161ki"},"image":{"@id":"https:\/\/radioljubuski.ba\/#\/schema\/logo\/image\/"},"sameAs":["https:\/\/www.facebook.com\/Radiio-Ljubuski-1490835324566332","https:\/\/x.com\/radioljubuski","https:\/\/hr.linkedin.com\/company\/radio-ljubuski","https:\/\/www.youtube.com\/channel\/UCHYaeO_n0Db3tjNGudGpXyw"]},{"@type":"Person","@id":"https:\/\/radioljubuski.ba\/#\/schema\/person\/19fc700381a780f69665d7956c469e3b","name":"Radio Ljubu\u0161ki"}]}},"_links":{"self":[{"href":"https:\/\/radioljubuski.ba\/index.php\/wp-json\/wp\/v2\/posts\/32754","targetHints":{"allow":["GET"]}}],"collection":[{"href":"https:\/\/radioljubuski.ba\/index.php\/wp-json\/wp\/v2\/posts"}],"about":[{"href":"https:\/\/radioljubuski.ba\/index.php\/wp-json\/wp\/v2\/types\/post"}],"author":[{"embeddable":true,"href":"https:\/\/radioljubuski.ba\/index.php\/wp-json\/wp\/v2\/users\/2"}],"replies":[{"embeddable":true,"href":"https:\/\/radioljubuski.ba\/index.php\/wp-json\/wp\/v2\/comments?post=32754"}],"version-history":[{"count":1,"href":"https:\/\/radioljubuski.ba\/index.php\/wp-json\/wp\/v2\/posts\/32754\/revisions"}],"predecessor-version":[{"id":32756,"href":"https:\/\/radioljubuski.ba\/index.php\/wp-json\/wp\/v2\/posts\/32754\/revisions\/32756"}],"wp:featuredmedia":[{"embeddable":true,"href":"https:\/\/radioljubuski.ba\/index.php\/wp-json\/wp\/v2\/media\/32755"}],"wp:attachment":[{"href":"https:\/\/radioljubuski.ba\/index.php\/wp-json\/wp\/v2\/media?parent=32754"}],"wp:term":[{"taxonomy":"category","embeddable":true,"href":"https:\/\/radioljubuski.ba\/index.php\/wp-json\/wp\/v2\/categories?post=32754"},{"taxonomy":"post_tag","embeddable":true,"href":"https:\/\/radioljubuski.ba\/index.php\/wp-json\/wp\/v2\/tags?post=32754"}],"curies":[{"name":"wp","href":"https:\/\/api.w.org\/{rel}","templated":true}]}}