{"id":32783,"date":"2021-06-15T13:56:59","date_gmt":"2021-06-15T12:56:59","guid":{"rendered":"https:\/\/radioljubuski.ba\/?p=32783"},"modified":"2021-06-15T13:57:00","modified_gmt":"2021-06-15T12:57:00","slug":"krznar-o-prvom-euro-suparniku-kvaliteta-je-na-nasoj-strani","status":"publish","type":"post","link":"https:\/\/radioljubuski.ba\/index.php\/2021\/06\/15\/krznar-o-prvom-euro-suparniku-kvaliteta-je-na-nasoj-strani\/","title":{"rendered":"Krznar o prvom euro suparniku: Kvaliteta je na na\u0161oj strani"},"content":{"rendered":"\n<p>Trener Dinama Damir Krznar prokomentirao je prvog suparnika hrvatskog prvaka u Europi sljede\u0107e sezone. Modri su kao nositelji izvukli islandski Valur, s kojim \u0107e odigrati dvije utakmice u prvom pretkolu Lige prvaka 6. ili 7. te 13. ili 14. srpnja.\u00a0<\/p>\n\n\n\n<figure class=\"wp-block-embed is-type-video is-provider-youtube wp-block-embed-youtube wp-embed-aspect-16-9 wp-has-aspect-ratio\"><div class=\"wp-block-embed__wrapper\">\n<iframe loading=\"lazy\" title=\"UEFA CHAMPIONS LEAGUE | Izvla\u010denje protivnika u prvom pretkolu i izjave trenera Krznara\" width=\"640\" height=\"360\" src=\"https:\/\/www.youtube.com\/embed\/dKvzgVinyvQ?feature=oembed\" frameborder=\"0\" allow=\"accelerometer; autoplay; clipboard-write; encrypted-media; gyroscope; picture-in-picture; web-share\" referrerpolicy=\"strict-origin-when-cross-origin\" allowfullscreen><\/iframe>\n<\/div><\/figure>\n\n\n\n<p>&#8211; \u010cak i sino\u0107, kad smo saznali podgrupe, bili smo zadovoljni, sva \u010detiri potencijalna protivnika lagana, odnosno toliko lagana koliko mi budemo spremni i ozbiljni. \u010ceka nas relativno nepoznat protivnik, ali imamo vremena pripremiti se, prou\u010diti ga i pro\u0107i u drugi krug natjecanja, rekao je Krznar.<\/p>\n\n\n\n<p>&#8211; Kod njih je ve\u0107 pro\u0161lo \u0161est ili sedam kola, grabe vrlo dobro, trenuta\u010dno imaju jedan poraz i zauzimaju drugo mjesto. To je plus za njih, ali kvaliteta je neusporedivo na na\u0161oj strani. Na nama je samo potvrditi to, dodao je.<\/p>\n\n\n\n<p>&#8211; Pri\u017eeljkivali smo prvu u gostima, \u010disto iz razloga da nam reprezentativci budu u Zagrebu, da ih ne optere\u0107ujemo duga\u010dkim putovanjem, ali \u0161to je, tu je, zaklju\u010dio je trener Dinama te dodao informaciju o <strong>Duji \u010copu<\/strong>:<\/p>\n\n\n\n<p>&#8211; Duje \u010cop je prakti\u010dki u treningu, dobio je dopu\u0161tenje svog kluba za trening, ali s obzirom na administrativne prepreke, 30. lipnja mu tek zavr\u0161ava ugovor, pa smo u pregovorima da nekako poku\u0161a iza\u0107i iz tog ugovora ranije.<\/p>\n\n\n\n<p>Izvor.Hrt.hr<\/p>\n","protected":false},"excerpt":{"rendered":"<p>Trener Dinama Damir Krznar prokomentirao je prvog suparnika hrvatskog prvaka u Europi sljede\u0107e sezone. Modri su kao nositelji izvukli islandski Valur, s kojim \u0107e odigrati dvije utakmice u prvom pretkolu Lige prvaka 6. ili 7. te 13. ili 14. srpnja.\u00a0 &#8211; \u010cak i sino\u0107, kad smo saznali podgrupe, bili smo zadovoljni, sva \u010detiri potencijalna protivnika [&hellip;]<\/p>\n","protected":false},"author":2,"featured_media":32784,"comment_status":"closed","ping_status":"closed","sticky":false,"template":"","format":"standard","meta":{"h5ap_radio_sources":[],"footnotes":""},"categories":[7],"tags":[],"class_list":["post-32783","post","type-post","status-publish","format-standard","has-post-thumbnail","hentry","category-sport"],"yoast_head":"<!-- This site is optimized with the Yoast SEO plugin v27.5 - https:\/\/yoast.com\/product\/yoast-seo-wordpress\/ -->\n<title>Krznar o prvom euro suparniku: Kvaliteta je na na\u0161oj strani - RADIO LJUBU\u0160KI<\/title>\n<meta name=\"robots\" content=\"index, follow, max-snippet:-1, max-image-preview:large, max-video-preview:-1\" \/>\n<link rel=\"canonical\" href=\"https:\/\/radioljubuski.ba\/index.php\/2021\/06\/15\/krznar-o-prvom-euro-suparniku-kvaliteta-je-na-nasoj-strani\/\" \/>\n<meta property=\"og:locale\" content=\"hr_HR\" \/>\n<meta property=\"og:type\" content=\"article\" \/>\n<meta property=\"og:title\" content=\"Krznar o prvom euro suparniku: Kvaliteta je na na\u0161oj strani - RADIO LJUBU\u0160KI\" \/>\n<meta property=\"og:description\" content=\"Trener Dinama Damir Krznar prokomentirao je prvog suparnika hrvatskog prvaka u Europi sljede\u0107e sezone. Modri su kao nositelji izvukli islandski Valur, s kojim \u0107e odigrati dvije utakmice u prvom pretkolu Lige prvaka 6. ili 7. te 13. ili 14. srpnja.\u00a0 &#8211; \u010cak i sino\u0107, kad smo saznali podgrupe, bili smo zadovoljni, sva \u010detiri potencijalna protivnika [&hellip;]\" \/>\n<meta property=\"og:url\" content=\"https:\/\/radioljubuski.ba\/index.php\/2021\/06\/15\/krznar-o-prvom-euro-suparniku-kvaliteta-je-na-nasoj-strani\/\" \/>\n<meta property=\"og:site_name\" content=\"RADIO LJUBU\u0160KI\" \/>\n<meta property=\"article:publisher\" content=\"https:\/\/www.facebook.com\/Radiio-Ljubuski-1490835324566332\" \/>\n<meta property=\"article:published_time\" content=\"2021-06-15T12:56:59+00:00\" \/>\n<meta property=\"article:modified_time\" content=\"2021-06-15T12:57:00+00:00\" \/>\n<meta property=\"og:image\" content=\"https:\/\/radioljubuski.ba\/wp-content\/uploads\/2021\/06\/krznar-o-din-pxl-150621-33262461-20210615111617.jpg\" \/>\n\t<meta property=\"og:image:width\" content=\"1000\" \/>\n\t<meta property=\"og:image:height\" content=\"575\" \/>\n\t<meta property=\"og:image:type\" content=\"image\/jpeg\" \/>\n<meta name=\"author\" content=\"Radio Ljubu\u0161ki\" \/>\n<meta name=\"twitter:card\" content=\"summary_large_image\" \/>\n<meta name=\"twitter:creator\" content=\"@radioljubuski\" \/>\n<meta name=\"twitter:site\" content=\"@radioljubuski\" \/>\n<meta name=\"twitter:label1\" content=\"Napisao\/la\" \/>\n\t<meta name=\"twitter:data1\" content=\"Radio Ljubu\u0161ki\" \/>\n\t<meta name=\"twitter:label2\" content=\"Procijenjeno vrijeme \u010ditanja\" \/>\n\t<meta name=\"twitter:data2\" content=\"1 minuta\" \/>\n<script type=\"application\/ld+json\" class=\"yoast-schema-graph\">{\"@context\":\"https:\\\/\\\/schema.org\",\"@graph\":[{\"@type\":\"Article\",\"@id\":\"https:\\\/\\\/radioljubuski.ba\\\/index.php\\\/2021\\\/06\\\/15\\\/krznar-o-prvom-euro-suparniku-kvaliteta-je-na-nasoj-strani\\\/#article\",\"isPartOf\":{\"@id\":\"https:\\\/\\\/radioljubuski.ba\\\/index.php\\\/2021\\\/06\\\/15\\\/krznar-o-prvom-euro-suparniku-kvaliteta-je-na-nasoj-strani\\\/\"},\"author\":{\"name\":\"Radio Ljubu\u0161ki\",\"@id\":\"https:\\\/\\\/radioljubuski.ba\\\/#\\\/schema\\\/person\\\/19fc700381a780f69665d7956c469e3b\"},\"headline\":\"Krznar o prvom euro suparniku: Kvaliteta je na na\u0161oj strani\",\"datePublished\":\"2021-06-15T12:56:59+00:00\",\"dateModified\":\"2021-06-15T12:57:00+00:00\",\"mainEntityOfPage\":{\"@id\":\"https:\\\/\\\/radioljubuski.ba\\\/index.php\\\/2021\\\/06\\\/15\\\/krznar-o-prvom-euro-suparniku-kvaliteta-je-na-nasoj-strani\\\/\"},\"wordCount\":232,\"publisher\":{\"@id\":\"https:\\\/\\\/radioljubuski.ba\\\/#organization\"},\"image\":{\"@id\":\"https:\\\/\\\/radioljubuski.ba\\\/index.php\\\/2021\\\/06\\\/15\\\/krznar-o-prvom-euro-suparniku-kvaliteta-je-na-nasoj-strani\\\/#primaryimage\"},\"thumbnailUrl\":\"https:\\\/\\\/radioljubuski.ba\\\/wp-content\\\/uploads\\\/2021\\\/06\\\/krznar-o-din-pxl-150621-33262461-20210615111617.jpg\",\"articleSection\":[\"\u0160port\"],\"inLanguage\":\"hr\"},{\"@type\":\"WebPage\",\"@id\":\"https:\\\/\\\/radioljubuski.ba\\\/index.php\\\/2021\\\/06\\\/15\\\/krznar-o-prvom-euro-suparniku-kvaliteta-je-na-nasoj-strani\\\/\",\"url\":\"https:\\\/\\\/radioljubuski.ba\\\/index.php\\\/2021\\\/06\\\/15\\\/krznar-o-prvom-euro-suparniku-kvaliteta-je-na-nasoj-strani\\\/\",\"name\":\"Krznar o prvom euro suparniku: Kvaliteta je na na\u0161oj strani - RADIO LJUBU\u0160KI\",\"isPartOf\":{\"@id\":\"https:\\\/\\\/radioljubuski.ba\\\/#website\"},\"primaryImageOfPage\":{\"@id\":\"https:\\\/\\\/radioljubuski.ba\\\/index.php\\\/2021\\\/06\\\/15\\\/krznar-o-prvom-euro-suparniku-kvaliteta-je-na-nasoj-strani\\\/#primaryimage\"},\"image\":{\"@id\":\"https:\\\/\\\/radioljubuski.ba\\\/index.php\\\/2021\\\/06\\\/15\\\/krznar-o-prvom-euro-suparniku-kvaliteta-je-na-nasoj-strani\\\/#primaryimage\"},\"thumbnailUrl\":\"https:\\\/\\\/radioljubuski.ba\\\/wp-content\\\/uploads\\\/2021\\\/06\\\/krznar-o-din-pxl-150621-33262461-20210615111617.jpg\",\"datePublished\":\"2021-06-15T12:56:59+00:00\",\"dateModified\":\"2021-06-15T12:57:00+00:00\",\"breadcrumb\":{\"@id\":\"https:\\\/\\\/radioljubuski.ba\\\/index.php\\\/2021\\\/06\\\/15\\\/krznar-o-prvom-euro-suparniku-kvaliteta-je-na-nasoj-strani\\\/#breadcrumb\"},\"inLanguage\":\"hr\",\"potentialAction\":[{\"@type\":\"ReadAction\",\"target\":[\"https:\\\/\\\/radioljubuski.ba\\\/index.php\\\/2021\\\/06\\\/15\\\/krznar-o-prvom-euro-suparniku-kvaliteta-je-na-nasoj-strani\\\/\"]}]},{\"@type\":\"ImageObject\",\"inLanguage\":\"hr\",\"@id\":\"https:\\\/\\\/radioljubuski.ba\\\/index.php\\\/2021\\\/06\\\/15\\\/krznar-o-prvom-euro-suparniku-kvaliteta-je-na-nasoj-strani\\\/#primaryimage\",\"url\":\"https:\\\/\\\/radioljubuski.ba\\\/wp-content\\\/uploads\\\/2021\\\/06\\\/krznar-o-din-pxl-150621-33262461-20210615111617.jpg\",\"contentUrl\":\"https:\\\/\\\/radioljubuski.ba\\\/wp-content\\\/uploads\\\/2021\\\/06\\\/krznar-o-din-pxl-150621-33262461-20210615111617.jpg\",\"width\":1000,\"height\":575},{\"@type\":\"BreadcrumbList\",\"@id\":\"https:\\\/\\\/radioljubuski.ba\\\/index.php\\\/2021\\\/06\\\/15\\\/krznar-o-prvom-euro-suparniku-kvaliteta-je-na-nasoj-strani\\\/#breadcrumb\",\"itemListElement\":[{\"@type\":\"ListItem\",\"position\":1,\"name\":\"Po\u010detna stranica\",\"item\":\"https:\\\/\\\/radioljubuski.ba\\\/\"},{\"@type\":\"ListItem\",\"position\":2,\"name\":\"Krznar o prvom euro suparniku: Kvaliteta je na na\u0161oj strani\"}]},{\"@type\":\"WebSite\",\"@id\":\"https:\\\/\\\/radioljubuski.ba\\\/#website\",\"url\":\"https:\\\/\\\/radioljubuski.ba\\\/\",\"name\":\"Radio Ljubu\u0161ki\",\"description\":\"Sun\u010dana frekvencija Hercegovine\",\"publisher\":{\"@id\":\"https:\\\/\\\/radioljubuski.ba\\\/#organization\"},\"potentialAction\":[{\"@type\":\"SearchAction\",\"target\":{\"@type\":\"EntryPoint\",\"urlTemplate\":\"https:\\\/\\\/radioljubuski.ba\\\/?s={search_term_string}\"},\"query-input\":{\"@type\":\"PropertyValueSpecification\",\"valueRequired\":true,\"valueName\":\"search_term_string\"}}],\"inLanguage\":\"hr\"},{\"@type\":\"Organization\",\"@id\":\"https:\\\/\\\/radioljubuski.ba\\\/#organization\",\"name\":\"Radio Ljubu\u0161ki\",\"url\":\"https:\\\/\\\/radioljubuski.ba\\\/\",\"logo\":{\"@type\":\"ImageObject\",\"inLanguage\":\"hr\",\"@id\":\"https:\\\/\\\/radioljubuski.ba\\\/#\\\/schema\\\/logo\\\/image\\\/\",\"url\":\"https:\\\/\\\/radioljubuski.ba\\\/wp-content\\\/uploads\\\/2021\\\/02\\\/cropped-Radio_Ljubuski_logo1.jpg\",\"contentUrl\":\"https:\\\/\\\/radioljubuski.ba\\\/wp-content\\\/uploads\\\/2021\\\/02\\\/cropped-Radio_Ljubuski_logo1.jpg\",\"width\":512,\"height\":512,\"caption\":\"Radio Ljubu\u0161ki\"},\"image\":{\"@id\":\"https:\\\/\\\/radioljubuski.ba\\\/#\\\/schema\\\/logo\\\/image\\\/\"},\"sameAs\":[\"https:\\\/\\\/www.facebook.com\\\/Radiio-Ljubuski-1490835324566332\",\"https:\\\/\\\/x.com\\\/radioljubuski\",\"https:\\\/\\\/hr.linkedin.com\\\/company\\\/radio-ljubuski\",\"https:\\\/\\\/www.youtube.com\\\/channel\\\/UCHYaeO_n0Db3tjNGudGpXyw\"]},{\"@type\":\"Person\",\"@id\":\"https:\\\/\\\/radioljubuski.ba\\\/#\\\/schema\\\/person\\\/19fc700381a780f69665d7956c469e3b\",\"name\":\"Radio Ljubu\u0161ki\"}]}<\/script>\n<!-- \/ Yoast SEO plugin. -->","yoast_head_json":{"title":"Krznar o prvom euro suparniku: Kvaliteta je na na\u0161oj strani - RADIO LJUBU\u0160KI","robots":{"index":"index","follow":"follow","max-snippet":"max-snippet:-1","max-image-preview":"max-image-preview:large","max-video-preview":"max-video-preview:-1"},"canonical":"https:\/\/radioljubuski.ba\/index.php\/2021\/06\/15\/krznar-o-prvom-euro-suparniku-kvaliteta-je-na-nasoj-strani\/","og_locale":"hr_HR","og_type":"article","og_title":"Krznar o prvom euro suparniku: Kvaliteta je na na\u0161oj strani - RADIO LJUBU\u0160KI","og_description":"Trener Dinama Damir Krznar prokomentirao je prvog suparnika hrvatskog prvaka u Europi sljede\u0107e sezone. Modri su kao nositelji izvukli islandski Valur, s kojim \u0107e odigrati dvije utakmice u prvom pretkolu Lige prvaka 6. ili 7. te 13. ili 14. srpnja.\u00a0 &#8211; \u010cak i sino\u0107, kad smo saznali podgrupe, bili smo zadovoljni, sva \u010detiri potencijalna protivnika [&hellip;]","og_url":"https:\/\/radioljubuski.ba\/index.php\/2021\/06\/15\/krznar-o-prvom-euro-suparniku-kvaliteta-je-na-nasoj-strani\/","og_site_name":"RADIO LJUBU\u0160KI","article_publisher":"https:\/\/www.facebook.com\/Radiio-Ljubuski-1490835324566332","article_published_time":"2021-06-15T12:56:59+00:00","article_modified_time":"2021-06-15T12:57:00+00:00","og_image":[{"width":1000,"height":575,"url":"https:\/\/radioljubuski.ba\/wp-content\/uploads\/2021\/06\/krznar-o-din-pxl-150621-33262461-20210615111617.jpg","type":"image\/jpeg"}],"author":"Radio Ljubu\u0161ki","twitter_card":"summary_large_image","twitter_creator":"@radioljubuski","twitter_site":"@radioljubuski","twitter_misc":{"Napisao\/la":"Radio Ljubu\u0161ki","Procijenjeno vrijeme \u010ditanja":"1 minuta"},"schema":{"@context":"https:\/\/schema.org","@graph":[{"@type":"Article","@id":"https:\/\/radioljubuski.ba\/index.php\/2021\/06\/15\/krznar-o-prvom-euro-suparniku-kvaliteta-je-na-nasoj-strani\/#article","isPartOf":{"@id":"https:\/\/radioljubuski.ba\/index.php\/2021\/06\/15\/krznar-o-prvom-euro-suparniku-kvaliteta-je-na-nasoj-strani\/"},"author":{"name":"Radio Ljubu\u0161ki","@id":"https:\/\/radioljubuski.ba\/#\/schema\/person\/19fc700381a780f69665d7956c469e3b"},"headline":"Krznar o prvom euro suparniku: Kvaliteta je na na\u0161oj strani","datePublished":"2021-06-15T12:56:59+00:00","dateModified":"2021-06-15T12:57:00+00:00","mainEntityOfPage":{"@id":"https:\/\/radioljubuski.ba\/index.php\/2021\/06\/15\/krznar-o-prvom-euro-suparniku-kvaliteta-je-na-nasoj-strani\/"},"wordCount":232,"publisher":{"@id":"https:\/\/radioljubuski.ba\/#organization"},"image":{"@id":"https:\/\/radioljubuski.ba\/index.php\/2021\/06\/15\/krznar-o-prvom-euro-suparniku-kvaliteta-je-na-nasoj-strani\/#primaryimage"},"thumbnailUrl":"https:\/\/radioljubuski.ba\/wp-content\/uploads\/2021\/06\/krznar-o-din-pxl-150621-33262461-20210615111617.jpg","articleSection":["\u0160port"],"inLanguage":"hr"},{"@type":"WebPage","@id":"https:\/\/radioljubuski.ba\/index.php\/2021\/06\/15\/krznar-o-prvom-euro-suparniku-kvaliteta-je-na-nasoj-strani\/","url":"https:\/\/radioljubuski.ba\/index.php\/2021\/06\/15\/krznar-o-prvom-euro-suparniku-kvaliteta-je-na-nasoj-strani\/","name":"Krznar o prvom euro suparniku: Kvaliteta je na na\u0161oj strani - RADIO LJUBU\u0160KI","isPartOf":{"@id":"https:\/\/radioljubuski.ba\/#website"},"primaryImageOfPage":{"@id":"https:\/\/radioljubuski.ba\/index.php\/2021\/06\/15\/krznar-o-prvom-euro-suparniku-kvaliteta-je-na-nasoj-strani\/#primaryimage"},"image":{"@id":"https:\/\/radioljubuski.ba\/index.php\/2021\/06\/15\/krznar-o-prvom-euro-suparniku-kvaliteta-je-na-nasoj-strani\/#primaryimage"},"thumbnailUrl":"https:\/\/radioljubuski.ba\/wp-content\/uploads\/2021\/06\/krznar-o-din-pxl-150621-33262461-20210615111617.jpg","datePublished":"2021-06-15T12:56:59+00:00","dateModified":"2021-06-15T12:57:00+00:00","breadcrumb":{"@id":"https:\/\/radioljubuski.ba\/index.php\/2021\/06\/15\/krznar-o-prvom-euro-suparniku-kvaliteta-je-na-nasoj-strani\/#breadcrumb"},"inLanguage":"hr","potentialAction":[{"@type":"ReadAction","target":["https:\/\/radioljubuski.ba\/index.php\/2021\/06\/15\/krznar-o-prvom-euro-suparniku-kvaliteta-je-na-nasoj-strani\/"]}]},{"@type":"ImageObject","inLanguage":"hr","@id":"https:\/\/radioljubuski.ba\/index.php\/2021\/06\/15\/krznar-o-prvom-euro-suparniku-kvaliteta-je-na-nasoj-strani\/#primaryimage","url":"https:\/\/radioljubuski.ba\/wp-content\/uploads\/2021\/06\/krznar-o-din-pxl-150621-33262461-20210615111617.jpg","contentUrl":"https:\/\/radioljubuski.ba\/wp-content\/uploads\/2021\/06\/krznar-o-din-pxl-150621-33262461-20210615111617.jpg","width":1000,"height":575},{"@type":"BreadcrumbList","@id":"https:\/\/radioljubuski.ba\/index.php\/2021\/06\/15\/krznar-o-prvom-euro-suparniku-kvaliteta-je-na-nasoj-strani\/#breadcrumb","itemListElement":[{"@type":"ListItem","position":1,"name":"Po\u010detna stranica","item":"https:\/\/radioljubuski.ba\/"},{"@type":"ListItem","position":2,"name":"Krznar o prvom euro suparniku: Kvaliteta je na na\u0161oj strani"}]},{"@type":"WebSite","@id":"https:\/\/radioljubuski.ba\/#website","url":"https:\/\/radioljubuski.ba\/","name":"Radio Ljubu\u0161ki","description":"Sun\u010dana frekvencija Hercegovine","publisher":{"@id":"https:\/\/radioljubuski.ba\/#organization"},"potentialAction":[{"@type":"SearchAction","target":{"@type":"EntryPoint","urlTemplate":"https:\/\/radioljubuski.ba\/?s={search_term_string}"},"query-input":{"@type":"PropertyValueSpecification","valueRequired":true,"valueName":"search_term_string"}}],"inLanguage":"hr"},{"@type":"Organization","@id":"https:\/\/radioljubuski.ba\/#organization","name":"Radio Ljubu\u0161ki","url":"https:\/\/radioljubuski.ba\/","logo":{"@type":"ImageObject","inLanguage":"hr","@id":"https:\/\/radioljubuski.ba\/#\/schema\/logo\/image\/","url":"https:\/\/radioljubuski.ba\/wp-content\/uploads\/2021\/02\/cropped-Radio_Ljubuski_logo1.jpg","contentUrl":"https:\/\/radioljubuski.ba\/wp-content\/uploads\/2021\/02\/cropped-Radio_Ljubuski_logo1.jpg","width":512,"height":512,"caption":"Radio Ljubu\u0161ki"},"image":{"@id":"https:\/\/radioljubuski.ba\/#\/schema\/logo\/image\/"},"sameAs":["https:\/\/www.facebook.com\/Radiio-Ljubuski-1490835324566332","https:\/\/x.com\/radioljubuski","https:\/\/hr.linkedin.com\/company\/radio-ljubuski","https:\/\/www.youtube.com\/channel\/UCHYaeO_n0Db3tjNGudGpXyw"]},{"@type":"Person","@id":"https:\/\/radioljubuski.ba\/#\/schema\/person\/19fc700381a780f69665d7956c469e3b","name":"Radio Ljubu\u0161ki"}]}},"_links":{"self":[{"href":"https:\/\/radioljubuski.ba\/index.php\/wp-json\/wp\/v2\/posts\/32783","targetHints":{"allow":["GET"]}}],"collection":[{"href":"https:\/\/radioljubuski.ba\/index.php\/wp-json\/wp\/v2\/posts"}],"about":[{"href":"https:\/\/radioljubuski.ba\/index.php\/wp-json\/wp\/v2\/types\/post"}],"author":[{"embeddable":true,"href":"https:\/\/radioljubuski.ba\/index.php\/wp-json\/wp\/v2\/users\/2"}],"replies":[{"embeddable":true,"href":"https:\/\/radioljubuski.ba\/index.php\/wp-json\/wp\/v2\/comments?post=32783"}],"version-history":[{"count":1,"href":"https:\/\/radioljubuski.ba\/index.php\/wp-json\/wp\/v2\/posts\/32783\/revisions"}],"predecessor-version":[{"id":32785,"href":"https:\/\/radioljubuski.ba\/index.php\/wp-json\/wp\/v2\/posts\/32783\/revisions\/32785"}],"wp:featuredmedia":[{"embeddable":true,"href":"https:\/\/radioljubuski.ba\/index.php\/wp-json\/wp\/v2\/media\/32784"}],"wp:attachment":[{"href":"https:\/\/radioljubuski.ba\/index.php\/wp-json\/wp\/v2\/media?parent=32783"}],"wp:term":[{"taxonomy":"category","embeddable":true,"href":"https:\/\/radioljubuski.ba\/index.php\/wp-json\/wp\/v2\/categories?post=32783"},{"taxonomy":"post_tag","embeddable":true,"href":"https:\/\/radioljubuski.ba\/index.php\/wp-json\/wp\/v2\/tags?post=32783"}],"curies":[{"name":"wp","href":"https:\/\/api.w.org\/{rel}","templated":true}]}}