{"id":32789,"date":"2021-06-15T16:16:42","date_gmt":"2021-06-15T15:16:42","guid":{"rendered":"https:\/\/radioljubuski.ba\/?p=32789"},"modified":"2021-06-15T16:16:44","modified_gmt":"2021-06-15T15:16:44","slug":"obiljezena-28-godisnjica-pogibije-pripadnika-humanitarnog-konvoja-zivota-za-lasvansku-dolinu","status":"publish","type":"post","link":"https:\/\/radioljubuski.ba\/index.php\/2021\/06\/15\/obiljezena-28-godisnjica-pogibije-pripadnika-humanitarnog-konvoja-zivota-za-lasvansku-dolinu\/","title":{"rendered":"Obilje\u017eena 28.godi\u0161njica pogibije pripadnika Humanitarnog konvoja \u017eivota za La\u0161vansku dolinu"},"content":{"rendered":"\n<p><strong>Polaganjem vijenaca na spomen obilje\u017eju Busova\u010dke staje i svetom misom zadu\u0161nicom obilje\u017eena je 28. godi\u0161njica stradanja pripadnika Humanitarnog konvoja \u017eivota za La\u0161vansku dolinu.<\/strong><\/p>\n\n\n\n<p>Misu zadu\u0161nicu predslavio je vite\u0161ki \u017eupnik fra Velimir Bavrka.<\/p>\n\n\n\n<p>\u201cDragi domoljubi, branitelji i obitelji poginulih, s po\u0161tovanjem gledam na svako srce koje je ovdje do\u0161lo, osobito na obitelji poginulih: Ivice Smolje, Marka Lukina, Ante Lukina, Jure Ivanovi\u0107a, \u017darka Milinovi\u0107a, Ive Ljubosa, Marinka Popovi\u0107a, Ive La\u0161tre, Mate \u010cote, Slavka Grgi\u0107a, Predraga Mili\u0107a, Nenada \u0160anti\u0107a, \u017deljka Bili\u0107a, Jure Glava\u0161a, Mirka Anu\u0161i\u0107a, An\u0111elka Petrovi\u0107a, \u0160imuna Popovi\u0107a i Milenka Brnji\u0107a. Danas se ovdje sje\u0107amo ljudi koje je okupila ljubav za svoju rodnu grudu i Domovinu, sje\u0107amo se istinskih branitelja koji su goloruki branili svoju Domovinu. Ovo su ljudi koji su najvi\u0161e dali sto su mogli dati, a ti je svoj \u017eivot. Nema ve\u0107e ljubavi nego dati \u017eivot za drugoga, kao Isus Krist koji nas je danas sabrao da molimo za poginule i da pra\u0161tamo onima koji su to u\u010dinili\u201d, kazao je \u017eupnik Bavrka, prenosi&nbsp;<a href=\"https:\/\/centralna.ba\/busovacke-staje-28-godisnjica-stradanja-pripadnika-humanitarnog-konvoja-zivota-za-lasvansku-dolinu\/\">centralna.ba<\/a>.<\/p>\n\n\n\n<p>Fra Zoran Jakovi\u0107, busova\u010dki \u017eupnik, zahvalio je svima na dolasku na Busova\u010dke staje \u201ckako bi molitvom odali po\u010dast pripadnicima Humanitarnog konvoja \u017eivota za La\u0161vansku dolinu koji su dali svoje \u017eivote za na\u0161u slobodu i opstojnost hrvatskog naroda\u201d.<\/p>\n\n\n\n<p>\u201cMlade nara\u0161taje trebamo nau\u010diti onome \u0161to se dogodilo, ne samo ovdje, nego na\u0161u povijest prepri\u010davati i govoriti ono \u0161to je va\u017eno i vrijedno za nas katolike i Hrvate, gdje se nalazimo i \u017eivimo. Ovi branitelji dali su svoje \u017eivote da mo\u017eemo ovdje slobodno \u017eivjeti i to ne smijemo zaboraviti\u201d, poru\u010dio je \u017eupnik Jakovi\u0107.<\/p>\n\n\n\n<p>Ina\u010de, 15. lipnja 1993. snage Armije BiH ubile su 18 i ranile 20 pripadnika HVO-a kao i civile iz pratnje konvoja pomo\u0107i busova\u010dkim Hrvatima nazvanog Humanitarni konvoj \u017eivota.<\/p>\n\n\n\n<p>Konvoji su planinskim vrletima po nepristupa\u010dnom terenu uz veliki rizik vr\u0161ili opskrbu hranom, opremom i drugim materijalnim sredstvima hrvatski narod i branitelje potpuno opkoljene La\u0161vanske doline.<\/p>\n\n\n\n<p>\/HMS\/<\/p>\n","protected":false},"excerpt":{"rendered":"<p>Polaganjem vijenaca na spomen obilje\u017eju Busova\u010dke staje i svetom misom zadu\u0161nicom obilje\u017eena je 28. godi\u0161njica stradanja pripadnika Humanitarnog konvoja \u017eivota za La\u0161vansku dolinu. Misu zadu\u0161nicu predslavio je vite\u0161ki \u017eupnik fra Velimir Bavrka. \u201cDragi domoljubi, branitelji i obitelji poginulih, s po\u0161tovanjem gledam na svako srce koje je ovdje do\u0161lo, osobito na obitelji poginulih: Ivice Smolje, Marka [&hellip;]<\/p>\n","protected":false},"author":2,"featured_media":32790,"comment_status":"closed","ping_status":"closed","sticky":false,"template":"","format":"standard","meta":{"h5ap_radio_sources":[],"footnotes":""},"categories":[1],"tags":[],"class_list":["post-32789","post","type-post","status-publish","format-standard","has-post-thumbnail","hentry","category-bihiregija"],"yoast_head":"<!-- This site is optimized with the Yoast SEO plugin v27.5 - https:\/\/yoast.com\/product\/yoast-seo-wordpress\/ -->\n<title>Obilje\u017eena 28.godi\u0161njica pogibije pripadnika Humanitarnog konvoja \u017eivota za La\u0161vansku dolinu - RADIO LJUBU\u0160KI<\/title>\n<meta name=\"robots\" content=\"index, follow, max-snippet:-1, max-image-preview:large, max-video-preview:-1\" \/>\n<link rel=\"canonical\" href=\"https:\/\/radioljubuski.ba\/index.php\/2021\/06\/15\/obiljezena-28-godisnjica-pogibije-pripadnika-humanitarnog-konvoja-zivota-za-lasvansku-dolinu\/\" \/>\n<meta property=\"og:locale\" content=\"hr_HR\" \/>\n<meta property=\"og:type\" content=\"article\" \/>\n<meta property=\"og:title\" content=\"Obilje\u017eena 28.godi\u0161njica pogibije pripadnika Humanitarnog konvoja \u017eivota za La\u0161vansku dolinu - RADIO LJUBU\u0160KI\" \/>\n<meta property=\"og:description\" content=\"Polaganjem vijenaca na spomen obilje\u017eju Busova\u010dke staje i svetom misom zadu\u0161nicom obilje\u017eena je 28. godi\u0161njica stradanja pripadnika Humanitarnog konvoja \u017eivota za La\u0161vansku dolinu. Misu zadu\u0161nicu predslavio je vite\u0161ki \u017eupnik fra Velimir Bavrka. \u201cDragi domoljubi, branitelji i obitelji poginulih, s po\u0161tovanjem gledam na svako srce koje je ovdje do\u0161lo, osobito na obitelji poginulih: Ivice Smolje, Marka [&hellip;]\" \/>\n<meta property=\"og:url\" content=\"https:\/\/radioljubuski.ba\/index.php\/2021\/06\/15\/obiljezena-28-godisnjica-pogibije-pripadnika-humanitarnog-konvoja-zivota-za-lasvansku-dolinu\/\" \/>\n<meta property=\"og:site_name\" content=\"RADIO LJUBU\u0160KI\" \/>\n<meta property=\"article:publisher\" content=\"https:\/\/www.facebook.com\/Radiio-Ljubuski-1490835324566332\" \/>\n<meta property=\"article:published_time\" content=\"2021-06-15T15:16:42+00:00\" \/>\n<meta property=\"article:modified_time\" content=\"2021-06-15T15:16:44+00:00\" \/>\n<meta property=\"og:image\" content=\"https:\/\/radioljubuski.ba\/wp-content\/uploads\/2021\/06\/dishfasfas.png\" \/>\n\t<meta property=\"og:image:width\" content=\"840\" \/>\n\t<meta property=\"og:image:height\" content=\"470\" \/>\n\t<meta property=\"og:image:type\" content=\"image\/png\" \/>\n<meta name=\"author\" content=\"Radio Ljubu\u0161ki\" \/>\n<meta name=\"twitter:card\" content=\"summary_large_image\" \/>\n<meta name=\"twitter:creator\" content=\"@radioljubuski\" \/>\n<meta name=\"twitter:site\" content=\"@radioljubuski\" \/>\n<meta name=\"twitter:label1\" content=\"Napisao\/la\" \/>\n\t<meta name=\"twitter:data1\" content=\"Radio Ljubu\u0161ki\" \/>\n\t<meta name=\"twitter:label2\" content=\"Procijenjeno vrijeme \u010ditanja\" \/>\n\t<meta name=\"twitter:data2\" content=\"2 minute\" \/>\n<script type=\"application\/ld+json\" class=\"yoast-schema-graph\">{\"@context\":\"https:\\\/\\\/schema.org\",\"@graph\":[{\"@type\":\"Article\",\"@id\":\"https:\\\/\\\/radioljubuski.ba\\\/index.php\\\/2021\\\/06\\\/15\\\/obiljezena-28-godisnjica-pogibije-pripadnika-humanitarnog-konvoja-zivota-za-lasvansku-dolinu\\\/#article\",\"isPartOf\":{\"@id\":\"https:\\\/\\\/radioljubuski.ba\\\/index.php\\\/2021\\\/06\\\/15\\\/obiljezena-28-godisnjica-pogibije-pripadnika-humanitarnog-konvoja-zivota-za-lasvansku-dolinu\\\/\"},\"author\":{\"name\":\"Radio Ljubu\u0161ki\",\"@id\":\"https:\\\/\\\/radioljubuski.ba\\\/#\\\/schema\\\/person\\\/19fc700381a780f69665d7956c469e3b\"},\"headline\":\"Obilje\u017eena 28.godi\u0161njica pogibije pripadnika Humanitarnog konvoja \u017eivota za La\u0161vansku dolinu\",\"datePublished\":\"2021-06-15T15:16:42+00:00\",\"dateModified\":\"2021-06-15T15:16:44+00:00\",\"mainEntityOfPage\":{\"@id\":\"https:\\\/\\\/radioljubuski.ba\\\/index.php\\\/2021\\\/06\\\/15\\\/obiljezena-28-godisnjica-pogibije-pripadnika-humanitarnog-konvoja-zivota-za-lasvansku-dolinu\\\/\"},\"wordCount\":368,\"publisher\":{\"@id\":\"https:\\\/\\\/radioljubuski.ba\\\/#organization\"},\"image\":{\"@id\":\"https:\\\/\\\/radioljubuski.ba\\\/index.php\\\/2021\\\/06\\\/15\\\/obiljezena-28-godisnjica-pogibije-pripadnika-humanitarnog-konvoja-zivota-za-lasvansku-dolinu\\\/#primaryimage\"},\"thumbnailUrl\":\"https:\\\/\\\/radioljubuski.ba\\\/wp-content\\\/uploads\\\/2021\\\/06\\\/dishfasfas.png\",\"articleSection\":[\"BIH i regija\"],\"inLanguage\":\"hr\"},{\"@type\":\"WebPage\",\"@id\":\"https:\\\/\\\/radioljubuski.ba\\\/index.php\\\/2021\\\/06\\\/15\\\/obiljezena-28-godisnjica-pogibije-pripadnika-humanitarnog-konvoja-zivota-za-lasvansku-dolinu\\\/\",\"url\":\"https:\\\/\\\/radioljubuski.ba\\\/index.php\\\/2021\\\/06\\\/15\\\/obiljezena-28-godisnjica-pogibije-pripadnika-humanitarnog-konvoja-zivota-za-lasvansku-dolinu\\\/\",\"name\":\"Obilje\u017eena 28.godi\u0161njica pogibije pripadnika Humanitarnog konvoja \u017eivota za La\u0161vansku dolinu - RADIO LJUBU\u0160KI\",\"isPartOf\":{\"@id\":\"https:\\\/\\\/radioljubuski.ba\\\/#website\"},\"primaryImageOfPage\":{\"@id\":\"https:\\\/\\\/radioljubuski.ba\\\/index.php\\\/2021\\\/06\\\/15\\\/obiljezena-28-godisnjica-pogibije-pripadnika-humanitarnog-konvoja-zivota-za-lasvansku-dolinu\\\/#primaryimage\"},\"image\":{\"@id\":\"https:\\\/\\\/radioljubuski.ba\\\/index.php\\\/2021\\\/06\\\/15\\\/obiljezena-28-godisnjica-pogibije-pripadnika-humanitarnog-konvoja-zivota-za-lasvansku-dolinu\\\/#primaryimage\"},\"thumbnailUrl\":\"https:\\\/\\\/radioljubuski.ba\\\/wp-content\\\/uploads\\\/2021\\\/06\\\/dishfasfas.png\",\"datePublished\":\"2021-06-15T15:16:42+00:00\",\"dateModified\":\"2021-06-15T15:16:44+00:00\",\"breadcrumb\":{\"@id\":\"https:\\\/\\\/radioljubuski.ba\\\/index.php\\\/2021\\\/06\\\/15\\\/obiljezena-28-godisnjica-pogibije-pripadnika-humanitarnog-konvoja-zivota-za-lasvansku-dolinu\\\/#breadcrumb\"},\"inLanguage\":\"hr\",\"potentialAction\":[{\"@type\":\"ReadAction\",\"target\":[\"https:\\\/\\\/radioljubuski.ba\\\/index.php\\\/2021\\\/06\\\/15\\\/obiljezena-28-godisnjica-pogibije-pripadnika-humanitarnog-konvoja-zivota-za-lasvansku-dolinu\\\/\"]}]},{\"@type\":\"ImageObject\",\"inLanguage\":\"hr\",\"@id\":\"https:\\\/\\\/radioljubuski.ba\\\/index.php\\\/2021\\\/06\\\/15\\\/obiljezena-28-godisnjica-pogibije-pripadnika-humanitarnog-konvoja-zivota-za-lasvansku-dolinu\\\/#primaryimage\",\"url\":\"https:\\\/\\\/radioljubuski.ba\\\/wp-content\\\/uploads\\\/2021\\\/06\\\/dishfasfas.png\",\"contentUrl\":\"https:\\\/\\\/radioljubuski.ba\\\/wp-content\\\/uploads\\\/2021\\\/06\\\/dishfasfas.png\",\"width\":840,\"height\":470},{\"@type\":\"BreadcrumbList\",\"@id\":\"https:\\\/\\\/radioljubuski.ba\\\/index.php\\\/2021\\\/06\\\/15\\\/obiljezena-28-godisnjica-pogibije-pripadnika-humanitarnog-konvoja-zivota-za-lasvansku-dolinu\\\/#breadcrumb\",\"itemListElement\":[{\"@type\":\"ListItem\",\"position\":1,\"name\":\"Po\u010detna stranica\",\"item\":\"https:\\\/\\\/radioljubuski.ba\\\/\"},{\"@type\":\"ListItem\",\"position\":2,\"name\":\"Obilje\u017eena 28.godi\u0161njica pogibije pripadnika Humanitarnog konvoja \u017eivota za La\u0161vansku dolinu\"}]},{\"@type\":\"WebSite\",\"@id\":\"https:\\\/\\\/radioljubuski.ba\\\/#website\",\"url\":\"https:\\\/\\\/radioljubuski.ba\\\/\",\"name\":\"Radio Ljubu\u0161ki\",\"description\":\"Sun\u010dana frekvencija Hercegovine\",\"publisher\":{\"@id\":\"https:\\\/\\\/radioljubuski.ba\\\/#organization\"},\"potentialAction\":[{\"@type\":\"SearchAction\",\"target\":{\"@type\":\"EntryPoint\",\"urlTemplate\":\"https:\\\/\\\/radioljubuski.ba\\\/?s={search_term_string}\"},\"query-input\":{\"@type\":\"PropertyValueSpecification\",\"valueRequired\":true,\"valueName\":\"search_term_string\"}}],\"inLanguage\":\"hr\"},{\"@type\":\"Organization\",\"@id\":\"https:\\\/\\\/radioljubuski.ba\\\/#organization\",\"name\":\"Radio Ljubu\u0161ki\",\"url\":\"https:\\\/\\\/radioljubuski.ba\\\/\",\"logo\":{\"@type\":\"ImageObject\",\"inLanguage\":\"hr\",\"@id\":\"https:\\\/\\\/radioljubuski.ba\\\/#\\\/schema\\\/logo\\\/image\\\/\",\"url\":\"https:\\\/\\\/radioljubuski.ba\\\/wp-content\\\/uploads\\\/2021\\\/02\\\/cropped-Radio_Ljubuski_logo1.jpg\",\"contentUrl\":\"https:\\\/\\\/radioljubuski.ba\\\/wp-content\\\/uploads\\\/2021\\\/02\\\/cropped-Radio_Ljubuski_logo1.jpg\",\"width\":512,\"height\":512,\"caption\":\"Radio Ljubu\u0161ki\"},\"image\":{\"@id\":\"https:\\\/\\\/radioljubuski.ba\\\/#\\\/schema\\\/logo\\\/image\\\/\"},\"sameAs\":[\"https:\\\/\\\/www.facebook.com\\\/Radiio-Ljubuski-1490835324566332\",\"https:\\\/\\\/x.com\\\/radioljubuski\",\"https:\\\/\\\/hr.linkedin.com\\\/company\\\/radio-ljubuski\",\"https:\\\/\\\/www.youtube.com\\\/channel\\\/UCHYaeO_n0Db3tjNGudGpXyw\"]},{\"@type\":\"Person\",\"@id\":\"https:\\\/\\\/radioljubuski.ba\\\/#\\\/schema\\\/person\\\/19fc700381a780f69665d7956c469e3b\",\"name\":\"Radio Ljubu\u0161ki\"}]}<\/script>\n<!-- \/ Yoast SEO plugin. -->","yoast_head_json":{"title":"Obilje\u017eena 28.godi\u0161njica pogibije pripadnika Humanitarnog konvoja \u017eivota za La\u0161vansku dolinu - RADIO LJUBU\u0160KI","robots":{"index":"index","follow":"follow","max-snippet":"max-snippet:-1","max-image-preview":"max-image-preview:large","max-video-preview":"max-video-preview:-1"},"canonical":"https:\/\/radioljubuski.ba\/index.php\/2021\/06\/15\/obiljezena-28-godisnjica-pogibije-pripadnika-humanitarnog-konvoja-zivota-za-lasvansku-dolinu\/","og_locale":"hr_HR","og_type":"article","og_title":"Obilje\u017eena 28.godi\u0161njica pogibije pripadnika Humanitarnog konvoja \u017eivota za La\u0161vansku dolinu - RADIO LJUBU\u0160KI","og_description":"Polaganjem vijenaca na spomen obilje\u017eju Busova\u010dke staje i svetom misom zadu\u0161nicom obilje\u017eena je 28. godi\u0161njica stradanja pripadnika Humanitarnog konvoja \u017eivota za La\u0161vansku dolinu. Misu zadu\u0161nicu predslavio je vite\u0161ki \u017eupnik fra Velimir Bavrka. \u201cDragi domoljubi, branitelji i obitelji poginulih, s po\u0161tovanjem gledam na svako srce koje je ovdje do\u0161lo, osobito na obitelji poginulih: Ivice Smolje, Marka [&hellip;]","og_url":"https:\/\/radioljubuski.ba\/index.php\/2021\/06\/15\/obiljezena-28-godisnjica-pogibije-pripadnika-humanitarnog-konvoja-zivota-za-lasvansku-dolinu\/","og_site_name":"RADIO LJUBU\u0160KI","article_publisher":"https:\/\/www.facebook.com\/Radiio-Ljubuski-1490835324566332","article_published_time":"2021-06-15T15:16:42+00:00","article_modified_time":"2021-06-15T15:16:44+00:00","og_image":[{"width":840,"height":470,"url":"https:\/\/radioljubuski.ba\/wp-content\/uploads\/2021\/06\/dishfasfas.png","type":"image\/png"}],"author":"Radio Ljubu\u0161ki","twitter_card":"summary_large_image","twitter_creator":"@radioljubuski","twitter_site":"@radioljubuski","twitter_misc":{"Napisao\/la":"Radio Ljubu\u0161ki","Procijenjeno vrijeme \u010ditanja":"2 minute"},"schema":{"@context":"https:\/\/schema.org","@graph":[{"@type":"Article","@id":"https:\/\/radioljubuski.ba\/index.php\/2021\/06\/15\/obiljezena-28-godisnjica-pogibije-pripadnika-humanitarnog-konvoja-zivota-za-lasvansku-dolinu\/#article","isPartOf":{"@id":"https:\/\/radioljubuski.ba\/index.php\/2021\/06\/15\/obiljezena-28-godisnjica-pogibije-pripadnika-humanitarnog-konvoja-zivota-za-lasvansku-dolinu\/"},"author":{"name":"Radio Ljubu\u0161ki","@id":"https:\/\/radioljubuski.ba\/#\/schema\/person\/19fc700381a780f69665d7956c469e3b"},"headline":"Obilje\u017eena 28.godi\u0161njica pogibije pripadnika Humanitarnog konvoja \u017eivota za La\u0161vansku dolinu","datePublished":"2021-06-15T15:16:42+00:00","dateModified":"2021-06-15T15:16:44+00:00","mainEntityOfPage":{"@id":"https:\/\/radioljubuski.ba\/index.php\/2021\/06\/15\/obiljezena-28-godisnjica-pogibije-pripadnika-humanitarnog-konvoja-zivota-za-lasvansku-dolinu\/"},"wordCount":368,"publisher":{"@id":"https:\/\/radioljubuski.ba\/#organization"},"image":{"@id":"https:\/\/radioljubuski.ba\/index.php\/2021\/06\/15\/obiljezena-28-godisnjica-pogibije-pripadnika-humanitarnog-konvoja-zivota-za-lasvansku-dolinu\/#primaryimage"},"thumbnailUrl":"https:\/\/radioljubuski.ba\/wp-content\/uploads\/2021\/06\/dishfasfas.png","articleSection":["BIH i regija"],"inLanguage":"hr"},{"@type":"WebPage","@id":"https:\/\/radioljubuski.ba\/index.php\/2021\/06\/15\/obiljezena-28-godisnjica-pogibije-pripadnika-humanitarnog-konvoja-zivota-za-lasvansku-dolinu\/","url":"https:\/\/radioljubuski.ba\/index.php\/2021\/06\/15\/obiljezena-28-godisnjica-pogibije-pripadnika-humanitarnog-konvoja-zivota-za-lasvansku-dolinu\/","name":"Obilje\u017eena 28.godi\u0161njica pogibije pripadnika Humanitarnog konvoja \u017eivota za La\u0161vansku dolinu - RADIO LJUBU\u0160KI","isPartOf":{"@id":"https:\/\/radioljubuski.ba\/#website"},"primaryImageOfPage":{"@id":"https:\/\/radioljubuski.ba\/index.php\/2021\/06\/15\/obiljezena-28-godisnjica-pogibije-pripadnika-humanitarnog-konvoja-zivota-za-lasvansku-dolinu\/#primaryimage"},"image":{"@id":"https:\/\/radioljubuski.ba\/index.php\/2021\/06\/15\/obiljezena-28-godisnjica-pogibije-pripadnika-humanitarnog-konvoja-zivota-za-lasvansku-dolinu\/#primaryimage"},"thumbnailUrl":"https:\/\/radioljubuski.ba\/wp-content\/uploads\/2021\/06\/dishfasfas.png","datePublished":"2021-06-15T15:16:42+00:00","dateModified":"2021-06-15T15:16:44+00:00","breadcrumb":{"@id":"https:\/\/radioljubuski.ba\/index.php\/2021\/06\/15\/obiljezena-28-godisnjica-pogibije-pripadnika-humanitarnog-konvoja-zivota-za-lasvansku-dolinu\/#breadcrumb"},"inLanguage":"hr","potentialAction":[{"@type":"ReadAction","target":["https:\/\/radioljubuski.ba\/index.php\/2021\/06\/15\/obiljezena-28-godisnjica-pogibije-pripadnika-humanitarnog-konvoja-zivota-za-lasvansku-dolinu\/"]}]},{"@type":"ImageObject","inLanguage":"hr","@id":"https:\/\/radioljubuski.ba\/index.php\/2021\/06\/15\/obiljezena-28-godisnjica-pogibije-pripadnika-humanitarnog-konvoja-zivota-za-lasvansku-dolinu\/#primaryimage","url":"https:\/\/radioljubuski.ba\/wp-content\/uploads\/2021\/06\/dishfasfas.png","contentUrl":"https:\/\/radioljubuski.ba\/wp-content\/uploads\/2021\/06\/dishfasfas.png","width":840,"height":470},{"@type":"BreadcrumbList","@id":"https:\/\/radioljubuski.ba\/index.php\/2021\/06\/15\/obiljezena-28-godisnjica-pogibije-pripadnika-humanitarnog-konvoja-zivota-za-lasvansku-dolinu\/#breadcrumb","itemListElement":[{"@type":"ListItem","position":1,"name":"Po\u010detna stranica","item":"https:\/\/radioljubuski.ba\/"},{"@type":"ListItem","position":2,"name":"Obilje\u017eena 28.godi\u0161njica pogibije pripadnika Humanitarnog konvoja \u017eivota za La\u0161vansku dolinu"}]},{"@type":"WebSite","@id":"https:\/\/radioljubuski.ba\/#website","url":"https:\/\/radioljubuski.ba\/","name":"Radio Ljubu\u0161ki","description":"Sun\u010dana frekvencija Hercegovine","publisher":{"@id":"https:\/\/radioljubuski.ba\/#organization"},"potentialAction":[{"@type":"SearchAction","target":{"@type":"EntryPoint","urlTemplate":"https:\/\/radioljubuski.ba\/?s={search_term_string}"},"query-input":{"@type":"PropertyValueSpecification","valueRequired":true,"valueName":"search_term_string"}}],"inLanguage":"hr"},{"@type":"Organization","@id":"https:\/\/radioljubuski.ba\/#organization","name":"Radio Ljubu\u0161ki","url":"https:\/\/radioljubuski.ba\/","logo":{"@type":"ImageObject","inLanguage":"hr","@id":"https:\/\/radioljubuski.ba\/#\/schema\/logo\/image\/","url":"https:\/\/radioljubuski.ba\/wp-content\/uploads\/2021\/02\/cropped-Radio_Ljubuski_logo1.jpg","contentUrl":"https:\/\/radioljubuski.ba\/wp-content\/uploads\/2021\/02\/cropped-Radio_Ljubuski_logo1.jpg","width":512,"height":512,"caption":"Radio Ljubu\u0161ki"},"image":{"@id":"https:\/\/radioljubuski.ba\/#\/schema\/logo\/image\/"},"sameAs":["https:\/\/www.facebook.com\/Radiio-Ljubuski-1490835324566332","https:\/\/x.com\/radioljubuski","https:\/\/hr.linkedin.com\/company\/radio-ljubuski","https:\/\/www.youtube.com\/channel\/UCHYaeO_n0Db3tjNGudGpXyw"]},{"@type":"Person","@id":"https:\/\/radioljubuski.ba\/#\/schema\/person\/19fc700381a780f69665d7956c469e3b","name":"Radio Ljubu\u0161ki"}]}},"_links":{"self":[{"href":"https:\/\/radioljubuski.ba\/index.php\/wp-json\/wp\/v2\/posts\/32789","targetHints":{"allow":["GET"]}}],"collection":[{"href":"https:\/\/radioljubuski.ba\/index.php\/wp-json\/wp\/v2\/posts"}],"about":[{"href":"https:\/\/radioljubuski.ba\/index.php\/wp-json\/wp\/v2\/types\/post"}],"author":[{"embeddable":true,"href":"https:\/\/radioljubuski.ba\/index.php\/wp-json\/wp\/v2\/users\/2"}],"replies":[{"embeddable":true,"href":"https:\/\/radioljubuski.ba\/index.php\/wp-json\/wp\/v2\/comments?post=32789"}],"version-history":[{"count":1,"href":"https:\/\/radioljubuski.ba\/index.php\/wp-json\/wp\/v2\/posts\/32789\/revisions"}],"predecessor-version":[{"id":32791,"href":"https:\/\/radioljubuski.ba\/index.php\/wp-json\/wp\/v2\/posts\/32789\/revisions\/32791"}],"wp:featuredmedia":[{"embeddable":true,"href":"https:\/\/radioljubuski.ba\/index.php\/wp-json\/wp\/v2\/media\/32790"}],"wp:attachment":[{"href":"https:\/\/radioljubuski.ba\/index.php\/wp-json\/wp\/v2\/media?parent=32789"}],"wp:term":[{"taxonomy":"category","embeddable":true,"href":"https:\/\/radioljubuski.ba\/index.php\/wp-json\/wp\/v2\/categories?post=32789"},{"taxonomy":"post_tag","embeddable":true,"href":"https:\/\/radioljubuski.ba\/index.php\/wp-json\/wp\/v2\/tags?post=32789"}],"curies":[{"name":"wp","href":"https:\/\/api.w.org\/{rel}","templated":true}]}}