{"id":32792,"date":"2021-06-15T16:17:39","date_gmt":"2021-06-15T15:17:39","guid":{"rendered":"https:\/\/radioljubuski.ba\/?p=32792"},"modified":"2021-06-15T16:17:40","modified_gmt":"2021-06-15T15:17:40","slug":"milanovic-u-bratislavi-kritizirao-njemacku-i-italiju-bez-hrvatske-i-srbije-se-nece-mjenjati-daytonski-sporazum","status":"publish","type":"post","link":"https:\/\/radioljubuski.ba\/index.php\/2021\/06\/15\/milanovic-u-bratislavi-kritizirao-njemacku-i-italiju-bez-hrvatske-i-srbije-se-nece-mjenjati-daytonski-sporazum\/","title":{"rendered":"Milanovi\u0107 u Bratislavi kritizirao Njema\u010dku i Italiju: Bez Hrvatske i Srbije se ne\u0107e mjenjati Daytonski sporazum"},"content":{"rendered":"\n<p><strong>Predsjednik Hrvatske Zoran Milanovi\u0107 u utorak je rekao kako su se uvr\u0161tenju Daytonskog sporazuma u deklaraciju NATO saveza protivile neke zapadne dr\u017eave, pri \u010demu je spomenuo Njema\u010dku i Italiju, i dodao da se bilo kakve promjene u BiH ne smiju dogoditi bez Hrvatske i Srbije.<\/strong><\/p>\n\n\n\n<p>Milanovi\u0107 boravi u Slova\u010dkoj gdje je sudjelovao na forumu GLOBSEC te se sastao sa slova\u010dkom predsjednicom Zuzanom \u010caputovom i poljskim predsjednikom Andrzejom Dudom.<\/p>\n\n\n\n<p>S njima je razgovarao o sjevernoatlantskom sastanku na vrhu u ponedjeljak u Bruxellesu na kojem je Hrvatska, prema rije\u010dima hrvatskog predsjednika, tek nakon \u0161est dana inzistiranja uspjela u zavr\u0161nu deklaraciju ubaciti referencu na Daytonski sporazum.<\/p>\n\n\n\n<p>\u201cTo se nije smjelo dogoditi, to je trebalo biti rije\u0161eno jo\u0161 prije tjedan dana. Netko se tome protivi, dakle netko ima problema s Daytonom, \u017eeli ga razmontirati\u201d, rekao je Milanovi\u0107 i dodao da te dr\u017eave istovremeno kritiziraju srpskog \u010dlana Predsjedni\u0161tva BiH Milorada Dodika zbog kr\u0161enja Daytonskog sporazuma.<\/p>\n\n\n\n<p>\u201cTo je potpuno poreme\u0107ena logika, tu ne\u0161to nije normalno\u201d, smatra predsjednik Hrvatske.<\/p>\n\n\n\n<p>Rekao je da se uvr\u0161tenju Daytona u zavr\u0161nu deklaraciju NATO-a protivilo \u201cvi\u0161e dr\u017eava\u201d, Njema\u010dka, Italija, odnosno \u201cniz zapadnih diplomacija\u201d.<\/p>\n\n\n\n<p>\u201cZapadna Europa koja na nekoj toksi\u010dnoj razini, jer to nisu \u010delni ljudi, to sigurno nije Angela Merkel, naprosto izvodi gluposti, rastapa i rasta\u010de jedan temelj BiH koji je, kakva god je, osigurava od potresa\u201d.<\/p>\n\n\n\n<p>Kritika njema\u010dkoj diplomaciji<\/p>\n\n\n\n<p>Milanovi\u0107 je istaknuo da pregovore o deklaraciji nije vodila njema\u010dka kancelarka nego ministarstvo vanjskih poslova koje \u201cpokriva druga, njemu bliska politi\u010dka opcija, dakle ljudi koji su u svojim fantazijama skloni blesavim eksperimentima\u201d.<\/p>\n\n\n\n<p>Aktualni \u0161ef njema\u010dke diplomacije je Heiko Maas, \u010dlan socijaldemokrata koji vladaju u koaliciji s Kr\u0161\u0107ansko-demokratskom unijom Angele Merkel.<\/p>\n\n\n\n<p>Dio zapadnih dr\u017eava za BiH zagovara takozvani \u201cgra\u0111anski\u201d model kojim bi se zamijenio dejtonski koncept triju jednakopravnih naroda, a predsjednik Hrvatske je dan ranije kazao kako \u201cto zvu\u010di jako plemenito, ali je u stvari podvala\u201d.<\/p>\n\n\n\n<p>\u201cTo neka si rade doma. BiH je takva kakva je, tu je ogromna granica i moramo je sutra \u010duvati za Schengen\u201d, rekao je predsjednik Hrvatske.<\/p>\n\n\n\n<p>Naglasio je kako se planovi za BiH ne mogu donositi \u201cispod radara\u201d te da bilo kakve promjene u susjednoj dr\u017eavi moraju uklju\u010divati Hrvatsku i Srbiju, izvorne potpisnice Daytonskog sporazuma.<\/p>\n\n\n\n<p>\u201cZato sam ljudima koji o tome ne znaju puno jer ih se to ne ti\u010de, njima je to fusnota, a nama ogromna pri\u010da, objasnio \u0161to je posrijedi po pitanju Daytona i BiH\u201d, istaknuo je Milanovi\u0107 o susretu sa slova\u010dkom kolegicom i poljskim kolegom.<\/p>\n\n\n\n<p>\u201cTo se tako radi u diplomaciji, koliko se ja sje\u0107am. Nekad sam bio u diplomaciji i nisam nikad izazvao skandal. Onda sam do\u0161ao u politiku \u2013 tu morate izazivati skandale da bi vas \u010duli\u201d, zaklju\u010dio je predsjednik Hrvatske.<\/p>\n\n\n\n<p>\/Hina\/HMS\/<\/p>\n","protected":false},"excerpt":{"rendered":"<p>Predsjednik Hrvatske Zoran Milanovi\u0107 u utorak je rekao kako su se uvr\u0161tenju Daytonskog sporazuma u deklaraciju NATO saveza protivile neke zapadne dr\u017eave, pri \u010demu je spomenuo Njema\u010dku i Italiju, i dodao da se bilo kakve promjene u BiH ne smiju dogoditi bez Hrvatske i Srbije. Milanovi\u0107 boravi u Slova\u010dkoj gdje je sudjelovao na forumu GLOBSEC [&hellip;]<\/p>\n","protected":false},"author":2,"featured_media":32793,"comment_status":"closed","ping_status":"closed","sticky":false,"template":"","format":"standard","meta":{"h5ap_radio_sources":[],"footnotes":""},"categories":[1],"tags":[],"class_list":["post-32792","post","type-post","status-publish","format-standard","has-post-thumbnail","hentry","category-bihiregija"],"yoast_head":"<!-- This site is optimized with the Yoast SEO plugin v27.5 - https:\/\/yoast.com\/product\/yoast-seo-wordpress\/ -->\n<title>Milanovi\u0107 u Bratislavi kritizirao Njema\u010dku i Italiju: Bez Hrvatske i Srbije se ne\u0107e mjenjati Daytonski sporazum - RADIO LJUBU\u0160KI<\/title>\n<meta name=\"robots\" content=\"index, follow, max-snippet:-1, max-image-preview:large, max-video-preview:-1\" \/>\n<link rel=\"canonical\" href=\"https:\/\/radioljubuski.ba\/index.php\/2021\/06\/15\/milanovic-u-bratislavi-kritizirao-njemacku-i-italiju-bez-hrvatske-i-srbije-se-nece-mjenjati-daytonski-sporazum\/\" \/>\n<meta property=\"og:locale\" content=\"hr_HR\" \/>\n<meta property=\"og:type\" content=\"article\" \/>\n<meta property=\"og:title\" content=\"Milanovi\u0107 u Bratislavi kritizirao Njema\u010dku i Italiju: Bez Hrvatske i Srbije se ne\u0107e mjenjati Daytonski sporazum - RADIO LJUBU\u0160KI\" \/>\n<meta property=\"og:description\" content=\"Predsjednik Hrvatske Zoran Milanovi\u0107 u utorak je rekao kako su se uvr\u0161tenju Daytonskog sporazuma u deklaraciju NATO saveza protivile neke zapadne dr\u017eave, pri \u010demu je spomenuo Njema\u010dku i Italiju, i dodao da se bilo kakve promjene u BiH ne smiju dogoditi bez Hrvatske i Srbije. Milanovi\u0107 boravi u Slova\u010dkoj gdje je sudjelovao na forumu GLOBSEC [&hellip;]\" \/>\n<meta property=\"og:url\" content=\"https:\/\/radioljubuski.ba\/index.php\/2021\/06\/15\/milanovic-u-bratislavi-kritizirao-njemacku-i-italiju-bez-hrvatske-i-srbije-se-nece-mjenjati-daytonski-sporazum\/\" \/>\n<meta property=\"og:site_name\" content=\"RADIO LJUBU\u0160KI\" \/>\n<meta property=\"article:publisher\" content=\"https:\/\/www.facebook.com\/Radiio-Ljubuski-1490835324566332\" \/>\n<meta property=\"article:published_time\" content=\"2021-06-15T15:17:39+00:00\" \/>\n<meta property=\"article:modified_time\" content=\"2021-06-15T15:17:40+00:00\" \/>\n<meta property=\"og:image\" content=\"https:\/\/radioljubuski.ba\/wp-content\/uploads\/2021\/06\/Milanovic-1068x601-1.jpg\" \/>\n\t<meta property=\"og:image:width\" content=\"1068\" \/>\n\t<meta property=\"og:image:height\" content=\"601\" \/>\n\t<meta property=\"og:image:type\" content=\"image\/jpeg\" \/>\n<meta name=\"author\" content=\"Radio Ljubu\u0161ki\" \/>\n<meta name=\"twitter:card\" content=\"summary_large_image\" \/>\n<meta name=\"twitter:creator\" content=\"@radioljubuski\" \/>\n<meta name=\"twitter:site\" content=\"@radioljubuski\" \/>\n<meta name=\"twitter:label1\" content=\"Napisao\/la\" \/>\n\t<meta name=\"twitter:data1\" content=\"Radio Ljubu\u0161ki\" \/>\n\t<meta name=\"twitter:label2\" content=\"Procijenjeno vrijeme \u010ditanja\" \/>\n\t<meta name=\"twitter:data2\" content=\"2 minute\" \/>\n<script type=\"application\/ld+json\" class=\"yoast-schema-graph\">{\"@context\":\"https:\\\/\\\/schema.org\",\"@graph\":[{\"@type\":\"Article\",\"@id\":\"https:\\\/\\\/radioljubuski.ba\\\/index.php\\\/2021\\\/06\\\/15\\\/milanovic-u-bratislavi-kritizirao-njemacku-i-italiju-bez-hrvatske-i-srbije-se-nece-mjenjati-daytonski-sporazum\\\/#article\",\"isPartOf\":{\"@id\":\"https:\\\/\\\/radioljubuski.ba\\\/index.php\\\/2021\\\/06\\\/15\\\/milanovic-u-bratislavi-kritizirao-njemacku-i-italiju-bez-hrvatske-i-srbije-se-nece-mjenjati-daytonski-sporazum\\\/\"},\"author\":{\"name\":\"Radio Ljubu\u0161ki\",\"@id\":\"https:\\\/\\\/radioljubuski.ba\\\/#\\\/schema\\\/person\\\/19fc700381a780f69665d7956c469e3b\"},\"headline\":\"Milanovi\u0107 u Bratislavi kritizirao Njema\u010dku i Italiju: Bez Hrvatske i Srbije se ne\u0107e mjenjati Daytonski sporazum\",\"datePublished\":\"2021-06-15T15:17:39+00:00\",\"dateModified\":\"2021-06-15T15:17:40+00:00\",\"mainEntityOfPage\":{\"@id\":\"https:\\\/\\\/radioljubuski.ba\\\/index.php\\\/2021\\\/06\\\/15\\\/milanovic-u-bratislavi-kritizirao-njemacku-i-italiju-bez-hrvatske-i-srbije-se-nece-mjenjati-daytonski-sporazum\\\/\"},\"wordCount\":493,\"publisher\":{\"@id\":\"https:\\\/\\\/radioljubuski.ba\\\/#organization\"},\"image\":{\"@id\":\"https:\\\/\\\/radioljubuski.ba\\\/index.php\\\/2021\\\/06\\\/15\\\/milanovic-u-bratislavi-kritizirao-njemacku-i-italiju-bez-hrvatske-i-srbije-se-nece-mjenjati-daytonski-sporazum\\\/#primaryimage\"},\"thumbnailUrl\":\"https:\\\/\\\/radioljubuski.ba\\\/wp-content\\\/uploads\\\/2021\\\/06\\\/Milanovic-1068x601-1.jpg\",\"articleSection\":[\"BIH i regija\"],\"inLanguage\":\"hr\"},{\"@type\":\"WebPage\",\"@id\":\"https:\\\/\\\/radioljubuski.ba\\\/index.php\\\/2021\\\/06\\\/15\\\/milanovic-u-bratislavi-kritizirao-njemacku-i-italiju-bez-hrvatske-i-srbije-se-nece-mjenjati-daytonski-sporazum\\\/\",\"url\":\"https:\\\/\\\/radioljubuski.ba\\\/index.php\\\/2021\\\/06\\\/15\\\/milanovic-u-bratislavi-kritizirao-njemacku-i-italiju-bez-hrvatske-i-srbije-se-nece-mjenjati-daytonski-sporazum\\\/\",\"name\":\"Milanovi\u0107 u Bratislavi kritizirao Njema\u010dku i Italiju: Bez Hrvatske i Srbije se ne\u0107e mjenjati Daytonski sporazum - RADIO LJUBU\u0160KI\",\"isPartOf\":{\"@id\":\"https:\\\/\\\/radioljubuski.ba\\\/#website\"},\"primaryImageOfPage\":{\"@id\":\"https:\\\/\\\/radioljubuski.ba\\\/index.php\\\/2021\\\/06\\\/15\\\/milanovic-u-bratislavi-kritizirao-njemacku-i-italiju-bez-hrvatske-i-srbije-se-nece-mjenjati-daytonski-sporazum\\\/#primaryimage\"},\"image\":{\"@id\":\"https:\\\/\\\/radioljubuski.ba\\\/index.php\\\/2021\\\/06\\\/15\\\/milanovic-u-bratislavi-kritizirao-njemacku-i-italiju-bez-hrvatske-i-srbije-se-nece-mjenjati-daytonski-sporazum\\\/#primaryimage\"},\"thumbnailUrl\":\"https:\\\/\\\/radioljubuski.ba\\\/wp-content\\\/uploads\\\/2021\\\/06\\\/Milanovic-1068x601-1.jpg\",\"datePublished\":\"2021-06-15T15:17:39+00:00\",\"dateModified\":\"2021-06-15T15:17:40+00:00\",\"breadcrumb\":{\"@id\":\"https:\\\/\\\/radioljubuski.ba\\\/index.php\\\/2021\\\/06\\\/15\\\/milanovic-u-bratislavi-kritizirao-njemacku-i-italiju-bez-hrvatske-i-srbije-se-nece-mjenjati-daytonski-sporazum\\\/#breadcrumb\"},\"inLanguage\":\"hr\",\"potentialAction\":[{\"@type\":\"ReadAction\",\"target\":[\"https:\\\/\\\/radioljubuski.ba\\\/index.php\\\/2021\\\/06\\\/15\\\/milanovic-u-bratislavi-kritizirao-njemacku-i-italiju-bez-hrvatske-i-srbije-se-nece-mjenjati-daytonski-sporazum\\\/\"]}]},{\"@type\":\"ImageObject\",\"inLanguage\":\"hr\",\"@id\":\"https:\\\/\\\/radioljubuski.ba\\\/index.php\\\/2021\\\/06\\\/15\\\/milanovic-u-bratislavi-kritizirao-njemacku-i-italiju-bez-hrvatske-i-srbije-se-nece-mjenjati-daytonski-sporazum\\\/#primaryimage\",\"url\":\"https:\\\/\\\/radioljubuski.ba\\\/wp-content\\\/uploads\\\/2021\\\/06\\\/Milanovic-1068x601-1.jpg\",\"contentUrl\":\"https:\\\/\\\/radioljubuski.ba\\\/wp-content\\\/uploads\\\/2021\\\/06\\\/Milanovic-1068x601-1.jpg\",\"width\":1068,\"height\":601},{\"@type\":\"BreadcrumbList\",\"@id\":\"https:\\\/\\\/radioljubuski.ba\\\/index.php\\\/2021\\\/06\\\/15\\\/milanovic-u-bratislavi-kritizirao-njemacku-i-italiju-bez-hrvatske-i-srbije-se-nece-mjenjati-daytonski-sporazum\\\/#breadcrumb\",\"itemListElement\":[{\"@type\":\"ListItem\",\"position\":1,\"name\":\"Po\u010detna stranica\",\"item\":\"https:\\\/\\\/radioljubuski.ba\\\/\"},{\"@type\":\"ListItem\",\"position\":2,\"name\":\"Milanovi\u0107 u Bratislavi kritizirao Njema\u010dku i Italiju: Bez Hrvatske i Srbije se ne\u0107e mjenjati Daytonski sporazum\"}]},{\"@type\":\"WebSite\",\"@id\":\"https:\\\/\\\/radioljubuski.ba\\\/#website\",\"url\":\"https:\\\/\\\/radioljubuski.ba\\\/\",\"name\":\"Radio Ljubu\u0161ki\",\"description\":\"Sun\u010dana frekvencija Hercegovine\",\"publisher\":{\"@id\":\"https:\\\/\\\/radioljubuski.ba\\\/#organization\"},\"potentialAction\":[{\"@type\":\"SearchAction\",\"target\":{\"@type\":\"EntryPoint\",\"urlTemplate\":\"https:\\\/\\\/radioljubuski.ba\\\/?s={search_term_string}\"},\"query-input\":{\"@type\":\"PropertyValueSpecification\",\"valueRequired\":true,\"valueName\":\"search_term_string\"}}],\"inLanguage\":\"hr\"},{\"@type\":\"Organization\",\"@id\":\"https:\\\/\\\/radioljubuski.ba\\\/#organization\",\"name\":\"Radio Ljubu\u0161ki\",\"url\":\"https:\\\/\\\/radioljubuski.ba\\\/\",\"logo\":{\"@type\":\"ImageObject\",\"inLanguage\":\"hr\",\"@id\":\"https:\\\/\\\/radioljubuski.ba\\\/#\\\/schema\\\/logo\\\/image\\\/\",\"url\":\"https:\\\/\\\/radioljubuski.ba\\\/wp-content\\\/uploads\\\/2021\\\/02\\\/cropped-Radio_Ljubuski_logo1.jpg\",\"contentUrl\":\"https:\\\/\\\/radioljubuski.ba\\\/wp-content\\\/uploads\\\/2021\\\/02\\\/cropped-Radio_Ljubuski_logo1.jpg\",\"width\":512,\"height\":512,\"caption\":\"Radio Ljubu\u0161ki\"},\"image\":{\"@id\":\"https:\\\/\\\/radioljubuski.ba\\\/#\\\/schema\\\/logo\\\/image\\\/\"},\"sameAs\":[\"https:\\\/\\\/www.facebook.com\\\/Radiio-Ljubuski-1490835324566332\",\"https:\\\/\\\/x.com\\\/radioljubuski\",\"https:\\\/\\\/hr.linkedin.com\\\/company\\\/radio-ljubuski\",\"https:\\\/\\\/www.youtube.com\\\/channel\\\/UCHYaeO_n0Db3tjNGudGpXyw\"]},{\"@type\":\"Person\",\"@id\":\"https:\\\/\\\/radioljubuski.ba\\\/#\\\/schema\\\/person\\\/19fc700381a780f69665d7956c469e3b\",\"name\":\"Radio Ljubu\u0161ki\"}]}<\/script>\n<!-- \/ Yoast SEO plugin. -->","yoast_head_json":{"title":"Milanovi\u0107 u Bratislavi kritizirao Njema\u010dku i Italiju: Bez Hrvatske i Srbije se ne\u0107e mjenjati Daytonski sporazum - RADIO LJUBU\u0160KI","robots":{"index":"index","follow":"follow","max-snippet":"max-snippet:-1","max-image-preview":"max-image-preview:large","max-video-preview":"max-video-preview:-1"},"canonical":"https:\/\/radioljubuski.ba\/index.php\/2021\/06\/15\/milanovic-u-bratislavi-kritizirao-njemacku-i-italiju-bez-hrvatske-i-srbije-se-nece-mjenjati-daytonski-sporazum\/","og_locale":"hr_HR","og_type":"article","og_title":"Milanovi\u0107 u Bratislavi kritizirao Njema\u010dku i Italiju: Bez Hrvatske i Srbije se ne\u0107e mjenjati Daytonski sporazum - RADIO LJUBU\u0160KI","og_description":"Predsjednik Hrvatske Zoran Milanovi\u0107 u utorak je rekao kako su se uvr\u0161tenju Daytonskog sporazuma u deklaraciju NATO saveza protivile neke zapadne dr\u017eave, pri \u010demu je spomenuo Njema\u010dku i Italiju, i dodao da se bilo kakve promjene u BiH ne smiju dogoditi bez Hrvatske i Srbije. Milanovi\u0107 boravi u Slova\u010dkoj gdje je sudjelovao na forumu GLOBSEC [&hellip;]","og_url":"https:\/\/radioljubuski.ba\/index.php\/2021\/06\/15\/milanovic-u-bratislavi-kritizirao-njemacku-i-italiju-bez-hrvatske-i-srbije-se-nece-mjenjati-daytonski-sporazum\/","og_site_name":"RADIO LJUBU\u0160KI","article_publisher":"https:\/\/www.facebook.com\/Radiio-Ljubuski-1490835324566332","article_published_time":"2021-06-15T15:17:39+00:00","article_modified_time":"2021-06-15T15:17:40+00:00","og_image":[{"width":1068,"height":601,"url":"https:\/\/radioljubuski.ba\/wp-content\/uploads\/2021\/06\/Milanovic-1068x601-1.jpg","type":"image\/jpeg"}],"author":"Radio Ljubu\u0161ki","twitter_card":"summary_large_image","twitter_creator":"@radioljubuski","twitter_site":"@radioljubuski","twitter_misc":{"Napisao\/la":"Radio Ljubu\u0161ki","Procijenjeno vrijeme \u010ditanja":"2 minute"},"schema":{"@context":"https:\/\/schema.org","@graph":[{"@type":"Article","@id":"https:\/\/radioljubuski.ba\/index.php\/2021\/06\/15\/milanovic-u-bratislavi-kritizirao-njemacku-i-italiju-bez-hrvatske-i-srbije-se-nece-mjenjati-daytonski-sporazum\/#article","isPartOf":{"@id":"https:\/\/radioljubuski.ba\/index.php\/2021\/06\/15\/milanovic-u-bratislavi-kritizirao-njemacku-i-italiju-bez-hrvatske-i-srbije-se-nece-mjenjati-daytonski-sporazum\/"},"author":{"name":"Radio Ljubu\u0161ki","@id":"https:\/\/radioljubuski.ba\/#\/schema\/person\/19fc700381a780f69665d7956c469e3b"},"headline":"Milanovi\u0107 u Bratislavi kritizirao Njema\u010dku i Italiju: Bez Hrvatske i Srbije se ne\u0107e mjenjati Daytonski sporazum","datePublished":"2021-06-15T15:17:39+00:00","dateModified":"2021-06-15T15:17:40+00:00","mainEntityOfPage":{"@id":"https:\/\/radioljubuski.ba\/index.php\/2021\/06\/15\/milanovic-u-bratislavi-kritizirao-njemacku-i-italiju-bez-hrvatske-i-srbije-se-nece-mjenjati-daytonski-sporazum\/"},"wordCount":493,"publisher":{"@id":"https:\/\/radioljubuski.ba\/#organization"},"image":{"@id":"https:\/\/radioljubuski.ba\/index.php\/2021\/06\/15\/milanovic-u-bratislavi-kritizirao-njemacku-i-italiju-bez-hrvatske-i-srbije-se-nece-mjenjati-daytonski-sporazum\/#primaryimage"},"thumbnailUrl":"https:\/\/radioljubuski.ba\/wp-content\/uploads\/2021\/06\/Milanovic-1068x601-1.jpg","articleSection":["BIH i regija"],"inLanguage":"hr"},{"@type":"WebPage","@id":"https:\/\/radioljubuski.ba\/index.php\/2021\/06\/15\/milanovic-u-bratislavi-kritizirao-njemacku-i-italiju-bez-hrvatske-i-srbije-se-nece-mjenjati-daytonski-sporazum\/","url":"https:\/\/radioljubuski.ba\/index.php\/2021\/06\/15\/milanovic-u-bratislavi-kritizirao-njemacku-i-italiju-bez-hrvatske-i-srbije-se-nece-mjenjati-daytonski-sporazum\/","name":"Milanovi\u0107 u Bratislavi kritizirao Njema\u010dku i Italiju: Bez Hrvatske i Srbije se ne\u0107e mjenjati Daytonski sporazum - RADIO LJUBU\u0160KI","isPartOf":{"@id":"https:\/\/radioljubuski.ba\/#website"},"primaryImageOfPage":{"@id":"https:\/\/radioljubuski.ba\/index.php\/2021\/06\/15\/milanovic-u-bratislavi-kritizirao-njemacku-i-italiju-bez-hrvatske-i-srbije-se-nece-mjenjati-daytonski-sporazum\/#primaryimage"},"image":{"@id":"https:\/\/radioljubuski.ba\/index.php\/2021\/06\/15\/milanovic-u-bratislavi-kritizirao-njemacku-i-italiju-bez-hrvatske-i-srbije-se-nece-mjenjati-daytonski-sporazum\/#primaryimage"},"thumbnailUrl":"https:\/\/radioljubuski.ba\/wp-content\/uploads\/2021\/06\/Milanovic-1068x601-1.jpg","datePublished":"2021-06-15T15:17:39+00:00","dateModified":"2021-06-15T15:17:40+00:00","breadcrumb":{"@id":"https:\/\/radioljubuski.ba\/index.php\/2021\/06\/15\/milanovic-u-bratislavi-kritizirao-njemacku-i-italiju-bez-hrvatske-i-srbije-se-nece-mjenjati-daytonski-sporazum\/#breadcrumb"},"inLanguage":"hr","potentialAction":[{"@type":"ReadAction","target":["https:\/\/radioljubuski.ba\/index.php\/2021\/06\/15\/milanovic-u-bratislavi-kritizirao-njemacku-i-italiju-bez-hrvatske-i-srbije-se-nece-mjenjati-daytonski-sporazum\/"]}]},{"@type":"ImageObject","inLanguage":"hr","@id":"https:\/\/radioljubuski.ba\/index.php\/2021\/06\/15\/milanovic-u-bratislavi-kritizirao-njemacku-i-italiju-bez-hrvatske-i-srbije-se-nece-mjenjati-daytonski-sporazum\/#primaryimage","url":"https:\/\/radioljubuski.ba\/wp-content\/uploads\/2021\/06\/Milanovic-1068x601-1.jpg","contentUrl":"https:\/\/radioljubuski.ba\/wp-content\/uploads\/2021\/06\/Milanovic-1068x601-1.jpg","width":1068,"height":601},{"@type":"BreadcrumbList","@id":"https:\/\/radioljubuski.ba\/index.php\/2021\/06\/15\/milanovic-u-bratislavi-kritizirao-njemacku-i-italiju-bez-hrvatske-i-srbije-se-nece-mjenjati-daytonski-sporazum\/#breadcrumb","itemListElement":[{"@type":"ListItem","position":1,"name":"Po\u010detna stranica","item":"https:\/\/radioljubuski.ba\/"},{"@type":"ListItem","position":2,"name":"Milanovi\u0107 u Bratislavi kritizirao Njema\u010dku i Italiju: Bez Hrvatske i Srbije se ne\u0107e mjenjati Daytonski sporazum"}]},{"@type":"WebSite","@id":"https:\/\/radioljubuski.ba\/#website","url":"https:\/\/radioljubuski.ba\/","name":"Radio Ljubu\u0161ki","description":"Sun\u010dana frekvencija Hercegovine","publisher":{"@id":"https:\/\/radioljubuski.ba\/#organization"},"potentialAction":[{"@type":"SearchAction","target":{"@type":"EntryPoint","urlTemplate":"https:\/\/radioljubuski.ba\/?s={search_term_string}"},"query-input":{"@type":"PropertyValueSpecification","valueRequired":true,"valueName":"search_term_string"}}],"inLanguage":"hr"},{"@type":"Organization","@id":"https:\/\/radioljubuski.ba\/#organization","name":"Radio Ljubu\u0161ki","url":"https:\/\/radioljubuski.ba\/","logo":{"@type":"ImageObject","inLanguage":"hr","@id":"https:\/\/radioljubuski.ba\/#\/schema\/logo\/image\/","url":"https:\/\/radioljubuski.ba\/wp-content\/uploads\/2021\/02\/cropped-Radio_Ljubuski_logo1.jpg","contentUrl":"https:\/\/radioljubuski.ba\/wp-content\/uploads\/2021\/02\/cropped-Radio_Ljubuski_logo1.jpg","width":512,"height":512,"caption":"Radio Ljubu\u0161ki"},"image":{"@id":"https:\/\/radioljubuski.ba\/#\/schema\/logo\/image\/"},"sameAs":["https:\/\/www.facebook.com\/Radiio-Ljubuski-1490835324566332","https:\/\/x.com\/radioljubuski","https:\/\/hr.linkedin.com\/company\/radio-ljubuski","https:\/\/www.youtube.com\/channel\/UCHYaeO_n0Db3tjNGudGpXyw"]},{"@type":"Person","@id":"https:\/\/radioljubuski.ba\/#\/schema\/person\/19fc700381a780f69665d7956c469e3b","name":"Radio Ljubu\u0161ki"}]}},"_links":{"self":[{"href":"https:\/\/radioljubuski.ba\/index.php\/wp-json\/wp\/v2\/posts\/32792","targetHints":{"allow":["GET"]}}],"collection":[{"href":"https:\/\/radioljubuski.ba\/index.php\/wp-json\/wp\/v2\/posts"}],"about":[{"href":"https:\/\/radioljubuski.ba\/index.php\/wp-json\/wp\/v2\/types\/post"}],"author":[{"embeddable":true,"href":"https:\/\/radioljubuski.ba\/index.php\/wp-json\/wp\/v2\/users\/2"}],"replies":[{"embeddable":true,"href":"https:\/\/radioljubuski.ba\/index.php\/wp-json\/wp\/v2\/comments?post=32792"}],"version-history":[{"count":1,"href":"https:\/\/radioljubuski.ba\/index.php\/wp-json\/wp\/v2\/posts\/32792\/revisions"}],"predecessor-version":[{"id":32794,"href":"https:\/\/radioljubuski.ba\/index.php\/wp-json\/wp\/v2\/posts\/32792\/revisions\/32794"}],"wp:featuredmedia":[{"embeddable":true,"href":"https:\/\/radioljubuski.ba\/index.php\/wp-json\/wp\/v2\/media\/32793"}],"wp:attachment":[{"href":"https:\/\/radioljubuski.ba\/index.php\/wp-json\/wp\/v2\/media?parent=32792"}],"wp:term":[{"taxonomy":"category","embeddable":true,"href":"https:\/\/radioljubuski.ba\/index.php\/wp-json\/wp\/v2\/categories?post=32792"},{"taxonomy":"post_tag","embeddable":true,"href":"https:\/\/radioljubuski.ba\/index.php\/wp-json\/wp\/v2\/tags?post=32792"}],"curies":[{"name":"wp","href":"https:\/\/api.w.org\/{rel}","templated":true}]}}