{"id":3280,"date":"2021-03-13T09:56:50","date_gmt":"2021-03-13T08:56:50","guid":{"rendered":"https:\/\/radioljubuski.ba\/?p=3280"},"modified":"2021-03-13T09:56:51","modified_gmt":"2021-03-13T08:56:51","slug":"horvat-nakon-poraza-od-francuske-problem-je-bio-u-defenzivnom-dijelu","status":"publish","type":"post","link":"https:\/\/radioljubuski.ba\/index.php\/2021\/03\/13\/horvat-nakon-poraza-od-francuske-problem-je-bio-u-defenzivnom-dijelu\/","title":{"rendered":"Horvat nakon poraza od Francuske: Problem je bio u defenzivnom dijelu"},"content":{"rendered":"\n<p><strong>Hrvatski rukometa\u0161i pora\u017eeni su na otvaranju olimpijskog kvalifikacijskog turnira u Montpellieru od Francuske.<\/strong><\/p>\n\n\n\n<p><a href=\"https:\/\/sport.hrt.hr\/rukomet\/kvalifikacije-za-oi-francuska-hrvatska-1064200\"><br><\/a><\/p>\n\n\n\n<p>Igra\u010di novog izbornika&nbsp;<strong>Hrvoja Horvata<\/strong>&nbsp;sjajno su odigrali prvih 45 minuta, imali i +5 protiv doma\u0107ina turnira, no uslijedio je pad u igri \u0161to su Francuzi znali iskoristiti stigav\u0161i do vrijedne pobjede.<br><br>&#8211; Rezultat govori sam za sebe, da se nismo uspjeli defenzivno dobro postaviti. Mo\u017eda nas je tu poremetilo i koje isklju\u010denje \u0161to smo dobili vi\u0161e nego \u0161to smo o\u010dekivali. Napad je na momente bio dobar, ali primarni je problem bio u tom defenzivnom dijelu, komentirao je dvoboj izbornik Horvat.<\/p>\n\n\n\n<p>&#8211; Prvo poluvrijeme je bilo savr\u0161enstvo, pogotovo \u0161to se ti\u010de obrane i pokretljivosti. Uspjeli smo ih stvoriti nervoznima i neodlu\u010dnima, a to je uspjeh napraviti jednoj Francuskoj. Ostaje \u017eal \u0161to to nije okrunjeno nekim boljim rezultatom. Nije ni ovo lo\u0161e, ali nije onako kako je kretala utakmica. \u0160teta da si nismo ve\u0107 sad olak\u0161ali posao, ali nema veze, ima tu dosta pozitivnih stvari. Treba se dobro rekuperati i pripremiti za subotu za Portugal, rekao je reprezentativac<strong>&nbsp;Zlatko Horvat.<\/strong><\/p>\n\n\n\n<p>&#8211; Malo je ponestalo i snage, jer smo igrali duboko pokretljivu obranu, u kojoj se ekstremno tro\u0161i. Od po\u010detka smo mi diktirali tempo, a onda smo i proma\u0161ili par &#8216;zicera&#8217;, imali par nesretnih odluka, a na kraju nam je nedostajalo i malo sre\u0107e da ovu utakmicu privedemo kraju onako kako smo htjeli. Osje\u0107ali smo se odli\u010dno i mo\u0107no, ali to je sport, rekao je&nbsp;<strong>Kre\u0161imir Kozina<\/strong>.<\/p>\n\n\n\n<p>U subotu hrvatske rukometa\u0161e o\u010dekuje dvoboj protiv Portugala, a olimpijske kvalifikacije zaklju\u010dit \u0107e nedjeljnim dvobojem protiv Tunisa.<\/p>\n\n\n\n<p>Izvor:hrt.hr<\/p>\n","protected":false},"excerpt":{"rendered":"<p>Hrvatski rukometa\u0161i pora\u017eeni su na otvaranju olimpijskog kvalifikacijskog turnira u Montpellieru od Francuske. Igra\u010di novog izbornika&nbsp;Hrvoja Horvata&nbsp;sjajno su odigrali prvih 45 minuta, imali i +5 protiv doma\u0107ina turnira, no uslijedio je pad u igri \u0161to su Francuzi znali iskoristiti stigav\u0161i do vrijedne pobjede. &#8211; Rezultat govori sam za sebe, da se nismo uspjeli defenzivno dobro [&hellip;]<\/p>\n","protected":false},"author":2,"featured_media":3281,"comment_status":"closed","ping_status":"closed","sticky":false,"template":"","format":"standard","meta":{"h5ap_radio_sources":[],"footnotes":""},"categories":[1],"tags":[],"class_list":["post-3280","post","type-post","status-publish","format-standard","has-post-thumbnail","hentry","category-bihiregija"],"yoast_head":"<!-- This site is optimized with the Yoast SEO plugin v27.5 - https:\/\/yoast.com\/product\/yoast-seo-wordpress\/ -->\n<title>Horvat nakon poraza od Francuske: Problem je bio u defenzivnom dijelu - RADIO LJUBU\u0160KI<\/title>\n<meta name=\"robots\" content=\"index, follow, max-snippet:-1, max-image-preview:large, max-video-preview:-1\" \/>\n<link rel=\"canonical\" href=\"https:\/\/radioljubuski.ba\/index.php\/2021\/03\/13\/horvat-nakon-poraza-od-francuske-problem-je-bio-u-defenzivnom-dijelu\/\" \/>\n<meta property=\"og:locale\" content=\"hr_HR\" \/>\n<meta property=\"og:type\" content=\"article\" \/>\n<meta property=\"og:title\" content=\"Horvat nakon poraza od Francuske: Problem je bio u defenzivnom dijelu - RADIO LJUBU\u0160KI\" \/>\n<meta property=\"og:description\" content=\"Hrvatski rukometa\u0161i pora\u017eeni su na otvaranju olimpijskog kvalifikacijskog turnira u Montpellieru od Francuske. Igra\u010di novog izbornika&nbsp;Hrvoja Horvata&nbsp;sjajno su odigrali prvih 45 minuta, imali i +5 protiv doma\u0107ina turnira, no uslijedio je pad u igri \u0161to su Francuzi znali iskoristiti stigav\u0161i do vrijedne pobjede. &#8211; Rezultat govori sam za sebe, da se nismo uspjeli defenzivno dobro [&hellip;]\" \/>\n<meta property=\"og:url\" content=\"https:\/\/radioljubuski.ba\/index.php\/2021\/03\/13\/horvat-nakon-poraza-od-francuske-problem-je-bio-u-defenzivnom-dijelu\/\" \/>\n<meta property=\"og:site_name\" content=\"RADIO LJUBU\u0160KI\" \/>\n<meta property=\"article:publisher\" content=\"https:\/\/www.facebook.com\/Radiio-Ljubuski-1490835324566332\" \/>\n<meta property=\"article:published_time\" content=\"2021-03-13T08:56:50+00:00\" \/>\n<meta property=\"article:modified_time\" content=\"2021-03-13T08:56:51+00:00\" \/>\n<meta property=\"og:image\" content=\"https:\/\/radioljubuski.ba\/wp-content\/uploads\/2021\/03\/t-hrvoje-horvat-20210312231049.jpg\" \/>\n\t<meta property=\"og:image:width\" content=\"1509\" \/>\n\t<meta property=\"og:image:height\" content=\"812\" \/>\n\t<meta property=\"og:image:type\" content=\"image\/jpeg\" \/>\n<meta name=\"author\" content=\"Radio Ljubu\u0161ki\" \/>\n<meta name=\"twitter:card\" content=\"summary_large_image\" \/>\n<meta name=\"twitter:creator\" content=\"@radioljubuski\" \/>\n<meta name=\"twitter:site\" content=\"@radioljubuski\" \/>\n<meta name=\"twitter:label1\" content=\"Napisao\/la\" \/>\n\t<meta name=\"twitter:data1\" content=\"Radio Ljubu\u0161ki\" \/>\n\t<meta name=\"twitter:label2\" content=\"Procijenjeno vrijeme \u010ditanja\" \/>\n\t<meta name=\"twitter:data2\" content=\"2 minute\" \/>\n<script type=\"application\/ld+json\" class=\"yoast-schema-graph\">{\"@context\":\"https:\\\/\\\/schema.org\",\"@graph\":[{\"@type\":\"Article\",\"@id\":\"https:\\\/\\\/radioljubuski.ba\\\/index.php\\\/2021\\\/03\\\/13\\\/horvat-nakon-poraza-od-francuske-problem-je-bio-u-defenzivnom-dijelu\\\/#article\",\"isPartOf\":{\"@id\":\"https:\\\/\\\/radioljubuski.ba\\\/index.php\\\/2021\\\/03\\\/13\\\/horvat-nakon-poraza-od-francuske-problem-je-bio-u-defenzivnom-dijelu\\\/\"},\"author\":{\"name\":\"Radio Ljubu\u0161ki\",\"@id\":\"https:\\\/\\\/radioljubuski.ba\\\/#\\\/schema\\\/person\\\/19fc700381a780f69665d7956c469e3b\"},\"headline\":\"Horvat nakon poraza od Francuske: Problem je bio u defenzivnom dijelu\",\"datePublished\":\"2021-03-13T08:56:50+00:00\",\"dateModified\":\"2021-03-13T08:56:51+00:00\",\"mainEntityOfPage\":{\"@id\":\"https:\\\/\\\/radioljubuski.ba\\\/index.php\\\/2021\\\/03\\\/13\\\/horvat-nakon-poraza-od-francuske-problem-je-bio-u-defenzivnom-dijelu\\\/\"},\"wordCount\":296,\"publisher\":{\"@id\":\"https:\\\/\\\/radioljubuski.ba\\\/#organization\"},\"image\":{\"@id\":\"https:\\\/\\\/radioljubuski.ba\\\/index.php\\\/2021\\\/03\\\/13\\\/horvat-nakon-poraza-od-francuske-problem-je-bio-u-defenzivnom-dijelu\\\/#primaryimage\"},\"thumbnailUrl\":\"https:\\\/\\\/radioljubuski.ba\\\/wp-content\\\/uploads\\\/2021\\\/03\\\/t-hrvoje-horvat-20210312231049.jpg\",\"articleSection\":[\"BIH i regija\"],\"inLanguage\":\"hr\"},{\"@type\":\"WebPage\",\"@id\":\"https:\\\/\\\/radioljubuski.ba\\\/index.php\\\/2021\\\/03\\\/13\\\/horvat-nakon-poraza-od-francuske-problem-je-bio-u-defenzivnom-dijelu\\\/\",\"url\":\"https:\\\/\\\/radioljubuski.ba\\\/index.php\\\/2021\\\/03\\\/13\\\/horvat-nakon-poraza-od-francuske-problem-je-bio-u-defenzivnom-dijelu\\\/\",\"name\":\"Horvat nakon poraza od Francuske: Problem je bio u defenzivnom dijelu - RADIO LJUBU\u0160KI\",\"isPartOf\":{\"@id\":\"https:\\\/\\\/radioljubuski.ba\\\/#website\"},\"primaryImageOfPage\":{\"@id\":\"https:\\\/\\\/radioljubuski.ba\\\/index.php\\\/2021\\\/03\\\/13\\\/horvat-nakon-poraza-od-francuske-problem-je-bio-u-defenzivnom-dijelu\\\/#primaryimage\"},\"image\":{\"@id\":\"https:\\\/\\\/radioljubuski.ba\\\/index.php\\\/2021\\\/03\\\/13\\\/horvat-nakon-poraza-od-francuske-problem-je-bio-u-defenzivnom-dijelu\\\/#primaryimage\"},\"thumbnailUrl\":\"https:\\\/\\\/radioljubuski.ba\\\/wp-content\\\/uploads\\\/2021\\\/03\\\/t-hrvoje-horvat-20210312231049.jpg\",\"datePublished\":\"2021-03-13T08:56:50+00:00\",\"dateModified\":\"2021-03-13T08:56:51+00:00\",\"breadcrumb\":{\"@id\":\"https:\\\/\\\/radioljubuski.ba\\\/index.php\\\/2021\\\/03\\\/13\\\/horvat-nakon-poraza-od-francuske-problem-je-bio-u-defenzivnom-dijelu\\\/#breadcrumb\"},\"inLanguage\":\"hr\",\"potentialAction\":[{\"@type\":\"ReadAction\",\"target\":[\"https:\\\/\\\/radioljubuski.ba\\\/index.php\\\/2021\\\/03\\\/13\\\/horvat-nakon-poraza-od-francuske-problem-je-bio-u-defenzivnom-dijelu\\\/\"]}]},{\"@type\":\"ImageObject\",\"inLanguage\":\"hr\",\"@id\":\"https:\\\/\\\/radioljubuski.ba\\\/index.php\\\/2021\\\/03\\\/13\\\/horvat-nakon-poraza-od-francuske-problem-je-bio-u-defenzivnom-dijelu\\\/#primaryimage\",\"url\":\"https:\\\/\\\/radioljubuski.ba\\\/wp-content\\\/uploads\\\/2021\\\/03\\\/t-hrvoje-horvat-20210312231049.jpg\",\"contentUrl\":\"https:\\\/\\\/radioljubuski.ba\\\/wp-content\\\/uploads\\\/2021\\\/03\\\/t-hrvoje-horvat-20210312231049.jpg\",\"width\":1509,\"height\":812},{\"@type\":\"BreadcrumbList\",\"@id\":\"https:\\\/\\\/radioljubuski.ba\\\/index.php\\\/2021\\\/03\\\/13\\\/horvat-nakon-poraza-od-francuske-problem-je-bio-u-defenzivnom-dijelu\\\/#breadcrumb\",\"itemListElement\":[{\"@type\":\"ListItem\",\"position\":1,\"name\":\"Po\u010detna stranica\",\"item\":\"https:\\\/\\\/radioljubuski.ba\\\/\"},{\"@type\":\"ListItem\",\"position\":2,\"name\":\"Horvat nakon poraza od Francuske: Problem je bio u defenzivnom dijelu\"}]},{\"@type\":\"WebSite\",\"@id\":\"https:\\\/\\\/radioljubuski.ba\\\/#website\",\"url\":\"https:\\\/\\\/radioljubuski.ba\\\/\",\"name\":\"Radio Ljubu\u0161ki\",\"description\":\"Sun\u010dana frekvencija Hercegovine\",\"publisher\":{\"@id\":\"https:\\\/\\\/radioljubuski.ba\\\/#organization\"},\"potentialAction\":[{\"@type\":\"SearchAction\",\"target\":{\"@type\":\"EntryPoint\",\"urlTemplate\":\"https:\\\/\\\/radioljubuski.ba\\\/?s={search_term_string}\"},\"query-input\":{\"@type\":\"PropertyValueSpecification\",\"valueRequired\":true,\"valueName\":\"search_term_string\"}}],\"inLanguage\":\"hr\"},{\"@type\":\"Organization\",\"@id\":\"https:\\\/\\\/radioljubuski.ba\\\/#organization\",\"name\":\"Radio Ljubu\u0161ki\",\"url\":\"https:\\\/\\\/radioljubuski.ba\\\/\",\"logo\":{\"@type\":\"ImageObject\",\"inLanguage\":\"hr\",\"@id\":\"https:\\\/\\\/radioljubuski.ba\\\/#\\\/schema\\\/logo\\\/image\\\/\",\"url\":\"https:\\\/\\\/radioljubuski.ba\\\/wp-content\\\/uploads\\\/2021\\\/02\\\/cropped-Radio_Ljubuski_logo1.jpg\",\"contentUrl\":\"https:\\\/\\\/radioljubuski.ba\\\/wp-content\\\/uploads\\\/2021\\\/02\\\/cropped-Radio_Ljubuski_logo1.jpg\",\"width\":512,\"height\":512,\"caption\":\"Radio Ljubu\u0161ki\"},\"image\":{\"@id\":\"https:\\\/\\\/radioljubuski.ba\\\/#\\\/schema\\\/logo\\\/image\\\/\"},\"sameAs\":[\"https:\\\/\\\/www.facebook.com\\\/Radiio-Ljubuski-1490835324566332\",\"https:\\\/\\\/x.com\\\/radioljubuski\",\"https:\\\/\\\/hr.linkedin.com\\\/company\\\/radio-ljubuski\",\"https:\\\/\\\/www.youtube.com\\\/channel\\\/UCHYaeO_n0Db3tjNGudGpXyw\"]},{\"@type\":\"Person\",\"@id\":\"https:\\\/\\\/radioljubuski.ba\\\/#\\\/schema\\\/person\\\/19fc700381a780f69665d7956c469e3b\",\"name\":\"Radio Ljubu\u0161ki\"}]}<\/script>\n<!-- \/ Yoast SEO plugin. -->","yoast_head_json":{"title":"Horvat nakon poraza od Francuske: Problem je bio u defenzivnom dijelu - RADIO LJUBU\u0160KI","robots":{"index":"index","follow":"follow","max-snippet":"max-snippet:-1","max-image-preview":"max-image-preview:large","max-video-preview":"max-video-preview:-1"},"canonical":"https:\/\/radioljubuski.ba\/index.php\/2021\/03\/13\/horvat-nakon-poraza-od-francuske-problem-je-bio-u-defenzivnom-dijelu\/","og_locale":"hr_HR","og_type":"article","og_title":"Horvat nakon poraza od Francuske: Problem je bio u defenzivnom dijelu - RADIO LJUBU\u0160KI","og_description":"Hrvatski rukometa\u0161i pora\u017eeni su na otvaranju olimpijskog kvalifikacijskog turnira u Montpellieru od Francuske. Igra\u010di novog izbornika&nbsp;Hrvoja Horvata&nbsp;sjajno su odigrali prvih 45 minuta, imali i +5 protiv doma\u0107ina turnira, no uslijedio je pad u igri \u0161to su Francuzi znali iskoristiti stigav\u0161i do vrijedne pobjede. &#8211; Rezultat govori sam za sebe, da se nismo uspjeli defenzivno dobro [&hellip;]","og_url":"https:\/\/radioljubuski.ba\/index.php\/2021\/03\/13\/horvat-nakon-poraza-od-francuske-problem-je-bio-u-defenzivnom-dijelu\/","og_site_name":"RADIO LJUBU\u0160KI","article_publisher":"https:\/\/www.facebook.com\/Radiio-Ljubuski-1490835324566332","article_published_time":"2021-03-13T08:56:50+00:00","article_modified_time":"2021-03-13T08:56:51+00:00","og_image":[{"width":1509,"height":812,"url":"https:\/\/radioljubuski.ba\/wp-content\/uploads\/2021\/03\/t-hrvoje-horvat-20210312231049.jpg","type":"image\/jpeg"}],"author":"Radio Ljubu\u0161ki","twitter_card":"summary_large_image","twitter_creator":"@radioljubuski","twitter_site":"@radioljubuski","twitter_misc":{"Napisao\/la":"Radio Ljubu\u0161ki","Procijenjeno vrijeme \u010ditanja":"2 minute"},"schema":{"@context":"https:\/\/schema.org","@graph":[{"@type":"Article","@id":"https:\/\/radioljubuski.ba\/index.php\/2021\/03\/13\/horvat-nakon-poraza-od-francuske-problem-je-bio-u-defenzivnom-dijelu\/#article","isPartOf":{"@id":"https:\/\/radioljubuski.ba\/index.php\/2021\/03\/13\/horvat-nakon-poraza-od-francuske-problem-je-bio-u-defenzivnom-dijelu\/"},"author":{"name":"Radio Ljubu\u0161ki","@id":"https:\/\/radioljubuski.ba\/#\/schema\/person\/19fc700381a780f69665d7956c469e3b"},"headline":"Horvat nakon poraza od Francuske: Problem je bio u defenzivnom dijelu","datePublished":"2021-03-13T08:56:50+00:00","dateModified":"2021-03-13T08:56:51+00:00","mainEntityOfPage":{"@id":"https:\/\/radioljubuski.ba\/index.php\/2021\/03\/13\/horvat-nakon-poraza-od-francuske-problem-je-bio-u-defenzivnom-dijelu\/"},"wordCount":296,"publisher":{"@id":"https:\/\/radioljubuski.ba\/#organization"},"image":{"@id":"https:\/\/radioljubuski.ba\/index.php\/2021\/03\/13\/horvat-nakon-poraza-od-francuske-problem-je-bio-u-defenzivnom-dijelu\/#primaryimage"},"thumbnailUrl":"https:\/\/radioljubuski.ba\/wp-content\/uploads\/2021\/03\/t-hrvoje-horvat-20210312231049.jpg","articleSection":["BIH i regija"],"inLanguage":"hr"},{"@type":"WebPage","@id":"https:\/\/radioljubuski.ba\/index.php\/2021\/03\/13\/horvat-nakon-poraza-od-francuske-problem-je-bio-u-defenzivnom-dijelu\/","url":"https:\/\/radioljubuski.ba\/index.php\/2021\/03\/13\/horvat-nakon-poraza-od-francuske-problem-je-bio-u-defenzivnom-dijelu\/","name":"Horvat nakon poraza od Francuske: Problem je bio u defenzivnom dijelu - RADIO LJUBU\u0160KI","isPartOf":{"@id":"https:\/\/radioljubuski.ba\/#website"},"primaryImageOfPage":{"@id":"https:\/\/radioljubuski.ba\/index.php\/2021\/03\/13\/horvat-nakon-poraza-od-francuske-problem-je-bio-u-defenzivnom-dijelu\/#primaryimage"},"image":{"@id":"https:\/\/radioljubuski.ba\/index.php\/2021\/03\/13\/horvat-nakon-poraza-od-francuske-problem-je-bio-u-defenzivnom-dijelu\/#primaryimage"},"thumbnailUrl":"https:\/\/radioljubuski.ba\/wp-content\/uploads\/2021\/03\/t-hrvoje-horvat-20210312231049.jpg","datePublished":"2021-03-13T08:56:50+00:00","dateModified":"2021-03-13T08:56:51+00:00","breadcrumb":{"@id":"https:\/\/radioljubuski.ba\/index.php\/2021\/03\/13\/horvat-nakon-poraza-od-francuske-problem-je-bio-u-defenzivnom-dijelu\/#breadcrumb"},"inLanguage":"hr","potentialAction":[{"@type":"ReadAction","target":["https:\/\/radioljubuski.ba\/index.php\/2021\/03\/13\/horvat-nakon-poraza-od-francuske-problem-je-bio-u-defenzivnom-dijelu\/"]}]},{"@type":"ImageObject","inLanguage":"hr","@id":"https:\/\/radioljubuski.ba\/index.php\/2021\/03\/13\/horvat-nakon-poraza-od-francuske-problem-je-bio-u-defenzivnom-dijelu\/#primaryimage","url":"https:\/\/radioljubuski.ba\/wp-content\/uploads\/2021\/03\/t-hrvoje-horvat-20210312231049.jpg","contentUrl":"https:\/\/radioljubuski.ba\/wp-content\/uploads\/2021\/03\/t-hrvoje-horvat-20210312231049.jpg","width":1509,"height":812},{"@type":"BreadcrumbList","@id":"https:\/\/radioljubuski.ba\/index.php\/2021\/03\/13\/horvat-nakon-poraza-od-francuske-problem-je-bio-u-defenzivnom-dijelu\/#breadcrumb","itemListElement":[{"@type":"ListItem","position":1,"name":"Po\u010detna stranica","item":"https:\/\/radioljubuski.ba\/"},{"@type":"ListItem","position":2,"name":"Horvat nakon poraza od Francuske: Problem je bio u defenzivnom dijelu"}]},{"@type":"WebSite","@id":"https:\/\/radioljubuski.ba\/#website","url":"https:\/\/radioljubuski.ba\/","name":"Radio Ljubu\u0161ki","description":"Sun\u010dana frekvencija Hercegovine","publisher":{"@id":"https:\/\/radioljubuski.ba\/#organization"},"potentialAction":[{"@type":"SearchAction","target":{"@type":"EntryPoint","urlTemplate":"https:\/\/radioljubuski.ba\/?s={search_term_string}"},"query-input":{"@type":"PropertyValueSpecification","valueRequired":true,"valueName":"search_term_string"}}],"inLanguage":"hr"},{"@type":"Organization","@id":"https:\/\/radioljubuski.ba\/#organization","name":"Radio Ljubu\u0161ki","url":"https:\/\/radioljubuski.ba\/","logo":{"@type":"ImageObject","inLanguage":"hr","@id":"https:\/\/radioljubuski.ba\/#\/schema\/logo\/image\/","url":"https:\/\/radioljubuski.ba\/wp-content\/uploads\/2021\/02\/cropped-Radio_Ljubuski_logo1.jpg","contentUrl":"https:\/\/radioljubuski.ba\/wp-content\/uploads\/2021\/02\/cropped-Radio_Ljubuski_logo1.jpg","width":512,"height":512,"caption":"Radio Ljubu\u0161ki"},"image":{"@id":"https:\/\/radioljubuski.ba\/#\/schema\/logo\/image\/"},"sameAs":["https:\/\/www.facebook.com\/Radiio-Ljubuski-1490835324566332","https:\/\/x.com\/radioljubuski","https:\/\/hr.linkedin.com\/company\/radio-ljubuski","https:\/\/www.youtube.com\/channel\/UCHYaeO_n0Db3tjNGudGpXyw"]},{"@type":"Person","@id":"https:\/\/radioljubuski.ba\/#\/schema\/person\/19fc700381a780f69665d7956c469e3b","name":"Radio Ljubu\u0161ki"}]}},"_links":{"self":[{"href":"https:\/\/radioljubuski.ba\/index.php\/wp-json\/wp\/v2\/posts\/3280","targetHints":{"allow":["GET"]}}],"collection":[{"href":"https:\/\/radioljubuski.ba\/index.php\/wp-json\/wp\/v2\/posts"}],"about":[{"href":"https:\/\/radioljubuski.ba\/index.php\/wp-json\/wp\/v2\/types\/post"}],"author":[{"embeddable":true,"href":"https:\/\/radioljubuski.ba\/index.php\/wp-json\/wp\/v2\/users\/2"}],"replies":[{"embeddable":true,"href":"https:\/\/radioljubuski.ba\/index.php\/wp-json\/wp\/v2\/comments?post=3280"}],"version-history":[{"count":1,"href":"https:\/\/radioljubuski.ba\/index.php\/wp-json\/wp\/v2\/posts\/3280\/revisions"}],"predecessor-version":[{"id":3282,"href":"https:\/\/radioljubuski.ba\/index.php\/wp-json\/wp\/v2\/posts\/3280\/revisions\/3282"}],"wp:featuredmedia":[{"embeddable":true,"href":"https:\/\/radioljubuski.ba\/index.php\/wp-json\/wp\/v2\/media\/3281"}],"wp:attachment":[{"href":"https:\/\/radioljubuski.ba\/index.php\/wp-json\/wp\/v2\/media?parent=3280"}],"wp:term":[{"taxonomy":"category","embeddable":true,"href":"https:\/\/radioljubuski.ba\/index.php\/wp-json\/wp\/v2\/categories?post=3280"},{"taxonomy":"post_tag","embeddable":true,"href":"https:\/\/radioljubuski.ba\/index.php\/wp-json\/wp\/v2\/tags?post=3280"}],"curies":[{"name":"wp","href":"https:\/\/api.w.org\/{rel}","templated":true}]}}