{"id":32807,"date":"2021-06-15T16:31:26","date_gmt":"2021-06-15T15:31:26","guid":{"rendered":"https:\/\/radioljubuski.ba\/?p=32807"},"modified":"2021-06-15T16:31:27","modified_gmt":"2021-06-15T15:31:27","slug":"izbornika-kritiziraju-luzeri-sa-selektivnim-pamcenjem","status":"publish","type":"post","link":"https:\/\/radioljubuski.ba\/index.php\/2021\/06\/15\/izbornika-kritiziraju-luzeri-sa-selektivnim-pamcenjem\/","title":{"rendered":"Izbornika kritiziraju &#8220;luzeri&#8221; sa selektivnim pam\u0107enjem"},"content":{"rendered":"\n<p><strong>Hrvatskim nogometa\u0161ima na Europskom prvenstvu nakon poraza od Engleske slijedi &#8220;utakmica istine&#8221; protiv \u010ce\u0161ke, koja je sretno pobijedila \u0160kotsku. O Vatrenima je Petar Vlahov pri\u010dao s Edom Pezzijem i Ivom Mikuli\u010dinom.<\/strong><\/p>\n\n\n\n<p>&#8211; Meni smeta \u0161to izbornika kritiziraju luzeri, ljudi koji ni\u0161ta nisu napravili na svom trenerskom putu, \u010diji trenerski put prate samo smjene i ostavke. Mnogi imaju vrlo selektivno pam\u0107enje, na primjer govori se kako&nbsp;<strong>Kramari\u0107<\/strong>&nbsp;nikad nije igrao desno krilo, \u0161to nije to\u010dno, igrao ga je upravo u onoj va\u017enoj utakmici protiv Ukrajine u Kijevu, kad smo pobijedili 2:0 i trasirali put prema srebru. No razlika je \u0161to je onda u \u0161pici bio&nbsp;<strong>Mand\u017euki\u0107<\/strong>, koji \u0161eta lijevo-desno i i otvara prostor igra\u010dima iz drugog plana, a&nbsp;<strong>Rebi\u0107&nbsp;<\/strong>nema tu naviku. Nije&nbsp;<strong>Dali\u0107u<\/strong>&nbsp;lako, on u naapadu ima velike dvojbe, u \u010distu \u0161picu staviti netipi\u010dne &#8220;devetke&#8221;&nbsp;<strong>Kramari\u0107a<\/strong>&nbsp;i&nbsp;<strong>Petkovi\u0107a<\/strong>, ili&nbsp;<strong>Budimira<\/strong>, koji je \u010dista \u0161pica, ali koji, ruku na srce, nije razina za domete hrvatske reprezentacije. I ne zaboravimo da smo do\u0161li na EP iz jedine skupine iz koje su se \u010dak \u010detiri reprezentacije plasirale na Euro, a mi smo Slovacima, koji su ju\u010der pobijedili Poljsku s&nbsp;<strong>Lewandoskim<\/strong>, u dvije utakmice uvalili sedam komada. Mislim da Dali\u0107 zaslu\u017euje vi\u0161e po\u0161tovanja i strpljenja, ali on mora na\u0107i neku B varijantu za napad, smatra ivo Mikuli\u010din.<\/p>\n\n\n\n<p>Sla\u017ee se donekle Pezzi, ali kao glavni problem ne vidi napad nego ne\u0161to drugo:<\/p>\n\n\n\n<iframe loading=\"lazy\" src=\"https:\/\/www.facebook.com\/plugins\/video.php?height=476&#038;href=https%3A%2F%2Fwww.facebook.com%2FHRTsport%2Fvideos%2F288374439666366%2F&#038;show_text=false&#038;width=476&#038;t=0\" width=\"476\" height=\"476\" style=\"border:none;overflow:hidden\" scrolling=\"no\" frameborder=\"0\" allowfullscreen=\"true\" allow=\"autoplay; clipboard-write; encrypted-media; picture-in-picture; web-share\" allowFullScreen=\"true\"><\/iframe>\n\n\n\n<p>&#8211; Mislim da nisu ba\u0161 tako napali Dali\u0107a kao \u0161to govori Mikuli\u010din, nemam dojam da se i\u0161lo \u0111onom. Najvi\u0161e mi se dopao komentar na\u0161eg samozatajnog trenera Ivana Juri\u0107a, koji u kartici teksta sve sa\u017eeo i rekao istinu. To\u010dno je ovo za napad, ali mene je zabrinulo ne\u0161to puno ozbiljnije. Mi smo mom\u010dad bez strategije i adrenalina, pla\u0161ljiva, nemo\u0107na i odsutna, dok je tako ne\u0107emo &#8220;na zelenu granu&#8221;. Ja sam rekao da imamo tri igra\u010da koji \u0107e sigurno igrati dobro, to su<strong>&nbsp;Modri\u0107<\/strong>,<strong>&nbsp;Brozovi\u0107<\/strong>&nbsp;i vratar. Modri\u0107 je potpuno ugu\u0161en, Brozovi\u0107 izgubljen, ne znam \u0161to mu se dogodilo, jedino je<strong>&nbsp;Livakovi\u0107&nbsp;<\/strong>na visini. Tu gdje smo najja\u010di, taj motor mom\u010dadi, na koji je engleski izbornik&nbsp;<strong>Southgate<\/strong>&nbsp;dao akcent, podbacio je. Na\u0161 glorificirani vezni red nije dao ono \u0161to treba dati, da ta mom\u010dad ima glavu i rep. Sjetite se Rusije, tamo smo dobili Argentinu, to je bio stimulans, to je pokazalo svima da mislim ozbiljno. \u0160to sad napraviti? Evidentno je nezadovoljstvo Lovrena atmosferom na treningu, velik problem je taj zadnji red. Stvar je puno ozbiljnija od toga je li netko desno ili lijevo krilo.<\/p>\n\n\n\n<p>Izvor:hrt.hr<\/p>\n","protected":false},"excerpt":{"rendered":"<p>Hrvatskim nogometa\u0161ima na Europskom prvenstvu nakon poraza od Engleske slijedi &#8220;utakmica istine&#8221; protiv \u010ce\u0161ke, koja je sretno pobijedila \u0160kotsku. O Vatrenima je Petar Vlahov pri\u010dao s Edom Pezzijem i Ivom Mikuli\u010dinom. &#8211; Meni smeta \u0161to izbornika kritiziraju luzeri, ljudi koji ni\u0161ta nisu napravili na svom trenerskom putu, \u010diji trenerski put prate samo smjene i ostavke. [&hellip;]<\/p>\n","protected":false},"author":2,"featured_media":32808,"comment_status":"closed","ping_status":"closed","sticky":false,"template":"","format":"standard","meta":{"h5ap_radio_sources":[],"footnotes":""},"categories":[7],"tags":[],"class_list":["post-32807","post","type-post","status-publish","format-standard","has-post-thumbnail","hentry","category-sport"],"yoast_head":"<!-- This site is optimized with the Yoast SEO plugin v27.5 - https:\/\/yoast.com\/product\/yoast-seo-wordpress\/ -->\n<title>Izbornika kritiziraju &quot;luzeri&quot; sa selektivnim pam\u0107enjem - RADIO LJUBU\u0160KI<\/title>\n<meta name=\"robots\" content=\"index, follow, max-snippet:-1, max-image-preview:large, max-video-preview:-1\" \/>\n<link rel=\"canonical\" href=\"https:\/\/radioljubuski.ba\/index.php\/2021\/06\/15\/izbornika-kritiziraju-luzeri-sa-selektivnim-pamcenjem\/\" \/>\n<meta property=\"og:locale\" content=\"hr_HR\" \/>\n<meta property=\"og:type\" content=\"article\" \/>\n<meta property=\"og:title\" content=\"Izbornika kritiziraju &quot;luzeri&quot; sa selektivnim pam\u0107enjem - RADIO LJUBU\u0160KI\" \/>\n<meta property=\"og:description\" content=\"Hrvatskim nogometa\u0161ima na Europskom prvenstvu nakon poraza od Engleske slijedi &#8220;utakmica istine&#8221; protiv \u010ce\u0161ke, koja je sretno pobijedila \u0160kotsku. O Vatrenima je Petar Vlahov pri\u010dao s Edom Pezzijem i Ivom Mikuli\u010dinom. &#8211; Meni smeta \u0161to izbornika kritiziraju luzeri, ljudi koji ni\u0161ta nisu napravili na svom trenerskom putu, \u010diji trenerski put prate samo smjene i ostavke. [&hellip;]\" \/>\n<meta property=\"og:url\" content=\"https:\/\/radioljubuski.ba\/index.php\/2021\/06\/15\/izbornika-kritiziraju-luzeri-sa-selektivnim-pamcenjem\/\" \/>\n<meta property=\"og:site_name\" content=\"RADIO LJUBU\u0160KI\" \/>\n<meta property=\"article:publisher\" content=\"https:\/\/www.facebook.com\/Radiio-Ljubuski-1490835324566332\" \/>\n<meta property=\"article:published_time\" content=\"2021-06-15T15:31:26+00:00\" \/>\n<meta property=\"article:modified_time\" content=\"2021-06-15T15:31:27+00:00\" \/>\n<meta property=\"og:image\" content=\"https:\/\/radioljubuski.ba\/wp-content\/uploads\/2021\/06\/1506-studio4-pezzi-mikulicin-frame-1072-20210615095849.jpg\" \/>\n\t<meta property=\"og:image:width\" content=\"1920\" \/>\n\t<meta property=\"og:image:height\" content=\"1080\" \/>\n\t<meta property=\"og:image:type\" content=\"image\/jpeg\" \/>\n<meta name=\"author\" content=\"Radio Ljubu\u0161ki\" \/>\n<meta name=\"twitter:card\" content=\"summary_large_image\" \/>\n<meta name=\"twitter:creator\" content=\"@radioljubuski\" \/>\n<meta name=\"twitter:site\" content=\"@radioljubuski\" \/>\n<meta name=\"twitter:label1\" content=\"Napisao\/la\" \/>\n\t<meta name=\"twitter:data1\" content=\"Radio Ljubu\u0161ki\" \/>\n\t<meta name=\"twitter:label2\" content=\"Procijenjeno vrijeme \u010ditanja\" \/>\n\t<meta name=\"twitter:data2\" content=\"2 minute\" \/>\n<script type=\"application\/ld+json\" class=\"yoast-schema-graph\">{\"@context\":\"https:\\\/\\\/schema.org\",\"@graph\":[{\"@type\":\"Article\",\"@id\":\"https:\\\/\\\/radioljubuski.ba\\\/index.php\\\/2021\\\/06\\\/15\\\/izbornika-kritiziraju-luzeri-sa-selektivnim-pamcenjem\\\/#article\",\"isPartOf\":{\"@id\":\"https:\\\/\\\/radioljubuski.ba\\\/index.php\\\/2021\\\/06\\\/15\\\/izbornika-kritiziraju-luzeri-sa-selektivnim-pamcenjem\\\/\"},\"author\":{\"name\":\"Radio Ljubu\u0161ki\",\"@id\":\"https:\\\/\\\/radioljubuski.ba\\\/#\\\/schema\\\/person\\\/19fc700381a780f69665d7956c469e3b\"},\"headline\":\"Izbornika kritiziraju &#8220;luzeri&#8221; sa selektivnim pam\u0107enjem\",\"datePublished\":\"2021-06-15T15:31:26+00:00\",\"dateModified\":\"2021-06-15T15:31:27+00:00\",\"mainEntityOfPage\":{\"@id\":\"https:\\\/\\\/radioljubuski.ba\\\/index.php\\\/2021\\\/06\\\/15\\\/izbornika-kritiziraju-luzeri-sa-selektivnim-pamcenjem\\\/\"},\"wordCount\":480,\"publisher\":{\"@id\":\"https:\\\/\\\/radioljubuski.ba\\\/#organization\"},\"image\":{\"@id\":\"https:\\\/\\\/radioljubuski.ba\\\/index.php\\\/2021\\\/06\\\/15\\\/izbornika-kritiziraju-luzeri-sa-selektivnim-pamcenjem\\\/#primaryimage\"},\"thumbnailUrl\":\"https:\\\/\\\/radioljubuski.ba\\\/wp-content\\\/uploads\\\/2021\\\/06\\\/1506-studio4-pezzi-mikulicin-frame-1072-20210615095849.jpg\",\"articleSection\":[\"\u0160port\"],\"inLanguage\":\"hr\"},{\"@type\":\"WebPage\",\"@id\":\"https:\\\/\\\/radioljubuski.ba\\\/index.php\\\/2021\\\/06\\\/15\\\/izbornika-kritiziraju-luzeri-sa-selektivnim-pamcenjem\\\/\",\"url\":\"https:\\\/\\\/radioljubuski.ba\\\/index.php\\\/2021\\\/06\\\/15\\\/izbornika-kritiziraju-luzeri-sa-selektivnim-pamcenjem\\\/\",\"name\":\"Izbornika kritiziraju \\\"luzeri\\\" sa selektivnim pam\u0107enjem - RADIO LJUBU\u0160KI\",\"isPartOf\":{\"@id\":\"https:\\\/\\\/radioljubuski.ba\\\/#website\"},\"primaryImageOfPage\":{\"@id\":\"https:\\\/\\\/radioljubuski.ba\\\/index.php\\\/2021\\\/06\\\/15\\\/izbornika-kritiziraju-luzeri-sa-selektivnim-pamcenjem\\\/#primaryimage\"},\"image\":{\"@id\":\"https:\\\/\\\/radioljubuski.ba\\\/index.php\\\/2021\\\/06\\\/15\\\/izbornika-kritiziraju-luzeri-sa-selektivnim-pamcenjem\\\/#primaryimage\"},\"thumbnailUrl\":\"https:\\\/\\\/radioljubuski.ba\\\/wp-content\\\/uploads\\\/2021\\\/06\\\/1506-studio4-pezzi-mikulicin-frame-1072-20210615095849.jpg\",\"datePublished\":\"2021-06-15T15:31:26+00:00\",\"dateModified\":\"2021-06-15T15:31:27+00:00\",\"breadcrumb\":{\"@id\":\"https:\\\/\\\/radioljubuski.ba\\\/index.php\\\/2021\\\/06\\\/15\\\/izbornika-kritiziraju-luzeri-sa-selektivnim-pamcenjem\\\/#breadcrumb\"},\"inLanguage\":\"hr\",\"potentialAction\":[{\"@type\":\"ReadAction\",\"target\":[\"https:\\\/\\\/radioljubuski.ba\\\/index.php\\\/2021\\\/06\\\/15\\\/izbornika-kritiziraju-luzeri-sa-selektivnim-pamcenjem\\\/\"]}]},{\"@type\":\"ImageObject\",\"inLanguage\":\"hr\",\"@id\":\"https:\\\/\\\/radioljubuski.ba\\\/index.php\\\/2021\\\/06\\\/15\\\/izbornika-kritiziraju-luzeri-sa-selektivnim-pamcenjem\\\/#primaryimage\",\"url\":\"https:\\\/\\\/radioljubuski.ba\\\/wp-content\\\/uploads\\\/2021\\\/06\\\/1506-studio4-pezzi-mikulicin-frame-1072-20210615095849.jpg\",\"contentUrl\":\"https:\\\/\\\/radioljubuski.ba\\\/wp-content\\\/uploads\\\/2021\\\/06\\\/1506-studio4-pezzi-mikulicin-frame-1072-20210615095849.jpg\",\"width\":1920,\"height\":1080},{\"@type\":\"BreadcrumbList\",\"@id\":\"https:\\\/\\\/radioljubuski.ba\\\/index.php\\\/2021\\\/06\\\/15\\\/izbornika-kritiziraju-luzeri-sa-selektivnim-pamcenjem\\\/#breadcrumb\",\"itemListElement\":[{\"@type\":\"ListItem\",\"position\":1,\"name\":\"Po\u010detna stranica\",\"item\":\"https:\\\/\\\/radioljubuski.ba\\\/\"},{\"@type\":\"ListItem\",\"position\":2,\"name\":\"Izbornika kritiziraju &#8220;luzeri&#8221; sa selektivnim pam\u0107enjem\"}]},{\"@type\":\"WebSite\",\"@id\":\"https:\\\/\\\/radioljubuski.ba\\\/#website\",\"url\":\"https:\\\/\\\/radioljubuski.ba\\\/\",\"name\":\"Radio Ljubu\u0161ki\",\"description\":\"Sun\u010dana frekvencija Hercegovine\",\"publisher\":{\"@id\":\"https:\\\/\\\/radioljubuski.ba\\\/#organization\"},\"potentialAction\":[{\"@type\":\"SearchAction\",\"target\":{\"@type\":\"EntryPoint\",\"urlTemplate\":\"https:\\\/\\\/radioljubuski.ba\\\/?s={search_term_string}\"},\"query-input\":{\"@type\":\"PropertyValueSpecification\",\"valueRequired\":true,\"valueName\":\"search_term_string\"}}],\"inLanguage\":\"hr\"},{\"@type\":\"Organization\",\"@id\":\"https:\\\/\\\/radioljubuski.ba\\\/#organization\",\"name\":\"Radio Ljubu\u0161ki\",\"url\":\"https:\\\/\\\/radioljubuski.ba\\\/\",\"logo\":{\"@type\":\"ImageObject\",\"inLanguage\":\"hr\",\"@id\":\"https:\\\/\\\/radioljubuski.ba\\\/#\\\/schema\\\/logo\\\/image\\\/\",\"url\":\"https:\\\/\\\/radioljubuski.ba\\\/wp-content\\\/uploads\\\/2021\\\/02\\\/cropped-Radio_Ljubuski_logo1.jpg\",\"contentUrl\":\"https:\\\/\\\/radioljubuski.ba\\\/wp-content\\\/uploads\\\/2021\\\/02\\\/cropped-Radio_Ljubuski_logo1.jpg\",\"width\":512,\"height\":512,\"caption\":\"Radio Ljubu\u0161ki\"},\"image\":{\"@id\":\"https:\\\/\\\/radioljubuski.ba\\\/#\\\/schema\\\/logo\\\/image\\\/\"},\"sameAs\":[\"https:\\\/\\\/www.facebook.com\\\/Radiio-Ljubuski-1490835324566332\",\"https:\\\/\\\/x.com\\\/radioljubuski\",\"https:\\\/\\\/hr.linkedin.com\\\/company\\\/radio-ljubuski\",\"https:\\\/\\\/www.youtube.com\\\/channel\\\/UCHYaeO_n0Db3tjNGudGpXyw\"]},{\"@type\":\"Person\",\"@id\":\"https:\\\/\\\/radioljubuski.ba\\\/#\\\/schema\\\/person\\\/19fc700381a780f69665d7956c469e3b\",\"name\":\"Radio Ljubu\u0161ki\"}]}<\/script>\n<!-- \/ Yoast SEO plugin. -->","yoast_head_json":{"title":"Izbornika kritiziraju \"luzeri\" sa selektivnim pam\u0107enjem - RADIO LJUBU\u0160KI","robots":{"index":"index","follow":"follow","max-snippet":"max-snippet:-1","max-image-preview":"max-image-preview:large","max-video-preview":"max-video-preview:-1"},"canonical":"https:\/\/radioljubuski.ba\/index.php\/2021\/06\/15\/izbornika-kritiziraju-luzeri-sa-selektivnim-pamcenjem\/","og_locale":"hr_HR","og_type":"article","og_title":"Izbornika kritiziraju \"luzeri\" sa selektivnim pam\u0107enjem - RADIO LJUBU\u0160KI","og_description":"Hrvatskim nogometa\u0161ima na Europskom prvenstvu nakon poraza od Engleske slijedi &#8220;utakmica istine&#8221; protiv \u010ce\u0161ke, koja je sretno pobijedila \u0160kotsku. O Vatrenima je Petar Vlahov pri\u010dao s Edom Pezzijem i Ivom Mikuli\u010dinom. &#8211; Meni smeta \u0161to izbornika kritiziraju luzeri, ljudi koji ni\u0161ta nisu napravili na svom trenerskom putu, \u010diji trenerski put prate samo smjene i ostavke. [&hellip;]","og_url":"https:\/\/radioljubuski.ba\/index.php\/2021\/06\/15\/izbornika-kritiziraju-luzeri-sa-selektivnim-pamcenjem\/","og_site_name":"RADIO LJUBU\u0160KI","article_publisher":"https:\/\/www.facebook.com\/Radiio-Ljubuski-1490835324566332","article_published_time":"2021-06-15T15:31:26+00:00","article_modified_time":"2021-06-15T15:31:27+00:00","og_image":[{"width":1920,"height":1080,"url":"https:\/\/radioljubuski.ba\/wp-content\/uploads\/2021\/06\/1506-studio4-pezzi-mikulicin-frame-1072-20210615095849.jpg","type":"image\/jpeg"}],"author":"Radio Ljubu\u0161ki","twitter_card":"summary_large_image","twitter_creator":"@radioljubuski","twitter_site":"@radioljubuski","twitter_misc":{"Napisao\/la":"Radio Ljubu\u0161ki","Procijenjeno vrijeme \u010ditanja":"2 minute"},"schema":{"@context":"https:\/\/schema.org","@graph":[{"@type":"Article","@id":"https:\/\/radioljubuski.ba\/index.php\/2021\/06\/15\/izbornika-kritiziraju-luzeri-sa-selektivnim-pamcenjem\/#article","isPartOf":{"@id":"https:\/\/radioljubuski.ba\/index.php\/2021\/06\/15\/izbornika-kritiziraju-luzeri-sa-selektivnim-pamcenjem\/"},"author":{"name":"Radio Ljubu\u0161ki","@id":"https:\/\/radioljubuski.ba\/#\/schema\/person\/19fc700381a780f69665d7956c469e3b"},"headline":"Izbornika kritiziraju &#8220;luzeri&#8221; sa selektivnim pam\u0107enjem","datePublished":"2021-06-15T15:31:26+00:00","dateModified":"2021-06-15T15:31:27+00:00","mainEntityOfPage":{"@id":"https:\/\/radioljubuski.ba\/index.php\/2021\/06\/15\/izbornika-kritiziraju-luzeri-sa-selektivnim-pamcenjem\/"},"wordCount":480,"publisher":{"@id":"https:\/\/radioljubuski.ba\/#organization"},"image":{"@id":"https:\/\/radioljubuski.ba\/index.php\/2021\/06\/15\/izbornika-kritiziraju-luzeri-sa-selektivnim-pamcenjem\/#primaryimage"},"thumbnailUrl":"https:\/\/radioljubuski.ba\/wp-content\/uploads\/2021\/06\/1506-studio4-pezzi-mikulicin-frame-1072-20210615095849.jpg","articleSection":["\u0160port"],"inLanguage":"hr"},{"@type":"WebPage","@id":"https:\/\/radioljubuski.ba\/index.php\/2021\/06\/15\/izbornika-kritiziraju-luzeri-sa-selektivnim-pamcenjem\/","url":"https:\/\/radioljubuski.ba\/index.php\/2021\/06\/15\/izbornika-kritiziraju-luzeri-sa-selektivnim-pamcenjem\/","name":"Izbornika kritiziraju \"luzeri\" sa selektivnim pam\u0107enjem - RADIO LJUBU\u0160KI","isPartOf":{"@id":"https:\/\/radioljubuski.ba\/#website"},"primaryImageOfPage":{"@id":"https:\/\/radioljubuski.ba\/index.php\/2021\/06\/15\/izbornika-kritiziraju-luzeri-sa-selektivnim-pamcenjem\/#primaryimage"},"image":{"@id":"https:\/\/radioljubuski.ba\/index.php\/2021\/06\/15\/izbornika-kritiziraju-luzeri-sa-selektivnim-pamcenjem\/#primaryimage"},"thumbnailUrl":"https:\/\/radioljubuski.ba\/wp-content\/uploads\/2021\/06\/1506-studio4-pezzi-mikulicin-frame-1072-20210615095849.jpg","datePublished":"2021-06-15T15:31:26+00:00","dateModified":"2021-06-15T15:31:27+00:00","breadcrumb":{"@id":"https:\/\/radioljubuski.ba\/index.php\/2021\/06\/15\/izbornika-kritiziraju-luzeri-sa-selektivnim-pamcenjem\/#breadcrumb"},"inLanguage":"hr","potentialAction":[{"@type":"ReadAction","target":["https:\/\/radioljubuski.ba\/index.php\/2021\/06\/15\/izbornika-kritiziraju-luzeri-sa-selektivnim-pamcenjem\/"]}]},{"@type":"ImageObject","inLanguage":"hr","@id":"https:\/\/radioljubuski.ba\/index.php\/2021\/06\/15\/izbornika-kritiziraju-luzeri-sa-selektivnim-pamcenjem\/#primaryimage","url":"https:\/\/radioljubuski.ba\/wp-content\/uploads\/2021\/06\/1506-studio4-pezzi-mikulicin-frame-1072-20210615095849.jpg","contentUrl":"https:\/\/radioljubuski.ba\/wp-content\/uploads\/2021\/06\/1506-studio4-pezzi-mikulicin-frame-1072-20210615095849.jpg","width":1920,"height":1080},{"@type":"BreadcrumbList","@id":"https:\/\/radioljubuski.ba\/index.php\/2021\/06\/15\/izbornika-kritiziraju-luzeri-sa-selektivnim-pamcenjem\/#breadcrumb","itemListElement":[{"@type":"ListItem","position":1,"name":"Po\u010detna stranica","item":"https:\/\/radioljubuski.ba\/"},{"@type":"ListItem","position":2,"name":"Izbornika kritiziraju &#8220;luzeri&#8221; sa selektivnim pam\u0107enjem"}]},{"@type":"WebSite","@id":"https:\/\/radioljubuski.ba\/#website","url":"https:\/\/radioljubuski.ba\/","name":"Radio Ljubu\u0161ki","description":"Sun\u010dana frekvencija Hercegovine","publisher":{"@id":"https:\/\/radioljubuski.ba\/#organization"},"potentialAction":[{"@type":"SearchAction","target":{"@type":"EntryPoint","urlTemplate":"https:\/\/radioljubuski.ba\/?s={search_term_string}"},"query-input":{"@type":"PropertyValueSpecification","valueRequired":true,"valueName":"search_term_string"}}],"inLanguage":"hr"},{"@type":"Organization","@id":"https:\/\/radioljubuski.ba\/#organization","name":"Radio Ljubu\u0161ki","url":"https:\/\/radioljubuski.ba\/","logo":{"@type":"ImageObject","inLanguage":"hr","@id":"https:\/\/radioljubuski.ba\/#\/schema\/logo\/image\/","url":"https:\/\/radioljubuski.ba\/wp-content\/uploads\/2021\/02\/cropped-Radio_Ljubuski_logo1.jpg","contentUrl":"https:\/\/radioljubuski.ba\/wp-content\/uploads\/2021\/02\/cropped-Radio_Ljubuski_logo1.jpg","width":512,"height":512,"caption":"Radio Ljubu\u0161ki"},"image":{"@id":"https:\/\/radioljubuski.ba\/#\/schema\/logo\/image\/"},"sameAs":["https:\/\/www.facebook.com\/Radiio-Ljubuski-1490835324566332","https:\/\/x.com\/radioljubuski","https:\/\/hr.linkedin.com\/company\/radio-ljubuski","https:\/\/www.youtube.com\/channel\/UCHYaeO_n0Db3tjNGudGpXyw"]},{"@type":"Person","@id":"https:\/\/radioljubuski.ba\/#\/schema\/person\/19fc700381a780f69665d7956c469e3b","name":"Radio Ljubu\u0161ki"}]}},"_links":{"self":[{"href":"https:\/\/radioljubuski.ba\/index.php\/wp-json\/wp\/v2\/posts\/32807","targetHints":{"allow":["GET"]}}],"collection":[{"href":"https:\/\/radioljubuski.ba\/index.php\/wp-json\/wp\/v2\/posts"}],"about":[{"href":"https:\/\/radioljubuski.ba\/index.php\/wp-json\/wp\/v2\/types\/post"}],"author":[{"embeddable":true,"href":"https:\/\/radioljubuski.ba\/index.php\/wp-json\/wp\/v2\/users\/2"}],"replies":[{"embeddable":true,"href":"https:\/\/radioljubuski.ba\/index.php\/wp-json\/wp\/v2\/comments?post=32807"}],"version-history":[{"count":1,"href":"https:\/\/radioljubuski.ba\/index.php\/wp-json\/wp\/v2\/posts\/32807\/revisions"}],"predecessor-version":[{"id":32809,"href":"https:\/\/radioljubuski.ba\/index.php\/wp-json\/wp\/v2\/posts\/32807\/revisions\/32809"}],"wp:featuredmedia":[{"embeddable":true,"href":"https:\/\/radioljubuski.ba\/index.php\/wp-json\/wp\/v2\/media\/32808"}],"wp:attachment":[{"href":"https:\/\/radioljubuski.ba\/index.php\/wp-json\/wp\/v2\/media?parent=32807"}],"wp:term":[{"taxonomy":"category","embeddable":true,"href":"https:\/\/radioljubuski.ba\/index.php\/wp-json\/wp\/v2\/categories?post=32807"},{"taxonomy":"post_tag","embeddable":true,"href":"https:\/\/radioljubuski.ba\/index.php\/wp-json\/wp\/v2\/tags?post=32807"}],"curies":[{"name":"wp","href":"https:\/\/api.w.org\/{rel}","templated":true}]}}