{"id":3286,"date":"2021-03-13T09:59:45","date_gmt":"2021-03-13T08:59:45","guid":{"rendered":"https:\/\/radioljubuski.ba\/?p=3286"},"modified":"2021-03-13T09:59:46","modified_gmt":"2021-03-13T08:59:46","slug":"vrijedao-je-ispricao-se-pa-je-ponovno-uvrijedio-odrzano-prvo-rociste-u-slucaju-matanica-i-influencerice-stankovic","status":"publish","type":"post","link":"https:\/\/radioljubuski.ba\/index.php\/2021\/03\/13\/vrijedao-je-ispricao-se-pa-je-ponovno-uvrijedio-odrzano-prvo-rociste-u-slucaju-matanica-i-influencerice-stankovic\/","title":{"rendered":"Vrije\u0111ao je, ispri\u010dao se, pa je ponovno uvrijedio: Odr\u017eano prvo ro\u010di\u0161te u slu\u010daju Matani\u0107a i influencerice Stankovi\u0107"},"content":{"rendered":"\n<p>Redatelj Dalibor Matani\u0107 pro\u0161le godine napao je mladu influencericu Doris te ju je u ime \u201cradni\u010dke klase koja je sve svoje morala zaraditi radom\u201d prozvao \u201cinfluenserskom spodobom\u201d. Dodatno, ustvrdio je da je \u201cinfluenserstvo koje ho\u0107e stvari d\u017eaba rezevirano za \u0161ljam\u201d.<\/p>\n\n\n\n<p>Matani\u0107 se nakon burnih reakcija, ispri\u010dao Doris Stankovi\u0107 poru\u010div\u0161i joj \u201cti u svojima 20-tima ne zaslu\u017euje\u0161 moju o\u0161tricu koju sam uputio sistemu koji je omogu\u0107io da bude\u0161 krivo navo\u0111ena..\u201d te ju pozvao na ve\u010deru. Me\u0111utim, redatelj Matani\u0107 se nakon toga ponovno oglasio putem dru\u0161tvenih mre\u017ea te povukao ispriku na sve uvrede koje je uputio Doris \u2013 zato jer je, nakon objave tjednika Novosti koji kontrolira Milorad Pupovac, otkrio da Doris podr\u017eava pravo na \u017eivot nero\u0111ene djece te tako\u0111er zagovara i neke druge konzervativne stavove.<\/p>\n\n\n\n<p>Infuencerica Stankovi\u0107 ga je odlu\u010dila kazneno progoniti za klevetu i uvredu, a na Op\u0107inskom kaznenom sudu u Zagrebu ju\u010der je odr\u017eano ro\u010di\u0161te za mirenje. Imaju vremena do lipnja za izgla\u0111ivanje odnosa, a ako se to ne dogodi \u2013 Matani\u0107u \u0107e se suditi.<\/p>\n\n\n\n<p>Stankovi\u0107 u tu\u017ebi tra\u017ei da se za izre\u010denu klevetu redatelja kazni sa 250 dnevnih dohodaka, a za uvredu sa 150, pi\u0161e&nbsp;<a href=\"https:\/\/narod.hr\/hrvatska\/matanic-prvo-izvrijedao-influencericu-doris-pa-joj-se-ispricao-i-pozvao-je-na-veceru-a-onda-je-opet-izvrijedao-zbog-pro-life-stava\">Jutarnji list.<\/a><\/p>\n\n\n\n<p>U obrazlo\u017eenju tu\u017ebe stoji da je Matani\u0107 30. kolovoza 2020. godine ni\u010dim izazvan, iako se ni jedna okolnost doga\u0111aja koji je bio motiv za ono \u0161to je napisao nije odnosila na njega, na svom Facebook profilu naveo za Stankovi\u0107 da je \u201cinfluencerska spodoba\u2026 neuka, \u0161ljam, neradni\u010dka bagra i vrije\u0111ao je zbog pripadnosti dru\u0161tvenoj skupini influenceri\u201d.<\/p>\n\n\n\n<p>Dan poslije oti\u0161ao je korak dalje napisav\u0161i ispod statusa komentar: \u201cJa sam druga\u010dije odgojen \u2013 po meni netko da ubere $100000 mora imati je\u2026. obrazovanje \u2013 to \u0161to je tako lak\u0161e korporacijama \u2013 ne \u010dini tu neuku klinku nimalo fora\u201d.<\/p>\n\n\n\n<p>Klevetni\u010dke i uvredljive navode prenijeli su, navodi se u tu\u017ebi, mnogi mediji i internetski portali u Hrvatskoj i susjedstvu, pri \u010demu se isti\u010de da ima mnogo pratitelja i u zemljama u okru\u017eenju pa su ti navodi postali pristupa\u010dni ve\u0107em broju osoba, \u010dime su joj nanesene te\u0161ke dru\u0161tvene posljedice pred ve\u0107im brojem ljudi, a osobito onih iz bli\u017ee \u017eivotne i radne okoline.<\/p>\n\n\n\n<p><strong>Kako je sve po\u010delo?<\/strong><\/p>\n\n\n\n<p>Doris je u fokus medija do\u0161la nakon \u0161to je predlo\u017eila suradnju restoranu&nbsp; privatnom porukom. U poruci je napisala: \u201dPozdrav. Zanima me jeste li zainteresirani za kompenzaciju putem Instagram storya\u201d, budu\u0107i da ima vi\u0161e od 250.000 pratitelja na TikToku i oko 80.000 pratitelja na Instagramu.<\/p>\n\n\n\n<p>Iz restorana su odgovorili: \u201c\u2026 i \u0161to onda, mi vas po\u010dastimo i \u0161to smo time dobili? Da se netko sprda s nama \u0161to smo na va\u0161em Instagram storyju? Va\u0161a poruka je u najmanju ruku smije\u0161na, to mo\u017ee tra\u017eiti i dobiti Madonna, Serena Williams, Will Smith.. Nema d\u017eabe ni kod stare babe\u201d. Ponudili su joj da obrok plati, a oni \u0107e uplatiti u humanitarne svrhe, na \u0161to je Doris kazala da su neprofesionalni.<\/p>\n\n\n\n<p>Nakon toga iz restorana su odgovorili: \u201ce ba\u0161 ste humani, prosite okolo da zadovoljite svoju gladnu prdaru, svi mi koji smo pro\u010ditali va\u0161e poruke smo zaklju\u010dili da ste obi\u010dna guska!\u201d. Nakon takvog odgovora, Doris je kao influencerica podijelila svoje iskustvo na dru\u0161tvenim mre\u017eama ne imenuju\u0107i restoran.<\/p>\n\n\n\n<p><strong>Hrsti\u0107: Za\u0161to Matani\u0107 ne kopa krumpire?<\/strong><\/p>\n\n\n\n<p>Ovaj slu\u010daj komentirao je i kolumnist&nbsp;<a href=\"https:\/\/www.vecernji.hr\/premium\/javno-silovanje-influencerice-zasto-matanic-ne-kopa-krumpire-1428504\">Ve\u010dernjeg lista<\/a>&nbsp;Ivan Hrsti\u0107 koji je izme\u0111u ostaloga napisao:<\/p>\n\n\n\n<p>\u201cMatani\u0107 o\u010dito ne shva\u0107a da je \u201cutjecajni\u0161tvo\u201d samo jo\u0161 jedan oblik marketinga u cijelom svijetu, te da je restoran mogao isto tako pristojno odbiti ponudu \u201cutjecajnice\u201d kao i neke mrvicu ozbiljnije marketin\u0161ke agencije koja bi mu ponudila kampanju. \u010cinjenica je da uz mno\u0161tvo neuspje\u0161nih ima i uspje\u0161nih \u201cutjecajnika\u201d, \u0161to pak pokazuje da ima i onih koji su njihove usluge spremni platiti. Oni moraju itekako ozbiljno raditi za svoje rezultate.<\/p>\n\n\n\n<p>No, jo\u0161 gore, Matani\u0107 ne shva\u0107a da za mrave s po\u010detka pri\u010de on nije nikakav predstavnik radni\u010dke klase, ve\u0107 samo jo\u0161 jedan uhljeb, koji, za razliku od \u201cinfluencerice\u201d, novac za svoje projekte, kao i za ugodan \u017eivot, ne \u017eica od gra\u0111ana, ve\u0107 ga on preko politi\u010dki namje\u0161tenih komesara za kulturu redovito dobiva, odnosno uzima iz \u2013 prora\u010duna. Da je ovisio isklju\u010divo o prodanim kino ulaznicama, te\u0161ko da bi ne\u0161to bilo od njegove karijere.\u201d<\/p>\n\n\n\n<p><em>Izvor: narod.hr\/jutarnji.hr<\/em><\/p>\n","protected":false},"excerpt":{"rendered":"<p>Redatelj Dalibor Matani\u0107 pro\u0161le godine napao je mladu influencericu Doris te ju je u ime \u201cradni\u010dke klase koja je sve svoje morala zaraditi radom\u201d prozvao \u201cinfluenserskom spodobom\u201d. Dodatno, ustvrdio je da je \u201cinfluenserstvo koje ho\u0107e stvari d\u017eaba rezevirano za \u0161ljam\u201d. Matani\u0107 se nakon burnih reakcija, ispri\u010dao Doris Stankovi\u0107 poru\u010div\u0161i joj \u201cti u svojima 20-tima ne [&hellip;]<\/p>\n","protected":false},"author":2,"featured_media":3287,"comment_status":"closed","ping_status":"closed","sticky":false,"template":"","format":"standard","meta":{"h5ap_radio_sources":[],"footnotes":""},"categories":[1],"tags":[],"class_list":["post-3286","post","type-post","status-publish","format-standard","has-post-thumbnail","hentry","category-bihiregija"],"yoast_head":"<!-- This site is optimized with the Yoast SEO plugin v27.5 - https:\/\/yoast.com\/product\/yoast-seo-wordpress\/ -->\n<title>Vrije\u0111ao je, ispri\u010dao se, pa je ponovno uvrijedio: Odr\u017eano prvo ro\u010di\u0161te u slu\u010daju Matani\u0107a i influencerice Stankovi\u0107 - RADIO LJUBU\u0160KI<\/title>\n<meta name=\"robots\" content=\"index, follow, max-snippet:-1, max-image-preview:large, max-video-preview:-1\" \/>\n<link rel=\"canonical\" href=\"https:\/\/radioljubuski.ba\/index.php\/2021\/03\/13\/vrijedao-je-ispricao-se-pa-je-ponovno-uvrijedio-odrzano-prvo-rociste-u-slucaju-matanica-i-influencerice-stankovic\/\" \/>\n<meta property=\"og:locale\" content=\"hr_HR\" \/>\n<meta property=\"og:type\" content=\"article\" \/>\n<meta property=\"og:title\" content=\"Vrije\u0111ao je, ispri\u010dao se, pa je ponovno uvrijedio: Odr\u017eano prvo ro\u010di\u0161te u slu\u010daju Matani\u0107a i influencerice Stankovi\u0107 - RADIO LJUBU\u0160KI\" \/>\n<meta property=\"og:description\" content=\"Redatelj Dalibor Matani\u0107 pro\u0161le godine napao je mladu influencericu Doris te ju je u ime \u201cradni\u010dke klase koja je sve svoje morala zaraditi radom\u201d prozvao \u201cinfluenserskom spodobom\u201d. Dodatno, ustvrdio je da je \u201cinfluenserstvo koje ho\u0107e stvari d\u017eaba rezevirano za \u0161ljam\u201d. Matani\u0107 se nakon burnih reakcija, ispri\u010dao Doris Stankovi\u0107 poru\u010div\u0161i joj \u201cti u svojima 20-tima ne [&hellip;]\" \/>\n<meta property=\"og:url\" content=\"https:\/\/radioljubuski.ba\/index.php\/2021\/03\/13\/vrijedao-je-ispricao-se-pa-je-ponovno-uvrijedio-odrzano-prvo-rociste-u-slucaju-matanica-i-influencerice-stankovic\/\" \/>\n<meta property=\"og:site_name\" content=\"RADIO LJUBU\u0160KI\" \/>\n<meta property=\"article:publisher\" content=\"https:\/\/www.facebook.com\/Radiio-Ljubuski-1490835324566332\" \/>\n<meta property=\"article:published_time\" content=\"2021-03-13T08:59:45+00:00\" \/>\n<meta property=\"article:modified_time\" content=\"2021-03-13T08:59:46+00:00\" \/>\n<meta property=\"og:image\" content=\"https:\/\/radioljubuski.ba\/wp-content\/uploads\/2021\/03\/Matanic-Doris-696x522-1.jpg\" \/>\n\t<meta property=\"og:image:width\" content=\"696\" \/>\n\t<meta property=\"og:image:height\" content=\"522\" \/>\n\t<meta property=\"og:image:type\" content=\"image\/jpeg\" \/>\n<meta name=\"author\" content=\"Radio Ljubu\u0161ki\" \/>\n<meta name=\"twitter:card\" content=\"summary_large_image\" \/>\n<meta name=\"twitter:creator\" content=\"@radioljubuski\" \/>\n<meta name=\"twitter:site\" content=\"@radioljubuski\" \/>\n<meta name=\"twitter:label1\" content=\"Napisao\/la\" \/>\n\t<meta name=\"twitter:data1\" content=\"Radio Ljubu\u0161ki\" \/>\n\t<meta name=\"twitter:label2\" content=\"Procijenjeno vrijeme \u010ditanja\" \/>\n\t<meta name=\"twitter:data2\" content=\"3 minute\" \/>\n<script type=\"application\/ld+json\" class=\"yoast-schema-graph\">{\"@context\":\"https:\\\/\\\/schema.org\",\"@graph\":[{\"@type\":\"Article\",\"@id\":\"https:\\\/\\\/radioljubuski.ba\\\/index.php\\\/2021\\\/03\\\/13\\\/vrijedao-je-ispricao-se-pa-je-ponovno-uvrijedio-odrzano-prvo-rociste-u-slucaju-matanica-i-influencerice-stankovic\\\/#article\",\"isPartOf\":{\"@id\":\"https:\\\/\\\/radioljubuski.ba\\\/index.php\\\/2021\\\/03\\\/13\\\/vrijedao-je-ispricao-se-pa-je-ponovno-uvrijedio-odrzano-prvo-rociste-u-slucaju-matanica-i-influencerice-stankovic\\\/\"},\"author\":{\"name\":\"Radio Ljubu\u0161ki\",\"@id\":\"https:\\\/\\\/radioljubuski.ba\\\/#\\\/schema\\\/person\\\/19fc700381a780f69665d7956c469e3b\"},\"headline\":\"Vrije\u0111ao je, ispri\u010dao se, pa je ponovno uvrijedio: Odr\u017eano prvo ro\u010di\u0161te u slu\u010daju Matani\u0107a i influencerice Stankovi\u0107\",\"datePublished\":\"2021-03-13T08:59:45+00:00\",\"dateModified\":\"2021-03-13T08:59:46+00:00\",\"mainEntityOfPage\":{\"@id\":\"https:\\\/\\\/radioljubuski.ba\\\/index.php\\\/2021\\\/03\\\/13\\\/vrijedao-je-ispricao-se-pa-je-ponovno-uvrijedio-odrzano-prvo-rociste-u-slucaju-matanica-i-influencerice-stankovic\\\/\"},\"wordCount\":785,\"publisher\":{\"@id\":\"https:\\\/\\\/radioljubuski.ba\\\/#organization\"},\"image\":{\"@id\":\"https:\\\/\\\/radioljubuski.ba\\\/index.php\\\/2021\\\/03\\\/13\\\/vrijedao-je-ispricao-se-pa-je-ponovno-uvrijedio-odrzano-prvo-rociste-u-slucaju-matanica-i-influencerice-stankovic\\\/#primaryimage\"},\"thumbnailUrl\":\"https:\\\/\\\/radioljubuski.ba\\\/wp-content\\\/uploads\\\/2021\\\/03\\\/Matanic-Doris-696x522-1.jpg\",\"articleSection\":[\"BIH i regija\"],\"inLanguage\":\"hr\"},{\"@type\":\"WebPage\",\"@id\":\"https:\\\/\\\/radioljubuski.ba\\\/index.php\\\/2021\\\/03\\\/13\\\/vrijedao-je-ispricao-se-pa-je-ponovno-uvrijedio-odrzano-prvo-rociste-u-slucaju-matanica-i-influencerice-stankovic\\\/\",\"url\":\"https:\\\/\\\/radioljubuski.ba\\\/index.php\\\/2021\\\/03\\\/13\\\/vrijedao-je-ispricao-se-pa-je-ponovno-uvrijedio-odrzano-prvo-rociste-u-slucaju-matanica-i-influencerice-stankovic\\\/\",\"name\":\"Vrije\u0111ao je, ispri\u010dao se, pa je ponovno uvrijedio: Odr\u017eano prvo ro\u010di\u0161te u slu\u010daju Matani\u0107a i influencerice Stankovi\u0107 - RADIO LJUBU\u0160KI\",\"isPartOf\":{\"@id\":\"https:\\\/\\\/radioljubuski.ba\\\/#website\"},\"primaryImageOfPage\":{\"@id\":\"https:\\\/\\\/radioljubuski.ba\\\/index.php\\\/2021\\\/03\\\/13\\\/vrijedao-je-ispricao-se-pa-je-ponovno-uvrijedio-odrzano-prvo-rociste-u-slucaju-matanica-i-influencerice-stankovic\\\/#primaryimage\"},\"image\":{\"@id\":\"https:\\\/\\\/radioljubuski.ba\\\/index.php\\\/2021\\\/03\\\/13\\\/vrijedao-je-ispricao-se-pa-je-ponovno-uvrijedio-odrzano-prvo-rociste-u-slucaju-matanica-i-influencerice-stankovic\\\/#primaryimage\"},\"thumbnailUrl\":\"https:\\\/\\\/radioljubuski.ba\\\/wp-content\\\/uploads\\\/2021\\\/03\\\/Matanic-Doris-696x522-1.jpg\",\"datePublished\":\"2021-03-13T08:59:45+00:00\",\"dateModified\":\"2021-03-13T08:59:46+00:00\",\"breadcrumb\":{\"@id\":\"https:\\\/\\\/radioljubuski.ba\\\/index.php\\\/2021\\\/03\\\/13\\\/vrijedao-je-ispricao-se-pa-je-ponovno-uvrijedio-odrzano-prvo-rociste-u-slucaju-matanica-i-influencerice-stankovic\\\/#breadcrumb\"},\"inLanguage\":\"hr\",\"potentialAction\":[{\"@type\":\"ReadAction\",\"target\":[\"https:\\\/\\\/radioljubuski.ba\\\/index.php\\\/2021\\\/03\\\/13\\\/vrijedao-je-ispricao-se-pa-je-ponovno-uvrijedio-odrzano-prvo-rociste-u-slucaju-matanica-i-influencerice-stankovic\\\/\"]}]},{\"@type\":\"ImageObject\",\"inLanguage\":\"hr\",\"@id\":\"https:\\\/\\\/radioljubuski.ba\\\/index.php\\\/2021\\\/03\\\/13\\\/vrijedao-je-ispricao-se-pa-je-ponovno-uvrijedio-odrzano-prvo-rociste-u-slucaju-matanica-i-influencerice-stankovic\\\/#primaryimage\",\"url\":\"https:\\\/\\\/radioljubuski.ba\\\/wp-content\\\/uploads\\\/2021\\\/03\\\/Matanic-Doris-696x522-1.jpg\",\"contentUrl\":\"https:\\\/\\\/radioljubuski.ba\\\/wp-content\\\/uploads\\\/2021\\\/03\\\/Matanic-Doris-696x522-1.jpg\",\"width\":696,\"height\":522},{\"@type\":\"BreadcrumbList\",\"@id\":\"https:\\\/\\\/radioljubuski.ba\\\/index.php\\\/2021\\\/03\\\/13\\\/vrijedao-je-ispricao-se-pa-je-ponovno-uvrijedio-odrzano-prvo-rociste-u-slucaju-matanica-i-influencerice-stankovic\\\/#breadcrumb\",\"itemListElement\":[{\"@type\":\"ListItem\",\"position\":1,\"name\":\"Po\u010detna stranica\",\"item\":\"https:\\\/\\\/radioljubuski.ba\\\/\"},{\"@type\":\"ListItem\",\"position\":2,\"name\":\"Vrije\u0111ao je, ispri\u010dao se, pa je ponovno uvrijedio: Odr\u017eano prvo ro\u010di\u0161te u slu\u010daju Matani\u0107a i influencerice Stankovi\u0107\"}]},{\"@type\":\"WebSite\",\"@id\":\"https:\\\/\\\/radioljubuski.ba\\\/#website\",\"url\":\"https:\\\/\\\/radioljubuski.ba\\\/\",\"name\":\"Radio Ljubu\u0161ki\",\"description\":\"Sun\u010dana frekvencija Hercegovine\",\"publisher\":{\"@id\":\"https:\\\/\\\/radioljubuski.ba\\\/#organization\"},\"potentialAction\":[{\"@type\":\"SearchAction\",\"target\":{\"@type\":\"EntryPoint\",\"urlTemplate\":\"https:\\\/\\\/radioljubuski.ba\\\/?s={search_term_string}\"},\"query-input\":{\"@type\":\"PropertyValueSpecification\",\"valueRequired\":true,\"valueName\":\"search_term_string\"}}],\"inLanguage\":\"hr\"},{\"@type\":\"Organization\",\"@id\":\"https:\\\/\\\/radioljubuski.ba\\\/#organization\",\"name\":\"Radio Ljubu\u0161ki\",\"url\":\"https:\\\/\\\/radioljubuski.ba\\\/\",\"logo\":{\"@type\":\"ImageObject\",\"inLanguage\":\"hr\",\"@id\":\"https:\\\/\\\/radioljubuski.ba\\\/#\\\/schema\\\/logo\\\/image\\\/\",\"url\":\"https:\\\/\\\/radioljubuski.ba\\\/wp-content\\\/uploads\\\/2021\\\/02\\\/cropped-Radio_Ljubuski_logo1.jpg\",\"contentUrl\":\"https:\\\/\\\/radioljubuski.ba\\\/wp-content\\\/uploads\\\/2021\\\/02\\\/cropped-Radio_Ljubuski_logo1.jpg\",\"width\":512,\"height\":512,\"caption\":\"Radio Ljubu\u0161ki\"},\"image\":{\"@id\":\"https:\\\/\\\/radioljubuski.ba\\\/#\\\/schema\\\/logo\\\/image\\\/\"},\"sameAs\":[\"https:\\\/\\\/www.facebook.com\\\/Radiio-Ljubuski-1490835324566332\",\"https:\\\/\\\/x.com\\\/radioljubuski\",\"https:\\\/\\\/hr.linkedin.com\\\/company\\\/radio-ljubuski\",\"https:\\\/\\\/www.youtube.com\\\/channel\\\/UCHYaeO_n0Db3tjNGudGpXyw\"]},{\"@type\":\"Person\",\"@id\":\"https:\\\/\\\/radioljubuski.ba\\\/#\\\/schema\\\/person\\\/19fc700381a780f69665d7956c469e3b\",\"name\":\"Radio Ljubu\u0161ki\"}]}<\/script>\n<!-- \/ Yoast SEO plugin. -->","yoast_head_json":{"title":"Vrije\u0111ao je, ispri\u010dao se, pa je ponovno uvrijedio: Odr\u017eano prvo ro\u010di\u0161te u slu\u010daju Matani\u0107a i influencerice Stankovi\u0107 - RADIO LJUBU\u0160KI","robots":{"index":"index","follow":"follow","max-snippet":"max-snippet:-1","max-image-preview":"max-image-preview:large","max-video-preview":"max-video-preview:-1"},"canonical":"https:\/\/radioljubuski.ba\/index.php\/2021\/03\/13\/vrijedao-je-ispricao-se-pa-je-ponovno-uvrijedio-odrzano-prvo-rociste-u-slucaju-matanica-i-influencerice-stankovic\/","og_locale":"hr_HR","og_type":"article","og_title":"Vrije\u0111ao je, ispri\u010dao se, pa je ponovno uvrijedio: Odr\u017eano prvo ro\u010di\u0161te u slu\u010daju Matani\u0107a i influencerice Stankovi\u0107 - RADIO LJUBU\u0160KI","og_description":"Redatelj Dalibor Matani\u0107 pro\u0161le godine napao je mladu influencericu Doris te ju je u ime \u201cradni\u010dke klase koja je sve svoje morala zaraditi radom\u201d prozvao \u201cinfluenserskom spodobom\u201d. Dodatno, ustvrdio je da je \u201cinfluenserstvo koje ho\u0107e stvari d\u017eaba rezevirano za \u0161ljam\u201d. Matani\u0107 se nakon burnih reakcija, ispri\u010dao Doris Stankovi\u0107 poru\u010div\u0161i joj \u201cti u svojima 20-tima ne [&hellip;]","og_url":"https:\/\/radioljubuski.ba\/index.php\/2021\/03\/13\/vrijedao-je-ispricao-se-pa-je-ponovno-uvrijedio-odrzano-prvo-rociste-u-slucaju-matanica-i-influencerice-stankovic\/","og_site_name":"RADIO LJUBU\u0160KI","article_publisher":"https:\/\/www.facebook.com\/Radiio-Ljubuski-1490835324566332","article_published_time":"2021-03-13T08:59:45+00:00","article_modified_time":"2021-03-13T08:59:46+00:00","og_image":[{"width":696,"height":522,"url":"https:\/\/radioljubuski.ba\/wp-content\/uploads\/2021\/03\/Matanic-Doris-696x522-1.jpg","type":"image\/jpeg"}],"author":"Radio Ljubu\u0161ki","twitter_card":"summary_large_image","twitter_creator":"@radioljubuski","twitter_site":"@radioljubuski","twitter_misc":{"Napisao\/la":"Radio Ljubu\u0161ki","Procijenjeno vrijeme \u010ditanja":"3 minute"},"schema":{"@context":"https:\/\/schema.org","@graph":[{"@type":"Article","@id":"https:\/\/radioljubuski.ba\/index.php\/2021\/03\/13\/vrijedao-je-ispricao-se-pa-je-ponovno-uvrijedio-odrzano-prvo-rociste-u-slucaju-matanica-i-influencerice-stankovic\/#article","isPartOf":{"@id":"https:\/\/radioljubuski.ba\/index.php\/2021\/03\/13\/vrijedao-je-ispricao-se-pa-je-ponovno-uvrijedio-odrzano-prvo-rociste-u-slucaju-matanica-i-influencerice-stankovic\/"},"author":{"name":"Radio Ljubu\u0161ki","@id":"https:\/\/radioljubuski.ba\/#\/schema\/person\/19fc700381a780f69665d7956c469e3b"},"headline":"Vrije\u0111ao je, ispri\u010dao se, pa je ponovno uvrijedio: Odr\u017eano prvo ro\u010di\u0161te u slu\u010daju Matani\u0107a i influencerice Stankovi\u0107","datePublished":"2021-03-13T08:59:45+00:00","dateModified":"2021-03-13T08:59:46+00:00","mainEntityOfPage":{"@id":"https:\/\/radioljubuski.ba\/index.php\/2021\/03\/13\/vrijedao-je-ispricao-se-pa-je-ponovno-uvrijedio-odrzano-prvo-rociste-u-slucaju-matanica-i-influencerice-stankovic\/"},"wordCount":785,"publisher":{"@id":"https:\/\/radioljubuski.ba\/#organization"},"image":{"@id":"https:\/\/radioljubuski.ba\/index.php\/2021\/03\/13\/vrijedao-je-ispricao-se-pa-je-ponovno-uvrijedio-odrzano-prvo-rociste-u-slucaju-matanica-i-influencerice-stankovic\/#primaryimage"},"thumbnailUrl":"https:\/\/radioljubuski.ba\/wp-content\/uploads\/2021\/03\/Matanic-Doris-696x522-1.jpg","articleSection":["BIH i regija"],"inLanguage":"hr"},{"@type":"WebPage","@id":"https:\/\/radioljubuski.ba\/index.php\/2021\/03\/13\/vrijedao-je-ispricao-se-pa-je-ponovno-uvrijedio-odrzano-prvo-rociste-u-slucaju-matanica-i-influencerice-stankovic\/","url":"https:\/\/radioljubuski.ba\/index.php\/2021\/03\/13\/vrijedao-je-ispricao-se-pa-je-ponovno-uvrijedio-odrzano-prvo-rociste-u-slucaju-matanica-i-influencerice-stankovic\/","name":"Vrije\u0111ao je, ispri\u010dao se, pa je ponovno uvrijedio: Odr\u017eano prvo ro\u010di\u0161te u slu\u010daju Matani\u0107a i influencerice Stankovi\u0107 - RADIO LJUBU\u0160KI","isPartOf":{"@id":"https:\/\/radioljubuski.ba\/#website"},"primaryImageOfPage":{"@id":"https:\/\/radioljubuski.ba\/index.php\/2021\/03\/13\/vrijedao-je-ispricao-se-pa-je-ponovno-uvrijedio-odrzano-prvo-rociste-u-slucaju-matanica-i-influencerice-stankovic\/#primaryimage"},"image":{"@id":"https:\/\/radioljubuski.ba\/index.php\/2021\/03\/13\/vrijedao-je-ispricao-se-pa-je-ponovno-uvrijedio-odrzano-prvo-rociste-u-slucaju-matanica-i-influencerice-stankovic\/#primaryimage"},"thumbnailUrl":"https:\/\/radioljubuski.ba\/wp-content\/uploads\/2021\/03\/Matanic-Doris-696x522-1.jpg","datePublished":"2021-03-13T08:59:45+00:00","dateModified":"2021-03-13T08:59:46+00:00","breadcrumb":{"@id":"https:\/\/radioljubuski.ba\/index.php\/2021\/03\/13\/vrijedao-je-ispricao-se-pa-je-ponovno-uvrijedio-odrzano-prvo-rociste-u-slucaju-matanica-i-influencerice-stankovic\/#breadcrumb"},"inLanguage":"hr","potentialAction":[{"@type":"ReadAction","target":["https:\/\/radioljubuski.ba\/index.php\/2021\/03\/13\/vrijedao-je-ispricao-se-pa-je-ponovno-uvrijedio-odrzano-prvo-rociste-u-slucaju-matanica-i-influencerice-stankovic\/"]}]},{"@type":"ImageObject","inLanguage":"hr","@id":"https:\/\/radioljubuski.ba\/index.php\/2021\/03\/13\/vrijedao-je-ispricao-se-pa-je-ponovno-uvrijedio-odrzano-prvo-rociste-u-slucaju-matanica-i-influencerice-stankovic\/#primaryimage","url":"https:\/\/radioljubuski.ba\/wp-content\/uploads\/2021\/03\/Matanic-Doris-696x522-1.jpg","contentUrl":"https:\/\/radioljubuski.ba\/wp-content\/uploads\/2021\/03\/Matanic-Doris-696x522-1.jpg","width":696,"height":522},{"@type":"BreadcrumbList","@id":"https:\/\/radioljubuski.ba\/index.php\/2021\/03\/13\/vrijedao-je-ispricao-se-pa-je-ponovno-uvrijedio-odrzano-prvo-rociste-u-slucaju-matanica-i-influencerice-stankovic\/#breadcrumb","itemListElement":[{"@type":"ListItem","position":1,"name":"Po\u010detna stranica","item":"https:\/\/radioljubuski.ba\/"},{"@type":"ListItem","position":2,"name":"Vrije\u0111ao je, ispri\u010dao se, pa je ponovno uvrijedio: Odr\u017eano prvo ro\u010di\u0161te u slu\u010daju Matani\u0107a i influencerice Stankovi\u0107"}]},{"@type":"WebSite","@id":"https:\/\/radioljubuski.ba\/#website","url":"https:\/\/radioljubuski.ba\/","name":"Radio Ljubu\u0161ki","description":"Sun\u010dana frekvencija Hercegovine","publisher":{"@id":"https:\/\/radioljubuski.ba\/#organization"},"potentialAction":[{"@type":"SearchAction","target":{"@type":"EntryPoint","urlTemplate":"https:\/\/radioljubuski.ba\/?s={search_term_string}"},"query-input":{"@type":"PropertyValueSpecification","valueRequired":true,"valueName":"search_term_string"}}],"inLanguage":"hr"},{"@type":"Organization","@id":"https:\/\/radioljubuski.ba\/#organization","name":"Radio Ljubu\u0161ki","url":"https:\/\/radioljubuski.ba\/","logo":{"@type":"ImageObject","inLanguage":"hr","@id":"https:\/\/radioljubuski.ba\/#\/schema\/logo\/image\/","url":"https:\/\/radioljubuski.ba\/wp-content\/uploads\/2021\/02\/cropped-Radio_Ljubuski_logo1.jpg","contentUrl":"https:\/\/radioljubuski.ba\/wp-content\/uploads\/2021\/02\/cropped-Radio_Ljubuski_logo1.jpg","width":512,"height":512,"caption":"Radio Ljubu\u0161ki"},"image":{"@id":"https:\/\/radioljubuski.ba\/#\/schema\/logo\/image\/"},"sameAs":["https:\/\/www.facebook.com\/Radiio-Ljubuski-1490835324566332","https:\/\/x.com\/radioljubuski","https:\/\/hr.linkedin.com\/company\/radio-ljubuski","https:\/\/www.youtube.com\/channel\/UCHYaeO_n0Db3tjNGudGpXyw"]},{"@type":"Person","@id":"https:\/\/radioljubuski.ba\/#\/schema\/person\/19fc700381a780f69665d7956c469e3b","name":"Radio Ljubu\u0161ki"}]}},"_links":{"self":[{"href":"https:\/\/radioljubuski.ba\/index.php\/wp-json\/wp\/v2\/posts\/3286","targetHints":{"allow":["GET"]}}],"collection":[{"href":"https:\/\/radioljubuski.ba\/index.php\/wp-json\/wp\/v2\/posts"}],"about":[{"href":"https:\/\/radioljubuski.ba\/index.php\/wp-json\/wp\/v2\/types\/post"}],"author":[{"embeddable":true,"href":"https:\/\/radioljubuski.ba\/index.php\/wp-json\/wp\/v2\/users\/2"}],"replies":[{"embeddable":true,"href":"https:\/\/radioljubuski.ba\/index.php\/wp-json\/wp\/v2\/comments?post=3286"}],"version-history":[{"count":1,"href":"https:\/\/radioljubuski.ba\/index.php\/wp-json\/wp\/v2\/posts\/3286\/revisions"}],"predecessor-version":[{"id":3288,"href":"https:\/\/radioljubuski.ba\/index.php\/wp-json\/wp\/v2\/posts\/3286\/revisions\/3288"}],"wp:featuredmedia":[{"embeddable":true,"href":"https:\/\/radioljubuski.ba\/index.php\/wp-json\/wp\/v2\/media\/3287"}],"wp:attachment":[{"href":"https:\/\/radioljubuski.ba\/index.php\/wp-json\/wp\/v2\/media?parent=3286"}],"wp:term":[{"taxonomy":"category","embeddable":true,"href":"https:\/\/radioljubuski.ba\/index.php\/wp-json\/wp\/v2\/categories?post=3286"},{"taxonomy":"post_tag","embeddable":true,"href":"https:\/\/radioljubuski.ba\/index.php\/wp-json\/wp\/v2\/tags?post=3286"}],"curies":[{"name":"wp","href":"https:\/\/api.w.org\/{rel}","templated":true}]}}